{"id":123979,"date":"2021-09-30T16:22:29","date_gmt":"2021-09-30T23:22:29","guid":{"rendered":"https:\/\/www.sonoraenequipo.com.mx\/?p=123979"},"modified":"2021-09-30T16:37:07","modified_gmt":"2021-09-30T23:37:07","slug":"camara-de-diputdos-cita-a-lorenzo-cordova-para-que-explique-gasto-de-19-mil-millones-de-pesos","status":"publish","type":"post","link":"https:\/\/www.sonoraenequipo.com.mx\/camara-de-diputdos-cita-a-lorenzo-cordova-para-que-explique-gasto-de-19-mil-millones-de-pesos\/","title":{"rendered":"C\u00e1mara de Diputados cita a Lorenzo C\u00f3rdova para que explique gasto de 19 mil millones de pesos"},"content":{"rendered":"<p>CIUDAD DE M\u00c9XICO. MX. \u2014 La Junta de Coordinaci\u00f3n Pol\u00edtica de la C\u00e1mara de Diputados, aprob\u00f3 citar a comparecer ante el pleno al presidente del INE, Lorenzo C\u00f3rdova, para que explique la solicitud de casi 19 mil millones de pesos de presupuesto para 2022, pues a los legisladores les parece un monto exagerado.<\/p>\n<p>&nbsp;<\/p>\n<p> <\/p>\n<p>&nbsp;<\/p>\n<p>Luego de la reuni\u00f3n privada de este jueves (30.09.2021) entre los coordinadores parlamentarios de todos los partidos en la C\u00e1mara Baja, el vicecoordinador del PT, Gerardo Fern\u00e1ndez Noro\u00f1a, anunci\u00f3 que se trata de una cantidad inaceptable por ello se citar\u00e1 a Lorenzo C\u00f3rdova para que rindas cuentas ante los representantes populares.<\/p>\n<p>&nbsp;<\/p>\n<p><em>\u201cAcabamos e acordar que vamos a invitar a comparecer al presidente del INE, para que nos explique por qu\u00e9 quiere casi 19 mil millones de pesos de presupuesto, eso es una locura. Y si no le otorgamos ese presupuesto va a decir que no le alcanza para la revocaci\u00f3n o ratificaci\u00f3n del mandato que se har\u00e1 sobre el compa\u00f1ero Presidente el 21 de marzo del 202. Entonces, es un tema relevant\u00edsimo, no puede repetirse lo que sucedi\u00f3 con la consulta del primero de agosto, por lo tanto, fue un acuerdo un\u00e1nime ante el pleno de la C\u00e1mara\u201d.<\/em><\/p>\n<p>&nbsp;<\/p>\n<p>El legislador del PT dijo que la fecha de la comparecencia del presidente el INE ante el pleno de San L\u00e1zaro para que explique porque quiere tanto dinero ser\u00e1 en las pr\u00f3ximas semanas, poco antes de que se apruebe el Presupuesto 2002 por ah\u00ed de mediados de noviembre.<\/p>\n<p>&nbsp;<\/p>\n<p><em>\u201cCasi once mil millones, si no mal recuerdo, solo para su funcionamiento, casi 4 mil millones para la consulta y luego quiere dos mil millones m\u00e1s para una posible consulta adicional, \u00bfCu\u00e1l?, con el compromiso de que si no haya otra consulta lo regresa, no, hombre a ver qui\u00e9n le cree semejante patra\u00f1a. Entonces, si es muy importante que venga al pleno y que d\u00e9 la cara, hay much\u00edsima irritaci\u00f3n con una serie de planteamientos de esa magnitud y si ser\u00e1 ante de que resolvamos el Presupuesto\u201d.<\/em><\/p>\n<p>&nbsp;<\/p>\n<p>Gerardo Fern\u00e1ndez Noro\u00f1a consider\u00f3 que la comparecencia del presidente del INE permitir\u00e1 a los diputados despejar algunas dudas sobre la organizaci\u00f3n de la consulta para la revocaci\u00f3n o no del mandato del presidente L\u00f3pez Obrador.<\/p>\n<p>&nbsp;<\/p>\n<p>&nbsp;<\/p>\n<p>&nbsp;<\/p>\n<p>(Publicada el 30\/09\/2021)<\/p>\n","protected":false},"excerpt":{"rendered":"<p>CIUDAD DE M\u00c9XICO. MX. \u2014 La Junta de Coordinaci\u00f3n Pol\u00edtica de la C\u00e1mara de Diputados,&#8230;<\/p>\n","protected":false},"author":1,"featured_media":123983,"comment_status":"open","ping_status":"open","sticky":false,"template":"","format":"standard","meta":{"_monsterinsights_skip_tracking":false,"_monsterinsights_sitenote_active":false,"_monsterinsights_sitenote_note":"","_monsterinsights_sitenote_category":0,"footnotes":""},"categories":[5],"tags":[],"class_list":["post"],"yoast_head":" \n<title>Sonora en Equipo. C\u00e1mara de Diputados cita a Lorenzo C\u00f3rdova para que explique gasto de 19 mil millones de pesos Rep\u00fablica<\/title>\n<meta name=\"description\" content=\"CIUDAD DE M\u00c9XICO. MX. \u2014 La Junta de Coordinaci\u00f3n Pol\u00edtica de la C\u00e1mara de Diputados, aprob\u00f3 citar a comparecer ante el pleno al presidente del INE, En Sonora en Equipo publicamos toda la informaci\u00f3n de Sonora, M\u00e9xico y el Mundo de manera oportuna y busca que la libertad de expresi\u00f3n sea real. Visita nuestro medio informativo publicado desde Hermosillo, Sonora. %\" \/>\n<meta name=\"robots\" content=\"index, follow, max-snippet:-1, max-image-preview:large, max-video-preview:-1\" \/>\n<link rel=\"canonical\" href=\"https:\/\/www.sonoraenequipo.com.mx\/camara-de-diputdos-cita-a-lorenzo-cordova-para-que-explique-gasto-de-19-mil-millones-de-pesos\/\" \/>\n<meta property=\"og:locale\" content=\"es_ES\" \/>\n<meta property=\"og:type\" content=\"article\" \/>\n<meta property=\"og:title\" content=\"Sonora en Equipo. C\u00e1mara de Diputados cita a Lorenzo C\u00f3rdova para que explique gasto de 19 mil millones de pesos Rep\u00fablica\" \/>\n<meta property=\"og:description\" content=\"CIUDAD DE M\u00c9XICO. MX. \u2014 La Junta de Coordinaci\u00f3n Pol\u00edtica de la C\u00e1mara de Diputados, aprob\u00f3 citar a comparecer ante el pleno al presidente del INE, En Sonora en Equipo publicamos toda la informaci\u00f3n de Sonora, M\u00e9xico y el Mundo de manera oportuna y busca que la libertad de expresi\u00f3n sea real. Visita nuestro medio informativo publicado desde Hermosillo, Sonora. %\" \/>\n<meta property=\"og:url\" content=\"https:\/\/www.sonoraenequipo.com.mx\/camara-de-diputdos-cita-a-lorenzo-cordova-para-que-explique-gasto-de-19-mil-millones-de-pesos\/\" \/>\n<meta property=\"og:site_name\" content=\"Sonora en Equipo.\" \/>\n<meta property=\"article:publisher\" content=\"https:\/\/www.facebook.com\/SonoraEE\/\" \/>\n<meta property=\"article:author\" content=\"https:\/\/www.facebook.com\/SonoraEE\" \/>\n<meta property=\"article:published_time\" content=\"2021-09-30T23:22:29+00:00\" \/>\n<meta property=\"article:modified_time\" content=\"2021-09-30T23:37:07+00:00\" \/>\n<meta property=\"og:image\" content=\"https:\/\/www.sonoraenequipo.com.mx\/storage\/2021\/09\/fernandez-norona_opt.jpg\" \/>\n\t<meta property=\"og:image:width\" content=\"700\" \/>\n\t<meta property=\"og:image:height\" content=\"400\" \/>\n\t<meta property=\"og:image:type\" content=\"image\/jpeg\" \/>\n<meta name=\"author\" content=\"enequipo\" \/>\n<meta name=\"twitter:card\" content=\"summary_large_image\" \/>\n<meta name=\"twitter:creator\" content=\"@sonoraenequipo\" \/>\n<meta name=\"twitter:site\" content=\"@sonoraenequipo\" \/>\n<meta name=\"twitter:label1\" content=\"Escrito por\" \/>\n\t<meta name=\"twitter:data1\" content=\"enequipo\" \/>\n\t<meta name=\"twitter:label2\" content=\"Tiempo de lectura\" \/>\n\t<meta name=\"twitter:data2\" content=\"2 minutos\" \/>\n<script type=\"application\/ld+json\" class=\"yoast-schema-graph\">{\"@context\":\"https:\/\/schema.org\",\"@graph\":[{\"@type\":\"Article\",\"@id\":\"https:\/\/www.sonoraenequipo.com.mx\/camara-de-diputdos-cita-a-lorenzo-cordova-para-que-explique-gasto-de-19-mil-millones-de-pesos\/#article\",\"isPartOf\":{\"@id\":\"https:\/\/www.sonoraenequipo.com.mx\/camara-de-diputdos-cita-a-lorenzo-cordova-para-que-explique-gasto-de-19-mil-millones-de-pesos\/\"},\"author\":{\"name\":\"enequipo\",\"@id\":\"https:\/\/www.sonoraenequipo.com.mx\/#\/schema\/person\/50102df0fb23a8fa9e8effad8fa81386\"},\"headline\":\"C\u00e1mara de Diputados cita a Lorenzo C\u00f3rdova para que explique gasto de 19 mil millones de pesos\",\"datePublished\":\"2021-09-30T23:22:29+00:00\",\"dateModified\":\"2021-09-30T23:37:07+00:00\",\"mainEntityOfPage\":{\"@id\":\"https:\/\/www.sonoraenequipo.com.mx\/camara-de-diputdos-cita-a-lorenzo-cordova-para-que-explique-gasto-de-19-mil-millones-de-pesos\/\"},\"wordCount\":420,\"commentCount\":0,\"publisher\":{\"@id\":\"https:\/\/www.sonoraenequipo.com.mx\/#organization\"},\"image\":{\"@id\":\"https:\/\/www.sonoraenequipo.com.mx\/camara-de-diputdos-cita-a-lorenzo-cordova-para-que-explique-gasto-de-19-mil-millones-de-pesos\/#primaryimage\"},\"thumbnailUrl\":\"https:\/\/www.sonoraenequipo.com.mx\/storage\/2021\/09\/fernandez-norona_opt.jpg\",\"articleSection\":[\"Rep\u00fablica\"],\"inLanguage\":\"es\",\"potentialAction\":[{\"@type\":\"CommentAction\",\"name\":\"Comment\",\"target\":[\"https:\/\/www.sonoraenequipo.com.mx\/camara-de-diputdos-cita-a-lorenzo-cordova-para-que-explique-gasto-de-19-mil-millones-de-pesos\/#respond\"]}]},{\"@type\":\"WebPage\",\"@id\":\"https:\/\/www.sonoraenequipo.com.mx\/camara-de-diputdos-cita-a-lorenzo-cordova-para-que-explique-gasto-de-19-mil-millones-de-pesos\/\",\"url\":\"https:\/\/www.sonoraenequipo.com.mx\/camara-de-diputdos-cita-a-lorenzo-cordova-para-que-explique-gasto-de-19-mil-millones-de-pesos\/\",\"name\":\"Sonora en Equipo. C\u00e1mara de Diputados cita a Lorenzo C\u00f3rdova para que explique gasto de 19 mil millones de pesos Rep\u00fablica\",\"isPartOf\":{\"@id\":\"https:\/\/www.sonoraenequipo.com.mx\/#website\"},\"primaryImageOfPage\":{\"@id\":\"https:\/\/www.sonoraenequipo.com.mx\/camara-de-diputdos-cita-a-lorenzo-cordova-para-que-explique-gasto-de-19-mil-millones-de-pesos\/#primaryimage\"},\"image\":{\"@id\":\"https:\/\/www.sonoraenequipo.com.mx\/camara-de-diputdos-cita-a-lorenzo-cordova-para-que-explique-gasto-de-19-mil-millones-de-pesos\/#primaryimage\"},\"thumbnailUrl\":\"https:\/\/www.sonoraenequipo.com.mx\/storage\/2021\/09\/fernandez-norona_opt.jpg\",\"datePublished\":\"2021-09-30T23:22:29+00:00\",\"dateModified\":\"2021-09-30T23:37:07+00:00\",\"description\":\"CIUDAD DE M\u00c9XICO. MX. \u2014 La Junta de Coordinaci\u00f3n Pol\u00edtica de la C\u00e1mara de Diputados, aprob\u00f3 citar a comparecer ante el pleno al presidente del INE, En Sonora en Equipo publicamos toda la informaci\u00f3n de Sonora, M\u00e9xico y el Mundo de manera oportuna y busca que la libertad de expresi\u00f3n sea real. Visita nuestro medio informativo publicado desde Hermosillo, Sonora. %\",\"breadcrumb\":{\"@id\":\"https:\/\/www.sonoraenequipo.com.mx\/camara-de-diputdos-cita-a-lorenzo-cordova-para-que-explique-gasto-de-19-mil-millones-de-pesos\/#breadcrumb\"},\"inLanguage\":\"es\",\"potentialAction\":[{\"@type\":\"ReadAction\",\"target\":[\"https:\/\/www.sonoraenequipo.com.mx\/camara-de-diputdos-cita-a-lorenzo-cordova-para-que-explique-gasto-de-19-mil-millones-de-pesos\/\"]}]},{\"@type\":\"ImageObject\",\"inLanguage\":\"es\",\"@id\":\"https:\/\/www.sonoraenequipo.com.mx\/camara-de-diputdos-cita-a-lorenzo-cordova-para-que-explique-gasto-de-19-mil-millones-de-pesos\/#primaryimage\",\"url\":\"https:\/\/www.sonoraenequipo.com.mx\/storage\/2021\/09\/fernandez-norona_opt.jpg\",\"contentUrl\":\"https:\/\/www.sonoraenequipo.com.mx\/storage\/2021\/09\/fernandez-norona_opt.jpg\",\"width\":700,\"height\":400},{\"@type\":\"BreadcrumbList\",\"@id\":\"https:\/\/www.sonoraenequipo.com.mx\/camara-de-diputdos-cita-a-lorenzo-cordova-para-que-explique-gasto-de-19-mil-millones-de-pesos\/#breadcrumb\",\"itemListElement\":[{\"@type\":\"ListItem\",\"position\":1,\"name\":\"Portada\",\"item\":\"https:\/\/www.sonoraenequipo.com.mx\/\"},{\"@type\":\"ListItem\",\"position\":2,\"name\":\"C\u00e1mara de Diputados cita a Lorenzo C\u00f3rdova para que explique gasto de 19 mil millones de pesos\"}]},{\"@type\":\"WebSite\",\"@id\":\"https:\/\/www.sonoraenequipo.com.mx\/#website\",\"url\":\"https:\/\/www.sonoraenequipo.com.mx\/\",\"name\":\"Sonora en Equipo.\",\"description\":\"Diario en l\u00ednea con Noticias desde Hermosillo, Sonora\",\"publisher\":{\"@id\":\"https:\/\/www.sonoraenequipo.com.mx\/#organization\"},\"potentialAction\":[{\"@type\":\"SearchAction\",\"target\":{\"@type\":\"EntryPoint\",\"urlTemplate\":\"https:\/\/www.sonoraenequipo.com.mx\/?s={search_term_string}\"},\"query-input\":{\"@type\":\"PropertyValueSpecification\",\"valueRequired\":true,\"valueName\":\"search_term_string\"}}],\"inLanguage\":\"es\"},{\"@type\":\"Organization\",\"@id\":\"https:\/\/www.sonoraenequipo.com.mx\/#organization\",\"name\":\"Sonoraenequipo.com.mx\",\"url\":\"https:\/\/www.sonoraenequipo.com.mx\/\",\"logo\":{\"@type\":\"ImageObject\",\"inLanguage\":\"es\",\"@id\":\"https:\/\/www.sonoraenequipo.com.mx\/#\/schema\/logo\/image\/\",\"url\":\"https:\/\/www.sonoraenequipo.com.mx\/storage\/2019\/01\/sonoraenequipo_opt.png\",\"contentUrl\":\"https:\/\/www.sonoraenequipo.com.mx\/storage\/2019\/01\/sonoraenequipo_opt.png\",\"width\":375,\"height\":125,\"caption\":\"Sonoraenequipo.com.mx\"},\"image\":{\"@id\":\"https:\/\/www.sonoraenequipo.com.mx\/#\/schema\/logo\/image\/\"},\"sameAs\":[\"https:\/\/www.facebook.com\/SonoraEE\/\",\"https:\/\/x.com\/sonoraenequipo\",\"https:\/\/www.youtube.com\/channel\/UC338nW-lPEYmJQs4ZABQ1SQ\"]},{\"@type\":\"Person\",\"@id\":\"https:\/\/www.sonoraenequipo.com.mx\/#\/schema\/person\/50102df0fb23a8fa9e8effad8fa81386\",\"name\":\"enequipo\",\"image\":{\"@type\":\"ImageObject\",\"inLanguage\":\"es\",\"@id\":\"https:\/\/www.sonoraenequipo.com.mx\/#\/schema\/person\/image\/\",\"url\":\"https:\/\/secure.gravatar.com\/avatar\/049821681b589dabc0bc20695993ccebb09f5b5d4d790cd9251b97faac7c652b?s=96&d=blank&r=g\",\"contentUrl\":\"https:\/\/secure.gravatar.com\/avatar\/049821681b589dabc0bc20695993ccebb09f5b5d4d790cd9251b97faac7c652b?s=96&d=blank&r=g\",\"caption\":\"enequipo\"},\"sameAs\":[\"https:\/\/www.facebook.com\/SonoraEE\"]}]}<\/script>\n ","yoast_head_json":{"title":"Sonora en Equipo. C\u00e1mara de Diputados cita a Lorenzo C\u00f3rdova para que explique gasto de 19 mil millones de pesos Rep\u00fablica","description":"CIUDAD DE M\u00c9XICO. MX. \u2014 La Junta de Coordinaci\u00f3n Pol\u00edtica de la C\u00e1mara de Diputados, aprob\u00f3 citar a comparecer ante el pleno al presidente del INE, En Sonora en Equipo publicamos toda la informaci\u00f3n de Sonora, M\u00e9xico y el Mundo de manera oportuna y busca que la libertad de expresi\u00f3n sea real. Visita nuestro medio informativo publicado desde Hermosillo, Sonora. %","robots":{"index":"index","follow":"follow","max-snippet":"max-snippet:-1","max-image-preview":"max-image-preview:large","max-video-preview":"max-video-preview:-1"},"canonical":"https:\/\/www.sonoraenequipo.com.mx\/camara-de-diputdos-cita-a-lorenzo-cordova-para-que-explique-gasto-de-19-mil-millones-de-pesos\/","og_locale":"es_ES","og_type":"article","og_title":"Sonora en Equipo. C\u00e1mara de Diputados cita a Lorenzo C\u00f3rdova para que explique gasto de 19 mil millones de pesos Rep\u00fablica","og_description":"CIUDAD DE M\u00c9XICO. MX. \u2014 La Junta de Coordinaci\u00f3n Pol\u00edtica de la C\u00e1mara de Diputados, aprob\u00f3 citar a comparecer ante el pleno al presidente del INE, En Sonora en Equipo publicamos toda la informaci\u00f3n de Sonora, M\u00e9xico y el Mundo de manera oportuna y busca que la libertad de expresi\u00f3n sea real. Visita nuestro medio informativo publicado desde Hermosillo, Sonora. %","og_url":"https:\/\/www.sonoraenequipo.com.mx\/camara-de-diputdos-cita-a-lorenzo-cordova-para-que-explique-gasto-de-19-mil-millones-de-pesos\/","og_site_name":"Sonora en Equipo.","article_publisher":"https:\/\/www.facebook.com\/SonoraEE\/","article_author":"https:\/\/www.facebook.com\/SonoraEE","article_published_time":"2021-09-30T23:22:29+00:00","article_modified_time":"2021-09-30T23:37:07+00:00","og_image":[{"width":700,"height":400,"url":"https:\/\/www.sonoraenequipo.com.mx\/storage\/2021\/09\/fernandez-norona_opt.jpg","type":"image\/jpeg"}],"author":"enequipo","twitter_card":"summary_large_image","twitter_creator":"@sonoraenequipo","twitter_site":"@sonoraenequipo","twitter_misc":{"Escrito por":"enequipo","Tiempo de lectura":"2 minutos"},"schema":{"@context":"https:\/\/schema.org","@graph":[{"@type":"Article","@id":"https:\/\/www.sonoraenequipo.com.mx\/camara-de-diputdos-cita-a-lorenzo-cordova-para-que-explique-gasto-de-19-mil-millones-de-pesos\/#article","isPartOf":{"@id":"https:\/\/www.sonoraenequipo.com.mx\/camara-de-diputdos-cita-a-lorenzo-cordova-para-que-explique-gasto-de-19-mil-millones-de-pesos\/"},"author":{"name":"enequipo","@id":"https:\/\/www.sonoraenequipo.com.mx\/#\/schema\/person\/50102df0fb23a8fa9e8effad8fa81386"},"headline":"C\u00e1mara de Diputados cita a Lorenzo C\u00f3rdova para que explique gasto de 19 mil millones de pesos","datePublished":"2021-09-30T23:22:29+00:00","dateModified":"2021-09-30T23:37:07+00:00","mainEntityOfPage":{"@id":"https:\/\/www.sonoraenequipo.com.mx\/camara-de-diputdos-cita-a-lorenzo-cordova-para-que-explique-gasto-de-19-mil-millones-de-pesos\/"},"wordCount":420,"commentCount":0,"publisher":{"@id":"https:\/\/www.sonoraenequipo.com.mx\/#organization"},"image":{"@id":"https:\/\/www.sonoraenequipo.com.mx\/camara-de-diputdos-cita-a-lorenzo-cordova-para-que-explique-gasto-de-19-mil-millones-de-pesos\/#primaryimage"},"thumbnailUrl":"https:\/\/www.sonoraenequipo.com.mx\/storage\/2021\/09\/fernandez-norona_opt.jpg","articleSection":["Rep\u00fablica"],"inLanguage":"es","potentialAction":[{"@type":"CommentAction","name":"Comment","target":["https:\/\/www.sonoraenequipo.com.mx\/camara-de-diputdos-cita-a-lorenzo-cordova-para-que-explique-gasto-de-19-mil-millones-de-pesos\/#respond"]}]},{"@type":"WebPage","@id":"https:\/\/www.sonoraenequipo.com.mx\/camara-de-diputdos-cita-a-lorenzo-cordova-para-que-explique-gasto-de-19-mil-millones-de-pesos\/","url":"https:\/\/www.sonoraenequipo.com.mx\/camara-de-diputdos-cita-a-lorenzo-cordova-para-que-explique-gasto-de-19-mil-millones-de-pesos\/","name":"Sonora en Equipo. C\u00e1mara de Diputados cita a Lorenzo C\u00f3rdova para que explique gasto de 19 mil millones de pesos Rep\u00fablica","isPartOf":{"@id":"https:\/\/www.sonoraenequipo.com.mx\/#website"},"primaryImageOfPage":{"@id":"https:\/\/www.sonoraenequipo.com.mx\/camara-de-diputdos-cita-a-lorenzo-cordova-para-que-explique-gasto-de-19-mil-millones-de-pesos\/#primaryimage"},"image":{"@id":"https:\/\/www.sonoraenequipo.com.mx\/camara-de-diputdos-cita-a-lorenzo-cordova-para-que-explique-gasto-de-19-mil-millones-de-pesos\/#primaryimage"},"thumbnailUrl":"https:\/\/www.sonoraenequipo.com.mx\/storage\/2021\/09\/fernandez-norona_opt.jpg","datePublished":"2021-09-30T23:22:29+00:00","dateModified":"2021-09-30T23:37:07+00:00","description":"CIUDAD DE M\u00c9XICO. MX. \u2014 La Junta de Coordinaci\u00f3n Pol\u00edtica de la C\u00e1mara de Diputados, aprob\u00f3 citar a comparecer ante el pleno al presidente del INE, En Sonora en Equipo publicamos toda la informaci\u00f3n de Sonora, M\u00e9xico y el Mundo de manera oportuna y busca que la libertad de expresi\u00f3n sea real. Visita nuestro medio informativo publicado desde Hermosillo, Sonora. %","breadcrumb":{"@id":"https:\/\/www.sonoraenequipo.com.mx\/camara-de-diputdos-cita-a-lorenzo-cordova-para-que-explique-gasto-de-19-mil-millones-de-pesos\/#breadcrumb"},"inLanguage":"es","potentialAction":[{"@type":"ReadAction","target":["https:\/\/www.sonoraenequipo.com.mx\/camara-de-diputdos-cita-a-lorenzo-cordova-para-que-explique-gasto-de-19-mil-millones-de-pesos\/"]}]},{"@type":"ImageObject","inLanguage":"es","@id":"https:\/\/www.sonoraenequipo.com.mx\/camara-de-diputdos-cita-a-lorenzo-cordova-para-que-explique-gasto-de-19-mil-millones-de-pesos\/#primaryimage","url":"https:\/\/www.sonoraenequipo.com.mx\/storage\/2021\/09\/fernandez-norona_opt.jpg","contentUrl":"https:\/\/www.sonoraenequipo.com.mx\/storage\/2021\/09\/fernandez-norona_opt.jpg","width":700,"height":400},{"@type":"BreadcrumbList","@id":"https:\/\/www.sonoraenequipo.com.mx\/camara-de-diputdos-cita-a-lorenzo-cordova-para-que-explique-gasto-de-19-mil-millones-de-pesos\/#breadcrumb","itemListElement":[{"@type":"ListItem","position":1,"name":"Portada","item":"https:\/\/www.sonoraenequipo.com.mx\/"},{"@type":"ListItem","position":2,"name":"C\u00e1mara de Diputados cita a Lorenzo C\u00f3rdova para que explique gasto de 19 mil millones de pesos"}]},{"@type":"WebSite","@id":"https:\/\/www.sonoraenequipo.com.mx\/#website","url":"https:\/\/www.sonoraenequipo.com.mx\/","name":"Sonora en Equipo.","description":"Diario en l\u00ednea con Noticias desde Hermosillo, Sonora","publisher":{"@id":"https:\/\/www.sonoraenequipo.com.mx\/#organization"},"potentialAction":[{"@type":"SearchAction","target":{"@type":"EntryPoint","urlTemplate":"https:\/\/www.sonoraenequipo.com.mx\/?s={search_term_string}"},"query-input":{"@type":"PropertyValueSpecification","valueRequired":true,"valueName":"search_term_string"}}],"inLanguage":"es"},{"@type":"Organization","@id":"https:\/\/www.sonoraenequipo.com.mx\/#organization","name":"Sonoraenequipo.com.mx","url":"https:\/\/www.sonoraenequipo.com.mx\/","logo":{"@type":"ImageObject","inLanguage":"es","@id":"https:\/\/www.sonoraenequipo.com.mx\/#\/schema\/logo\/image\/","url":"https:\/\/www.sonoraenequipo.com.mx\/storage\/2019\/01\/sonoraenequipo_opt.png","contentUrl":"https:\/\/www.sonoraenequipo.com.mx\/storage\/2019\/01\/sonoraenequipo_opt.png","width":375,"height":125,"caption":"Sonoraenequipo.com.mx"},"image":{"@id":"https:\/\/www.sonoraenequipo.com.mx\/#\/schema\/logo\/image\/"},"sameAs":["https:\/\/www.facebook.com\/SonoraEE\/","https:\/\/x.com\/sonoraenequipo","https:\/\/www.youtube.com\/channel\/UC338nW-lPEYmJQs4ZABQ1SQ"]},{"@type":"Person","@id":"https:\/\/www.sonoraenequipo.com.mx\/#\/schema\/person\/50102df0fb23a8fa9e8effad8fa81386","name":"enequipo","image":{"@type":"ImageObject","inLanguage":"es","@id":"https:\/\/www.sonoraenequipo.com.mx\/#\/schema\/person\/image\/","url":"https:\/\/secure.gravatar.com\/avatar\/049821681b589dabc0bc20695993ccebb09f5b5d4d790cd9251b97faac7c652b?s=96&d=blank&r=g","contentUrl":"https:\/\/secure.gravatar.com\/avatar\/049821681b589dabc0bc20695993ccebb09f5b5d4d790cd9251b97faac7c652b?s=96&d=blank&r=g","caption":"enequipo"},"sameAs":["https:\/\/www.facebook.com\/SonoraEE"]}]}},"jetpack_featured_media_url":"https:\/\/www.sonoraenequipo.com.mx\/storage\/2021\/09\/fernandez-norona_opt.jpg","_links":{"self":[{"href":"https:\/\/www.sonoraenequipo.com.mx\/api\/wp\/v2\/posts\/123979","targetHints":{"allow":["GET"]}}],"collection":[{"href":"https:\/\/www.sonoraenequipo.com.mx\/api\/wp\/v2\/posts"}],"about":[{"href":"https:\/\/www.sonoraenequipo.com.mx\/api\/wp\/v2\/types\/post"}],"author":[{"embeddable":true,"href":"https:\/\/www.sonoraenequipo.com.mx\/api\/wp\/v2\/users\/1"}],"replies":[{"embeddable":true,"href":"https:\/\/www.sonoraenequipo.com.mx\/api\/wp\/v2\/comments?post=123979"}],"version-history":[{"count":2,"href":"https:\/\/www.sonoraenequipo.com.mx\/api\/wp\/v2\/posts\/123979\/revisions"}],"predecessor-version":[{"id":123992,"href":"https:\/\/www.sonoraenequipo.com.mx\/api\/wp\/v2\/posts\/123979\/revisions\/123992"}],"wp:featuredmedia":[{"embeddable":true,"href":"https:\/\/www.sonoraenequipo.com.mx\/api\/wp\/v2\/media\/123983"}],"wp:attachment":[{"href":"https:\/\/www.sonoraenequipo.com.mx\/api\/wp\/v2\/media?parent=123979"}],"wp:term":[{"taxonomy":"category","embeddable":true,"href":"https:\/\/www.sonoraenequipo.com.mx\/api\/wp\/v2\/categories?post=123979"},{"taxonomy":"post_tag","embeddable":true,"href":"https:\/\/www.sonoraenequipo.com.mx\/api\/wp\/v2\/tags?post=123979"}],"curies":[{"name":"wp","href":"https:\/\/api.w.org\/{rel}","templated":true}]}}