{"id":123999,"date":"2021-09-30T13:23:30","date_gmt":"2021-09-30T20:23:30","guid":{"rendered":"https:\/\/www.sonoraenequipo.com.mx\/?p=123999"},"modified":"2021-09-30T17:09:37","modified_gmt":"2021-10-01T00:09:37","slug":"ricardo-monreal-ira-por-la-presidencia-en-2024-por-morena-o-por-otro-partido","status":"publish","type":"post","link":"https:\/\/www.sonoraenequipo.com.mx\/ricardo-monreal-ira-por-la-presidencia-en-2024-por-morena-o-por-otro-partido\/","title":{"rendered":"Ricardo Monreal ira por la presidencia en 2024, por Morena o por otro partido."},"content":{"rendered":"<p>CIUDAD DE M\u00c9XICO. MX. \u2014 El coordinador de Morena en el Senado de la Rep\u00fablica, Ricardo Monreal, habl\u00f3 sobre sus aspiraciones presidenciales de cara al 2024 y reconoci\u00f3 que le gustar\u00eda ser candidato de Morena pero si no fuera as\u00ed de todos modos aparecer\u00e1 en la boleta.<\/p>\n<p>&nbsp;<\/p>\n<p> <\/p>\n<p>&nbsp;<\/p>\n<p>En entrevista para Grupo F\u00f3rmula, el senador morenista fue cuestionado sobre si aparecer\u00e1 en la boleta presidencial aunque no sea candidato de Morena: <em>\u201cSeguramente s\u00ed\u201d<\/em>, contest\u00f3.<\/p>\n<p>&nbsp;<\/p>\n<p><em>\u201cSi no eres el candidato de Morena, \u00bfde todos modos te vamos a ver en la boleta presidencial en el 2024, verdad?\u201d,<\/em> pregunt\u00f3 L\u00f3pez-D\u00f3riga. <em>\u201cSeguramente que s\u00ed. Esa es la respuesta contundente\u201d<\/em>, expres\u00f3 el senador.<\/p>\n<p>&nbsp;<\/p>\n<p><em>\u201cMira, mi deseo, yo casi estoy seguro, Joaqu\u00edn, m\u00e1s bien le quito el casi, estoy seguro que voy a ganar la elecci\u00f3n interna porque lo percibo, aunque s\u00e9 que faltan tres a\u00f1os, percibo que podr\u00eda ganar la elecci\u00f3n interna y, en su caso, la Presidencia ya ser\u00e1 m\u00e1s f\u00e1cil\u201d<\/em>, declar\u00f3 el coordinador morenista.<\/p>\n<p>&nbsp;<\/p>\n<p>Piso Parejo. Monreal \u00c1vila indic\u00f3 que en las reglas de la contienda interna debe de existir piso parejo, inclusi\u00f3n y apertura. Ante el cuestionamiento de que si aparecer\u00eda con otro partido en la boleta expuso: <em>\u201csi no voy por Morena, ir\u00e9 por Morena\u201d.<\/em><\/p>\n<p>&nbsp;<\/p>\n<p><em>\u201cCuando hay piso parejo no tienes raz\u00f3n ni motivos para abandonar un proyecto pol\u00edtico o para crear un proyecto pol\u00edtico nuevo\u201d<\/em>, expres\u00f3 Monreal.<\/p>\n<p>&nbsp;<\/p>\n<p><em>\u201cDejo estos corchetes, \u00bfsi no va por Morena estar\u00e1 en la boleta de todos modos?\u201d<\/em>, pregunt\u00f3 el periodista Joaqu\u00edn L\u00f3pez-D\u00f3riga. <em>\u201cJoaqu\u00edn, si no voy por Morena, ir\u00e9 por Morena\u201d,<\/em> respondi\u00f3 el senador de Morena.<\/p>\n<p>&nbsp;<\/p>\n<p>Contienda interna. Previamente se\u00f1al\u00f3 que su deseo es aparecer en la boleta con Morena y a su juicio, consider\u00f3 que para \u00e9l, la contienda interna ser\u00e1 la m\u00e1s dif\u00edcil. Adem\u00e1s, sostuvo que puede convencer al presidente Andr\u00e9s Manuel L\u00f3pez Obrador y a los integrantes de Morena de que es el candidato id\u00f3neo para seguir con el proceso de transformaci\u00f3n en M\u00e9xico.<\/p>\n<p>&nbsp;<\/p>\n<p><em>\u201cPuedo convencer al presidente de la Rep\u00fablica que soy la mejor opci\u00f3n para profundizar este proceso de cambio. Puedo convencer a propios y extra\u00f1os de que puedo realizar un Gobierno equilibrado\u201d,<\/em> destac\u00f3 el senador.<\/p>\n<p>&nbsp;<\/p>\n<p>(Publicada el 30\/09\/2021)<\/p>\n","protected":false},"excerpt":{"rendered":"<p>CIUDAD DE M\u00c9XICO. MX. \u2014 El coordinador de Morena en el Senado de la Rep\u00fablica,&#8230;<\/p>\n","protected":false},"author":1,"featured_media":124000,"comment_status":"open","ping_status":"open","sticky":false,"template":"","format":"standard","meta":{"_monsterinsights_skip_tracking":false,"_monsterinsights_sitenote_active":false,"_monsterinsights_sitenote_note":"","_monsterinsights_sitenote_category":0,"footnotes":""},"categories":[5],"tags":[],"class_list":["post"],"yoast_head":" \n<title>Sonora en Equipo. Ricardo Monreal ira por la presidencia en 2024, por Morena o por otro partido. Rep\u00fablica<\/title>\n<meta name=\"description\" content=\"CIUDAD DE M\u00c9XICO. MX. \u2014 El coordinador de Morena en el Senado de la Rep\u00fablica, Ricardo Monreal, habl\u00f3 sobre sus aspiraciones presidenciales de cara al En Sonora en Equipo publicamos toda la informaci\u00f3n de Sonora, M\u00e9xico y el Mundo de manera oportuna y busca que la libertad de expresi\u00f3n sea real. Visita nuestro medio informativo publicado desde Hermosillo, Sonora. %\" \/>\n<meta name=\"robots\" content=\"index, follow, max-snippet:-1, max-image-preview:large, max-video-preview:-1\" \/>\n<link rel=\"canonical\" href=\"https:\/\/www.sonoraenequipo.com.mx\/ricardo-monreal-ira-por-la-presidencia-en-2024-por-morena-o-por-otro-partido\/\" \/>\n<meta property=\"og:locale\" content=\"es_ES\" \/>\n<meta property=\"og:type\" content=\"article\" \/>\n<meta property=\"og:title\" content=\"Sonora en Equipo. Ricardo Monreal ira por la presidencia en 2024, por Morena o por otro partido. Rep\u00fablica\" \/>\n<meta property=\"og:description\" content=\"CIUDAD DE M\u00c9XICO. MX. \u2014 El coordinador de Morena en el Senado de la Rep\u00fablica, Ricardo Monreal, habl\u00f3 sobre sus aspiraciones presidenciales de cara al En Sonora en Equipo publicamos toda la informaci\u00f3n de Sonora, M\u00e9xico y el Mundo de manera oportuna y busca que la libertad de expresi\u00f3n sea real. Visita nuestro medio informativo publicado desde Hermosillo, Sonora. %\" \/>\n<meta property=\"og:url\" content=\"https:\/\/www.sonoraenequipo.com.mx\/ricardo-monreal-ira-por-la-presidencia-en-2024-por-morena-o-por-otro-partido\/\" \/>\n<meta property=\"og:site_name\" content=\"Sonora en Equipo.\" \/>\n<meta property=\"article:publisher\" content=\"https:\/\/www.facebook.com\/SonoraEE\/\" \/>\n<meta property=\"article:author\" content=\"https:\/\/www.facebook.com\/SonoraEE\" \/>\n<meta property=\"article:published_time\" content=\"2021-09-30T20:23:30+00:00\" \/>\n<meta property=\"article:modified_time\" content=\"2021-10-01T00:09:37+00:00\" \/>\n<meta property=\"og:image\" content=\"https:\/\/www.sonoraenequipo.com.mx\/storage\/2021\/09\/Ricardo-Montreal-ira-por-la-presidencia-en-2024_opt-1.jpg\" \/>\n\t<meta property=\"og:image:width\" content=\"700\" \/>\n\t<meta property=\"og:image:height\" content=\"400\" \/>\n\t<meta property=\"og:image:type\" content=\"image\/jpeg\" \/>\n<meta name=\"author\" content=\"enequipo\" \/>\n<meta name=\"twitter:card\" content=\"summary_large_image\" \/>\n<meta name=\"twitter:creator\" content=\"@sonoraenequipo\" \/>\n<meta name=\"twitter:site\" content=\"@sonoraenequipo\" \/>\n<meta name=\"twitter:label1\" content=\"Escrito por\" \/>\n\t<meta name=\"twitter:data1\" content=\"enequipo\" \/>\n\t<meta name=\"twitter:label2\" content=\"Tiempo de lectura\" \/>\n\t<meta name=\"twitter:data2\" content=\"2 minutos\" \/>\n<script type=\"application\/ld+json\" class=\"yoast-schema-graph\">{\"@context\":\"https:\/\/schema.org\",\"@graph\":[{\"@type\":\"Article\",\"@id\":\"https:\/\/www.sonoraenequipo.com.mx\/ricardo-monreal-ira-por-la-presidencia-en-2024-por-morena-o-por-otro-partido\/#article\",\"isPartOf\":{\"@id\":\"https:\/\/www.sonoraenequipo.com.mx\/ricardo-monreal-ira-por-la-presidencia-en-2024-por-morena-o-por-otro-partido\/\"},\"author\":{\"name\":\"enequipo\",\"@id\":\"https:\/\/www.sonoraenequipo.com.mx\/#\/schema\/person\/50102df0fb23a8fa9e8effad8fa81386\"},\"headline\":\"Ricardo Monreal ira por la presidencia en 2024, por Morena o por otro partido.\",\"datePublished\":\"2021-09-30T20:23:30+00:00\",\"dateModified\":\"2021-10-01T00:09:37+00:00\",\"mainEntityOfPage\":{\"@id\":\"https:\/\/www.sonoraenequipo.com.mx\/ricardo-monreal-ira-por-la-presidencia-en-2024-por-morena-o-por-otro-partido\/\"},\"wordCount\":413,\"commentCount\":0,\"publisher\":{\"@id\":\"https:\/\/www.sonoraenequipo.com.mx\/#organization\"},\"image\":{\"@id\":\"https:\/\/www.sonoraenequipo.com.mx\/ricardo-monreal-ira-por-la-presidencia-en-2024-por-morena-o-por-otro-partido\/#primaryimage\"},\"thumbnailUrl\":\"https:\/\/www.sonoraenequipo.com.mx\/storage\/2021\/09\/Ricardo-Montreal-ira-por-la-presidencia-en-2024_opt-1.jpg\",\"articleSection\":[\"Rep\u00fablica\"],\"inLanguage\":\"es\",\"potentialAction\":[{\"@type\":\"CommentAction\",\"name\":\"Comment\",\"target\":[\"https:\/\/www.sonoraenequipo.com.mx\/ricardo-monreal-ira-por-la-presidencia-en-2024-por-morena-o-por-otro-partido\/#respond\"]}]},{\"@type\":\"WebPage\",\"@id\":\"https:\/\/www.sonoraenequipo.com.mx\/ricardo-monreal-ira-por-la-presidencia-en-2024-por-morena-o-por-otro-partido\/\",\"url\":\"https:\/\/www.sonoraenequipo.com.mx\/ricardo-monreal-ira-por-la-presidencia-en-2024-por-morena-o-por-otro-partido\/\",\"name\":\"Sonora en Equipo. Ricardo Monreal ira por la presidencia en 2024, por Morena o por otro partido. Rep\u00fablica\",\"isPartOf\":{\"@id\":\"https:\/\/www.sonoraenequipo.com.mx\/#website\"},\"primaryImageOfPage\":{\"@id\":\"https:\/\/www.sonoraenequipo.com.mx\/ricardo-monreal-ira-por-la-presidencia-en-2024-por-morena-o-por-otro-partido\/#primaryimage\"},\"image\":{\"@id\":\"https:\/\/www.sonoraenequipo.com.mx\/ricardo-monreal-ira-por-la-presidencia-en-2024-por-morena-o-por-otro-partido\/#primaryimage\"},\"thumbnailUrl\":\"https:\/\/www.sonoraenequipo.com.mx\/storage\/2021\/09\/Ricardo-Montreal-ira-por-la-presidencia-en-2024_opt-1.jpg\",\"datePublished\":\"2021-09-30T20:23:30+00:00\",\"dateModified\":\"2021-10-01T00:09:37+00:00\",\"description\":\"CIUDAD DE M\u00c9XICO. MX. \u2014 El coordinador de Morena en el Senado de la Rep\u00fablica, Ricardo Monreal, habl\u00f3 sobre sus aspiraciones presidenciales de cara al En Sonora en Equipo publicamos toda la informaci\u00f3n de Sonora, M\u00e9xico y el Mundo de manera oportuna y busca que la libertad de expresi\u00f3n sea real. Visita nuestro medio informativo publicado desde Hermosillo, Sonora. %\",\"breadcrumb\":{\"@id\":\"https:\/\/www.sonoraenequipo.com.mx\/ricardo-monreal-ira-por-la-presidencia-en-2024-por-morena-o-por-otro-partido\/#breadcrumb\"},\"inLanguage\":\"es\",\"potentialAction\":[{\"@type\":\"ReadAction\",\"target\":[\"https:\/\/www.sonoraenequipo.com.mx\/ricardo-monreal-ira-por-la-presidencia-en-2024-por-morena-o-por-otro-partido\/\"]}]},{\"@type\":\"ImageObject\",\"inLanguage\":\"es\",\"@id\":\"https:\/\/www.sonoraenequipo.com.mx\/ricardo-monreal-ira-por-la-presidencia-en-2024-por-morena-o-por-otro-partido\/#primaryimage\",\"url\":\"https:\/\/www.sonoraenequipo.com.mx\/storage\/2021\/09\/Ricardo-Montreal-ira-por-la-presidencia-en-2024_opt-1.jpg\",\"contentUrl\":\"https:\/\/www.sonoraenequipo.com.mx\/storage\/2021\/09\/Ricardo-Montreal-ira-por-la-presidencia-en-2024_opt-1.jpg\",\"width\":700,\"height\":400},{\"@type\":\"BreadcrumbList\",\"@id\":\"https:\/\/www.sonoraenequipo.com.mx\/ricardo-monreal-ira-por-la-presidencia-en-2024-por-morena-o-por-otro-partido\/#breadcrumb\",\"itemListElement\":[{\"@type\":\"ListItem\",\"position\":1,\"name\":\"Portada\",\"item\":\"https:\/\/www.sonoraenequipo.com.mx\/\"},{\"@type\":\"ListItem\",\"position\":2,\"name\":\"Ricardo Monreal ira por la presidencia en 2024, por Morena o por otro partido.\"}]},{\"@type\":\"WebSite\",\"@id\":\"https:\/\/www.sonoraenequipo.com.mx\/#website\",\"url\":\"https:\/\/www.sonoraenequipo.com.mx\/\",\"name\":\"Sonora en Equipo.\",\"description\":\"Diario en l\u00ednea con Noticias desde Hermosillo, Sonora\",\"publisher\":{\"@id\":\"https:\/\/www.sonoraenequipo.com.mx\/#organization\"},\"potentialAction\":[{\"@type\":\"SearchAction\",\"target\":{\"@type\":\"EntryPoint\",\"urlTemplate\":\"https:\/\/www.sonoraenequipo.com.mx\/?s={search_term_string}\"},\"query-input\":{\"@type\":\"PropertyValueSpecification\",\"valueRequired\":true,\"valueName\":\"search_term_string\"}}],\"inLanguage\":\"es\"},{\"@type\":\"Organization\",\"@id\":\"https:\/\/www.sonoraenequipo.com.mx\/#organization\",\"name\":\"Sonoraenequipo.com.mx\",\"url\":\"https:\/\/www.sonoraenequipo.com.mx\/\",\"logo\":{\"@type\":\"ImageObject\",\"inLanguage\":\"es\",\"@id\":\"https:\/\/www.sonoraenequipo.com.mx\/#\/schema\/logo\/image\/\",\"url\":\"https:\/\/www.sonoraenequipo.com.mx\/storage\/2019\/01\/sonoraenequipo_opt.png\",\"contentUrl\":\"https:\/\/www.sonoraenequipo.com.mx\/storage\/2019\/01\/sonoraenequipo_opt.png\",\"width\":375,\"height\":125,\"caption\":\"Sonoraenequipo.com.mx\"},\"image\":{\"@id\":\"https:\/\/www.sonoraenequipo.com.mx\/#\/schema\/logo\/image\/\"},\"sameAs\":[\"https:\/\/www.facebook.com\/SonoraEE\/\",\"https:\/\/x.com\/sonoraenequipo\",\"https:\/\/www.youtube.com\/channel\/UC338nW-lPEYmJQs4ZABQ1SQ\"]},{\"@type\":\"Person\",\"@id\":\"https:\/\/www.sonoraenequipo.com.mx\/#\/schema\/person\/50102df0fb23a8fa9e8effad8fa81386\",\"name\":\"enequipo\",\"image\":{\"@type\":\"ImageObject\",\"inLanguage\":\"es\",\"@id\":\"https:\/\/www.sonoraenequipo.com.mx\/#\/schema\/person\/image\/\",\"url\":\"https:\/\/secure.gravatar.com\/avatar\/049821681b589dabc0bc20695993ccebb09f5b5d4d790cd9251b97faac7c652b?s=96&d=blank&r=g\",\"contentUrl\":\"https:\/\/secure.gravatar.com\/avatar\/049821681b589dabc0bc20695993ccebb09f5b5d4d790cd9251b97faac7c652b?s=96&d=blank&r=g\",\"caption\":\"enequipo\"},\"sameAs\":[\"https:\/\/www.facebook.com\/SonoraEE\"]}]}<\/script>\n ","yoast_head_json":{"title":"Sonora en Equipo. Ricardo Monreal ira por la presidencia en 2024, por Morena o por otro partido. Rep\u00fablica","description":"CIUDAD DE M\u00c9XICO. MX. \u2014 El coordinador de Morena en el Senado de la Rep\u00fablica, Ricardo Monreal, habl\u00f3 sobre sus aspiraciones presidenciales de cara al En Sonora en Equipo publicamos toda la informaci\u00f3n de Sonora, M\u00e9xico y el Mundo de manera oportuna y busca que la libertad de expresi\u00f3n sea real. Visita nuestro medio informativo publicado desde Hermosillo, Sonora. %","robots":{"index":"index","follow":"follow","max-snippet":"max-snippet:-1","max-image-preview":"max-image-preview:large","max-video-preview":"max-video-preview:-1"},"canonical":"https:\/\/www.sonoraenequipo.com.mx\/ricardo-monreal-ira-por-la-presidencia-en-2024-por-morena-o-por-otro-partido\/","og_locale":"es_ES","og_type":"article","og_title":"Sonora en Equipo. Ricardo Monreal ira por la presidencia en 2024, por Morena o por otro partido. Rep\u00fablica","og_description":"CIUDAD DE M\u00c9XICO. MX. \u2014 El coordinador de Morena en el Senado de la Rep\u00fablica, Ricardo Monreal, habl\u00f3 sobre sus aspiraciones presidenciales de cara al En Sonora en Equipo publicamos toda la informaci\u00f3n de Sonora, M\u00e9xico y el Mundo de manera oportuna y busca que la libertad de expresi\u00f3n sea real. Visita nuestro medio informativo publicado desde Hermosillo, Sonora. %","og_url":"https:\/\/www.sonoraenequipo.com.mx\/ricardo-monreal-ira-por-la-presidencia-en-2024-por-morena-o-por-otro-partido\/","og_site_name":"Sonora en Equipo.","article_publisher":"https:\/\/www.facebook.com\/SonoraEE\/","article_author":"https:\/\/www.facebook.com\/SonoraEE","article_published_time":"2021-09-30T20:23:30+00:00","article_modified_time":"2021-10-01T00:09:37+00:00","og_image":[{"width":700,"height":400,"url":"https:\/\/www.sonoraenequipo.com.mx\/storage\/2021\/09\/Ricardo-Montreal-ira-por-la-presidencia-en-2024_opt-1.jpg","type":"image\/jpeg"}],"author":"enequipo","twitter_card":"summary_large_image","twitter_creator":"@sonoraenequipo","twitter_site":"@sonoraenequipo","twitter_misc":{"Escrito por":"enequipo","Tiempo de lectura":"2 minutos"},"schema":{"@context":"https:\/\/schema.org","@graph":[{"@type":"Article","@id":"https:\/\/www.sonoraenequipo.com.mx\/ricardo-monreal-ira-por-la-presidencia-en-2024-por-morena-o-por-otro-partido\/#article","isPartOf":{"@id":"https:\/\/www.sonoraenequipo.com.mx\/ricardo-monreal-ira-por-la-presidencia-en-2024-por-morena-o-por-otro-partido\/"},"author":{"name":"enequipo","@id":"https:\/\/www.sonoraenequipo.com.mx\/#\/schema\/person\/50102df0fb23a8fa9e8effad8fa81386"},"headline":"Ricardo Monreal ira por la presidencia en 2024, por Morena o por otro partido.","datePublished":"2021-09-30T20:23:30+00:00","dateModified":"2021-10-01T00:09:37+00:00","mainEntityOfPage":{"@id":"https:\/\/www.sonoraenequipo.com.mx\/ricardo-monreal-ira-por-la-presidencia-en-2024-por-morena-o-por-otro-partido\/"},"wordCount":413,"commentCount":0,"publisher":{"@id":"https:\/\/www.sonoraenequipo.com.mx\/#organization"},"image":{"@id":"https:\/\/www.sonoraenequipo.com.mx\/ricardo-monreal-ira-por-la-presidencia-en-2024-por-morena-o-por-otro-partido\/#primaryimage"},"thumbnailUrl":"https:\/\/www.sonoraenequipo.com.mx\/storage\/2021\/09\/Ricardo-Montreal-ira-por-la-presidencia-en-2024_opt-1.jpg","articleSection":["Rep\u00fablica"],"inLanguage":"es","potentialAction":[{"@type":"CommentAction","name":"Comment","target":["https:\/\/www.sonoraenequipo.com.mx\/ricardo-monreal-ira-por-la-presidencia-en-2024-por-morena-o-por-otro-partido\/#respond"]}]},{"@type":"WebPage","@id":"https:\/\/www.sonoraenequipo.com.mx\/ricardo-monreal-ira-por-la-presidencia-en-2024-por-morena-o-por-otro-partido\/","url":"https:\/\/www.sonoraenequipo.com.mx\/ricardo-monreal-ira-por-la-presidencia-en-2024-por-morena-o-por-otro-partido\/","name":"Sonora en Equipo. Ricardo Monreal ira por la presidencia en 2024, por Morena o por otro partido. Rep\u00fablica","isPartOf":{"@id":"https:\/\/www.sonoraenequipo.com.mx\/#website"},"primaryImageOfPage":{"@id":"https:\/\/www.sonoraenequipo.com.mx\/ricardo-monreal-ira-por-la-presidencia-en-2024-por-morena-o-por-otro-partido\/#primaryimage"},"image":{"@id":"https:\/\/www.sonoraenequipo.com.mx\/ricardo-monreal-ira-por-la-presidencia-en-2024-por-morena-o-por-otro-partido\/#primaryimage"},"thumbnailUrl":"https:\/\/www.sonoraenequipo.com.mx\/storage\/2021\/09\/Ricardo-Montreal-ira-por-la-presidencia-en-2024_opt-1.jpg","datePublished":"2021-09-30T20:23:30+00:00","dateModified":"2021-10-01T00:09:37+00:00","description":"CIUDAD DE M\u00c9XICO. MX. \u2014 El coordinador de Morena en el Senado de la Rep\u00fablica, Ricardo Monreal, habl\u00f3 sobre sus aspiraciones presidenciales de cara al En Sonora en Equipo publicamos toda la informaci\u00f3n de Sonora, M\u00e9xico y el Mundo de manera oportuna y busca que la libertad de expresi\u00f3n sea real. Visita nuestro medio informativo publicado desde Hermosillo, Sonora. %","breadcrumb":{"@id":"https:\/\/www.sonoraenequipo.com.mx\/ricardo-monreal-ira-por-la-presidencia-en-2024-por-morena-o-por-otro-partido\/#breadcrumb"},"inLanguage":"es","potentialAction":[{"@type":"ReadAction","target":["https:\/\/www.sonoraenequipo.com.mx\/ricardo-monreal-ira-por-la-presidencia-en-2024-por-morena-o-por-otro-partido\/"]}]},{"@type":"ImageObject","inLanguage":"es","@id":"https:\/\/www.sonoraenequipo.com.mx\/ricardo-monreal-ira-por-la-presidencia-en-2024-por-morena-o-por-otro-partido\/#primaryimage","url":"https:\/\/www.sonoraenequipo.com.mx\/storage\/2021\/09\/Ricardo-Montreal-ira-por-la-presidencia-en-2024_opt-1.jpg","contentUrl":"https:\/\/www.sonoraenequipo.com.mx\/storage\/2021\/09\/Ricardo-Montreal-ira-por-la-presidencia-en-2024_opt-1.jpg","width":700,"height":400},{"@type":"BreadcrumbList","@id":"https:\/\/www.sonoraenequipo.com.mx\/ricardo-monreal-ira-por-la-presidencia-en-2024-por-morena-o-por-otro-partido\/#breadcrumb","itemListElement":[{"@type":"ListItem","position":1,"name":"Portada","item":"https:\/\/www.sonoraenequipo.com.mx\/"},{"@type":"ListItem","position":2,"name":"Ricardo Monreal ira por la presidencia en 2024, por Morena o por otro partido."}]},{"@type":"WebSite","@id":"https:\/\/www.sonoraenequipo.com.mx\/#website","url":"https:\/\/www.sonoraenequipo.com.mx\/","name":"Sonora en Equipo.","description":"Diario en l\u00ednea con Noticias desde Hermosillo, Sonora","publisher":{"@id":"https:\/\/www.sonoraenequipo.com.mx\/#organization"},"potentialAction":[{"@type":"SearchAction","target":{"@type":"EntryPoint","urlTemplate":"https:\/\/www.sonoraenequipo.com.mx\/?s={search_term_string}"},"query-input":{"@type":"PropertyValueSpecification","valueRequired":true,"valueName":"search_term_string"}}],"inLanguage":"es"},{"@type":"Organization","@id":"https:\/\/www.sonoraenequipo.com.mx\/#organization","name":"Sonoraenequipo.com.mx","url":"https:\/\/www.sonoraenequipo.com.mx\/","logo":{"@type":"ImageObject","inLanguage":"es","@id":"https:\/\/www.sonoraenequipo.com.mx\/#\/schema\/logo\/image\/","url":"https:\/\/www.sonoraenequipo.com.mx\/storage\/2019\/01\/sonoraenequipo_opt.png","contentUrl":"https:\/\/www.sonoraenequipo.com.mx\/storage\/2019\/01\/sonoraenequipo_opt.png","width":375,"height":125,"caption":"Sonoraenequipo.com.mx"},"image":{"@id":"https:\/\/www.sonoraenequipo.com.mx\/#\/schema\/logo\/image\/"},"sameAs":["https:\/\/www.facebook.com\/SonoraEE\/","https:\/\/x.com\/sonoraenequipo","https:\/\/www.youtube.com\/channel\/UC338nW-lPEYmJQs4ZABQ1SQ"]},{"@type":"Person","@id":"https:\/\/www.sonoraenequipo.com.mx\/#\/schema\/person\/50102df0fb23a8fa9e8effad8fa81386","name":"enequipo","image":{"@type":"ImageObject","inLanguage":"es","@id":"https:\/\/www.sonoraenequipo.com.mx\/#\/schema\/person\/image\/","url":"https:\/\/secure.gravatar.com\/avatar\/049821681b589dabc0bc20695993ccebb09f5b5d4d790cd9251b97faac7c652b?s=96&d=blank&r=g","contentUrl":"https:\/\/secure.gravatar.com\/avatar\/049821681b589dabc0bc20695993ccebb09f5b5d4d790cd9251b97faac7c652b?s=96&d=blank&r=g","caption":"enequipo"},"sameAs":["https:\/\/www.facebook.com\/SonoraEE"]}]}},"jetpack_featured_media_url":"https:\/\/www.sonoraenequipo.com.mx\/storage\/2021\/09\/Ricardo-Montreal-ira-por-la-presidencia-en-2024_opt-1.jpg","_links":{"self":[{"href":"https:\/\/www.sonoraenequipo.com.mx\/api\/wp\/v2\/posts\/123999","targetHints":{"allow":["GET"]}}],"collection":[{"href":"https:\/\/www.sonoraenequipo.com.mx\/api\/wp\/v2\/posts"}],"about":[{"href":"https:\/\/www.sonoraenequipo.com.mx\/api\/wp\/v2\/types\/post"}],"author":[{"embeddable":true,"href":"https:\/\/www.sonoraenequipo.com.mx\/api\/wp\/v2\/users\/1"}],"replies":[{"embeddable":true,"href":"https:\/\/www.sonoraenequipo.com.mx\/api\/wp\/v2\/comments?post=123999"}],"version-history":[{"count":1,"href":"https:\/\/www.sonoraenequipo.com.mx\/api\/wp\/v2\/posts\/123999\/revisions"}],"predecessor-version":[{"id":124001,"href":"https:\/\/www.sonoraenequipo.com.mx\/api\/wp\/v2\/posts\/123999\/revisions\/124001"}],"wp:featuredmedia":[{"embeddable":true,"href":"https:\/\/www.sonoraenequipo.com.mx\/api\/wp\/v2\/media\/124000"}],"wp:attachment":[{"href":"https:\/\/www.sonoraenequipo.com.mx\/api\/wp\/v2\/media?parent=123999"}],"wp:term":[{"taxonomy":"category","embeddable":true,"href":"https:\/\/www.sonoraenequipo.com.mx\/api\/wp\/v2\/categories?post=123999"},{"taxonomy":"post_tag","embeddable":true,"href":"https:\/\/www.sonoraenequipo.com.mx\/api\/wp\/v2\/tags?post=123999"}],"curies":[{"name":"wp","href":"https:\/\/api.w.org\/{rel}","templated":true}]}}