{"id":124004,"date":"2021-09-30T18:09:24","date_gmt":"2021-10-01T01:09:24","guid":{"rendered":"https:\/\/www.sonoraenequipo.com.mx\/?p=124004"},"modified":"2021-09-30T18:09:24","modified_gmt":"2021-10-01T01:09:24","slug":"ayuntamiento-de-hermosillo-invertira-con-el-estado-y-federacion-en-reparar-baches-antonio-astiazaran","status":"publish","type":"post","link":"https:\/\/www.sonoraenequipo.com.mx\/ayuntamiento-de-hermosillo-invertira-con-el-estado-y-federacion-en-reparar-baches-antonio-astiazaran\/","title":{"rendered":"Ayuntamiento de Hermosillo invertir\u00e1 con el Estado y Federaci\u00f3n en reparar baches: Antonio Astiazar\u00e1n"},"content":{"rendered":"<p>\u25baReconoce disposici\u00f3n apoyo que el Presidente Andr\u00e9s Manuel L\u00f3pez Obrador para ello.<\/p>\n<p>HERMOSILLO, SONORA,MX.\u2500\u2500 El Presidente Municipal de Hermosillo, Antonio Astiazar\u00e1n Guti\u00e9rrez celebr\u00f3 la disposici\u00f3n del Presidente de la Rep\u00fablica, Andr\u00e9s Manuel L\u00f3pez Obrador, de respaldar, en una inversi\u00f3n tripartita, la reparaci\u00f3n de vialidades de Hermosillo.<\/p>\n<p>&nbsp;<\/p>\n<p>\u201cMe da mucho gusto escuchar hoy que el Presidente de la Rep\u00fablica que coment\u00f3 en una rueda de prensa la disposici\u00f3n del Gobierno Federal de apoyarnos en esta causa\u201d, expres\u00f3 a prop\u00f3sito de que se buscar\u00e1n los mecanismos para hacer inversi\u00f3n tripartita.<\/p>\n<p>&nbsp;<\/p>\n<p>Astiazar\u00e1n Guti\u00e9rrez, confirm\u00f3 que Hermosillo detenta el nada honroso primer lugar en baches en el pa\u00eds, y revertir esa situaci\u00f3n amerita necesariamente la aplicaci\u00f3n de recursos no solo municipales, sino estatales y de la federaci\u00f3n.<\/p>\n<p>&nbsp;<\/p>\n<p>\u201cDe tal manera que de cada peso que invierta el municipio se pueda multiplicar por 3 para nuestras calles\u201d, enfatiz\u00f3.<\/p>\n<p>&nbsp;<\/p>\n<p>Las 3 prioridades para la actual administraci\u00f3n municipal, explic\u00f3, son las mismas que preocupan a la mayor\u00eda de la ciudadan\u00eda: la infraestructura del municipio, en su expresi\u00f3n amplia que incluye no solo vialidades sino tambi\u00e9n los parques y espacios deportivos; el abasto de agua y la seguridad.<\/p>\n<p>&nbsp;<\/p>\n<p>Comparti\u00f3 que la premisa tras el trabajo del Gobierno Municipal es: \u201cuno cuando compite, compite para ganar, pero gana para cumplir, y es momento para cumplir\u201d.<\/p>\n<p>&nbsp;<\/p>\n<p>Eso significa, continu\u00f3, al margen de cualquier otro criterio, dar resultados a los ciudadanos.<\/p>\n<p>&nbsp;<\/p>\n<p>Agradeci\u00f3 el \u00e1nimo de colaboraci\u00f3n que prevalece entre los tres niveles de Gobierno para sacar adelante los actuales retos de Hermosillo.<\/p>\n<p>Fecha de Publicaci\u00f3n \u00a0jueves\u00a0 \/ 30\u00a0\u00a0 \/ septiembre \/ 2021<\/p>\n<p>&nbsp;<\/p>\n","protected":false},"excerpt":{"rendered":"<p>\u25baReconoce disposici\u00f3n apoyo que el Presidente Andr\u00e9s Manuel L\u00f3pez Obrador para ello. HERMOSILLO, SONORA,MX.\u2500\u2500 El&#8230;<\/p>\n","protected":false},"author":1,"featured_media":124005,"comment_status":"open","ping_status":"open","sticky":false,"template":"","format":"standard","meta":{"_monsterinsights_skip_tracking":false,"_monsterinsights_sitenote_active":false,"_monsterinsights_sitenote_note":"","_monsterinsights_sitenote_category":0,"footnotes":""},"categories":[4],"tags":[4958],"class_list":["post"],"yoast_head":" \n<title>Sonora en Equipo. Ayuntamiento de Hermosillo invertir\u00e1 con el Estado y Federaci\u00f3n en reparar baches: Antonio Astiazar\u00e1n Municipios<\/title>\n<meta name=\"description\" content=\"\u25baReconoce disposici\u00f3n apoyo que el Presidente Andr\u00e9s Manuel L\u00f3pez Obrador para ello. HERMOSILLO, SONORA,MX.\u2500\u2500 El Presidente Municipal de Hermosillo, En Sonora en Equipo publicamos toda la informaci\u00f3n de Sonora, M\u00e9xico y el Mundo de manera oportuna y busca que la libertad de expresi\u00f3n sea real. Visita nuestro medio informativo publicado desde Hermosillo, Sonora. %\" \/>\n<meta name=\"robots\" content=\"index, follow, max-snippet:-1, max-image-preview:large, max-video-preview:-1\" \/>\n<link rel=\"canonical\" href=\"https:\/\/www.sonoraenequipo.com.mx\/ayuntamiento-de-hermosillo-invertira-con-el-estado-y-federacion-en-reparar-baches-antonio-astiazaran\/\" \/>\n<meta property=\"og:locale\" content=\"es_ES\" \/>\n<meta property=\"og:type\" content=\"article\" \/>\n<meta property=\"og:title\" content=\"Sonora en Equipo. Ayuntamiento de Hermosillo invertir\u00e1 con el Estado y Federaci\u00f3n en reparar baches: Antonio Astiazar\u00e1n Municipios\" \/>\n<meta property=\"og:description\" content=\"\u25baReconoce disposici\u00f3n apoyo que el Presidente Andr\u00e9s Manuel L\u00f3pez Obrador para ello. HERMOSILLO, SONORA,MX.\u2500\u2500 El Presidente Municipal de Hermosillo, En Sonora en Equipo publicamos toda la informaci\u00f3n de Sonora, M\u00e9xico y el Mundo de manera oportuna y busca que la libertad de expresi\u00f3n sea real. Visita nuestro medio informativo publicado desde Hermosillo, Sonora. %\" \/>\n<meta property=\"og:url\" content=\"https:\/\/www.sonoraenequipo.com.mx\/ayuntamiento-de-hermosillo-invertira-con-el-estado-y-federacion-en-reparar-baches-antonio-astiazaran\/\" \/>\n<meta property=\"og:site_name\" content=\"Sonora en Equipo.\" \/>\n<meta property=\"article:publisher\" content=\"https:\/\/www.facebook.com\/SonoraEE\/\" \/>\n<meta property=\"article:author\" content=\"https:\/\/www.facebook.com\/SonoraEE\" \/>\n<meta property=\"article:published_time\" content=\"2021-10-01T01:09:24+00:00\" \/>\n<meta property=\"og:image\" content=\"https:\/\/www.sonoraenequipo.com.mx\/storage\/2021\/09\/bacheo-hmo7.jpg\" \/>\n\t<meta property=\"og:image:width\" content=\"700\" \/>\n\t<meta property=\"og:image:height\" content=\"400\" \/>\n\t<meta property=\"og:image:type\" content=\"image\/jpeg\" \/>\n<meta name=\"author\" content=\"enequipo\" \/>\n<meta name=\"twitter:card\" content=\"summary_large_image\" \/>\n<meta name=\"twitter:creator\" content=\"@sonoraenequipo\" \/>\n<meta name=\"twitter:site\" content=\"@sonoraenequipo\" \/>\n<meta name=\"twitter:label1\" content=\"Escrito por\" \/>\n\t<meta name=\"twitter:data1\" content=\"enequipo\" \/>\n\t<meta name=\"twitter:label2\" content=\"Tiempo de lectura\" \/>\n\t<meta name=\"twitter:data2\" content=\"2 minutos\" \/>\n<script type=\"application\/ld+json\" class=\"yoast-schema-graph\">{\"@context\":\"https:\/\/schema.org\",\"@graph\":[{\"@type\":\"Article\",\"@id\":\"https:\/\/www.sonoraenequipo.com.mx\/ayuntamiento-de-hermosillo-invertira-con-el-estado-y-federacion-en-reparar-baches-antonio-astiazaran\/#article\",\"isPartOf\":{\"@id\":\"https:\/\/www.sonoraenequipo.com.mx\/ayuntamiento-de-hermosillo-invertira-con-el-estado-y-federacion-en-reparar-baches-antonio-astiazaran\/\"},\"author\":{\"name\":\"enequipo\",\"@id\":\"https:\/\/www.sonoraenequipo.com.mx\/#\/schema\/person\/50102df0fb23a8fa9e8effad8fa81386\"},\"headline\":\"Ayuntamiento de Hermosillo invertir\u00e1 con el Estado y Federaci\u00f3n en reparar baches: Antonio Astiazar\u00e1n\",\"datePublished\":\"2021-10-01T01:09:24+00:00\",\"mainEntityOfPage\":{\"@id\":\"https:\/\/www.sonoraenequipo.com.mx\/ayuntamiento-de-hermosillo-invertira-con-el-estado-y-federacion-en-reparar-baches-antonio-astiazaran\/\"},\"wordCount\":308,\"commentCount\":0,\"publisher\":{\"@id\":\"https:\/\/www.sonoraenequipo.com.mx\/#organization\"},\"image\":{\"@id\":\"https:\/\/www.sonoraenequipo.com.mx\/ayuntamiento-de-hermosillo-invertira-con-el-estado-y-federacion-en-reparar-baches-antonio-astiazaran\/#primaryimage\"},\"thumbnailUrl\":\"https:\/\/www.sonoraenequipo.com.mx\/storage\/2021\/09\/bacheo-hmo7.jpg\",\"keywords\":[\"pavimentacion hermosillo\"],\"articleSection\":[\"Municipios\"],\"inLanguage\":\"es\",\"potentialAction\":[{\"@type\":\"CommentAction\",\"name\":\"Comment\",\"target\":[\"https:\/\/www.sonoraenequipo.com.mx\/ayuntamiento-de-hermosillo-invertira-con-el-estado-y-federacion-en-reparar-baches-antonio-astiazaran\/#respond\"]}]},{\"@type\":\"WebPage\",\"@id\":\"https:\/\/www.sonoraenequipo.com.mx\/ayuntamiento-de-hermosillo-invertira-con-el-estado-y-federacion-en-reparar-baches-antonio-astiazaran\/\",\"url\":\"https:\/\/www.sonoraenequipo.com.mx\/ayuntamiento-de-hermosillo-invertira-con-el-estado-y-federacion-en-reparar-baches-antonio-astiazaran\/\",\"name\":\"Sonora en Equipo. Ayuntamiento de Hermosillo invertir\u00e1 con el Estado y Federaci\u00f3n en reparar baches: Antonio Astiazar\u00e1n Municipios\",\"isPartOf\":{\"@id\":\"https:\/\/www.sonoraenequipo.com.mx\/#website\"},\"primaryImageOfPage\":{\"@id\":\"https:\/\/www.sonoraenequipo.com.mx\/ayuntamiento-de-hermosillo-invertira-con-el-estado-y-federacion-en-reparar-baches-antonio-astiazaran\/#primaryimage\"},\"image\":{\"@id\":\"https:\/\/www.sonoraenequipo.com.mx\/ayuntamiento-de-hermosillo-invertira-con-el-estado-y-federacion-en-reparar-baches-antonio-astiazaran\/#primaryimage\"},\"thumbnailUrl\":\"https:\/\/www.sonoraenequipo.com.mx\/storage\/2021\/09\/bacheo-hmo7.jpg\",\"datePublished\":\"2021-10-01T01:09:24+00:00\",\"description\":\"\u25baReconoce disposici\u00f3n apoyo que el Presidente Andr\u00e9s Manuel L\u00f3pez Obrador para ello. HERMOSILLO, SONORA,MX.\u2500\u2500 El Presidente Municipal de Hermosillo, En Sonora en Equipo publicamos toda la informaci\u00f3n de Sonora, M\u00e9xico y el Mundo de manera oportuna y busca que la libertad de expresi\u00f3n sea real. Visita nuestro medio informativo publicado desde Hermosillo, Sonora. %\",\"breadcrumb\":{\"@id\":\"https:\/\/www.sonoraenequipo.com.mx\/ayuntamiento-de-hermosillo-invertira-con-el-estado-y-federacion-en-reparar-baches-antonio-astiazaran\/#breadcrumb\"},\"inLanguage\":\"es\",\"potentialAction\":[{\"@type\":\"ReadAction\",\"target\":[\"https:\/\/www.sonoraenequipo.com.mx\/ayuntamiento-de-hermosillo-invertira-con-el-estado-y-federacion-en-reparar-baches-antonio-astiazaran\/\"]}]},{\"@type\":\"ImageObject\",\"inLanguage\":\"es\",\"@id\":\"https:\/\/www.sonoraenequipo.com.mx\/ayuntamiento-de-hermosillo-invertira-con-el-estado-y-federacion-en-reparar-baches-antonio-astiazaran\/#primaryimage\",\"url\":\"https:\/\/www.sonoraenequipo.com.mx\/storage\/2021\/09\/bacheo-hmo7.jpg\",\"contentUrl\":\"https:\/\/www.sonoraenequipo.com.mx\/storage\/2021\/09\/bacheo-hmo7.jpg\",\"width\":700,\"height\":400},{\"@type\":\"BreadcrumbList\",\"@id\":\"https:\/\/www.sonoraenequipo.com.mx\/ayuntamiento-de-hermosillo-invertira-con-el-estado-y-federacion-en-reparar-baches-antonio-astiazaran\/#breadcrumb\",\"itemListElement\":[{\"@type\":\"ListItem\",\"position\":1,\"name\":\"Portada\",\"item\":\"https:\/\/www.sonoraenequipo.com.mx\/\"},{\"@type\":\"ListItem\",\"position\":2,\"name\":\"Ayuntamiento de Hermosillo invertir\u00e1 con el Estado y Federaci\u00f3n en reparar baches: Antonio Astiazar\u00e1n\"}]},{\"@type\":\"WebSite\",\"@id\":\"https:\/\/www.sonoraenequipo.com.mx\/#website\",\"url\":\"https:\/\/www.sonoraenequipo.com.mx\/\",\"name\":\"Sonora en Equipo.\",\"description\":\"Diario en l\u00ednea con Noticias desde Hermosillo, Sonora\",\"publisher\":{\"@id\":\"https:\/\/www.sonoraenequipo.com.mx\/#organization\"},\"potentialAction\":[{\"@type\":\"SearchAction\",\"target\":{\"@type\":\"EntryPoint\",\"urlTemplate\":\"https:\/\/www.sonoraenequipo.com.mx\/?s={search_term_string}\"},\"query-input\":{\"@type\":\"PropertyValueSpecification\",\"valueRequired\":true,\"valueName\":\"search_term_string\"}}],\"inLanguage\":\"es\"},{\"@type\":\"Organization\",\"@id\":\"https:\/\/www.sonoraenequipo.com.mx\/#organization\",\"name\":\"Sonoraenequipo.com.mx\",\"url\":\"https:\/\/www.sonoraenequipo.com.mx\/\",\"logo\":{\"@type\":\"ImageObject\",\"inLanguage\":\"es\",\"@id\":\"https:\/\/www.sonoraenequipo.com.mx\/#\/schema\/logo\/image\/\",\"url\":\"https:\/\/www.sonoraenequipo.com.mx\/storage\/2019\/01\/sonoraenequipo_opt.png\",\"contentUrl\":\"https:\/\/www.sonoraenequipo.com.mx\/storage\/2019\/01\/sonoraenequipo_opt.png\",\"width\":375,\"height\":125,\"caption\":\"Sonoraenequipo.com.mx\"},\"image\":{\"@id\":\"https:\/\/www.sonoraenequipo.com.mx\/#\/schema\/logo\/image\/\"},\"sameAs\":[\"https:\/\/www.facebook.com\/SonoraEE\/\",\"https:\/\/x.com\/sonoraenequipo\",\"https:\/\/www.youtube.com\/channel\/UC338nW-lPEYmJQs4ZABQ1SQ\"]},{\"@type\":\"Person\",\"@id\":\"https:\/\/www.sonoraenequipo.com.mx\/#\/schema\/person\/50102df0fb23a8fa9e8effad8fa81386\",\"name\":\"enequipo\",\"image\":{\"@type\":\"ImageObject\",\"inLanguage\":\"es\",\"@id\":\"https:\/\/www.sonoraenequipo.com.mx\/#\/schema\/person\/image\/\",\"url\":\"https:\/\/secure.gravatar.com\/avatar\/049821681b589dabc0bc20695993ccebb09f5b5d4d790cd9251b97faac7c652b?s=96&d=blank&r=g\",\"contentUrl\":\"https:\/\/secure.gravatar.com\/avatar\/049821681b589dabc0bc20695993ccebb09f5b5d4d790cd9251b97faac7c652b?s=96&d=blank&r=g\",\"caption\":\"enequipo\"},\"sameAs\":[\"https:\/\/www.facebook.com\/SonoraEE\"]}]}<\/script>\n ","yoast_head_json":{"title":"Sonora en Equipo. Ayuntamiento de Hermosillo invertir\u00e1 con el Estado y Federaci\u00f3n en reparar baches: Antonio Astiazar\u00e1n Municipios","description":"\u25baReconoce disposici\u00f3n apoyo que el Presidente Andr\u00e9s Manuel L\u00f3pez Obrador para ello. HERMOSILLO, SONORA,MX.\u2500\u2500 El Presidente Municipal de Hermosillo, En Sonora en Equipo publicamos toda la informaci\u00f3n de Sonora, M\u00e9xico y el Mundo de manera oportuna y busca que la libertad de expresi\u00f3n sea real. Visita nuestro medio informativo publicado desde Hermosillo, Sonora. %","robots":{"index":"index","follow":"follow","max-snippet":"max-snippet:-1","max-image-preview":"max-image-preview:large","max-video-preview":"max-video-preview:-1"},"canonical":"https:\/\/www.sonoraenequipo.com.mx\/ayuntamiento-de-hermosillo-invertira-con-el-estado-y-federacion-en-reparar-baches-antonio-astiazaran\/","og_locale":"es_ES","og_type":"article","og_title":"Sonora en Equipo. Ayuntamiento de Hermosillo invertir\u00e1 con el Estado y Federaci\u00f3n en reparar baches: Antonio Astiazar\u00e1n Municipios","og_description":"\u25baReconoce disposici\u00f3n apoyo que el Presidente Andr\u00e9s Manuel L\u00f3pez Obrador para ello. HERMOSILLO, SONORA,MX.\u2500\u2500 El Presidente Municipal de Hermosillo, En Sonora en Equipo publicamos toda la informaci\u00f3n de Sonora, M\u00e9xico y el Mundo de manera oportuna y busca que la libertad de expresi\u00f3n sea real. Visita nuestro medio informativo publicado desde Hermosillo, Sonora. %","og_url":"https:\/\/www.sonoraenequipo.com.mx\/ayuntamiento-de-hermosillo-invertira-con-el-estado-y-federacion-en-reparar-baches-antonio-astiazaran\/","og_site_name":"Sonora en Equipo.","article_publisher":"https:\/\/www.facebook.com\/SonoraEE\/","article_author":"https:\/\/www.facebook.com\/SonoraEE","article_published_time":"2021-10-01T01:09:24+00:00","og_image":[{"width":700,"height":400,"url":"https:\/\/www.sonoraenequipo.com.mx\/storage\/2021\/09\/bacheo-hmo7.jpg","type":"image\/jpeg"}],"author":"enequipo","twitter_card":"summary_large_image","twitter_creator":"@sonoraenequipo","twitter_site":"@sonoraenequipo","twitter_misc":{"Escrito por":"enequipo","Tiempo de lectura":"2 minutos"},"schema":{"@context":"https:\/\/schema.org","@graph":[{"@type":"Article","@id":"https:\/\/www.sonoraenequipo.com.mx\/ayuntamiento-de-hermosillo-invertira-con-el-estado-y-federacion-en-reparar-baches-antonio-astiazaran\/#article","isPartOf":{"@id":"https:\/\/www.sonoraenequipo.com.mx\/ayuntamiento-de-hermosillo-invertira-con-el-estado-y-federacion-en-reparar-baches-antonio-astiazaran\/"},"author":{"name":"enequipo","@id":"https:\/\/www.sonoraenequipo.com.mx\/#\/schema\/person\/50102df0fb23a8fa9e8effad8fa81386"},"headline":"Ayuntamiento de Hermosillo invertir\u00e1 con el Estado y Federaci\u00f3n en reparar baches: Antonio Astiazar\u00e1n","datePublished":"2021-10-01T01:09:24+00:00","mainEntityOfPage":{"@id":"https:\/\/www.sonoraenequipo.com.mx\/ayuntamiento-de-hermosillo-invertira-con-el-estado-y-federacion-en-reparar-baches-antonio-astiazaran\/"},"wordCount":308,"commentCount":0,"publisher":{"@id":"https:\/\/www.sonoraenequipo.com.mx\/#organization"},"image":{"@id":"https:\/\/www.sonoraenequipo.com.mx\/ayuntamiento-de-hermosillo-invertira-con-el-estado-y-federacion-en-reparar-baches-antonio-astiazaran\/#primaryimage"},"thumbnailUrl":"https:\/\/www.sonoraenequipo.com.mx\/storage\/2021\/09\/bacheo-hmo7.jpg","keywords":["pavimentacion hermosillo"],"articleSection":["Municipios"],"inLanguage":"es","potentialAction":[{"@type":"CommentAction","name":"Comment","target":["https:\/\/www.sonoraenequipo.com.mx\/ayuntamiento-de-hermosillo-invertira-con-el-estado-y-federacion-en-reparar-baches-antonio-astiazaran\/#respond"]}]},{"@type":"WebPage","@id":"https:\/\/www.sonoraenequipo.com.mx\/ayuntamiento-de-hermosillo-invertira-con-el-estado-y-federacion-en-reparar-baches-antonio-astiazaran\/","url":"https:\/\/www.sonoraenequipo.com.mx\/ayuntamiento-de-hermosillo-invertira-con-el-estado-y-federacion-en-reparar-baches-antonio-astiazaran\/","name":"Sonora en Equipo. Ayuntamiento de Hermosillo invertir\u00e1 con el Estado y Federaci\u00f3n en reparar baches: Antonio Astiazar\u00e1n Municipios","isPartOf":{"@id":"https:\/\/www.sonoraenequipo.com.mx\/#website"},"primaryImageOfPage":{"@id":"https:\/\/www.sonoraenequipo.com.mx\/ayuntamiento-de-hermosillo-invertira-con-el-estado-y-federacion-en-reparar-baches-antonio-astiazaran\/#primaryimage"},"image":{"@id":"https:\/\/www.sonoraenequipo.com.mx\/ayuntamiento-de-hermosillo-invertira-con-el-estado-y-federacion-en-reparar-baches-antonio-astiazaran\/#primaryimage"},"thumbnailUrl":"https:\/\/www.sonoraenequipo.com.mx\/storage\/2021\/09\/bacheo-hmo7.jpg","datePublished":"2021-10-01T01:09:24+00:00","description":"\u25baReconoce disposici\u00f3n apoyo que el Presidente Andr\u00e9s Manuel L\u00f3pez Obrador para ello. HERMOSILLO, SONORA,MX.\u2500\u2500 El Presidente Municipal de Hermosillo, En Sonora en Equipo publicamos toda la informaci\u00f3n de Sonora, M\u00e9xico y el Mundo de manera oportuna y busca que la libertad de expresi\u00f3n sea real. Visita nuestro medio informativo publicado desde Hermosillo, Sonora. %","breadcrumb":{"@id":"https:\/\/www.sonoraenequipo.com.mx\/ayuntamiento-de-hermosillo-invertira-con-el-estado-y-federacion-en-reparar-baches-antonio-astiazaran\/#breadcrumb"},"inLanguage":"es","potentialAction":[{"@type":"ReadAction","target":["https:\/\/www.sonoraenequipo.com.mx\/ayuntamiento-de-hermosillo-invertira-con-el-estado-y-federacion-en-reparar-baches-antonio-astiazaran\/"]}]},{"@type":"ImageObject","inLanguage":"es","@id":"https:\/\/www.sonoraenequipo.com.mx\/ayuntamiento-de-hermosillo-invertira-con-el-estado-y-federacion-en-reparar-baches-antonio-astiazaran\/#primaryimage","url":"https:\/\/www.sonoraenequipo.com.mx\/storage\/2021\/09\/bacheo-hmo7.jpg","contentUrl":"https:\/\/www.sonoraenequipo.com.mx\/storage\/2021\/09\/bacheo-hmo7.jpg","width":700,"height":400},{"@type":"BreadcrumbList","@id":"https:\/\/www.sonoraenequipo.com.mx\/ayuntamiento-de-hermosillo-invertira-con-el-estado-y-federacion-en-reparar-baches-antonio-astiazaran\/#breadcrumb","itemListElement":[{"@type":"ListItem","position":1,"name":"Portada","item":"https:\/\/www.sonoraenequipo.com.mx\/"},{"@type":"ListItem","position":2,"name":"Ayuntamiento de Hermosillo invertir\u00e1 con el Estado y Federaci\u00f3n en reparar baches: Antonio Astiazar\u00e1n"}]},{"@type":"WebSite","@id":"https:\/\/www.sonoraenequipo.com.mx\/#website","url":"https:\/\/www.sonoraenequipo.com.mx\/","name":"Sonora en Equipo.","description":"Diario en l\u00ednea con Noticias desde Hermosillo, Sonora","publisher":{"@id":"https:\/\/www.sonoraenequipo.com.mx\/#organization"},"potentialAction":[{"@type":"SearchAction","target":{"@type":"EntryPoint","urlTemplate":"https:\/\/www.sonoraenequipo.com.mx\/?s={search_term_string}"},"query-input":{"@type":"PropertyValueSpecification","valueRequired":true,"valueName":"search_term_string"}}],"inLanguage":"es"},{"@type":"Organization","@id":"https:\/\/www.sonoraenequipo.com.mx\/#organization","name":"Sonoraenequipo.com.mx","url":"https:\/\/www.sonoraenequipo.com.mx\/","logo":{"@type":"ImageObject","inLanguage":"es","@id":"https:\/\/www.sonoraenequipo.com.mx\/#\/schema\/logo\/image\/","url":"https:\/\/www.sonoraenequipo.com.mx\/storage\/2019\/01\/sonoraenequipo_opt.png","contentUrl":"https:\/\/www.sonoraenequipo.com.mx\/storage\/2019\/01\/sonoraenequipo_opt.png","width":375,"height":125,"caption":"Sonoraenequipo.com.mx"},"image":{"@id":"https:\/\/www.sonoraenequipo.com.mx\/#\/schema\/logo\/image\/"},"sameAs":["https:\/\/www.facebook.com\/SonoraEE\/","https:\/\/x.com\/sonoraenequipo","https:\/\/www.youtube.com\/channel\/UC338nW-lPEYmJQs4ZABQ1SQ"]},{"@type":"Person","@id":"https:\/\/www.sonoraenequipo.com.mx\/#\/schema\/person\/50102df0fb23a8fa9e8effad8fa81386","name":"enequipo","image":{"@type":"ImageObject","inLanguage":"es","@id":"https:\/\/www.sonoraenequipo.com.mx\/#\/schema\/person\/image\/","url":"https:\/\/secure.gravatar.com\/avatar\/049821681b589dabc0bc20695993ccebb09f5b5d4d790cd9251b97faac7c652b?s=96&d=blank&r=g","contentUrl":"https:\/\/secure.gravatar.com\/avatar\/049821681b589dabc0bc20695993ccebb09f5b5d4d790cd9251b97faac7c652b?s=96&d=blank&r=g","caption":"enequipo"},"sameAs":["https:\/\/www.facebook.com\/SonoraEE"]}]}},"jetpack_featured_media_url":"https:\/\/www.sonoraenequipo.com.mx\/storage\/2021\/09\/bacheo-hmo7.jpg","_links":{"self":[{"href":"https:\/\/www.sonoraenequipo.com.mx\/api\/wp\/v2\/posts\/124004","targetHints":{"allow":["GET"]}}],"collection":[{"href":"https:\/\/www.sonoraenequipo.com.mx\/api\/wp\/v2\/posts"}],"about":[{"href":"https:\/\/www.sonoraenequipo.com.mx\/api\/wp\/v2\/types\/post"}],"author":[{"embeddable":true,"href":"https:\/\/www.sonoraenequipo.com.mx\/api\/wp\/v2\/users\/1"}],"replies":[{"embeddable":true,"href":"https:\/\/www.sonoraenequipo.com.mx\/api\/wp\/v2\/comments?post=124004"}],"version-history":[{"count":1,"href":"https:\/\/www.sonoraenequipo.com.mx\/api\/wp\/v2\/posts\/124004\/revisions"}],"predecessor-version":[{"id":124013,"href":"https:\/\/www.sonoraenequipo.com.mx\/api\/wp\/v2\/posts\/124004\/revisions\/124013"}],"wp:featuredmedia":[{"embeddable":true,"href":"https:\/\/www.sonoraenequipo.com.mx\/api\/wp\/v2\/media\/124005"}],"wp:attachment":[{"href":"https:\/\/www.sonoraenequipo.com.mx\/api\/wp\/v2\/media?parent=124004"}],"wp:term":[{"taxonomy":"category","embeddable":true,"href":"https:\/\/www.sonoraenequipo.com.mx\/api\/wp\/v2\/categories?post=124004"},{"taxonomy":"post_tag","embeddable":true,"href":"https:\/\/www.sonoraenequipo.com.mx\/api\/wp\/v2\/tags?post=124004"}],"curies":[{"name":"wp","href":"https:\/\/api.w.org\/{rel}","templated":true}]}}