{"id":124014,"date":"2021-09-30T18:16:18","date_gmt":"2021-10-01T01:16:18","guid":{"rendered":"https:\/\/www.sonoraenequipo.com.mx\/?p=124014"},"modified":"2021-09-30T18:18:04","modified_gmt":"2021-10-01T01:18:04","slug":"operan-de-urgencia-oscar-cadena-esta-en-terapia-intensiva","status":"publish","type":"post","link":"https:\/\/www.sonoraenequipo.com.mx\/operan-de-urgencia-oscar-cadena-esta-en-terapia-intensiva\/","title":{"rendered":"Operan de urgencia a \u00d3scar Cadena, est\u00e1 en terapia intensiva"},"content":{"rendered":"<p>&nbsp;<\/p>\n<p>&nbsp;<\/p>\n<p>CHETUMAL,QUINTANA, MX.\u2500\u2500 Este mi\u00e9rcoles se dio a conocer que \u00d3scar Cadena, el conductor y reportero que brill\u00f3 en la televisi\u00f3n mexicana en la d\u00e9cada de los 90 con su programa C\u00e1mara infraganti, y precursor de esos programas de reality, se encuentra en terapia intensiva tras haber ingresado al quir\u00f3fano por una cirug\u00eda de emergencia<\/p>\n<p>&nbsp;<\/p>\n<p>Fue la familia del comunicador recordado por su famosa secci\u00f3n Sopa de videos \u2013donde mostraba cintas caseras de momentos chuscos- , quien dio detalles sobre el estado de salud de Cadena y expres\u00f3 que se encuentran en espera de su recuperaci\u00f3n.<\/p>\n<p>&nbsp;<\/p>\n<p>El mensaje se difundi\u00f3 en la cuenta de Instagram de su plataforma de noticias Encadena, donde se presenta informaci\u00f3n relacionada con el Caribe Mexicano. Y es que el comunicador lleva varios a\u00f1os residiendo en Quintana Roo, localidad donde fue intervenido.<\/p>\n<p>\u201cLa Familia Cadena Castro informa sobre el estado de salud de Oscar Cadena Jim\u00e9nez, amoroso esposo y padre, quien ha sido intervenido quir\u00fargicamente y actualmente se encuentra hospitalizado en el \u00e1rea de terapia intensiva. Oscar est\u00e1 estable y bajo condiciones favorables para su recuperaci\u00f3n. Agradecemos todas sus muestras de cari\u00f1o, apoyo y oraciones en estos momentos dif\u00edciles\u201d, se lee en el comunicado.<\/p>\n<p>&nbsp;<\/p>\n<p>Adem\u00e1s, Mar\u00eda Jos\u00e9 Cadena, hija del conductor pidi\u00f3 en Twitter oraciones para su padre, de quien hasta el momento no se ha revelado la causa que lo llev\u00f3 a ser intervenido quir\u00fargicamente.<\/p>\n<p>&nbsp;<\/p>\n<p>\u201cA toda esta comunidad tuitera, mi pap\u00e1 \u00d3scar Cadena fue intervenido y se encuentra en terapia intensiva. El \u00faltimo reporte es estable. Les pido por favor todas sus oraciones, luz, buena vibra, energ\u00eda, todo en lo que creen y deseen para que su recuperaci\u00f3n sea exitosa\u201d.<\/p>\n<p>La mujer agradeci\u00f3 las muestras de apoyo a su padre por parte de sus seguidores y mencion\u00f3 que en cuanto tenga disponible m\u00e1s informaci\u00f3n de estado de salud de \u00d3scar, lo compartir\u00e1 de inmediato.<\/p>\n<p>&nbsp;<\/p>\n<p>\u201cMi padre es un hombre fuerte y de mucha fe, muy querido por toda una comunidad. Estoy segura que todas sus buenas energ\u00edas ser\u00e1n una gran motivaci\u00f3n. Les quiero mucho y les mantenemos informados\u201d.<\/p>\n<p>&nbsp;<\/p>\n<p>Ya hace 10 a\u00f1os, el comunicador hab\u00eda desmentido el falso rumor de que hab\u00eda fallecido, aclarando que se encontraba bien de salud.<\/p>\n<p>&nbsp;<\/p>\n<p>\u00d3scar fue una de las personalidades m\u00e1s populares de la televisi\u00f3n en las d\u00e9cadas de los 80 y 90, ya antes de su famoso C\u00e1mara infraganti, fue el presentador de Ciudadano infraganti. En sus espacios televisivos se distingu\u00eda por su personalidad alegre y bonachona, adem\u00e1s de dejar de lado los trajes y vestimenta formal, portando sus caracter\u00edsticos tirantes que definieron su estilo.<\/p>\n<p>Fecha de Publicaci\u00f3n \u00a0jueves\u00a0 \/ 30\u00a0\u00a0 \/ septiembre \/ 2021\/ Infobae<\/p>\n<p>&nbsp;<\/p>\n","protected":false},"excerpt":{"rendered":"<p>&nbsp; &nbsp; CHETUMAL,QUINTANA, MX.\u2500\u2500 Este mi\u00e9rcoles se dio a conocer que \u00d3scar Cadena, el conductor&#8230;<\/p>\n","protected":false},"author":1,"featured_media":124016,"comment_status":"open","ping_status":"open","sticky":false,"template":"","format":"standard","meta":{"_monsterinsights_skip_tracking":false,"_monsterinsights_sitenote_active":false,"_monsterinsights_sitenote_note":"","_monsterinsights_sitenote_category":0,"footnotes":""},"categories":[5],"tags":[6193,6192],"class_list":["post"],"yoast_head":" \n<title>Sonora en Equipo. Operan de urgencia a \u00d3scar Cadena, est\u00e1 en terapia intensiva Rep\u00fablica<\/title>\n<meta name=\"description\" content=\"&nbsp; &nbsp; CHETUMAL,QUINTANA, MX.\u2500\u2500 Este mi\u00e9rcoles se dio a conocer que \u00d3scar Cadena, el conductor y reportero que brill\u00f3 en la televisi\u00f3n mexicana en En Sonora en Equipo publicamos toda la informaci\u00f3n de Sonora, M\u00e9xico y el Mundo de manera oportuna y busca que la libertad de expresi\u00f3n sea real. Visita nuestro medio informativo publicado desde Hermosillo, Sonora. %\" \/>\n<meta name=\"robots\" content=\"index, follow, max-snippet:-1, max-image-preview:large, max-video-preview:-1\" \/>\n<link rel=\"canonical\" href=\"https:\/\/www.sonoraenequipo.com.mx\/operan-de-urgencia-oscar-cadena-esta-en-terapia-intensiva\/\" \/>\n<meta property=\"og:locale\" content=\"es_ES\" \/>\n<meta property=\"og:type\" content=\"article\" \/>\n<meta property=\"og:title\" content=\"Sonora en Equipo. Operan de urgencia a \u00d3scar Cadena, est\u00e1 en terapia intensiva Rep\u00fablica\" \/>\n<meta property=\"og:description\" content=\"&nbsp; &nbsp; CHETUMAL,QUINTANA, MX.\u2500\u2500 Este mi\u00e9rcoles se dio a conocer que \u00d3scar Cadena, el conductor y reportero que brill\u00f3 en la televisi\u00f3n mexicana en En Sonora en Equipo publicamos toda la informaci\u00f3n de Sonora, M\u00e9xico y el Mundo de manera oportuna y busca que la libertad de expresi\u00f3n sea real. Visita nuestro medio informativo publicado desde Hermosillo, Sonora. %\" \/>\n<meta property=\"og:url\" content=\"https:\/\/www.sonoraenequipo.com.mx\/operan-de-urgencia-oscar-cadena-esta-en-terapia-intensiva\/\" \/>\n<meta property=\"og:site_name\" content=\"Sonora en Equipo.\" \/>\n<meta property=\"article:publisher\" content=\"https:\/\/www.facebook.com\/SonoraEE\/\" \/>\n<meta property=\"article:author\" content=\"https:\/\/www.facebook.com\/SonoraEE\" \/>\n<meta property=\"article:published_time\" content=\"2021-10-01T01:16:18+00:00\" \/>\n<meta property=\"article:modified_time\" content=\"2021-10-01T01:18:04+00:00\" \/>\n<meta property=\"og:image\" content=\"https:\/\/www.sonoraenequipo.com.mx\/storage\/2021\/09\/cadena.jpg\" \/>\n\t<meta property=\"og:image:width\" content=\"700\" \/>\n\t<meta property=\"og:image:height\" content=\"394\" \/>\n\t<meta property=\"og:image:type\" content=\"image\/jpeg\" \/>\n<meta name=\"author\" content=\"enequipo\" \/>\n<meta name=\"twitter:card\" content=\"summary_large_image\" \/>\n<meta name=\"twitter:creator\" content=\"@sonoraenequipo\" \/>\n<meta name=\"twitter:site\" content=\"@sonoraenequipo\" \/>\n<meta name=\"twitter:label1\" content=\"Escrito por\" \/>\n\t<meta name=\"twitter:data1\" content=\"enequipo\" \/>\n\t<meta name=\"twitter:label2\" content=\"Tiempo de lectura\" \/>\n\t<meta name=\"twitter:data2\" content=\"2 minutos\" \/>\n<script type=\"application\/ld+json\" class=\"yoast-schema-graph\">{\"@context\":\"https:\/\/schema.org\",\"@graph\":[{\"@type\":\"Article\",\"@id\":\"https:\/\/www.sonoraenequipo.com.mx\/operan-de-urgencia-oscar-cadena-esta-en-terapia-intensiva\/#article\",\"isPartOf\":{\"@id\":\"https:\/\/www.sonoraenequipo.com.mx\/operan-de-urgencia-oscar-cadena-esta-en-terapia-intensiva\/\"},\"author\":{\"name\":\"enequipo\",\"@id\":\"https:\/\/www.sonoraenequipo.com.mx\/#\/schema\/person\/50102df0fb23a8fa9e8effad8fa81386\"},\"headline\":\"Operan de urgencia a \u00d3scar Cadena, est\u00e1 en terapia intensiva\",\"datePublished\":\"2021-10-01T01:16:18+00:00\",\"dateModified\":\"2021-10-01T01:18:04+00:00\",\"mainEntityOfPage\":{\"@id\":\"https:\/\/www.sonoraenequipo.com.mx\/operan-de-urgencia-oscar-cadena-esta-en-terapia-intensiva\/\"},\"wordCount\":485,\"commentCount\":0,\"publisher\":{\"@id\":\"https:\/\/www.sonoraenequipo.com.mx\/#organization\"},\"image\":{\"@id\":\"https:\/\/www.sonoraenequipo.com.mx\/operan-de-urgencia-oscar-cadena-esta-en-terapia-intensiva\/#primaryimage\"},\"thumbnailUrl\":\"https:\/\/www.sonoraenequipo.com.mx\/storage\/2021\/09\/cadena.jpg\",\"keywords\":[\"opraci\u00f3n\",\"oscar cadena\"],\"articleSection\":[\"Rep\u00fablica\"],\"inLanguage\":\"es\",\"potentialAction\":[{\"@type\":\"CommentAction\",\"name\":\"Comment\",\"target\":[\"https:\/\/www.sonoraenequipo.com.mx\/operan-de-urgencia-oscar-cadena-esta-en-terapia-intensiva\/#respond\"]}]},{\"@type\":\"WebPage\",\"@id\":\"https:\/\/www.sonoraenequipo.com.mx\/operan-de-urgencia-oscar-cadena-esta-en-terapia-intensiva\/\",\"url\":\"https:\/\/www.sonoraenequipo.com.mx\/operan-de-urgencia-oscar-cadena-esta-en-terapia-intensiva\/\",\"name\":\"Sonora en Equipo. Operan de urgencia a \u00d3scar Cadena, est\u00e1 en terapia intensiva Rep\u00fablica\",\"isPartOf\":{\"@id\":\"https:\/\/www.sonoraenequipo.com.mx\/#website\"},\"primaryImageOfPage\":{\"@id\":\"https:\/\/www.sonoraenequipo.com.mx\/operan-de-urgencia-oscar-cadena-esta-en-terapia-intensiva\/#primaryimage\"},\"image\":{\"@id\":\"https:\/\/www.sonoraenequipo.com.mx\/operan-de-urgencia-oscar-cadena-esta-en-terapia-intensiva\/#primaryimage\"},\"thumbnailUrl\":\"https:\/\/www.sonoraenequipo.com.mx\/storage\/2021\/09\/cadena.jpg\",\"datePublished\":\"2021-10-01T01:16:18+00:00\",\"dateModified\":\"2021-10-01T01:18:04+00:00\",\"description\":\"&nbsp; &nbsp; CHETUMAL,QUINTANA, MX.\u2500\u2500 Este mi\u00e9rcoles se dio a conocer que \u00d3scar Cadena, el conductor y reportero que brill\u00f3 en la televisi\u00f3n mexicana en En Sonora en Equipo publicamos toda la informaci\u00f3n de Sonora, M\u00e9xico y el Mundo de manera oportuna y busca que la libertad de expresi\u00f3n sea real. Visita nuestro medio informativo publicado desde Hermosillo, Sonora. %\",\"breadcrumb\":{\"@id\":\"https:\/\/www.sonoraenequipo.com.mx\/operan-de-urgencia-oscar-cadena-esta-en-terapia-intensiva\/#breadcrumb\"},\"inLanguage\":\"es\",\"potentialAction\":[{\"@type\":\"ReadAction\",\"target\":[\"https:\/\/www.sonoraenequipo.com.mx\/operan-de-urgencia-oscar-cadena-esta-en-terapia-intensiva\/\"]}]},{\"@type\":\"ImageObject\",\"inLanguage\":\"es\",\"@id\":\"https:\/\/www.sonoraenequipo.com.mx\/operan-de-urgencia-oscar-cadena-esta-en-terapia-intensiva\/#primaryimage\",\"url\":\"https:\/\/www.sonoraenequipo.com.mx\/storage\/2021\/09\/cadena.jpg\",\"contentUrl\":\"https:\/\/www.sonoraenequipo.com.mx\/storage\/2021\/09\/cadena.jpg\",\"width\":700,\"height\":394,\"caption\":\"Oscar Cadena lleva 23 a\u00f1os fuera de la pantalla de Televisa (Foto: Facebook@Oscar Cadena)\"},{\"@type\":\"BreadcrumbList\",\"@id\":\"https:\/\/www.sonoraenequipo.com.mx\/operan-de-urgencia-oscar-cadena-esta-en-terapia-intensiva\/#breadcrumb\",\"itemListElement\":[{\"@type\":\"ListItem\",\"position\":1,\"name\":\"Portada\",\"item\":\"https:\/\/www.sonoraenequipo.com.mx\/\"},{\"@type\":\"ListItem\",\"position\":2,\"name\":\"Operan de urgencia a \u00d3scar Cadena, est\u00e1 en terapia intensiva\"}]},{\"@type\":\"WebSite\",\"@id\":\"https:\/\/www.sonoraenequipo.com.mx\/#website\",\"url\":\"https:\/\/www.sonoraenequipo.com.mx\/\",\"name\":\"Sonora en Equipo.\",\"description\":\"Diario en l\u00ednea con Noticias desde Hermosillo, Sonora\",\"publisher\":{\"@id\":\"https:\/\/www.sonoraenequipo.com.mx\/#organization\"},\"potentialAction\":[{\"@type\":\"SearchAction\",\"target\":{\"@type\":\"EntryPoint\",\"urlTemplate\":\"https:\/\/www.sonoraenequipo.com.mx\/?s={search_term_string}\"},\"query-input\":{\"@type\":\"PropertyValueSpecification\",\"valueRequired\":true,\"valueName\":\"search_term_string\"}}],\"inLanguage\":\"es\"},{\"@type\":\"Organization\",\"@id\":\"https:\/\/www.sonoraenequipo.com.mx\/#organization\",\"name\":\"Sonoraenequipo.com.mx\",\"url\":\"https:\/\/www.sonoraenequipo.com.mx\/\",\"logo\":{\"@type\":\"ImageObject\",\"inLanguage\":\"es\",\"@id\":\"https:\/\/www.sonoraenequipo.com.mx\/#\/schema\/logo\/image\/\",\"url\":\"https:\/\/www.sonoraenequipo.com.mx\/storage\/2019\/01\/sonoraenequipo_opt.png\",\"contentUrl\":\"https:\/\/www.sonoraenequipo.com.mx\/storage\/2019\/01\/sonoraenequipo_opt.png\",\"width\":375,\"height\":125,\"caption\":\"Sonoraenequipo.com.mx\"},\"image\":{\"@id\":\"https:\/\/www.sonoraenequipo.com.mx\/#\/schema\/logo\/image\/\"},\"sameAs\":[\"https:\/\/www.facebook.com\/SonoraEE\/\",\"https:\/\/x.com\/sonoraenequipo\",\"https:\/\/www.youtube.com\/channel\/UC338nW-lPEYmJQs4ZABQ1SQ\"]},{\"@type\":\"Person\",\"@id\":\"https:\/\/www.sonoraenequipo.com.mx\/#\/schema\/person\/50102df0fb23a8fa9e8effad8fa81386\",\"name\":\"enequipo\",\"image\":{\"@type\":\"ImageObject\",\"inLanguage\":\"es\",\"@id\":\"https:\/\/www.sonoraenequipo.com.mx\/#\/schema\/person\/image\/\",\"url\":\"https:\/\/secure.gravatar.com\/avatar\/049821681b589dabc0bc20695993ccebb09f5b5d4d790cd9251b97faac7c652b?s=96&d=blank&r=g\",\"contentUrl\":\"https:\/\/secure.gravatar.com\/avatar\/049821681b589dabc0bc20695993ccebb09f5b5d4d790cd9251b97faac7c652b?s=96&d=blank&r=g\",\"caption\":\"enequipo\"},\"sameAs\":[\"https:\/\/www.facebook.com\/SonoraEE\"]}]}<\/script>\n ","yoast_head_json":{"title":"Sonora en Equipo. Operan de urgencia a \u00d3scar Cadena, est\u00e1 en terapia intensiva Rep\u00fablica","description":"&nbsp; &nbsp; CHETUMAL,QUINTANA, MX.\u2500\u2500 Este mi\u00e9rcoles se dio a conocer que \u00d3scar Cadena, el conductor y reportero que brill\u00f3 en la televisi\u00f3n mexicana en En Sonora en Equipo publicamos toda la informaci\u00f3n de Sonora, M\u00e9xico y el Mundo de manera oportuna y busca que la libertad de expresi\u00f3n sea real. Visita nuestro medio informativo publicado desde Hermosillo, Sonora. %","robots":{"index":"index","follow":"follow","max-snippet":"max-snippet:-1","max-image-preview":"max-image-preview:large","max-video-preview":"max-video-preview:-1"},"canonical":"https:\/\/www.sonoraenequipo.com.mx\/operan-de-urgencia-oscar-cadena-esta-en-terapia-intensiva\/","og_locale":"es_ES","og_type":"article","og_title":"Sonora en Equipo. Operan de urgencia a \u00d3scar Cadena, est\u00e1 en terapia intensiva Rep\u00fablica","og_description":"&nbsp; &nbsp; CHETUMAL,QUINTANA, MX.\u2500\u2500 Este mi\u00e9rcoles se dio a conocer que \u00d3scar Cadena, el conductor y reportero que brill\u00f3 en la televisi\u00f3n mexicana en En Sonora en Equipo publicamos toda la informaci\u00f3n de Sonora, M\u00e9xico y el Mundo de manera oportuna y busca que la libertad de expresi\u00f3n sea real. Visita nuestro medio informativo publicado desde Hermosillo, Sonora. %","og_url":"https:\/\/www.sonoraenequipo.com.mx\/operan-de-urgencia-oscar-cadena-esta-en-terapia-intensiva\/","og_site_name":"Sonora en Equipo.","article_publisher":"https:\/\/www.facebook.com\/SonoraEE\/","article_author":"https:\/\/www.facebook.com\/SonoraEE","article_published_time":"2021-10-01T01:16:18+00:00","article_modified_time":"2021-10-01T01:18:04+00:00","og_image":[{"width":700,"height":394,"url":"https:\/\/www.sonoraenequipo.com.mx\/storage\/2021\/09\/cadena.jpg","type":"image\/jpeg"}],"author":"enequipo","twitter_card":"summary_large_image","twitter_creator":"@sonoraenequipo","twitter_site":"@sonoraenequipo","twitter_misc":{"Escrito por":"enequipo","Tiempo de lectura":"2 minutos"},"schema":{"@context":"https:\/\/schema.org","@graph":[{"@type":"Article","@id":"https:\/\/www.sonoraenequipo.com.mx\/operan-de-urgencia-oscar-cadena-esta-en-terapia-intensiva\/#article","isPartOf":{"@id":"https:\/\/www.sonoraenequipo.com.mx\/operan-de-urgencia-oscar-cadena-esta-en-terapia-intensiva\/"},"author":{"name":"enequipo","@id":"https:\/\/www.sonoraenequipo.com.mx\/#\/schema\/person\/50102df0fb23a8fa9e8effad8fa81386"},"headline":"Operan de urgencia a \u00d3scar Cadena, est\u00e1 en terapia intensiva","datePublished":"2021-10-01T01:16:18+00:00","dateModified":"2021-10-01T01:18:04+00:00","mainEntityOfPage":{"@id":"https:\/\/www.sonoraenequipo.com.mx\/operan-de-urgencia-oscar-cadena-esta-en-terapia-intensiva\/"},"wordCount":485,"commentCount":0,"publisher":{"@id":"https:\/\/www.sonoraenequipo.com.mx\/#organization"},"image":{"@id":"https:\/\/www.sonoraenequipo.com.mx\/operan-de-urgencia-oscar-cadena-esta-en-terapia-intensiva\/#primaryimage"},"thumbnailUrl":"https:\/\/www.sonoraenequipo.com.mx\/storage\/2021\/09\/cadena.jpg","keywords":["opraci\u00f3n","oscar cadena"],"articleSection":["Rep\u00fablica"],"inLanguage":"es","potentialAction":[{"@type":"CommentAction","name":"Comment","target":["https:\/\/www.sonoraenequipo.com.mx\/operan-de-urgencia-oscar-cadena-esta-en-terapia-intensiva\/#respond"]}]},{"@type":"WebPage","@id":"https:\/\/www.sonoraenequipo.com.mx\/operan-de-urgencia-oscar-cadena-esta-en-terapia-intensiva\/","url":"https:\/\/www.sonoraenequipo.com.mx\/operan-de-urgencia-oscar-cadena-esta-en-terapia-intensiva\/","name":"Sonora en Equipo. Operan de urgencia a \u00d3scar Cadena, est\u00e1 en terapia intensiva Rep\u00fablica","isPartOf":{"@id":"https:\/\/www.sonoraenequipo.com.mx\/#website"},"primaryImageOfPage":{"@id":"https:\/\/www.sonoraenequipo.com.mx\/operan-de-urgencia-oscar-cadena-esta-en-terapia-intensiva\/#primaryimage"},"image":{"@id":"https:\/\/www.sonoraenequipo.com.mx\/operan-de-urgencia-oscar-cadena-esta-en-terapia-intensiva\/#primaryimage"},"thumbnailUrl":"https:\/\/www.sonoraenequipo.com.mx\/storage\/2021\/09\/cadena.jpg","datePublished":"2021-10-01T01:16:18+00:00","dateModified":"2021-10-01T01:18:04+00:00","description":"&nbsp; &nbsp; CHETUMAL,QUINTANA, MX.\u2500\u2500 Este mi\u00e9rcoles se dio a conocer que \u00d3scar Cadena, el conductor y reportero que brill\u00f3 en la televisi\u00f3n mexicana en En Sonora en Equipo publicamos toda la informaci\u00f3n de Sonora, M\u00e9xico y el Mundo de manera oportuna y busca que la libertad de expresi\u00f3n sea real. Visita nuestro medio informativo publicado desde Hermosillo, Sonora. %","breadcrumb":{"@id":"https:\/\/www.sonoraenequipo.com.mx\/operan-de-urgencia-oscar-cadena-esta-en-terapia-intensiva\/#breadcrumb"},"inLanguage":"es","potentialAction":[{"@type":"ReadAction","target":["https:\/\/www.sonoraenequipo.com.mx\/operan-de-urgencia-oscar-cadena-esta-en-terapia-intensiva\/"]}]},{"@type":"ImageObject","inLanguage":"es","@id":"https:\/\/www.sonoraenequipo.com.mx\/operan-de-urgencia-oscar-cadena-esta-en-terapia-intensiva\/#primaryimage","url":"https:\/\/www.sonoraenequipo.com.mx\/storage\/2021\/09\/cadena.jpg","contentUrl":"https:\/\/www.sonoraenequipo.com.mx\/storage\/2021\/09\/cadena.jpg","width":700,"height":394,"caption":"Oscar Cadena lleva 23 a\u00f1os fuera de la pantalla de Televisa (Foto: Facebook@Oscar Cadena)"},{"@type":"BreadcrumbList","@id":"https:\/\/www.sonoraenequipo.com.mx\/operan-de-urgencia-oscar-cadena-esta-en-terapia-intensiva\/#breadcrumb","itemListElement":[{"@type":"ListItem","position":1,"name":"Portada","item":"https:\/\/www.sonoraenequipo.com.mx\/"},{"@type":"ListItem","position":2,"name":"Operan de urgencia a \u00d3scar Cadena, est\u00e1 en terapia intensiva"}]},{"@type":"WebSite","@id":"https:\/\/www.sonoraenequipo.com.mx\/#website","url":"https:\/\/www.sonoraenequipo.com.mx\/","name":"Sonora en Equipo.","description":"Diario en l\u00ednea con Noticias desde Hermosillo, Sonora","publisher":{"@id":"https:\/\/www.sonoraenequipo.com.mx\/#organization"},"potentialAction":[{"@type":"SearchAction","target":{"@type":"EntryPoint","urlTemplate":"https:\/\/www.sonoraenequipo.com.mx\/?s={search_term_string}"},"query-input":{"@type":"PropertyValueSpecification","valueRequired":true,"valueName":"search_term_string"}}],"inLanguage":"es"},{"@type":"Organization","@id":"https:\/\/www.sonoraenequipo.com.mx\/#organization","name":"Sonoraenequipo.com.mx","url":"https:\/\/www.sonoraenequipo.com.mx\/","logo":{"@type":"ImageObject","inLanguage":"es","@id":"https:\/\/www.sonoraenequipo.com.mx\/#\/schema\/logo\/image\/","url":"https:\/\/www.sonoraenequipo.com.mx\/storage\/2019\/01\/sonoraenequipo_opt.png","contentUrl":"https:\/\/www.sonoraenequipo.com.mx\/storage\/2019\/01\/sonoraenequipo_opt.png","width":375,"height":125,"caption":"Sonoraenequipo.com.mx"},"image":{"@id":"https:\/\/www.sonoraenequipo.com.mx\/#\/schema\/logo\/image\/"},"sameAs":["https:\/\/www.facebook.com\/SonoraEE\/","https:\/\/x.com\/sonoraenequipo","https:\/\/www.youtube.com\/channel\/UC338nW-lPEYmJQs4ZABQ1SQ"]},{"@type":"Person","@id":"https:\/\/www.sonoraenequipo.com.mx\/#\/schema\/person\/50102df0fb23a8fa9e8effad8fa81386","name":"enequipo","image":{"@type":"ImageObject","inLanguage":"es","@id":"https:\/\/www.sonoraenequipo.com.mx\/#\/schema\/person\/image\/","url":"https:\/\/secure.gravatar.com\/avatar\/049821681b589dabc0bc20695993ccebb09f5b5d4d790cd9251b97faac7c652b?s=96&d=blank&r=g","contentUrl":"https:\/\/secure.gravatar.com\/avatar\/049821681b589dabc0bc20695993ccebb09f5b5d4d790cd9251b97faac7c652b?s=96&d=blank&r=g","caption":"enequipo"},"sameAs":["https:\/\/www.facebook.com\/SonoraEE"]}]}},"jetpack_featured_media_url":"https:\/\/www.sonoraenequipo.com.mx\/storage\/2021\/09\/cadena.jpg","_links":{"self":[{"href":"https:\/\/www.sonoraenequipo.com.mx\/api\/wp\/v2\/posts\/124014","targetHints":{"allow":["GET"]}}],"collection":[{"href":"https:\/\/www.sonoraenequipo.com.mx\/api\/wp\/v2\/posts"}],"about":[{"href":"https:\/\/www.sonoraenequipo.com.mx\/api\/wp\/v2\/types\/post"}],"author":[{"embeddable":true,"href":"https:\/\/www.sonoraenequipo.com.mx\/api\/wp\/v2\/users\/1"}],"replies":[{"embeddable":true,"href":"https:\/\/www.sonoraenequipo.com.mx\/api\/wp\/v2\/comments?post=124014"}],"version-history":[{"count":2,"href":"https:\/\/www.sonoraenequipo.com.mx\/api\/wp\/v2\/posts\/124014\/revisions"}],"predecessor-version":[{"id":124021,"href":"https:\/\/www.sonoraenequipo.com.mx\/api\/wp\/v2\/posts\/124014\/revisions\/124021"}],"wp:featuredmedia":[{"embeddable":true,"href":"https:\/\/www.sonoraenequipo.com.mx\/api\/wp\/v2\/media\/124016"}],"wp:attachment":[{"href":"https:\/\/www.sonoraenequipo.com.mx\/api\/wp\/v2\/media?parent=124014"}],"wp:term":[{"taxonomy":"category","embeddable":true,"href":"https:\/\/www.sonoraenequipo.com.mx\/api\/wp\/v2\/categories?post=124014"},{"taxonomy":"post_tag","embeddable":true,"href":"https:\/\/www.sonoraenequipo.com.mx\/api\/wp\/v2\/tags?post=124014"}],"curies":[{"name":"wp","href":"https:\/\/api.w.org\/{rel}","templated":true}]}}