{"id":124033,"date":"2021-09-30T18:28:15","date_gmt":"2021-10-01T01:28:15","guid":{"rendered":"https:\/\/www.sonoraenequipo.com.mx\/?p=124033"},"modified":"2021-09-30T19:03:15","modified_gmt":"2021-10-01T02:03:15","slug":"catedra-internacional-en-unison-reflexionaran-acerca-del-desarrollo-sostenible","status":"publish","type":"post","link":"https:\/\/www.sonoraenequipo.com.mx\/catedra-internacional-en-unison-reflexionaran-acerca-del-desarrollo-sostenible\/","title":{"rendered":"C\u00e1tedra Internacional en Unison: Reflexionar\u00e1n acerca del desarrollo sostenible"},"content":{"rendered":"<p>HERMOSILLO, SONORA. MX. \u2014 La Universidad de Sonora ser\u00e1 anfitriona del IV Encuentro Virtual de la C\u00e1tedra Internacional <em><strong>\u00abPensar de Am\u00e9rica Latina Frente a los ODS\u00bb<\/strong> <\/em>Agenda 2030 a desarrollarse los d\u00edas 1 y 2 de octubre; durante esta edici\u00f3n, expertos de Costa Rica, Chile y M\u00e9xico abordar\u00e1n temas relacionados a \u00ab<em><strong>La Universidad Latinoamericana frente al pospandemia como una oportunidad de transformaci\u00f3n\u00bb.<\/strong><\/em><\/p>\n<p>&nbsp;<\/p>\n<p> <\/p>\n<p><strong>Mar\u00eda Olga Quintana Zavala,<\/strong> titular de la Direcci\u00f3n de Apoyos a Estudiantes se\u00f1al\u00f3 que el objetivo del encuentro ser\u00e1 poner en marcha eventos acad\u00e9micos y cient\u00edficos que permitan reflexionar sobre los Objetivos de Desarrollo Sostenible (ODS) para difundir experiencias exitosas sobre su implementaci\u00f3n, as\u00ed como el aporte de las universidades para incidir en pol\u00edticas p\u00fablicas de cambio social y desarrollo.<\/p>\n<p>&nbsp;<\/p>\n<p>Indic\u00f3 que la actividad es emanada de un convenio de cooperaci\u00f3n interinstitucional entre la Universidad Cooperativa de Colombia, la Universidad de Regional do Noroeste do Estado do Rio Grande do Sul, la Universidad Polit\u00e9cnica Estatal de Cherchi y la Universidad de Sonora y en esta ocasi\u00f3n fueron invitados expertos de Costa Rica y Chile, quienes en colaboraci\u00f3n con investigadores de la alma mater, abordar\u00e1n temas sobre los ODS en la educaci\u00f3n superior en M\u00e9xico, Desaf\u00edos, Estrategias y oportunidades postpandemia, Sustentabilidad, Interculturalidad en la educaci\u00f3n superior, Educaci\u00f3n inclusiva, Equidad de g\u00e9nero, entre otros.<\/p>\n<p>&nbsp;<\/p>\n<p>La c\u00e1tedra, en formato virtual, va dirigida a estudiantes de licenciatura, posgrado, profesores y comunidad universitaria en general interesada en los Objetivos de Desarrollo Sostenible de la Agenda 2030, como plan maestro para construir un mejor futuro para el mundo, dijo.<\/p>\n<p>&nbsp;<\/p>\n<p>Explic\u00f3 que despu\u00e9s del an\u00e1lisis de la tem\u00e1tica y con el fin de contar con ponentes de reconocido prestigio que contribuyen al desarrollo sostenible dentro de su comunidad, se realiz\u00f3 una invitaci\u00f3n a los docentes e investigadores que tuvieran publicaciones al respecto de los temas espec\u00edficos en comisiones acad\u00e9micas de la Universidad de Sonora, entre ellos:<strong> C\u00e9sar Octavio Tapia Fonllem, Andrea Guadalupe Zavala Reyna y Javier Esquer Peralta<\/strong>.<\/p>\n<p>&nbsp;<\/p>\n<p>Tambi\u00e9n se contar\u00e1 con la participaci\u00f3n de <strong>Arturo P\u00e9rez Enciso, Zarina Estrada Fern\u00e1ndez, Mariel Montes Castillo, Blanca Aurelia Valenzuela, Julio Alfredo Garc\u00eda Puga, Graciela Hoyos Ruiz y Guadalupe Flores Verduzco;<\/strong> mientras que, por l<strong>a <\/strong><em>Universidad Cat\u00f3lica de Maule, Chile,<\/em><strong> ser\u00e1 la investigadora Carmen Gloria Cofre y por la Universidad de Costa Rica estar\u00e1 a cargo Vivian V\u00edlchez Barboza.<\/strong><\/p>\n<p>&nbsp;<\/p>\n<p>Asegur\u00f3 que l<em>a Universidad de Sonora como instituci\u00f3n l\u00edder en educaci\u00f3n superior en el noroeste del pa\u00eds se encuentra interesada, en conjunto con los pa\u00edses participantes en la c\u00e1tedra, en sustentar el debate sobre sostenibilidad en Am\u00e9rica Latina, tanto de temas legales, geopol\u00edticos y estrat\u00e9gicos con el prop\u00f3sito de implementar y fortalecer los ODS y la Agenda 2030 de manera institucional y en red, con reconocimiento acad\u00e9mico como pr\u00e1cticas locales en beneficio de la regi\u00f3n\u201d<\/em>, asegur\u00f3.<\/p>\n<p>&nbsp;<\/p>\n<p>La funcionaria universitaria indic\u00f3 que en esta c\u00e1tedra se analizar\u00e1 el Objetivo de Desarrollo Sostenible 4 de la Agenda 2030 que constituye la s\u00edntesis de las ambiciones de la educaci\u00f3n, cuyo objetivo es garantizar una educaci\u00f3n inclusiva, equitativa y de calidad y promover las oportunidades de aprendizaje durante toda la vida para todos.<\/p>\n<p>&nbsp;<\/p>\n<p>En el entendido de que los gobiernos tienen la responsabilidad principal de garantizar el derecho a una educaci\u00f3n de calidad, donde la Agenda 2030 significa un compromiso universal y colectivo que requiere de la voluntad pol\u00edtica, la colaboraci\u00f3n mundial y regional, as\u00ed como del compromiso de todos los gobiernos, la sociedad civil, el sector privado, la juventud, la ONU y otras organizaciones multilaterales para hacer frente a los desaf\u00edos educativos y construir sistemas inclusivos, equitativos y pertinentes para todos los educandos, resalt\u00f3.<\/p>\n<p>&nbsp;<\/p>\n<p>Los interesados en participar pueden realizar su registro a trav\u00e9s del link <a href=\"https:\/\/forms.gle\/PymYUqBjU2Hfwsvd9\"><strong>https:\/\/forms.gle\/PymYUqBjU2Hfwsvd9<\/strong><\/a>; para los estudiantes la participaci\u00f3n tendr\u00e1 valor Culturest y para todos los asistentes se ofrecer\u00e1 un certificado de participaci\u00f3n por 16 horas, sin costo.<\/p>\n<p>&nbsp;<\/p>\n<p>La transmisi\u00f3n se llevar\u00e1 a cabo a trav\u00e9s de Livestream a trav\u00e9s de YouTube SoyUnison <strong><a href=\"https:\/\/www.youtube.com\/user\/soyunison\">https:\/\/www.youtube.com\/user\/soyunison<\/a><\/strong>; el evento ser\u00e1 abierto al p\u00fablico en general y dar\u00e1 inicio el viernes 1 de octubre a las 15:00 horas y el s\u00e1bado 2 de octubre a partir de las 8:00 horas, tiempo de Sonora.<\/p>\n<p>&nbsp;<\/p>\n<p><strong>El IV Encuentro Virtual<\/strong> es coordinado por la Direcci\u00f3n de Apoyo a Estudiantes y la Subdirecci\u00f3n de Movilidad, Cooperaci\u00f3n e Internacionalizaci\u00f3n de la instituci\u00f3n.<\/p>\n<p>&nbsp;<\/p>\n<p>(Publicada el 30\/09\/2021)<\/p>\n","protected":false},"excerpt":{"rendered":"<p>HERMOSILLO, SONORA. MX. \u2014 La Universidad de Sonora ser\u00e1 anfitriona del IV Encuentro Virtual de&#8230;<\/p>\n","protected":false},"author":1,"featured_media":124027,"comment_status":"open","ping_status":"open","sticky":false,"template":"","format":"standard","meta":{"_monsterinsights_skip_tracking":false,"_monsterinsights_sitenote_active":false,"_monsterinsights_sitenote_note":"","_monsterinsights_sitenote_category":0,"footnotes":""},"categories":[22],"tags":[],"class_list":["post"],"yoast_head":" \n<title>Sonora en Equipo. C\u00e1tedra Internacional en Unison: Reflexionar\u00e1n acerca del desarrollo sostenible Sonora<\/title>\n<meta name=\"description\" content=\"HERMOSILLO, SONORA. MX. \u2014 La Universidad de Sonora ser\u00e1 anfitriona del IV Encuentro Virtual de la C\u00e1tedra Internacional &quot;Pensar de Am\u00e9rica Latina Frente a En Sonora en Equipo publicamos toda la informaci\u00f3n de Sonora, M\u00e9xico y el Mundo de manera oportuna y busca que la libertad de expresi\u00f3n sea real. Visita nuestro medio informativo publicado desde Hermosillo, Sonora. %\" \/>\n<meta name=\"robots\" content=\"index, follow, max-snippet:-1, max-image-preview:large, max-video-preview:-1\" \/>\n<link rel=\"canonical\" href=\"https:\/\/www.sonoraenequipo.com.mx\/catedra-internacional-en-unison-reflexionaran-acerca-del-desarrollo-sostenible\/\" \/>\n<meta property=\"og:locale\" content=\"es_ES\" \/>\n<meta property=\"og:type\" content=\"article\" \/>\n<meta property=\"og:title\" content=\"Sonora en Equipo. C\u00e1tedra Internacional en Unison: Reflexionar\u00e1n acerca del desarrollo sostenible Sonora\" \/>\n<meta property=\"og:description\" content=\"HERMOSILLO, SONORA. MX. \u2014 La Universidad de Sonora ser\u00e1 anfitriona del IV Encuentro Virtual de la C\u00e1tedra Internacional &quot;Pensar de Am\u00e9rica Latina Frente a En Sonora en Equipo publicamos toda la informaci\u00f3n de Sonora, M\u00e9xico y el Mundo de manera oportuna y busca que la libertad de expresi\u00f3n sea real. Visita nuestro medio informativo publicado desde Hermosillo, Sonora. %\" \/>\n<meta property=\"og:url\" content=\"https:\/\/www.sonoraenequipo.com.mx\/catedra-internacional-en-unison-reflexionaran-acerca-del-desarrollo-sostenible\/\" \/>\n<meta property=\"og:site_name\" content=\"Sonora en Equipo.\" \/>\n<meta property=\"article:publisher\" content=\"https:\/\/www.facebook.com\/SonoraEE\/\" \/>\n<meta property=\"article:author\" content=\"https:\/\/www.facebook.com\/SonoraEE\" \/>\n<meta property=\"article:published_time\" content=\"2021-10-01T01:28:15+00:00\" \/>\n<meta property=\"article:modified_time\" content=\"2021-10-01T02:03:15+00:00\" \/>\n<meta property=\"og:image\" content=\"https:\/\/www.sonoraenequipo.com.mx\/storage\/2021\/09\/catedra-agenda-2030_opt-3.jpg\" \/>\n\t<meta property=\"og:image:width\" content=\"700\" \/>\n\t<meta property=\"og:image:height\" content=\"400\" \/>\n\t<meta property=\"og:image:type\" content=\"image\/jpeg\" \/>\n<meta name=\"author\" content=\"enequipo\" \/>\n<meta name=\"twitter:card\" content=\"summary_large_image\" \/>\n<meta name=\"twitter:creator\" content=\"@sonoraenequipo\" \/>\n<meta name=\"twitter:site\" content=\"@sonoraenequipo\" \/>\n<meta name=\"twitter:label1\" content=\"Escrito por\" \/>\n\t<meta name=\"twitter:data1\" content=\"enequipo\" \/>\n\t<meta name=\"twitter:label2\" content=\"Tiempo de lectura\" \/>\n\t<meta name=\"twitter:data2\" content=\"4 minutos\" \/>\n<script type=\"application\/ld+json\" class=\"yoast-schema-graph\">{\"@context\":\"https:\/\/schema.org\",\"@graph\":[{\"@type\":\"Article\",\"@id\":\"https:\/\/www.sonoraenequipo.com.mx\/catedra-internacional-en-unison-reflexionaran-acerca-del-desarrollo-sostenible\/#article\",\"isPartOf\":{\"@id\":\"https:\/\/www.sonoraenequipo.com.mx\/catedra-internacional-en-unison-reflexionaran-acerca-del-desarrollo-sostenible\/\"},\"author\":{\"name\":\"enequipo\",\"@id\":\"https:\/\/www.sonoraenequipo.com.mx\/#\/schema\/person\/50102df0fb23a8fa9e8effad8fa81386\"},\"headline\":\"C\u00e1tedra Internacional en Unison: Reflexionar\u00e1n acerca del desarrollo sostenible\",\"datePublished\":\"2021-10-01T01:28:15+00:00\",\"dateModified\":\"2021-10-01T02:03:15+00:00\",\"mainEntityOfPage\":{\"@id\":\"https:\/\/www.sonoraenequipo.com.mx\/catedra-internacional-en-unison-reflexionaran-acerca-del-desarrollo-sostenible\/\"},\"wordCount\":799,\"commentCount\":0,\"publisher\":{\"@id\":\"https:\/\/www.sonoraenequipo.com.mx\/#organization\"},\"image\":{\"@id\":\"https:\/\/www.sonoraenequipo.com.mx\/catedra-internacional-en-unison-reflexionaran-acerca-del-desarrollo-sostenible\/#primaryimage\"},\"thumbnailUrl\":\"https:\/\/www.sonoraenequipo.com.mx\/storage\/2021\/09\/catedra-agenda-2030_opt-3.jpg\",\"articleSection\":[\"Sonora\"],\"inLanguage\":\"es\",\"potentialAction\":[{\"@type\":\"CommentAction\",\"name\":\"Comment\",\"target\":[\"https:\/\/www.sonoraenequipo.com.mx\/catedra-internacional-en-unison-reflexionaran-acerca-del-desarrollo-sostenible\/#respond\"]}]},{\"@type\":\"WebPage\",\"@id\":\"https:\/\/www.sonoraenequipo.com.mx\/catedra-internacional-en-unison-reflexionaran-acerca-del-desarrollo-sostenible\/\",\"url\":\"https:\/\/www.sonoraenequipo.com.mx\/catedra-internacional-en-unison-reflexionaran-acerca-del-desarrollo-sostenible\/\",\"name\":\"Sonora en Equipo. C\u00e1tedra Internacional en Unison: Reflexionar\u00e1n acerca del desarrollo sostenible Sonora\",\"isPartOf\":{\"@id\":\"https:\/\/www.sonoraenequipo.com.mx\/#website\"},\"primaryImageOfPage\":{\"@id\":\"https:\/\/www.sonoraenequipo.com.mx\/catedra-internacional-en-unison-reflexionaran-acerca-del-desarrollo-sostenible\/#primaryimage\"},\"image\":{\"@id\":\"https:\/\/www.sonoraenequipo.com.mx\/catedra-internacional-en-unison-reflexionaran-acerca-del-desarrollo-sostenible\/#primaryimage\"},\"thumbnailUrl\":\"https:\/\/www.sonoraenequipo.com.mx\/storage\/2021\/09\/catedra-agenda-2030_opt-3.jpg\",\"datePublished\":\"2021-10-01T01:28:15+00:00\",\"dateModified\":\"2021-10-01T02:03:15+00:00\",\"description\":\"HERMOSILLO, SONORA. MX. \u2014 La Universidad de Sonora ser\u00e1 anfitriona del IV Encuentro Virtual de la C\u00e1tedra Internacional \\\"Pensar de Am\u00e9rica Latina Frente a En Sonora en Equipo publicamos toda la informaci\u00f3n de Sonora, M\u00e9xico y el Mundo de manera oportuna y busca que la libertad de expresi\u00f3n sea real. Visita nuestro medio informativo publicado desde Hermosillo, Sonora. %\",\"breadcrumb\":{\"@id\":\"https:\/\/www.sonoraenequipo.com.mx\/catedra-internacional-en-unison-reflexionaran-acerca-del-desarrollo-sostenible\/#breadcrumb\"},\"inLanguage\":\"es\",\"potentialAction\":[{\"@type\":\"ReadAction\",\"target\":[\"https:\/\/www.sonoraenequipo.com.mx\/catedra-internacional-en-unison-reflexionaran-acerca-del-desarrollo-sostenible\/\"]}]},{\"@type\":\"ImageObject\",\"inLanguage\":\"es\",\"@id\":\"https:\/\/www.sonoraenequipo.com.mx\/catedra-internacional-en-unison-reflexionaran-acerca-del-desarrollo-sostenible\/#primaryimage\",\"url\":\"https:\/\/www.sonoraenequipo.com.mx\/storage\/2021\/09\/catedra-agenda-2030_opt-3.jpg\",\"contentUrl\":\"https:\/\/www.sonoraenequipo.com.mx\/storage\/2021\/09\/catedra-agenda-2030_opt-3.jpg\",\"width\":700,\"height\":400},{\"@type\":\"BreadcrumbList\",\"@id\":\"https:\/\/www.sonoraenequipo.com.mx\/catedra-internacional-en-unison-reflexionaran-acerca-del-desarrollo-sostenible\/#breadcrumb\",\"itemListElement\":[{\"@type\":\"ListItem\",\"position\":1,\"name\":\"Portada\",\"item\":\"https:\/\/www.sonoraenequipo.com.mx\/\"},{\"@type\":\"ListItem\",\"position\":2,\"name\":\"C\u00e1tedra Internacional en Unison: Reflexionar\u00e1n acerca del desarrollo sostenible\"}]},{\"@type\":\"WebSite\",\"@id\":\"https:\/\/www.sonoraenequipo.com.mx\/#website\",\"url\":\"https:\/\/www.sonoraenequipo.com.mx\/\",\"name\":\"Sonora en Equipo.\",\"description\":\"Diario en l\u00ednea con Noticias desde Hermosillo, Sonora\",\"publisher\":{\"@id\":\"https:\/\/www.sonoraenequipo.com.mx\/#organization\"},\"potentialAction\":[{\"@type\":\"SearchAction\",\"target\":{\"@type\":\"EntryPoint\",\"urlTemplate\":\"https:\/\/www.sonoraenequipo.com.mx\/?s={search_term_string}\"},\"query-input\":{\"@type\":\"PropertyValueSpecification\",\"valueRequired\":true,\"valueName\":\"search_term_string\"}}],\"inLanguage\":\"es\"},{\"@type\":\"Organization\",\"@id\":\"https:\/\/www.sonoraenequipo.com.mx\/#organization\",\"name\":\"Sonoraenequipo.com.mx\",\"url\":\"https:\/\/www.sonoraenequipo.com.mx\/\",\"logo\":{\"@type\":\"ImageObject\",\"inLanguage\":\"es\",\"@id\":\"https:\/\/www.sonoraenequipo.com.mx\/#\/schema\/logo\/image\/\",\"url\":\"https:\/\/www.sonoraenequipo.com.mx\/storage\/2019\/01\/sonoraenequipo_opt.png\",\"contentUrl\":\"https:\/\/www.sonoraenequipo.com.mx\/storage\/2019\/01\/sonoraenequipo_opt.png\",\"width\":375,\"height\":125,\"caption\":\"Sonoraenequipo.com.mx\"},\"image\":{\"@id\":\"https:\/\/www.sonoraenequipo.com.mx\/#\/schema\/logo\/image\/\"},\"sameAs\":[\"https:\/\/www.facebook.com\/SonoraEE\/\",\"https:\/\/x.com\/sonoraenequipo\",\"https:\/\/www.youtube.com\/channel\/UC338nW-lPEYmJQs4ZABQ1SQ\"]},{\"@type\":\"Person\",\"@id\":\"https:\/\/www.sonoraenequipo.com.mx\/#\/schema\/person\/50102df0fb23a8fa9e8effad8fa81386\",\"name\":\"enequipo\",\"image\":{\"@type\":\"ImageObject\",\"inLanguage\":\"es\",\"@id\":\"https:\/\/www.sonoraenequipo.com.mx\/#\/schema\/person\/image\/\",\"url\":\"https:\/\/secure.gravatar.com\/avatar\/049821681b589dabc0bc20695993ccebb09f5b5d4d790cd9251b97faac7c652b?s=96&d=blank&r=g\",\"contentUrl\":\"https:\/\/secure.gravatar.com\/avatar\/049821681b589dabc0bc20695993ccebb09f5b5d4d790cd9251b97faac7c652b?s=96&d=blank&r=g\",\"caption\":\"enequipo\"},\"sameAs\":[\"https:\/\/www.facebook.com\/SonoraEE\"]}]}<\/script>\n ","yoast_head_json":{"title":"Sonora en Equipo. C\u00e1tedra Internacional en Unison: Reflexionar\u00e1n acerca del desarrollo sostenible Sonora","description":"HERMOSILLO, SONORA. MX. \u2014 La Universidad de Sonora ser\u00e1 anfitriona del IV Encuentro Virtual de la C\u00e1tedra Internacional \"Pensar de Am\u00e9rica Latina Frente a En Sonora en Equipo publicamos toda la informaci\u00f3n de Sonora, M\u00e9xico y el Mundo de manera oportuna y busca que la libertad de expresi\u00f3n sea real. Visita nuestro medio informativo publicado desde Hermosillo, Sonora. %","robots":{"index":"index","follow":"follow","max-snippet":"max-snippet:-1","max-image-preview":"max-image-preview:large","max-video-preview":"max-video-preview:-1"},"canonical":"https:\/\/www.sonoraenequipo.com.mx\/catedra-internacional-en-unison-reflexionaran-acerca-del-desarrollo-sostenible\/","og_locale":"es_ES","og_type":"article","og_title":"Sonora en Equipo. C\u00e1tedra Internacional en Unison: Reflexionar\u00e1n acerca del desarrollo sostenible Sonora","og_description":"HERMOSILLO, SONORA. MX. \u2014 La Universidad de Sonora ser\u00e1 anfitriona del IV Encuentro Virtual de la C\u00e1tedra Internacional \"Pensar de Am\u00e9rica Latina Frente a En Sonora en Equipo publicamos toda la informaci\u00f3n de Sonora, M\u00e9xico y el Mundo de manera oportuna y busca que la libertad de expresi\u00f3n sea real. Visita nuestro medio informativo publicado desde Hermosillo, Sonora. %","og_url":"https:\/\/www.sonoraenequipo.com.mx\/catedra-internacional-en-unison-reflexionaran-acerca-del-desarrollo-sostenible\/","og_site_name":"Sonora en Equipo.","article_publisher":"https:\/\/www.facebook.com\/SonoraEE\/","article_author":"https:\/\/www.facebook.com\/SonoraEE","article_published_time":"2021-10-01T01:28:15+00:00","article_modified_time":"2021-10-01T02:03:15+00:00","og_image":[{"width":700,"height":400,"url":"https:\/\/www.sonoraenequipo.com.mx\/storage\/2021\/09\/catedra-agenda-2030_opt-3.jpg","type":"image\/jpeg"}],"author":"enequipo","twitter_card":"summary_large_image","twitter_creator":"@sonoraenequipo","twitter_site":"@sonoraenequipo","twitter_misc":{"Escrito por":"enequipo","Tiempo de lectura":"4 minutos"},"schema":{"@context":"https:\/\/schema.org","@graph":[{"@type":"Article","@id":"https:\/\/www.sonoraenequipo.com.mx\/catedra-internacional-en-unison-reflexionaran-acerca-del-desarrollo-sostenible\/#article","isPartOf":{"@id":"https:\/\/www.sonoraenequipo.com.mx\/catedra-internacional-en-unison-reflexionaran-acerca-del-desarrollo-sostenible\/"},"author":{"name":"enequipo","@id":"https:\/\/www.sonoraenequipo.com.mx\/#\/schema\/person\/50102df0fb23a8fa9e8effad8fa81386"},"headline":"C\u00e1tedra Internacional en Unison: Reflexionar\u00e1n acerca del desarrollo sostenible","datePublished":"2021-10-01T01:28:15+00:00","dateModified":"2021-10-01T02:03:15+00:00","mainEntityOfPage":{"@id":"https:\/\/www.sonoraenequipo.com.mx\/catedra-internacional-en-unison-reflexionaran-acerca-del-desarrollo-sostenible\/"},"wordCount":799,"commentCount":0,"publisher":{"@id":"https:\/\/www.sonoraenequipo.com.mx\/#organization"},"image":{"@id":"https:\/\/www.sonoraenequipo.com.mx\/catedra-internacional-en-unison-reflexionaran-acerca-del-desarrollo-sostenible\/#primaryimage"},"thumbnailUrl":"https:\/\/www.sonoraenequipo.com.mx\/storage\/2021\/09\/catedra-agenda-2030_opt-3.jpg","articleSection":["Sonora"],"inLanguage":"es","potentialAction":[{"@type":"CommentAction","name":"Comment","target":["https:\/\/www.sonoraenequipo.com.mx\/catedra-internacional-en-unison-reflexionaran-acerca-del-desarrollo-sostenible\/#respond"]}]},{"@type":"WebPage","@id":"https:\/\/www.sonoraenequipo.com.mx\/catedra-internacional-en-unison-reflexionaran-acerca-del-desarrollo-sostenible\/","url":"https:\/\/www.sonoraenequipo.com.mx\/catedra-internacional-en-unison-reflexionaran-acerca-del-desarrollo-sostenible\/","name":"Sonora en Equipo. C\u00e1tedra Internacional en Unison: Reflexionar\u00e1n acerca del desarrollo sostenible Sonora","isPartOf":{"@id":"https:\/\/www.sonoraenequipo.com.mx\/#website"},"primaryImageOfPage":{"@id":"https:\/\/www.sonoraenequipo.com.mx\/catedra-internacional-en-unison-reflexionaran-acerca-del-desarrollo-sostenible\/#primaryimage"},"image":{"@id":"https:\/\/www.sonoraenequipo.com.mx\/catedra-internacional-en-unison-reflexionaran-acerca-del-desarrollo-sostenible\/#primaryimage"},"thumbnailUrl":"https:\/\/www.sonoraenequipo.com.mx\/storage\/2021\/09\/catedra-agenda-2030_opt-3.jpg","datePublished":"2021-10-01T01:28:15+00:00","dateModified":"2021-10-01T02:03:15+00:00","description":"HERMOSILLO, SONORA. MX. \u2014 La Universidad de Sonora ser\u00e1 anfitriona del IV Encuentro Virtual de la C\u00e1tedra Internacional \"Pensar de Am\u00e9rica Latina Frente a En Sonora en Equipo publicamos toda la informaci\u00f3n de Sonora, M\u00e9xico y el Mundo de manera oportuna y busca que la libertad de expresi\u00f3n sea real. Visita nuestro medio informativo publicado desde Hermosillo, Sonora. %","breadcrumb":{"@id":"https:\/\/www.sonoraenequipo.com.mx\/catedra-internacional-en-unison-reflexionaran-acerca-del-desarrollo-sostenible\/#breadcrumb"},"inLanguage":"es","potentialAction":[{"@type":"ReadAction","target":["https:\/\/www.sonoraenequipo.com.mx\/catedra-internacional-en-unison-reflexionaran-acerca-del-desarrollo-sostenible\/"]}]},{"@type":"ImageObject","inLanguage":"es","@id":"https:\/\/www.sonoraenequipo.com.mx\/catedra-internacional-en-unison-reflexionaran-acerca-del-desarrollo-sostenible\/#primaryimage","url":"https:\/\/www.sonoraenequipo.com.mx\/storage\/2021\/09\/catedra-agenda-2030_opt-3.jpg","contentUrl":"https:\/\/www.sonoraenequipo.com.mx\/storage\/2021\/09\/catedra-agenda-2030_opt-3.jpg","width":700,"height":400},{"@type":"BreadcrumbList","@id":"https:\/\/www.sonoraenequipo.com.mx\/catedra-internacional-en-unison-reflexionaran-acerca-del-desarrollo-sostenible\/#breadcrumb","itemListElement":[{"@type":"ListItem","position":1,"name":"Portada","item":"https:\/\/www.sonoraenequipo.com.mx\/"},{"@type":"ListItem","position":2,"name":"C\u00e1tedra Internacional en Unison: Reflexionar\u00e1n acerca del desarrollo sostenible"}]},{"@type":"WebSite","@id":"https:\/\/www.sonoraenequipo.com.mx\/#website","url":"https:\/\/www.sonoraenequipo.com.mx\/","name":"Sonora en Equipo.","description":"Diario en l\u00ednea con Noticias desde Hermosillo, Sonora","publisher":{"@id":"https:\/\/www.sonoraenequipo.com.mx\/#organization"},"potentialAction":[{"@type":"SearchAction","target":{"@type":"EntryPoint","urlTemplate":"https:\/\/www.sonoraenequipo.com.mx\/?s={search_term_string}"},"query-input":{"@type":"PropertyValueSpecification","valueRequired":true,"valueName":"search_term_string"}}],"inLanguage":"es"},{"@type":"Organization","@id":"https:\/\/www.sonoraenequipo.com.mx\/#organization","name":"Sonoraenequipo.com.mx","url":"https:\/\/www.sonoraenequipo.com.mx\/","logo":{"@type":"ImageObject","inLanguage":"es","@id":"https:\/\/www.sonoraenequipo.com.mx\/#\/schema\/logo\/image\/","url":"https:\/\/www.sonoraenequipo.com.mx\/storage\/2019\/01\/sonoraenequipo_opt.png","contentUrl":"https:\/\/www.sonoraenequipo.com.mx\/storage\/2019\/01\/sonoraenequipo_opt.png","width":375,"height":125,"caption":"Sonoraenequipo.com.mx"},"image":{"@id":"https:\/\/www.sonoraenequipo.com.mx\/#\/schema\/logo\/image\/"},"sameAs":["https:\/\/www.facebook.com\/SonoraEE\/","https:\/\/x.com\/sonoraenequipo","https:\/\/www.youtube.com\/channel\/UC338nW-lPEYmJQs4ZABQ1SQ"]},{"@type":"Person","@id":"https:\/\/www.sonoraenequipo.com.mx\/#\/schema\/person\/50102df0fb23a8fa9e8effad8fa81386","name":"enequipo","image":{"@type":"ImageObject","inLanguage":"es","@id":"https:\/\/www.sonoraenequipo.com.mx\/#\/schema\/person\/image\/","url":"https:\/\/secure.gravatar.com\/avatar\/049821681b589dabc0bc20695993ccebb09f5b5d4d790cd9251b97faac7c652b?s=96&d=blank&r=g","contentUrl":"https:\/\/secure.gravatar.com\/avatar\/049821681b589dabc0bc20695993ccebb09f5b5d4d790cd9251b97faac7c652b?s=96&d=blank&r=g","caption":"enequipo"},"sameAs":["https:\/\/www.facebook.com\/SonoraEE"]}]}},"jetpack_featured_media_url":"https:\/\/www.sonoraenequipo.com.mx\/storage\/2021\/09\/catedra-agenda-2030_opt-3.jpg","_links":{"self":[{"href":"https:\/\/www.sonoraenequipo.com.mx\/api\/wp\/v2\/posts\/124033","targetHints":{"allow":["GET"]}}],"collection":[{"href":"https:\/\/www.sonoraenequipo.com.mx\/api\/wp\/v2\/posts"}],"about":[{"href":"https:\/\/www.sonoraenequipo.com.mx\/api\/wp\/v2\/types\/post"}],"author":[{"embeddable":true,"href":"https:\/\/www.sonoraenequipo.com.mx\/api\/wp\/v2\/users\/1"}],"replies":[{"embeddable":true,"href":"https:\/\/www.sonoraenequipo.com.mx\/api\/wp\/v2\/comments?post=124033"}],"version-history":[{"count":1,"href":"https:\/\/www.sonoraenequipo.com.mx\/api\/wp\/v2\/posts\/124033\/revisions"}],"predecessor-version":[{"id":124034,"href":"https:\/\/www.sonoraenequipo.com.mx\/api\/wp\/v2\/posts\/124033\/revisions\/124034"}],"wp:featuredmedia":[{"embeddable":true,"href":"https:\/\/www.sonoraenequipo.com.mx\/api\/wp\/v2\/media\/124027"}],"wp:attachment":[{"href":"https:\/\/www.sonoraenequipo.com.mx\/api\/wp\/v2\/media?parent=124033"}],"wp:term":[{"taxonomy":"category","embeddable":true,"href":"https:\/\/www.sonoraenequipo.com.mx\/api\/wp\/v2\/categories?post=124033"},{"taxonomy":"post_tag","embeddable":true,"href":"https:\/\/www.sonoraenequipo.com.mx\/api\/wp\/v2\/tags?post=124033"}],"curies":[{"name":"wp","href":"https:\/\/api.w.org\/{rel}","templated":true}]}}