{"id":124036,"date":"2021-09-30T19:44:59","date_gmt":"2021-10-01T02:44:59","guid":{"rendered":"https:\/\/www.sonoraenequipo.com.mx\/?p=124036"},"modified":"2021-09-30T19:44:59","modified_gmt":"2021-10-01T02:44:59","slug":"aumentaron-quejas-en-seguros-de-gastos-medicos-mayores-profeco","status":"publish","type":"post","link":"https:\/\/www.sonoraenequipo.com.mx\/aumentaron-quejas-en-seguros-de-gastos-medicos-mayores-profeco\/","title":{"rendered":"Aumentaron quejas en seguros de gastos m\u00e9dicos mayores: Profeco"},"content":{"rendered":"<p>CIUDAD DE M\u00c9XICO. MX. \u2014\u00a0 El titular de la Procuradur\u00eda Federal del Consumidor (PROFECO), Ricardo Sheffiedl Padilla, inform\u00f3 a principio de esta semana que las compa\u00f1\u00edas que manejan seguros de gastos m\u00e9dicos mayores, han tenido un repunte significativo en el n\u00famero de quejas por parte de los asegurados, sobre todo, por la negativa del\u00a0 pago de las aseguradoras.<\/p>\n<p>&nbsp;<\/p>\n<p> <\/p>\n<p>&nbsp;<\/p>\n<p><em>\u201cSe puede ver un claro aumento en las quejas de los seguros de gastos m\u00e9dicos mayores. La principal causa es la negativa de pago por parte de la aseguradora, aunque para el n\u00famero de asegurados no es muy alto el n\u00famero de quejas. Sin embargo, de enero a la fecha el promedio de quejas ante la Condusef por estas aseguradoras anda alrededor de las 100 quejas mensuales<\/em>.<\/p>\n<p>&nbsp;<\/p>\n<h3>\u00bfY qui\u00e9nes son las aseguradoras que m\u00e1s quejas tienen?<\/h3>\n<p>&nbsp;<\/p>\n<p><strong>MetLife de M\u00e9xico,<\/strong> de un total de dos mil 692 asegurados, tiene el 12.6 por ciento de quejas, es en relaci\u00f3n al n\u00famero de personas que se quejan, la que m\u00e1s quejas tiene; le sigue <strong>Qu\u00e1litas<\/strong> y el tercer lugar lo tiene <strong>Grupo Nacional Provincial\u201d.<\/strong><\/p>\n<p>&nbsp;<\/p>\n<p>Explic\u00f3 que las empresas aseguradoras a su vez refirieron entre sus motivos el aumento que los hospitales han hecho de sus cuotas entre el 15 al 20%, cuando la inflaci\u00f3n fue 2.83% y para este a\u00f1o de 5.59%.<\/p>\n<p>&nbsp;<\/p>\n<p><em>\u201cLos hospitales que han tenido el mayor n\u00famero de denuncias ante la Profeco son 11 denuncias de <\/em><strong>Star M\u00e9dica, nueve de hospitales \u00c1ngeles, seis de hospitales M\u00e9dica Sur, cinco del Centro Hospitalario Universidad y tres de Centro M\u00e9dico del Noreste<\/strong><em>, esto es toda la Rep\u00fablica mexicana porque varios de esos hospitales son cadenas nacionales.<\/em><\/p>\n<p>&nbsp;<\/p>\n<p>Y ya que quejas formales, en total en este periodo de dos a\u00f1os y medio, casi tres:<strong> Operadora de Hospitales \u00c1ngeles<\/strong> tiene 15 en proceso, <strong>Star M\u00e9dica<\/strong> tiene 13, <strong>Grupo M\u00e9dic<\/strong>o tiene cinco y otras <strong>dos m<\/strong>\u00e1s que no son cadenas nacionales. Hemos atendido 437 quejas y hemos aplicado 64 multas\u201d.<\/p>\n<p>&nbsp;<\/p>\n<p>&nbsp;<\/p>\n<p>(Publicada el 30\/09\/2021)<\/p>\n","protected":false},"excerpt":{"rendered":"<p>CIUDAD DE M\u00c9XICO. MX. \u2014\u00a0 El titular de la Procuradur\u00eda Federal del Consumidor (PROFECO), Ricardo&#8230;<\/p>\n","protected":false},"author":1,"featured_media":124037,"comment_status":"open","ping_status":"open","sticky":false,"template":"","format":"standard","meta":{"_monsterinsights_skip_tracking":false,"_monsterinsights_sitenote_active":false,"_monsterinsights_sitenote_note":"","_monsterinsights_sitenote_category":0,"footnotes":""},"categories":[5],"tags":[],"class_list":["post"],"yoast_head":" \n<title>Sonora en Equipo. Aumentaron quejas en seguros de gastos m\u00e9dicos mayores: Profeco Rep\u00fablica<\/title>\n<meta name=\"description\" content=\"CIUDAD DE M\u00c9XICO. MX. \u2014\u00a0 El titular de la Procuradur\u00eda Federal del Consumidor (PROFECO), Ricardo Sheffiedl Padilla, inform\u00f3 a principio de esta semana que En Sonora en Equipo publicamos toda la informaci\u00f3n de Sonora, M\u00e9xico y el Mundo de manera oportuna y busca que la libertad de expresi\u00f3n sea real. Visita nuestro medio informativo publicado desde Hermosillo, Sonora. %\" \/>\n<meta name=\"robots\" content=\"index, follow, max-snippet:-1, max-image-preview:large, max-video-preview:-1\" \/>\n<link rel=\"canonical\" href=\"https:\/\/www.sonoraenequipo.com.mx\/aumentaron-quejas-en-seguros-de-gastos-medicos-mayores-profeco\/\" \/>\n<meta property=\"og:locale\" content=\"es_ES\" \/>\n<meta property=\"og:type\" content=\"article\" \/>\n<meta property=\"og:title\" content=\"Sonora en Equipo. Aumentaron quejas en seguros de gastos m\u00e9dicos mayores: Profeco Rep\u00fablica\" \/>\n<meta property=\"og:description\" content=\"CIUDAD DE M\u00c9XICO. MX. \u2014\u00a0 El titular de la Procuradur\u00eda Federal del Consumidor (PROFECO), Ricardo Sheffiedl Padilla, inform\u00f3 a principio de esta semana que En Sonora en Equipo publicamos toda la informaci\u00f3n de Sonora, M\u00e9xico y el Mundo de manera oportuna y busca que la libertad de expresi\u00f3n sea real. Visita nuestro medio informativo publicado desde Hermosillo, Sonora. %\" \/>\n<meta property=\"og:url\" content=\"https:\/\/www.sonoraenequipo.com.mx\/aumentaron-quejas-en-seguros-de-gastos-medicos-mayores-profeco\/\" \/>\n<meta property=\"og:site_name\" content=\"Sonora en Equipo.\" \/>\n<meta property=\"article:publisher\" content=\"https:\/\/www.facebook.com\/SonoraEE\/\" \/>\n<meta property=\"article:author\" content=\"https:\/\/www.facebook.com\/SonoraEE\" \/>\n<meta property=\"article:published_time\" content=\"2021-10-01T02:44:59+00:00\" \/>\n<meta property=\"og:image\" content=\"https:\/\/www.sonoraenequipo.com.mx\/storage\/2021\/09\/profeco-aseguradoras_opt.jpg\" \/>\n\t<meta property=\"og:image:width\" content=\"700\" \/>\n\t<meta property=\"og:image:height\" content=\"400\" \/>\n\t<meta property=\"og:image:type\" content=\"image\/jpeg\" \/>\n<meta name=\"author\" content=\"enequipo\" \/>\n<meta name=\"twitter:card\" content=\"summary_large_image\" \/>\n<meta name=\"twitter:creator\" content=\"@sonoraenequipo\" \/>\n<meta name=\"twitter:site\" content=\"@sonoraenequipo\" \/>\n<meta name=\"twitter:label1\" content=\"Escrito por\" \/>\n\t<meta name=\"twitter:data1\" content=\"enequipo\" \/>\n\t<meta name=\"twitter:label2\" content=\"Tiempo de lectura\" \/>\n\t<meta name=\"twitter:data2\" content=\"2 minutos\" \/>\n<script type=\"application\/ld+json\" class=\"yoast-schema-graph\">{\"@context\":\"https:\/\/schema.org\",\"@graph\":[{\"@type\":\"Article\",\"@id\":\"https:\/\/www.sonoraenequipo.com.mx\/aumentaron-quejas-en-seguros-de-gastos-medicos-mayores-profeco\/#article\",\"isPartOf\":{\"@id\":\"https:\/\/www.sonoraenequipo.com.mx\/aumentaron-quejas-en-seguros-de-gastos-medicos-mayores-profeco\/\"},\"author\":{\"name\":\"enequipo\",\"@id\":\"https:\/\/www.sonoraenequipo.com.mx\/#\/schema\/person\/50102df0fb23a8fa9e8effad8fa81386\"},\"headline\":\"Aumentaron quejas en seguros de gastos m\u00e9dicos mayores: Profeco\",\"datePublished\":\"2021-10-01T02:44:59+00:00\",\"mainEntityOfPage\":{\"@id\":\"https:\/\/www.sonoraenequipo.com.mx\/aumentaron-quejas-en-seguros-de-gastos-medicos-mayores-profeco\/\"},\"wordCount\":356,\"commentCount\":0,\"publisher\":{\"@id\":\"https:\/\/www.sonoraenequipo.com.mx\/#organization\"},\"image\":{\"@id\":\"https:\/\/www.sonoraenequipo.com.mx\/aumentaron-quejas-en-seguros-de-gastos-medicos-mayores-profeco\/#primaryimage\"},\"thumbnailUrl\":\"https:\/\/www.sonoraenequipo.com.mx\/storage\/2021\/09\/profeco-aseguradoras_opt.jpg\",\"articleSection\":[\"Rep\u00fablica\"],\"inLanguage\":\"es\",\"potentialAction\":[{\"@type\":\"CommentAction\",\"name\":\"Comment\",\"target\":[\"https:\/\/www.sonoraenequipo.com.mx\/aumentaron-quejas-en-seguros-de-gastos-medicos-mayores-profeco\/#respond\"]}]},{\"@type\":\"WebPage\",\"@id\":\"https:\/\/www.sonoraenequipo.com.mx\/aumentaron-quejas-en-seguros-de-gastos-medicos-mayores-profeco\/\",\"url\":\"https:\/\/www.sonoraenequipo.com.mx\/aumentaron-quejas-en-seguros-de-gastos-medicos-mayores-profeco\/\",\"name\":\"Sonora en Equipo. Aumentaron quejas en seguros de gastos m\u00e9dicos mayores: Profeco Rep\u00fablica\",\"isPartOf\":{\"@id\":\"https:\/\/www.sonoraenequipo.com.mx\/#website\"},\"primaryImageOfPage\":{\"@id\":\"https:\/\/www.sonoraenequipo.com.mx\/aumentaron-quejas-en-seguros-de-gastos-medicos-mayores-profeco\/#primaryimage\"},\"image\":{\"@id\":\"https:\/\/www.sonoraenequipo.com.mx\/aumentaron-quejas-en-seguros-de-gastos-medicos-mayores-profeco\/#primaryimage\"},\"thumbnailUrl\":\"https:\/\/www.sonoraenequipo.com.mx\/storage\/2021\/09\/profeco-aseguradoras_opt.jpg\",\"datePublished\":\"2021-10-01T02:44:59+00:00\",\"description\":\"CIUDAD DE M\u00c9XICO. MX. \u2014\u00a0 El titular de la Procuradur\u00eda Federal del Consumidor (PROFECO), Ricardo Sheffiedl Padilla, inform\u00f3 a principio de esta semana que En Sonora en Equipo publicamos toda la informaci\u00f3n de Sonora, M\u00e9xico y el Mundo de manera oportuna y busca que la libertad de expresi\u00f3n sea real. Visita nuestro medio informativo publicado desde Hermosillo, Sonora. %\",\"breadcrumb\":{\"@id\":\"https:\/\/www.sonoraenequipo.com.mx\/aumentaron-quejas-en-seguros-de-gastos-medicos-mayores-profeco\/#breadcrumb\"},\"inLanguage\":\"es\",\"potentialAction\":[{\"@type\":\"ReadAction\",\"target\":[\"https:\/\/www.sonoraenequipo.com.mx\/aumentaron-quejas-en-seguros-de-gastos-medicos-mayores-profeco\/\"]}]},{\"@type\":\"ImageObject\",\"inLanguage\":\"es\",\"@id\":\"https:\/\/www.sonoraenequipo.com.mx\/aumentaron-quejas-en-seguros-de-gastos-medicos-mayores-profeco\/#primaryimage\",\"url\":\"https:\/\/www.sonoraenequipo.com.mx\/storage\/2021\/09\/profeco-aseguradoras_opt.jpg\",\"contentUrl\":\"https:\/\/www.sonoraenequipo.com.mx\/storage\/2021\/09\/profeco-aseguradoras_opt.jpg\",\"width\":700,\"height\":400},{\"@type\":\"BreadcrumbList\",\"@id\":\"https:\/\/www.sonoraenequipo.com.mx\/aumentaron-quejas-en-seguros-de-gastos-medicos-mayores-profeco\/#breadcrumb\",\"itemListElement\":[{\"@type\":\"ListItem\",\"position\":1,\"name\":\"Portada\",\"item\":\"https:\/\/www.sonoraenequipo.com.mx\/\"},{\"@type\":\"ListItem\",\"position\":2,\"name\":\"Aumentaron quejas en seguros de gastos m\u00e9dicos mayores: Profeco\"}]},{\"@type\":\"WebSite\",\"@id\":\"https:\/\/www.sonoraenequipo.com.mx\/#website\",\"url\":\"https:\/\/www.sonoraenequipo.com.mx\/\",\"name\":\"Sonora en Equipo.\",\"description\":\"Diario en l\u00ednea con Noticias desde Hermosillo, Sonora\",\"publisher\":{\"@id\":\"https:\/\/www.sonoraenequipo.com.mx\/#organization\"},\"potentialAction\":[{\"@type\":\"SearchAction\",\"target\":{\"@type\":\"EntryPoint\",\"urlTemplate\":\"https:\/\/www.sonoraenequipo.com.mx\/?s={search_term_string}\"},\"query-input\":{\"@type\":\"PropertyValueSpecification\",\"valueRequired\":true,\"valueName\":\"search_term_string\"}}],\"inLanguage\":\"es\"},{\"@type\":\"Organization\",\"@id\":\"https:\/\/www.sonoraenequipo.com.mx\/#organization\",\"name\":\"Sonoraenequipo.com.mx\",\"url\":\"https:\/\/www.sonoraenequipo.com.mx\/\",\"logo\":{\"@type\":\"ImageObject\",\"inLanguage\":\"es\",\"@id\":\"https:\/\/www.sonoraenequipo.com.mx\/#\/schema\/logo\/image\/\",\"url\":\"https:\/\/www.sonoraenequipo.com.mx\/storage\/2019\/01\/sonoraenequipo_opt.png\",\"contentUrl\":\"https:\/\/www.sonoraenequipo.com.mx\/storage\/2019\/01\/sonoraenequipo_opt.png\",\"width\":375,\"height\":125,\"caption\":\"Sonoraenequipo.com.mx\"},\"image\":{\"@id\":\"https:\/\/www.sonoraenequipo.com.mx\/#\/schema\/logo\/image\/\"},\"sameAs\":[\"https:\/\/www.facebook.com\/SonoraEE\/\",\"https:\/\/x.com\/sonoraenequipo\",\"https:\/\/www.youtube.com\/channel\/UC338nW-lPEYmJQs4ZABQ1SQ\"]},{\"@type\":\"Person\",\"@id\":\"https:\/\/www.sonoraenequipo.com.mx\/#\/schema\/person\/50102df0fb23a8fa9e8effad8fa81386\",\"name\":\"enequipo\",\"image\":{\"@type\":\"ImageObject\",\"inLanguage\":\"es\",\"@id\":\"https:\/\/www.sonoraenequipo.com.mx\/#\/schema\/person\/image\/\",\"url\":\"https:\/\/secure.gravatar.com\/avatar\/049821681b589dabc0bc20695993ccebb09f5b5d4d790cd9251b97faac7c652b?s=96&d=blank&r=g\",\"contentUrl\":\"https:\/\/secure.gravatar.com\/avatar\/049821681b589dabc0bc20695993ccebb09f5b5d4d790cd9251b97faac7c652b?s=96&d=blank&r=g\",\"caption\":\"enequipo\"},\"sameAs\":[\"https:\/\/www.facebook.com\/SonoraEE\"]}]}<\/script>\n ","yoast_head_json":{"title":"Sonora en Equipo. Aumentaron quejas en seguros de gastos m\u00e9dicos mayores: Profeco Rep\u00fablica","description":"CIUDAD DE M\u00c9XICO. MX. \u2014\u00a0 El titular de la Procuradur\u00eda Federal del Consumidor (PROFECO), Ricardo Sheffiedl Padilla, inform\u00f3 a principio de esta semana que En Sonora en Equipo publicamos toda la informaci\u00f3n de Sonora, M\u00e9xico y el Mundo de manera oportuna y busca que la libertad de expresi\u00f3n sea real. Visita nuestro medio informativo publicado desde Hermosillo, Sonora. %","robots":{"index":"index","follow":"follow","max-snippet":"max-snippet:-1","max-image-preview":"max-image-preview:large","max-video-preview":"max-video-preview:-1"},"canonical":"https:\/\/www.sonoraenequipo.com.mx\/aumentaron-quejas-en-seguros-de-gastos-medicos-mayores-profeco\/","og_locale":"es_ES","og_type":"article","og_title":"Sonora en Equipo. Aumentaron quejas en seguros de gastos m\u00e9dicos mayores: Profeco Rep\u00fablica","og_description":"CIUDAD DE M\u00c9XICO. MX. \u2014\u00a0 El titular de la Procuradur\u00eda Federal del Consumidor (PROFECO), Ricardo Sheffiedl Padilla, inform\u00f3 a principio de esta semana que En Sonora en Equipo publicamos toda la informaci\u00f3n de Sonora, M\u00e9xico y el Mundo de manera oportuna y busca que la libertad de expresi\u00f3n sea real. Visita nuestro medio informativo publicado desde Hermosillo, Sonora. %","og_url":"https:\/\/www.sonoraenequipo.com.mx\/aumentaron-quejas-en-seguros-de-gastos-medicos-mayores-profeco\/","og_site_name":"Sonora en Equipo.","article_publisher":"https:\/\/www.facebook.com\/SonoraEE\/","article_author":"https:\/\/www.facebook.com\/SonoraEE","article_published_time":"2021-10-01T02:44:59+00:00","og_image":[{"width":700,"height":400,"url":"https:\/\/www.sonoraenequipo.com.mx\/storage\/2021\/09\/profeco-aseguradoras_opt.jpg","type":"image\/jpeg"}],"author":"enequipo","twitter_card":"summary_large_image","twitter_creator":"@sonoraenequipo","twitter_site":"@sonoraenequipo","twitter_misc":{"Escrito por":"enequipo","Tiempo de lectura":"2 minutos"},"schema":{"@context":"https:\/\/schema.org","@graph":[{"@type":"Article","@id":"https:\/\/www.sonoraenequipo.com.mx\/aumentaron-quejas-en-seguros-de-gastos-medicos-mayores-profeco\/#article","isPartOf":{"@id":"https:\/\/www.sonoraenequipo.com.mx\/aumentaron-quejas-en-seguros-de-gastos-medicos-mayores-profeco\/"},"author":{"name":"enequipo","@id":"https:\/\/www.sonoraenequipo.com.mx\/#\/schema\/person\/50102df0fb23a8fa9e8effad8fa81386"},"headline":"Aumentaron quejas en seguros de gastos m\u00e9dicos mayores: Profeco","datePublished":"2021-10-01T02:44:59+00:00","mainEntityOfPage":{"@id":"https:\/\/www.sonoraenequipo.com.mx\/aumentaron-quejas-en-seguros-de-gastos-medicos-mayores-profeco\/"},"wordCount":356,"commentCount":0,"publisher":{"@id":"https:\/\/www.sonoraenequipo.com.mx\/#organization"},"image":{"@id":"https:\/\/www.sonoraenequipo.com.mx\/aumentaron-quejas-en-seguros-de-gastos-medicos-mayores-profeco\/#primaryimage"},"thumbnailUrl":"https:\/\/www.sonoraenequipo.com.mx\/storage\/2021\/09\/profeco-aseguradoras_opt.jpg","articleSection":["Rep\u00fablica"],"inLanguage":"es","potentialAction":[{"@type":"CommentAction","name":"Comment","target":["https:\/\/www.sonoraenequipo.com.mx\/aumentaron-quejas-en-seguros-de-gastos-medicos-mayores-profeco\/#respond"]}]},{"@type":"WebPage","@id":"https:\/\/www.sonoraenequipo.com.mx\/aumentaron-quejas-en-seguros-de-gastos-medicos-mayores-profeco\/","url":"https:\/\/www.sonoraenequipo.com.mx\/aumentaron-quejas-en-seguros-de-gastos-medicos-mayores-profeco\/","name":"Sonora en Equipo. Aumentaron quejas en seguros de gastos m\u00e9dicos mayores: Profeco Rep\u00fablica","isPartOf":{"@id":"https:\/\/www.sonoraenequipo.com.mx\/#website"},"primaryImageOfPage":{"@id":"https:\/\/www.sonoraenequipo.com.mx\/aumentaron-quejas-en-seguros-de-gastos-medicos-mayores-profeco\/#primaryimage"},"image":{"@id":"https:\/\/www.sonoraenequipo.com.mx\/aumentaron-quejas-en-seguros-de-gastos-medicos-mayores-profeco\/#primaryimage"},"thumbnailUrl":"https:\/\/www.sonoraenequipo.com.mx\/storage\/2021\/09\/profeco-aseguradoras_opt.jpg","datePublished":"2021-10-01T02:44:59+00:00","description":"CIUDAD DE M\u00c9XICO. MX. \u2014\u00a0 El titular de la Procuradur\u00eda Federal del Consumidor (PROFECO), Ricardo Sheffiedl Padilla, inform\u00f3 a principio de esta semana que En Sonora en Equipo publicamos toda la informaci\u00f3n de Sonora, M\u00e9xico y el Mundo de manera oportuna y busca que la libertad de expresi\u00f3n sea real. Visita nuestro medio informativo publicado desde Hermosillo, Sonora. %","breadcrumb":{"@id":"https:\/\/www.sonoraenequipo.com.mx\/aumentaron-quejas-en-seguros-de-gastos-medicos-mayores-profeco\/#breadcrumb"},"inLanguage":"es","potentialAction":[{"@type":"ReadAction","target":["https:\/\/www.sonoraenequipo.com.mx\/aumentaron-quejas-en-seguros-de-gastos-medicos-mayores-profeco\/"]}]},{"@type":"ImageObject","inLanguage":"es","@id":"https:\/\/www.sonoraenequipo.com.mx\/aumentaron-quejas-en-seguros-de-gastos-medicos-mayores-profeco\/#primaryimage","url":"https:\/\/www.sonoraenequipo.com.mx\/storage\/2021\/09\/profeco-aseguradoras_opt.jpg","contentUrl":"https:\/\/www.sonoraenequipo.com.mx\/storage\/2021\/09\/profeco-aseguradoras_opt.jpg","width":700,"height":400},{"@type":"BreadcrumbList","@id":"https:\/\/www.sonoraenequipo.com.mx\/aumentaron-quejas-en-seguros-de-gastos-medicos-mayores-profeco\/#breadcrumb","itemListElement":[{"@type":"ListItem","position":1,"name":"Portada","item":"https:\/\/www.sonoraenequipo.com.mx\/"},{"@type":"ListItem","position":2,"name":"Aumentaron quejas en seguros de gastos m\u00e9dicos mayores: Profeco"}]},{"@type":"WebSite","@id":"https:\/\/www.sonoraenequipo.com.mx\/#website","url":"https:\/\/www.sonoraenequipo.com.mx\/","name":"Sonora en Equipo.","description":"Diario en l\u00ednea con Noticias desde Hermosillo, Sonora","publisher":{"@id":"https:\/\/www.sonoraenequipo.com.mx\/#organization"},"potentialAction":[{"@type":"SearchAction","target":{"@type":"EntryPoint","urlTemplate":"https:\/\/www.sonoraenequipo.com.mx\/?s={search_term_string}"},"query-input":{"@type":"PropertyValueSpecification","valueRequired":true,"valueName":"search_term_string"}}],"inLanguage":"es"},{"@type":"Organization","@id":"https:\/\/www.sonoraenequipo.com.mx\/#organization","name":"Sonoraenequipo.com.mx","url":"https:\/\/www.sonoraenequipo.com.mx\/","logo":{"@type":"ImageObject","inLanguage":"es","@id":"https:\/\/www.sonoraenequipo.com.mx\/#\/schema\/logo\/image\/","url":"https:\/\/www.sonoraenequipo.com.mx\/storage\/2019\/01\/sonoraenequipo_opt.png","contentUrl":"https:\/\/www.sonoraenequipo.com.mx\/storage\/2019\/01\/sonoraenequipo_opt.png","width":375,"height":125,"caption":"Sonoraenequipo.com.mx"},"image":{"@id":"https:\/\/www.sonoraenequipo.com.mx\/#\/schema\/logo\/image\/"},"sameAs":["https:\/\/www.facebook.com\/SonoraEE\/","https:\/\/x.com\/sonoraenequipo","https:\/\/www.youtube.com\/channel\/UC338nW-lPEYmJQs4ZABQ1SQ"]},{"@type":"Person","@id":"https:\/\/www.sonoraenequipo.com.mx\/#\/schema\/person\/50102df0fb23a8fa9e8effad8fa81386","name":"enequipo","image":{"@type":"ImageObject","inLanguage":"es","@id":"https:\/\/www.sonoraenequipo.com.mx\/#\/schema\/person\/image\/","url":"https:\/\/secure.gravatar.com\/avatar\/049821681b589dabc0bc20695993ccebb09f5b5d4d790cd9251b97faac7c652b?s=96&d=blank&r=g","contentUrl":"https:\/\/secure.gravatar.com\/avatar\/049821681b589dabc0bc20695993ccebb09f5b5d4d790cd9251b97faac7c652b?s=96&d=blank&r=g","caption":"enequipo"},"sameAs":["https:\/\/www.facebook.com\/SonoraEE"]}]}},"jetpack_featured_media_url":"https:\/\/www.sonoraenequipo.com.mx\/storage\/2021\/09\/profeco-aseguradoras_opt.jpg","_links":{"self":[{"href":"https:\/\/www.sonoraenequipo.com.mx\/api\/wp\/v2\/posts\/124036","targetHints":{"allow":["GET"]}}],"collection":[{"href":"https:\/\/www.sonoraenequipo.com.mx\/api\/wp\/v2\/posts"}],"about":[{"href":"https:\/\/www.sonoraenequipo.com.mx\/api\/wp\/v2\/types\/post"}],"author":[{"embeddable":true,"href":"https:\/\/www.sonoraenequipo.com.mx\/api\/wp\/v2\/users\/1"}],"replies":[{"embeddable":true,"href":"https:\/\/www.sonoraenequipo.com.mx\/api\/wp\/v2\/comments?post=124036"}],"version-history":[{"count":1,"href":"https:\/\/www.sonoraenequipo.com.mx\/api\/wp\/v2\/posts\/124036\/revisions"}],"predecessor-version":[{"id":124038,"href":"https:\/\/www.sonoraenequipo.com.mx\/api\/wp\/v2\/posts\/124036\/revisions\/124038"}],"wp:featuredmedia":[{"embeddable":true,"href":"https:\/\/www.sonoraenequipo.com.mx\/api\/wp\/v2\/media\/124037"}],"wp:attachment":[{"href":"https:\/\/www.sonoraenequipo.com.mx\/api\/wp\/v2\/media?parent=124036"}],"wp:term":[{"taxonomy":"category","embeddable":true,"href":"https:\/\/www.sonoraenequipo.com.mx\/api\/wp\/v2\/categories?post=124036"},{"taxonomy":"post_tag","embeddable":true,"href":"https:\/\/www.sonoraenequipo.com.mx\/api\/wp\/v2\/tags?post=124036"}],"curies":[{"name":"wp","href":"https:\/\/api.w.org\/{rel}","templated":true}]}}