{"id":124039,"date":"2021-09-30T17:50:31","date_gmt":"2021-10-01T00:50:31","guid":{"rendered":"https:\/\/www.sonoraenequipo.com.mx\/?p=124039"},"modified":"2021-09-30T19:57:40","modified_gmt":"2021-10-01T02:57:40","slug":"mexico-y-eu-firman-acuerdo-para-investigar-delitos-del-fuero-federal","status":"publish","type":"post","link":"https:\/\/www.sonoraenequipo.com.mx\/mexico-y-eu-firman-acuerdo-para-investigar-delitos-del-fuero-federal\/","title":{"rendered":"M\u00e9xico y EU firman acuerdo para investigar delitos del fuero federal"},"content":{"rendered":"<p>CIUDAD DE M\u00c9XICO. MX. \u2014 La Fiscal\u00eda General de la Rep\u00fablica (FGR), a trav\u00e9s de su titular Alejandro Gertz Manero, y su hom\u00f3logo de los Estados Unidos, Merrick B. Garland, firman un convenio de colaboraci\u00f3n para intercambiar informaci\u00f3n sobre delitos y detenidos.<\/p>\n<p>&nbsp;<\/p>\n<p> <\/p>\n<p>El d\u00eda 28.09.2021,\u00a0 sostuvieron una reuni\u00f3n en Washington D. C., donde refrendaron su compromiso para trabajar estrechamente en investigaciones de diversos casos criminales a lo largo de la frontera entre norte.<\/p>\n<p>&nbsp;<\/p>\n<p>Los casos que ocupan la atenci\u00f3n de ambos fiscales son aquellos que se relacionan con narc\u00f3ticos y tr\u00e1fico de armas, tr\u00e1fico y trata de personas, finanzas il\u00edcitas y lavado de dinero.<\/p>\n<p>&nbsp;<\/p>\n<p>La FGR inform\u00f3 que los funcionarios coincidieron en la importancia de la relaci\u00f3n en temas de extradici\u00f3n, y su compromiso para continuar activamente con las solicitudes, en ese rubro, pendientes en cada uno de los pa\u00edses. reconocieron, que una cooperaci\u00f3n constante y exhaustiva entre ambas instituciones es fundamental.<\/p>\n<p>&nbsp;<\/p>\n<p>En un documento se inform\u00f3 que se dar\u00e1 continuidad a un di\u00e1logo bilateral de forma regular, con el prop\u00f3sito de garantizar la protecci\u00f3n de los ciudadanos de ambos lados de la frontera, puntualiz\u00f3 la FGR.<\/p>\n<p>&nbsp;<\/p>\n<p>Gertz Manero tuvo una estrecha relaci\u00f3n con el anterior fiscal estadounidense, William Barr, quien facilit\u00f3 el retorno a M\u00e9xico del ex secretario de Defensa Salvador Cienfuegos, acusado de narcotr\u00e1fico por Estados Unidos y que fue exonerado en territorio mexicano.<\/p>\n<p>&nbsp;<\/p>\n<p>M\u00e9xico est\u00e1 pendiente de la extradici\u00f3n del ex gobernador de Chihuahua, C\u00e9sar Duarte, acusado de corrupci\u00f3n y arrestado el a\u00f1o pasado en Miami, Estados Unidos.<\/p>\n<p>&nbsp;<\/p>\n<p>&nbsp;<\/p>\n<p>(Publicada el 30\/09\/2021)<\/p>\n","protected":false},"excerpt":{"rendered":"<p>CIUDAD DE M\u00c9XICO. MX. \u2014 La Fiscal\u00eda General de la Rep\u00fablica (FGR), a trav\u00e9s de&#8230;<\/p>\n","protected":false},"author":1,"featured_media":123984,"comment_status":"open","ping_status":"open","sticky":false,"template":"","format":"standard","meta":{"_monsterinsights_skip_tracking":false,"_monsterinsights_sitenote_active":false,"_monsterinsights_sitenote_note":"","_monsterinsights_sitenote_category":0,"footnotes":""},"categories":[3],"tags":[196,6196,6194,6195],"class_list":["post"],"yoast_head":" \n<title>Sonora en Equipo. M\u00e9xico y EU firman acuerdo para investigar delitos del fuero federal MUNDO<\/title>\n<meta name=\"description\" content=\"CIUDAD DE M\u00c9XICO. MX. \u2014 La Fiscal\u00eda General de la Rep\u00fablica (FGR), a trav\u00e9s de su titular Alejandro Gertz Manero, y su hom\u00f3logo de los Estados Unidos, En Sonora en Equipo publicamos toda la informaci\u00f3n de Sonora, M\u00e9xico y el Mundo de manera oportuna y busca que la libertad de expresi\u00f3n sea real. Visita nuestro medio informativo publicado desde Hermosillo, Sonora. %\" \/>\n<meta name=\"robots\" content=\"index, follow, max-snippet:-1, max-image-preview:large, max-video-preview:-1\" \/>\n<link rel=\"canonical\" href=\"https:\/\/www.sonoraenequipo.com.mx\/mexico-y-eu-firman-acuerdo-para-investigar-delitos-del-fuero-federal\/\" \/>\n<meta property=\"og:locale\" content=\"es_ES\" \/>\n<meta property=\"og:type\" content=\"article\" \/>\n<meta property=\"og:title\" content=\"Sonora en Equipo. M\u00e9xico y EU firman acuerdo para investigar delitos del fuero federal MUNDO\" \/>\n<meta property=\"og:description\" content=\"CIUDAD DE M\u00c9XICO. MX. \u2014 La Fiscal\u00eda General de la Rep\u00fablica (FGR), a trav\u00e9s de su titular Alejandro Gertz Manero, y su hom\u00f3logo de los Estados Unidos, En Sonora en Equipo publicamos toda la informaci\u00f3n de Sonora, M\u00e9xico y el Mundo de manera oportuna y busca que la libertad de expresi\u00f3n sea real. Visita nuestro medio informativo publicado desde Hermosillo, Sonora. %\" \/>\n<meta property=\"og:url\" content=\"https:\/\/www.sonoraenequipo.com.mx\/mexico-y-eu-firman-acuerdo-para-investigar-delitos-del-fuero-federal\/\" \/>\n<meta property=\"og:site_name\" content=\"Sonora en Equipo.\" \/>\n<meta property=\"article:publisher\" content=\"https:\/\/www.facebook.com\/SonoraEE\/\" \/>\n<meta property=\"article:author\" content=\"https:\/\/www.facebook.com\/SonoraEE\" \/>\n<meta property=\"article:published_time\" content=\"2021-10-01T00:50:31+00:00\" \/>\n<meta property=\"article:modified_time\" content=\"2021-10-01T02:57:40+00:00\" \/>\n<meta property=\"og:image\" content=\"https:\/\/www.sonoraenequipo.com.mx\/storage\/2021\/09\/gertz-manero-acuerdo-con-eua_opt.jpg\" \/>\n\t<meta property=\"og:image:width\" content=\"700\" \/>\n\t<meta property=\"og:image:height\" content=\"400\" \/>\n\t<meta property=\"og:image:type\" content=\"image\/jpeg\" \/>\n<meta name=\"author\" content=\"enequipo\" \/>\n<meta name=\"twitter:card\" content=\"summary_large_image\" \/>\n<meta name=\"twitter:creator\" content=\"@sonoraenequipo\" \/>\n<meta name=\"twitter:site\" content=\"@sonoraenequipo\" \/>\n<meta name=\"twitter:label1\" content=\"Escrito por\" \/>\n\t<meta name=\"twitter:data1\" content=\"enequipo\" \/>\n\t<meta name=\"twitter:label2\" content=\"Tiempo de lectura\" \/>\n\t<meta name=\"twitter:data2\" content=\"2 minutos\" \/>\n<script type=\"application\/ld+json\" class=\"yoast-schema-graph\">{\"@context\":\"https:\/\/schema.org\",\"@graph\":[{\"@type\":\"Article\",\"@id\":\"https:\/\/www.sonoraenequipo.com.mx\/mexico-y-eu-firman-acuerdo-para-investigar-delitos-del-fuero-federal\/#article\",\"isPartOf\":{\"@id\":\"https:\/\/www.sonoraenequipo.com.mx\/mexico-y-eu-firman-acuerdo-para-investigar-delitos-del-fuero-federal\/\"},\"author\":{\"name\":\"enequipo\",\"@id\":\"https:\/\/www.sonoraenequipo.com.mx\/#\/schema\/person\/50102df0fb23a8fa9e8effad8fa81386\"},\"headline\":\"M\u00e9xico y EU firman acuerdo para investigar delitos del fuero federal\",\"datePublished\":\"2021-10-01T00:50:31+00:00\",\"dateModified\":\"2021-10-01T02:57:40+00:00\",\"mainEntityOfPage\":{\"@id\":\"https:\/\/www.sonoraenequipo.com.mx\/mexico-y-eu-firman-acuerdo-para-investigar-delitos-del-fuero-federal\/\"},\"wordCount\":300,\"commentCount\":0,\"publisher\":{\"@id\":\"https:\/\/www.sonoraenequipo.com.mx\/#organization\"},\"image\":{\"@id\":\"https:\/\/www.sonoraenequipo.com.mx\/mexico-y-eu-firman-acuerdo-para-investigar-delitos-del-fuero-federal\/#primaryimage\"},\"thumbnailUrl\":\"https:\/\/www.sonoraenequipo.com.mx\/storage\/2021\/09\/gertz-manero-acuerdo-con-eua_opt.jpg\",\"keywords\":[\"Armas de fuego\",\"Orden p\u00fablico\",\"Tr\u00e1fico armas\",\"Tr\u00e1fico coca\u00edna\"],\"articleSection\":[\"MUNDO\"],\"inLanguage\":\"es\",\"potentialAction\":[{\"@type\":\"CommentAction\",\"name\":\"Comment\",\"target\":[\"https:\/\/www.sonoraenequipo.com.mx\/mexico-y-eu-firman-acuerdo-para-investigar-delitos-del-fuero-federal\/#respond\"]}]},{\"@type\":\"WebPage\",\"@id\":\"https:\/\/www.sonoraenequipo.com.mx\/mexico-y-eu-firman-acuerdo-para-investigar-delitos-del-fuero-federal\/\",\"url\":\"https:\/\/www.sonoraenequipo.com.mx\/mexico-y-eu-firman-acuerdo-para-investigar-delitos-del-fuero-federal\/\",\"name\":\"Sonora en Equipo. M\u00e9xico y EU firman acuerdo para investigar delitos del fuero federal MUNDO\",\"isPartOf\":{\"@id\":\"https:\/\/www.sonoraenequipo.com.mx\/#website\"},\"primaryImageOfPage\":{\"@id\":\"https:\/\/www.sonoraenequipo.com.mx\/mexico-y-eu-firman-acuerdo-para-investigar-delitos-del-fuero-federal\/#primaryimage\"},\"image\":{\"@id\":\"https:\/\/www.sonoraenequipo.com.mx\/mexico-y-eu-firman-acuerdo-para-investigar-delitos-del-fuero-federal\/#primaryimage\"},\"thumbnailUrl\":\"https:\/\/www.sonoraenequipo.com.mx\/storage\/2021\/09\/gertz-manero-acuerdo-con-eua_opt.jpg\",\"datePublished\":\"2021-10-01T00:50:31+00:00\",\"dateModified\":\"2021-10-01T02:57:40+00:00\",\"description\":\"CIUDAD DE M\u00c9XICO. MX. \u2014 La Fiscal\u00eda General de la Rep\u00fablica (FGR), a trav\u00e9s de su titular Alejandro Gertz Manero, y su hom\u00f3logo de los Estados Unidos, En Sonora en Equipo publicamos toda la informaci\u00f3n de Sonora, M\u00e9xico y el Mundo de manera oportuna y busca que la libertad de expresi\u00f3n sea real. Visita nuestro medio informativo publicado desde Hermosillo, Sonora. %\",\"breadcrumb\":{\"@id\":\"https:\/\/www.sonoraenequipo.com.mx\/mexico-y-eu-firman-acuerdo-para-investigar-delitos-del-fuero-federal\/#breadcrumb\"},\"inLanguage\":\"es\",\"potentialAction\":[{\"@type\":\"ReadAction\",\"target\":[\"https:\/\/www.sonoraenequipo.com.mx\/mexico-y-eu-firman-acuerdo-para-investigar-delitos-del-fuero-federal\/\"]}]},{\"@type\":\"ImageObject\",\"inLanguage\":\"es\",\"@id\":\"https:\/\/www.sonoraenequipo.com.mx\/mexico-y-eu-firman-acuerdo-para-investigar-delitos-del-fuero-federal\/#primaryimage\",\"url\":\"https:\/\/www.sonoraenequipo.com.mx\/storage\/2021\/09\/gertz-manero-acuerdo-con-eua_opt.jpg\",\"contentUrl\":\"https:\/\/www.sonoraenequipo.com.mx\/storage\/2021\/09\/gertz-manero-acuerdo-con-eua_opt.jpg\",\"width\":700,\"height\":400},{\"@type\":\"BreadcrumbList\",\"@id\":\"https:\/\/www.sonoraenequipo.com.mx\/mexico-y-eu-firman-acuerdo-para-investigar-delitos-del-fuero-federal\/#breadcrumb\",\"itemListElement\":[{\"@type\":\"ListItem\",\"position\":1,\"name\":\"Portada\",\"item\":\"https:\/\/www.sonoraenequipo.com.mx\/\"},{\"@type\":\"ListItem\",\"position\":2,\"name\":\"M\u00e9xico y EU firman acuerdo para investigar delitos del fuero federal\"}]},{\"@type\":\"WebSite\",\"@id\":\"https:\/\/www.sonoraenequipo.com.mx\/#website\",\"url\":\"https:\/\/www.sonoraenequipo.com.mx\/\",\"name\":\"Sonora en Equipo.\",\"description\":\"Diario en l\u00ednea con Noticias desde Hermosillo, Sonora\",\"publisher\":{\"@id\":\"https:\/\/www.sonoraenequipo.com.mx\/#organization\"},\"potentialAction\":[{\"@type\":\"SearchAction\",\"target\":{\"@type\":\"EntryPoint\",\"urlTemplate\":\"https:\/\/www.sonoraenequipo.com.mx\/?s={search_term_string}\"},\"query-input\":{\"@type\":\"PropertyValueSpecification\",\"valueRequired\":true,\"valueName\":\"search_term_string\"}}],\"inLanguage\":\"es\"},{\"@type\":\"Organization\",\"@id\":\"https:\/\/www.sonoraenequipo.com.mx\/#organization\",\"name\":\"Sonoraenequipo.com.mx\",\"url\":\"https:\/\/www.sonoraenequipo.com.mx\/\",\"logo\":{\"@type\":\"ImageObject\",\"inLanguage\":\"es\",\"@id\":\"https:\/\/www.sonoraenequipo.com.mx\/#\/schema\/logo\/image\/\",\"url\":\"https:\/\/www.sonoraenequipo.com.mx\/storage\/2019\/01\/sonoraenequipo_opt.png\",\"contentUrl\":\"https:\/\/www.sonoraenequipo.com.mx\/storage\/2019\/01\/sonoraenequipo_opt.png\",\"width\":375,\"height\":125,\"caption\":\"Sonoraenequipo.com.mx\"},\"image\":{\"@id\":\"https:\/\/www.sonoraenequipo.com.mx\/#\/schema\/logo\/image\/\"},\"sameAs\":[\"https:\/\/www.facebook.com\/SonoraEE\/\",\"https:\/\/x.com\/sonoraenequipo\",\"https:\/\/www.youtube.com\/channel\/UC338nW-lPEYmJQs4ZABQ1SQ\"]},{\"@type\":\"Person\",\"@id\":\"https:\/\/www.sonoraenequipo.com.mx\/#\/schema\/person\/50102df0fb23a8fa9e8effad8fa81386\",\"name\":\"enequipo\",\"image\":{\"@type\":\"ImageObject\",\"inLanguage\":\"es\",\"@id\":\"https:\/\/www.sonoraenequipo.com.mx\/#\/schema\/person\/image\/\",\"url\":\"https:\/\/secure.gravatar.com\/avatar\/049821681b589dabc0bc20695993ccebb09f5b5d4d790cd9251b97faac7c652b?s=96&d=blank&r=g\",\"contentUrl\":\"https:\/\/secure.gravatar.com\/avatar\/049821681b589dabc0bc20695993ccebb09f5b5d4d790cd9251b97faac7c652b?s=96&d=blank&r=g\",\"caption\":\"enequipo\"},\"sameAs\":[\"https:\/\/www.facebook.com\/SonoraEE\"]}]}<\/script>\n ","yoast_head_json":{"title":"Sonora en Equipo. M\u00e9xico y EU firman acuerdo para investigar delitos del fuero federal MUNDO","description":"CIUDAD DE M\u00c9XICO. MX. \u2014 La Fiscal\u00eda General de la Rep\u00fablica (FGR), a trav\u00e9s de su titular Alejandro Gertz Manero, y su hom\u00f3logo de los Estados Unidos, En Sonora en Equipo publicamos toda la informaci\u00f3n de Sonora, M\u00e9xico y el Mundo de manera oportuna y busca que la libertad de expresi\u00f3n sea real. Visita nuestro medio informativo publicado desde Hermosillo, Sonora. %","robots":{"index":"index","follow":"follow","max-snippet":"max-snippet:-1","max-image-preview":"max-image-preview:large","max-video-preview":"max-video-preview:-1"},"canonical":"https:\/\/www.sonoraenequipo.com.mx\/mexico-y-eu-firman-acuerdo-para-investigar-delitos-del-fuero-federal\/","og_locale":"es_ES","og_type":"article","og_title":"Sonora en Equipo. M\u00e9xico y EU firman acuerdo para investigar delitos del fuero federal MUNDO","og_description":"CIUDAD DE M\u00c9XICO. MX. \u2014 La Fiscal\u00eda General de la Rep\u00fablica (FGR), a trav\u00e9s de su titular Alejandro Gertz Manero, y su hom\u00f3logo de los Estados Unidos, En Sonora en Equipo publicamos toda la informaci\u00f3n de Sonora, M\u00e9xico y el Mundo de manera oportuna y busca que la libertad de expresi\u00f3n sea real. Visita nuestro medio informativo publicado desde Hermosillo, Sonora. %","og_url":"https:\/\/www.sonoraenequipo.com.mx\/mexico-y-eu-firman-acuerdo-para-investigar-delitos-del-fuero-federal\/","og_site_name":"Sonora en Equipo.","article_publisher":"https:\/\/www.facebook.com\/SonoraEE\/","article_author":"https:\/\/www.facebook.com\/SonoraEE","article_published_time":"2021-10-01T00:50:31+00:00","article_modified_time":"2021-10-01T02:57:40+00:00","og_image":[{"width":700,"height":400,"url":"https:\/\/www.sonoraenequipo.com.mx\/storage\/2021\/09\/gertz-manero-acuerdo-con-eua_opt.jpg","type":"image\/jpeg"}],"author":"enequipo","twitter_card":"summary_large_image","twitter_creator":"@sonoraenequipo","twitter_site":"@sonoraenequipo","twitter_misc":{"Escrito por":"enequipo","Tiempo de lectura":"2 minutos"},"schema":{"@context":"https:\/\/schema.org","@graph":[{"@type":"Article","@id":"https:\/\/www.sonoraenequipo.com.mx\/mexico-y-eu-firman-acuerdo-para-investigar-delitos-del-fuero-federal\/#article","isPartOf":{"@id":"https:\/\/www.sonoraenequipo.com.mx\/mexico-y-eu-firman-acuerdo-para-investigar-delitos-del-fuero-federal\/"},"author":{"name":"enequipo","@id":"https:\/\/www.sonoraenequipo.com.mx\/#\/schema\/person\/50102df0fb23a8fa9e8effad8fa81386"},"headline":"M\u00e9xico y EU firman acuerdo para investigar delitos del fuero federal","datePublished":"2021-10-01T00:50:31+00:00","dateModified":"2021-10-01T02:57:40+00:00","mainEntityOfPage":{"@id":"https:\/\/www.sonoraenequipo.com.mx\/mexico-y-eu-firman-acuerdo-para-investigar-delitos-del-fuero-federal\/"},"wordCount":300,"commentCount":0,"publisher":{"@id":"https:\/\/www.sonoraenequipo.com.mx\/#organization"},"image":{"@id":"https:\/\/www.sonoraenequipo.com.mx\/mexico-y-eu-firman-acuerdo-para-investigar-delitos-del-fuero-federal\/#primaryimage"},"thumbnailUrl":"https:\/\/www.sonoraenequipo.com.mx\/storage\/2021\/09\/gertz-manero-acuerdo-con-eua_opt.jpg","keywords":["Armas de fuego","Orden p\u00fablico","Tr\u00e1fico armas","Tr\u00e1fico coca\u00edna"],"articleSection":["MUNDO"],"inLanguage":"es","potentialAction":[{"@type":"CommentAction","name":"Comment","target":["https:\/\/www.sonoraenequipo.com.mx\/mexico-y-eu-firman-acuerdo-para-investigar-delitos-del-fuero-federal\/#respond"]}]},{"@type":"WebPage","@id":"https:\/\/www.sonoraenequipo.com.mx\/mexico-y-eu-firman-acuerdo-para-investigar-delitos-del-fuero-federal\/","url":"https:\/\/www.sonoraenequipo.com.mx\/mexico-y-eu-firman-acuerdo-para-investigar-delitos-del-fuero-federal\/","name":"Sonora en Equipo. M\u00e9xico y EU firman acuerdo para investigar delitos del fuero federal MUNDO","isPartOf":{"@id":"https:\/\/www.sonoraenequipo.com.mx\/#website"},"primaryImageOfPage":{"@id":"https:\/\/www.sonoraenequipo.com.mx\/mexico-y-eu-firman-acuerdo-para-investigar-delitos-del-fuero-federal\/#primaryimage"},"image":{"@id":"https:\/\/www.sonoraenequipo.com.mx\/mexico-y-eu-firman-acuerdo-para-investigar-delitos-del-fuero-federal\/#primaryimage"},"thumbnailUrl":"https:\/\/www.sonoraenequipo.com.mx\/storage\/2021\/09\/gertz-manero-acuerdo-con-eua_opt.jpg","datePublished":"2021-10-01T00:50:31+00:00","dateModified":"2021-10-01T02:57:40+00:00","description":"CIUDAD DE M\u00c9XICO. MX. \u2014 La Fiscal\u00eda General de la Rep\u00fablica (FGR), a trav\u00e9s de su titular Alejandro Gertz Manero, y su hom\u00f3logo de los Estados Unidos, En Sonora en Equipo publicamos toda la informaci\u00f3n de Sonora, M\u00e9xico y el Mundo de manera oportuna y busca que la libertad de expresi\u00f3n sea real. Visita nuestro medio informativo publicado desde Hermosillo, Sonora. %","breadcrumb":{"@id":"https:\/\/www.sonoraenequipo.com.mx\/mexico-y-eu-firman-acuerdo-para-investigar-delitos-del-fuero-federal\/#breadcrumb"},"inLanguage":"es","potentialAction":[{"@type":"ReadAction","target":["https:\/\/www.sonoraenequipo.com.mx\/mexico-y-eu-firman-acuerdo-para-investigar-delitos-del-fuero-federal\/"]}]},{"@type":"ImageObject","inLanguage":"es","@id":"https:\/\/www.sonoraenequipo.com.mx\/mexico-y-eu-firman-acuerdo-para-investigar-delitos-del-fuero-federal\/#primaryimage","url":"https:\/\/www.sonoraenequipo.com.mx\/storage\/2021\/09\/gertz-manero-acuerdo-con-eua_opt.jpg","contentUrl":"https:\/\/www.sonoraenequipo.com.mx\/storage\/2021\/09\/gertz-manero-acuerdo-con-eua_opt.jpg","width":700,"height":400},{"@type":"BreadcrumbList","@id":"https:\/\/www.sonoraenequipo.com.mx\/mexico-y-eu-firman-acuerdo-para-investigar-delitos-del-fuero-federal\/#breadcrumb","itemListElement":[{"@type":"ListItem","position":1,"name":"Portada","item":"https:\/\/www.sonoraenequipo.com.mx\/"},{"@type":"ListItem","position":2,"name":"M\u00e9xico y EU firman acuerdo para investigar delitos del fuero federal"}]},{"@type":"WebSite","@id":"https:\/\/www.sonoraenequipo.com.mx\/#website","url":"https:\/\/www.sonoraenequipo.com.mx\/","name":"Sonora en Equipo.","description":"Diario en l\u00ednea con Noticias desde Hermosillo, Sonora","publisher":{"@id":"https:\/\/www.sonoraenequipo.com.mx\/#organization"},"potentialAction":[{"@type":"SearchAction","target":{"@type":"EntryPoint","urlTemplate":"https:\/\/www.sonoraenequipo.com.mx\/?s={search_term_string}"},"query-input":{"@type":"PropertyValueSpecification","valueRequired":true,"valueName":"search_term_string"}}],"inLanguage":"es"},{"@type":"Organization","@id":"https:\/\/www.sonoraenequipo.com.mx\/#organization","name":"Sonoraenequipo.com.mx","url":"https:\/\/www.sonoraenequipo.com.mx\/","logo":{"@type":"ImageObject","inLanguage":"es","@id":"https:\/\/www.sonoraenequipo.com.mx\/#\/schema\/logo\/image\/","url":"https:\/\/www.sonoraenequipo.com.mx\/storage\/2019\/01\/sonoraenequipo_opt.png","contentUrl":"https:\/\/www.sonoraenequipo.com.mx\/storage\/2019\/01\/sonoraenequipo_opt.png","width":375,"height":125,"caption":"Sonoraenequipo.com.mx"},"image":{"@id":"https:\/\/www.sonoraenequipo.com.mx\/#\/schema\/logo\/image\/"},"sameAs":["https:\/\/www.facebook.com\/SonoraEE\/","https:\/\/x.com\/sonoraenequipo","https:\/\/www.youtube.com\/channel\/UC338nW-lPEYmJQs4ZABQ1SQ"]},{"@type":"Person","@id":"https:\/\/www.sonoraenequipo.com.mx\/#\/schema\/person\/50102df0fb23a8fa9e8effad8fa81386","name":"enequipo","image":{"@type":"ImageObject","inLanguage":"es","@id":"https:\/\/www.sonoraenequipo.com.mx\/#\/schema\/person\/image\/","url":"https:\/\/secure.gravatar.com\/avatar\/049821681b589dabc0bc20695993ccebb09f5b5d4d790cd9251b97faac7c652b?s=96&d=blank&r=g","contentUrl":"https:\/\/secure.gravatar.com\/avatar\/049821681b589dabc0bc20695993ccebb09f5b5d4d790cd9251b97faac7c652b?s=96&d=blank&r=g","caption":"enequipo"},"sameAs":["https:\/\/www.facebook.com\/SonoraEE"]}]}},"jetpack_featured_media_url":"https:\/\/www.sonoraenequipo.com.mx\/storage\/2021\/09\/gertz-manero-acuerdo-con-eua_opt.jpg","_links":{"self":[{"href":"https:\/\/www.sonoraenequipo.com.mx\/api\/wp\/v2\/posts\/124039","targetHints":{"allow":["GET"]}}],"collection":[{"href":"https:\/\/www.sonoraenequipo.com.mx\/api\/wp\/v2\/posts"}],"about":[{"href":"https:\/\/www.sonoraenequipo.com.mx\/api\/wp\/v2\/types\/post"}],"author":[{"embeddable":true,"href":"https:\/\/www.sonoraenequipo.com.mx\/api\/wp\/v2\/users\/1"}],"replies":[{"embeddable":true,"href":"https:\/\/www.sonoraenequipo.com.mx\/api\/wp\/v2\/comments?post=124039"}],"version-history":[{"count":1,"href":"https:\/\/www.sonoraenequipo.com.mx\/api\/wp\/v2\/posts\/124039\/revisions"}],"predecessor-version":[{"id":124040,"href":"https:\/\/www.sonoraenequipo.com.mx\/api\/wp\/v2\/posts\/124039\/revisions\/124040"}],"wp:featuredmedia":[{"embeddable":true,"href":"https:\/\/www.sonoraenequipo.com.mx\/api\/wp\/v2\/media\/123984"}],"wp:attachment":[{"href":"https:\/\/www.sonoraenequipo.com.mx\/api\/wp\/v2\/media?parent=124039"}],"wp:term":[{"taxonomy":"category","embeddable":true,"href":"https:\/\/www.sonoraenequipo.com.mx\/api\/wp\/v2\/categories?post=124039"},{"taxonomy":"post_tag","embeddable":true,"href":"https:\/\/www.sonoraenequipo.com.mx\/api\/wp\/v2\/tags?post=124039"}],"curies":[{"name":"wp","href":"https:\/\/api.w.org\/{rel}","templated":true}]}}