{"id":124044,"date":"2021-09-30T21:36:34","date_gmt":"2021-10-01T04:36:34","guid":{"rendered":"https:\/\/www.sonoraenequipo.com.mx\/?p=124044"},"modified":"2021-09-30T20:32:04","modified_gmt":"2021-10-01T03:32:04","slug":"gobernador-alfonso-durazo-invita-a-registrar-a-menores-de-12-a-17-anos-para-vacunacion","status":"publish","type":"post","link":"https:\/\/www.sonoraenequipo.com.mx\/gobernador-alfonso-durazo-invita-a-registrar-a-menores-de-12-a-17-anos-para-vacunacion\/","title":{"rendered":"Gobernador Alfonso Durazo invita a registrar a menores de 12 a 17 a\u00f1os para vacunaci\u00f3n"},"content":{"rendered":"<p>HERMOSILLO, SONORA. MX. \u2014 El gobernador de Sonora, Alfonso Durazo Monta\u00f1o, llam\u00f3 a la ciudadan\u00eda a registrar a los menores de 12 a 17 a\u00f1os con comorbilidades para la vacunaci\u00f3n contra Covid-19, que iniciar\u00e1 este viernes 1 de octubre.<\/p>\n<p>&nbsp;<\/p>\n<p> <\/p>\n<p>&nbsp;<\/p>\n<p><em>\u201cEste viernes inicia el registro para la vacunaci\u00f3n a menores de 12 a 17 a\u00f1os a nivel nacional. Invito a las familias a registrar a sus hijas e hijos que viven con alguna comorbilidad que pueda incrementar el riesgo de enfermedad grave y muerte. El esfuerzo que encabeza el presidente L\u00f3pez Obrador a trav\u00e9s del Gobierno de M\u00e9xico contin\u00faa priorizando la salud de las y los mexicanos. Adem\u00e1s de proteger la vida de los ciudadanos, fomenta la reactivaci\u00f3n econ\u00f3mica\u201d,<\/em> escribi\u00f3 en sus redes sociales.<\/p>\n<p>&nbsp;<\/p>\n<p>El mandatario estatal detall\u00f3 que en Sonora se abrir\u00e1 la opci\u00f3n para que menores de 17 a\u00f1os que requieren de alg\u00fan tratamiento especial, discapacidad o enfermedad cr\u00f3nico degenerativa, sean vacunados, y las madres y padres de familia deber\u00e1n estar al pendiente de la convocatoria que se anunciar\u00e1 a nivel estatal.<\/p>\n<p>&nbsp;<\/p>\n<p><em>\u201cAqu\u00ed el mensaje para las madres, para los padres de familia, es que lleven sus hijos a vacunar atendiendo las diversas convocatorias que se van a ir realizando a nivel estatal\u201d,<\/em> expres\u00f3.<\/p>\n<p>&nbsp;<\/p>\n<p>El gobernador Durazo Monta\u00f1o destac\u00f3 que se ha avanzado en la apertura de escuelas y el regreso a clases seguro, y que son cada vez m\u00e1s las escuelas que dan clases presenciales, en la medida en que se han ido rescatando del abandono en el que se encontraban despu\u00e9s de casi dos a\u00f1os.<\/p>\n<p>&nbsp;<\/p>\n<p>(Publicada el 30\/09\/2021)<\/p>\n","protected":false},"excerpt":{"rendered":"<p>HERMOSILLO, SONORA. MX. \u2014 El gobernador de Sonora, Alfonso Durazo Monta\u00f1o, llam\u00f3 a la ciudadan\u00eda&#8230;<\/p>\n","protected":false},"author":1,"featured_media":124045,"comment_status":"open","ping_status":"open","sticky":false,"template":"","format":"standard","meta":{"_monsterinsights_skip_tracking":false,"_monsterinsights_sitenote_active":false,"_monsterinsights_sitenote_note":"","_monsterinsights_sitenote_category":0,"footnotes":""},"categories":[22],"tags":[],"class_list":["post"],"yoast_head":" \n<title>Sonora en Equipo. Gobernador Alfonso Durazo invita a registrar a menores de 12 a 17 a\u00f1os para vacunaci\u00f3n Sonora<\/title>\n<meta name=\"description\" content=\"HERMOSILLO, SONORA. MX. \u2014 El gobernador de Sonora, Alfonso Durazo Monta\u00f1o, llam\u00f3 a la ciudadan\u00eda a registrar a los menores de 12 a 17 a\u00f1os con En Sonora en Equipo publicamos toda la informaci\u00f3n de Sonora, M\u00e9xico y el Mundo de manera oportuna y busca que la libertad de expresi\u00f3n sea real. Visita nuestro medio informativo publicado desde Hermosillo, Sonora. %\" \/>\n<meta name=\"robots\" content=\"index, follow, max-snippet:-1, max-image-preview:large, max-video-preview:-1\" \/>\n<link rel=\"canonical\" href=\"https:\/\/www.sonoraenequipo.com.mx\/gobernador-alfonso-durazo-invita-a-registrar-a-menores-de-12-a-17-anos-para-vacunacion\/\" \/>\n<meta property=\"og:locale\" content=\"es_ES\" \/>\n<meta property=\"og:type\" content=\"article\" \/>\n<meta property=\"og:title\" content=\"Sonora en Equipo. Gobernador Alfonso Durazo invita a registrar a menores de 12 a 17 a\u00f1os para vacunaci\u00f3n Sonora\" \/>\n<meta property=\"og:description\" content=\"HERMOSILLO, SONORA. MX. \u2014 El gobernador de Sonora, Alfonso Durazo Monta\u00f1o, llam\u00f3 a la ciudadan\u00eda a registrar a los menores de 12 a 17 a\u00f1os con En Sonora en Equipo publicamos toda la informaci\u00f3n de Sonora, M\u00e9xico y el Mundo de manera oportuna y busca que la libertad de expresi\u00f3n sea real. Visita nuestro medio informativo publicado desde Hermosillo, Sonora. %\" \/>\n<meta property=\"og:url\" content=\"https:\/\/www.sonoraenequipo.com.mx\/gobernador-alfonso-durazo-invita-a-registrar-a-menores-de-12-a-17-anos-para-vacunacion\/\" \/>\n<meta property=\"og:site_name\" content=\"Sonora en Equipo.\" \/>\n<meta property=\"article:publisher\" content=\"https:\/\/www.facebook.com\/SonoraEE\/\" \/>\n<meta property=\"article:author\" content=\"https:\/\/www.facebook.com\/SonoraEE\" \/>\n<meta property=\"article:published_time\" content=\"2021-10-01T04:36:34+00:00\" \/>\n<meta property=\"og:image\" content=\"https:\/\/www.sonoraenequipo.com.mx\/storage\/2021\/09\/alfonso-durazo_opt-2.jpg\" \/>\n\t<meta property=\"og:image:width\" content=\"700\" \/>\n\t<meta property=\"og:image:height\" content=\"400\" \/>\n\t<meta property=\"og:image:type\" content=\"image\/jpeg\" \/>\n<meta name=\"author\" content=\"enequipo\" \/>\n<meta name=\"twitter:card\" content=\"summary_large_image\" \/>\n<meta name=\"twitter:creator\" content=\"@sonoraenequipo\" \/>\n<meta name=\"twitter:site\" content=\"@sonoraenequipo\" \/>\n<meta name=\"twitter:label1\" content=\"Escrito por\" \/>\n\t<meta name=\"twitter:data1\" content=\"enequipo\" \/>\n\t<meta name=\"twitter:label2\" content=\"Tiempo de lectura\" \/>\n\t<meta name=\"twitter:data2\" content=\"1 minuto\" \/>\n<script type=\"application\/ld+json\" class=\"yoast-schema-graph\">{\"@context\":\"https:\/\/schema.org\",\"@graph\":[{\"@type\":\"Article\",\"@id\":\"https:\/\/www.sonoraenequipo.com.mx\/gobernador-alfonso-durazo-invita-a-registrar-a-menores-de-12-a-17-anos-para-vacunacion\/#article\",\"isPartOf\":{\"@id\":\"https:\/\/www.sonoraenequipo.com.mx\/gobernador-alfonso-durazo-invita-a-registrar-a-menores-de-12-a-17-anos-para-vacunacion\/\"},\"author\":{\"name\":\"enequipo\",\"@id\":\"https:\/\/www.sonoraenequipo.com.mx\/#\/schema\/person\/50102df0fb23a8fa9e8effad8fa81386\"},\"headline\":\"Gobernador Alfonso Durazo invita a registrar a menores de 12 a 17 a\u00f1os para vacunaci\u00f3n\",\"datePublished\":\"2021-10-01T04:36:34+00:00\",\"mainEntityOfPage\":{\"@id\":\"https:\/\/www.sonoraenequipo.com.mx\/gobernador-alfonso-durazo-invita-a-registrar-a-menores-de-12-a-17-anos-para-vacunacion\/\"},\"wordCount\":296,\"commentCount\":0,\"publisher\":{\"@id\":\"https:\/\/www.sonoraenequipo.com.mx\/#organization\"},\"image\":{\"@id\":\"https:\/\/www.sonoraenequipo.com.mx\/gobernador-alfonso-durazo-invita-a-registrar-a-menores-de-12-a-17-anos-para-vacunacion\/#primaryimage\"},\"thumbnailUrl\":\"https:\/\/www.sonoraenequipo.com.mx\/storage\/2021\/09\/alfonso-durazo_opt-2.jpg\",\"articleSection\":[\"Sonora\"],\"inLanguage\":\"es\",\"potentialAction\":[{\"@type\":\"CommentAction\",\"name\":\"Comment\",\"target\":[\"https:\/\/www.sonoraenequipo.com.mx\/gobernador-alfonso-durazo-invita-a-registrar-a-menores-de-12-a-17-anos-para-vacunacion\/#respond\"]}]},{\"@type\":\"WebPage\",\"@id\":\"https:\/\/www.sonoraenequipo.com.mx\/gobernador-alfonso-durazo-invita-a-registrar-a-menores-de-12-a-17-anos-para-vacunacion\/\",\"url\":\"https:\/\/www.sonoraenequipo.com.mx\/gobernador-alfonso-durazo-invita-a-registrar-a-menores-de-12-a-17-anos-para-vacunacion\/\",\"name\":\"Sonora en Equipo. Gobernador Alfonso Durazo invita a registrar a menores de 12 a 17 a\u00f1os para vacunaci\u00f3n Sonora\",\"isPartOf\":{\"@id\":\"https:\/\/www.sonoraenequipo.com.mx\/#website\"},\"primaryImageOfPage\":{\"@id\":\"https:\/\/www.sonoraenequipo.com.mx\/gobernador-alfonso-durazo-invita-a-registrar-a-menores-de-12-a-17-anos-para-vacunacion\/#primaryimage\"},\"image\":{\"@id\":\"https:\/\/www.sonoraenequipo.com.mx\/gobernador-alfonso-durazo-invita-a-registrar-a-menores-de-12-a-17-anos-para-vacunacion\/#primaryimage\"},\"thumbnailUrl\":\"https:\/\/www.sonoraenequipo.com.mx\/storage\/2021\/09\/alfonso-durazo_opt-2.jpg\",\"datePublished\":\"2021-10-01T04:36:34+00:00\",\"description\":\"HERMOSILLO, SONORA. MX. \u2014 El gobernador de Sonora, Alfonso Durazo Monta\u00f1o, llam\u00f3 a la ciudadan\u00eda a registrar a los menores de 12 a 17 a\u00f1os con En Sonora en Equipo publicamos toda la informaci\u00f3n de Sonora, M\u00e9xico y el Mundo de manera oportuna y busca que la libertad de expresi\u00f3n sea real. Visita nuestro medio informativo publicado desde Hermosillo, Sonora. %\",\"breadcrumb\":{\"@id\":\"https:\/\/www.sonoraenequipo.com.mx\/gobernador-alfonso-durazo-invita-a-registrar-a-menores-de-12-a-17-anos-para-vacunacion\/#breadcrumb\"},\"inLanguage\":\"es\",\"potentialAction\":[{\"@type\":\"ReadAction\",\"target\":[\"https:\/\/www.sonoraenequipo.com.mx\/gobernador-alfonso-durazo-invita-a-registrar-a-menores-de-12-a-17-anos-para-vacunacion\/\"]}]},{\"@type\":\"ImageObject\",\"inLanguage\":\"es\",\"@id\":\"https:\/\/www.sonoraenequipo.com.mx\/gobernador-alfonso-durazo-invita-a-registrar-a-menores-de-12-a-17-anos-para-vacunacion\/#primaryimage\",\"url\":\"https:\/\/www.sonoraenequipo.com.mx\/storage\/2021\/09\/alfonso-durazo_opt-2.jpg\",\"contentUrl\":\"https:\/\/www.sonoraenequipo.com.mx\/storage\/2021\/09\/alfonso-durazo_opt-2.jpg\",\"width\":700,\"height\":400},{\"@type\":\"BreadcrumbList\",\"@id\":\"https:\/\/www.sonoraenequipo.com.mx\/gobernador-alfonso-durazo-invita-a-registrar-a-menores-de-12-a-17-anos-para-vacunacion\/#breadcrumb\",\"itemListElement\":[{\"@type\":\"ListItem\",\"position\":1,\"name\":\"Portada\",\"item\":\"https:\/\/www.sonoraenequipo.com.mx\/\"},{\"@type\":\"ListItem\",\"position\":2,\"name\":\"Gobernador Alfonso Durazo invita a registrar a menores de 12 a 17 a\u00f1os para vacunaci\u00f3n\"}]},{\"@type\":\"WebSite\",\"@id\":\"https:\/\/www.sonoraenequipo.com.mx\/#website\",\"url\":\"https:\/\/www.sonoraenequipo.com.mx\/\",\"name\":\"Sonora en Equipo.\",\"description\":\"Diario en l\u00ednea con Noticias desde Hermosillo, Sonora\",\"publisher\":{\"@id\":\"https:\/\/www.sonoraenequipo.com.mx\/#organization\"},\"potentialAction\":[{\"@type\":\"SearchAction\",\"target\":{\"@type\":\"EntryPoint\",\"urlTemplate\":\"https:\/\/www.sonoraenequipo.com.mx\/?s={search_term_string}\"},\"query-input\":{\"@type\":\"PropertyValueSpecification\",\"valueRequired\":true,\"valueName\":\"search_term_string\"}}],\"inLanguage\":\"es\"},{\"@type\":\"Organization\",\"@id\":\"https:\/\/www.sonoraenequipo.com.mx\/#organization\",\"name\":\"Sonoraenequipo.com.mx\",\"url\":\"https:\/\/www.sonoraenequipo.com.mx\/\",\"logo\":{\"@type\":\"ImageObject\",\"inLanguage\":\"es\",\"@id\":\"https:\/\/www.sonoraenequipo.com.mx\/#\/schema\/logo\/image\/\",\"url\":\"https:\/\/www.sonoraenequipo.com.mx\/storage\/2019\/01\/sonoraenequipo_opt.png\",\"contentUrl\":\"https:\/\/www.sonoraenequipo.com.mx\/storage\/2019\/01\/sonoraenequipo_opt.png\",\"width\":375,\"height\":125,\"caption\":\"Sonoraenequipo.com.mx\"},\"image\":{\"@id\":\"https:\/\/www.sonoraenequipo.com.mx\/#\/schema\/logo\/image\/\"},\"sameAs\":[\"https:\/\/www.facebook.com\/SonoraEE\/\",\"https:\/\/x.com\/sonoraenequipo\",\"https:\/\/www.youtube.com\/channel\/UC338nW-lPEYmJQs4ZABQ1SQ\"]},{\"@type\":\"Person\",\"@id\":\"https:\/\/www.sonoraenequipo.com.mx\/#\/schema\/person\/50102df0fb23a8fa9e8effad8fa81386\",\"name\":\"enequipo\",\"image\":{\"@type\":\"ImageObject\",\"inLanguage\":\"es\",\"@id\":\"https:\/\/www.sonoraenequipo.com.mx\/#\/schema\/person\/image\/\",\"url\":\"https:\/\/secure.gravatar.com\/avatar\/049821681b589dabc0bc20695993ccebb09f5b5d4d790cd9251b97faac7c652b?s=96&d=blank&r=g\",\"contentUrl\":\"https:\/\/secure.gravatar.com\/avatar\/049821681b589dabc0bc20695993ccebb09f5b5d4d790cd9251b97faac7c652b?s=96&d=blank&r=g\",\"caption\":\"enequipo\"},\"sameAs\":[\"https:\/\/www.facebook.com\/SonoraEE\"]}]}<\/script>\n ","yoast_head_json":{"title":"Sonora en Equipo. Gobernador Alfonso Durazo invita a registrar a menores de 12 a 17 a\u00f1os para vacunaci\u00f3n Sonora","description":"HERMOSILLO, SONORA. MX. \u2014 El gobernador de Sonora, Alfonso Durazo Monta\u00f1o, llam\u00f3 a la ciudadan\u00eda a registrar a los menores de 12 a 17 a\u00f1os con En Sonora en Equipo publicamos toda la informaci\u00f3n de Sonora, M\u00e9xico y el Mundo de manera oportuna y busca que la libertad de expresi\u00f3n sea real. Visita nuestro medio informativo publicado desde Hermosillo, Sonora. %","robots":{"index":"index","follow":"follow","max-snippet":"max-snippet:-1","max-image-preview":"max-image-preview:large","max-video-preview":"max-video-preview:-1"},"canonical":"https:\/\/www.sonoraenequipo.com.mx\/gobernador-alfonso-durazo-invita-a-registrar-a-menores-de-12-a-17-anos-para-vacunacion\/","og_locale":"es_ES","og_type":"article","og_title":"Sonora en Equipo. Gobernador Alfonso Durazo invita a registrar a menores de 12 a 17 a\u00f1os para vacunaci\u00f3n Sonora","og_description":"HERMOSILLO, SONORA. MX. \u2014 El gobernador de Sonora, Alfonso Durazo Monta\u00f1o, llam\u00f3 a la ciudadan\u00eda a registrar a los menores de 12 a 17 a\u00f1os con En Sonora en Equipo publicamos toda la informaci\u00f3n de Sonora, M\u00e9xico y el Mundo de manera oportuna y busca que la libertad de expresi\u00f3n sea real. Visita nuestro medio informativo publicado desde Hermosillo, Sonora. %","og_url":"https:\/\/www.sonoraenequipo.com.mx\/gobernador-alfonso-durazo-invita-a-registrar-a-menores-de-12-a-17-anos-para-vacunacion\/","og_site_name":"Sonora en Equipo.","article_publisher":"https:\/\/www.facebook.com\/SonoraEE\/","article_author":"https:\/\/www.facebook.com\/SonoraEE","article_published_time":"2021-10-01T04:36:34+00:00","og_image":[{"width":700,"height":400,"url":"https:\/\/www.sonoraenequipo.com.mx\/storage\/2021\/09\/alfonso-durazo_opt-2.jpg","type":"image\/jpeg"}],"author":"enequipo","twitter_card":"summary_large_image","twitter_creator":"@sonoraenequipo","twitter_site":"@sonoraenequipo","twitter_misc":{"Escrito por":"enequipo","Tiempo de lectura":"1 minuto"},"schema":{"@context":"https:\/\/schema.org","@graph":[{"@type":"Article","@id":"https:\/\/www.sonoraenequipo.com.mx\/gobernador-alfonso-durazo-invita-a-registrar-a-menores-de-12-a-17-anos-para-vacunacion\/#article","isPartOf":{"@id":"https:\/\/www.sonoraenequipo.com.mx\/gobernador-alfonso-durazo-invita-a-registrar-a-menores-de-12-a-17-anos-para-vacunacion\/"},"author":{"name":"enequipo","@id":"https:\/\/www.sonoraenequipo.com.mx\/#\/schema\/person\/50102df0fb23a8fa9e8effad8fa81386"},"headline":"Gobernador Alfonso Durazo invita a registrar a menores de 12 a 17 a\u00f1os para vacunaci\u00f3n","datePublished":"2021-10-01T04:36:34+00:00","mainEntityOfPage":{"@id":"https:\/\/www.sonoraenequipo.com.mx\/gobernador-alfonso-durazo-invita-a-registrar-a-menores-de-12-a-17-anos-para-vacunacion\/"},"wordCount":296,"commentCount":0,"publisher":{"@id":"https:\/\/www.sonoraenequipo.com.mx\/#organization"},"image":{"@id":"https:\/\/www.sonoraenequipo.com.mx\/gobernador-alfonso-durazo-invita-a-registrar-a-menores-de-12-a-17-anos-para-vacunacion\/#primaryimage"},"thumbnailUrl":"https:\/\/www.sonoraenequipo.com.mx\/storage\/2021\/09\/alfonso-durazo_opt-2.jpg","articleSection":["Sonora"],"inLanguage":"es","potentialAction":[{"@type":"CommentAction","name":"Comment","target":["https:\/\/www.sonoraenequipo.com.mx\/gobernador-alfonso-durazo-invita-a-registrar-a-menores-de-12-a-17-anos-para-vacunacion\/#respond"]}]},{"@type":"WebPage","@id":"https:\/\/www.sonoraenequipo.com.mx\/gobernador-alfonso-durazo-invita-a-registrar-a-menores-de-12-a-17-anos-para-vacunacion\/","url":"https:\/\/www.sonoraenequipo.com.mx\/gobernador-alfonso-durazo-invita-a-registrar-a-menores-de-12-a-17-anos-para-vacunacion\/","name":"Sonora en Equipo. Gobernador Alfonso Durazo invita a registrar a menores de 12 a 17 a\u00f1os para vacunaci\u00f3n Sonora","isPartOf":{"@id":"https:\/\/www.sonoraenequipo.com.mx\/#website"},"primaryImageOfPage":{"@id":"https:\/\/www.sonoraenequipo.com.mx\/gobernador-alfonso-durazo-invita-a-registrar-a-menores-de-12-a-17-anos-para-vacunacion\/#primaryimage"},"image":{"@id":"https:\/\/www.sonoraenequipo.com.mx\/gobernador-alfonso-durazo-invita-a-registrar-a-menores-de-12-a-17-anos-para-vacunacion\/#primaryimage"},"thumbnailUrl":"https:\/\/www.sonoraenequipo.com.mx\/storage\/2021\/09\/alfonso-durazo_opt-2.jpg","datePublished":"2021-10-01T04:36:34+00:00","description":"HERMOSILLO, SONORA. MX. \u2014 El gobernador de Sonora, Alfonso Durazo Monta\u00f1o, llam\u00f3 a la ciudadan\u00eda a registrar a los menores de 12 a 17 a\u00f1os con En Sonora en Equipo publicamos toda la informaci\u00f3n de Sonora, M\u00e9xico y el Mundo de manera oportuna y busca que la libertad de expresi\u00f3n sea real. Visita nuestro medio informativo publicado desde Hermosillo, Sonora. %","breadcrumb":{"@id":"https:\/\/www.sonoraenequipo.com.mx\/gobernador-alfonso-durazo-invita-a-registrar-a-menores-de-12-a-17-anos-para-vacunacion\/#breadcrumb"},"inLanguage":"es","potentialAction":[{"@type":"ReadAction","target":["https:\/\/www.sonoraenequipo.com.mx\/gobernador-alfonso-durazo-invita-a-registrar-a-menores-de-12-a-17-anos-para-vacunacion\/"]}]},{"@type":"ImageObject","inLanguage":"es","@id":"https:\/\/www.sonoraenequipo.com.mx\/gobernador-alfonso-durazo-invita-a-registrar-a-menores-de-12-a-17-anos-para-vacunacion\/#primaryimage","url":"https:\/\/www.sonoraenequipo.com.mx\/storage\/2021\/09\/alfonso-durazo_opt-2.jpg","contentUrl":"https:\/\/www.sonoraenequipo.com.mx\/storage\/2021\/09\/alfonso-durazo_opt-2.jpg","width":700,"height":400},{"@type":"BreadcrumbList","@id":"https:\/\/www.sonoraenequipo.com.mx\/gobernador-alfonso-durazo-invita-a-registrar-a-menores-de-12-a-17-anos-para-vacunacion\/#breadcrumb","itemListElement":[{"@type":"ListItem","position":1,"name":"Portada","item":"https:\/\/www.sonoraenequipo.com.mx\/"},{"@type":"ListItem","position":2,"name":"Gobernador Alfonso Durazo invita a registrar a menores de 12 a 17 a\u00f1os para vacunaci\u00f3n"}]},{"@type":"WebSite","@id":"https:\/\/www.sonoraenequipo.com.mx\/#website","url":"https:\/\/www.sonoraenequipo.com.mx\/","name":"Sonora en Equipo.","description":"Diario en l\u00ednea con Noticias desde Hermosillo, Sonora","publisher":{"@id":"https:\/\/www.sonoraenequipo.com.mx\/#organization"},"potentialAction":[{"@type":"SearchAction","target":{"@type":"EntryPoint","urlTemplate":"https:\/\/www.sonoraenequipo.com.mx\/?s={search_term_string}"},"query-input":{"@type":"PropertyValueSpecification","valueRequired":true,"valueName":"search_term_string"}}],"inLanguage":"es"},{"@type":"Organization","@id":"https:\/\/www.sonoraenequipo.com.mx\/#organization","name":"Sonoraenequipo.com.mx","url":"https:\/\/www.sonoraenequipo.com.mx\/","logo":{"@type":"ImageObject","inLanguage":"es","@id":"https:\/\/www.sonoraenequipo.com.mx\/#\/schema\/logo\/image\/","url":"https:\/\/www.sonoraenequipo.com.mx\/storage\/2019\/01\/sonoraenequipo_opt.png","contentUrl":"https:\/\/www.sonoraenequipo.com.mx\/storage\/2019\/01\/sonoraenequipo_opt.png","width":375,"height":125,"caption":"Sonoraenequipo.com.mx"},"image":{"@id":"https:\/\/www.sonoraenequipo.com.mx\/#\/schema\/logo\/image\/"},"sameAs":["https:\/\/www.facebook.com\/SonoraEE\/","https:\/\/x.com\/sonoraenequipo","https:\/\/www.youtube.com\/channel\/UC338nW-lPEYmJQs4ZABQ1SQ"]},{"@type":"Person","@id":"https:\/\/www.sonoraenequipo.com.mx\/#\/schema\/person\/50102df0fb23a8fa9e8effad8fa81386","name":"enequipo","image":{"@type":"ImageObject","inLanguage":"es","@id":"https:\/\/www.sonoraenequipo.com.mx\/#\/schema\/person\/image\/","url":"https:\/\/secure.gravatar.com\/avatar\/049821681b589dabc0bc20695993ccebb09f5b5d4d790cd9251b97faac7c652b?s=96&d=blank&r=g","contentUrl":"https:\/\/secure.gravatar.com\/avatar\/049821681b589dabc0bc20695993ccebb09f5b5d4d790cd9251b97faac7c652b?s=96&d=blank&r=g","caption":"enequipo"},"sameAs":["https:\/\/www.facebook.com\/SonoraEE"]}]}},"jetpack_featured_media_url":"https:\/\/www.sonoraenequipo.com.mx\/storage\/2021\/09\/alfonso-durazo_opt-2.jpg","_links":{"self":[{"href":"https:\/\/www.sonoraenequipo.com.mx\/api\/wp\/v2\/posts\/124044","targetHints":{"allow":["GET"]}}],"collection":[{"href":"https:\/\/www.sonoraenequipo.com.mx\/api\/wp\/v2\/posts"}],"about":[{"href":"https:\/\/www.sonoraenequipo.com.mx\/api\/wp\/v2\/types\/post"}],"author":[{"embeddable":true,"href":"https:\/\/www.sonoraenequipo.com.mx\/api\/wp\/v2\/users\/1"}],"replies":[{"embeddable":true,"href":"https:\/\/www.sonoraenequipo.com.mx\/api\/wp\/v2\/comments?post=124044"}],"version-history":[{"count":1,"href":"https:\/\/www.sonoraenequipo.com.mx\/api\/wp\/v2\/posts\/124044\/revisions"}],"predecessor-version":[{"id":124046,"href":"https:\/\/www.sonoraenequipo.com.mx\/api\/wp\/v2\/posts\/124044\/revisions\/124046"}],"wp:featuredmedia":[{"embeddable":true,"href":"https:\/\/www.sonoraenequipo.com.mx\/api\/wp\/v2\/media\/124045"}],"wp:attachment":[{"href":"https:\/\/www.sonoraenequipo.com.mx\/api\/wp\/v2\/media?parent=124044"}],"wp:term":[{"taxonomy":"category","embeddable":true,"href":"https:\/\/www.sonoraenequipo.com.mx\/api\/wp\/v2\/categories?post=124044"},{"taxonomy":"post_tag","embeddable":true,"href":"https:\/\/www.sonoraenequipo.com.mx\/api\/wp\/v2\/tags?post=124044"}],"curies":[{"name":"wp","href":"https:\/\/api.w.org\/{rel}","templated":true}]}}