{"id":124131,"date":"2021-10-02T13:09:30","date_gmt":"2021-10-02T20:09:30","guid":{"rendered":"https:\/\/www.sonoraenequipo.com.mx\/?p=124131"},"modified":"2021-10-02T13:09:30","modified_gmt":"2021-10-02T20:09:30","slug":"roche-presenta-resultados-de-ensayo-fase-ii-iii-de-tratamiento-para-pacientes-hospitalizados-con-covid","status":"publish","type":"post","link":"https:\/\/www.sonoraenequipo.com.mx\/roche-presenta-resultados-de-ensayo-fase-ii-iii-de-tratamiento-para-pacientes-hospitalizados-con-covid\/","title":{"rendered":"Roche presenta resultados de ensayo fase II\/III de tratamiento para pacientes hospitalizados con covid"},"content":{"rendered":"<p>CIUDAD DE M\u00c9XICO.\u2500\u2500 Roche confirm\u00f3 los datos positivos del estudio fase II\/III 2066, sobre la combinaci\u00f3n de casirivimab e imdevimab en pacientes hospitalizados con COVID-19. El ensayo cumpli\u00f3 con su objetivo principal, mostrando que esta combinaci\u00f3n redujo significativamente la carga viral dentro de los siete d\u00edas de tratamiento en pacientes que no hab\u00edan presentado una respuesta de anticuerpos naturales propios (seronegativos) y que requirieron ox\u00edgeno suplementario de bajo flujo o nulo (p=0,0172).<\/p>\n<p>&nbsp;<\/p>\n<p>\u00abEl COVID-19 contin\u00faa devastando comunidades con m\u00e1s de 4,7 millones de muertes registradas en todo el mundo1, la mayor\u00eda de las cuales fueron en pacientes hospitalizados. Si bien, las vacunas son efectivas para prevenir las hospitalizaciones, sigue existiendo una importante necesidad en muchos que a\u00fan se infectan y cuya enfermedad requiere atenci\u00f3n hospitalaria\u00bb, dijo Levi Garraway., M.D., Ph.D., Director M\u00e9dico de Roche y Jefe de Desarrollo Global de Productos. \u00abEstos datos se suman a los hallazgos anteriores que respaldan el potencial de casirivimab e imdevimab en pacientes hospitalizados, lo que tambi\u00e9n puede ayudar a aliviar la presi\u00f3n sobre los sistemas de salud\u00bb.<\/p>\n<p>&nbsp;<\/p>\n<p>El estudio tambi\u00e9n revel\u00f3 resultados cl\u00ednicos que apoyan el ensayo mucho m\u00e1s amplio de RECOVERY del Reino Unido en pacientes hospitalizados que muestran que los pacientes que recibieron casirivimab e imdevimab (2,400 mg u 8,000 mg) adem\u00e1s del tratamiento est\u00e1ndar de atenci\u00f3n experimentaron mejoras num\u00e9ricas en todos los criterios de valoraci\u00f3n cl\u00ednicos evaluados, en comparaci\u00f3n con la atenci\u00f3n est\u00e1ndar \u00fanicamente (placebo). Se registraron resultados cl\u00ednicos comparables con dosis de 2.400 mg y 8.000 mg. No se identificaron nuevas se\u00f1ales de seguridad.<\/p>\n<p>&nbsp;<\/p>\n<p>La eficacia y la seguridad de casirivimab e imdevimab se han estudiado en m\u00faltiples ensayos cl\u00ednicos de fase III en pacientes con COVID-19 no hospitalizados y hospitalizados, y en el entorno preventivo.\u00a0 Esta combinaci\u00f3n actualmente no est\u00e1 autorizada en pacientes hospitalizados por COVID-19. A principios de este a\u00f1o, el Comit\u00e9 de Medicamentos de Uso Humano de la Agencia Europea de Medicamentos emiti\u00f3 un dictamen cient\u00edfico que respalda su uso como una opci\u00f3n de tratamiento para pacientes no hospitalizados con COVID-19 confirmado.<\/p>\n<p>&nbsp;<\/p>\n<p>Fuera de la Uni\u00f3n Europea, esta combinaci\u00f3n ha sido aprobada para su uso en diferentes poblaciones de pacientes en Jap\u00f3n y condicionalmente en el Reino Unido, y est\u00e1 autorizado para emergencia o temporalmente durante la pandemia en numerosos territorios, incluidos los Estados Unidos, India y Canad\u00e1. Adem\u00e1s, la Organizaci\u00f3n Mundial de la Salud emiti\u00f3 recientemente una gu\u00eda sobre el uso de la combinaci\u00f3n de casirivimab e imdevimab para el tratamiento de ciertos pacientes con COVID-19. Hasta ahora, esta alternativa se ha puesto a disposici\u00f3n de pacientes en m\u00e1s de 40 pa\u00edses a trav\u00e9s de acuerdos bilaterales de compra en muchas geograf\u00edas y econom\u00edas.<\/p>\n<p>&nbsp;<\/p>\n<p>En estos tiempos excepcionales, Roche se une a la sociedad, los gobiernos, los proveedores de atenci\u00f3n m\u00e9dica y todos aquellos que trabajan hacia el objetivo com\u00fan de superar la pandemia de COVID-19.<\/p>\n<p>Fecha de Publicaci\u00f3n\u00a0 s\u00e1bado\u00a0 \/ 02\u00a0\u00a0 \/ octubre \/ 2021<\/p>\n<p>&nbsp;<\/p>\n","protected":false},"excerpt":{"rendered":"<p>CIUDAD DE M\u00c9XICO.\u2500\u2500 Roche confirm\u00f3 los datos positivos del estudio fase II\/III 2066, sobre la&#8230;<\/p>\n","protected":false},"author":1,"featured_media":124132,"comment_status":"open","ping_status":"open","sticky":false,"template":"","format":"standard","meta":{"_monsterinsights_skip_tracking":false,"_monsterinsights_sitenote_active":false,"_monsterinsights_sitenote_note":"","_monsterinsights_sitenote_category":0,"footnotes":""},"categories":[2216],"tags":[4249,53,6197],"class_list":["post"],"yoast_head":" \n<title>Sonora en Equipo. Roche presenta resultados de ensayo fase II\/III de tratamiento para pacientes hospitalizados con covid Ciencia y Tecnolog\u00eda<\/title>\n<meta name=\"description\" content=\"CIUDAD DE M\u00c9XICO.\u2500\u2500 Roche confirm\u00f3 los datos positivos del estudio fase II\/III 2066, sobre la combinaci\u00f3n de casirivimab e imdevimab en pacientes En Sonora en Equipo publicamos toda la informaci\u00f3n de Sonora, M\u00e9xico y el Mundo de manera oportuna y busca que la libertad de expresi\u00f3n sea real. Visita nuestro medio informativo publicado desde Hermosillo, Sonora. %\" \/>\n<meta name=\"robots\" content=\"index, follow, max-snippet:-1, max-image-preview:large, max-video-preview:-1\" \/>\n<link rel=\"canonical\" href=\"https:\/\/www.sonoraenequipo.com.mx\/roche-presenta-resultados-de-ensayo-fase-ii-iii-de-tratamiento-para-pacientes-hospitalizados-con-covid\/\" \/>\n<meta property=\"og:locale\" content=\"es_ES\" \/>\n<meta property=\"og:type\" content=\"article\" \/>\n<meta property=\"og:title\" content=\"Sonora en Equipo. Roche presenta resultados de ensayo fase II\/III de tratamiento para pacientes hospitalizados con covid Ciencia y Tecnolog\u00eda\" \/>\n<meta property=\"og:description\" content=\"CIUDAD DE M\u00c9XICO.\u2500\u2500 Roche confirm\u00f3 los datos positivos del estudio fase II\/III 2066, sobre la combinaci\u00f3n de casirivimab e imdevimab en pacientes En Sonora en Equipo publicamos toda la informaci\u00f3n de Sonora, M\u00e9xico y el Mundo de manera oportuna y busca que la libertad de expresi\u00f3n sea real. Visita nuestro medio informativo publicado desde Hermosillo, Sonora. %\" \/>\n<meta property=\"og:url\" content=\"https:\/\/www.sonoraenequipo.com.mx\/roche-presenta-resultados-de-ensayo-fase-ii-iii-de-tratamiento-para-pacientes-hospitalizados-con-covid\/\" \/>\n<meta property=\"og:site_name\" content=\"Sonora en Equipo.\" \/>\n<meta property=\"article:publisher\" content=\"https:\/\/www.facebook.com\/SonoraEE\/\" \/>\n<meta property=\"article:author\" content=\"https:\/\/www.facebook.com\/SonoraEE\" \/>\n<meta property=\"article:published_time\" content=\"2021-10-02T20:09:30+00:00\" \/>\n<meta property=\"og:image\" content=\"https:\/\/www.sonoraenequipo.com.mx\/storage\/2021\/10\/roche2.jpg\" \/>\n\t<meta property=\"og:image:width\" content=\"700\" \/>\n\t<meta property=\"og:image:height\" content=\"400\" \/>\n\t<meta property=\"og:image:type\" content=\"image\/jpeg\" \/>\n<meta name=\"author\" content=\"enequipo\" \/>\n<meta name=\"twitter:card\" content=\"summary_large_image\" \/>\n<meta name=\"twitter:creator\" content=\"@sonoraenequipo\" \/>\n<meta name=\"twitter:site\" content=\"@sonoraenequipo\" \/>\n<meta name=\"twitter:label1\" content=\"Escrito por\" \/>\n\t<meta name=\"twitter:data1\" content=\"enequipo\" \/>\n\t<meta name=\"twitter:label2\" content=\"Tiempo de lectura\" \/>\n\t<meta name=\"twitter:data2\" content=\"3 minutos\" \/>\n<script type=\"application\/ld+json\" class=\"yoast-schema-graph\">{\"@context\":\"https:\/\/schema.org\",\"@graph\":[{\"@type\":\"Article\",\"@id\":\"https:\/\/www.sonoraenequipo.com.mx\/roche-presenta-resultados-de-ensayo-fase-ii-iii-de-tratamiento-para-pacientes-hospitalizados-con-covid\/#article\",\"isPartOf\":{\"@id\":\"https:\/\/www.sonoraenequipo.com.mx\/roche-presenta-resultados-de-ensayo-fase-ii-iii-de-tratamiento-para-pacientes-hospitalizados-con-covid\/\"},\"author\":{\"name\":\"enequipo\",\"@id\":\"https:\/\/www.sonoraenequipo.com.mx\/#\/schema\/person\/50102df0fb23a8fa9e8effad8fa81386\"},\"headline\":\"Roche presenta resultados de ensayo fase II\/III de tratamiento para pacientes hospitalizados con covid\",\"datePublished\":\"2021-10-02T20:09:30+00:00\",\"mainEntityOfPage\":{\"@id\":\"https:\/\/www.sonoraenequipo.com.mx\/roche-presenta-resultados-de-ensayo-fase-ii-iii-de-tratamiento-para-pacientes-hospitalizados-con-covid\/\"},\"wordCount\":545,\"commentCount\":0,\"publisher\":{\"@id\":\"https:\/\/www.sonoraenequipo.com.mx\/#organization\"},\"image\":{\"@id\":\"https:\/\/www.sonoraenequipo.com.mx\/roche-presenta-resultados-de-ensayo-fase-ii-iii-de-tratamiento-para-pacientes-hospitalizados-con-covid\/#primaryimage\"},\"thumbnailUrl\":\"https:\/\/www.sonoraenequipo.com.mx\/storage\/2021\/10\/roche2.jpg\",\"keywords\":[\"covid\",\"mexico\",\"roche\"],\"articleSection\":[\"Ciencia y Tecnolog\u00eda\"],\"inLanguage\":\"es\",\"potentialAction\":[{\"@type\":\"CommentAction\",\"name\":\"Comment\",\"target\":[\"https:\/\/www.sonoraenequipo.com.mx\/roche-presenta-resultados-de-ensayo-fase-ii-iii-de-tratamiento-para-pacientes-hospitalizados-con-covid\/#respond\"]}]},{\"@type\":\"WebPage\",\"@id\":\"https:\/\/www.sonoraenequipo.com.mx\/roche-presenta-resultados-de-ensayo-fase-ii-iii-de-tratamiento-para-pacientes-hospitalizados-con-covid\/\",\"url\":\"https:\/\/www.sonoraenequipo.com.mx\/roche-presenta-resultados-de-ensayo-fase-ii-iii-de-tratamiento-para-pacientes-hospitalizados-con-covid\/\",\"name\":\"Sonora en Equipo. Roche presenta resultados de ensayo fase II\/III de tratamiento para pacientes hospitalizados con covid Ciencia y Tecnolog\u00eda\",\"isPartOf\":{\"@id\":\"https:\/\/www.sonoraenequipo.com.mx\/#website\"},\"primaryImageOfPage\":{\"@id\":\"https:\/\/www.sonoraenequipo.com.mx\/roche-presenta-resultados-de-ensayo-fase-ii-iii-de-tratamiento-para-pacientes-hospitalizados-con-covid\/#primaryimage\"},\"image\":{\"@id\":\"https:\/\/www.sonoraenequipo.com.mx\/roche-presenta-resultados-de-ensayo-fase-ii-iii-de-tratamiento-para-pacientes-hospitalizados-con-covid\/#primaryimage\"},\"thumbnailUrl\":\"https:\/\/www.sonoraenequipo.com.mx\/storage\/2021\/10\/roche2.jpg\",\"datePublished\":\"2021-10-02T20:09:30+00:00\",\"description\":\"CIUDAD DE M\u00c9XICO.\u2500\u2500 Roche confirm\u00f3 los datos positivos del estudio fase II\/III 2066, sobre la combinaci\u00f3n de casirivimab e imdevimab en pacientes En Sonora en Equipo publicamos toda la informaci\u00f3n de Sonora, M\u00e9xico y el Mundo de manera oportuna y busca que la libertad de expresi\u00f3n sea real. Visita nuestro medio informativo publicado desde Hermosillo, Sonora. %\",\"breadcrumb\":{\"@id\":\"https:\/\/www.sonoraenequipo.com.mx\/roche-presenta-resultados-de-ensayo-fase-ii-iii-de-tratamiento-para-pacientes-hospitalizados-con-covid\/#breadcrumb\"},\"inLanguage\":\"es\",\"potentialAction\":[{\"@type\":\"ReadAction\",\"target\":[\"https:\/\/www.sonoraenequipo.com.mx\/roche-presenta-resultados-de-ensayo-fase-ii-iii-de-tratamiento-para-pacientes-hospitalizados-con-covid\/\"]}]},{\"@type\":\"ImageObject\",\"inLanguage\":\"es\",\"@id\":\"https:\/\/www.sonoraenequipo.com.mx\/roche-presenta-resultados-de-ensayo-fase-ii-iii-de-tratamiento-para-pacientes-hospitalizados-con-covid\/#primaryimage\",\"url\":\"https:\/\/www.sonoraenequipo.com.mx\/storage\/2021\/10\/roche2.jpg\",\"contentUrl\":\"https:\/\/www.sonoraenequipo.com.mx\/storage\/2021\/10\/roche2.jpg\",\"width\":700,\"height\":400},{\"@type\":\"BreadcrumbList\",\"@id\":\"https:\/\/www.sonoraenequipo.com.mx\/roche-presenta-resultados-de-ensayo-fase-ii-iii-de-tratamiento-para-pacientes-hospitalizados-con-covid\/#breadcrumb\",\"itemListElement\":[{\"@type\":\"ListItem\",\"position\":1,\"name\":\"Portada\",\"item\":\"https:\/\/www.sonoraenequipo.com.mx\/\"},{\"@type\":\"ListItem\",\"position\":2,\"name\":\"Roche presenta resultados de ensayo fase II\/III de tratamiento para pacientes hospitalizados con covid\"}]},{\"@type\":\"WebSite\",\"@id\":\"https:\/\/www.sonoraenequipo.com.mx\/#website\",\"url\":\"https:\/\/www.sonoraenequipo.com.mx\/\",\"name\":\"Sonora en Equipo.\",\"description\":\"Diario en l\u00ednea con Noticias desde Hermosillo, Sonora\",\"publisher\":{\"@id\":\"https:\/\/www.sonoraenequipo.com.mx\/#organization\"},\"potentialAction\":[{\"@type\":\"SearchAction\",\"target\":{\"@type\":\"EntryPoint\",\"urlTemplate\":\"https:\/\/www.sonoraenequipo.com.mx\/?s={search_term_string}\"},\"query-input\":{\"@type\":\"PropertyValueSpecification\",\"valueRequired\":true,\"valueName\":\"search_term_string\"}}],\"inLanguage\":\"es\"},{\"@type\":\"Organization\",\"@id\":\"https:\/\/www.sonoraenequipo.com.mx\/#organization\",\"name\":\"Sonoraenequipo.com.mx\",\"url\":\"https:\/\/www.sonoraenequipo.com.mx\/\",\"logo\":{\"@type\":\"ImageObject\",\"inLanguage\":\"es\",\"@id\":\"https:\/\/www.sonoraenequipo.com.mx\/#\/schema\/logo\/image\/\",\"url\":\"https:\/\/www.sonoraenequipo.com.mx\/storage\/2019\/01\/sonoraenequipo_opt.png\",\"contentUrl\":\"https:\/\/www.sonoraenequipo.com.mx\/storage\/2019\/01\/sonoraenequipo_opt.png\",\"width\":375,\"height\":125,\"caption\":\"Sonoraenequipo.com.mx\"},\"image\":{\"@id\":\"https:\/\/www.sonoraenequipo.com.mx\/#\/schema\/logo\/image\/\"},\"sameAs\":[\"https:\/\/www.facebook.com\/SonoraEE\/\",\"https:\/\/x.com\/sonoraenequipo\",\"https:\/\/www.youtube.com\/channel\/UC338nW-lPEYmJQs4ZABQ1SQ\"]},{\"@type\":\"Person\",\"@id\":\"https:\/\/www.sonoraenequipo.com.mx\/#\/schema\/person\/50102df0fb23a8fa9e8effad8fa81386\",\"name\":\"enequipo\",\"image\":{\"@type\":\"ImageObject\",\"inLanguage\":\"es\",\"@id\":\"https:\/\/www.sonoraenequipo.com.mx\/#\/schema\/person\/image\/\",\"url\":\"https:\/\/secure.gravatar.com\/avatar\/049821681b589dabc0bc20695993ccebb09f5b5d4d790cd9251b97faac7c652b?s=96&d=blank&r=g\",\"contentUrl\":\"https:\/\/secure.gravatar.com\/avatar\/049821681b589dabc0bc20695993ccebb09f5b5d4d790cd9251b97faac7c652b?s=96&d=blank&r=g\",\"caption\":\"enequipo\"},\"sameAs\":[\"https:\/\/www.facebook.com\/SonoraEE\"]}]}<\/script>\n ","yoast_head_json":{"title":"Sonora en Equipo. Roche presenta resultados de ensayo fase II\/III de tratamiento para pacientes hospitalizados con covid Ciencia y Tecnolog\u00eda","description":"CIUDAD DE M\u00c9XICO.\u2500\u2500 Roche confirm\u00f3 los datos positivos del estudio fase II\/III 2066, sobre la combinaci\u00f3n de casirivimab e imdevimab en pacientes En Sonora en Equipo publicamos toda la informaci\u00f3n de Sonora, M\u00e9xico y el Mundo de manera oportuna y busca que la libertad de expresi\u00f3n sea real. Visita nuestro medio informativo publicado desde Hermosillo, Sonora. %","robots":{"index":"index","follow":"follow","max-snippet":"max-snippet:-1","max-image-preview":"max-image-preview:large","max-video-preview":"max-video-preview:-1"},"canonical":"https:\/\/www.sonoraenequipo.com.mx\/roche-presenta-resultados-de-ensayo-fase-ii-iii-de-tratamiento-para-pacientes-hospitalizados-con-covid\/","og_locale":"es_ES","og_type":"article","og_title":"Sonora en Equipo. Roche presenta resultados de ensayo fase II\/III de tratamiento para pacientes hospitalizados con covid Ciencia y Tecnolog\u00eda","og_description":"CIUDAD DE M\u00c9XICO.\u2500\u2500 Roche confirm\u00f3 los datos positivos del estudio fase II\/III 2066, sobre la combinaci\u00f3n de casirivimab e imdevimab en pacientes En Sonora en Equipo publicamos toda la informaci\u00f3n de Sonora, M\u00e9xico y el Mundo de manera oportuna y busca que la libertad de expresi\u00f3n sea real. Visita nuestro medio informativo publicado desde Hermosillo, Sonora. %","og_url":"https:\/\/www.sonoraenequipo.com.mx\/roche-presenta-resultados-de-ensayo-fase-ii-iii-de-tratamiento-para-pacientes-hospitalizados-con-covid\/","og_site_name":"Sonora en Equipo.","article_publisher":"https:\/\/www.facebook.com\/SonoraEE\/","article_author":"https:\/\/www.facebook.com\/SonoraEE","article_published_time":"2021-10-02T20:09:30+00:00","og_image":[{"width":700,"height":400,"url":"https:\/\/www.sonoraenequipo.com.mx\/storage\/2021\/10\/roche2.jpg","type":"image\/jpeg"}],"author":"enequipo","twitter_card":"summary_large_image","twitter_creator":"@sonoraenequipo","twitter_site":"@sonoraenequipo","twitter_misc":{"Escrito por":"enequipo","Tiempo de lectura":"3 minutos"},"schema":{"@context":"https:\/\/schema.org","@graph":[{"@type":"Article","@id":"https:\/\/www.sonoraenequipo.com.mx\/roche-presenta-resultados-de-ensayo-fase-ii-iii-de-tratamiento-para-pacientes-hospitalizados-con-covid\/#article","isPartOf":{"@id":"https:\/\/www.sonoraenequipo.com.mx\/roche-presenta-resultados-de-ensayo-fase-ii-iii-de-tratamiento-para-pacientes-hospitalizados-con-covid\/"},"author":{"name":"enequipo","@id":"https:\/\/www.sonoraenequipo.com.mx\/#\/schema\/person\/50102df0fb23a8fa9e8effad8fa81386"},"headline":"Roche presenta resultados de ensayo fase II\/III de tratamiento para pacientes hospitalizados con covid","datePublished":"2021-10-02T20:09:30+00:00","mainEntityOfPage":{"@id":"https:\/\/www.sonoraenequipo.com.mx\/roche-presenta-resultados-de-ensayo-fase-ii-iii-de-tratamiento-para-pacientes-hospitalizados-con-covid\/"},"wordCount":545,"commentCount":0,"publisher":{"@id":"https:\/\/www.sonoraenequipo.com.mx\/#organization"},"image":{"@id":"https:\/\/www.sonoraenequipo.com.mx\/roche-presenta-resultados-de-ensayo-fase-ii-iii-de-tratamiento-para-pacientes-hospitalizados-con-covid\/#primaryimage"},"thumbnailUrl":"https:\/\/www.sonoraenequipo.com.mx\/storage\/2021\/10\/roche2.jpg","keywords":["covid","mexico","roche"],"articleSection":["Ciencia y Tecnolog\u00eda"],"inLanguage":"es","potentialAction":[{"@type":"CommentAction","name":"Comment","target":["https:\/\/www.sonoraenequipo.com.mx\/roche-presenta-resultados-de-ensayo-fase-ii-iii-de-tratamiento-para-pacientes-hospitalizados-con-covid\/#respond"]}]},{"@type":"WebPage","@id":"https:\/\/www.sonoraenequipo.com.mx\/roche-presenta-resultados-de-ensayo-fase-ii-iii-de-tratamiento-para-pacientes-hospitalizados-con-covid\/","url":"https:\/\/www.sonoraenequipo.com.mx\/roche-presenta-resultados-de-ensayo-fase-ii-iii-de-tratamiento-para-pacientes-hospitalizados-con-covid\/","name":"Sonora en Equipo. Roche presenta resultados de ensayo fase II\/III de tratamiento para pacientes hospitalizados con covid Ciencia y Tecnolog\u00eda","isPartOf":{"@id":"https:\/\/www.sonoraenequipo.com.mx\/#website"},"primaryImageOfPage":{"@id":"https:\/\/www.sonoraenequipo.com.mx\/roche-presenta-resultados-de-ensayo-fase-ii-iii-de-tratamiento-para-pacientes-hospitalizados-con-covid\/#primaryimage"},"image":{"@id":"https:\/\/www.sonoraenequipo.com.mx\/roche-presenta-resultados-de-ensayo-fase-ii-iii-de-tratamiento-para-pacientes-hospitalizados-con-covid\/#primaryimage"},"thumbnailUrl":"https:\/\/www.sonoraenequipo.com.mx\/storage\/2021\/10\/roche2.jpg","datePublished":"2021-10-02T20:09:30+00:00","description":"CIUDAD DE M\u00c9XICO.\u2500\u2500 Roche confirm\u00f3 los datos positivos del estudio fase II\/III 2066, sobre la combinaci\u00f3n de casirivimab e imdevimab en pacientes En Sonora en Equipo publicamos toda la informaci\u00f3n de Sonora, M\u00e9xico y el Mundo de manera oportuna y busca que la libertad de expresi\u00f3n sea real. Visita nuestro medio informativo publicado desde Hermosillo, Sonora. %","breadcrumb":{"@id":"https:\/\/www.sonoraenequipo.com.mx\/roche-presenta-resultados-de-ensayo-fase-ii-iii-de-tratamiento-para-pacientes-hospitalizados-con-covid\/#breadcrumb"},"inLanguage":"es","potentialAction":[{"@type":"ReadAction","target":["https:\/\/www.sonoraenequipo.com.mx\/roche-presenta-resultados-de-ensayo-fase-ii-iii-de-tratamiento-para-pacientes-hospitalizados-con-covid\/"]}]},{"@type":"ImageObject","inLanguage":"es","@id":"https:\/\/www.sonoraenequipo.com.mx\/roche-presenta-resultados-de-ensayo-fase-ii-iii-de-tratamiento-para-pacientes-hospitalizados-con-covid\/#primaryimage","url":"https:\/\/www.sonoraenequipo.com.mx\/storage\/2021\/10\/roche2.jpg","contentUrl":"https:\/\/www.sonoraenequipo.com.mx\/storage\/2021\/10\/roche2.jpg","width":700,"height":400},{"@type":"BreadcrumbList","@id":"https:\/\/www.sonoraenequipo.com.mx\/roche-presenta-resultados-de-ensayo-fase-ii-iii-de-tratamiento-para-pacientes-hospitalizados-con-covid\/#breadcrumb","itemListElement":[{"@type":"ListItem","position":1,"name":"Portada","item":"https:\/\/www.sonoraenequipo.com.mx\/"},{"@type":"ListItem","position":2,"name":"Roche presenta resultados de ensayo fase II\/III de tratamiento para pacientes hospitalizados con covid"}]},{"@type":"WebSite","@id":"https:\/\/www.sonoraenequipo.com.mx\/#website","url":"https:\/\/www.sonoraenequipo.com.mx\/","name":"Sonora en Equipo.","description":"Diario en l\u00ednea con Noticias desde Hermosillo, Sonora","publisher":{"@id":"https:\/\/www.sonoraenequipo.com.mx\/#organization"},"potentialAction":[{"@type":"SearchAction","target":{"@type":"EntryPoint","urlTemplate":"https:\/\/www.sonoraenequipo.com.mx\/?s={search_term_string}"},"query-input":{"@type":"PropertyValueSpecification","valueRequired":true,"valueName":"search_term_string"}}],"inLanguage":"es"},{"@type":"Organization","@id":"https:\/\/www.sonoraenequipo.com.mx\/#organization","name":"Sonoraenequipo.com.mx","url":"https:\/\/www.sonoraenequipo.com.mx\/","logo":{"@type":"ImageObject","inLanguage":"es","@id":"https:\/\/www.sonoraenequipo.com.mx\/#\/schema\/logo\/image\/","url":"https:\/\/www.sonoraenequipo.com.mx\/storage\/2019\/01\/sonoraenequipo_opt.png","contentUrl":"https:\/\/www.sonoraenequipo.com.mx\/storage\/2019\/01\/sonoraenequipo_opt.png","width":375,"height":125,"caption":"Sonoraenequipo.com.mx"},"image":{"@id":"https:\/\/www.sonoraenequipo.com.mx\/#\/schema\/logo\/image\/"},"sameAs":["https:\/\/www.facebook.com\/SonoraEE\/","https:\/\/x.com\/sonoraenequipo","https:\/\/www.youtube.com\/channel\/UC338nW-lPEYmJQs4ZABQ1SQ"]},{"@type":"Person","@id":"https:\/\/www.sonoraenequipo.com.mx\/#\/schema\/person\/50102df0fb23a8fa9e8effad8fa81386","name":"enequipo","image":{"@type":"ImageObject","inLanguage":"es","@id":"https:\/\/www.sonoraenequipo.com.mx\/#\/schema\/person\/image\/","url":"https:\/\/secure.gravatar.com\/avatar\/049821681b589dabc0bc20695993ccebb09f5b5d4d790cd9251b97faac7c652b?s=96&d=blank&r=g","contentUrl":"https:\/\/secure.gravatar.com\/avatar\/049821681b589dabc0bc20695993ccebb09f5b5d4d790cd9251b97faac7c652b?s=96&d=blank&r=g","caption":"enequipo"},"sameAs":["https:\/\/www.facebook.com\/SonoraEE"]}]}},"jetpack_featured_media_url":"https:\/\/www.sonoraenequipo.com.mx\/storage\/2021\/10\/roche2.jpg","_links":{"self":[{"href":"https:\/\/www.sonoraenequipo.com.mx\/api\/wp\/v2\/posts\/124131","targetHints":{"allow":["GET"]}}],"collection":[{"href":"https:\/\/www.sonoraenequipo.com.mx\/api\/wp\/v2\/posts"}],"about":[{"href":"https:\/\/www.sonoraenequipo.com.mx\/api\/wp\/v2\/types\/post"}],"author":[{"embeddable":true,"href":"https:\/\/www.sonoraenequipo.com.mx\/api\/wp\/v2\/users\/1"}],"replies":[{"embeddable":true,"href":"https:\/\/www.sonoraenequipo.com.mx\/api\/wp\/v2\/comments?post=124131"}],"version-history":[{"count":1,"href":"https:\/\/www.sonoraenequipo.com.mx\/api\/wp\/v2\/posts\/124131\/revisions"}],"predecessor-version":[{"id":124133,"href":"https:\/\/www.sonoraenequipo.com.mx\/api\/wp\/v2\/posts\/124131\/revisions\/124133"}],"wp:featuredmedia":[{"embeddable":true,"href":"https:\/\/www.sonoraenequipo.com.mx\/api\/wp\/v2\/media\/124132"}],"wp:attachment":[{"href":"https:\/\/www.sonoraenequipo.com.mx\/api\/wp\/v2\/media?parent=124131"}],"wp:term":[{"taxonomy":"category","embeddable":true,"href":"https:\/\/www.sonoraenequipo.com.mx\/api\/wp\/v2\/categories?post=124131"},{"taxonomy":"post_tag","embeddable":true,"href":"https:\/\/www.sonoraenequipo.com.mx\/api\/wp\/v2\/tags?post=124131"}],"curies":[{"name":"wp","href":"https:\/\/api.w.org\/{rel}","templated":true}]}}