{"id":124134,"date":"2021-10-02T13:46:51","date_gmt":"2021-10-02T20:46:51","guid":{"rendered":"https:\/\/www.sonoraenequipo.com.mx\/?p=124134"},"modified":"2021-10-02T14:59:47","modified_gmt":"2021-10-02T21:59:47","slug":"secretaria-de-seguridad-publica-y-fiscal-general-arman-estrategia-en-conjunto-a-favor-de-la-seguridad-y-la-paz-en-sonora","status":"publish","type":"post","link":"https:\/\/www.sonoraenequipo.com.mx\/secretaria-de-seguridad-publica-y-fiscal-general-arman-estrategia-en-conjunto-a-favor-de-la-seguridad-y-la-paz-en-sonora\/","title":{"rendered":"Secretaria de Seguridad p\u00fablica, y fiscal general, arman estrategia en conjunto a favor de la seguridad y la paz en sonora"},"content":{"rendered":"<p>HERMOSILLO,SONORA,MX.\u2500\u2500 Para cerrarle el paso a la delincuencia en la entidad, la Fiscal General en Sonora, Claudia Indira Contreras C\u00f3rdova, y la secretaria de Seguridad, Mar\u00eda Dolores del R\u00edo S\u00e1nchez, sostuvieron una reuni\u00f3n de planeaci\u00f3n estrat\u00e9gica.<\/p>\n<p>&nbsp;<\/p>\n<p>Junto con mandos operativos de ambas instituciones, reunidas y reunidos en las instalaciones del Centro de Control, Comando, Comunicaci\u00f3n, C\u00f3mputo, Coordinaci\u00f3n e Inteligencia (C5i), determinaron una coordinaci\u00f3n efectiva por la seguridad.<\/p>\n<p>&nbsp;<\/p>\n<p>Establecieron compartir bases de datos y una coordinaci\u00f3n efectiva entre elementos de la Agencia Ministerial de Investigaci\u00f3n Criminal (AMIC), de la Fiscal\u00eda General de Justicia del Estado de Sonora (FGJE), con la Polic\u00eda Estatal de Seguridad P\u00fablica (PESP).<\/p>\n<p>&nbsp;<\/p>\n<p>Las dos titulares coinciden en atender el tema de seguridad desde una perspectiva integral, en prevenci\u00f3n y procuraci\u00f3n de justicia de delitos como homicidio, pero tambi\u00e9n, en el mismo nivel de importancia, aquellas conductas delictivas que impactan la vida diaria de las familias sonorenses como violencia familiar, incumplimiento de obligaciones familiares y robo.<\/p>\n<p>&nbsp;<\/p>\n<p>Cabe recordar que en Sonora el delito de violencia familiar e incumplimiento de obligaciones familiares tiene una incidencia del 27%, mientras que el robo del 22.2%, que representan casi la mitad (49.2%) de los delitos cometidos en la entidad.<\/p>\n<p>Fecha de Publicaci\u00f3n\u00a0 s\u00e1bado\u00a0 \/ 02\u00a0\u00a0 \/ octubre \/ 2021<\/p>\n<p>&nbsp;<\/p>\n<p>&nbsp;<\/p>\n","protected":false},"excerpt":{"rendered":"<p>HERMOSILLO,SONORA,MX.\u2500\u2500 Para cerrarle el paso a la delincuencia en la entidad, la Fiscal General en&#8230;<\/p>\n","protected":false},"author":1,"featured_media":124135,"comment_status":"open","ping_status":"open","sticky":false,"template":"","format":"standard","meta":{"_monsterinsights_skip_tracking":false,"_monsterinsights_sitenote_active":false,"_monsterinsights_sitenote_note":"","_monsterinsights_sitenote_category":0,"footnotes":""},"categories":[3144],"tags":[299,15],"class_list":["post"],"yoast_head":" \n<title>Sonora en Equipo. Secretaria de Seguridad p\u00fablica, y fiscal general, arman estrategia en conjunto a favor de la seguridad y la paz en sonora Polic\u00edaca<\/title>\n<meta name=\"description\" content=\"HERMOSILLO,SONORA,MX.\u2500\u2500 Para cerrarle el paso a la delincuencia en la entidad, la Fiscal General en Sonora, Claudia Indira Contreras C\u00f3rdova, y la En Sonora en Equipo publicamos toda la informaci\u00f3n de Sonora, M\u00e9xico y el Mundo de manera oportuna y busca que la libertad de expresi\u00f3n sea real. Visita nuestro medio informativo publicado desde Hermosillo, Sonora. %\" \/>\n<meta name=\"robots\" content=\"index, follow, max-snippet:-1, max-image-preview:large, max-video-preview:-1\" \/>\n<link rel=\"canonical\" href=\"https:\/\/www.sonoraenequipo.com.mx\/secretaria-de-seguridad-publica-y-fiscal-general-arman-estrategia-en-conjunto-a-favor-de-la-seguridad-y-la-paz-en-sonora\/\" \/>\n<meta property=\"og:locale\" content=\"es_ES\" \/>\n<meta property=\"og:type\" content=\"article\" \/>\n<meta property=\"og:title\" content=\"Sonora en Equipo. Secretaria de Seguridad p\u00fablica, y fiscal general, arman estrategia en conjunto a favor de la seguridad y la paz en sonora Polic\u00edaca\" \/>\n<meta property=\"og:description\" content=\"HERMOSILLO,SONORA,MX.\u2500\u2500 Para cerrarle el paso a la delincuencia en la entidad, la Fiscal General en Sonora, Claudia Indira Contreras C\u00f3rdova, y la En Sonora en Equipo publicamos toda la informaci\u00f3n de Sonora, M\u00e9xico y el Mundo de manera oportuna y busca que la libertad de expresi\u00f3n sea real. Visita nuestro medio informativo publicado desde Hermosillo, Sonora. %\" \/>\n<meta property=\"og:url\" content=\"https:\/\/www.sonoraenequipo.com.mx\/secretaria-de-seguridad-publica-y-fiscal-general-arman-estrategia-en-conjunto-a-favor-de-la-seguridad-y-la-paz-en-sonora\/\" \/>\n<meta property=\"og:site_name\" content=\"Sonora en Equipo.\" \/>\n<meta property=\"article:publisher\" content=\"https:\/\/www.facebook.com\/SonoraEE\/\" \/>\n<meta property=\"article:author\" content=\"https:\/\/www.facebook.com\/SonoraEE\" \/>\n<meta property=\"article:published_time\" content=\"2021-10-02T20:46:51+00:00\" \/>\n<meta property=\"article:modified_time\" content=\"2021-10-02T21:59:47+00:00\" \/>\n<meta property=\"og:image\" content=\"https:\/\/www.sonoraenequipo.com.mx\/storage\/2021\/10\/fiscal-secretaria-seg.jpg\" \/>\n\t<meta property=\"og:image:width\" content=\"700\" \/>\n\t<meta property=\"og:image:height\" content=\"400\" \/>\n\t<meta property=\"og:image:type\" content=\"image\/jpeg\" \/>\n<meta name=\"author\" content=\"enequipo\" \/>\n<meta name=\"twitter:card\" content=\"summary_large_image\" \/>\n<meta name=\"twitter:creator\" content=\"@sonoraenequipo\" \/>\n<meta name=\"twitter:site\" content=\"@sonoraenequipo\" \/>\n<meta name=\"twitter:label1\" content=\"Escrito por\" \/>\n\t<meta name=\"twitter:data1\" content=\"enequipo\" \/>\n\t<meta name=\"twitter:label2\" content=\"Tiempo de lectura\" \/>\n\t<meta name=\"twitter:data2\" content=\"1 minuto\" \/>\n<script type=\"application\/ld+json\" class=\"yoast-schema-graph\">{\"@context\":\"https:\/\/schema.org\",\"@graph\":[{\"@type\":\"Article\",\"@id\":\"https:\/\/www.sonoraenequipo.com.mx\/secretaria-de-seguridad-publica-y-fiscal-general-arman-estrategia-en-conjunto-a-favor-de-la-seguridad-y-la-paz-en-sonora\/#article\",\"isPartOf\":{\"@id\":\"https:\/\/www.sonoraenequipo.com.mx\/secretaria-de-seguridad-publica-y-fiscal-general-arman-estrategia-en-conjunto-a-favor-de-la-seguridad-y-la-paz-en-sonora\/\"},\"author\":{\"name\":\"enequipo\",\"@id\":\"https:\/\/www.sonoraenequipo.com.mx\/#\/schema\/person\/50102df0fb23a8fa9e8effad8fa81386\"},\"headline\":\"Secretaria de Seguridad p\u00fablica, y fiscal general, arman estrategia en conjunto a favor de la seguridad y la paz en sonora\",\"datePublished\":\"2021-10-02T20:46:51+00:00\",\"dateModified\":\"2021-10-02T21:59:47+00:00\",\"mainEntityOfPage\":{\"@id\":\"https:\/\/www.sonoraenequipo.com.mx\/secretaria-de-seguridad-publica-y-fiscal-general-arman-estrategia-en-conjunto-a-favor-de-la-seguridad-y-la-paz-en-sonora\/\"},\"wordCount\":251,\"commentCount\":0,\"publisher\":{\"@id\":\"https:\/\/www.sonoraenequipo.com.mx\/#organization\"},\"image\":{\"@id\":\"https:\/\/www.sonoraenequipo.com.mx\/secretaria-de-seguridad-publica-y-fiscal-general-arman-estrategia-en-conjunto-a-favor-de-la-seguridad-y-la-paz-en-sonora\/#primaryimage\"},\"thumbnailUrl\":\"https:\/\/www.sonoraenequipo.com.mx\/storage\/2021\/10\/fiscal-secretaria-seg.jpg\",\"keywords\":[\"inseguridad\",\"Sonora\"],\"articleSection\":[\"Polic\u00edaca\"],\"inLanguage\":\"es\",\"potentialAction\":[{\"@type\":\"CommentAction\",\"name\":\"Comment\",\"target\":[\"https:\/\/www.sonoraenequipo.com.mx\/secretaria-de-seguridad-publica-y-fiscal-general-arman-estrategia-en-conjunto-a-favor-de-la-seguridad-y-la-paz-en-sonora\/#respond\"]}]},{\"@type\":\"WebPage\",\"@id\":\"https:\/\/www.sonoraenequipo.com.mx\/secretaria-de-seguridad-publica-y-fiscal-general-arman-estrategia-en-conjunto-a-favor-de-la-seguridad-y-la-paz-en-sonora\/\",\"url\":\"https:\/\/www.sonoraenequipo.com.mx\/secretaria-de-seguridad-publica-y-fiscal-general-arman-estrategia-en-conjunto-a-favor-de-la-seguridad-y-la-paz-en-sonora\/\",\"name\":\"Sonora en Equipo. Secretaria de Seguridad p\u00fablica, y fiscal general, arman estrategia en conjunto a favor de la seguridad y la paz en sonora Polic\u00edaca\",\"isPartOf\":{\"@id\":\"https:\/\/www.sonoraenequipo.com.mx\/#website\"},\"primaryImageOfPage\":{\"@id\":\"https:\/\/www.sonoraenequipo.com.mx\/secretaria-de-seguridad-publica-y-fiscal-general-arman-estrategia-en-conjunto-a-favor-de-la-seguridad-y-la-paz-en-sonora\/#primaryimage\"},\"image\":{\"@id\":\"https:\/\/www.sonoraenequipo.com.mx\/secretaria-de-seguridad-publica-y-fiscal-general-arman-estrategia-en-conjunto-a-favor-de-la-seguridad-y-la-paz-en-sonora\/#primaryimage\"},\"thumbnailUrl\":\"https:\/\/www.sonoraenequipo.com.mx\/storage\/2021\/10\/fiscal-secretaria-seg.jpg\",\"datePublished\":\"2021-10-02T20:46:51+00:00\",\"dateModified\":\"2021-10-02T21:59:47+00:00\",\"description\":\"HERMOSILLO,SONORA,MX.\u2500\u2500 Para cerrarle el paso a la delincuencia en la entidad, la Fiscal General en Sonora, Claudia Indira Contreras C\u00f3rdova, y la En Sonora en Equipo publicamos toda la informaci\u00f3n de Sonora, M\u00e9xico y el Mundo de manera oportuna y busca que la libertad de expresi\u00f3n sea real. Visita nuestro medio informativo publicado desde Hermosillo, Sonora. %\",\"breadcrumb\":{\"@id\":\"https:\/\/www.sonoraenequipo.com.mx\/secretaria-de-seguridad-publica-y-fiscal-general-arman-estrategia-en-conjunto-a-favor-de-la-seguridad-y-la-paz-en-sonora\/#breadcrumb\"},\"inLanguage\":\"es\",\"potentialAction\":[{\"@type\":\"ReadAction\",\"target\":[\"https:\/\/www.sonoraenequipo.com.mx\/secretaria-de-seguridad-publica-y-fiscal-general-arman-estrategia-en-conjunto-a-favor-de-la-seguridad-y-la-paz-en-sonora\/\"]}]},{\"@type\":\"ImageObject\",\"inLanguage\":\"es\",\"@id\":\"https:\/\/www.sonoraenequipo.com.mx\/secretaria-de-seguridad-publica-y-fiscal-general-arman-estrategia-en-conjunto-a-favor-de-la-seguridad-y-la-paz-en-sonora\/#primaryimage\",\"url\":\"https:\/\/www.sonoraenequipo.com.mx\/storage\/2021\/10\/fiscal-secretaria-seg.jpg\",\"contentUrl\":\"https:\/\/www.sonoraenequipo.com.mx\/storage\/2021\/10\/fiscal-secretaria-seg.jpg\",\"width\":700,\"height\":400,\"caption\":\"Claudia Indira Contreras, fiscal general, Mar\u00eda Dolores Del R\u00edo, secretaria de seguridad p\u00fablica\"},{\"@type\":\"BreadcrumbList\",\"@id\":\"https:\/\/www.sonoraenequipo.com.mx\/secretaria-de-seguridad-publica-y-fiscal-general-arman-estrategia-en-conjunto-a-favor-de-la-seguridad-y-la-paz-en-sonora\/#breadcrumb\",\"itemListElement\":[{\"@type\":\"ListItem\",\"position\":1,\"name\":\"Portada\",\"item\":\"https:\/\/www.sonoraenequipo.com.mx\/\"},{\"@type\":\"ListItem\",\"position\":2,\"name\":\"Secretaria de Seguridad p\u00fablica, y fiscal general, arman estrategia en conjunto a favor de la seguridad y la paz en sonora\"}]},{\"@type\":\"WebSite\",\"@id\":\"https:\/\/www.sonoraenequipo.com.mx\/#website\",\"url\":\"https:\/\/www.sonoraenequipo.com.mx\/\",\"name\":\"Sonora en Equipo.\",\"description\":\"Diario en l\u00ednea con Noticias desde Hermosillo, Sonora\",\"publisher\":{\"@id\":\"https:\/\/www.sonoraenequipo.com.mx\/#organization\"},\"potentialAction\":[{\"@type\":\"SearchAction\",\"target\":{\"@type\":\"EntryPoint\",\"urlTemplate\":\"https:\/\/www.sonoraenequipo.com.mx\/?s={search_term_string}\"},\"query-input\":{\"@type\":\"PropertyValueSpecification\",\"valueRequired\":true,\"valueName\":\"search_term_string\"}}],\"inLanguage\":\"es\"},{\"@type\":\"Organization\",\"@id\":\"https:\/\/www.sonoraenequipo.com.mx\/#organization\",\"name\":\"Sonoraenequipo.com.mx\",\"url\":\"https:\/\/www.sonoraenequipo.com.mx\/\",\"logo\":{\"@type\":\"ImageObject\",\"inLanguage\":\"es\",\"@id\":\"https:\/\/www.sonoraenequipo.com.mx\/#\/schema\/logo\/image\/\",\"url\":\"https:\/\/www.sonoraenequipo.com.mx\/storage\/2019\/01\/sonoraenequipo_opt.png\",\"contentUrl\":\"https:\/\/www.sonoraenequipo.com.mx\/storage\/2019\/01\/sonoraenequipo_opt.png\",\"width\":375,\"height\":125,\"caption\":\"Sonoraenequipo.com.mx\"},\"image\":{\"@id\":\"https:\/\/www.sonoraenequipo.com.mx\/#\/schema\/logo\/image\/\"},\"sameAs\":[\"https:\/\/www.facebook.com\/SonoraEE\/\",\"https:\/\/x.com\/sonoraenequipo\",\"https:\/\/www.youtube.com\/channel\/UC338nW-lPEYmJQs4ZABQ1SQ\"]},{\"@type\":\"Person\",\"@id\":\"https:\/\/www.sonoraenequipo.com.mx\/#\/schema\/person\/50102df0fb23a8fa9e8effad8fa81386\",\"name\":\"enequipo\",\"image\":{\"@type\":\"ImageObject\",\"inLanguage\":\"es\",\"@id\":\"https:\/\/www.sonoraenequipo.com.mx\/#\/schema\/person\/image\/\",\"url\":\"https:\/\/secure.gravatar.com\/avatar\/049821681b589dabc0bc20695993ccebb09f5b5d4d790cd9251b97faac7c652b?s=96&d=blank&r=g\",\"contentUrl\":\"https:\/\/secure.gravatar.com\/avatar\/049821681b589dabc0bc20695993ccebb09f5b5d4d790cd9251b97faac7c652b?s=96&d=blank&r=g\",\"caption\":\"enequipo\"},\"sameAs\":[\"https:\/\/www.facebook.com\/SonoraEE\"]}]}<\/script>\n ","yoast_head_json":{"title":"Sonora en Equipo. Secretaria de Seguridad p\u00fablica, y fiscal general, arman estrategia en conjunto a favor de la seguridad y la paz en sonora Polic\u00edaca","description":"HERMOSILLO,SONORA,MX.\u2500\u2500 Para cerrarle el paso a la delincuencia en la entidad, la Fiscal General en Sonora, Claudia Indira Contreras C\u00f3rdova, y la En Sonora en Equipo publicamos toda la informaci\u00f3n de Sonora, M\u00e9xico y el Mundo de manera oportuna y busca que la libertad de expresi\u00f3n sea real. Visita nuestro medio informativo publicado desde Hermosillo, Sonora. %","robots":{"index":"index","follow":"follow","max-snippet":"max-snippet:-1","max-image-preview":"max-image-preview:large","max-video-preview":"max-video-preview:-1"},"canonical":"https:\/\/www.sonoraenequipo.com.mx\/secretaria-de-seguridad-publica-y-fiscal-general-arman-estrategia-en-conjunto-a-favor-de-la-seguridad-y-la-paz-en-sonora\/","og_locale":"es_ES","og_type":"article","og_title":"Sonora en Equipo. Secretaria de Seguridad p\u00fablica, y fiscal general, arman estrategia en conjunto a favor de la seguridad y la paz en sonora Polic\u00edaca","og_description":"HERMOSILLO,SONORA,MX.\u2500\u2500 Para cerrarle el paso a la delincuencia en la entidad, la Fiscal General en Sonora, Claudia Indira Contreras C\u00f3rdova, y la En Sonora en Equipo publicamos toda la informaci\u00f3n de Sonora, M\u00e9xico y el Mundo de manera oportuna y busca que la libertad de expresi\u00f3n sea real. Visita nuestro medio informativo publicado desde Hermosillo, Sonora. %","og_url":"https:\/\/www.sonoraenequipo.com.mx\/secretaria-de-seguridad-publica-y-fiscal-general-arman-estrategia-en-conjunto-a-favor-de-la-seguridad-y-la-paz-en-sonora\/","og_site_name":"Sonora en Equipo.","article_publisher":"https:\/\/www.facebook.com\/SonoraEE\/","article_author":"https:\/\/www.facebook.com\/SonoraEE","article_published_time":"2021-10-02T20:46:51+00:00","article_modified_time":"2021-10-02T21:59:47+00:00","og_image":[{"width":700,"height":400,"url":"https:\/\/www.sonoraenequipo.com.mx\/storage\/2021\/10\/fiscal-secretaria-seg.jpg","type":"image\/jpeg"}],"author":"enequipo","twitter_card":"summary_large_image","twitter_creator":"@sonoraenequipo","twitter_site":"@sonoraenequipo","twitter_misc":{"Escrito por":"enequipo","Tiempo de lectura":"1 minuto"},"schema":{"@context":"https:\/\/schema.org","@graph":[{"@type":"Article","@id":"https:\/\/www.sonoraenequipo.com.mx\/secretaria-de-seguridad-publica-y-fiscal-general-arman-estrategia-en-conjunto-a-favor-de-la-seguridad-y-la-paz-en-sonora\/#article","isPartOf":{"@id":"https:\/\/www.sonoraenequipo.com.mx\/secretaria-de-seguridad-publica-y-fiscal-general-arman-estrategia-en-conjunto-a-favor-de-la-seguridad-y-la-paz-en-sonora\/"},"author":{"name":"enequipo","@id":"https:\/\/www.sonoraenequipo.com.mx\/#\/schema\/person\/50102df0fb23a8fa9e8effad8fa81386"},"headline":"Secretaria de Seguridad p\u00fablica, y fiscal general, arman estrategia en conjunto a favor de la seguridad y la paz en sonora","datePublished":"2021-10-02T20:46:51+00:00","dateModified":"2021-10-02T21:59:47+00:00","mainEntityOfPage":{"@id":"https:\/\/www.sonoraenequipo.com.mx\/secretaria-de-seguridad-publica-y-fiscal-general-arman-estrategia-en-conjunto-a-favor-de-la-seguridad-y-la-paz-en-sonora\/"},"wordCount":251,"commentCount":0,"publisher":{"@id":"https:\/\/www.sonoraenequipo.com.mx\/#organization"},"image":{"@id":"https:\/\/www.sonoraenequipo.com.mx\/secretaria-de-seguridad-publica-y-fiscal-general-arman-estrategia-en-conjunto-a-favor-de-la-seguridad-y-la-paz-en-sonora\/#primaryimage"},"thumbnailUrl":"https:\/\/www.sonoraenequipo.com.mx\/storage\/2021\/10\/fiscal-secretaria-seg.jpg","keywords":["inseguridad","Sonora"],"articleSection":["Polic\u00edaca"],"inLanguage":"es","potentialAction":[{"@type":"CommentAction","name":"Comment","target":["https:\/\/www.sonoraenequipo.com.mx\/secretaria-de-seguridad-publica-y-fiscal-general-arman-estrategia-en-conjunto-a-favor-de-la-seguridad-y-la-paz-en-sonora\/#respond"]}]},{"@type":"WebPage","@id":"https:\/\/www.sonoraenequipo.com.mx\/secretaria-de-seguridad-publica-y-fiscal-general-arman-estrategia-en-conjunto-a-favor-de-la-seguridad-y-la-paz-en-sonora\/","url":"https:\/\/www.sonoraenequipo.com.mx\/secretaria-de-seguridad-publica-y-fiscal-general-arman-estrategia-en-conjunto-a-favor-de-la-seguridad-y-la-paz-en-sonora\/","name":"Sonora en Equipo. Secretaria de Seguridad p\u00fablica, y fiscal general, arman estrategia en conjunto a favor de la seguridad y la paz en sonora Polic\u00edaca","isPartOf":{"@id":"https:\/\/www.sonoraenequipo.com.mx\/#website"},"primaryImageOfPage":{"@id":"https:\/\/www.sonoraenequipo.com.mx\/secretaria-de-seguridad-publica-y-fiscal-general-arman-estrategia-en-conjunto-a-favor-de-la-seguridad-y-la-paz-en-sonora\/#primaryimage"},"image":{"@id":"https:\/\/www.sonoraenequipo.com.mx\/secretaria-de-seguridad-publica-y-fiscal-general-arman-estrategia-en-conjunto-a-favor-de-la-seguridad-y-la-paz-en-sonora\/#primaryimage"},"thumbnailUrl":"https:\/\/www.sonoraenequipo.com.mx\/storage\/2021\/10\/fiscal-secretaria-seg.jpg","datePublished":"2021-10-02T20:46:51+00:00","dateModified":"2021-10-02T21:59:47+00:00","description":"HERMOSILLO,SONORA,MX.\u2500\u2500 Para cerrarle el paso a la delincuencia en la entidad, la Fiscal General en Sonora, Claudia Indira Contreras C\u00f3rdova, y la En Sonora en Equipo publicamos toda la informaci\u00f3n de Sonora, M\u00e9xico y el Mundo de manera oportuna y busca que la libertad de expresi\u00f3n sea real. Visita nuestro medio informativo publicado desde Hermosillo, Sonora. %","breadcrumb":{"@id":"https:\/\/www.sonoraenequipo.com.mx\/secretaria-de-seguridad-publica-y-fiscal-general-arman-estrategia-en-conjunto-a-favor-de-la-seguridad-y-la-paz-en-sonora\/#breadcrumb"},"inLanguage":"es","potentialAction":[{"@type":"ReadAction","target":["https:\/\/www.sonoraenequipo.com.mx\/secretaria-de-seguridad-publica-y-fiscal-general-arman-estrategia-en-conjunto-a-favor-de-la-seguridad-y-la-paz-en-sonora\/"]}]},{"@type":"ImageObject","inLanguage":"es","@id":"https:\/\/www.sonoraenequipo.com.mx\/secretaria-de-seguridad-publica-y-fiscal-general-arman-estrategia-en-conjunto-a-favor-de-la-seguridad-y-la-paz-en-sonora\/#primaryimage","url":"https:\/\/www.sonoraenequipo.com.mx\/storage\/2021\/10\/fiscal-secretaria-seg.jpg","contentUrl":"https:\/\/www.sonoraenequipo.com.mx\/storage\/2021\/10\/fiscal-secretaria-seg.jpg","width":700,"height":400,"caption":"Claudia Indira Contreras, fiscal general, Mar\u00eda Dolores Del R\u00edo, secretaria de seguridad p\u00fablica"},{"@type":"BreadcrumbList","@id":"https:\/\/www.sonoraenequipo.com.mx\/secretaria-de-seguridad-publica-y-fiscal-general-arman-estrategia-en-conjunto-a-favor-de-la-seguridad-y-la-paz-en-sonora\/#breadcrumb","itemListElement":[{"@type":"ListItem","position":1,"name":"Portada","item":"https:\/\/www.sonoraenequipo.com.mx\/"},{"@type":"ListItem","position":2,"name":"Secretaria de Seguridad p\u00fablica, y fiscal general, arman estrategia en conjunto a favor de la seguridad y la paz en sonora"}]},{"@type":"WebSite","@id":"https:\/\/www.sonoraenequipo.com.mx\/#website","url":"https:\/\/www.sonoraenequipo.com.mx\/","name":"Sonora en Equipo.","description":"Diario en l\u00ednea con Noticias desde Hermosillo, Sonora","publisher":{"@id":"https:\/\/www.sonoraenequipo.com.mx\/#organization"},"potentialAction":[{"@type":"SearchAction","target":{"@type":"EntryPoint","urlTemplate":"https:\/\/www.sonoraenequipo.com.mx\/?s={search_term_string}"},"query-input":{"@type":"PropertyValueSpecification","valueRequired":true,"valueName":"search_term_string"}}],"inLanguage":"es"},{"@type":"Organization","@id":"https:\/\/www.sonoraenequipo.com.mx\/#organization","name":"Sonoraenequipo.com.mx","url":"https:\/\/www.sonoraenequipo.com.mx\/","logo":{"@type":"ImageObject","inLanguage":"es","@id":"https:\/\/www.sonoraenequipo.com.mx\/#\/schema\/logo\/image\/","url":"https:\/\/www.sonoraenequipo.com.mx\/storage\/2019\/01\/sonoraenequipo_opt.png","contentUrl":"https:\/\/www.sonoraenequipo.com.mx\/storage\/2019\/01\/sonoraenequipo_opt.png","width":375,"height":125,"caption":"Sonoraenequipo.com.mx"},"image":{"@id":"https:\/\/www.sonoraenequipo.com.mx\/#\/schema\/logo\/image\/"},"sameAs":["https:\/\/www.facebook.com\/SonoraEE\/","https:\/\/x.com\/sonoraenequipo","https:\/\/www.youtube.com\/channel\/UC338nW-lPEYmJQs4ZABQ1SQ"]},{"@type":"Person","@id":"https:\/\/www.sonoraenequipo.com.mx\/#\/schema\/person\/50102df0fb23a8fa9e8effad8fa81386","name":"enequipo","image":{"@type":"ImageObject","inLanguage":"es","@id":"https:\/\/www.sonoraenequipo.com.mx\/#\/schema\/person\/image\/","url":"https:\/\/secure.gravatar.com\/avatar\/049821681b589dabc0bc20695993ccebb09f5b5d4d790cd9251b97faac7c652b?s=96&d=blank&r=g","contentUrl":"https:\/\/secure.gravatar.com\/avatar\/049821681b589dabc0bc20695993ccebb09f5b5d4d790cd9251b97faac7c652b?s=96&d=blank&r=g","caption":"enequipo"},"sameAs":["https:\/\/www.facebook.com\/SonoraEE"]}]}},"jetpack_featured_media_url":"https:\/\/www.sonoraenequipo.com.mx\/storage\/2021\/10\/fiscal-secretaria-seg.jpg","_links":{"self":[{"href":"https:\/\/www.sonoraenequipo.com.mx\/api\/wp\/v2\/posts\/124134","targetHints":{"allow":["GET"]}}],"collection":[{"href":"https:\/\/www.sonoraenequipo.com.mx\/api\/wp\/v2\/posts"}],"about":[{"href":"https:\/\/www.sonoraenequipo.com.mx\/api\/wp\/v2\/types\/post"}],"author":[{"embeddable":true,"href":"https:\/\/www.sonoraenequipo.com.mx\/api\/wp\/v2\/users\/1"}],"replies":[{"embeddable":true,"href":"https:\/\/www.sonoraenequipo.com.mx\/api\/wp\/v2\/comments?post=124134"}],"version-history":[{"count":2,"href":"https:\/\/www.sonoraenequipo.com.mx\/api\/wp\/v2\/posts\/124134\/revisions"}],"predecessor-version":[{"id":124137,"href":"https:\/\/www.sonoraenequipo.com.mx\/api\/wp\/v2\/posts\/124134\/revisions\/124137"}],"wp:featuredmedia":[{"embeddable":true,"href":"https:\/\/www.sonoraenequipo.com.mx\/api\/wp\/v2\/media\/124135"}],"wp:attachment":[{"href":"https:\/\/www.sonoraenequipo.com.mx\/api\/wp\/v2\/media?parent=124134"}],"wp:term":[{"taxonomy":"category","embeddable":true,"href":"https:\/\/www.sonoraenequipo.com.mx\/api\/wp\/v2\/categories?post=124134"},{"taxonomy":"post_tag","embeddable":true,"href":"https:\/\/www.sonoraenequipo.com.mx\/api\/wp\/v2\/tags?post=124134"}],"curies":[{"name":"wp","href":"https:\/\/api.w.org\/{rel}","templated":true}]}}