{"id":124144,"date":"2021-10-02T16:26:09","date_gmt":"2021-10-02T23:26:09","guid":{"rendered":"https:\/\/www.sonoraenequipo.com.mx\/?p=124144"},"modified":"2021-10-02T17:43:24","modified_gmt":"2021-10-03T00:43:24","slug":"avanza-plan-de-apoyo-a-damnificados-por-huracan-grace","status":"publish","type":"post","link":"https:\/\/www.sonoraenequipo.com.mx\/avanza-plan-de-apoyo-a-damnificados-por-huracan-grace\/","title":{"rendered":"Avanza plan de apoyo a damnificados por hurac\u00e1n Grace."},"content":{"rendered":"<p>XALAPA, VERACRUZ. MX. \u2014 En su visita a Veracruz, el presidente Andr\u00e9s Manuel L\u00f3pez Obrador evalu\u00f3 el avance del plan de apoyo a personas afectadas por el hurac\u00e1n Grace. Inform\u00f3 que en solo 40 d\u00edas se ha atendido a m\u00e1s de 145 mil familias damnificadas.<\/p>\n<p>&nbsp;<\/p>\n<p> <\/p>\n<p>&nbsp;<\/p>\n<p><em>\u201cEs satisfactorio que se est\u00e9 avanzando en poco tiempo, en 40 d\u00edas; esto desde luego, antes, no suced\u00eda, esto ya muestra la diferencia entre lo que significaban los gobiernos neoliberales y lo que significa el gobierno de la transformaci\u00f3n\u201d<\/em>, indic\u00f3.<\/p>\n<p>&nbsp;<\/p>\n<p>Precis\u00f3 que a la fecha 145 mil 318 hogares recibieron de manera directa 35 mil pesos por familia, lo que significa una cobertura del 99.7 por ciento de damnificados; la inversi\u00f3n para este prop\u00f3sito asciende a mil 586 millones de pesos.<\/p>\n<p>&nbsp;<\/p>\n<p>&nbsp;<\/p>\n<p>Se entregaron 24 mil 137 apoyos a campesinos afectados con una inversi\u00f3n de 108 millones de pesos; el avance de entrega es del 99.6 por ciento, a\u00f1adi\u00f3.<\/p>\n<p>&nbsp;<\/p>\n<p>&nbsp;<\/p>\n<p>El mandatario sostuvo que es posible otorgar a las personas afectadas enseres dom\u00e9sticos y despensas de forma ordenada y sin intermediarios gracias al censo realizado por la Secretar\u00eda de Bienestar. Este ejercicio permite detectar las necesidades de las familias.<\/p>\n<p>&nbsp;<\/p>\n<p>&nbsp;<\/p>\n<p><em>\u201cAhora de inmediato, lo que se hace es un censo. Se va de comunidad en comunidad, pueblo por pueblo, casa por casa y se levanta un censo para saber quienes fueron afectados y en qu\u00e9 se les va a ayudar\u201d,<\/em> explic\u00f3.<\/p>\n<p>&nbsp;<\/p>\n<p>&nbsp;<\/p>\n<p>Asegur\u00f3 que se realizar\u00e1 un levantamiento de informaci\u00f3n para atender a las personas que expresaron no haber sido censadas y presuntamente resultaron afectadas por el paso del hurac\u00e1n.<\/p>\n<p>&nbsp;<\/p>\n<p>&nbsp;<\/p>\n<p><em>\u201cHay, desde luego, alguna inconformidad, hay que atender a todos. Hay quienes dicen \u2018no fui censado, no me tomaron en cuenta\u2019; hay que atenderlos. Tambi\u00e9n este m\u00e9todo es muy apegado a la realidad, y si no hubo afectaciones, si no fueron damnificados no se les puede inscribir. <\/em><em>Tenemos que actuar con honestidad todos\u201d<\/em>, instruyo el presidente al titular de la Secretar\u00eda del Bienestar, Javier May Rodr\u00edguez.<\/p>\n<p>&nbsp;<\/p>\n<p>&nbsp;<\/p>\n<p>Agreg\u00f3 que avanza la distribuci\u00f3n de refrigeradores, estufas y camas; a finales del a\u00f1o concluir\u00e1 la entrega de refrigeradores en Tabasco.<\/p>\n<p>&nbsp;<\/p>\n<p>&nbsp;<\/p>\n<p>El jefe del Ejecutivo destac\u00f3 la labor de las Fuerzas Armadas y de las autoridades de la Comisi\u00f3n Federal de Electricidad (CFE), la Comisi\u00f3n Nacional del Agua (Conagua), la Coordinaci\u00f3n Nacional de Protecci\u00f3n Civil y del gobierno estatal de Veracruz ante la emergencia.<\/p>\n<p>&nbsp;<\/p>\n<p>&nbsp;<\/p>\n<p>Participaron en el reporte el gobernador de Veracruz, Cuitl\u00e1huac Garc\u00eda; las y los secretarios de la Defensa Nacional, Luis Cresencio Sandoval Gonz\u00e1lez; de Marina, Jos\u00e9 Rafael Ojeda Dur\u00e1n; de Bienestar, Javier May Rodr\u00edguez; de Seguridad P\u00fablica y Protecci\u00f3n Ciudadana, Rosa Icela Rodr\u00edguez Vel\u00e1zquez y de Comunicaciones y Transportes, Jorge Arganis D\u00edaz Leal.<\/p>\n<p>&nbsp;<\/p>\n<p>&nbsp;<\/p>\n<p>Acompa\u00f1aron al presidente las y los subsecretarios de Egresos de la Secretar\u00eda de Hacienda y Cr\u00e9dito P\u00fablico, Victoria Rodr\u00edguez Ceja; de Bienestar, Ariadna Montiel Reyes; de Infraestructura de la Secretar\u00eda de Comunicaciones y Transportes, Jorge Nu\u00f1o Lara; el director general de la Conagua, Germ\u00e1n Mart\u00ednez Santoyo; el coordinador general de Programas Integrales para el Bienestar, Carlos Torres Rosas; el delegado estatal de Programas para el Desarrollo en el estado de Veracruz, Manuel Huerta Ladr\u00f3n de Guevara; el gerente de Divisi\u00f3n de Distribuci\u00f3n Oriente de la CFE, Ra\u00fal Ulsa L\u00f3pez; la secretaria de Protecci\u00f3n Civil de Veracruz, Guadalupe Osorno Maldonado; el secretario de gobierno de Veracruz, Eric Patrocinio Cisneros Burgos y la directora general del DIF de Veracruz, Rebeca Quintanar Barcel\u00f3.<\/p>\n<p>&nbsp;<\/p>\n<p>&nbsp;<\/p>\n<p>(Publicada el 02\/10\/2021)<\/p>\n","protected":false},"excerpt":{"rendered":"<p>XALAPA, VERACRUZ. MX. \u2014 En su visita a Veracruz, el presidente Andr\u00e9s Manuel L\u00f3pez Obrador&#8230;<\/p>\n","protected":false},"author":1,"featured_media":124145,"comment_status":"open","ping_status":"open","sticky":false,"template":"","format":"standard","meta":{"_monsterinsights_skip_tracking":false,"_monsterinsights_sitenote_active":false,"_monsterinsights_sitenote_note":"","_monsterinsights_sitenote_category":0,"footnotes":""},"categories":[5],"tags":[],"class_list":["post"],"yoast_head":" \n<title>Sonora en Equipo. Avanza plan de apoyo a damnificados por hurac\u00e1n Grace. Rep\u00fablica<\/title>\n<meta name=\"description\" content=\"XALAPA, VERACRUZ. MX. \u2014 En su visita a Veracruz, el presidente Andr\u00e9s Manuel L\u00f3pez Obrador evalu\u00f3 el avance del plan de apoyo a personas afectadas por el En Sonora en Equipo publicamos toda la informaci\u00f3n de Sonora, M\u00e9xico y el Mundo de manera oportuna y busca que la libertad de expresi\u00f3n sea real. Visita nuestro medio informativo publicado desde Hermosillo, Sonora. %\" \/>\n<meta name=\"robots\" content=\"index, follow, max-snippet:-1, max-image-preview:large, max-video-preview:-1\" \/>\n<link rel=\"canonical\" href=\"https:\/\/www.sonoraenequipo.com.mx\/avanza-plan-de-apoyo-a-damnificados-por-huracan-grace\/\" \/>\n<meta property=\"og:locale\" content=\"es_ES\" \/>\n<meta property=\"og:type\" content=\"article\" \/>\n<meta property=\"og:title\" content=\"Sonora en Equipo. Avanza plan de apoyo a damnificados por hurac\u00e1n Grace. Rep\u00fablica\" \/>\n<meta property=\"og:description\" content=\"XALAPA, VERACRUZ. MX. \u2014 En su visita a Veracruz, el presidente Andr\u00e9s Manuel L\u00f3pez Obrador evalu\u00f3 el avance del plan de apoyo a personas afectadas por el En Sonora en Equipo publicamos toda la informaci\u00f3n de Sonora, M\u00e9xico y el Mundo de manera oportuna y busca que la libertad de expresi\u00f3n sea real. Visita nuestro medio informativo publicado desde Hermosillo, Sonora. %\" \/>\n<meta property=\"og:url\" content=\"https:\/\/www.sonoraenequipo.com.mx\/avanza-plan-de-apoyo-a-damnificados-por-huracan-grace\/\" \/>\n<meta property=\"og:site_name\" content=\"Sonora en Equipo.\" \/>\n<meta property=\"article:publisher\" content=\"https:\/\/www.facebook.com\/SonoraEE\/\" \/>\n<meta property=\"article:author\" content=\"https:\/\/www.facebook.com\/SonoraEE\" \/>\n<meta property=\"article:published_time\" content=\"2021-10-02T23:26:09+00:00\" \/>\n<meta property=\"article:modified_time\" content=\"2021-10-03T00:43:24+00:00\" \/>\n<meta property=\"og:image\" content=\"https:\/\/www.sonoraenequipo.com.mx\/storage\/2021\/10\/02_opt.jpg\" \/>\n\t<meta property=\"og:image:width\" content=\"700\" \/>\n\t<meta property=\"og:image:height\" content=\"400\" \/>\n\t<meta property=\"og:image:type\" content=\"image\/jpeg\" \/>\n<meta name=\"author\" content=\"enequipo\" \/>\n<meta name=\"twitter:card\" content=\"summary_large_image\" \/>\n<meta name=\"twitter:creator\" content=\"@sonoraenequipo\" \/>\n<meta name=\"twitter:site\" content=\"@sonoraenequipo\" \/>\n<meta name=\"twitter:label1\" content=\"Escrito por\" \/>\n\t<meta name=\"twitter:data1\" content=\"enequipo\" \/>\n\t<meta name=\"twitter:label2\" content=\"Tiempo de lectura\" \/>\n\t<meta name=\"twitter:data2\" content=\"3 minutos\" \/>\n<script type=\"application\/ld+json\" class=\"yoast-schema-graph\">{\"@context\":\"https:\/\/schema.org\",\"@graph\":[{\"@type\":\"Article\",\"@id\":\"https:\/\/www.sonoraenequipo.com.mx\/avanza-plan-de-apoyo-a-damnificados-por-huracan-grace\/#article\",\"isPartOf\":{\"@id\":\"https:\/\/www.sonoraenequipo.com.mx\/avanza-plan-de-apoyo-a-damnificados-por-huracan-grace\/\"},\"author\":{\"name\":\"enequipo\",\"@id\":\"https:\/\/www.sonoraenequipo.com.mx\/#\/schema\/person\/50102df0fb23a8fa9e8effad8fa81386\"},\"headline\":\"Avanza plan de apoyo a damnificados por hurac\u00e1n Grace.\",\"datePublished\":\"2021-10-02T23:26:09+00:00\",\"dateModified\":\"2021-10-03T00:43:24+00:00\",\"mainEntityOfPage\":{\"@id\":\"https:\/\/www.sonoraenequipo.com.mx\/avanza-plan-de-apoyo-a-damnificados-por-huracan-grace\/\"},\"wordCount\":636,\"commentCount\":0,\"publisher\":{\"@id\":\"https:\/\/www.sonoraenequipo.com.mx\/#organization\"},\"image\":{\"@id\":\"https:\/\/www.sonoraenequipo.com.mx\/avanza-plan-de-apoyo-a-damnificados-por-huracan-grace\/#primaryimage\"},\"thumbnailUrl\":\"https:\/\/www.sonoraenequipo.com.mx\/storage\/2021\/10\/02_opt.jpg\",\"articleSection\":[\"Rep\u00fablica\"],\"inLanguage\":\"es\",\"potentialAction\":[{\"@type\":\"CommentAction\",\"name\":\"Comment\",\"target\":[\"https:\/\/www.sonoraenequipo.com.mx\/avanza-plan-de-apoyo-a-damnificados-por-huracan-grace\/#respond\"]}]},{\"@type\":\"WebPage\",\"@id\":\"https:\/\/www.sonoraenequipo.com.mx\/avanza-plan-de-apoyo-a-damnificados-por-huracan-grace\/\",\"url\":\"https:\/\/www.sonoraenequipo.com.mx\/avanza-plan-de-apoyo-a-damnificados-por-huracan-grace\/\",\"name\":\"Sonora en Equipo. Avanza plan de apoyo a damnificados por hurac\u00e1n Grace. Rep\u00fablica\",\"isPartOf\":{\"@id\":\"https:\/\/www.sonoraenequipo.com.mx\/#website\"},\"primaryImageOfPage\":{\"@id\":\"https:\/\/www.sonoraenequipo.com.mx\/avanza-plan-de-apoyo-a-damnificados-por-huracan-grace\/#primaryimage\"},\"image\":{\"@id\":\"https:\/\/www.sonoraenequipo.com.mx\/avanza-plan-de-apoyo-a-damnificados-por-huracan-grace\/#primaryimage\"},\"thumbnailUrl\":\"https:\/\/www.sonoraenequipo.com.mx\/storage\/2021\/10\/02_opt.jpg\",\"datePublished\":\"2021-10-02T23:26:09+00:00\",\"dateModified\":\"2021-10-03T00:43:24+00:00\",\"description\":\"XALAPA, VERACRUZ. MX. \u2014 En su visita a Veracruz, el presidente Andr\u00e9s Manuel L\u00f3pez Obrador evalu\u00f3 el avance del plan de apoyo a personas afectadas por el En Sonora en Equipo publicamos toda la informaci\u00f3n de Sonora, M\u00e9xico y el Mundo de manera oportuna y busca que la libertad de expresi\u00f3n sea real. Visita nuestro medio informativo publicado desde Hermosillo, Sonora. %\",\"breadcrumb\":{\"@id\":\"https:\/\/www.sonoraenequipo.com.mx\/avanza-plan-de-apoyo-a-damnificados-por-huracan-grace\/#breadcrumb\"},\"inLanguage\":\"es\",\"potentialAction\":[{\"@type\":\"ReadAction\",\"target\":[\"https:\/\/www.sonoraenequipo.com.mx\/avanza-plan-de-apoyo-a-damnificados-por-huracan-grace\/\"]}]},{\"@type\":\"ImageObject\",\"inLanguage\":\"es\",\"@id\":\"https:\/\/www.sonoraenequipo.com.mx\/avanza-plan-de-apoyo-a-damnificados-por-huracan-grace\/#primaryimage\",\"url\":\"https:\/\/www.sonoraenequipo.com.mx\/storage\/2021\/10\/02_opt.jpg\",\"contentUrl\":\"https:\/\/www.sonoraenequipo.com.mx\/storage\/2021\/10\/02_opt.jpg\",\"width\":700,\"height\":400},{\"@type\":\"BreadcrumbList\",\"@id\":\"https:\/\/www.sonoraenequipo.com.mx\/avanza-plan-de-apoyo-a-damnificados-por-huracan-grace\/#breadcrumb\",\"itemListElement\":[{\"@type\":\"ListItem\",\"position\":1,\"name\":\"Portada\",\"item\":\"https:\/\/www.sonoraenequipo.com.mx\/\"},{\"@type\":\"ListItem\",\"position\":2,\"name\":\"Avanza plan de apoyo a damnificados por hurac\u00e1n Grace.\"}]},{\"@type\":\"WebSite\",\"@id\":\"https:\/\/www.sonoraenequipo.com.mx\/#website\",\"url\":\"https:\/\/www.sonoraenequipo.com.mx\/\",\"name\":\"Sonora en Equipo.\",\"description\":\"Diario en l\u00ednea con Noticias desde Hermosillo, Sonora\",\"publisher\":{\"@id\":\"https:\/\/www.sonoraenequipo.com.mx\/#organization\"},\"potentialAction\":[{\"@type\":\"SearchAction\",\"target\":{\"@type\":\"EntryPoint\",\"urlTemplate\":\"https:\/\/www.sonoraenequipo.com.mx\/?s={search_term_string}\"},\"query-input\":{\"@type\":\"PropertyValueSpecification\",\"valueRequired\":true,\"valueName\":\"search_term_string\"}}],\"inLanguage\":\"es\"},{\"@type\":\"Organization\",\"@id\":\"https:\/\/www.sonoraenequipo.com.mx\/#organization\",\"name\":\"Sonoraenequipo.com.mx\",\"url\":\"https:\/\/www.sonoraenequipo.com.mx\/\",\"logo\":{\"@type\":\"ImageObject\",\"inLanguage\":\"es\",\"@id\":\"https:\/\/www.sonoraenequipo.com.mx\/#\/schema\/logo\/image\/\",\"url\":\"https:\/\/www.sonoraenequipo.com.mx\/storage\/2019\/01\/sonoraenequipo_opt.png\",\"contentUrl\":\"https:\/\/www.sonoraenequipo.com.mx\/storage\/2019\/01\/sonoraenequipo_opt.png\",\"width\":375,\"height\":125,\"caption\":\"Sonoraenequipo.com.mx\"},\"image\":{\"@id\":\"https:\/\/www.sonoraenequipo.com.mx\/#\/schema\/logo\/image\/\"},\"sameAs\":[\"https:\/\/www.facebook.com\/SonoraEE\/\",\"https:\/\/x.com\/sonoraenequipo\",\"https:\/\/www.youtube.com\/channel\/UC338nW-lPEYmJQs4ZABQ1SQ\"]},{\"@type\":\"Person\",\"@id\":\"https:\/\/www.sonoraenequipo.com.mx\/#\/schema\/person\/50102df0fb23a8fa9e8effad8fa81386\",\"name\":\"enequipo\",\"image\":{\"@type\":\"ImageObject\",\"inLanguage\":\"es\",\"@id\":\"https:\/\/www.sonoraenequipo.com.mx\/#\/schema\/person\/image\/\",\"url\":\"https:\/\/secure.gravatar.com\/avatar\/049821681b589dabc0bc20695993ccebb09f5b5d4d790cd9251b97faac7c652b?s=96&d=blank&r=g\",\"contentUrl\":\"https:\/\/secure.gravatar.com\/avatar\/049821681b589dabc0bc20695993ccebb09f5b5d4d790cd9251b97faac7c652b?s=96&d=blank&r=g\",\"caption\":\"enequipo\"},\"sameAs\":[\"https:\/\/www.facebook.com\/SonoraEE\"]}]}<\/script>\n ","yoast_head_json":{"title":"Sonora en Equipo. Avanza plan de apoyo a damnificados por hurac\u00e1n Grace. Rep\u00fablica","description":"XALAPA, VERACRUZ. MX. \u2014 En su visita a Veracruz, el presidente Andr\u00e9s Manuel L\u00f3pez Obrador evalu\u00f3 el avance del plan de apoyo a personas afectadas por el En Sonora en Equipo publicamos toda la informaci\u00f3n de Sonora, M\u00e9xico y el Mundo de manera oportuna y busca que la libertad de expresi\u00f3n sea real. Visita nuestro medio informativo publicado desde Hermosillo, Sonora. %","robots":{"index":"index","follow":"follow","max-snippet":"max-snippet:-1","max-image-preview":"max-image-preview:large","max-video-preview":"max-video-preview:-1"},"canonical":"https:\/\/www.sonoraenequipo.com.mx\/avanza-plan-de-apoyo-a-damnificados-por-huracan-grace\/","og_locale":"es_ES","og_type":"article","og_title":"Sonora en Equipo. Avanza plan de apoyo a damnificados por hurac\u00e1n Grace. Rep\u00fablica","og_description":"XALAPA, VERACRUZ. MX. \u2014 En su visita a Veracruz, el presidente Andr\u00e9s Manuel L\u00f3pez Obrador evalu\u00f3 el avance del plan de apoyo a personas afectadas por el En Sonora en Equipo publicamos toda la informaci\u00f3n de Sonora, M\u00e9xico y el Mundo de manera oportuna y busca que la libertad de expresi\u00f3n sea real. Visita nuestro medio informativo publicado desde Hermosillo, Sonora. %","og_url":"https:\/\/www.sonoraenequipo.com.mx\/avanza-plan-de-apoyo-a-damnificados-por-huracan-grace\/","og_site_name":"Sonora en Equipo.","article_publisher":"https:\/\/www.facebook.com\/SonoraEE\/","article_author":"https:\/\/www.facebook.com\/SonoraEE","article_published_time":"2021-10-02T23:26:09+00:00","article_modified_time":"2021-10-03T00:43:24+00:00","og_image":[{"width":700,"height":400,"url":"https:\/\/www.sonoraenequipo.com.mx\/storage\/2021\/10\/02_opt.jpg","type":"image\/jpeg"}],"author":"enequipo","twitter_card":"summary_large_image","twitter_creator":"@sonoraenequipo","twitter_site":"@sonoraenequipo","twitter_misc":{"Escrito por":"enequipo","Tiempo de lectura":"3 minutos"},"schema":{"@context":"https:\/\/schema.org","@graph":[{"@type":"Article","@id":"https:\/\/www.sonoraenequipo.com.mx\/avanza-plan-de-apoyo-a-damnificados-por-huracan-grace\/#article","isPartOf":{"@id":"https:\/\/www.sonoraenequipo.com.mx\/avanza-plan-de-apoyo-a-damnificados-por-huracan-grace\/"},"author":{"name":"enequipo","@id":"https:\/\/www.sonoraenequipo.com.mx\/#\/schema\/person\/50102df0fb23a8fa9e8effad8fa81386"},"headline":"Avanza plan de apoyo a damnificados por hurac\u00e1n Grace.","datePublished":"2021-10-02T23:26:09+00:00","dateModified":"2021-10-03T00:43:24+00:00","mainEntityOfPage":{"@id":"https:\/\/www.sonoraenequipo.com.mx\/avanza-plan-de-apoyo-a-damnificados-por-huracan-grace\/"},"wordCount":636,"commentCount":0,"publisher":{"@id":"https:\/\/www.sonoraenequipo.com.mx\/#organization"},"image":{"@id":"https:\/\/www.sonoraenequipo.com.mx\/avanza-plan-de-apoyo-a-damnificados-por-huracan-grace\/#primaryimage"},"thumbnailUrl":"https:\/\/www.sonoraenequipo.com.mx\/storage\/2021\/10\/02_opt.jpg","articleSection":["Rep\u00fablica"],"inLanguage":"es","potentialAction":[{"@type":"CommentAction","name":"Comment","target":["https:\/\/www.sonoraenequipo.com.mx\/avanza-plan-de-apoyo-a-damnificados-por-huracan-grace\/#respond"]}]},{"@type":"WebPage","@id":"https:\/\/www.sonoraenequipo.com.mx\/avanza-plan-de-apoyo-a-damnificados-por-huracan-grace\/","url":"https:\/\/www.sonoraenequipo.com.mx\/avanza-plan-de-apoyo-a-damnificados-por-huracan-grace\/","name":"Sonora en Equipo. Avanza plan de apoyo a damnificados por hurac\u00e1n Grace. Rep\u00fablica","isPartOf":{"@id":"https:\/\/www.sonoraenequipo.com.mx\/#website"},"primaryImageOfPage":{"@id":"https:\/\/www.sonoraenequipo.com.mx\/avanza-plan-de-apoyo-a-damnificados-por-huracan-grace\/#primaryimage"},"image":{"@id":"https:\/\/www.sonoraenequipo.com.mx\/avanza-plan-de-apoyo-a-damnificados-por-huracan-grace\/#primaryimage"},"thumbnailUrl":"https:\/\/www.sonoraenequipo.com.mx\/storage\/2021\/10\/02_opt.jpg","datePublished":"2021-10-02T23:26:09+00:00","dateModified":"2021-10-03T00:43:24+00:00","description":"XALAPA, VERACRUZ. MX. \u2014 En su visita a Veracruz, el presidente Andr\u00e9s Manuel L\u00f3pez Obrador evalu\u00f3 el avance del plan de apoyo a personas afectadas por el En Sonora en Equipo publicamos toda la informaci\u00f3n de Sonora, M\u00e9xico y el Mundo de manera oportuna y busca que la libertad de expresi\u00f3n sea real. Visita nuestro medio informativo publicado desde Hermosillo, Sonora. %","breadcrumb":{"@id":"https:\/\/www.sonoraenequipo.com.mx\/avanza-plan-de-apoyo-a-damnificados-por-huracan-grace\/#breadcrumb"},"inLanguage":"es","potentialAction":[{"@type":"ReadAction","target":["https:\/\/www.sonoraenequipo.com.mx\/avanza-plan-de-apoyo-a-damnificados-por-huracan-grace\/"]}]},{"@type":"ImageObject","inLanguage":"es","@id":"https:\/\/www.sonoraenequipo.com.mx\/avanza-plan-de-apoyo-a-damnificados-por-huracan-grace\/#primaryimage","url":"https:\/\/www.sonoraenequipo.com.mx\/storage\/2021\/10\/02_opt.jpg","contentUrl":"https:\/\/www.sonoraenequipo.com.mx\/storage\/2021\/10\/02_opt.jpg","width":700,"height":400},{"@type":"BreadcrumbList","@id":"https:\/\/www.sonoraenequipo.com.mx\/avanza-plan-de-apoyo-a-damnificados-por-huracan-grace\/#breadcrumb","itemListElement":[{"@type":"ListItem","position":1,"name":"Portada","item":"https:\/\/www.sonoraenequipo.com.mx\/"},{"@type":"ListItem","position":2,"name":"Avanza plan de apoyo a damnificados por hurac\u00e1n Grace."}]},{"@type":"WebSite","@id":"https:\/\/www.sonoraenequipo.com.mx\/#website","url":"https:\/\/www.sonoraenequipo.com.mx\/","name":"Sonora en Equipo.","description":"Diario en l\u00ednea con Noticias desde Hermosillo, Sonora","publisher":{"@id":"https:\/\/www.sonoraenequipo.com.mx\/#organization"},"potentialAction":[{"@type":"SearchAction","target":{"@type":"EntryPoint","urlTemplate":"https:\/\/www.sonoraenequipo.com.mx\/?s={search_term_string}"},"query-input":{"@type":"PropertyValueSpecification","valueRequired":true,"valueName":"search_term_string"}}],"inLanguage":"es"},{"@type":"Organization","@id":"https:\/\/www.sonoraenequipo.com.mx\/#organization","name":"Sonoraenequipo.com.mx","url":"https:\/\/www.sonoraenequipo.com.mx\/","logo":{"@type":"ImageObject","inLanguage":"es","@id":"https:\/\/www.sonoraenequipo.com.mx\/#\/schema\/logo\/image\/","url":"https:\/\/www.sonoraenequipo.com.mx\/storage\/2019\/01\/sonoraenequipo_opt.png","contentUrl":"https:\/\/www.sonoraenequipo.com.mx\/storage\/2019\/01\/sonoraenequipo_opt.png","width":375,"height":125,"caption":"Sonoraenequipo.com.mx"},"image":{"@id":"https:\/\/www.sonoraenequipo.com.mx\/#\/schema\/logo\/image\/"},"sameAs":["https:\/\/www.facebook.com\/SonoraEE\/","https:\/\/x.com\/sonoraenequipo","https:\/\/www.youtube.com\/channel\/UC338nW-lPEYmJQs4ZABQ1SQ"]},{"@type":"Person","@id":"https:\/\/www.sonoraenequipo.com.mx\/#\/schema\/person\/50102df0fb23a8fa9e8effad8fa81386","name":"enequipo","image":{"@type":"ImageObject","inLanguage":"es","@id":"https:\/\/www.sonoraenequipo.com.mx\/#\/schema\/person\/image\/","url":"https:\/\/secure.gravatar.com\/avatar\/049821681b589dabc0bc20695993ccebb09f5b5d4d790cd9251b97faac7c652b?s=96&d=blank&r=g","contentUrl":"https:\/\/secure.gravatar.com\/avatar\/049821681b589dabc0bc20695993ccebb09f5b5d4d790cd9251b97faac7c652b?s=96&d=blank&r=g","caption":"enequipo"},"sameAs":["https:\/\/www.facebook.com\/SonoraEE"]}]}},"jetpack_featured_media_url":"https:\/\/www.sonoraenequipo.com.mx\/storage\/2021\/10\/02_opt.jpg","_links":{"self":[{"href":"https:\/\/www.sonoraenequipo.com.mx\/api\/wp\/v2\/posts\/124144","targetHints":{"allow":["GET"]}}],"collection":[{"href":"https:\/\/www.sonoraenequipo.com.mx\/api\/wp\/v2\/posts"}],"about":[{"href":"https:\/\/www.sonoraenequipo.com.mx\/api\/wp\/v2\/types\/post"}],"author":[{"embeddable":true,"href":"https:\/\/www.sonoraenequipo.com.mx\/api\/wp\/v2\/users\/1"}],"replies":[{"embeddable":true,"href":"https:\/\/www.sonoraenequipo.com.mx\/api\/wp\/v2\/comments?post=124144"}],"version-history":[{"count":1,"href":"https:\/\/www.sonoraenequipo.com.mx\/api\/wp\/v2\/posts\/124144\/revisions"}],"predecessor-version":[{"id":124146,"href":"https:\/\/www.sonoraenequipo.com.mx\/api\/wp\/v2\/posts\/124144\/revisions\/124146"}],"wp:featuredmedia":[{"embeddable":true,"href":"https:\/\/www.sonoraenequipo.com.mx\/api\/wp\/v2\/media\/124145"}],"wp:attachment":[{"href":"https:\/\/www.sonoraenequipo.com.mx\/api\/wp\/v2\/media?parent=124144"}],"wp:term":[{"taxonomy":"category","embeddable":true,"href":"https:\/\/www.sonoraenequipo.com.mx\/api\/wp\/v2\/categories?post=124144"},{"taxonomy":"post_tag","embeddable":true,"href":"https:\/\/www.sonoraenequipo.com.mx\/api\/wp\/v2\/tags?post=124144"}],"curies":[{"name":"wp","href":"https:\/\/api.w.org\/{rel}","templated":true}]}}