{"id":124147,"date":"2021-10-02T14:08:36","date_gmt":"2021-10-02T21:08:36","guid":{"rendered":"https:\/\/www.sonoraenequipo.com.mx\/?p=124147"},"modified":"2021-10-02T18:06:23","modified_gmt":"2021-10-03T01:06:23","slug":"buscaran-que-el-festival-alfonso-ortiz-tirado-recupere-su-esencia","status":"publish","type":"post","link":"https:\/\/www.sonoraenequipo.com.mx\/buscaran-que-el-festival-alfonso-ortiz-tirado-recupere-su-esencia\/","title":{"rendered":"Buscar\u00e1n que el Festival Alfonso Ortiz Tirado recupere su esencia."},"content":{"rendered":"<p>\u00c1LAMOS, SONORA. MX. \u2014 Sin lugar a duda el Festival Alfonso Ortiz Tirado es un referente cultural de gran importancia no solo para el municipio de Alamos; sin embargo a trav\u00e9s de los a\u00f1os se ha perdido la esencia por la cual fue creado.<\/p>\n<p>&nbsp;<\/p>\n<p> <\/p>\n<p>&nbsp;<\/p>\n<p>Por ello la Mtra. Beatriz Guadalupe Aldaco Encinas, directora del Instituto Sonorense de Cultura, destac\u00f3 la importancia de crear lazos con \u00c1lamos para la organizaci\u00f3n del Festival Dr. Alfonso Ortiz Tirado. Presentando propuesta para la reivindicaci\u00f3n del sentido de este referente cultural y de la recuperaci\u00f3n de su esencia.<\/p>\n<p>&nbsp;<\/p>\n<p>Por su parte el presidente V\u00edctor Balderrama; agradeci\u00f3 el acercamiento y la disposici\u00f3n para el trabajo en conjunto. Se puso a la orden para colaborar en los distintos proyectos, destacando la importancia de considerar a los artistas locales y fortalecer la imagen del festival.<\/p>\n<p>&nbsp;<\/p>\n<p><img loading=\"lazy\" decoding=\"async\" class=\"size-medium  x-left\" src=\"https:\/\/www.sonoraenequipo.com.mx\/storage\/2021\/10\/Mtra-Beatriz-Aldaco_opt-639x365.jpg\" alt=\"\" width=\"639\" height=\"365\" \/>En este primer encuentro se presentaron algunas propuestas generales de parte del ISC que coincidieron con las mencionadas por el Sr. Antonio Estrada Cantua creador e impulsor de este importante evento cultural, sobre resaltar la memoria del Dr. Ortiz Tirado.<\/p>\n<p>&nbsp;<\/p>\n<p>Por otra parte Meztli Estrada directora del Cultura en el municipio; habl\u00f3 del seguimiento de las actividades formativas del festival, de integrar al programa artistas locales, generar actividad comunitaria para grupos vulnerables. As\u00ed mismo el Dr. Alfonso Valenzuela Secretario del ayuntamiento expres\u00f3 ideas para crear productos art\u00edsticos y lograr un mejor manejo de los espacios.<\/p>\n<p>&nbsp;<\/p>\n<p>El Dr. Juan Carlos Holguin coment\u00f3 sobre algunas estrategias para no saturar el centro hist\u00f3rico y aprovecharlo de la mejor manera.<\/p>\n<p>&nbsp;<\/p>\n<p>Lic. Alfredo Cabral (del ISC) expuso algunos puntos a considerar en la organizaci\u00f3n, las actividades para retomar y los objetivos que se van a perseguir en estas nuevas ediciones del festival. La Lic. Danitza Rodriguez de OCV coment\u00f3 de la capacidad de \u00c1lamos para recibir visitantes, adem\u00e1s de mostrarse agradecida por el acercamiento con el comit\u00e9 de pueblos m\u00e1gicos, por su parte el presidente de \u00e9ste el Sr. Jim Swickard puso a disposici\u00f3n algunos espacios para el desarrollo de este festival.<\/p>\n<p>&nbsp;<\/p>\n<p>En la reuni\u00f3n tambi\u00e9n estuvieron presentes la S\u00edndico Municipal Lic. Arlene Lara con quien se platic\u00f3 sobre la distribuci\u00f3n y permisos de uso de piso durante el evento. La directora de Turismo Melis Anaya coment\u00f3 lo relevante de este evento para el visitante.<\/p>\n<p>&nbsp;<\/p>\n<p>Finalmente La Mtra. Aldaco agradeci\u00f3 la pl\u00e1tica as\u00ed como las coincidencias; asign\u00e1ndose algunas tareas para la pr\u00f3xima reuni\u00f3n.<\/p>\n<p>&nbsp;<\/p>\n<p>&nbsp;<\/p>\n<p>(Publicada el 02\/10\/2021)<\/p>\n","protected":false},"excerpt":{"rendered":"<p>\u00c1LAMOS, SONORA. MX. \u2014 Sin lugar a duda el Festival Alfonso Ortiz Tirado es un&#8230;<\/p>\n","protected":false},"author":1,"featured_media":124149,"comment_status":"open","ping_status":"open","sticky":false,"template":"","format":"standard","meta":{"_monsterinsights_skip_tracking":false,"_monsterinsights_sitenote_active":false,"_monsterinsights_sitenote_note":"","_monsterinsights_sitenote_category":0,"footnotes":""},"categories":[22],"tags":[],"class_list":["post"],"yoast_head":" \n<title>Sonora en Equipo. Buscar\u00e1n que el Festival Alfonso Ortiz Tirado recupere su esencia. Sonora<\/title>\n<meta name=\"description\" content=\"\u00c1LAMOS, SONORA. MX. \u2014 Sin lugar a duda el Festival Alfonso Ortiz Tirado es un referente cultural de gran importancia no solo para el municipio de Alamos; En Sonora en Equipo publicamos toda la informaci\u00f3n de Sonora, M\u00e9xico y el Mundo de manera oportuna y busca que la libertad de expresi\u00f3n sea real. Visita nuestro medio informativo publicado desde Hermosillo, Sonora. %\" \/>\n<meta name=\"robots\" content=\"index, follow, max-snippet:-1, max-image-preview:large, max-video-preview:-1\" \/>\n<link rel=\"canonical\" href=\"https:\/\/www.sonoraenequipo.com.mx\/buscaran-que-el-festival-alfonso-ortiz-tirado-recupere-su-esencia\/\" \/>\n<meta property=\"og:locale\" content=\"es_ES\" \/>\n<meta property=\"og:type\" content=\"article\" \/>\n<meta property=\"og:title\" content=\"Sonora en Equipo. Buscar\u00e1n que el Festival Alfonso Ortiz Tirado recupere su esencia. Sonora\" \/>\n<meta property=\"og:description\" content=\"\u00c1LAMOS, SONORA. MX. \u2014 Sin lugar a duda el Festival Alfonso Ortiz Tirado es un referente cultural de gran importancia no solo para el municipio de Alamos; En Sonora en Equipo publicamos toda la informaci\u00f3n de Sonora, M\u00e9xico y el Mundo de manera oportuna y busca que la libertad de expresi\u00f3n sea real. Visita nuestro medio informativo publicado desde Hermosillo, Sonora. %\" \/>\n<meta property=\"og:url\" content=\"https:\/\/www.sonoraenequipo.com.mx\/buscaran-que-el-festival-alfonso-ortiz-tirado-recupere-su-esencia\/\" \/>\n<meta property=\"og:site_name\" content=\"Sonora en Equipo.\" \/>\n<meta property=\"article:publisher\" content=\"https:\/\/www.facebook.com\/SonoraEE\/\" \/>\n<meta property=\"article:author\" content=\"https:\/\/www.facebook.com\/SonoraEE\" \/>\n<meta property=\"article:published_time\" content=\"2021-10-02T21:08:36+00:00\" \/>\n<meta property=\"article:modified_time\" content=\"2021-10-03T01:06:23+00:00\" \/>\n<meta property=\"og:image\" content=\"https:\/\/www.sonoraenequipo.com.mx\/storage\/2021\/10\/alamos-reunion_opt.jpg\" \/>\n\t<meta property=\"og:image:width\" content=\"700\" \/>\n\t<meta property=\"og:image:height\" content=\"400\" \/>\n\t<meta property=\"og:image:type\" content=\"image\/jpeg\" \/>\n<meta name=\"author\" content=\"enequipo\" \/>\n<meta name=\"twitter:card\" content=\"summary_large_image\" \/>\n<meta name=\"twitter:creator\" content=\"@sonoraenequipo\" \/>\n<meta name=\"twitter:site\" content=\"@sonoraenequipo\" \/>\n<meta name=\"twitter:label1\" content=\"Escrito por\" \/>\n\t<meta name=\"twitter:data1\" content=\"enequipo\" \/>\n\t<meta name=\"twitter:label2\" content=\"Tiempo de lectura\" \/>\n\t<meta name=\"twitter:data2\" content=\"2 minutos\" \/>\n<script type=\"application\/ld+json\" class=\"yoast-schema-graph\">{\"@context\":\"https:\/\/schema.org\",\"@graph\":[{\"@type\":\"Article\",\"@id\":\"https:\/\/www.sonoraenequipo.com.mx\/buscaran-que-el-festival-alfonso-ortiz-tirado-recupere-su-esencia\/#article\",\"isPartOf\":{\"@id\":\"https:\/\/www.sonoraenequipo.com.mx\/buscaran-que-el-festival-alfonso-ortiz-tirado-recupere-su-esencia\/\"},\"author\":{\"name\":\"enequipo\",\"@id\":\"https:\/\/www.sonoraenequipo.com.mx\/#\/schema\/person\/50102df0fb23a8fa9e8effad8fa81386\"},\"headline\":\"Buscar\u00e1n que el Festival Alfonso Ortiz Tirado recupere su esencia.\",\"datePublished\":\"2021-10-02T21:08:36+00:00\",\"dateModified\":\"2021-10-03T01:06:23+00:00\",\"mainEntityOfPage\":{\"@id\":\"https:\/\/www.sonoraenequipo.com.mx\/buscaran-que-el-festival-alfonso-ortiz-tirado-recupere-su-esencia\/\"},\"wordCount\":439,\"commentCount\":0,\"publisher\":{\"@id\":\"https:\/\/www.sonoraenequipo.com.mx\/#organization\"},\"image\":{\"@id\":\"https:\/\/www.sonoraenequipo.com.mx\/buscaran-que-el-festival-alfonso-ortiz-tirado-recupere-su-esencia\/#primaryimage\"},\"thumbnailUrl\":\"https:\/\/www.sonoraenequipo.com.mx\/storage\/2021\/10\/alamos-reunion_opt.jpg\",\"articleSection\":[\"Sonora\"],\"inLanguage\":\"es\",\"potentialAction\":[{\"@type\":\"CommentAction\",\"name\":\"Comment\",\"target\":[\"https:\/\/www.sonoraenequipo.com.mx\/buscaran-que-el-festival-alfonso-ortiz-tirado-recupere-su-esencia\/#respond\"]}]},{\"@type\":\"WebPage\",\"@id\":\"https:\/\/www.sonoraenequipo.com.mx\/buscaran-que-el-festival-alfonso-ortiz-tirado-recupere-su-esencia\/\",\"url\":\"https:\/\/www.sonoraenequipo.com.mx\/buscaran-que-el-festival-alfonso-ortiz-tirado-recupere-su-esencia\/\",\"name\":\"Sonora en Equipo. Buscar\u00e1n que el Festival Alfonso Ortiz Tirado recupere su esencia. Sonora\",\"isPartOf\":{\"@id\":\"https:\/\/www.sonoraenequipo.com.mx\/#website\"},\"primaryImageOfPage\":{\"@id\":\"https:\/\/www.sonoraenequipo.com.mx\/buscaran-que-el-festival-alfonso-ortiz-tirado-recupere-su-esencia\/#primaryimage\"},\"image\":{\"@id\":\"https:\/\/www.sonoraenequipo.com.mx\/buscaran-que-el-festival-alfonso-ortiz-tirado-recupere-su-esencia\/#primaryimage\"},\"thumbnailUrl\":\"https:\/\/www.sonoraenequipo.com.mx\/storage\/2021\/10\/alamos-reunion_opt.jpg\",\"datePublished\":\"2021-10-02T21:08:36+00:00\",\"dateModified\":\"2021-10-03T01:06:23+00:00\",\"description\":\"\u00c1LAMOS, SONORA. MX. \u2014 Sin lugar a duda el Festival Alfonso Ortiz Tirado es un referente cultural de gran importancia no solo para el municipio de Alamos; En Sonora en Equipo publicamos toda la informaci\u00f3n de Sonora, M\u00e9xico y el Mundo de manera oportuna y busca que la libertad de expresi\u00f3n sea real. Visita nuestro medio informativo publicado desde Hermosillo, Sonora. %\",\"breadcrumb\":{\"@id\":\"https:\/\/www.sonoraenequipo.com.mx\/buscaran-que-el-festival-alfonso-ortiz-tirado-recupere-su-esencia\/#breadcrumb\"},\"inLanguage\":\"es\",\"potentialAction\":[{\"@type\":\"ReadAction\",\"target\":[\"https:\/\/www.sonoraenequipo.com.mx\/buscaran-que-el-festival-alfonso-ortiz-tirado-recupere-su-esencia\/\"]}]},{\"@type\":\"ImageObject\",\"inLanguage\":\"es\",\"@id\":\"https:\/\/www.sonoraenequipo.com.mx\/buscaran-que-el-festival-alfonso-ortiz-tirado-recupere-su-esencia\/#primaryimage\",\"url\":\"https:\/\/www.sonoraenequipo.com.mx\/storage\/2021\/10\/alamos-reunion_opt.jpg\",\"contentUrl\":\"https:\/\/www.sonoraenequipo.com.mx\/storage\/2021\/10\/alamos-reunion_opt.jpg\",\"width\":700,\"height\":400},{\"@type\":\"BreadcrumbList\",\"@id\":\"https:\/\/www.sonoraenequipo.com.mx\/buscaran-que-el-festival-alfonso-ortiz-tirado-recupere-su-esencia\/#breadcrumb\",\"itemListElement\":[{\"@type\":\"ListItem\",\"position\":1,\"name\":\"Portada\",\"item\":\"https:\/\/www.sonoraenequipo.com.mx\/\"},{\"@type\":\"ListItem\",\"position\":2,\"name\":\"Buscar\u00e1n que el Festival Alfonso Ortiz Tirado recupere su esencia.\"}]},{\"@type\":\"WebSite\",\"@id\":\"https:\/\/www.sonoraenequipo.com.mx\/#website\",\"url\":\"https:\/\/www.sonoraenequipo.com.mx\/\",\"name\":\"Sonora en Equipo.\",\"description\":\"Diario en l\u00ednea con Noticias desde Hermosillo, Sonora\",\"publisher\":{\"@id\":\"https:\/\/www.sonoraenequipo.com.mx\/#organization\"},\"potentialAction\":[{\"@type\":\"SearchAction\",\"target\":{\"@type\":\"EntryPoint\",\"urlTemplate\":\"https:\/\/www.sonoraenequipo.com.mx\/?s={search_term_string}\"},\"query-input\":{\"@type\":\"PropertyValueSpecification\",\"valueRequired\":true,\"valueName\":\"search_term_string\"}}],\"inLanguage\":\"es\"},{\"@type\":\"Organization\",\"@id\":\"https:\/\/www.sonoraenequipo.com.mx\/#organization\",\"name\":\"Sonoraenequipo.com.mx\",\"url\":\"https:\/\/www.sonoraenequipo.com.mx\/\",\"logo\":{\"@type\":\"ImageObject\",\"inLanguage\":\"es\",\"@id\":\"https:\/\/www.sonoraenequipo.com.mx\/#\/schema\/logo\/image\/\",\"url\":\"https:\/\/www.sonoraenequipo.com.mx\/storage\/2019\/01\/sonoraenequipo_opt.png\",\"contentUrl\":\"https:\/\/www.sonoraenequipo.com.mx\/storage\/2019\/01\/sonoraenequipo_opt.png\",\"width\":375,\"height\":125,\"caption\":\"Sonoraenequipo.com.mx\"},\"image\":{\"@id\":\"https:\/\/www.sonoraenequipo.com.mx\/#\/schema\/logo\/image\/\"},\"sameAs\":[\"https:\/\/www.facebook.com\/SonoraEE\/\",\"https:\/\/x.com\/sonoraenequipo\",\"https:\/\/www.youtube.com\/channel\/UC338nW-lPEYmJQs4ZABQ1SQ\"]},{\"@type\":\"Person\",\"@id\":\"https:\/\/www.sonoraenequipo.com.mx\/#\/schema\/person\/50102df0fb23a8fa9e8effad8fa81386\",\"name\":\"enequipo\",\"image\":{\"@type\":\"ImageObject\",\"inLanguage\":\"es\",\"@id\":\"https:\/\/www.sonoraenequipo.com.mx\/#\/schema\/person\/image\/\",\"url\":\"https:\/\/secure.gravatar.com\/avatar\/049821681b589dabc0bc20695993ccebb09f5b5d4d790cd9251b97faac7c652b?s=96&d=blank&r=g\",\"contentUrl\":\"https:\/\/secure.gravatar.com\/avatar\/049821681b589dabc0bc20695993ccebb09f5b5d4d790cd9251b97faac7c652b?s=96&d=blank&r=g\",\"caption\":\"enequipo\"},\"sameAs\":[\"https:\/\/www.facebook.com\/SonoraEE\"]}]}<\/script>\n ","yoast_head_json":{"title":"Sonora en Equipo. Buscar\u00e1n que el Festival Alfonso Ortiz Tirado recupere su esencia. Sonora","description":"\u00c1LAMOS, SONORA. MX. \u2014 Sin lugar a duda el Festival Alfonso Ortiz Tirado es un referente cultural de gran importancia no solo para el municipio de Alamos; En Sonora en Equipo publicamos toda la informaci\u00f3n de Sonora, M\u00e9xico y el Mundo de manera oportuna y busca que la libertad de expresi\u00f3n sea real. Visita nuestro medio informativo publicado desde Hermosillo, Sonora. %","robots":{"index":"index","follow":"follow","max-snippet":"max-snippet:-1","max-image-preview":"max-image-preview:large","max-video-preview":"max-video-preview:-1"},"canonical":"https:\/\/www.sonoraenequipo.com.mx\/buscaran-que-el-festival-alfonso-ortiz-tirado-recupere-su-esencia\/","og_locale":"es_ES","og_type":"article","og_title":"Sonora en Equipo. Buscar\u00e1n que el Festival Alfonso Ortiz Tirado recupere su esencia. Sonora","og_description":"\u00c1LAMOS, SONORA. MX. \u2014 Sin lugar a duda el Festival Alfonso Ortiz Tirado es un referente cultural de gran importancia no solo para el municipio de Alamos; En Sonora en Equipo publicamos toda la informaci\u00f3n de Sonora, M\u00e9xico y el Mundo de manera oportuna y busca que la libertad de expresi\u00f3n sea real. Visita nuestro medio informativo publicado desde Hermosillo, Sonora. %","og_url":"https:\/\/www.sonoraenequipo.com.mx\/buscaran-que-el-festival-alfonso-ortiz-tirado-recupere-su-esencia\/","og_site_name":"Sonora en Equipo.","article_publisher":"https:\/\/www.facebook.com\/SonoraEE\/","article_author":"https:\/\/www.facebook.com\/SonoraEE","article_published_time":"2021-10-02T21:08:36+00:00","article_modified_time":"2021-10-03T01:06:23+00:00","og_image":[{"width":700,"height":400,"url":"https:\/\/www.sonoraenequipo.com.mx\/storage\/2021\/10\/alamos-reunion_opt.jpg","type":"image\/jpeg"}],"author":"enequipo","twitter_card":"summary_large_image","twitter_creator":"@sonoraenequipo","twitter_site":"@sonoraenequipo","twitter_misc":{"Escrito por":"enequipo","Tiempo de lectura":"2 minutos"},"schema":{"@context":"https:\/\/schema.org","@graph":[{"@type":"Article","@id":"https:\/\/www.sonoraenequipo.com.mx\/buscaran-que-el-festival-alfonso-ortiz-tirado-recupere-su-esencia\/#article","isPartOf":{"@id":"https:\/\/www.sonoraenequipo.com.mx\/buscaran-que-el-festival-alfonso-ortiz-tirado-recupere-su-esencia\/"},"author":{"name":"enequipo","@id":"https:\/\/www.sonoraenequipo.com.mx\/#\/schema\/person\/50102df0fb23a8fa9e8effad8fa81386"},"headline":"Buscar\u00e1n que el Festival Alfonso Ortiz Tirado recupere su esencia.","datePublished":"2021-10-02T21:08:36+00:00","dateModified":"2021-10-03T01:06:23+00:00","mainEntityOfPage":{"@id":"https:\/\/www.sonoraenequipo.com.mx\/buscaran-que-el-festival-alfonso-ortiz-tirado-recupere-su-esencia\/"},"wordCount":439,"commentCount":0,"publisher":{"@id":"https:\/\/www.sonoraenequipo.com.mx\/#organization"},"image":{"@id":"https:\/\/www.sonoraenequipo.com.mx\/buscaran-que-el-festival-alfonso-ortiz-tirado-recupere-su-esencia\/#primaryimage"},"thumbnailUrl":"https:\/\/www.sonoraenequipo.com.mx\/storage\/2021\/10\/alamos-reunion_opt.jpg","articleSection":["Sonora"],"inLanguage":"es","potentialAction":[{"@type":"CommentAction","name":"Comment","target":["https:\/\/www.sonoraenequipo.com.mx\/buscaran-que-el-festival-alfonso-ortiz-tirado-recupere-su-esencia\/#respond"]}]},{"@type":"WebPage","@id":"https:\/\/www.sonoraenequipo.com.mx\/buscaran-que-el-festival-alfonso-ortiz-tirado-recupere-su-esencia\/","url":"https:\/\/www.sonoraenequipo.com.mx\/buscaran-que-el-festival-alfonso-ortiz-tirado-recupere-su-esencia\/","name":"Sonora en Equipo. Buscar\u00e1n que el Festival Alfonso Ortiz Tirado recupere su esencia. Sonora","isPartOf":{"@id":"https:\/\/www.sonoraenequipo.com.mx\/#website"},"primaryImageOfPage":{"@id":"https:\/\/www.sonoraenequipo.com.mx\/buscaran-que-el-festival-alfonso-ortiz-tirado-recupere-su-esencia\/#primaryimage"},"image":{"@id":"https:\/\/www.sonoraenequipo.com.mx\/buscaran-que-el-festival-alfonso-ortiz-tirado-recupere-su-esencia\/#primaryimage"},"thumbnailUrl":"https:\/\/www.sonoraenequipo.com.mx\/storage\/2021\/10\/alamos-reunion_opt.jpg","datePublished":"2021-10-02T21:08:36+00:00","dateModified":"2021-10-03T01:06:23+00:00","description":"\u00c1LAMOS, SONORA. MX. \u2014 Sin lugar a duda el Festival Alfonso Ortiz Tirado es un referente cultural de gran importancia no solo para el municipio de Alamos; En Sonora en Equipo publicamos toda la informaci\u00f3n de Sonora, M\u00e9xico y el Mundo de manera oportuna y busca que la libertad de expresi\u00f3n sea real. Visita nuestro medio informativo publicado desde Hermosillo, Sonora. %","breadcrumb":{"@id":"https:\/\/www.sonoraenequipo.com.mx\/buscaran-que-el-festival-alfonso-ortiz-tirado-recupere-su-esencia\/#breadcrumb"},"inLanguage":"es","potentialAction":[{"@type":"ReadAction","target":["https:\/\/www.sonoraenequipo.com.mx\/buscaran-que-el-festival-alfonso-ortiz-tirado-recupere-su-esencia\/"]}]},{"@type":"ImageObject","inLanguage":"es","@id":"https:\/\/www.sonoraenequipo.com.mx\/buscaran-que-el-festival-alfonso-ortiz-tirado-recupere-su-esencia\/#primaryimage","url":"https:\/\/www.sonoraenequipo.com.mx\/storage\/2021\/10\/alamos-reunion_opt.jpg","contentUrl":"https:\/\/www.sonoraenequipo.com.mx\/storage\/2021\/10\/alamos-reunion_opt.jpg","width":700,"height":400},{"@type":"BreadcrumbList","@id":"https:\/\/www.sonoraenequipo.com.mx\/buscaran-que-el-festival-alfonso-ortiz-tirado-recupere-su-esencia\/#breadcrumb","itemListElement":[{"@type":"ListItem","position":1,"name":"Portada","item":"https:\/\/www.sonoraenequipo.com.mx\/"},{"@type":"ListItem","position":2,"name":"Buscar\u00e1n que el Festival Alfonso Ortiz Tirado recupere su esencia."}]},{"@type":"WebSite","@id":"https:\/\/www.sonoraenequipo.com.mx\/#website","url":"https:\/\/www.sonoraenequipo.com.mx\/","name":"Sonora en Equipo.","description":"Diario en l\u00ednea con Noticias desde Hermosillo, Sonora","publisher":{"@id":"https:\/\/www.sonoraenequipo.com.mx\/#organization"},"potentialAction":[{"@type":"SearchAction","target":{"@type":"EntryPoint","urlTemplate":"https:\/\/www.sonoraenequipo.com.mx\/?s={search_term_string}"},"query-input":{"@type":"PropertyValueSpecification","valueRequired":true,"valueName":"search_term_string"}}],"inLanguage":"es"},{"@type":"Organization","@id":"https:\/\/www.sonoraenequipo.com.mx\/#organization","name":"Sonoraenequipo.com.mx","url":"https:\/\/www.sonoraenequipo.com.mx\/","logo":{"@type":"ImageObject","inLanguage":"es","@id":"https:\/\/www.sonoraenequipo.com.mx\/#\/schema\/logo\/image\/","url":"https:\/\/www.sonoraenequipo.com.mx\/storage\/2019\/01\/sonoraenequipo_opt.png","contentUrl":"https:\/\/www.sonoraenequipo.com.mx\/storage\/2019\/01\/sonoraenequipo_opt.png","width":375,"height":125,"caption":"Sonoraenequipo.com.mx"},"image":{"@id":"https:\/\/www.sonoraenequipo.com.mx\/#\/schema\/logo\/image\/"},"sameAs":["https:\/\/www.facebook.com\/SonoraEE\/","https:\/\/x.com\/sonoraenequipo","https:\/\/www.youtube.com\/channel\/UC338nW-lPEYmJQs4ZABQ1SQ"]},{"@type":"Person","@id":"https:\/\/www.sonoraenequipo.com.mx\/#\/schema\/person\/50102df0fb23a8fa9e8effad8fa81386","name":"enequipo","image":{"@type":"ImageObject","inLanguage":"es","@id":"https:\/\/www.sonoraenequipo.com.mx\/#\/schema\/person\/image\/","url":"https:\/\/secure.gravatar.com\/avatar\/049821681b589dabc0bc20695993ccebb09f5b5d4d790cd9251b97faac7c652b?s=96&d=blank&r=g","contentUrl":"https:\/\/secure.gravatar.com\/avatar\/049821681b589dabc0bc20695993ccebb09f5b5d4d790cd9251b97faac7c652b?s=96&d=blank&r=g","caption":"enequipo"},"sameAs":["https:\/\/www.facebook.com\/SonoraEE"]}]}},"jetpack_featured_media_url":"https:\/\/www.sonoraenequipo.com.mx\/storage\/2021\/10\/alamos-reunion_opt.jpg","_links":{"self":[{"href":"https:\/\/www.sonoraenequipo.com.mx\/api\/wp\/v2\/posts\/124147","targetHints":{"allow":["GET"]}}],"collection":[{"href":"https:\/\/www.sonoraenequipo.com.mx\/api\/wp\/v2\/posts"}],"about":[{"href":"https:\/\/www.sonoraenequipo.com.mx\/api\/wp\/v2\/types\/post"}],"author":[{"embeddable":true,"href":"https:\/\/www.sonoraenequipo.com.mx\/api\/wp\/v2\/users\/1"}],"replies":[{"embeddable":true,"href":"https:\/\/www.sonoraenequipo.com.mx\/api\/wp\/v2\/comments?post=124147"}],"version-history":[{"count":2,"href":"https:\/\/www.sonoraenequipo.com.mx\/api\/wp\/v2\/posts\/124147\/revisions"}],"predecessor-version":[{"id":124163,"href":"https:\/\/www.sonoraenequipo.com.mx\/api\/wp\/v2\/posts\/124147\/revisions\/124163"}],"wp:featuredmedia":[{"embeddable":true,"href":"https:\/\/www.sonoraenequipo.com.mx\/api\/wp\/v2\/media\/124149"}],"wp:attachment":[{"href":"https:\/\/www.sonoraenequipo.com.mx\/api\/wp\/v2\/media?parent=124147"}],"wp:term":[{"taxonomy":"category","embeddable":true,"href":"https:\/\/www.sonoraenequipo.com.mx\/api\/wp\/v2\/categories?post=124147"},{"taxonomy":"post_tag","embeddable":true,"href":"https:\/\/www.sonoraenequipo.com.mx\/api\/wp\/v2\/tags?post=124147"}],"curies":[{"name":"wp","href":"https:\/\/api.w.org\/{rel}","templated":true}]}}