{"id":124189,"date":"2021-10-02T19:15:41","date_gmt":"2021-10-03T02:15:41","guid":{"rendered":"https:\/\/www.sonoraenequipo.com.mx\/?p=124189"},"modified":"2021-10-02T23:31:56","modified_gmt":"2021-10-03T06:31:56","slug":"sostiene-rectora-dialogo-con-el-consejo-estudiantil-de-sociedades-de-alumnos","status":"publish","type":"post","link":"https:\/\/www.sonoraenequipo.com.mx\/sostiene-rectora-dialogo-con-el-consejo-estudiantil-de-sociedades-de-alumnos\/","title":{"rendered":"Sostiene rectora di\u00e1logo con el Consejo Estudiantil de Sociedades de Alumnos"},"content":{"rendered":"<p>HERMOSILLO, SONORA. MX.\u2014 Durante una sesi\u00f3n de di\u00e1logo con el Consejo Estudiantil de Sociedades de Alumnos (CESA), la rectora de la Universidad de Sonora, Mar\u00eda Rita Plancarte Mart\u00ednez coment\u00f3 que el regreso a las actividades acad\u00e9micas de este semestre ser\u00e1 de manera gradual, ordenada y voluntaria en las tres unidades de la Universidad, con un aforo del 50 por ciento en las aulas y se priorizar\u00e1 el retorno de aquellas carreras que tienen mayor contenido de asignaturas pr\u00e1cticas y de laboratorio.<\/p>\n<p>&nbsp;<\/p>\n<p> <\/p>\n<p>&nbsp;<\/p>\n<p>A\u00f1adi\u00f3 que dicho plan contempla el retorno por programas a partir de la pr\u00f3xima semana, y \u00fanicamente regresar\u00e1n los estudiantes que fueron convocados por sus maestros a ra\u00edz del censo que se realiz\u00f3 y del que resultaron 272 espacios para el regreso en todos los planteles de la Universidad; retorno que explic\u00f3, ser\u00e1 controlado con todas las medidas preventivas en los accesos y que no debe interferir con las clases en l\u00ednea, lo que servir\u00e1 como un ensayo para el regreso hibrido del pr\u00f3ximo semestre.<\/p>\n<p>&nbsp;<\/p>\n<p><em>\u201cLa pr\u00f3xima semana van a iniciar algunas actividades escolares, la idea es empezar a probar y ver c\u00f3mo vamos a regresar, no podemos regresar con los salones llenos, no es posible hacer eso porque estar\u00edamos poniendo en riesgo la salud de ustedes (estudiantes), de los profesores y la salud de la familia de ambos sectores, as\u00ed que vamos a regresar en este semestre de agosto a diciembre 2021, estar\u00edamos regresando de una manera gradual, escalonada y lo m\u00e1s importante v<\/em>oluntaria\u201d, puntualiz\u00f3.<\/p>\n<p>&nbsp;<\/p>\n<p>Plancarte Mart\u00ednez reconoci\u00f3 que las nuevas generaciones no conocen las instalaciones universitarias, que se encontraron con una vida acad\u00e9mica muy diferente, por lo que coincidi\u00f3 en varias de las inquietudes expresadas por los representantes de los grupos estudiantiles que esperan el momento de regresar a las aulas de manera presencial y en algunos casos pisarlos por primera vez.<\/p>\n<p>&nbsp;<\/p>\n<p>El protocolo de regreso, explic\u00f3, incluye el llenado diario del cuestionario B\u00faho Seguro, controles de toma de temperatura en los espacios de los programas autorizados y la invitaci\u00f3n a los alumnos a reportar cualquier irregularidad en el respeto de los aforos establecidos.<\/p>\n<p>&nbsp;<\/p>\n<p>Otro de los temas abordados, y de inter\u00e9s de los estudiantes, fueron la necesidad de retomar la vinculaci\u00f3n para la realizaci\u00f3n de pr\u00e1cticas profesionales, denuncias presentadas en contra de acad\u00e9micos y el dif\u00edcil panorama de una salida al mercado laboral en medio de una pandemia.<\/p>\n<p>&nbsp;<\/p>\n<p>Para estar al d\u00eda con toda la informaci\u00f3n y acciones respecto a la vida universitaria y en especial a los protocolos del regreso gradual, se invit\u00f3 a la comunidad estudiantil a estar pendiente de las redes sociales de la Universidad, las cuales son: SoyUnison en Facebook, twitter e Instagram, as\u00ed como estar pendientes del bolet\u00edn oficial que la Direcci\u00f3n de Comunicaci\u00f3n les hace llegar por medio de su correo institucional.<\/p>\n<p>&nbsp;<\/p>\n<p>&nbsp;<\/p>\n<p>Presentes en este encuentro estuvieron las sociedades de alumnos que integran el Consejo Estudiantil, y por parte de autoridades universitarias la vicerrectora de la Unidad Regional Centro, Luz Mar\u00eda Dur\u00e1n Moreno; el secretario de rector\u00eda, Benjam\u00edn Burgos Flores; la directora de Apoyo a Programas Institucionales, Martha Mart\u00ednez Figueroa; el director de comunicaci\u00f3n, Luis Armando Mendoza Arreola y el secretario de la Unidad Regional Centro, Joel Enrique Espejel Blanco.<\/p>\n<p>&nbsp;<\/p>\n<p>&nbsp;<\/p>\n<p>(Publicada el 02\/10\/2021)<\/p>\n","protected":false},"excerpt":{"rendered":"<p>HERMOSILLO, SONORA. MX.\u2014 Durante una sesi\u00f3n de di\u00e1logo con el Consejo Estudiantil de Sociedades de&#8230;<\/p>\n","protected":false},"author":1,"featured_media":124185,"comment_status":"open","ping_status":"open","sticky":false,"template":"","format":"standard","meta":{"_monsterinsights_skip_tracking":false,"_monsterinsights_sitenote_active":false,"_monsterinsights_sitenote_note":"","_monsterinsights_sitenote_category":0,"footnotes":""},"categories":[22],"tags":[],"class_list":["post"],"yoast_head":" \n<title>Sonora en Equipo. Sostiene rectora di\u00e1logo con el Consejo Estudiantil de Sociedades de Alumnos Sonora<\/title>\n<meta name=\"description\" content=\"HERMOSILLO, SONORA. MX.\u2014 Durante una sesi\u00f3n de di\u00e1logo con el Consejo Estudiantil de Sociedades de Alumnos (CESA), la rectora de la Universidad de Sonora, En Sonora en Equipo publicamos toda la informaci\u00f3n de Sonora, M\u00e9xico y el Mundo de manera oportuna y busca que la libertad de expresi\u00f3n sea real. Visita nuestro medio informativo publicado desde Hermosillo, Sonora. %\" \/>\n<meta name=\"robots\" content=\"index, follow, max-snippet:-1, max-image-preview:large, max-video-preview:-1\" \/>\n<link rel=\"canonical\" href=\"https:\/\/www.sonoraenequipo.com.mx\/sostiene-rectora-dialogo-con-el-consejo-estudiantil-de-sociedades-de-alumnos\/\" \/>\n<meta property=\"og:locale\" content=\"es_ES\" \/>\n<meta property=\"og:type\" content=\"article\" \/>\n<meta property=\"og:title\" content=\"Sonora en Equipo. Sostiene rectora di\u00e1logo con el Consejo Estudiantil de Sociedades de Alumnos Sonora\" \/>\n<meta property=\"og:description\" content=\"HERMOSILLO, SONORA. MX.\u2014 Durante una sesi\u00f3n de di\u00e1logo con el Consejo Estudiantil de Sociedades de Alumnos (CESA), la rectora de la Universidad de Sonora, En Sonora en Equipo publicamos toda la informaci\u00f3n de Sonora, M\u00e9xico y el Mundo de manera oportuna y busca que la libertad de expresi\u00f3n sea real. Visita nuestro medio informativo publicado desde Hermosillo, Sonora. %\" \/>\n<meta property=\"og:url\" content=\"https:\/\/www.sonoraenequipo.com.mx\/sostiene-rectora-dialogo-con-el-consejo-estudiantil-de-sociedades-de-alumnos\/\" \/>\n<meta property=\"og:site_name\" content=\"Sonora en Equipo.\" \/>\n<meta property=\"article:publisher\" content=\"https:\/\/www.facebook.com\/SonoraEE\/\" \/>\n<meta property=\"article:author\" content=\"https:\/\/www.facebook.com\/SonoraEE\" \/>\n<meta property=\"article:published_time\" content=\"2021-10-03T02:15:41+00:00\" \/>\n<meta property=\"article:modified_time\" content=\"2021-10-03T06:31:56+00:00\" \/>\n<meta property=\"og:image\" content=\"https:\/\/www.sonoraenequipo.com.mx\/storage\/2021\/10\/reunion-universitaria_opt.jpg\" \/>\n\t<meta property=\"og:image:width\" content=\"700\" \/>\n\t<meta property=\"og:image:height\" content=\"400\" \/>\n\t<meta property=\"og:image:type\" content=\"image\/jpeg\" \/>\n<meta name=\"author\" content=\"enequipo\" \/>\n<meta name=\"twitter:card\" content=\"summary_large_image\" \/>\n<meta name=\"twitter:creator\" content=\"@sonoraenequipo\" \/>\n<meta name=\"twitter:site\" content=\"@sonoraenequipo\" \/>\n<meta name=\"twitter:label1\" content=\"Escrito por\" \/>\n\t<meta name=\"twitter:data1\" content=\"enequipo\" \/>\n\t<meta name=\"twitter:label2\" content=\"Tiempo de lectura\" \/>\n\t<meta name=\"twitter:data2\" content=\"3 minutos\" \/>\n<script type=\"application\/ld+json\" class=\"yoast-schema-graph\">{\"@context\":\"https:\/\/schema.org\",\"@graph\":[{\"@type\":\"Article\",\"@id\":\"https:\/\/www.sonoraenequipo.com.mx\/sostiene-rectora-dialogo-con-el-consejo-estudiantil-de-sociedades-de-alumnos\/#article\",\"isPartOf\":{\"@id\":\"https:\/\/www.sonoraenequipo.com.mx\/sostiene-rectora-dialogo-con-el-consejo-estudiantil-de-sociedades-de-alumnos\/\"},\"author\":{\"name\":\"enequipo\",\"@id\":\"https:\/\/www.sonoraenequipo.com.mx\/#\/schema\/person\/50102df0fb23a8fa9e8effad8fa81386\"},\"headline\":\"Sostiene rectora di\u00e1logo con el Consejo Estudiantil de Sociedades de Alumnos\",\"datePublished\":\"2021-10-03T02:15:41+00:00\",\"dateModified\":\"2021-10-03T06:31:56+00:00\",\"mainEntityOfPage\":{\"@id\":\"https:\/\/www.sonoraenequipo.com.mx\/sostiene-rectora-dialogo-con-el-consejo-estudiantil-de-sociedades-de-alumnos\/\"},\"wordCount\":590,\"commentCount\":0,\"publisher\":{\"@id\":\"https:\/\/www.sonoraenequipo.com.mx\/#organization\"},\"image\":{\"@id\":\"https:\/\/www.sonoraenequipo.com.mx\/sostiene-rectora-dialogo-con-el-consejo-estudiantil-de-sociedades-de-alumnos\/#primaryimage\"},\"thumbnailUrl\":\"https:\/\/www.sonoraenequipo.com.mx\/storage\/2021\/10\/reunion-universitaria_opt.jpg\",\"articleSection\":[\"Sonora\"],\"inLanguage\":\"es\",\"potentialAction\":[{\"@type\":\"CommentAction\",\"name\":\"Comment\",\"target\":[\"https:\/\/www.sonoraenequipo.com.mx\/sostiene-rectora-dialogo-con-el-consejo-estudiantil-de-sociedades-de-alumnos\/#respond\"]}]},{\"@type\":\"WebPage\",\"@id\":\"https:\/\/www.sonoraenequipo.com.mx\/sostiene-rectora-dialogo-con-el-consejo-estudiantil-de-sociedades-de-alumnos\/\",\"url\":\"https:\/\/www.sonoraenequipo.com.mx\/sostiene-rectora-dialogo-con-el-consejo-estudiantil-de-sociedades-de-alumnos\/\",\"name\":\"Sonora en Equipo. Sostiene rectora di\u00e1logo con el Consejo Estudiantil de Sociedades de Alumnos Sonora\",\"isPartOf\":{\"@id\":\"https:\/\/www.sonoraenequipo.com.mx\/#website\"},\"primaryImageOfPage\":{\"@id\":\"https:\/\/www.sonoraenequipo.com.mx\/sostiene-rectora-dialogo-con-el-consejo-estudiantil-de-sociedades-de-alumnos\/#primaryimage\"},\"image\":{\"@id\":\"https:\/\/www.sonoraenequipo.com.mx\/sostiene-rectora-dialogo-con-el-consejo-estudiantil-de-sociedades-de-alumnos\/#primaryimage\"},\"thumbnailUrl\":\"https:\/\/www.sonoraenequipo.com.mx\/storage\/2021\/10\/reunion-universitaria_opt.jpg\",\"datePublished\":\"2021-10-03T02:15:41+00:00\",\"dateModified\":\"2021-10-03T06:31:56+00:00\",\"description\":\"HERMOSILLO, SONORA. MX.\u2014 Durante una sesi\u00f3n de di\u00e1logo con el Consejo Estudiantil de Sociedades de Alumnos (CESA), la rectora de la Universidad de Sonora, En Sonora en Equipo publicamos toda la informaci\u00f3n de Sonora, M\u00e9xico y el Mundo de manera oportuna y busca que la libertad de expresi\u00f3n sea real. Visita nuestro medio informativo publicado desde Hermosillo, Sonora. %\",\"breadcrumb\":{\"@id\":\"https:\/\/www.sonoraenequipo.com.mx\/sostiene-rectora-dialogo-con-el-consejo-estudiantil-de-sociedades-de-alumnos\/#breadcrumb\"},\"inLanguage\":\"es\",\"potentialAction\":[{\"@type\":\"ReadAction\",\"target\":[\"https:\/\/www.sonoraenequipo.com.mx\/sostiene-rectora-dialogo-con-el-consejo-estudiantil-de-sociedades-de-alumnos\/\"]}]},{\"@type\":\"ImageObject\",\"inLanguage\":\"es\",\"@id\":\"https:\/\/www.sonoraenequipo.com.mx\/sostiene-rectora-dialogo-con-el-consejo-estudiantil-de-sociedades-de-alumnos\/#primaryimage\",\"url\":\"https:\/\/www.sonoraenequipo.com.mx\/storage\/2021\/10\/reunion-universitaria_opt.jpg\",\"contentUrl\":\"https:\/\/www.sonoraenequipo.com.mx\/storage\/2021\/10\/reunion-universitaria_opt.jpg\",\"width\":700,\"height\":400},{\"@type\":\"BreadcrumbList\",\"@id\":\"https:\/\/www.sonoraenequipo.com.mx\/sostiene-rectora-dialogo-con-el-consejo-estudiantil-de-sociedades-de-alumnos\/#breadcrumb\",\"itemListElement\":[{\"@type\":\"ListItem\",\"position\":1,\"name\":\"Portada\",\"item\":\"https:\/\/www.sonoraenequipo.com.mx\/\"},{\"@type\":\"ListItem\",\"position\":2,\"name\":\"Sostiene rectora di\u00e1logo con el Consejo Estudiantil de Sociedades de Alumnos\"}]},{\"@type\":\"WebSite\",\"@id\":\"https:\/\/www.sonoraenequipo.com.mx\/#website\",\"url\":\"https:\/\/www.sonoraenequipo.com.mx\/\",\"name\":\"Sonora en Equipo.\",\"description\":\"Diario en l\u00ednea con Noticias desde Hermosillo, Sonora\",\"publisher\":{\"@id\":\"https:\/\/www.sonoraenequipo.com.mx\/#organization\"},\"potentialAction\":[{\"@type\":\"SearchAction\",\"target\":{\"@type\":\"EntryPoint\",\"urlTemplate\":\"https:\/\/www.sonoraenequipo.com.mx\/?s={search_term_string}\"},\"query-input\":{\"@type\":\"PropertyValueSpecification\",\"valueRequired\":true,\"valueName\":\"search_term_string\"}}],\"inLanguage\":\"es\"},{\"@type\":\"Organization\",\"@id\":\"https:\/\/www.sonoraenequipo.com.mx\/#organization\",\"name\":\"Sonoraenequipo.com.mx\",\"url\":\"https:\/\/www.sonoraenequipo.com.mx\/\",\"logo\":{\"@type\":\"ImageObject\",\"inLanguage\":\"es\",\"@id\":\"https:\/\/www.sonoraenequipo.com.mx\/#\/schema\/logo\/image\/\",\"url\":\"https:\/\/www.sonoraenequipo.com.mx\/storage\/2019\/01\/sonoraenequipo_opt.png\",\"contentUrl\":\"https:\/\/www.sonoraenequipo.com.mx\/storage\/2019\/01\/sonoraenequipo_opt.png\",\"width\":375,\"height\":125,\"caption\":\"Sonoraenequipo.com.mx\"},\"image\":{\"@id\":\"https:\/\/www.sonoraenequipo.com.mx\/#\/schema\/logo\/image\/\"},\"sameAs\":[\"https:\/\/www.facebook.com\/SonoraEE\/\",\"https:\/\/x.com\/sonoraenequipo\",\"https:\/\/www.youtube.com\/channel\/UC338nW-lPEYmJQs4ZABQ1SQ\"]},{\"@type\":\"Person\",\"@id\":\"https:\/\/www.sonoraenequipo.com.mx\/#\/schema\/person\/50102df0fb23a8fa9e8effad8fa81386\",\"name\":\"enequipo\",\"image\":{\"@type\":\"ImageObject\",\"inLanguage\":\"es\",\"@id\":\"https:\/\/www.sonoraenequipo.com.mx\/#\/schema\/person\/image\/\",\"url\":\"https:\/\/secure.gravatar.com\/avatar\/049821681b589dabc0bc20695993ccebb09f5b5d4d790cd9251b97faac7c652b?s=96&d=blank&r=g\",\"contentUrl\":\"https:\/\/secure.gravatar.com\/avatar\/049821681b589dabc0bc20695993ccebb09f5b5d4d790cd9251b97faac7c652b?s=96&d=blank&r=g\",\"caption\":\"enequipo\"},\"sameAs\":[\"https:\/\/www.facebook.com\/SonoraEE\"]}]}<\/script>\n ","yoast_head_json":{"title":"Sonora en Equipo. Sostiene rectora di\u00e1logo con el Consejo Estudiantil de Sociedades de Alumnos Sonora","description":"HERMOSILLO, SONORA. MX.\u2014 Durante una sesi\u00f3n de di\u00e1logo con el Consejo Estudiantil de Sociedades de Alumnos (CESA), la rectora de la Universidad de Sonora, En Sonora en Equipo publicamos toda la informaci\u00f3n de Sonora, M\u00e9xico y el Mundo de manera oportuna y busca que la libertad de expresi\u00f3n sea real. Visita nuestro medio informativo publicado desde Hermosillo, Sonora. %","robots":{"index":"index","follow":"follow","max-snippet":"max-snippet:-1","max-image-preview":"max-image-preview:large","max-video-preview":"max-video-preview:-1"},"canonical":"https:\/\/www.sonoraenequipo.com.mx\/sostiene-rectora-dialogo-con-el-consejo-estudiantil-de-sociedades-de-alumnos\/","og_locale":"es_ES","og_type":"article","og_title":"Sonora en Equipo. Sostiene rectora di\u00e1logo con el Consejo Estudiantil de Sociedades de Alumnos Sonora","og_description":"HERMOSILLO, SONORA. MX.\u2014 Durante una sesi\u00f3n de di\u00e1logo con el Consejo Estudiantil de Sociedades de Alumnos (CESA), la rectora de la Universidad de Sonora, En Sonora en Equipo publicamos toda la informaci\u00f3n de Sonora, M\u00e9xico y el Mundo de manera oportuna y busca que la libertad de expresi\u00f3n sea real. Visita nuestro medio informativo publicado desde Hermosillo, Sonora. %","og_url":"https:\/\/www.sonoraenequipo.com.mx\/sostiene-rectora-dialogo-con-el-consejo-estudiantil-de-sociedades-de-alumnos\/","og_site_name":"Sonora en Equipo.","article_publisher":"https:\/\/www.facebook.com\/SonoraEE\/","article_author":"https:\/\/www.facebook.com\/SonoraEE","article_published_time":"2021-10-03T02:15:41+00:00","article_modified_time":"2021-10-03T06:31:56+00:00","og_image":[{"width":700,"height":400,"url":"https:\/\/www.sonoraenequipo.com.mx\/storage\/2021\/10\/reunion-universitaria_opt.jpg","type":"image\/jpeg"}],"author":"enequipo","twitter_card":"summary_large_image","twitter_creator":"@sonoraenequipo","twitter_site":"@sonoraenequipo","twitter_misc":{"Escrito por":"enequipo","Tiempo de lectura":"3 minutos"},"schema":{"@context":"https:\/\/schema.org","@graph":[{"@type":"Article","@id":"https:\/\/www.sonoraenequipo.com.mx\/sostiene-rectora-dialogo-con-el-consejo-estudiantil-de-sociedades-de-alumnos\/#article","isPartOf":{"@id":"https:\/\/www.sonoraenequipo.com.mx\/sostiene-rectora-dialogo-con-el-consejo-estudiantil-de-sociedades-de-alumnos\/"},"author":{"name":"enequipo","@id":"https:\/\/www.sonoraenequipo.com.mx\/#\/schema\/person\/50102df0fb23a8fa9e8effad8fa81386"},"headline":"Sostiene rectora di\u00e1logo con el Consejo Estudiantil de Sociedades de Alumnos","datePublished":"2021-10-03T02:15:41+00:00","dateModified":"2021-10-03T06:31:56+00:00","mainEntityOfPage":{"@id":"https:\/\/www.sonoraenequipo.com.mx\/sostiene-rectora-dialogo-con-el-consejo-estudiantil-de-sociedades-de-alumnos\/"},"wordCount":590,"commentCount":0,"publisher":{"@id":"https:\/\/www.sonoraenequipo.com.mx\/#organization"},"image":{"@id":"https:\/\/www.sonoraenequipo.com.mx\/sostiene-rectora-dialogo-con-el-consejo-estudiantil-de-sociedades-de-alumnos\/#primaryimage"},"thumbnailUrl":"https:\/\/www.sonoraenequipo.com.mx\/storage\/2021\/10\/reunion-universitaria_opt.jpg","articleSection":["Sonora"],"inLanguage":"es","potentialAction":[{"@type":"CommentAction","name":"Comment","target":["https:\/\/www.sonoraenequipo.com.mx\/sostiene-rectora-dialogo-con-el-consejo-estudiantil-de-sociedades-de-alumnos\/#respond"]}]},{"@type":"WebPage","@id":"https:\/\/www.sonoraenequipo.com.mx\/sostiene-rectora-dialogo-con-el-consejo-estudiantil-de-sociedades-de-alumnos\/","url":"https:\/\/www.sonoraenequipo.com.mx\/sostiene-rectora-dialogo-con-el-consejo-estudiantil-de-sociedades-de-alumnos\/","name":"Sonora en Equipo. Sostiene rectora di\u00e1logo con el Consejo Estudiantil de Sociedades de Alumnos Sonora","isPartOf":{"@id":"https:\/\/www.sonoraenequipo.com.mx\/#website"},"primaryImageOfPage":{"@id":"https:\/\/www.sonoraenequipo.com.mx\/sostiene-rectora-dialogo-con-el-consejo-estudiantil-de-sociedades-de-alumnos\/#primaryimage"},"image":{"@id":"https:\/\/www.sonoraenequipo.com.mx\/sostiene-rectora-dialogo-con-el-consejo-estudiantil-de-sociedades-de-alumnos\/#primaryimage"},"thumbnailUrl":"https:\/\/www.sonoraenequipo.com.mx\/storage\/2021\/10\/reunion-universitaria_opt.jpg","datePublished":"2021-10-03T02:15:41+00:00","dateModified":"2021-10-03T06:31:56+00:00","description":"HERMOSILLO, SONORA. MX.\u2014 Durante una sesi\u00f3n de di\u00e1logo con el Consejo Estudiantil de Sociedades de Alumnos (CESA), la rectora de la Universidad de Sonora, En Sonora en Equipo publicamos toda la informaci\u00f3n de Sonora, M\u00e9xico y el Mundo de manera oportuna y busca que la libertad de expresi\u00f3n sea real. Visita nuestro medio informativo publicado desde Hermosillo, Sonora. %","breadcrumb":{"@id":"https:\/\/www.sonoraenequipo.com.mx\/sostiene-rectora-dialogo-con-el-consejo-estudiantil-de-sociedades-de-alumnos\/#breadcrumb"},"inLanguage":"es","potentialAction":[{"@type":"ReadAction","target":["https:\/\/www.sonoraenequipo.com.mx\/sostiene-rectora-dialogo-con-el-consejo-estudiantil-de-sociedades-de-alumnos\/"]}]},{"@type":"ImageObject","inLanguage":"es","@id":"https:\/\/www.sonoraenequipo.com.mx\/sostiene-rectora-dialogo-con-el-consejo-estudiantil-de-sociedades-de-alumnos\/#primaryimage","url":"https:\/\/www.sonoraenequipo.com.mx\/storage\/2021\/10\/reunion-universitaria_opt.jpg","contentUrl":"https:\/\/www.sonoraenequipo.com.mx\/storage\/2021\/10\/reunion-universitaria_opt.jpg","width":700,"height":400},{"@type":"BreadcrumbList","@id":"https:\/\/www.sonoraenequipo.com.mx\/sostiene-rectora-dialogo-con-el-consejo-estudiantil-de-sociedades-de-alumnos\/#breadcrumb","itemListElement":[{"@type":"ListItem","position":1,"name":"Portada","item":"https:\/\/www.sonoraenequipo.com.mx\/"},{"@type":"ListItem","position":2,"name":"Sostiene rectora di\u00e1logo con el Consejo Estudiantil de Sociedades de Alumnos"}]},{"@type":"WebSite","@id":"https:\/\/www.sonoraenequipo.com.mx\/#website","url":"https:\/\/www.sonoraenequipo.com.mx\/","name":"Sonora en Equipo.","description":"Diario en l\u00ednea con Noticias desde Hermosillo, Sonora","publisher":{"@id":"https:\/\/www.sonoraenequipo.com.mx\/#organization"},"potentialAction":[{"@type":"SearchAction","target":{"@type":"EntryPoint","urlTemplate":"https:\/\/www.sonoraenequipo.com.mx\/?s={search_term_string}"},"query-input":{"@type":"PropertyValueSpecification","valueRequired":true,"valueName":"search_term_string"}}],"inLanguage":"es"},{"@type":"Organization","@id":"https:\/\/www.sonoraenequipo.com.mx\/#organization","name":"Sonoraenequipo.com.mx","url":"https:\/\/www.sonoraenequipo.com.mx\/","logo":{"@type":"ImageObject","inLanguage":"es","@id":"https:\/\/www.sonoraenequipo.com.mx\/#\/schema\/logo\/image\/","url":"https:\/\/www.sonoraenequipo.com.mx\/storage\/2019\/01\/sonoraenequipo_opt.png","contentUrl":"https:\/\/www.sonoraenequipo.com.mx\/storage\/2019\/01\/sonoraenequipo_opt.png","width":375,"height":125,"caption":"Sonoraenequipo.com.mx"},"image":{"@id":"https:\/\/www.sonoraenequipo.com.mx\/#\/schema\/logo\/image\/"},"sameAs":["https:\/\/www.facebook.com\/SonoraEE\/","https:\/\/x.com\/sonoraenequipo","https:\/\/www.youtube.com\/channel\/UC338nW-lPEYmJQs4ZABQ1SQ"]},{"@type":"Person","@id":"https:\/\/www.sonoraenequipo.com.mx\/#\/schema\/person\/50102df0fb23a8fa9e8effad8fa81386","name":"enequipo","image":{"@type":"ImageObject","inLanguage":"es","@id":"https:\/\/www.sonoraenequipo.com.mx\/#\/schema\/person\/image\/","url":"https:\/\/secure.gravatar.com\/avatar\/049821681b589dabc0bc20695993ccebb09f5b5d4d790cd9251b97faac7c652b?s=96&d=blank&r=g","contentUrl":"https:\/\/secure.gravatar.com\/avatar\/049821681b589dabc0bc20695993ccebb09f5b5d4d790cd9251b97faac7c652b?s=96&d=blank&r=g","caption":"enequipo"},"sameAs":["https:\/\/www.facebook.com\/SonoraEE"]}]}},"jetpack_featured_media_url":"https:\/\/www.sonoraenequipo.com.mx\/storage\/2021\/10\/reunion-universitaria_opt.jpg","_links":{"self":[{"href":"https:\/\/www.sonoraenequipo.com.mx\/api\/wp\/v2\/posts\/124189","targetHints":{"allow":["GET"]}}],"collection":[{"href":"https:\/\/www.sonoraenequipo.com.mx\/api\/wp\/v2\/posts"}],"about":[{"href":"https:\/\/www.sonoraenequipo.com.mx\/api\/wp\/v2\/types\/post"}],"author":[{"embeddable":true,"href":"https:\/\/www.sonoraenequipo.com.mx\/api\/wp\/v2\/users\/1"}],"replies":[{"embeddable":true,"href":"https:\/\/www.sonoraenequipo.com.mx\/api\/wp\/v2\/comments?post=124189"}],"version-history":[{"count":1,"href":"https:\/\/www.sonoraenequipo.com.mx\/api\/wp\/v2\/posts\/124189\/revisions"}],"predecessor-version":[{"id":124190,"href":"https:\/\/www.sonoraenequipo.com.mx\/api\/wp\/v2\/posts\/124189\/revisions\/124190"}],"wp:featuredmedia":[{"embeddable":true,"href":"https:\/\/www.sonoraenequipo.com.mx\/api\/wp\/v2\/media\/124185"}],"wp:attachment":[{"href":"https:\/\/www.sonoraenequipo.com.mx\/api\/wp\/v2\/media?parent=124189"}],"wp:term":[{"taxonomy":"category","embeddable":true,"href":"https:\/\/www.sonoraenequipo.com.mx\/api\/wp\/v2\/categories?post=124189"},{"taxonomy":"post_tag","embeddable":true,"href":"https:\/\/www.sonoraenequipo.com.mx\/api\/wp\/v2\/tags?post=124189"}],"curies":[{"name":"wp","href":"https:\/\/api.w.org\/{rel}","templated":true}]}}