{"id":124380,"date":"2021-10-05T19:15:33","date_gmt":"2021-10-06T02:15:33","guid":{"rendered":"https:\/\/www.sonoraenequipo.com.mx\/?p=124380"},"modified":"2021-10-05T20:31:54","modified_gmt":"2021-10-06T03:31:54","slug":"error-de-mantenimiento-causo-corte-de-6-horas-del-lunes-facebook","status":"publish","type":"post","link":"https:\/\/www.sonoraenequipo.com.mx\/error-de-mantenimiento-causo-corte-de-6-horas-del-lunes-facebook\/","title":{"rendered":"Error de mantenimiento caus\u00f3 corte de 6 horas del lunes: Facebook"},"content":{"rendered":"<p><strong>La compa\u00f1\u00eda explic\u00f3 que sus ingenieros emitieron una orden que, sin querer, hizo caer todas las conexiones de su red, desconectando efectivamente los centros de datos de Facebook a nivel mundial.<\/strong><\/p>\n<p>&nbsp;<\/p>\n<p> <\/p>\n<p>&nbsp;<\/p>\n<p><strong>ESTADOS UNIDOS. \u2014<\/strong> Facebook dijo este martes que un mantenimiento rutinario en la red de la compa\u00f1\u00eda que une sus centros de datos provoc\u00f3 el colapso de su sistema global durante m\u00e1s de seis horas el lunes, bloqueando el acceso de miles de millones de usuarios.<\/p>\n<p>&nbsp;<\/p>\n<p>En una publicaci\u00f3n en su blog, Facebook explic\u00f3 que sus ingenieros emitieron una orden que, sin querer, hizo caer todas las conexiones de su red, \u201cdesconectando efectivamente los centros de datos de Facebook a nivel mundial\u201d.<\/p>\n<p>&nbsp;<\/p>\n<p><strong>La interrupci\u00f3n cort\u00f3 el acceso a Facebook, Instagram y WhatsApp a nivel mundial.<\/strong><\/p>\n<p>&nbsp;<\/p>\n<p>Tambi\u00e9n provoc\u00f3 que los trabajadores perdieran el acceso a las herramientas internas, incluidas las que utilizan los empleados de Facebook para corregir esos problemas, dijo la compa\u00f1\u00eda.<\/p>\n<p>&nbsp;<\/p>\n<p>Facebook a\u00f1adi\u00f3 que su herramienta de auditor\u00eda de programas ten\u00eda un error y no pudo detener el comando que caus\u00f3 la interrupci\u00f3n.<\/p>\n<p>&nbsp;<\/p>\n<p>(Publicada el 05\/10\/2021 \/REUTERS)<\/p>\n","protected":false},"excerpt":{"rendered":"<p>La compa\u00f1\u00eda explic\u00f3 que sus ingenieros emitieron una orden que, sin querer, hizo caer todas&#8230;<\/p>\n","protected":false},"author":1,"featured_media":124381,"comment_status":"open","ping_status":"open","sticky":false,"template":"","format":"standard","meta":{"_monsterinsights_skip_tracking":false,"_monsterinsights_sitenote_active":false,"_monsterinsights_sitenote_note":"","_monsterinsights_sitenote_category":0,"footnotes":""},"categories":[2216],"tags":[],"class_list":["post"],"yoast_head":" \n<title>Sonora en Equipo. Error de mantenimiento caus\u00f3 corte de 6 horas del lunes: Facebook Ciencia y Tecnolog\u00eda<\/title>\n<meta name=\"description\" content=\"La compa\u00f1\u00eda explic\u00f3 que sus ingenieros emitieron una orden que, sin querer, hizo caer todas las conexiones de su red, desconectando efectivamente los En Sonora en Equipo publicamos toda la informaci\u00f3n de Sonora, M\u00e9xico y el Mundo de manera oportuna y busca que la libertad de expresi\u00f3n sea real. Visita nuestro medio informativo publicado desde Hermosillo, Sonora. %\" \/>\n<meta name=\"robots\" content=\"index, follow, max-snippet:-1, max-image-preview:large, max-video-preview:-1\" \/>\n<link rel=\"canonical\" href=\"https:\/\/www.sonoraenequipo.com.mx\/error-de-mantenimiento-causo-corte-de-6-horas-del-lunes-facebook\/\" \/>\n<meta property=\"og:locale\" content=\"es_ES\" \/>\n<meta property=\"og:type\" content=\"article\" \/>\n<meta property=\"og:title\" content=\"Sonora en Equipo. Error de mantenimiento caus\u00f3 corte de 6 horas del lunes: Facebook Ciencia y Tecnolog\u00eda\" \/>\n<meta property=\"og:description\" content=\"La compa\u00f1\u00eda explic\u00f3 que sus ingenieros emitieron una orden que, sin querer, hizo caer todas las conexiones de su red, desconectando efectivamente los En Sonora en Equipo publicamos toda la informaci\u00f3n de Sonora, M\u00e9xico y el Mundo de manera oportuna y busca que la libertad de expresi\u00f3n sea real. Visita nuestro medio informativo publicado desde Hermosillo, Sonora. %\" \/>\n<meta property=\"og:url\" content=\"https:\/\/www.sonoraenequipo.com.mx\/error-de-mantenimiento-causo-corte-de-6-horas-del-lunes-facebook\/\" \/>\n<meta property=\"og:site_name\" content=\"Sonora en Equipo.\" \/>\n<meta property=\"article:publisher\" content=\"https:\/\/www.facebook.com\/SonoraEE\/\" \/>\n<meta property=\"article:author\" content=\"https:\/\/www.facebook.com\/SonoraEE\" \/>\n<meta property=\"article:published_time\" content=\"2021-10-06T02:15:33+00:00\" \/>\n<meta property=\"article:modified_time\" content=\"2021-10-06T03:31:54+00:00\" \/>\n<meta property=\"og:image\" content=\"https:\/\/www.sonoraenequipo.com.mx\/storage\/2021\/10\/facebook_opt.jpg\" \/>\n\t<meta property=\"og:image:width\" content=\"700\" \/>\n\t<meta property=\"og:image:height\" content=\"400\" \/>\n\t<meta property=\"og:image:type\" content=\"image\/jpeg\" \/>\n<meta name=\"author\" content=\"enequipo\" \/>\n<meta name=\"twitter:card\" content=\"summary_large_image\" \/>\n<meta name=\"twitter:creator\" content=\"@sonoraenequipo\" \/>\n<meta name=\"twitter:site\" content=\"@sonoraenequipo\" \/>\n<meta name=\"twitter:label1\" content=\"Escrito por\" \/>\n\t<meta name=\"twitter:data1\" content=\"enequipo\" \/>\n\t<meta name=\"twitter:label2\" content=\"Tiempo de lectura\" \/>\n\t<meta name=\"twitter:data2\" content=\"1 minuto\" \/>\n<script type=\"application\/ld+json\" class=\"yoast-schema-graph\">{\"@context\":\"https:\/\/schema.org\",\"@graph\":[{\"@type\":\"Article\",\"@id\":\"https:\/\/www.sonoraenequipo.com.mx\/error-de-mantenimiento-causo-corte-de-6-horas-del-lunes-facebook\/#article\",\"isPartOf\":{\"@id\":\"https:\/\/www.sonoraenequipo.com.mx\/error-de-mantenimiento-causo-corte-de-6-horas-del-lunes-facebook\/\"},\"author\":{\"name\":\"enequipo\",\"@id\":\"https:\/\/www.sonoraenequipo.com.mx\/#\/schema\/person\/50102df0fb23a8fa9e8effad8fa81386\"},\"headline\":\"Error de mantenimiento caus\u00f3 corte de 6 horas del lunes: Facebook\",\"datePublished\":\"2021-10-06T02:15:33+00:00\",\"dateModified\":\"2021-10-06T03:31:54+00:00\",\"mainEntityOfPage\":{\"@id\":\"https:\/\/www.sonoraenequipo.com.mx\/error-de-mantenimiento-causo-corte-de-6-horas-del-lunes-facebook\/\"},\"wordCount\":205,\"commentCount\":0,\"publisher\":{\"@id\":\"https:\/\/www.sonoraenequipo.com.mx\/#organization\"},\"image\":{\"@id\":\"https:\/\/www.sonoraenequipo.com.mx\/error-de-mantenimiento-causo-corte-de-6-horas-del-lunes-facebook\/#primaryimage\"},\"thumbnailUrl\":\"https:\/\/www.sonoraenequipo.com.mx\/storage\/2021\/10\/facebook_opt.jpg\",\"articleSection\":[\"Ciencia y Tecnolog\u00eda\"],\"inLanguage\":\"es\",\"potentialAction\":[{\"@type\":\"CommentAction\",\"name\":\"Comment\",\"target\":[\"https:\/\/www.sonoraenequipo.com.mx\/error-de-mantenimiento-causo-corte-de-6-horas-del-lunes-facebook\/#respond\"]}]},{\"@type\":\"WebPage\",\"@id\":\"https:\/\/www.sonoraenequipo.com.mx\/error-de-mantenimiento-causo-corte-de-6-horas-del-lunes-facebook\/\",\"url\":\"https:\/\/www.sonoraenequipo.com.mx\/error-de-mantenimiento-causo-corte-de-6-horas-del-lunes-facebook\/\",\"name\":\"Sonora en Equipo. Error de mantenimiento caus\u00f3 corte de 6 horas del lunes: Facebook Ciencia y Tecnolog\u00eda\",\"isPartOf\":{\"@id\":\"https:\/\/www.sonoraenequipo.com.mx\/#website\"},\"primaryImageOfPage\":{\"@id\":\"https:\/\/www.sonoraenequipo.com.mx\/error-de-mantenimiento-causo-corte-de-6-horas-del-lunes-facebook\/#primaryimage\"},\"image\":{\"@id\":\"https:\/\/www.sonoraenequipo.com.mx\/error-de-mantenimiento-causo-corte-de-6-horas-del-lunes-facebook\/#primaryimage\"},\"thumbnailUrl\":\"https:\/\/www.sonoraenequipo.com.mx\/storage\/2021\/10\/facebook_opt.jpg\",\"datePublished\":\"2021-10-06T02:15:33+00:00\",\"dateModified\":\"2021-10-06T03:31:54+00:00\",\"description\":\"La compa\u00f1\u00eda explic\u00f3 que sus ingenieros emitieron una orden que, sin querer, hizo caer todas las conexiones de su red, desconectando efectivamente los En Sonora en Equipo publicamos toda la informaci\u00f3n de Sonora, M\u00e9xico y el Mundo de manera oportuna y busca que la libertad de expresi\u00f3n sea real. Visita nuestro medio informativo publicado desde Hermosillo, Sonora. %\",\"breadcrumb\":{\"@id\":\"https:\/\/www.sonoraenequipo.com.mx\/error-de-mantenimiento-causo-corte-de-6-horas-del-lunes-facebook\/#breadcrumb\"},\"inLanguage\":\"es\",\"potentialAction\":[{\"@type\":\"ReadAction\",\"target\":[\"https:\/\/www.sonoraenequipo.com.mx\/error-de-mantenimiento-causo-corte-de-6-horas-del-lunes-facebook\/\"]}]},{\"@type\":\"ImageObject\",\"inLanguage\":\"es\",\"@id\":\"https:\/\/www.sonoraenequipo.com.mx\/error-de-mantenimiento-causo-corte-de-6-horas-del-lunes-facebook\/#primaryimage\",\"url\":\"https:\/\/www.sonoraenequipo.com.mx\/storage\/2021\/10\/facebook_opt.jpg\",\"contentUrl\":\"https:\/\/www.sonoraenequipo.com.mx\/storage\/2021\/10\/facebook_opt.jpg\",\"width\":700,\"height\":400},{\"@type\":\"BreadcrumbList\",\"@id\":\"https:\/\/www.sonoraenequipo.com.mx\/error-de-mantenimiento-causo-corte-de-6-horas-del-lunes-facebook\/#breadcrumb\",\"itemListElement\":[{\"@type\":\"ListItem\",\"position\":1,\"name\":\"Portada\",\"item\":\"https:\/\/www.sonoraenequipo.com.mx\/\"},{\"@type\":\"ListItem\",\"position\":2,\"name\":\"Error de mantenimiento caus\u00f3 corte de 6 horas del lunes: Facebook\"}]},{\"@type\":\"WebSite\",\"@id\":\"https:\/\/www.sonoraenequipo.com.mx\/#website\",\"url\":\"https:\/\/www.sonoraenequipo.com.mx\/\",\"name\":\"Sonora en Equipo.\",\"description\":\"Diario en l\u00ednea con Noticias desde Hermosillo, Sonora\",\"publisher\":{\"@id\":\"https:\/\/www.sonoraenequipo.com.mx\/#organization\"},\"potentialAction\":[{\"@type\":\"SearchAction\",\"target\":{\"@type\":\"EntryPoint\",\"urlTemplate\":\"https:\/\/www.sonoraenequipo.com.mx\/?s={search_term_string}\"},\"query-input\":{\"@type\":\"PropertyValueSpecification\",\"valueRequired\":true,\"valueName\":\"search_term_string\"}}],\"inLanguage\":\"es\"},{\"@type\":\"Organization\",\"@id\":\"https:\/\/www.sonoraenequipo.com.mx\/#organization\",\"name\":\"Sonoraenequipo.com.mx\",\"url\":\"https:\/\/www.sonoraenequipo.com.mx\/\",\"logo\":{\"@type\":\"ImageObject\",\"inLanguage\":\"es\",\"@id\":\"https:\/\/www.sonoraenequipo.com.mx\/#\/schema\/logo\/image\/\",\"url\":\"https:\/\/www.sonoraenequipo.com.mx\/storage\/2019\/01\/sonoraenequipo_opt.png\",\"contentUrl\":\"https:\/\/www.sonoraenequipo.com.mx\/storage\/2019\/01\/sonoraenequipo_opt.png\",\"width\":375,\"height\":125,\"caption\":\"Sonoraenequipo.com.mx\"},\"image\":{\"@id\":\"https:\/\/www.sonoraenequipo.com.mx\/#\/schema\/logo\/image\/\"},\"sameAs\":[\"https:\/\/www.facebook.com\/SonoraEE\/\",\"https:\/\/x.com\/sonoraenequipo\",\"https:\/\/www.youtube.com\/channel\/UC338nW-lPEYmJQs4ZABQ1SQ\"]},{\"@type\":\"Person\",\"@id\":\"https:\/\/www.sonoraenequipo.com.mx\/#\/schema\/person\/50102df0fb23a8fa9e8effad8fa81386\",\"name\":\"enequipo\",\"image\":{\"@type\":\"ImageObject\",\"inLanguage\":\"es\",\"@id\":\"https:\/\/www.sonoraenequipo.com.mx\/#\/schema\/person\/image\/\",\"url\":\"https:\/\/secure.gravatar.com\/avatar\/049821681b589dabc0bc20695993ccebb09f5b5d4d790cd9251b97faac7c652b?s=96&d=blank&r=g\",\"contentUrl\":\"https:\/\/secure.gravatar.com\/avatar\/049821681b589dabc0bc20695993ccebb09f5b5d4d790cd9251b97faac7c652b?s=96&d=blank&r=g\",\"caption\":\"enequipo\"},\"sameAs\":[\"https:\/\/www.facebook.com\/SonoraEE\"]}]}<\/script>\n ","yoast_head_json":{"title":"Sonora en Equipo. Error de mantenimiento caus\u00f3 corte de 6 horas del lunes: Facebook Ciencia y Tecnolog\u00eda","description":"La compa\u00f1\u00eda explic\u00f3 que sus ingenieros emitieron una orden que, sin querer, hizo caer todas las conexiones de su red, desconectando efectivamente los En Sonora en Equipo publicamos toda la informaci\u00f3n de Sonora, M\u00e9xico y el Mundo de manera oportuna y busca que la libertad de expresi\u00f3n sea real. Visita nuestro medio informativo publicado desde Hermosillo, Sonora. %","robots":{"index":"index","follow":"follow","max-snippet":"max-snippet:-1","max-image-preview":"max-image-preview:large","max-video-preview":"max-video-preview:-1"},"canonical":"https:\/\/www.sonoraenequipo.com.mx\/error-de-mantenimiento-causo-corte-de-6-horas-del-lunes-facebook\/","og_locale":"es_ES","og_type":"article","og_title":"Sonora en Equipo. Error de mantenimiento caus\u00f3 corte de 6 horas del lunes: Facebook Ciencia y Tecnolog\u00eda","og_description":"La compa\u00f1\u00eda explic\u00f3 que sus ingenieros emitieron una orden que, sin querer, hizo caer todas las conexiones de su red, desconectando efectivamente los En Sonora en Equipo publicamos toda la informaci\u00f3n de Sonora, M\u00e9xico y el Mundo de manera oportuna y busca que la libertad de expresi\u00f3n sea real. Visita nuestro medio informativo publicado desde Hermosillo, Sonora. %","og_url":"https:\/\/www.sonoraenequipo.com.mx\/error-de-mantenimiento-causo-corte-de-6-horas-del-lunes-facebook\/","og_site_name":"Sonora en Equipo.","article_publisher":"https:\/\/www.facebook.com\/SonoraEE\/","article_author":"https:\/\/www.facebook.com\/SonoraEE","article_published_time":"2021-10-06T02:15:33+00:00","article_modified_time":"2021-10-06T03:31:54+00:00","og_image":[{"width":700,"height":400,"url":"https:\/\/www.sonoraenequipo.com.mx\/storage\/2021\/10\/facebook_opt.jpg","type":"image\/jpeg"}],"author":"enequipo","twitter_card":"summary_large_image","twitter_creator":"@sonoraenequipo","twitter_site":"@sonoraenequipo","twitter_misc":{"Escrito por":"enequipo","Tiempo de lectura":"1 minuto"},"schema":{"@context":"https:\/\/schema.org","@graph":[{"@type":"Article","@id":"https:\/\/www.sonoraenequipo.com.mx\/error-de-mantenimiento-causo-corte-de-6-horas-del-lunes-facebook\/#article","isPartOf":{"@id":"https:\/\/www.sonoraenequipo.com.mx\/error-de-mantenimiento-causo-corte-de-6-horas-del-lunes-facebook\/"},"author":{"name":"enequipo","@id":"https:\/\/www.sonoraenequipo.com.mx\/#\/schema\/person\/50102df0fb23a8fa9e8effad8fa81386"},"headline":"Error de mantenimiento caus\u00f3 corte de 6 horas del lunes: Facebook","datePublished":"2021-10-06T02:15:33+00:00","dateModified":"2021-10-06T03:31:54+00:00","mainEntityOfPage":{"@id":"https:\/\/www.sonoraenequipo.com.mx\/error-de-mantenimiento-causo-corte-de-6-horas-del-lunes-facebook\/"},"wordCount":205,"commentCount":0,"publisher":{"@id":"https:\/\/www.sonoraenequipo.com.mx\/#organization"},"image":{"@id":"https:\/\/www.sonoraenequipo.com.mx\/error-de-mantenimiento-causo-corte-de-6-horas-del-lunes-facebook\/#primaryimage"},"thumbnailUrl":"https:\/\/www.sonoraenequipo.com.mx\/storage\/2021\/10\/facebook_opt.jpg","articleSection":["Ciencia y Tecnolog\u00eda"],"inLanguage":"es","potentialAction":[{"@type":"CommentAction","name":"Comment","target":["https:\/\/www.sonoraenequipo.com.mx\/error-de-mantenimiento-causo-corte-de-6-horas-del-lunes-facebook\/#respond"]}]},{"@type":"WebPage","@id":"https:\/\/www.sonoraenequipo.com.mx\/error-de-mantenimiento-causo-corte-de-6-horas-del-lunes-facebook\/","url":"https:\/\/www.sonoraenequipo.com.mx\/error-de-mantenimiento-causo-corte-de-6-horas-del-lunes-facebook\/","name":"Sonora en Equipo. Error de mantenimiento caus\u00f3 corte de 6 horas del lunes: Facebook Ciencia y Tecnolog\u00eda","isPartOf":{"@id":"https:\/\/www.sonoraenequipo.com.mx\/#website"},"primaryImageOfPage":{"@id":"https:\/\/www.sonoraenequipo.com.mx\/error-de-mantenimiento-causo-corte-de-6-horas-del-lunes-facebook\/#primaryimage"},"image":{"@id":"https:\/\/www.sonoraenequipo.com.mx\/error-de-mantenimiento-causo-corte-de-6-horas-del-lunes-facebook\/#primaryimage"},"thumbnailUrl":"https:\/\/www.sonoraenequipo.com.mx\/storage\/2021\/10\/facebook_opt.jpg","datePublished":"2021-10-06T02:15:33+00:00","dateModified":"2021-10-06T03:31:54+00:00","description":"La compa\u00f1\u00eda explic\u00f3 que sus ingenieros emitieron una orden que, sin querer, hizo caer todas las conexiones de su red, desconectando efectivamente los En Sonora en Equipo publicamos toda la informaci\u00f3n de Sonora, M\u00e9xico y el Mundo de manera oportuna y busca que la libertad de expresi\u00f3n sea real. Visita nuestro medio informativo publicado desde Hermosillo, Sonora. %","breadcrumb":{"@id":"https:\/\/www.sonoraenequipo.com.mx\/error-de-mantenimiento-causo-corte-de-6-horas-del-lunes-facebook\/#breadcrumb"},"inLanguage":"es","potentialAction":[{"@type":"ReadAction","target":["https:\/\/www.sonoraenequipo.com.mx\/error-de-mantenimiento-causo-corte-de-6-horas-del-lunes-facebook\/"]}]},{"@type":"ImageObject","inLanguage":"es","@id":"https:\/\/www.sonoraenequipo.com.mx\/error-de-mantenimiento-causo-corte-de-6-horas-del-lunes-facebook\/#primaryimage","url":"https:\/\/www.sonoraenequipo.com.mx\/storage\/2021\/10\/facebook_opt.jpg","contentUrl":"https:\/\/www.sonoraenequipo.com.mx\/storage\/2021\/10\/facebook_opt.jpg","width":700,"height":400},{"@type":"BreadcrumbList","@id":"https:\/\/www.sonoraenequipo.com.mx\/error-de-mantenimiento-causo-corte-de-6-horas-del-lunes-facebook\/#breadcrumb","itemListElement":[{"@type":"ListItem","position":1,"name":"Portada","item":"https:\/\/www.sonoraenequipo.com.mx\/"},{"@type":"ListItem","position":2,"name":"Error de mantenimiento caus\u00f3 corte de 6 horas del lunes: Facebook"}]},{"@type":"WebSite","@id":"https:\/\/www.sonoraenequipo.com.mx\/#website","url":"https:\/\/www.sonoraenequipo.com.mx\/","name":"Sonora en Equipo.","description":"Diario en l\u00ednea con Noticias desde Hermosillo, Sonora","publisher":{"@id":"https:\/\/www.sonoraenequipo.com.mx\/#organization"},"potentialAction":[{"@type":"SearchAction","target":{"@type":"EntryPoint","urlTemplate":"https:\/\/www.sonoraenequipo.com.mx\/?s={search_term_string}"},"query-input":{"@type":"PropertyValueSpecification","valueRequired":true,"valueName":"search_term_string"}}],"inLanguage":"es"},{"@type":"Organization","@id":"https:\/\/www.sonoraenequipo.com.mx\/#organization","name":"Sonoraenequipo.com.mx","url":"https:\/\/www.sonoraenequipo.com.mx\/","logo":{"@type":"ImageObject","inLanguage":"es","@id":"https:\/\/www.sonoraenequipo.com.mx\/#\/schema\/logo\/image\/","url":"https:\/\/www.sonoraenequipo.com.mx\/storage\/2019\/01\/sonoraenequipo_opt.png","contentUrl":"https:\/\/www.sonoraenequipo.com.mx\/storage\/2019\/01\/sonoraenequipo_opt.png","width":375,"height":125,"caption":"Sonoraenequipo.com.mx"},"image":{"@id":"https:\/\/www.sonoraenequipo.com.mx\/#\/schema\/logo\/image\/"},"sameAs":["https:\/\/www.facebook.com\/SonoraEE\/","https:\/\/x.com\/sonoraenequipo","https:\/\/www.youtube.com\/channel\/UC338nW-lPEYmJQs4ZABQ1SQ"]},{"@type":"Person","@id":"https:\/\/www.sonoraenequipo.com.mx\/#\/schema\/person\/50102df0fb23a8fa9e8effad8fa81386","name":"enequipo","image":{"@type":"ImageObject","inLanguage":"es","@id":"https:\/\/www.sonoraenequipo.com.mx\/#\/schema\/person\/image\/","url":"https:\/\/secure.gravatar.com\/avatar\/049821681b589dabc0bc20695993ccebb09f5b5d4d790cd9251b97faac7c652b?s=96&d=blank&r=g","contentUrl":"https:\/\/secure.gravatar.com\/avatar\/049821681b589dabc0bc20695993ccebb09f5b5d4d790cd9251b97faac7c652b?s=96&d=blank&r=g","caption":"enequipo"},"sameAs":["https:\/\/www.facebook.com\/SonoraEE"]}]}},"jetpack_featured_media_url":"https:\/\/www.sonoraenequipo.com.mx\/storage\/2021\/10\/facebook_opt.jpg","_links":{"self":[{"href":"https:\/\/www.sonoraenequipo.com.mx\/api\/wp\/v2\/posts\/124380","targetHints":{"allow":["GET"]}}],"collection":[{"href":"https:\/\/www.sonoraenequipo.com.mx\/api\/wp\/v2\/posts"}],"about":[{"href":"https:\/\/www.sonoraenequipo.com.mx\/api\/wp\/v2\/types\/post"}],"author":[{"embeddable":true,"href":"https:\/\/www.sonoraenequipo.com.mx\/api\/wp\/v2\/users\/1"}],"replies":[{"embeddable":true,"href":"https:\/\/www.sonoraenequipo.com.mx\/api\/wp\/v2\/comments?post=124380"}],"version-history":[{"count":1,"href":"https:\/\/www.sonoraenequipo.com.mx\/api\/wp\/v2\/posts\/124380\/revisions"}],"predecessor-version":[{"id":124382,"href":"https:\/\/www.sonoraenequipo.com.mx\/api\/wp\/v2\/posts\/124380\/revisions\/124382"}],"wp:featuredmedia":[{"embeddable":true,"href":"https:\/\/www.sonoraenequipo.com.mx\/api\/wp\/v2\/media\/124381"}],"wp:attachment":[{"href":"https:\/\/www.sonoraenequipo.com.mx\/api\/wp\/v2\/media?parent=124380"}],"wp:term":[{"taxonomy":"category","embeddable":true,"href":"https:\/\/www.sonoraenequipo.com.mx\/api\/wp\/v2\/categories?post=124380"},{"taxonomy":"post_tag","embeddable":true,"href":"https:\/\/www.sonoraenequipo.com.mx\/api\/wp\/v2\/tags?post=124380"}],"curies":[{"name":"wp","href":"https:\/\/api.w.org\/{rel}","templated":true}]}}