{"id":124978,"date":"2021-10-13T11:05:00","date_gmt":"2021-10-13T18:05:00","guid":{"rendered":"https:\/\/www.sonoraenequipo.com.mx\/?p=124978"},"modified":"2021-10-13T20:13:38","modified_gmt":"2021-10-14T03:13:38","slug":"la-oms-tiene-que-actuar-con-apego-a-la-ciencia-para-la-certificacion-de-todas-las-vacunas-afirma-presidente-de-mexico","status":"publish","type":"post","link":"https:\/\/www.sonoraenequipo.com.mx\/la-oms-tiene-que-actuar-con-apego-a-la-ciencia-para-la-certificacion-de-todas-las-vacunas-afirma-presidente-de-mexico\/","title":{"rendered":"La OMS tiene que actuar con apego a la ciencia para la certificaci\u00f3n de todas las vacunas, afirma presidente de M\u00e9xico"},"content":{"rendered":"<p>CIUDAD DE M\u00c9XICO. MX.\u2014 El presidente, Andr\u00e9s Manuel L\u00f3pez Obrador (AMLO), pidi\u00f3 a la Organizaci\u00f3n Mundial de la Salud (OMS) que se apure a aprobar todas las vacunas contra la covid que han desarrollado las farmac\u00e9uticas y que han demostrado su eficacia, adem\u00e1s le inst\u00f3 a actuar sin tendencias pol\u00edticas o ideol\u00f3gicas.<\/p>\n<p>&nbsp;<\/p>\n<p> <\/p>\n<p>&nbsp;<\/p>\n<p><em>\u201cVamos a pedir a la OMS que termine de dar los certificados a las farmac\u00e9uticas de todo el mundo que han entregado vacunas, que han demostrado su eficacia y que no han generado ning\u00fan problema de salud. Que ya la Organizaci\u00f3n Mundial de la Salud se apure porque lleva ya mucho tiempo en el tr\u00e1mite y hay vacunas que todav\u00eda no tienen autorizaci\u00f3n de la OMS, que se han aplicado y que han salvado vidas<\/em>\u201d, manifest\u00f3 AMLO en su conferencia ma\u00f1anera desde Palacio Nacional.<\/p>\n<p>&nbsp;<\/p>\n<p>L\u00f3pez Obrador se\u00f1al\u00f3 que no hay reportes en el mundo de que esas vacunas hayan causado da\u00f1o.<\/p>\n<p>&nbsp;<\/p>\n<p>Dijo que la OMS tiene que actuar con apego a la ciencia para resolver la certificaci\u00f3n de todas las vacunas.<\/p>\n<p>&nbsp;<\/p>\n<p><em>\u201cConsideramos de sentido com\u00fan, de juicio pr\u00e1ctico, es que si se han aplicado la vacunas y han ayudado y no han perjudicado, \u00bfPor qu\u00e9 no se les ha dado autorizaci\u00f3n?, \u00bfPor qu\u00e9 tanta demora?\u201d,<\/em> cuestion\u00f3 AMLO.<\/p>\n<p>&nbsp;<\/p>\n<p>El presidente de M\u00e9xico rechaz\u00f3 que se tenga que acudir ante la ONU para resolver la aprobaci\u00f3n de todas las vacunas contra la covid por parte de la OMS.<\/p>\n<p>&nbsp;<\/p>\n<p><em>\u201cNo, yo creo que ya se va resolver, es que en todos lados hay elefantes reum\u00e1ticos que hay que estar empujando<\/em>\u201d, sentenci\u00f3 AMLO.<\/p>\n<p><iframe loading=\"lazy\" title=\"Reapertura de frontera norte en noviembre. Conferencia presidente AMLO\" width=\"640\" height=\"360\" src=\"https:\/\/www.youtube.com\/embed\/ZAy_PjFzUq8?feature=oembed\" frameborder=\"0\" allow=\"accelerometer; autoplay; clipboard-write; encrypted-media; gyroscope; picture-in-picture; web-share\" referrerpolicy=\"strict-origin-when-cross-origin\" allowfullscreen><\/iframe><\/p>\n<p>&nbsp;<\/p>\n<p>&nbsp;<\/p>\n<p>&nbsp;<\/p>\n<p>(Publicada el 13\/10\/2021)<\/p>\n","protected":false},"excerpt":{"rendered":"<p>CIUDAD DE M\u00c9XICO. MX.\u2014 El presidente, Andr\u00e9s Manuel L\u00f3pez Obrador (AMLO), pidi\u00f3 a la Organizaci\u00f3n&#8230;<\/p>\n","protected":false},"author":1,"featured_media":124979,"comment_status":"open","ping_status":"open","sticky":false,"template":"","format":"standard","meta":{"_monsterinsights_skip_tracking":false,"_monsterinsights_sitenote_active":false,"_monsterinsights_sitenote_note":"","_monsterinsights_sitenote_category":0,"footnotes":""},"categories":[5],"tags":[],"class_list":["post"],"yoast_head":" \n<title>Sonora en Equipo. La OMS tiene que actuar con apego a la ciencia para la certificaci\u00f3n de todas las vacunas, afirma presidente de M\u00e9xico Rep\u00fablica<\/title>\n<meta name=\"description\" content=\"CIUDAD DE M\u00c9XICO. MX.\u2014 El presidente, Andr\u00e9s Manuel L\u00f3pez Obrador (AMLO), pidi\u00f3 a la Organizaci\u00f3n Mundial de la Salud (OMS) que se apure a aprobar todas En Sonora en Equipo publicamos toda la informaci\u00f3n de Sonora, M\u00e9xico y el Mundo de manera oportuna y busca que la libertad de expresi\u00f3n sea real. Visita nuestro medio informativo publicado desde Hermosillo, Sonora. %\" \/>\n<meta name=\"robots\" content=\"index, follow, max-snippet:-1, max-image-preview:large, max-video-preview:-1\" \/>\n<link rel=\"canonical\" href=\"https:\/\/www.sonoraenequipo.com.mx\/la-oms-tiene-que-actuar-con-apego-a-la-ciencia-para-la-certificacion-de-todas-las-vacunas-afirma-presidente-de-mexico\/\" \/>\n<meta property=\"og:locale\" content=\"es_ES\" \/>\n<meta property=\"og:type\" content=\"article\" \/>\n<meta property=\"og:title\" content=\"Sonora en Equipo. La OMS tiene que actuar con apego a la ciencia para la certificaci\u00f3n de todas las vacunas, afirma presidente de M\u00e9xico Rep\u00fablica\" \/>\n<meta property=\"og:description\" content=\"CIUDAD DE M\u00c9XICO. MX.\u2014 El presidente, Andr\u00e9s Manuel L\u00f3pez Obrador (AMLO), pidi\u00f3 a la Organizaci\u00f3n Mundial de la Salud (OMS) que se apure a aprobar todas En Sonora en Equipo publicamos toda la informaci\u00f3n de Sonora, M\u00e9xico y el Mundo de manera oportuna y busca que la libertad de expresi\u00f3n sea real. Visita nuestro medio informativo publicado desde Hermosillo, Sonora. %\" \/>\n<meta property=\"og:url\" content=\"https:\/\/www.sonoraenequipo.com.mx\/la-oms-tiene-que-actuar-con-apego-a-la-ciencia-para-la-certificacion-de-todas-las-vacunas-afirma-presidente-de-mexico\/\" \/>\n<meta property=\"og:site_name\" content=\"Sonora en Equipo.\" \/>\n<meta property=\"article:publisher\" content=\"https:\/\/www.facebook.com\/SonoraEE\/\" \/>\n<meta property=\"article:author\" content=\"https:\/\/www.facebook.com\/SonoraEE\" \/>\n<meta property=\"article:published_time\" content=\"2021-10-13T18:05:00+00:00\" \/>\n<meta property=\"article:modified_time\" content=\"2021-10-14T03:13:38+00:00\" \/>\n<meta property=\"og:image\" content=\"https:\/\/www.sonoraenequipo.com.mx\/storage\/2021\/10\/amlo-oms-peticion_opt.jpg\" \/>\n\t<meta property=\"og:image:width\" content=\"700\" \/>\n\t<meta property=\"og:image:height\" content=\"400\" \/>\n\t<meta property=\"og:image:type\" content=\"image\/jpeg\" \/>\n<meta name=\"author\" content=\"enequipo\" \/>\n<meta name=\"twitter:card\" content=\"summary_large_image\" \/>\n<meta name=\"twitter:creator\" content=\"@sonoraenequipo\" \/>\n<meta name=\"twitter:site\" content=\"@sonoraenequipo\" \/>\n<meta name=\"twitter:label1\" content=\"Escrito por\" \/>\n\t<meta name=\"twitter:data1\" content=\"enequipo\" \/>\n\t<meta name=\"twitter:label2\" content=\"Tiempo de lectura\" \/>\n\t<meta name=\"twitter:data2\" content=\"2 minutos\" \/>\n<script type=\"application\/ld+json\" class=\"yoast-schema-graph\">{\"@context\":\"https:\/\/schema.org\",\"@graph\":[{\"@type\":\"Article\",\"@id\":\"https:\/\/www.sonoraenequipo.com.mx\/la-oms-tiene-que-actuar-con-apego-a-la-ciencia-para-la-certificacion-de-todas-las-vacunas-afirma-presidente-de-mexico\/#article\",\"isPartOf\":{\"@id\":\"https:\/\/www.sonoraenequipo.com.mx\/la-oms-tiene-que-actuar-con-apego-a-la-ciencia-para-la-certificacion-de-todas-las-vacunas-afirma-presidente-de-mexico\/\"},\"author\":{\"name\":\"enequipo\",\"@id\":\"https:\/\/www.sonoraenequipo.com.mx\/#\/schema\/person\/50102df0fb23a8fa9e8effad8fa81386\"},\"headline\":\"La OMS tiene que actuar con apego a la ciencia para la certificaci\u00f3n de todas las vacunas, afirma presidente de M\u00e9xico\",\"datePublished\":\"2021-10-13T18:05:00+00:00\",\"dateModified\":\"2021-10-14T03:13:38+00:00\",\"mainEntityOfPage\":{\"@id\":\"https:\/\/www.sonoraenequipo.com.mx\/la-oms-tiene-que-actuar-con-apego-a-la-ciencia-para-la-certificacion-de-todas-las-vacunas-afirma-presidente-de-mexico\/\"},\"wordCount\":329,\"commentCount\":0,\"publisher\":{\"@id\":\"https:\/\/www.sonoraenequipo.com.mx\/#organization\"},\"image\":{\"@id\":\"https:\/\/www.sonoraenequipo.com.mx\/la-oms-tiene-que-actuar-con-apego-a-la-ciencia-para-la-certificacion-de-todas-las-vacunas-afirma-presidente-de-mexico\/#primaryimage\"},\"thumbnailUrl\":\"https:\/\/www.sonoraenequipo.com.mx\/storage\/2021\/10\/amlo-oms-peticion_opt.jpg\",\"articleSection\":[\"Rep\u00fablica\"],\"inLanguage\":\"es\",\"potentialAction\":[{\"@type\":\"CommentAction\",\"name\":\"Comment\",\"target\":[\"https:\/\/www.sonoraenequipo.com.mx\/la-oms-tiene-que-actuar-con-apego-a-la-ciencia-para-la-certificacion-de-todas-las-vacunas-afirma-presidente-de-mexico\/#respond\"]}]},{\"@type\":\"WebPage\",\"@id\":\"https:\/\/www.sonoraenequipo.com.mx\/la-oms-tiene-que-actuar-con-apego-a-la-ciencia-para-la-certificacion-de-todas-las-vacunas-afirma-presidente-de-mexico\/\",\"url\":\"https:\/\/www.sonoraenequipo.com.mx\/la-oms-tiene-que-actuar-con-apego-a-la-ciencia-para-la-certificacion-de-todas-las-vacunas-afirma-presidente-de-mexico\/\",\"name\":\"Sonora en Equipo. La OMS tiene que actuar con apego a la ciencia para la certificaci\u00f3n de todas las vacunas, afirma presidente de M\u00e9xico Rep\u00fablica\",\"isPartOf\":{\"@id\":\"https:\/\/www.sonoraenequipo.com.mx\/#website\"},\"primaryImageOfPage\":{\"@id\":\"https:\/\/www.sonoraenequipo.com.mx\/la-oms-tiene-que-actuar-con-apego-a-la-ciencia-para-la-certificacion-de-todas-las-vacunas-afirma-presidente-de-mexico\/#primaryimage\"},\"image\":{\"@id\":\"https:\/\/www.sonoraenequipo.com.mx\/la-oms-tiene-que-actuar-con-apego-a-la-ciencia-para-la-certificacion-de-todas-las-vacunas-afirma-presidente-de-mexico\/#primaryimage\"},\"thumbnailUrl\":\"https:\/\/www.sonoraenequipo.com.mx\/storage\/2021\/10\/amlo-oms-peticion_opt.jpg\",\"datePublished\":\"2021-10-13T18:05:00+00:00\",\"dateModified\":\"2021-10-14T03:13:38+00:00\",\"description\":\"CIUDAD DE M\u00c9XICO. MX.\u2014 El presidente, Andr\u00e9s Manuel L\u00f3pez Obrador (AMLO), pidi\u00f3 a la Organizaci\u00f3n Mundial de la Salud (OMS) que se apure a aprobar todas En Sonora en Equipo publicamos toda la informaci\u00f3n de Sonora, M\u00e9xico y el Mundo de manera oportuna y busca que la libertad de expresi\u00f3n sea real. Visita nuestro medio informativo publicado desde Hermosillo, Sonora. %\",\"breadcrumb\":{\"@id\":\"https:\/\/www.sonoraenequipo.com.mx\/la-oms-tiene-que-actuar-con-apego-a-la-ciencia-para-la-certificacion-de-todas-las-vacunas-afirma-presidente-de-mexico\/#breadcrumb\"},\"inLanguage\":\"es\",\"potentialAction\":[{\"@type\":\"ReadAction\",\"target\":[\"https:\/\/www.sonoraenequipo.com.mx\/la-oms-tiene-que-actuar-con-apego-a-la-ciencia-para-la-certificacion-de-todas-las-vacunas-afirma-presidente-de-mexico\/\"]}]},{\"@type\":\"ImageObject\",\"inLanguage\":\"es\",\"@id\":\"https:\/\/www.sonoraenequipo.com.mx\/la-oms-tiene-que-actuar-con-apego-a-la-ciencia-para-la-certificacion-de-todas-las-vacunas-afirma-presidente-de-mexico\/#primaryimage\",\"url\":\"https:\/\/www.sonoraenequipo.com.mx\/storage\/2021\/10\/amlo-oms-peticion_opt.jpg\",\"contentUrl\":\"https:\/\/www.sonoraenequipo.com.mx\/storage\/2021\/10\/amlo-oms-peticion_opt.jpg\",\"width\":700,\"height\":400},{\"@type\":\"BreadcrumbList\",\"@id\":\"https:\/\/www.sonoraenequipo.com.mx\/la-oms-tiene-que-actuar-con-apego-a-la-ciencia-para-la-certificacion-de-todas-las-vacunas-afirma-presidente-de-mexico\/#breadcrumb\",\"itemListElement\":[{\"@type\":\"ListItem\",\"position\":1,\"name\":\"Portada\",\"item\":\"https:\/\/www.sonoraenequipo.com.mx\/\"},{\"@type\":\"ListItem\",\"position\":2,\"name\":\"La OMS tiene que actuar con apego a la ciencia para la certificaci\u00f3n de todas las vacunas, afirma presidente de M\u00e9xico\"}]},{\"@type\":\"WebSite\",\"@id\":\"https:\/\/www.sonoraenequipo.com.mx\/#website\",\"url\":\"https:\/\/www.sonoraenequipo.com.mx\/\",\"name\":\"Sonora en Equipo.\",\"description\":\"Diario en l\u00ednea con Noticias desde Hermosillo, Sonora\",\"publisher\":{\"@id\":\"https:\/\/www.sonoraenequipo.com.mx\/#organization\"},\"potentialAction\":[{\"@type\":\"SearchAction\",\"target\":{\"@type\":\"EntryPoint\",\"urlTemplate\":\"https:\/\/www.sonoraenequipo.com.mx\/?s={search_term_string}\"},\"query-input\":{\"@type\":\"PropertyValueSpecification\",\"valueRequired\":true,\"valueName\":\"search_term_string\"}}],\"inLanguage\":\"es\"},{\"@type\":\"Organization\",\"@id\":\"https:\/\/www.sonoraenequipo.com.mx\/#organization\",\"name\":\"Sonoraenequipo.com.mx\",\"url\":\"https:\/\/www.sonoraenequipo.com.mx\/\",\"logo\":{\"@type\":\"ImageObject\",\"inLanguage\":\"es\",\"@id\":\"https:\/\/www.sonoraenequipo.com.mx\/#\/schema\/logo\/image\/\",\"url\":\"https:\/\/www.sonoraenequipo.com.mx\/storage\/2019\/01\/sonoraenequipo_opt.png\",\"contentUrl\":\"https:\/\/www.sonoraenequipo.com.mx\/storage\/2019\/01\/sonoraenequipo_opt.png\",\"width\":375,\"height\":125,\"caption\":\"Sonoraenequipo.com.mx\"},\"image\":{\"@id\":\"https:\/\/www.sonoraenequipo.com.mx\/#\/schema\/logo\/image\/\"},\"sameAs\":[\"https:\/\/www.facebook.com\/SonoraEE\/\",\"https:\/\/x.com\/sonoraenequipo\",\"https:\/\/www.youtube.com\/channel\/UC338nW-lPEYmJQs4ZABQ1SQ\"]},{\"@type\":\"Person\",\"@id\":\"https:\/\/www.sonoraenequipo.com.mx\/#\/schema\/person\/50102df0fb23a8fa9e8effad8fa81386\",\"name\":\"enequipo\",\"image\":{\"@type\":\"ImageObject\",\"inLanguage\":\"es\",\"@id\":\"https:\/\/www.sonoraenequipo.com.mx\/#\/schema\/person\/image\/\",\"url\":\"https:\/\/secure.gravatar.com\/avatar\/049821681b589dabc0bc20695993ccebb09f5b5d4d790cd9251b97faac7c652b?s=96&d=blank&r=g\",\"contentUrl\":\"https:\/\/secure.gravatar.com\/avatar\/049821681b589dabc0bc20695993ccebb09f5b5d4d790cd9251b97faac7c652b?s=96&d=blank&r=g\",\"caption\":\"enequipo\"},\"sameAs\":[\"https:\/\/www.facebook.com\/SonoraEE\"]}]}<\/script>\n ","yoast_head_json":{"title":"Sonora en Equipo. La OMS tiene que actuar con apego a la ciencia para la certificaci\u00f3n de todas las vacunas, afirma presidente de M\u00e9xico Rep\u00fablica","description":"CIUDAD DE M\u00c9XICO. MX.\u2014 El presidente, Andr\u00e9s Manuel L\u00f3pez Obrador (AMLO), pidi\u00f3 a la Organizaci\u00f3n Mundial de la Salud (OMS) que se apure a aprobar todas En Sonora en Equipo publicamos toda la informaci\u00f3n de Sonora, M\u00e9xico y el Mundo de manera oportuna y busca que la libertad de expresi\u00f3n sea real. Visita nuestro medio informativo publicado desde Hermosillo, Sonora. %","robots":{"index":"index","follow":"follow","max-snippet":"max-snippet:-1","max-image-preview":"max-image-preview:large","max-video-preview":"max-video-preview:-1"},"canonical":"https:\/\/www.sonoraenequipo.com.mx\/la-oms-tiene-que-actuar-con-apego-a-la-ciencia-para-la-certificacion-de-todas-las-vacunas-afirma-presidente-de-mexico\/","og_locale":"es_ES","og_type":"article","og_title":"Sonora en Equipo. La OMS tiene que actuar con apego a la ciencia para la certificaci\u00f3n de todas las vacunas, afirma presidente de M\u00e9xico Rep\u00fablica","og_description":"CIUDAD DE M\u00c9XICO. MX.\u2014 El presidente, Andr\u00e9s Manuel L\u00f3pez Obrador (AMLO), pidi\u00f3 a la Organizaci\u00f3n Mundial de la Salud (OMS) que se apure a aprobar todas En Sonora en Equipo publicamos toda la informaci\u00f3n de Sonora, M\u00e9xico y el Mundo de manera oportuna y busca que la libertad de expresi\u00f3n sea real. Visita nuestro medio informativo publicado desde Hermosillo, Sonora. %","og_url":"https:\/\/www.sonoraenequipo.com.mx\/la-oms-tiene-que-actuar-con-apego-a-la-ciencia-para-la-certificacion-de-todas-las-vacunas-afirma-presidente-de-mexico\/","og_site_name":"Sonora en Equipo.","article_publisher":"https:\/\/www.facebook.com\/SonoraEE\/","article_author":"https:\/\/www.facebook.com\/SonoraEE","article_published_time":"2021-10-13T18:05:00+00:00","article_modified_time":"2021-10-14T03:13:38+00:00","og_image":[{"width":700,"height":400,"url":"https:\/\/www.sonoraenequipo.com.mx\/storage\/2021\/10\/amlo-oms-peticion_opt.jpg","type":"image\/jpeg"}],"author":"enequipo","twitter_card":"summary_large_image","twitter_creator":"@sonoraenequipo","twitter_site":"@sonoraenequipo","twitter_misc":{"Escrito por":"enequipo","Tiempo de lectura":"2 minutos"},"schema":{"@context":"https:\/\/schema.org","@graph":[{"@type":"Article","@id":"https:\/\/www.sonoraenequipo.com.mx\/la-oms-tiene-que-actuar-con-apego-a-la-ciencia-para-la-certificacion-de-todas-las-vacunas-afirma-presidente-de-mexico\/#article","isPartOf":{"@id":"https:\/\/www.sonoraenequipo.com.mx\/la-oms-tiene-que-actuar-con-apego-a-la-ciencia-para-la-certificacion-de-todas-las-vacunas-afirma-presidente-de-mexico\/"},"author":{"name":"enequipo","@id":"https:\/\/www.sonoraenequipo.com.mx\/#\/schema\/person\/50102df0fb23a8fa9e8effad8fa81386"},"headline":"La OMS tiene que actuar con apego a la ciencia para la certificaci\u00f3n de todas las vacunas, afirma presidente de M\u00e9xico","datePublished":"2021-10-13T18:05:00+00:00","dateModified":"2021-10-14T03:13:38+00:00","mainEntityOfPage":{"@id":"https:\/\/www.sonoraenequipo.com.mx\/la-oms-tiene-que-actuar-con-apego-a-la-ciencia-para-la-certificacion-de-todas-las-vacunas-afirma-presidente-de-mexico\/"},"wordCount":329,"commentCount":0,"publisher":{"@id":"https:\/\/www.sonoraenequipo.com.mx\/#organization"},"image":{"@id":"https:\/\/www.sonoraenequipo.com.mx\/la-oms-tiene-que-actuar-con-apego-a-la-ciencia-para-la-certificacion-de-todas-las-vacunas-afirma-presidente-de-mexico\/#primaryimage"},"thumbnailUrl":"https:\/\/www.sonoraenequipo.com.mx\/storage\/2021\/10\/amlo-oms-peticion_opt.jpg","articleSection":["Rep\u00fablica"],"inLanguage":"es","potentialAction":[{"@type":"CommentAction","name":"Comment","target":["https:\/\/www.sonoraenequipo.com.mx\/la-oms-tiene-que-actuar-con-apego-a-la-ciencia-para-la-certificacion-de-todas-las-vacunas-afirma-presidente-de-mexico\/#respond"]}]},{"@type":"WebPage","@id":"https:\/\/www.sonoraenequipo.com.mx\/la-oms-tiene-que-actuar-con-apego-a-la-ciencia-para-la-certificacion-de-todas-las-vacunas-afirma-presidente-de-mexico\/","url":"https:\/\/www.sonoraenequipo.com.mx\/la-oms-tiene-que-actuar-con-apego-a-la-ciencia-para-la-certificacion-de-todas-las-vacunas-afirma-presidente-de-mexico\/","name":"Sonora en Equipo. La OMS tiene que actuar con apego a la ciencia para la certificaci\u00f3n de todas las vacunas, afirma presidente de M\u00e9xico Rep\u00fablica","isPartOf":{"@id":"https:\/\/www.sonoraenequipo.com.mx\/#website"},"primaryImageOfPage":{"@id":"https:\/\/www.sonoraenequipo.com.mx\/la-oms-tiene-que-actuar-con-apego-a-la-ciencia-para-la-certificacion-de-todas-las-vacunas-afirma-presidente-de-mexico\/#primaryimage"},"image":{"@id":"https:\/\/www.sonoraenequipo.com.mx\/la-oms-tiene-que-actuar-con-apego-a-la-ciencia-para-la-certificacion-de-todas-las-vacunas-afirma-presidente-de-mexico\/#primaryimage"},"thumbnailUrl":"https:\/\/www.sonoraenequipo.com.mx\/storage\/2021\/10\/amlo-oms-peticion_opt.jpg","datePublished":"2021-10-13T18:05:00+00:00","dateModified":"2021-10-14T03:13:38+00:00","description":"CIUDAD DE M\u00c9XICO. MX.\u2014 El presidente, Andr\u00e9s Manuel L\u00f3pez Obrador (AMLO), pidi\u00f3 a la Organizaci\u00f3n Mundial de la Salud (OMS) que se apure a aprobar todas En Sonora en Equipo publicamos toda la informaci\u00f3n de Sonora, M\u00e9xico y el Mundo de manera oportuna y busca que la libertad de expresi\u00f3n sea real. Visita nuestro medio informativo publicado desde Hermosillo, Sonora. %","breadcrumb":{"@id":"https:\/\/www.sonoraenequipo.com.mx\/la-oms-tiene-que-actuar-con-apego-a-la-ciencia-para-la-certificacion-de-todas-las-vacunas-afirma-presidente-de-mexico\/#breadcrumb"},"inLanguage":"es","potentialAction":[{"@type":"ReadAction","target":["https:\/\/www.sonoraenequipo.com.mx\/la-oms-tiene-que-actuar-con-apego-a-la-ciencia-para-la-certificacion-de-todas-las-vacunas-afirma-presidente-de-mexico\/"]}]},{"@type":"ImageObject","inLanguage":"es","@id":"https:\/\/www.sonoraenequipo.com.mx\/la-oms-tiene-que-actuar-con-apego-a-la-ciencia-para-la-certificacion-de-todas-las-vacunas-afirma-presidente-de-mexico\/#primaryimage","url":"https:\/\/www.sonoraenequipo.com.mx\/storage\/2021\/10\/amlo-oms-peticion_opt.jpg","contentUrl":"https:\/\/www.sonoraenequipo.com.mx\/storage\/2021\/10\/amlo-oms-peticion_opt.jpg","width":700,"height":400},{"@type":"BreadcrumbList","@id":"https:\/\/www.sonoraenequipo.com.mx\/la-oms-tiene-que-actuar-con-apego-a-la-ciencia-para-la-certificacion-de-todas-las-vacunas-afirma-presidente-de-mexico\/#breadcrumb","itemListElement":[{"@type":"ListItem","position":1,"name":"Portada","item":"https:\/\/www.sonoraenequipo.com.mx\/"},{"@type":"ListItem","position":2,"name":"La OMS tiene que actuar con apego a la ciencia para la certificaci\u00f3n de todas las vacunas, afirma presidente de M\u00e9xico"}]},{"@type":"WebSite","@id":"https:\/\/www.sonoraenequipo.com.mx\/#website","url":"https:\/\/www.sonoraenequipo.com.mx\/","name":"Sonora en Equipo.","description":"Diario en l\u00ednea con Noticias desde Hermosillo, Sonora","publisher":{"@id":"https:\/\/www.sonoraenequipo.com.mx\/#organization"},"potentialAction":[{"@type":"SearchAction","target":{"@type":"EntryPoint","urlTemplate":"https:\/\/www.sonoraenequipo.com.mx\/?s={search_term_string}"},"query-input":{"@type":"PropertyValueSpecification","valueRequired":true,"valueName":"search_term_string"}}],"inLanguage":"es"},{"@type":"Organization","@id":"https:\/\/www.sonoraenequipo.com.mx\/#organization","name":"Sonoraenequipo.com.mx","url":"https:\/\/www.sonoraenequipo.com.mx\/","logo":{"@type":"ImageObject","inLanguage":"es","@id":"https:\/\/www.sonoraenequipo.com.mx\/#\/schema\/logo\/image\/","url":"https:\/\/www.sonoraenequipo.com.mx\/storage\/2019\/01\/sonoraenequipo_opt.png","contentUrl":"https:\/\/www.sonoraenequipo.com.mx\/storage\/2019\/01\/sonoraenequipo_opt.png","width":375,"height":125,"caption":"Sonoraenequipo.com.mx"},"image":{"@id":"https:\/\/www.sonoraenequipo.com.mx\/#\/schema\/logo\/image\/"},"sameAs":["https:\/\/www.facebook.com\/SonoraEE\/","https:\/\/x.com\/sonoraenequipo","https:\/\/www.youtube.com\/channel\/UC338nW-lPEYmJQs4ZABQ1SQ"]},{"@type":"Person","@id":"https:\/\/www.sonoraenequipo.com.mx\/#\/schema\/person\/50102df0fb23a8fa9e8effad8fa81386","name":"enequipo","image":{"@type":"ImageObject","inLanguage":"es","@id":"https:\/\/www.sonoraenequipo.com.mx\/#\/schema\/person\/image\/","url":"https:\/\/secure.gravatar.com\/avatar\/049821681b589dabc0bc20695993ccebb09f5b5d4d790cd9251b97faac7c652b?s=96&d=blank&r=g","contentUrl":"https:\/\/secure.gravatar.com\/avatar\/049821681b589dabc0bc20695993ccebb09f5b5d4d790cd9251b97faac7c652b?s=96&d=blank&r=g","caption":"enequipo"},"sameAs":["https:\/\/www.facebook.com\/SonoraEE"]}]}},"jetpack_featured_media_url":"https:\/\/www.sonoraenequipo.com.mx\/storage\/2021\/10\/amlo-oms-peticion_opt.jpg","_links":{"self":[{"href":"https:\/\/www.sonoraenequipo.com.mx\/api\/wp\/v2\/posts\/124978","targetHints":{"allow":["GET"]}}],"collection":[{"href":"https:\/\/www.sonoraenequipo.com.mx\/api\/wp\/v2\/posts"}],"about":[{"href":"https:\/\/www.sonoraenequipo.com.mx\/api\/wp\/v2\/types\/post"}],"author":[{"embeddable":true,"href":"https:\/\/www.sonoraenequipo.com.mx\/api\/wp\/v2\/users\/1"}],"replies":[{"embeddable":true,"href":"https:\/\/www.sonoraenequipo.com.mx\/api\/wp\/v2\/comments?post=124978"}],"version-history":[{"count":1,"href":"https:\/\/www.sonoraenequipo.com.mx\/api\/wp\/v2\/posts\/124978\/revisions"}],"predecessor-version":[{"id":124980,"href":"https:\/\/www.sonoraenequipo.com.mx\/api\/wp\/v2\/posts\/124978\/revisions\/124980"}],"wp:featuredmedia":[{"embeddable":true,"href":"https:\/\/www.sonoraenequipo.com.mx\/api\/wp\/v2\/media\/124979"}],"wp:attachment":[{"href":"https:\/\/www.sonoraenequipo.com.mx\/api\/wp\/v2\/media?parent=124978"}],"wp:term":[{"taxonomy":"category","embeddable":true,"href":"https:\/\/www.sonoraenequipo.com.mx\/api\/wp\/v2\/categories?post=124978"},{"taxonomy":"post_tag","embeddable":true,"href":"https:\/\/www.sonoraenequipo.com.mx\/api\/wp\/v2\/tags?post=124978"}],"curies":[{"name":"wp","href":"https:\/\/api.w.org\/{rel}","templated":true}]}}