{"id":125628,"date":"2021-10-22T08:50:42","date_gmt":"2021-10-22T15:50:42","guid":{"rendered":"https:\/\/www.sonoraenequipo.com.mx\/?p=125628"},"modified":"2021-10-22T09:37:49","modified_gmt":"2021-10-22T16:37:49","slug":"la-unam-requiere-una-sacudida-dice-lopez-obrador-las-universidades-fueron-sometidas-por-el-pensamiento-neoliberal","status":"publish","type":"post","link":"https:\/\/www.sonoraenequipo.com.mx\/la-unam-requiere-una-sacudida-dice-lopez-obrador-las-universidades-fueron-sometidas-por-el-pensamiento-neoliberal\/","title":{"rendered":"La UNAM requiere una sacudida dice L\u00f3pez Obrador. Las universidades fueron sometidas por el pensamiento neoliberal"},"content":{"rendered":"<p>CIUDAD DE M\u00c9XICO. MX. \u2014 El presidente, Andr\u00e9s Manuel L\u00f3pez Obrador (AMLO), volvi\u00f3 a criticar a la Universidad Nacional Aut\u00f3noma de M\u00e9xico (UNAM) en su conferencia ma\u00f1anera y afirm\u00f3 que es lamentable que se haya <em>\u201cderechizado\u201d.<\/em><\/p>\n<p>&nbsp;<\/p>\n<p> <\/p>\n<p><em>\u201cNo s\u00f3lo la UNAM, todas las universidades fueron sometidas por el pensamiento neoliberal. Es lamentable que la UNAM se haya derechizado como sucedi\u00f3 en los \u00faltimos tiempos, ejemplos hay muchos\u201d<\/em>, manifest\u00f3 AMLO desde Palacio Nacional.<\/p>\n<p>&nbsp;<\/p>\n<p>L\u00f3pez Obrador puso como ejemplo al exrector Jos\u00e9 Narro Robles, quien al terminar su periodo como director en la m\u00e1xima casa de estudios, se convirti\u00f3 en secretario de Salud de M\u00e9xico durante el sexenio del expresidente Enrique Pe\u00f1a Nieto y en el 2019 fue candidato a la dirigencia del Partido Revolucionario Institucional (PRI).<\/p>\n<p>&nbsp;<\/p>\n<p><em>\u201cPor ejemplo, un Rector que todav\u00eda tiene mucha influencia, Narro, se va de secretario de Salud y en ese tiempo habla de los ninis, de los j\u00f3venes que ni estudian ni trabajan, algo ofensivo, pero no s\u00f3lo eso siendo secretario de Salud acepta ser delegado del PRI en Ecatepec, estamos hablando del exrector\u201d,<\/em> refiri\u00f3.<\/p>\n<p>&nbsp;<\/p>\n<p>El presidente de M\u00e9xico cuestion\u00f3 d\u00f3nde est\u00e1n los economistas de la UNAM que defienden un modelo alternativo al neoliberal.<\/p>\n<h3>\u201cLos silenciaron, y as\u00ed en general\u201d, dijo.<\/h3>\n<p>Asegur\u00f3 que la UNAM requiere una sacudida, pese a que es una gran universidad, sin embargo, dijo que no estuvieron a la altura de las circunstancias durante lo que \u00e9l denomina el periodo neoliberal.<\/p>\n<p>&nbsp;<\/p>\n<p><em>\u201cLa cr\u00edtica al neoliberalismo no surgi\u00f3 de la UNAM, de todas las atrocidades que se cometieron, del saqueo al pa\u00eds, el saqueo m\u00e1s grande en la historia de M\u00e9xico y que la universidad no haya tenido un papel determinante, al contrario much\u00edsimos intelectuales, acad\u00e9micos de la UNAM, se dedicaron a legitimar la privatizaci\u00f3n. Salinas los coopt\u00f3 a casi todos\u201d<\/em>, se\u00f1al\u00f3.<\/p>\n<p>&nbsp;<\/p>\n<p>Record\u00f3 que el \u00faltimo movimiento de los j\u00f3venes se dio en el a\u00f1o 2012 con el #YoSoy132, el cual surgi\u00f3 en la Universidad Iberoamericana, y se cuestion\u00f3 d\u00f3nde estaba la UNAM.<\/p>\n<p>&nbsp;<\/p>\n<p><em>\u201cEl movimiento de los j\u00f3venes de 2012, el 132, \u00bfD\u00f3nde surge?, en la Ibero, \u00bfY d\u00f3nde estaba la UNAM?, \u00bfQui\u00e9n era el rector, entonces?, entonces que no se enojen, que bueno que hay pol\u00e9mica sobre esto\u201d.<\/em><\/p>\n<p>&nbsp;<\/p>\n<p>L\u00f3pez Obrador coment\u00f3 que al le gustar\u00eda que hubiera m\u00e1s profesionales egresados de la UNAM trabajando en el gobierno, sin embargo, asegur\u00f3 que no hay porque est\u00e1n en los despachos por que perdieron la emoci\u00f3n social.<\/p>\n<p>&nbsp;<\/p>\n<p>Reiter\u00f3 esto luego de que el jueves criticara a la universidad m\u00e1s grande de Am\u00e9rica Latina porque \u201cperdi\u00f3 su esencia\u201d en gobiernos anteriores, se volvi\u00f3 defensora del neoliberalismo y foment\u00f3 el pensamiento \u201cindividualista\u201d.<\/p>\n<p>&nbsp;<\/p>\n<p>La UNAM tiene matriculados a unos 367.000 alumnos y es considerada una de las 100 m\u00e1s importantes del mundo.<\/p>\n<p>&nbsp;<\/p>\n<p>L\u00f3pez Obrador es egresado de la instituci\u00f3n donde curs\u00f3 la licenciatura en Ciencias Pol\u00edticas y Administraci\u00f3n P\u00fablica.<\/p>\n<p><iframe loading=\"lazy\" title=\"Vacunas contra COVID-19 aplicadas en M\u00e9xico son seguras y eficaces. Conferencia presidente AMLO\" width=\"640\" height=\"360\" src=\"https:\/\/www.youtube.com\/embed\/WYP0anY8gBQ?feature=oembed\" frameborder=\"0\" allow=\"accelerometer; autoplay; clipboard-write; encrypted-media; gyroscope; picture-in-picture; web-share\" referrerpolicy=\"strict-origin-when-cross-origin\" allowfullscreen><\/iframe><\/p>\n<p>&nbsp;<\/p>\n<p>(Publicada el 22\/10\/2021\/Informaci\u00f3n de EFE)<\/p>\n","protected":false},"excerpt":{"rendered":"<p>CIUDAD DE M\u00c9XICO. MX. \u2014 El presidente, Andr\u00e9s Manuel L\u00f3pez Obrador (AMLO), volvi\u00f3 a criticar&#8230;<\/p>\n","protected":false},"author":1,"featured_media":125629,"comment_status":"open","ping_status":"open","sticky":false,"template":"","format":"standard","meta":{"_monsterinsights_skip_tracking":false,"_monsterinsights_sitenote_active":false,"_monsterinsights_sitenote_note":"","_monsterinsights_sitenote_category":0,"footnotes":""},"categories":[5],"tags":[],"class_list":["post"],"yoast_head":" \n<title>Sonora en Equipo. La UNAM requiere una sacudida dice L\u00f3pez Obrador. Las universidades fueron sometidas por el pensamiento neoliberal Rep\u00fablica<\/title>\n<meta name=\"description\" content=\"CIUDAD DE M\u00c9XICO. MX. \u2014 El presidente, Andr\u00e9s Manuel L\u00f3pez Obrador (AMLO), volvi\u00f3 a criticar a la Universidad Nacional Aut\u00f3noma de M\u00e9xico (UNAM) en su En Sonora en Equipo publicamos toda la informaci\u00f3n de Sonora, M\u00e9xico y el Mundo de manera oportuna y busca que la libertad de expresi\u00f3n sea real. Visita nuestro medio informativo publicado desde Hermosillo, Sonora. %\" \/>\n<meta name=\"robots\" content=\"index, follow, max-snippet:-1, max-image-preview:large, max-video-preview:-1\" \/>\n<link rel=\"canonical\" href=\"https:\/\/www.sonoraenequipo.com.mx\/la-unam-requiere-una-sacudida-dice-lopez-obrador-las-universidades-fueron-sometidas-por-el-pensamiento-neoliberal\/\" \/>\n<meta property=\"og:locale\" content=\"es_ES\" \/>\n<meta property=\"og:type\" content=\"article\" \/>\n<meta property=\"og:title\" content=\"Sonora en Equipo. La UNAM requiere una sacudida dice L\u00f3pez Obrador. Las universidades fueron sometidas por el pensamiento neoliberal Rep\u00fablica\" \/>\n<meta property=\"og:description\" content=\"CIUDAD DE M\u00c9XICO. MX. \u2014 El presidente, Andr\u00e9s Manuel L\u00f3pez Obrador (AMLO), volvi\u00f3 a criticar a la Universidad Nacional Aut\u00f3noma de M\u00e9xico (UNAM) en su En Sonora en Equipo publicamos toda la informaci\u00f3n de Sonora, M\u00e9xico y el Mundo de manera oportuna y busca que la libertad de expresi\u00f3n sea real. Visita nuestro medio informativo publicado desde Hermosillo, Sonora. %\" \/>\n<meta property=\"og:url\" content=\"https:\/\/www.sonoraenequipo.com.mx\/la-unam-requiere-una-sacudida-dice-lopez-obrador-las-universidades-fueron-sometidas-por-el-pensamiento-neoliberal\/\" \/>\n<meta property=\"og:site_name\" content=\"Sonora en Equipo.\" \/>\n<meta property=\"article:publisher\" content=\"https:\/\/www.facebook.com\/SonoraEE\/\" \/>\n<meta property=\"article:author\" content=\"https:\/\/www.facebook.com\/SonoraEE\" \/>\n<meta property=\"article:published_time\" content=\"2021-10-22T15:50:42+00:00\" \/>\n<meta property=\"article:modified_time\" content=\"2021-10-22T16:37:49+00:00\" \/>\n<meta property=\"og:image\" content=\"https:\/\/www.sonoraenequipo.com.mx\/storage\/2021\/10\/UNAM-entre-las-100-mejores-del-mundo_opt.jpg\" \/>\n\t<meta property=\"og:image:width\" content=\"700\" \/>\n\t<meta property=\"og:image:height\" content=\"400\" \/>\n\t<meta property=\"og:image:type\" content=\"image\/jpeg\" \/>\n<meta name=\"author\" content=\"enequipo\" \/>\n<meta name=\"twitter:card\" content=\"summary_large_image\" \/>\n<meta name=\"twitter:creator\" content=\"@sonoraenequipo\" \/>\n<meta name=\"twitter:site\" content=\"@sonoraenequipo\" \/>\n<meta name=\"twitter:label1\" content=\"Escrito por\" \/>\n\t<meta name=\"twitter:data1\" content=\"enequipo\" \/>\n\t<meta name=\"twitter:label2\" content=\"Tiempo de lectura\" \/>\n\t<meta name=\"twitter:data2\" content=\"3 minutos\" \/>\n<script type=\"application\/ld+json\" class=\"yoast-schema-graph\">{\"@context\":\"https:\/\/schema.org\",\"@graph\":[{\"@type\":\"Article\",\"@id\":\"https:\/\/www.sonoraenequipo.com.mx\/la-unam-requiere-una-sacudida-dice-lopez-obrador-las-universidades-fueron-sometidas-por-el-pensamiento-neoliberal\/#article\",\"isPartOf\":{\"@id\":\"https:\/\/www.sonoraenequipo.com.mx\/la-unam-requiere-una-sacudida-dice-lopez-obrador-las-universidades-fueron-sometidas-por-el-pensamiento-neoliberal\/\"},\"author\":{\"name\":\"enequipo\",\"@id\":\"https:\/\/www.sonoraenequipo.com.mx\/#\/schema\/person\/50102df0fb23a8fa9e8effad8fa81386\"},\"headline\":\"La UNAM requiere una sacudida dice L\u00f3pez Obrador. Las universidades fueron sometidas por el pensamiento neoliberal\",\"datePublished\":\"2021-10-22T15:50:42+00:00\",\"dateModified\":\"2021-10-22T16:37:49+00:00\",\"mainEntityOfPage\":{\"@id\":\"https:\/\/www.sonoraenequipo.com.mx\/la-unam-requiere-una-sacudida-dice-lopez-obrador-las-universidades-fueron-sometidas-por-el-pensamiento-neoliberal\/\"},\"wordCount\":553,\"commentCount\":0,\"publisher\":{\"@id\":\"https:\/\/www.sonoraenequipo.com.mx\/#organization\"},\"image\":{\"@id\":\"https:\/\/www.sonoraenequipo.com.mx\/la-unam-requiere-una-sacudida-dice-lopez-obrador-las-universidades-fueron-sometidas-por-el-pensamiento-neoliberal\/#primaryimage\"},\"thumbnailUrl\":\"https:\/\/www.sonoraenequipo.com.mx\/storage\/2021\/10\/UNAM-entre-las-100-mejores-del-mundo_opt.jpg\",\"articleSection\":[\"Rep\u00fablica\"],\"inLanguage\":\"es\",\"potentialAction\":[{\"@type\":\"CommentAction\",\"name\":\"Comment\",\"target\":[\"https:\/\/www.sonoraenequipo.com.mx\/la-unam-requiere-una-sacudida-dice-lopez-obrador-las-universidades-fueron-sometidas-por-el-pensamiento-neoliberal\/#respond\"]}]},{\"@type\":\"WebPage\",\"@id\":\"https:\/\/www.sonoraenequipo.com.mx\/la-unam-requiere-una-sacudida-dice-lopez-obrador-las-universidades-fueron-sometidas-por-el-pensamiento-neoliberal\/\",\"url\":\"https:\/\/www.sonoraenequipo.com.mx\/la-unam-requiere-una-sacudida-dice-lopez-obrador-las-universidades-fueron-sometidas-por-el-pensamiento-neoliberal\/\",\"name\":\"Sonora en Equipo. La UNAM requiere una sacudida dice L\u00f3pez Obrador. Las universidades fueron sometidas por el pensamiento neoliberal Rep\u00fablica\",\"isPartOf\":{\"@id\":\"https:\/\/www.sonoraenequipo.com.mx\/#website\"},\"primaryImageOfPage\":{\"@id\":\"https:\/\/www.sonoraenequipo.com.mx\/la-unam-requiere-una-sacudida-dice-lopez-obrador-las-universidades-fueron-sometidas-por-el-pensamiento-neoliberal\/#primaryimage\"},\"image\":{\"@id\":\"https:\/\/www.sonoraenequipo.com.mx\/la-unam-requiere-una-sacudida-dice-lopez-obrador-las-universidades-fueron-sometidas-por-el-pensamiento-neoliberal\/#primaryimage\"},\"thumbnailUrl\":\"https:\/\/www.sonoraenequipo.com.mx\/storage\/2021\/10\/UNAM-entre-las-100-mejores-del-mundo_opt.jpg\",\"datePublished\":\"2021-10-22T15:50:42+00:00\",\"dateModified\":\"2021-10-22T16:37:49+00:00\",\"description\":\"CIUDAD DE M\u00c9XICO. MX. \u2014 El presidente, Andr\u00e9s Manuel L\u00f3pez Obrador (AMLO), volvi\u00f3 a criticar a la Universidad Nacional Aut\u00f3noma de M\u00e9xico (UNAM) en su En Sonora en Equipo publicamos toda la informaci\u00f3n de Sonora, M\u00e9xico y el Mundo de manera oportuna y busca que la libertad de expresi\u00f3n sea real. Visita nuestro medio informativo publicado desde Hermosillo, Sonora. %\",\"breadcrumb\":{\"@id\":\"https:\/\/www.sonoraenequipo.com.mx\/la-unam-requiere-una-sacudida-dice-lopez-obrador-las-universidades-fueron-sometidas-por-el-pensamiento-neoliberal\/#breadcrumb\"},\"inLanguage\":\"es\",\"potentialAction\":[{\"@type\":\"ReadAction\",\"target\":[\"https:\/\/www.sonoraenequipo.com.mx\/la-unam-requiere-una-sacudida-dice-lopez-obrador-las-universidades-fueron-sometidas-por-el-pensamiento-neoliberal\/\"]}]},{\"@type\":\"ImageObject\",\"inLanguage\":\"es\",\"@id\":\"https:\/\/www.sonoraenequipo.com.mx\/la-unam-requiere-una-sacudida-dice-lopez-obrador-las-universidades-fueron-sometidas-por-el-pensamiento-neoliberal\/#primaryimage\",\"url\":\"https:\/\/www.sonoraenequipo.com.mx\/storage\/2021\/10\/UNAM-entre-las-100-mejores-del-mundo_opt.jpg\",\"contentUrl\":\"https:\/\/www.sonoraenequipo.com.mx\/storage\/2021\/10\/UNAM-entre-las-100-mejores-del-mundo_opt.jpg\",\"width\":700,\"height\":400},{\"@type\":\"BreadcrumbList\",\"@id\":\"https:\/\/www.sonoraenequipo.com.mx\/la-unam-requiere-una-sacudida-dice-lopez-obrador-las-universidades-fueron-sometidas-por-el-pensamiento-neoliberal\/#breadcrumb\",\"itemListElement\":[{\"@type\":\"ListItem\",\"position\":1,\"name\":\"Portada\",\"item\":\"https:\/\/www.sonoraenequipo.com.mx\/\"},{\"@type\":\"ListItem\",\"position\":2,\"name\":\"La UNAM requiere una sacudida dice L\u00f3pez Obrador. Las universidades fueron sometidas por el pensamiento neoliberal\"}]},{\"@type\":\"WebSite\",\"@id\":\"https:\/\/www.sonoraenequipo.com.mx\/#website\",\"url\":\"https:\/\/www.sonoraenequipo.com.mx\/\",\"name\":\"Sonora en Equipo.\",\"description\":\"Diario en l\u00ednea con Noticias desde Hermosillo, Sonora\",\"publisher\":{\"@id\":\"https:\/\/www.sonoraenequipo.com.mx\/#organization\"},\"potentialAction\":[{\"@type\":\"SearchAction\",\"target\":{\"@type\":\"EntryPoint\",\"urlTemplate\":\"https:\/\/www.sonoraenequipo.com.mx\/?s={search_term_string}\"},\"query-input\":{\"@type\":\"PropertyValueSpecification\",\"valueRequired\":true,\"valueName\":\"search_term_string\"}}],\"inLanguage\":\"es\"},{\"@type\":\"Organization\",\"@id\":\"https:\/\/www.sonoraenequipo.com.mx\/#organization\",\"name\":\"Sonoraenequipo.com.mx\",\"url\":\"https:\/\/www.sonoraenequipo.com.mx\/\",\"logo\":{\"@type\":\"ImageObject\",\"inLanguage\":\"es\",\"@id\":\"https:\/\/www.sonoraenequipo.com.mx\/#\/schema\/logo\/image\/\",\"url\":\"https:\/\/www.sonoraenequipo.com.mx\/storage\/2019\/01\/sonoraenequipo_opt.png\",\"contentUrl\":\"https:\/\/www.sonoraenequipo.com.mx\/storage\/2019\/01\/sonoraenequipo_opt.png\",\"width\":375,\"height\":125,\"caption\":\"Sonoraenequipo.com.mx\"},\"image\":{\"@id\":\"https:\/\/www.sonoraenequipo.com.mx\/#\/schema\/logo\/image\/\"},\"sameAs\":[\"https:\/\/www.facebook.com\/SonoraEE\/\",\"https:\/\/x.com\/sonoraenequipo\",\"https:\/\/www.youtube.com\/channel\/UC338nW-lPEYmJQs4ZABQ1SQ\"]},{\"@type\":\"Person\",\"@id\":\"https:\/\/www.sonoraenequipo.com.mx\/#\/schema\/person\/50102df0fb23a8fa9e8effad8fa81386\",\"name\":\"enequipo\",\"image\":{\"@type\":\"ImageObject\",\"inLanguage\":\"es\",\"@id\":\"https:\/\/www.sonoraenequipo.com.mx\/#\/schema\/person\/image\/\",\"url\":\"https:\/\/secure.gravatar.com\/avatar\/049821681b589dabc0bc20695993ccebb09f5b5d4d790cd9251b97faac7c652b?s=96&d=blank&r=g\",\"contentUrl\":\"https:\/\/secure.gravatar.com\/avatar\/049821681b589dabc0bc20695993ccebb09f5b5d4d790cd9251b97faac7c652b?s=96&d=blank&r=g\",\"caption\":\"enequipo\"},\"sameAs\":[\"https:\/\/www.facebook.com\/SonoraEE\"]}]}<\/script>\n ","yoast_head_json":{"title":"Sonora en Equipo. La UNAM requiere una sacudida dice L\u00f3pez Obrador. Las universidades fueron sometidas por el pensamiento neoliberal Rep\u00fablica","description":"CIUDAD DE M\u00c9XICO. MX. \u2014 El presidente, Andr\u00e9s Manuel L\u00f3pez Obrador (AMLO), volvi\u00f3 a criticar a la Universidad Nacional Aut\u00f3noma de M\u00e9xico (UNAM) en su En Sonora en Equipo publicamos toda la informaci\u00f3n de Sonora, M\u00e9xico y el Mundo de manera oportuna y busca que la libertad de expresi\u00f3n sea real. Visita nuestro medio informativo publicado desde Hermosillo, Sonora. %","robots":{"index":"index","follow":"follow","max-snippet":"max-snippet:-1","max-image-preview":"max-image-preview:large","max-video-preview":"max-video-preview:-1"},"canonical":"https:\/\/www.sonoraenequipo.com.mx\/la-unam-requiere-una-sacudida-dice-lopez-obrador-las-universidades-fueron-sometidas-por-el-pensamiento-neoliberal\/","og_locale":"es_ES","og_type":"article","og_title":"Sonora en Equipo. La UNAM requiere una sacudida dice L\u00f3pez Obrador. Las universidades fueron sometidas por el pensamiento neoliberal Rep\u00fablica","og_description":"CIUDAD DE M\u00c9XICO. MX. \u2014 El presidente, Andr\u00e9s Manuel L\u00f3pez Obrador (AMLO), volvi\u00f3 a criticar a la Universidad Nacional Aut\u00f3noma de M\u00e9xico (UNAM) en su En Sonora en Equipo publicamos toda la informaci\u00f3n de Sonora, M\u00e9xico y el Mundo de manera oportuna y busca que la libertad de expresi\u00f3n sea real. Visita nuestro medio informativo publicado desde Hermosillo, Sonora. %","og_url":"https:\/\/www.sonoraenequipo.com.mx\/la-unam-requiere-una-sacudida-dice-lopez-obrador-las-universidades-fueron-sometidas-por-el-pensamiento-neoliberal\/","og_site_name":"Sonora en Equipo.","article_publisher":"https:\/\/www.facebook.com\/SonoraEE\/","article_author":"https:\/\/www.facebook.com\/SonoraEE","article_published_time":"2021-10-22T15:50:42+00:00","article_modified_time":"2021-10-22T16:37:49+00:00","og_image":[{"width":700,"height":400,"url":"https:\/\/www.sonoraenequipo.com.mx\/storage\/2021\/10\/UNAM-entre-las-100-mejores-del-mundo_opt.jpg","type":"image\/jpeg"}],"author":"enequipo","twitter_card":"summary_large_image","twitter_creator":"@sonoraenequipo","twitter_site":"@sonoraenequipo","twitter_misc":{"Escrito por":"enequipo","Tiempo de lectura":"3 minutos"},"schema":{"@context":"https:\/\/schema.org","@graph":[{"@type":"Article","@id":"https:\/\/www.sonoraenequipo.com.mx\/la-unam-requiere-una-sacudida-dice-lopez-obrador-las-universidades-fueron-sometidas-por-el-pensamiento-neoliberal\/#article","isPartOf":{"@id":"https:\/\/www.sonoraenequipo.com.mx\/la-unam-requiere-una-sacudida-dice-lopez-obrador-las-universidades-fueron-sometidas-por-el-pensamiento-neoliberal\/"},"author":{"name":"enequipo","@id":"https:\/\/www.sonoraenequipo.com.mx\/#\/schema\/person\/50102df0fb23a8fa9e8effad8fa81386"},"headline":"La UNAM requiere una sacudida dice L\u00f3pez Obrador. Las universidades fueron sometidas por el pensamiento neoliberal","datePublished":"2021-10-22T15:50:42+00:00","dateModified":"2021-10-22T16:37:49+00:00","mainEntityOfPage":{"@id":"https:\/\/www.sonoraenequipo.com.mx\/la-unam-requiere-una-sacudida-dice-lopez-obrador-las-universidades-fueron-sometidas-por-el-pensamiento-neoliberal\/"},"wordCount":553,"commentCount":0,"publisher":{"@id":"https:\/\/www.sonoraenequipo.com.mx\/#organization"},"image":{"@id":"https:\/\/www.sonoraenequipo.com.mx\/la-unam-requiere-una-sacudida-dice-lopez-obrador-las-universidades-fueron-sometidas-por-el-pensamiento-neoliberal\/#primaryimage"},"thumbnailUrl":"https:\/\/www.sonoraenequipo.com.mx\/storage\/2021\/10\/UNAM-entre-las-100-mejores-del-mundo_opt.jpg","articleSection":["Rep\u00fablica"],"inLanguage":"es","potentialAction":[{"@type":"CommentAction","name":"Comment","target":["https:\/\/www.sonoraenequipo.com.mx\/la-unam-requiere-una-sacudida-dice-lopez-obrador-las-universidades-fueron-sometidas-por-el-pensamiento-neoliberal\/#respond"]}]},{"@type":"WebPage","@id":"https:\/\/www.sonoraenequipo.com.mx\/la-unam-requiere-una-sacudida-dice-lopez-obrador-las-universidades-fueron-sometidas-por-el-pensamiento-neoliberal\/","url":"https:\/\/www.sonoraenequipo.com.mx\/la-unam-requiere-una-sacudida-dice-lopez-obrador-las-universidades-fueron-sometidas-por-el-pensamiento-neoliberal\/","name":"Sonora en Equipo. La UNAM requiere una sacudida dice L\u00f3pez Obrador. Las universidades fueron sometidas por el pensamiento neoliberal Rep\u00fablica","isPartOf":{"@id":"https:\/\/www.sonoraenequipo.com.mx\/#website"},"primaryImageOfPage":{"@id":"https:\/\/www.sonoraenequipo.com.mx\/la-unam-requiere-una-sacudida-dice-lopez-obrador-las-universidades-fueron-sometidas-por-el-pensamiento-neoliberal\/#primaryimage"},"image":{"@id":"https:\/\/www.sonoraenequipo.com.mx\/la-unam-requiere-una-sacudida-dice-lopez-obrador-las-universidades-fueron-sometidas-por-el-pensamiento-neoliberal\/#primaryimage"},"thumbnailUrl":"https:\/\/www.sonoraenequipo.com.mx\/storage\/2021\/10\/UNAM-entre-las-100-mejores-del-mundo_opt.jpg","datePublished":"2021-10-22T15:50:42+00:00","dateModified":"2021-10-22T16:37:49+00:00","description":"CIUDAD DE M\u00c9XICO. MX. \u2014 El presidente, Andr\u00e9s Manuel L\u00f3pez Obrador (AMLO), volvi\u00f3 a criticar a la Universidad Nacional Aut\u00f3noma de M\u00e9xico (UNAM) en su En Sonora en Equipo publicamos toda la informaci\u00f3n de Sonora, M\u00e9xico y el Mundo de manera oportuna y busca que la libertad de expresi\u00f3n sea real. Visita nuestro medio informativo publicado desde Hermosillo, Sonora. %","breadcrumb":{"@id":"https:\/\/www.sonoraenequipo.com.mx\/la-unam-requiere-una-sacudida-dice-lopez-obrador-las-universidades-fueron-sometidas-por-el-pensamiento-neoliberal\/#breadcrumb"},"inLanguage":"es","potentialAction":[{"@type":"ReadAction","target":["https:\/\/www.sonoraenequipo.com.mx\/la-unam-requiere-una-sacudida-dice-lopez-obrador-las-universidades-fueron-sometidas-por-el-pensamiento-neoliberal\/"]}]},{"@type":"ImageObject","inLanguage":"es","@id":"https:\/\/www.sonoraenequipo.com.mx\/la-unam-requiere-una-sacudida-dice-lopez-obrador-las-universidades-fueron-sometidas-por-el-pensamiento-neoliberal\/#primaryimage","url":"https:\/\/www.sonoraenequipo.com.mx\/storage\/2021\/10\/UNAM-entre-las-100-mejores-del-mundo_opt.jpg","contentUrl":"https:\/\/www.sonoraenequipo.com.mx\/storage\/2021\/10\/UNAM-entre-las-100-mejores-del-mundo_opt.jpg","width":700,"height":400},{"@type":"BreadcrumbList","@id":"https:\/\/www.sonoraenequipo.com.mx\/la-unam-requiere-una-sacudida-dice-lopez-obrador-las-universidades-fueron-sometidas-por-el-pensamiento-neoliberal\/#breadcrumb","itemListElement":[{"@type":"ListItem","position":1,"name":"Portada","item":"https:\/\/www.sonoraenequipo.com.mx\/"},{"@type":"ListItem","position":2,"name":"La UNAM requiere una sacudida dice L\u00f3pez Obrador. Las universidades fueron sometidas por el pensamiento neoliberal"}]},{"@type":"WebSite","@id":"https:\/\/www.sonoraenequipo.com.mx\/#website","url":"https:\/\/www.sonoraenequipo.com.mx\/","name":"Sonora en Equipo.","description":"Diario en l\u00ednea con Noticias desde Hermosillo, Sonora","publisher":{"@id":"https:\/\/www.sonoraenequipo.com.mx\/#organization"},"potentialAction":[{"@type":"SearchAction","target":{"@type":"EntryPoint","urlTemplate":"https:\/\/www.sonoraenequipo.com.mx\/?s={search_term_string}"},"query-input":{"@type":"PropertyValueSpecification","valueRequired":true,"valueName":"search_term_string"}}],"inLanguage":"es"},{"@type":"Organization","@id":"https:\/\/www.sonoraenequipo.com.mx\/#organization","name":"Sonoraenequipo.com.mx","url":"https:\/\/www.sonoraenequipo.com.mx\/","logo":{"@type":"ImageObject","inLanguage":"es","@id":"https:\/\/www.sonoraenequipo.com.mx\/#\/schema\/logo\/image\/","url":"https:\/\/www.sonoraenequipo.com.mx\/storage\/2019\/01\/sonoraenequipo_opt.png","contentUrl":"https:\/\/www.sonoraenequipo.com.mx\/storage\/2019\/01\/sonoraenequipo_opt.png","width":375,"height":125,"caption":"Sonoraenequipo.com.mx"},"image":{"@id":"https:\/\/www.sonoraenequipo.com.mx\/#\/schema\/logo\/image\/"},"sameAs":["https:\/\/www.facebook.com\/SonoraEE\/","https:\/\/x.com\/sonoraenequipo","https:\/\/www.youtube.com\/channel\/UC338nW-lPEYmJQs4ZABQ1SQ"]},{"@type":"Person","@id":"https:\/\/www.sonoraenequipo.com.mx\/#\/schema\/person\/50102df0fb23a8fa9e8effad8fa81386","name":"enequipo","image":{"@type":"ImageObject","inLanguage":"es","@id":"https:\/\/www.sonoraenequipo.com.mx\/#\/schema\/person\/image\/","url":"https:\/\/secure.gravatar.com\/avatar\/049821681b589dabc0bc20695993ccebb09f5b5d4d790cd9251b97faac7c652b?s=96&d=blank&r=g","contentUrl":"https:\/\/secure.gravatar.com\/avatar\/049821681b589dabc0bc20695993ccebb09f5b5d4d790cd9251b97faac7c652b?s=96&d=blank&r=g","caption":"enequipo"},"sameAs":["https:\/\/www.facebook.com\/SonoraEE"]}]}},"jetpack_featured_media_url":"https:\/\/www.sonoraenequipo.com.mx\/storage\/2021\/10\/UNAM-entre-las-100-mejores-del-mundo_opt.jpg","_links":{"self":[{"href":"https:\/\/www.sonoraenequipo.com.mx\/api\/wp\/v2\/posts\/125628","targetHints":{"allow":["GET"]}}],"collection":[{"href":"https:\/\/www.sonoraenequipo.com.mx\/api\/wp\/v2\/posts"}],"about":[{"href":"https:\/\/www.sonoraenequipo.com.mx\/api\/wp\/v2\/types\/post"}],"author":[{"embeddable":true,"href":"https:\/\/www.sonoraenequipo.com.mx\/api\/wp\/v2\/users\/1"}],"replies":[{"embeddable":true,"href":"https:\/\/www.sonoraenequipo.com.mx\/api\/wp\/v2\/comments?post=125628"}],"version-history":[{"count":3,"href":"https:\/\/www.sonoraenequipo.com.mx\/api\/wp\/v2\/posts\/125628\/revisions"}],"predecessor-version":[{"id":125634,"href":"https:\/\/www.sonoraenequipo.com.mx\/api\/wp\/v2\/posts\/125628\/revisions\/125634"}],"wp:featuredmedia":[{"embeddable":true,"href":"https:\/\/www.sonoraenequipo.com.mx\/api\/wp\/v2\/media\/125629"}],"wp:attachment":[{"href":"https:\/\/www.sonoraenequipo.com.mx\/api\/wp\/v2\/media?parent=125628"}],"wp:term":[{"taxonomy":"category","embeddable":true,"href":"https:\/\/www.sonoraenequipo.com.mx\/api\/wp\/v2\/categories?post=125628"},{"taxonomy":"post_tag","embeddable":true,"href":"https:\/\/www.sonoraenequipo.com.mx\/api\/wp\/v2\/tags?post=125628"}],"curies":[{"name":"wp","href":"https:\/\/api.w.org\/{rel}","templated":true}]}}