{"id":125638,"date":"2021-10-22T09:20:45","date_gmt":"2021-10-22T16:20:45","guid":{"rendered":"https:\/\/www.sonoraenequipo.com.mx\/?p=125638"},"modified":"2021-10-22T10:11:38","modified_gmt":"2021-10-22T17:11:38","slug":"inflacion-en-mexico-sube-al-6-12-por-aumento-de-luz-y-gas-informa-inegi","status":"publish","type":"post","link":"https:\/\/www.sonoraenequipo.com.mx\/inflacion-en-mexico-sube-al-6-12-por-aumento-de-luz-y-gas-informa-inegi\/","title":{"rendered":"Inflaci\u00f3n en M\u00e9xico sube al 6.12% por aumento de luz y gas, informa INEGI"},"content":{"rendered":"<p>CIUDAD DE M\u00c9XICO. MX. \u2014 El Instituto Nacional de Estad\u00edstica y Geograf\u00eda (INEGI) inform\u00f3 hoy, 22 de octubre de 2021, que en la primera quincena de octubre, el \u00cdndice Nacional de Precios al Consumidor (INPC) aument\u00f3 0.54%. De esta forma, la inflaci\u00f3n anual se ubic\u00f3 en 6.12%. En este mismo periodo, se registr\u00f3 un alza de precio en electricidad, gas dom\u00e9stico y cebolla.<\/p>\n<p>&nbsp;<\/p>\n<p> <\/p>\n<p>La inflaci\u00f3n interanual de M\u00e9xico super\u00f3 las expectativas en la primera quincena de octubre y se ubic\u00f3 nuevamente muy por encima del objetivo oficial, alimentando expectativas de que el banco central subir\u00eda por cuarta ocasi\u00f3n consecutiva su tasa de inter\u00e9s referencial el pr\u00f3ximo mes.<\/p>\n<p>&nbsp;<\/p>\n<p>El \u00cdndice Nacional de Precios al Consumidor (INPC) avanz\u00f3 un 6.12% desde el 6.13% registrado en la segunda quincena de septiembre, inform\u00f3 el INEGI.<\/p>\n<p>&nbsp;<\/p>\n<p>El \u00cdndice Nacional de Precios al Consumidor #INPC present\u00f3 una inflaci\u00f3n quincenal de 0.54% en la 1\u00aa quincena de octubre; la inflaci\u00f3n anual se ubic\u00f3 en 6.12%. En igual periodo pero de 2020 no hubo variaci\u00f3n en la quincenal y 4.09% la anual.<\/p>\n<p>&nbsp;<\/p>\n<p>\u2014 INEGI INFORMA (@INEGI_INFORMA) October 22, 2021<\/p>\n<p><a class=\"twitter-timeline\" data-width=\"640\" data-height=\"960\" data-dnt=\"true\" href=\"https:\/\/twitter.com\/INEGI_INFORMA?ref_src=twsrc%5Etfw\">Tweets by INEGI_INFORMA<\/a><script async src=\"https:\/\/platform.twitter.com\/widgets.js\" charset=\"utf-8\"><\/script><\/p>\n<p>Analistas consultados en un sondeo de Reuters proyectaban que la inflaci\u00f3n quincenal interanual se acelerara a un 6.09%.<\/p>\n<p>&nbsp;<\/p>\n<p>En tanto, la inflaci\u00f3n subyacente interanual creci\u00f3 a una tasa del 5.12%, su mayor nivel desde junio de 2009 y superior al 4.98% esperado por el mercado.<\/p>\n<p>&nbsp;<\/p>\n<p>Banco de M\u00e9xico (Banxico) elev\u00f3 a finales de septiembre por tercera ocasi\u00f3n consecutiva la tasa de referencia en 25 puntos base, a un 4.75%. La entidad monetaria tambi\u00e9n actualiz\u00f3 expectativas para el \u00edndice de precios al consumidor y proyect\u00f3 que alcanzar\u00eda su objetivo en el tercer trimestre de 2023.<\/p>\n<p>&nbsp;<\/p>\n<p>El pr\u00f3ximo anuncio de pol\u00edtica monetaria, el pen\u00faltimo de un total de ocho en el a\u00f1o, est\u00e1 programado para el 11 de noviembre. Banxico tiene una meta permanente de inflaci\u00f3n de un 3% +\/- un punto porcentual.<\/p>\n<p>&nbsp;<\/p>\n<p>Solo en los primeros 15 d\u00edas de octubre, los precios al consumidor subieron un 0.54%, superando las expectativas de un 0.51%, mientras el \u00edndice subyacente se increment\u00f3 un 33%, dijo INEGI.<\/p>\n<p>&nbsp;<\/p>\n<p>El aumento de la inflaci\u00f3n fue impulsado por un incremento de las tarifas el\u00e9ctricas al haber terminado el subsidio gubernamental en algunas ciudades por la temporada de calor, y un mayor precio del gas dom\u00e9stico LP.<\/p>\n<p>&nbsp;<\/p>\n<p>&nbsp;<\/p>\n<p>(Publicada el 22\/10\/2021 \/Informaci\u00f3n REUTERS)<\/p>\n","protected":false},"excerpt":{"rendered":"<p>CIUDAD DE M\u00c9XICO. MX. \u2014 El Instituto Nacional de Estad\u00edstica y Geograf\u00eda (INEGI) inform\u00f3 hoy,&#8230;<\/p>\n","protected":false},"author":1,"featured_media":125630,"comment_status":"open","ping_status":"open","sticky":false,"template":"","format":"standard","meta":{"_monsterinsights_skip_tracking":false,"_monsterinsights_sitenote_active":false,"_monsterinsights_sitenote_note":"","_monsterinsights_sitenote_category":0,"footnotes":""},"categories":[5],"tags":[],"class_list":["post"],"yoast_head":" \n<title>Sonora en Equipo. Inflaci\u00f3n en M\u00e9xico sube al 6.12% por aumento de luz y gas, informa INEGI Rep\u00fablica<\/title>\n<meta name=\"description\" content=\"CIUDAD DE M\u00c9XICO. MX. \u2014 El Instituto Nacional de Estad\u00edstica y Geograf\u00eda (INEGI) inform\u00f3 hoy, 22 de octubre de 2021, que en la primera quincena de En Sonora en Equipo publicamos toda la informaci\u00f3n de Sonora, M\u00e9xico y el Mundo de manera oportuna y busca que la libertad de expresi\u00f3n sea real. Visita nuestro medio informativo publicado desde Hermosillo, Sonora. %\" \/>\n<meta name=\"robots\" content=\"index, follow, max-snippet:-1, max-image-preview:large, max-video-preview:-1\" \/>\n<link rel=\"canonical\" href=\"https:\/\/www.sonoraenequipo.com.mx\/inflacion-en-mexico-sube-al-6-12-por-aumento-de-luz-y-gas-informa-inegi\/\" \/>\n<meta property=\"og:locale\" content=\"es_ES\" \/>\n<meta property=\"og:type\" content=\"article\" \/>\n<meta property=\"og:title\" content=\"Sonora en Equipo. Inflaci\u00f3n en M\u00e9xico sube al 6.12% por aumento de luz y gas, informa INEGI Rep\u00fablica\" \/>\n<meta property=\"og:description\" content=\"CIUDAD DE M\u00c9XICO. MX. \u2014 El Instituto Nacional de Estad\u00edstica y Geograf\u00eda (INEGI) inform\u00f3 hoy, 22 de octubre de 2021, que en la primera quincena de En Sonora en Equipo publicamos toda la informaci\u00f3n de Sonora, M\u00e9xico y el Mundo de manera oportuna y busca que la libertad de expresi\u00f3n sea real. Visita nuestro medio informativo publicado desde Hermosillo, Sonora. %\" \/>\n<meta property=\"og:url\" content=\"https:\/\/www.sonoraenequipo.com.mx\/inflacion-en-mexico-sube-al-6-12-por-aumento-de-luz-y-gas-informa-inegi\/\" \/>\n<meta property=\"og:site_name\" content=\"Sonora en Equipo.\" \/>\n<meta property=\"article:publisher\" content=\"https:\/\/www.facebook.com\/SonoraEE\/\" \/>\n<meta property=\"article:author\" content=\"https:\/\/www.facebook.com\/SonoraEE\" \/>\n<meta property=\"article:published_time\" content=\"2021-10-22T16:20:45+00:00\" \/>\n<meta property=\"article:modified_time\" content=\"2021-10-22T17:11:38+00:00\" \/>\n<meta property=\"og:image\" content=\"https:\/\/www.sonoraenequipo.com.mx\/storage\/2021\/10\/aumento-en-las-tarifas-de-luz_opt.jpg\" \/>\n\t<meta property=\"og:image:width\" content=\"700\" \/>\n\t<meta property=\"og:image:height\" content=\"400\" \/>\n\t<meta property=\"og:image:type\" content=\"image\/jpeg\" \/>\n<meta name=\"author\" content=\"enequipo\" \/>\n<meta name=\"twitter:card\" content=\"summary_large_image\" \/>\n<meta name=\"twitter:creator\" content=\"@sonoraenequipo\" \/>\n<meta name=\"twitter:site\" content=\"@sonoraenequipo\" \/>\n<meta name=\"twitter:label1\" content=\"Escrito por\" \/>\n\t<meta name=\"twitter:data1\" content=\"enequipo\" \/>\n\t<meta name=\"twitter:label2\" content=\"Tiempo de lectura\" \/>\n\t<meta name=\"twitter:data2\" content=\"2 minutos\" \/>\n<script type=\"application\/ld+json\" class=\"yoast-schema-graph\">{\"@context\":\"https:\/\/schema.org\",\"@graph\":[{\"@type\":\"Article\",\"@id\":\"https:\/\/www.sonoraenequipo.com.mx\/inflacion-en-mexico-sube-al-6-12-por-aumento-de-luz-y-gas-informa-inegi\/#article\",\"isPartOf\":{\"@id\":\"https:\/\/www.sonoraenequipo.com.mx\/inflacion-en-mexico-sube-al-6-12-por-aumento-de-luz-y-gas-informa-inegi\/\"},\"author\":{\"name\":\"enequipo\",\"@id\":\"https:\/\/www.sonoraenequipo.com.mx\/#\/schema\/person\/50102df0fb23a8fa9e8effad8fa81386\"},\"headline\":\"Inflaci\u00f3n en M\u00e9xico sube al 6.12% por aumento de luz y gas, informa INEGI\",\"datePublished\":\"2021-10-22T16:20:45+00:00\",\"dateModified\":\"2021-10-22T17:11:38+00:00\",\"mainEntityOfPage\":{\"@id\":\"https:\/\/www.sonoraenequipo.com.mx\/inflacion-en-mexico-sube-al-6-12-por-aumento-de-luz-y-gas-informa-inegi\/\"},\"wordCount\":417,\"commentCount\":0,\"publisher\":{\"@id\":\"https:\/\/www.sonoraenequipo.com.mx\/#organization\"},\"image\":{\"@id\":\"https:\/\/www.sonoraenequipo.com.mx\/inflacion-en-mexico-sube-al-6-12-por-aumento-de-luz-y-gas-informa-inegi\/#primaryimage\"},\"thumbnailUrl\":\"https:\/\/www.sonoraenequipo.com.mx\/storage\/2021\/10\/aumento-en-las-tarifas-de-luz_opt.jpg\",\"articleSection\":[\"Rep\u00fablica\"],\"inLanguage\":\"es\",\"potentialAction\":[{\"@type\":\"CommentAction\",\"name\":\"Comment\",\"target\":[\"https:\/\/www.sonoraenequipo.com.mx\/inflacion-en-mexico-sube-al-6-12-por-aumento-de-luz-y-gas-informa-inegi\/#respond\"]}]},{\"@type\":\"WebPage\",\"@id\":\"https:\/\/www.sonoraenequipo.com.mx\/inflacion-en-mexico-sube-al-6-12-por-aumento-de-luz-y-gas-informa-inegi\/\",\"url\":\"https:\/\/www.sonoraenequipo.com.mx\/inflacion-en-mexico-sube-al-6-12-por-aumento-de-luz-y-gas-informa-inegi\/\",\"name\":\"Sonora en Equipo. Inflaci\u00f3n en M\u00e9xico sube al 6.12% por aumento de luz y gas, informa INEGI Rep\u00fablica\",\"isPartOf\":{\"@id\":\"https:\/\/www.sonoraenequipo.com.mx\/#website\"},\"primaryImageOfPage\":{\"@id\":\"https:\/\/www.sonoraenequipo.com.mx\/inflacion-en-mexico-sube-al-6-12-por-aumento-de-luz-y-gas-informa-inegi\/#primaryimage\"},\"image\":{\"@id\":\"https:\/\/www.sonoraenequipo.com.mx\/inflacion-en-mexico-sube-al-6-12-por-aumento-de-luz-y-gas-informa-inegi\/#primaryimage\"},\"thumbnailUrl\":\"https:\/\/www.sonoraenequipo.com.mx\/storage\/2021\/10\/aumento-en-las-tarifas-de-luz_opt.jpg\",\"datePublished\":\"2021-10-22T16:20:45+00:00\",\"dateModified\":\"2021-10-22T17:11:38+00:00\",\"description\":\"CIUDAD DE M\u00c9XICO. MX. \u2014 El Instituto Nacional de Estad\u00edstica y Geograf\u00eda (INEGI) inform\u00f3 hoy, 22 de octubre de 2021, que en la primera quincena de En Sonora en Equipo publicamos toda la informaci\u00f3n de Sonora, M\u00e9xico y el Mundo de manera oportuna y busca que la libertad de expresi\u00f3n sea real. Visita nuestro medio informativo publicado desde Hermosillo, Sonora. %\",\"breadcrumb\":{\"@id\":\"https:\/\/www.sonoraenequipo.com.mx\/inflacion-en-mexico-sube-al-6-12-por-aumento-de-luz-y-gas-informa-inegi\/#breadcrumb\"},\"inLanguage\":\"es\",\"potentialAction\":[{\"@type\":\"ReadAction\",\"target\":[\"https:\/\/www.sonoraenequipo.com.mx\/inflacion-en-mexico-sube-al-6-12-por-aumento-de-luz-y-gas-informa-inegi\/\"]}]},{\"@type\":\"ImageObject\",\"inLanguage\":\"es\",\"@id\":\"https:\/\/www.sonoraenequipo.com.mx\/inflacion-en-mexico-sube-al-6-12-por-aumento-de-luz-y-gas-informa-inegi\/#primaryimage\",\"url\":\"https:\/\/www.sonoraenequipo.com.mx\/storage\/2021\/10\/aumento-en-las-tarifas-de-luz_opt.jpg\",\"contentUrl\":\"https:\/\/www.sonoraenequipo.com.mx\/storage\/2021\/10\/aumento-en-las-tarifas-de-luz_opt.jpg\",\"width\":700,\"height\":400},{\"@type\":\"BreadcrumbList\",\"@id\":\"https:\/\/www.sonoraenequipo.com.mx\/inflacion-en-mexico-sube-al-6-12-por-aumento-de-luz-y-gas-informa-inegi\/#breadcrumb\",\"itemListElement\":[{\"@type\":\"ListItem\",\"position\":1,\"name\":\"Portada\",\"item\":\"https:\/\/www.sonoraenequipo.com.mx\/\"},{\"@type\":\"ListItem\",\"position\":2,\"name\":\"Inflaci\u00f3n en M\u00e9xico sube al 6.12% por aumento de luz y gas, informa INEGI\"}]},{\"@type\":\"WebSite\",\"@id\":\"https:\/\/www.sonoraenequipo.com.mx\/#website\",\"url\":\"https:\/\/www.sonoraenequipo.com.mx\/\",\"name\":\"Sonora en Equipo.\",\"description\":\"Diario en l\u00ednea con Noticias desde Hermosillo, Sonora\",\"publisher\":{\"@id\":\"https:\/\/www.sonoraenequipo.com.mx\/#organization\"},\"potentialAction\":[{\"@type\":\"SearchAction\",\"target\":{\"@type\":\"EntryPoint\",\"urlTemplate\":\"https:\/\/www.sonoraenequipo.com.mx\/?s={search_term_string}\"},\"query-input\":{\"@type\":\"PropertyValueSpecification\",\"valueRequired\":true,\"valueName\":\"search_term_string\"}}],\"inLanguage\":\"es\"},{\"@type\":\"Organization\",\"@id\":\"https:\/\/www.sonoraenequipo.com.mx\/#organization\",\"name\":\"Sonoraenequipo.com.mx\",\"url\":\"https:\/\/www.sonoraenequipo.com.mx\/\",\"logo\":{\"@type\":\"ImageObject\",\"inLanguage\":\"es\",\"@id\":\"https:\/\/www.sonoraenequipo.com.mx\/#\/schema\/logo\/image\/\",\"url\":\"https:\/\/www.sonoraenequipo.com.mx\/storage\/2019\/01\/sonoraenequipo_opt.png\",\"contentUrl\":\"https:\/\/www.sonoraenequipo.com.mx\/storage\/2019\/01\/sonoraenequipo_opt.png\",\"width\":375,\"height\":125,\"caption\":\"Sonoraenequipo.com.mx\"},\"image\":{\"@id\":\"https:\/\/www.sonoraenequipo.com.mx\/#\/schema\/logo\/image\/\"},\"sameAs\":[\"https:\/\/www.facebook.com\/SonoraEE\/\",\"https:\/\/x.com\/sonoraenequipo\",\"https:\/\/www.youtube.com\/channel\/UC338nW-lPEYmJQs4ZABQ1SQ\"]},{\"@type\":\"Person\",\"@id\":\"https:\/\/www.sonoraenequipo.com.mx\/#\/schema\/person\/50102df0fb23a8fa9e8effad8fa81386\",\"name\":\"enequipo\",\"image\":{\"@type\":\"ImageObject\",\"inLanguage\":\"es\",\"@id\":\"https:\/\/www.sonoraenequipo.com.mx\/#\/schema\/person\/image\/\",\"url\":\"https:\/\/secure.gravatar.com\/avatar\/049821681b589dabc0bc20695993ccebb09f5b5d4d790cd9251b97faac7c652b?s=96&d=blank&r=g\",\"contentUrl\":\"https:\/\/secure.gravatar.com\/avatar\/049821681b589dabc0bc20695993ccebb09f5b5d4d790cd9251b97faac7c652b?s=96&d=blank&r=g\",\"caption\":\"enequipo\"},\"sameAs\":[\"https:\/\/www.facebook.com\/SonoraEE\"]}]}<\/script>\n ","yoast_head_json":{"title":"Sonora en Equipo. Inflaci\u00f3n en M\u00e9xico sube al 6.12% por aumento de luz y gas, informa INEGI Rep\u00fablica","description":"CIUDAD DE M\u00c9XICO. MX. \u2014 El Instituto Nacional de Estad\u00edstica y Geograf\u00eda (INEGI) inform\u00f3 hoy, 22 de octubre de 2021, que en la primera quincena de En Sonora en Equipo publicamos toda la informaci\u00f3n de Sonora, M\u00e9xico y el Mundo de manera oportuna y busca que la libertad de expresi\u00f3n sea real. Visita nuestro medio informativo publicado desde Hermosillo, Sonora. %","robots":{"index":"index","follow":"follow","max-snippet":"max-snippet:-1","max-image-preview":"max-image-preview:large","max-video-preview":"max-video-preview:-1"},"canonical":"https:\/\/www.sonoraenequipo.com.mx\/inflacion-en-mexico-sube-al-6-12-por-aumento-de-luz-y-gas-informa-inegi\/","og_locale":"es_ES","og_type":"article","og_title":"Sonora en Equipo. Inflaci\u00f3n en M\u00e9xico sube al 6.12% por aumento de luz y gas, informa INEGI Rep\u00fablica","og_description":"CIUDAD DE M\u00c9XICO. MX. \u2014 El Instituto Nacional de Estad\u00edstica y Geograf\u00eda (INEGI) inform\u00f3 hoy, 22 de octubre de 2021, que en la primera quincena de En Sonora en Equipo publicamos toda la informaci\u00f3n de Sonora, M\u00e9xico y el Mundo de manera oportuna y busca que la libertad de expresi\u00f3n sea real. Visita nuestro medio informativo publicado desde Hermosillo, Sonora. %","og_url":"https:\/\/www.sonoraenequipo.com.mx\/inflacion-en-mexico-sube-al-6-12-por-aumento-de-luz-y-gas-informa-inegi\/","og_site_name":"Sonora en Equipo.","article_publisher":"https:\/\/www.facebook.com\/SonoraEE\/","article_author":"https:\/\/www.facebook.com\/SonoraEE","article_published_time":"2021-10-22T16:20:45+00:00","article_modified_time":"2021-10-22T17:11:38+00:00","og_image":[{"width":700,"height":400,"url":"https:\/\/www.sonoraenequipo.com.mx\/storage\/2021\/10\/aumento-en-las-tarifas-de-luz_opt.jpg","type":"image\/jpeg"}],"author":"enequipo","twitter_card":"summary_large_image","twitter_creator":"@sonoraenequipo","twitter_site":"@sonoraenequipo","twitter_misc":{"Escrito por":"enequipo","Tiempo de lectura":"2 minutos"},"schema":{"@context":"https:\/\/schema.org","@graph":[{"@type":"Article","@id":"https:\/\/www.sonoraenequipo.com.mx\/inflacion-en-mexico-sube-al-6-12-por-aumento-de-luz-y-gas-informa-inegi\/#article","isPartOf":{"@id":"https:\/\/www.sonoraenequipo.com.mx\/inflacion-en-mexico-sube-al-6-12-por-aumento-de-luz-y-gas-informa-inegi\/"},"author":{"name":"enequipo","@id":"https:\/\/www.sonoraenequipo.com.mx\/#\/schema\/person\/50102df0fb23a8fa9e8effad8fa81386"},"headline":"Inflaci\u00f3n en M\u00e9xico sube al 6.12% por aumento de luz y gas, informa INEGI","datePublished":"2021-10-22T16:20:45+00:00","dateModified":"2021-10-22T17:11:38+00:00","mainEntityOfPage":{"@id":"https:\/\/www.sonoraenequipo.com.mx\/inflacion-en-mexico-sube-al-6-12-por-aumento-de-luz-y-gas-informa-inegi\/"},"wordCount":417,"commentCount":0,"publisher":{"@id":"https:\/\/www.sonoraenequipo.com.mx\/#organization"},"image":{"@id":"https:\/\/www.sonoraenequipo.com.mx\/inflacion-en-mexico-sube-al-6-12-por-aumento-de-luz-y-gas-informa-inegi\/#primaryimage"},"thumbnailUrl":"https:\/\/www.sonoraenequipo.com.mx\/storage\/2021\/10\/aumento-en-las-tarifas-de-luz_opt.jpg","articleSection":["Rep\u00fablica"],"inLanguage":"es","potentialAction":[{"@type":"CommentAction","name":"Comment","target":["https:\/\/www.sonoraenequipo.com.mx\/inflacion-en-mexico-sube-al-6-12-por-aumento-de-luz-y-gas-informa-inegi\/#respond"]}]},{"@type":"WebPage","@id":"https:\/\/www.sonoraenequipo.com.mx\/inflacion-en-mexico-sube-al-6-12-por-aumento-de-luz-y-gas-informa-inegi\/","url":"https:\/\/www.sonoraenequipo.com.mx\/inflacion-en-mexico-sube-al-6-12-por-aumento-de-luz-y-gas-informa-inegi\/","name":"Sonora en Equipo. Inflaci\u00f3n en M\u00e9xico sube al 6.12% por aumento de luz y gas, informa INEGI Rep\u00fablica","isPartOf":{"@id":"https:\/\/www.sonoraenequipo.com.mx\/#website"},"primaryImageOfPage":{"@id":"https:\/\/www.sonoraenequipo.com.mx\/inflacion-en-mexico-sube-al-6-12-por-aumento-de-luz-y-gas-informa-inegi\/#primaryimage"},"image":{"@id":"https:\/\/www.sonoraenequipo.com.mx\/inflacion-en-mexico-sube-al-6-12-por-aumento-de-luz-y-gas-informa-inegi\/#primaryimage"},"thumbnailUrl":"https:\/\/www.sonoraenequipo.com.mx\/storage\/2021\/10\/aumento-en-las-tarifas-de-luz_opt.jpg","datePublished":"2021-10-22T16:20:45+00:00","dateModified":"2021-10-22T17:11:38+00:00","description":"CIUDAD DE M\u00c9XICO. MX. \u2014 El Instituto Nacional de Estad\u00edstica y Geograf\u00eda (INEGI) inform\u00f3 hoy, 22 de octubre de 2021, que en la primera quincena de En Sonora en Equipo publicamos toda la informaci\u00f3n de Sonora, M\u00e9xico y el Mundo de manera oportuna y busca que la libertad de expresi\u00f3n sea real. Visita nuestro medio informativo publicado desde Hermosillo, Sonora. %","breadcrumb":{"@id":"https:\/\/www.sonoraenequipo.com.mx\/inflacion-en-mexico-sube-al-6-12-por-aumento-de-luz-y-gas-informa-inegi\/#breadcrumb"},"inLanguage":"es","potentialAction":[{"@type":"ReadAction","target":["https:\/\/www.sonoraenequipo.com.mx\/inflacion-en-mexico-sube-al-6-12-por-aumento-de-luz-y-gas-informa-inegi\/"]}]},{"@type":"ImageObject","inLanguage":"es","@id":"https:\/\/www.sonoraenequipo.com.mx\/inflacion-en-mexico-sube-al-6-12-por-aumento-de-luz-y-gas-informa-inegi\/#primaryimage","url":"https:\/\/www.sonoraenequipo.com.mx\/storage\/2021\/10\/aumento-en-las-tarifas-de-luz_opt.jpg","contentUrl":"https:\/\/www.sonoraenequipo.com.mx\/storage\/2021\/10\/aumento-en-las-tarifas-de-luz_opt.jpg","width":700,"height":400},{"@type":"BreadcrumbList","@id":"https:\/\/www.sonoraenequipo.com.mx\/inflacion-en-mexico-sube-al-6-12-por-aumento-de-luz-y-gas-informa-inegi\/#breadcrumb","itemListElement":[{"@type":"ListItem","position":1,"name":"Portada","item":"https:\/\/www.sonoraenequipo.com.mx\/"},{"@type":"ListItem","position":2,"name":"Inflaci\u00f3n en M\u00e9xico sube al 6.12% por aumento de luz y gas, informa INEGI"}]},{"@type":"WebSite","@id":"https:\/\/www.sonoraenequipo.com.mx\/#website","url":"https:\/\/www.sonoraenequipo.com.mx\/","name":"Sonora en Equipo.","description":"Diario en l\u00ednea con Noticias desde Hermosillo, Sonora","publisher":{"@id":"https:\/\/www.sonoraenequipo.com.mx\/#organization"},"potentialAction":[{"@type":"SearchAction","target":{"@type":"EntryPoint","urlTemplate":"https:\/\/www.sonoraenequipo.com.mx\/?s={search_term_string}"},"query-input":{"@type":"PropertyValueSpecification","valueRequired":true,"valueName":"search_term_string"}}],"inLanguage":"es"},{"@type":"Organization","@id":"https:\/\/www.sonoraenequipo.com.mx\/#organization","name":"Sonoraenequipo.com.mx","url":"https:\/\/www.sonoraenequipo.com.mx\/","logo":{"@type":"ImageObject","inLanguage":"es","@id":"https:\/\/www.sonoraenequipo.com.mx\/#\/schema\/logo\/image\/","url":"https:\/\/www.sonoraenequipo.com.mx\/storage\/2019\/01\/sonoraenequipo_opt.png","contentUrl":"https:\/\/www.sonoraenequipo.com.mx\/storage\/2019\/01\/sonoraenequipo_opt.png","width":375,"height":125,"caption":"Sonoraenequipo.com.mx"},"image":{"@id":"https:\/\/www.sonoraenequipo.com.mx\/#\/schema\/logo\/image\/"},"sameAs":["https:\/\/www.facebook.com\/SonoraEE\/","https:\/\/x.com\/sonoraenequipo","https:\/\/www.youtube.com\/channel\/UC338nW-lPEYmJQs4ZABQ1SQ"]},{"@type":"Person","@id":"https:\/\/www.sonoraenequipo.com.mx\/#\/schema\/person\/50102df0fb23a8fa9e8effad8fa81386","name":"enequipo","image":{"@type":"ImageObject","inLanguage":"es","@id":"https:\/\/www.sonoraenequipo.com.mx\/#\/schema\/person\/image\/","url":"https:\/\/secure.gravatar.com\/avatar\/049821681b589dabc0bc20695993ccebb09f5b5d4d790cd9251b97faac7c652b?s=96&d=blank&r=g","contentUrl":"https:\/\/secure.gravatar.com\/avatar\/049821681b589dabc0bc20695993ccebb09f5b5d4d790cd9251b97faac7c652b?s=96&d=blank&r=g","caption":"enequipo"},"sameAs":["https:\/\/www.facebook.com\/SonoraEE"]}]}},"jetpack_featured_media_url":"https:\/\/www.sonoraenequipo.com.mx\/storage\/2021\/10\/aumento-en-las-tarifas-de-luz_opt.jpg","_links":{"self":[{"href":"https:\/\/www.sonoraenequipo.com.mx\/api\/wp\/v2\/posts\/125638","targetHints":{"allow":["GET"]}}],"collection":[{"href":"https:\/\/www.sonoraenequipo.com.mx\/api\/wp\/v2\/posts"}],"about":[{"href":"https:\/\/www.sonoraenequipo.com.mx\/api\/wp\/v2\/types\/post"}],"author":[{"embeddable":true,"href":"https:\/\/www.sonoraenequipo.com.mx\/api\/wp\/v2\/users\/1"}],"replies":[{"embeddable":true,"href":"https:\/\/www.sonoraenequipo.com.mx\/api\/wp\/v2\/comments?post=125638"}],"version-history":[{"count":1,"href":"https:\/\/www.sonoraenequipo.com.mx\/api\/wp\/v2\/posts\/125638\/revisions"}],"predecessor-version":[{"id":125639,"href":"https:\/\/www.sonoraenequipo.com.mx\/api\/wp\/v2\/posts\/125638\/revisions\/125639"}],"wp:featuredmedia":[{"embeddable":true,"href":"https:\/\/www.sonoraenequipo.com.mx\/api\/wp\/v2\/media\/125630"}],"wp:attachment":[{"href":"https:\/\/www.sonoraenequipo.com.mx\/api\/wp\/v2\/media?parent=125638"}],"wp:term":[{"taxonomy":"category","embeddable":true,"href":"https:\/\/www.sonoraenequipo.com.mx\/api\/wp\/v2\/categories?post=125638"},{"taxonomy":"post_tag","embeddable":true,"href":"https:\/\/www.sonoraenequipo.com.mx\/api\/wp\/v2\/tags?post=125638"}],"curies":[{"name":"wp","href":"https:\/\/api.w.org\/{rel}","templated":true}]}}