{"id":125644,"date":"2021-10-21T23:48:42","date_gmt":"2021-10-22T06:48:42","guid":{"rendered":"https:\/\/www.sonoraenequipo.com.mx\/?p=125644"},"modified":"2021-10-22T18:40:36","modified_gmt":"2021-10-23T01:40:36","slug":"la-oms-pide-al-presidente-de-mexico-dejar-aprobacion-de-vacunas-en-manos-de-sus-expertos","status":"publish","type":"post","link":"https:\/\/www.sonoraenequipo.com.mx\/la-oms-pide-al-presidente-de-mexico-dejar-aprobacion-de-vacunas-en-manos-de-sus-expertos\/","title":{"rendered":"La OMS se molesta por la petici\u00f3n del presidente de M\u00e9xico."},"content":{"rendered":"<p>CIUDAD DE M\u00c9XICO. MX. Luego de que el presidente Andr\u00e9s Manuel L\u00f3pez Obrador calificara a la Organizaci\u00f3n Mundial de la Salud (OMS) \u2014 Que es una Agencia especializada y con fines pol\u00edticos de la ONU \u2014 como ineficiente y desidiosa por no avalar m\u00e1s vacunas contra Covid-19, su director, Tedros Adhanom, le respondi\u00f3 que los procesos de aprobaci\u00f3n se basan \u201cen datos y evidencias\u201d.<\/p>\n<p>&nbsp;<\/p>\n<p> <\/p>\n<p>&nbsp;<\/p>\n<p>Durante su conferencia de prensa sobre la evoluci\u00f3n global de la pandemia, Adhanom explic\u00f3 que las recomendaciones sobre el uso de emergencia de vacunas provienen de expertos con las calificaciones adecuadas.<\/p>\n<p>&nbsp;<\/p>\n<p>&nbsp;<\/p>\n<p><em>\u201cSiempre usamos ciencia y datos. Se lo quiero asegurar a su excelencia\u201d,<\/em> expres\u00f3 el titular de la OMS.<\/p>\n<p>&nbsp;<\/p>\n<p>&nbsp;<\/p>\n<p>Estados Unidos anunci\u00f3 la semana pasada que reabrir\u00eda su frontera terrestre con M\u00e9xico, la m\u00e1s transitada del mundo, pero s\u00f3lo permitir\u00eda a las personas que hayan sido inoculadas con vacunas autorizadas por la OMS, dejando de lado dos inyecciones muy utilizadas en M\u00e9xico, Sputnik V de Rusia y CanSino de China.<\/p>\n<p>&nbsp;<\/p>\n<p>&nbsp;<\/p>\n<p>Millones de mexicanos han sido vacunados con dosis de Sputnik V y CanSino, ninguna de las cuales est\u00e1 aprobada por la OMS, por lo que el presidente L\u00f3pez Obrador afirm\u00f3 este mi\u00e9rcoles que enviar\u00e1 una carta al organismo internacional pidiendo acelerar los tr\u00e1mites.<\/p>\n<p>&nbsp;<\/p>\n<p>&nbsp;<\/p>\n<p>&nbsp;<\/p>\n<p>(Publicada el 22\/10\/2021)<\/p>\n","protected":false},"excerpt":{"rendered":"<p>CIUDAD DE M\u00c9XICO. MX. Luego de que el presidente Andr\u00e9s Manuel L\u00f3pez Obrador calificara a&#8230;<\/p>\n","protected":false},"author":1,"featured_media":125645,"comment_status":"open","ping_status":"open","sticky":false,"template":"","format":"standard","meta":{"_monsterinsights_skip_tracking":false,"_monsterinsights_sitenote_active":false,"_monsterinsights_sitenote_note":"","_monsterinsights_sitenote_category":0,"footnotes":""},"categories":[3],"tags":[],"class_list":["post"],"yoast_head":" \n<title>Sonora en Equipo. La OMS se molesta por la petici\u00f3n del presidente de M\u00e9xico. MUNDO<\/title>\n<meta name=\"description\" content=\"CIUDAD DE M\u00c9XICO. MX. Luego de que el presidente Andr\u00e9s Manuel L\u00f3pez Obrador calificara a la Organizaci\u00f3n Mundial de la Salud (OMS) \u2014 Que es una Agencia En Sonora en Equipo publicamos toda la informaci\u00f3n de Sonora, M\u00e9xico y el Mundo de manera oportuna y busca que la libertad de expresi\u00f3n sea real. Visita nuestro medio informativo publicado desde Hermosillo, Sonora. %\" \/>\n<meta name=\"robots\" content=\"index, follow, max-snippet:-1, max-image-preview:large, max-video-preview:-1\" \/>\n<link rel=\"canonical\" href=\"https:\/\/www.sonoraenequipo.com.mx\/la-oms-pide-al-presidente-de-mexico-dejar-aprobacion-de-vacunas-en-manos-de-sus-expertos\/\" \/>\n<meta property=\"og:locale\" content=\"es_ES\" \/>\n<meta property=\"og:type\" content=\"article\" \/>\n<meta property=\"og:title\" content=\"Sonora en Equipo. La OMS se molesta por la petici\u00f3n del presidente de M\u00e9xico. MUNDO\" \/>\n<meta property=\"og:description\" content=\"CIUDAD DE M\u00c9XICO. MX. Luego de que el presidente Andr\u00e9s Manuel L\u00f3pez Obrador calificara a la Organizaci\u00f3n Mundial de la Salud (OMS) \u2014 Que es una Agencia En Sonora en Equipo publicamos toda la informaci\u00f3n de Sonora, M\u00e9xico y el Mundo de manera oportuna y busca que la libertad de expresi\u00f3n sea real. Visita nuestro medio informativo publicado desde Hermosillo, Sonora. %\" \/>\n<meta property=\"og:url\" content=\"https:\/\/www.sonoraenequipo.com.mx\/la-oms-pide-al-presidente-de-mexico-dejar-aprobacion-de-vacunas-en-manos-de-sus-expertos\/\" \/>\n<meta property=\"og:site_name\" content=\"Sonora en Equipo.\" \/>\n<meta property=\"article:publisher\" content=\"https:\/\/www.facebook.com\/SonoraEE\/\" \/>\n<meta property=\"article:author\" content=\"https:\/\/www.facebook.com\/SonoraEE\" \/>\n<meta property=\"article:published_time\" content=\"2021-10-22T06:48:42+00:00\" \/>\n<meta property=\"article:modified_time\" content=\"2021-10-23T01:40:36+00:00\" \/>\n<meta property=\"og:image\" content=\"https:\/\/www.sonoraenequipo.com.mx\/storage\/2021\/10\/Tedros-Adhanom-OMS-vacunas-lentas_opt.jpg\" \/>\n\t<meta property=\"og:image:width\" content=\"700\" \/>\n\t<meta property=\"og:image:height\" content=\"400\" \/>\n\t<meta property=\"og:image:type\" content=\"image\/jpeg\" \/>\n<meta name=\"author\" content=\"enequipo\" \/>\n<meta name=\"twitter:card\" content=\"summary_large_image\" \/>\n<meta name=\"twitter:creator\" content=\"@sonoraenequipo\" \/>\n<meta name=\"twitter:site\" content=\"@sonoraenequipo\" \/>\n<meta name=\"twitter:label1\" content=\"Escrito por\" \/>\n\t<meta name=\"twitter:data1\" content=\"enequipo\" \/>\n\t<meta name=\"twitter:label2\" content=\"Tiempo de lectura\" \/>\n\t<meta name=\"twitter:data2\" content=\"1 minuto\" \/>\n<script type=\"application\/ld+json\" class=\"yoast-schema-graph\">{\"@context\":\"https:\/\/schema.org\",\"@graph\":[{\"@type\":\"Article\",\"@id\":\"https:\/\/www.sonoraenequipo.com.mx\/la-oms-pide-al-presidente-de-mexico-dejar-aprobacion-de-vacunas-en-manos-de-sus-expertos\/#article\",\"isPartOf\":{\"@id\":\"https:\/\/www.sonoraenequipo.com.mx\/la-oms-pide-al-presidente-de-mexico-dejar-aprobacion-de-vacunas-en-manos-de-sus-expertos\/\"},\"author\":{\"name\":\"enequipo\",\"@id\":\"https:\/\/www.sonoraenequipo.com.mx\/#\/schema\/person\/50102df0fb23a8fa9e8effad8fa81386\"},\"headline\":\"La OMS se molesta por la petici\u00f3n del presidente de M\u00e9xico.\",\"datePublished\":\"2021-10-22T06:48:42+00:00\",\"dateModified\":\"2021-10-23T01:40:36+00:00\",\"mainEntityOfPage\":{\"@id\":\"https:\/\/www.sonoraenequipo.com.mx\/la-oms-pide-al-presidente-de-mexico-dejar-aprobacion-de-vacunas-en-manos-de-sus-expertos\/\"},\"wordCount\":248,\"commentCount\":0,\"publisher\":{\"@id\":\"https:\/\/www.sonoraenequipo.com.mx\/#organization\"},\"image\":{\"@id\":\"https:\/\/www.sonoraenequipo.com.mx\/la-oms-pide-al-presidente-de-mexico-dejar-aprobacion-de-vacunas-en-manos-de-sus-expertos\/#primaryimage\"},\"thumbnailUrl\":\"https:\/\/www.sonoraenequipo.com.mx\/storage\/2021\/10\/Tedros-Adhanom-OMS-vacunas-lentas_opt.jpg\",\"articleSection\":[\"MUNDO\"],\"inLanguage\":\"es\",\"potentialAction\":[{\"@type\":\"CommentAction\",\"name\":\"Comment\",\"target\":[\"https:\/\/www.sonoraenequipo.com.mx\/la-oms-pide-al-presidente-de-mexico-dejar-aprobacion-de-vacunas-en-manos-de-sus-expertos\/#respond\"]}]},{\"@type\":\"WebPage\",\"@id\":\"https:\/\/www.sonoraenequipo.com.mx\/la-oms-pide-al-presidente-de-mexico-dejar-aprobacion-de-vacunas-en-manos-de-sus-expertos\/\",\"url\":\"https:\/\/www.sonoraenequipo.com.mx\/la-oms-pide-al-presidente-de-mexico-dejar-aprobacion-de-vacunas-en-manos-de-sus-expertos\/\",\"name\":\"Sonora en Equipo. La OMS se molesta por la petici\u00f3n del presidente de M\u00e9xico. MUNDO\",\"isPartOf\":{\"@id\":\"https:\/\/www.sonoraenequipo.com.mx\/#website\"},\"primaryImageOfPage\":{\"@id\":\"https:\/\/www.sonoraenequipo.com.mx\/la-oms-pide-al-presidente-de-mexico-dejar-aprobacion-de-vacunas-en-manos-de-sus-expertos\/#primaryimage\"},\"image\":{\"@id\":\"https:\/\/www.sonoraenequipo.com.mx\/la-oms-pide-al-presidente-de-mexico-dejar-aprobacion-de-vacunas-en-manos-de-sus-expertos\/#primaryimage\"},\"thumbnailUrl\":\"https:\/\/www.sonoraenequipo.com.mx\/storage\/2021\/10\/Tedros-Adhanom-OMS-vacunas-lentas_opt.jpg\",\"datePublished\":\"2021-10-22T06:48:42+00:00\",\"dateModified\":\"2021-10-23T01:40:36+00:00\",\"description\":\"CIUDAD DE M\u00c9XICO. MX. Luego de que el presidente Andr\u00e9s Manuel L\u00f3pez Obrador calificara a la Organizaci\u00f3n Mundial de la Salud (OMS) \u2014 Que es una Agencia En Sonora en Equipo publicamos toda la informaci\u00f3n de Sonora, M\u00e9xico y el Mundo de manera oportuna y busca que la libertad de expresi\u00f3n sea real. Visita nuestro medio informativo publicado desde Hermosillo, Sonora. %\",\"breadcrumb\":{\"@id\":\"https:\/\/www.sonoraenequipo.com.mx\/la-oms-pide-al-presidente-de-mexico-dejar-aprobacion-de-vacunas-en-manos-de-sus-expertos\/#breadcrumb\"},\"inLanguage\":\"es\",\"potentialAction\":[{\"@type\":\"ReadAction\",\"target\":[\"https:\/\/www.sonoraenequipo.com.mx\/la-oms-pide-al-presidente-de-mexico-dejar-aprobacion-de-vacunas-en-manos-de-sus-expertos\/\"]}]},{\"@type\":\"ImageObject\",\"inLanguage\":\"es\",\"@id\":\"https:\/\/www.sonoraenequipo.com.mx\/la-oms-pide-al-presidente-de-mexico-dejar-aprobacion-de-vacunas-en-manos-de-sus-expertos\/#primaryimage\",\"url\":\"https:\/\/www.sonoraenequipo.com.mx\/storage\/2021\/10\/Tedros-Adhanom-OMS-vacunas-lentas_opt.jpg\",\"contentUrl\":\"https:\/\/www.sonoraenequipo.com.mx\/storage\/2021\/10\/Tedros-Adhanom-OMS-vacunas-lentas_opt.jpg\",\"width\":700,\"height\":400},{\"@type\":\"BreadcrumbList\",\"@id\":\"https:\/\/www.sonoraenequipo.com.mx\/la-oms-pide-al-presidente-de-mexico-dejar-aprobacion-de-vacunas-en-manos-de-sus-expertos\/#breadcrumb\",\"itemListElement\":[{\"@type\":\"ListItem\",\"position\":1,\"name\":\"Portada\",\"item\":\"https:\/\/www.sonoraenequipo.com.mx\/\"},{\"@type\":\"ListItem\",\"position\":2,\"name\":\"La OMS se molesta por la petici\u00f3n del presidente de M\u00e9xico.\"}]},{\"@type\":\"WebSite\",\"@id\":\"https:\/\/www.sonoraenequipo.com.mx\/#website\",\"url\":\"https:\/\/www.sonoraenequipo.com.mx\/\",\"name\":\"Sonora en Equipo.\",\"description\":\"Diario en l\u00ednea con Noticias desde Hermosillo, Sonora\",\"publisher\":{\"@id\":\"https:\/\/www.sonoraenequipo.com.mx\/#organization\"},\"potentialAction\":[{\"@type\":\"SearchAction\",\"target\":{\"@type\":\"EntryPoint\",\"urlTemplate\":\"https:\/\/www.sonoraenequipo.com.mx\/?s={search_term_string}\"},\"query-input\":{\"@type\":\"PropertyValueSpecification\",\"valueRequired\":true,\"valueName\":\"search_term_string\"}}],\"inLanguage\":\"es\"},{\"@type\":\"Organization\",\"@id\":\"https:\/\/www.sonoraenequipo.com.mx\/#organization\",\"name\":\"Sonoraenequipo.com.mx\",\"url\":\"https:\/\/www.sonoraenequipo.com.mx\/\",\"logo\":{\"@type\":\"ImageObject\",\"inLanguage\":\"es\",\"@id\":\"https:\/\/www.sonoraenequipo.com.mx\/#\/schema\/logo\/image\/\",\"url\":\"https:\/\/www.sonoraenequipo.com.mx\/storage\/2019\/01\/sonoraenequipo_opt.png\",\"contentUrl\":\"https:\/\/www.sonoraenequipo.com.mx\/storage\/2019\/01\/sonoraenequipo_opt.png\",\"width\":375,\"height\":125,\"caption\":\"Sonoraenequipo.com.mx\"},\"image\":{\"@id\":\"https:\/\/www.sonoraenequipo.com.mx\/#\/schema\/logo\/image\/\"},\"sameAs\":[\"https:\/\/www.facebook.com\/SonoraEE\/\",\"https:\/\/x.com\/sonoraenequipo\",\"https:\/\/www.youtube.com\/channel\/UC338nW-lPEYmJQs4ZABQ1SQ\"]},{\"@type\":\"Person\",\"@id\":\"https:\/\/www.sonoraenequipo.com.mx\/#\/schema\/person\/50102df0fb23a8fa9e8effad8fa81386\",\"name\":\"enequipo\",\"image\":{\"@type\":\"ImageObject\",\"inLanguage\":\"es\",\"@id\":\"https:\/\/www.sonoraenequipo.com.mx\/#\/schema\/person\/image\/\",\"url\":\"https:\/\/secure.gravatar.com\/avatar\/049821681b589dabc0bc20695993ccebb09f5b5d4d790cd9251b97faac7c652b?s=96&d=blank&r=g\",\"contentUrl\":\"https:\/\/secure.gravatar.com\/avatar\/049821681b589dabc0bc20695993ccebb09f5b5d4d790cd9251b97faac7c652b?s=96&d=blank&r=g\",\"caption\":\"enequipo\"},\"sameAs\":[\"https:\/\/www.facebook.com\/SonoraEE\"]}]}<\/script>\n ","yoast_head_json":{"title":"Sonora en Equipo. La OMS se molesta por la petici\u00f3n del presidente de M\u00e9xico. MUNDO","description":"CIUDAD DE M\u00c9XICO. MX. Luego de que el presidente Andr\u00e9s Manuel L\u00f3pez Obrador calificara a la Organizaci\u00f3n Mundial de la Salud (OMS) \u2014 Que es una Agencia En Sonora en Equipo publicamos toda la informaci\u00f3n de Sonora, M\u00e9xico y el Mundo de manera oportuna y busca que la libertad de expresi\u00f3n sea real. Visita nuestro medio informativo publicado desde Hermosillo, Sonora. %","robots":{"index":"index","follow":"follow","max-snippet":"max-snippet:-1","max-image-preview":"max-image-preview:large","max-video-preview":"max-video-preview:-1"},"canonical":"https:\/\/www.sonoraenequipo.com.mx\/la-oms-pide-al-presidente-de-mexico-dejar-aprobacion-de-vacunas-en-manos-de-sus-expertos\/","og_locale":"es_ES","og_type":"article","og_title":"Sonora en Equipo. La OMS se molesta por la petici\u00f3n del presidente de M\u00e9xico. MUNDO","og_description":"CIUDAD DE M\u00c9XICO. MX. Luego de que el presidente Andr\u00e9s Manuel L\u00f3pez Obrador calificara a la Organizaci\u00f3n Mundial de la Salud (OMS) \u2014 Que es una Agencia En Sonora en Equipo publicamos toda la informaci\u00f3n de Sonora, M\u00e9xico y el Mundo de manera oportuna y busca que la libertad de expresi\u00f3n sea real. Visita nuestro medio informativo publicado desde Hermosillo, Sonora. %","og_url":"https:\/\/www.sonoraenequipo.com.mx\/la-oms-pide-al-presidente-de-mexico-dejar-aprobacion-de-vacunas-en-manos-de-sus-expertos\/","og_site_name":"Sonora en Equipo.","article_publisher":"https:\/\/www.facebook.com\/SonoraEE\/","article_author":"https:\/\/www.facebook.com\/SonoraEE","article_published_time":"2021-10-22T06:48:42+00:00","article_modified_time":"2021-10-23T01:40:36+00:00","og_image":[{"width":700,"height":400,"url":"https:\/\/www.sonoraenequipo.com.mx\/storage\/2021\/10\/Tedros-Adhanom-OMS-vacunas-lentas_opt.jpg","type":"image\/jpeg"}],"author":"enequipo","twitter_card":"summary_large_image","twitter_creator":"@sonoraenequipo","twitter_site":"@sonoraenequipo","twitter_misc":{"Escrito por":"enequipo","Tiempo de lectura":"1 minuto"},"schema":{"@context":"https:\/\/schema.org","@graph":[{"@type":"Article","@id":"https:\/\/www.sonoraenequipo.com.mx\/la-oms-pide-al-presidente-de-mexico-dejar-aprobacion-de-vacunas-en-manos-de-sus-expertos\/#article","isPartOf":{"@id":"https:\/\/www.sonoraenequipo.com.mx\/la-oms-pide-al-presidente-de-mexico-dejar-aprobacion-de-vacunas-en-manos-de-sus-expertos\/"},"author":{"name":"enequipo","@id":"https:\/\/www.sonoraenequipo.com.mx\/#\/schema\/person\/50102df0fb23a8fa9e8effad8fa81386"},"headline":"La OMS se molesta por la petici\u00f3n del presidente de M\u00e9xico.","datePublished":"2021-10-22T06:48:42+00:00","dateModified":"2021-10-23T01:40:36+00:00","mainEntityOfPage":{"@id":"https:\/\/www.sonoraenequipo.com.mx\/la-oms-pide-al-presidente-de-mexico-dejar-aprobacion-de-vacunas-en-manos-de-sus-expertos\/"},"wordCount":248,"commentCount":0,"publisher":{"@id":"https:\/\/www.sonoraenequipo.com.mx\/#organization"},"image":{"@id":"https:\/\/www.sonoraenequipo.com.mx\/la-oms-pide-al-presidente-de-mexico-dejar-aprobacion-de-vacunas-en-manos-de-sus-expertos\/#primaryimage"},"thumbnailUrl":"https:\/\/www.sonoraenequipo.com.mx\/storage\/2021\/10\/Tedros-Adhanom-OMS-vacunas-lentas_opt.jpg","articleSection":["MUNDO"],"inLanguage":"es","potentialAction":[{"@type":"CommentAction","name":"Comment","target":["https:\/\/www.sonoraenequipo.com.mx\/la-oms-pide-al-presidente-de-mexico-dejar-aprobacion-de-vacunas-en-manos-de-sus-expertos\/#respond"]}]},{"@type":"WebPage","@id":"https:\/\/www.sonoraenequipo.com.mx\/la-oms-pide-al-presidente-de-mexico-dejar-aprobacion-de-vacunas-en-manos-de-sus-expertos\/","url":"https:\/\/www.sonoraenequipo.com.mx\/la-oms-pide-al-presidente-de-mexico-dejar-aprobacion-de-vacunas-en-manos-de-sus-expertos\/","name":"Sonora en Equipo. La OMS se molesta por la petici\u00f3n del presidente de M\u00e9xico. MUNDO","isPartOf":{"@id":"https:\/\/www.sonoraenequipo.com.mx\/#website"},"primaryImageOfPage":{"@id":"https:\/\/www.sonoraenequipo.com.mx\/la-oms-pide-al-presidente-de-mexico-dejar-aprobacion-de-vacunas-en-manos-de-sus-expertos\/#primaryimage"},"image":{"@id":"https:\/\/www.sonoraenequipo.com.mx\/la-oms-pide-al-presidente-de-mexico-dejar-aprobacion-de-vacunas-en-manos-de-sus-expertos\/#primaryimage"},"thumbnailUrl":"https:\/\/www.sonoraenequipo.com.mx\/storage\/2021\/10\/Tedros-Adhanom-OMS-vacunas-lentas_opt.jpg","datePublished":"2021-10-22T06:48:42+00:00","dateModified":"2021-10-23T01:40:36+00:00","description":"CIUDAD DE M\u00c9XICO. MX. Luego de que el presidente Andr\u00e9s Manuel L\u00f3pez Obrador calificara a la Organizaci\u00f3n Mundial de la Salud (OMS) \u2014 Que es una Agencia En Sonora en Equipo publicamos toda la informaci\u00f3n de Sonora, M\u00e9xico y el Mundo de manera oportuna y busca que la libertad de expresi\u00f3n sea real. Visita nuestro medio informativo publicado desde Hermosillo, Sonora. %","breadcrumb":{"@id":"https:\/\/www.sonoraenequipo.com.mx\/la-oms-pide-al-presidente-de-mexico-dejar-aprobacion-de-vacunas-en-manos-de-sus-expertos\/#breadcrumb"},"inLanguage":"es","potentialAction":[{"@type":"ReadAction","target":["https:\/\/www.sonoraenequipo.com.mx\/la-oms-pide-al-presidente-de-mexico-dejar-aprobacion-de-vacunas-en-manos-de-sus-expertos\/"]}]},{"@type":"ImageObject","inLanguage":"es","@id":"https:\/\/www.sonoraenequipo.com.mx\/la-oms-pide-al-presidente-de-mexico-dejar-aprobacion-de-vacunas-en-manos-de-sus-expertos\/#primaryimage","url":"https:\/\/www.sonoraenequipo.com.mx\/storage\/2021\/10\/Tedros-Adhanom-OMS-vacunas-lentas_opt.jpg","contentUrl":"https:\/\/www.sonoraenequipo.com.mx\/storage\/2021\/10\/Tedros-Adhanom-OMS-vacunas-lentas_opt.jpg","width":700,"height":400},{"@type":"BreadcrumbList","@id":"https:\/\/www.sonoraenequipo.com.mx\/la-oms-pide-al-presidente-de-mexico-dejar-aprobacion-de-vacunas-en-manos-de-sus-expertos\/#breadcrumb","itemListElement":[{"@type":"ListItem","position":1,"name":"Portada","item":"https:\/\/www.sonoraenequipo.com.mx\/"},{"@type":"ListItem","position":2,"name":"La OMS se molesta por la petici\u00f3n del presidente de M\u00e9xico."}]},{"@type":"WebSite","@id":"https:\/\/www.sonoraenequipo.com.mx\/#website","url":"https:\/\/www.sonoraenequipo.com.mx\/","name":"Sonora en Equipo.","description":"Diario en l\u00ednea con Noticias desde Hermosillo, Sonora","publisher":{"@id":"https:\/\/www.sonoraenequipo.com.mx\/#organization"},"potentialAction":[{"@type":"SearchAction","target":{"@type":"EntryPoint","urlTemplate":"https:\/\/www.sonoraenequipo.com.mx\/?s={search_term_string}"},"query-input":{"@type":"PropertyValueSpecification","valueRequired":true,"valueName":"search_term_string"}}],"inLanguage":"es"},{"@type":"Organization","@id":"https:\/\/www.sonoraenequipo.com.mx\/#organization","name":"Sonoraenequipo.com.mx","url":"https:\/\/www.sonoraenequipo.com.mx\/","logo":{"@type":"ImageObject","inLanguage":"es","@id":"https:\/\/www.sonoraenequipo.com.mx\/#\/schema\/logo\/image\/","url":"https:\/\/www.sonoraenequipo.com.mx\/storage\/2019\/01\/sonoraenequipo_opt.png","contentUrl":"https:\/\/www.sonoraenequipo.com.mx\/storage\/2019\/01\/sonoraenequipo_opt.png","width":375,"height":125,"caption":"Sonoraenequipo.com.mx"},"image":{"@id":"https:\/\/www.sonoraenequipo.com.mx\/#\/schema\/logo\/image\/"},"sameAs":["https:\/\/www.facebook.com\/SonoraEE\/","https:\/\/x.com\/sonoraenequipo","https:\/\/www.youtube.com\/channel\/UC338nW-lPEYmJQs4ZABQ1SQ"]},{"@type":"Person","@id":"https:\/\/www.sonoraenequipo.com.mx\/#\/schema\/person\/50102df0fb23a8fa9e8effad8fa81386","name":"enequipo","image":{"@type":"ImageObject","inLanguage":"es","@id":"https:\/\/www.sonoraenequipo.com.mx\/#\/schema\/person\/image\/","url":"https:\/\/secure.gravatar.com\/avatar\/049821681b589dabc0bc20695993ccebb09f5b5d4d790cd9251b97faac7c652b?s=96&d=blank&r=g","contentUrl":"https:\/\/secure.gravatar.com\/avatar\/049821681b589dabc0bc20695993ccebb09f5b5d4d790cd9251b97faac7c652b?s=96&d=blank&r=g","caption":"enequipo"},"sameAs":["https:\/\/www.facebook.com\/SonoraEE"]}]}},"jetpack_featured_media_url":"https:\/\/www.sonoraenequipo.com.mx\/storage\/2021\/10\/Tedros-Adhanom-OMS-vacunas-lentas_opt.jpg","_links":{"self":[{"href":"https:\/\/www.sonoraenequipo.com.mx\/api\/wp\/v2\/posts\/125644","targetHints":{"allow":["GET"]}}],"collection":[{"href":"https:\/\/www.sonoraenequipo.com.mx\/api\/wp\/v2\/posts"}],"about":[{"href":"https:\/\/www.sonoraenequipo.com.mx\/api\/wp\/v2\/types\/post"}],"author":[{"embeddable":true,"href":"https:\/\/www.sonoraenequipo.com.mx\/api\/wp\/v2\/users\/1"}],"replies":[{"embeddable":true,"href":"https:\/\/www.sonoraenequipo.com.mx\/api\/wp\/v2\/comments?post=125644"}],"version-history":[{"count":3,"href":"https:\/\/www.sonoraenequipo.com.mx\/api\/wp\/v2\/posts\/125644\/revisions"}],"predecessor-version":[{"id":125706,"href":"https:\/\/www.sonoraenequipo.com.mx\/api\/wp\/v2\/posts\/125644\/revisions\/125706"}],"wp:featuredmedia":[{"embeddable":true,"href":"https:\/\/www.sonoraenequipo.com.mx\/api\/wp\/v2\/media\/125645"}],"wp:attachment":[{"href":"https:\/\/www.sonoraenequipo.com.mx\/api\/wp\/v2\/media?parent=125644"}],"wp:term":[{"taxonomy":"category","embeddable":true,"href":"https:\/\/www.sonoraenequipo.com.mx\/api\/wp\/v2\/categories?post=125644"},{"taxonomy":"post_tag","embeddable":true,"href":"https:\/\/www.sonoraenequipo.com.mx\/api\/wp\/v2\/tags?post=125644"}],"curies":[{"name":"wp","href":"https:\/\/api.w.org\/{rel}","templated":true}]}}