{"id":125650,"date":"2021-10-22T11:20:47","date_gmt":"2021-10-22T18:20:47","guid":{"rendered":"https:\/\/www.sonoraenequipo.com.mx\/?p=125650"},"modified":"2021-10-22T13:22:44","modified_gmt":"2021-10-22T20:22:44","slug":"samuel-garcia-gobernador-de-nl-participara-en-cumbre-de-cambio-climatico-de-la-onu","status":"publish","type":"post","link":"https:\/\/www.sonoraenequipo.com.mx\/samuel-garcia-gobernador-de-nl-participara-en-cumbre-de-cambio-climatico-de-la-onu\/","title":{"rendered":"Samuel Garc\u00eda, gobernador de NL, participar\u00e1 en Cumbre de Cambio Clim\u00e1tico de la ONU"},"content":{"rendered":"<p>MONTERREY, NUEVO LE\u00d3N. MX. \u2014 El gobernador de Nuevo Le\u00f3n, Samuel Garc\u00eda Sep\u00falveda, anunci\u00f3 su participaci\u00f3n en la Cumbre de Cambio Clim\u00e1tico que realiza la Organizaci\u00f3n de las Naciones Unidas (ONU) y que ser\u00e1 en la ciudad de Glasgow, Reino Unido, en noviembre de este a\u00f1o.<\/p>\n<p>&nbsp;<\/p>\n<p> <\/p>\n<p>&nbsp;<\/p>\n<p>A trav\u00e9s de sus historias de Instagram, el mandatario estatal detall\u00f3 que dicha cumbre debi\u00f3 organizarse el a\u00f1o pasado, pero por la pandemia del covid-19 se pospuso para este 2021 y se desarrollar\u00e1 en el mes de noviembre.<\/p>\n<p>&nbsp;<\/p>\n<p><em>\u201cMuy contentos porque al que madruga Dios lo ayuda, pues nos acreditaron para ir a representar a M\u00e9xico y a Nuevo Le\u00f3n al evento de cambio clim\u00e1tico, a Glasgow, Escocia.<\/em><\/p>\n<p>&nbsp;<\/p>\n<p><em>\u201cEs el COP 26 que iba a ser en el 2020 y se retras\u00f3 por la pandemia, y nos acaban de notificar que vamos a ir a participar\u201d,<\/em> dijo.<\/p>\n<p>&nbsp;<\/p>\n<p>A esta reuni\u00f3n acuden l\u00edderes, delegados, periodistas y defensores del cambio clim\u00e1tico para intercambiar ideas y crear soluciones a los problemas que m\u00e1s impactan al medio ambiente.<\/p>\n<p>&nbsp;<\/p>\n<p>El mi\u00e9rcoles pasado, el gobernador anunci\u00f3 su plan para el medio ambiente en los seis a\u00f1os de la administraci\u00f3n y renov\u00f3 el Consejo T\u00e9cnico en la materia para ver el desarrollo de las mismas.<\/p>\n<p>&nbsp;<\/p>\n<p>En esa ocasi\u00f3n, Samuel Garc\u00eda sostuvo que el sector industrial como la sider\u00fargica y las pedreras ya no tienen excusa para cumplir con el medio ambiente ya que el estado, por un lado, comenzar\u00e1 con el cambio de camiones del transporte p\u00fablico el\u00e9ctricos y de gas natural y, por otro, la Refiner\u00eda de Pemex en Cadereyta har\u00e1 inversiones millonarias para mejorar sus procesos y filtros para contaminar lo menos posible el aire.<\/p>\n<p>&nbsp;<\/p>\n<p>&nbsp;<\/p>\n<p>(Publicada el 22\/10\/2021)<\/p>\n","protected":false},"excerpt":{"rendered":"<p>MONTERREY, NUEVO LE\u00d3N. MX. \u2014 El gobernador de Nuevo Le\u00f3n, Samuel Garc\u00eda Sep\u00falveda, anunci\u00f3 su&#8230;<\/p>\n","protected":false},"author":1,"featured_media":125651,"comment_status":"open","ping_status":"open","sticky":false,"template":"","format":"standard","meta":{"_monsterinsights_skip_tracking":false,"_monsterinsights_sitenote_active":false,"_monsterinsights_sitenote_note":"","_monsterinsights_sitenote_category":0,"footnotes":""},"categories":[5],"tags":[],"class_list":["post"],"yoast_head":" \n<title>Sonora en Equipo. Samuel Garc\u00eda, gobernador de NL, participar\u00e1 en Cumbre de Cambio Clim\u00e1tico de la ONU Rep\u00fablica<\/title>\n<meta name=\"description\" content=\"MONTERREY, NUEVO LE\u00d3N. MX. \u2014 El gobernador de Nuevo Le\u00f3n, Samuel Garc\u00eda Sep\u00falveda, anunci\u00f3 su participaci\u00f3n en la Cumbre de Cambio Clim\u00e1tico que realiza En Sonora en Equipo publicamos toda la informaci\u00f3n de Sonora, M\u00e9xico y el Mundo de manera oportuna y busca que la libertad de expresi\u00f3n sea real. Visita nuestro medio informativo publicado desde Hermosillo, Sonora. %\" \/>\n<meta name=\"robots\" content=\"index, follow, max-snippet:-1, max-image-preview:large, max-video-preview:-1\" \/>\n<link rel=\"canonical\" href=\"https:\/\/www.sonoraenequipo.com.mx\/samuel-garcia-gobernador-de-nl-participara-en-cumbre-de-cambio-climatico-de-la-onu\/\" \/>\n<meta property=\"og:locale\" content=\"es_ES\" \/>\n<meta property=\"og:type\" content=\"article\" \/>\n<meta property=\"og:title\" content=\"Sonora en Equipo. Samuel Garc\u00eda, gobernador de NL, participar\u00e1 en Cumbre de Cambio Clim\u00e1tico de la ONU Rep\u00fablica\" \/>\n<meta property=\"og:description\" content=\"MONTERREY, NUEVO LE\u00d3N. MX. \u2014 El gobernador de Nuevo Le\u00f3n, Samuel Garc\u00eda Sep\u00falveda, anunci\u00f3 su participaci\u00f3n en la Cumbre de Cambio Clim\u00e1tico que realiza En Sonora en Equipo publicamos toda la informaci\u00f3n de Sonora, M\u00e9xico y el Mundo de manera oportuna y busca que la libertad de expresi\u00f3n sea real. Visita nuestro medio informativo publicado desde Hermosillo, Sonora. %\" \/>\n<meta property=\"og:url\" content=\"https:\/\/www.sonoraenequipo.com.mx\/samuel-garcia-gobernador-de-nl-participara-en-cumbre-de-cambio-climatico-de-la-onu\/\" \/>\n<meta property=\"og:site_name\" content=\"Sonora en Equipo.\" \/>\n<meta property=\"article:publisher\" content=\"https:\/\/www.facebook.com\/SonoraEE\/\" \/>\n<meta property=\"article:author\" content=\"https:\/\/www.facebook.com\/SonoraEE\" \/>\n<meta property=\"article:published_time\" content=\"2021-10-22T18:20:47+00:00\" \/>\n<meta property=\"article:modified_time\" content=\"2021-10-22T20:22:44+00:00\" \/>\n<meta property=\"og:image\" content=\"https:\/\/www.sonoraenequipo.com.mx\/storage\/2021\/10\/samuel_garcia_sepul_opt.jpg\" \/>\n\t<meta property=\"og:image:width\" content=\"700\" \/>\n\t<meta property=\"og:image:height\" content=\"400\" \/>\n\t<meta property=\"og:image:type\" content=\"image\/jpeg\" \/>\n<meta name=\"author\" content=\"enequipo\" \/>\n<meta name=\"twitter:card\" content=\"summary_large_image\" \/>\n<meta name=\"twitter:creator\" content=\"@sonoraenequipo\" \/>\n<meta name=\"twitter:site\" content=\"@sonoraenequipo\" \/>\n<meta name=\"twitter:label1\" content=\"Escrito por\" \/>\n\t<meta name=\"twitter:data1\" content=\"enequipo\" \/>\n\t<meta name=\"twitter:label2\" content=\"Tiempo de lectura\" \/>\n\t<meta name=\"twitter:data2\" content=\"2 minutos\" \/>\n<script type=\"application\/ld+json\" class=\"yoast-schema-graph\">{\"@context\":\"https:\/\/schema.org\",\"@graph\":[{\"@type\":\"Article\",\"@id\":\"https:\/\/www.sonoraenequipo.com.mx\/samuel-garcia-gobernador-de-nl-participara-en-cumbre-de-cambio-climatico-de-la-onu\/#article\",\"isPartOf\":{\"@id\":\"https:\/\/www.sonoraenequipo.com.mx\/samuel-garcia-gobernador-de-nl-participara-en-cumbre-de-cambio-climatico-de-la-onu\/\"},\"author\":{\"name\":\"enequipo\",\"@id\":\"https:\/\/www.sonoraenequipo.com.mx\/#\/schema\/person\/50102df0fb23a8fa9e8effad8fa81386\"},\"headline\":\"Samuel Garc\u00eda, gobernador de NL, participar\u00e1 en Cumbre de Cambio Clim\u00e1tico de la ONU\",\"datePublished\":\"2021-10-22T18:20:47+00:00\",\"dateModified\":\"2021-10-22T20:22:44+00:00\",\"mainEntityOfPage\":{\"@id\":\"https:\/\/www.sonoraenequipo.com.mx\/samuel-garcia-gobernador-de-nl-participara-en-cumbre-de-cambio-climatico-de-la-onu\/\"},\"wordCount\":326,\"commentCount\":0,\"publisher\":{\"@id\":\"https:\/\/www.sonoraenequipo.com.mx\/#organization\"},\"image\":{\"@id\":\"https:\/\/www.sonoraenequipo.com.mx\/samuel-garcia-gobernador-de-nl-participara-en-cumbre-de-cambio-climatico-de-la-onu\/#primaryimage\"},\"thumbnailUrl\":\"https:\/\/www.sonoraenequipo.com.mx\/storage\/2021\/10\/samuel_garcia_sepul_opt.jpg\",\"articleSection\":[\"Rep\u00fablica\"],\"inLanguage\":\"es\",\"potentialAction\":[{\"@type\":\"CommentAction\",\"name\":\"Comment\",\"target\":[\"https:\/\/www.sonoraenequipo.com.mx\/samuel-garcia-gobernador-de-nl-participara-en-cumbre-de-cambio-climatico-de-la-onu\/#respond\"]}]},{\"@type\":\"WebPage\",\"@id\":\"https:\/\/www.sonoraenequipo.com.mx\/samuel-garcia-gobernador-de-nl-participara-en-cumbre-de-cambio-climatico-de-la-onu\/\",\"url\":\"https:\/\/www.sonoraenequipo.com.mx\/samuel-garcia-gobernador-de-nl-participara-en-cumbre-de-cambio-climatico-de-la-onu\/\",\"name\":\"Sonora en Equipo. Samuel Garc\u00eda, gobernador de NL, participar\u00e1 en Cumbre de Cambio Clim\u00e1tico de la ONU Rep\u00fablica\",\"isPartOf\":{\"@id\":\"https:\/\/www.sonoraenequipo.com.mx\/#website\"},\"primaryImageOfPage\":{\"@id\":\"https:\/\/www.sonoraenequipo.com.mx\/samuel-garcia-gobernador-de-nl-participara-en-cumbre-de-cambio-climatico-de-la-onu\/#primaryimage\"},\"image\":{\"@id\":\"https:\/\/www.sonoraenequipo.com.mx\/samuel-garcia-gobernador-de-nl-participara-en-cumbre-de-cambio-climatico-de-la-onu\/#primaryimage\"},\"thumbnailUrl\":\"https:\/\/www.sonoraenequipo.com.mx\/storage\/2021\/10\/samuel_garcia_sepul_opt.jpg\",\"datePublished\":\"2021-10-22T18:20:47+00:00\",\"dateModified\":\"2021-10-22T20:22:44+00:00\",\"description\":\"MONTERREY, NUEVO LE\u00d3N. MX. \u2014 El gobernador de Nuevo Le\u00f3n, Samuel Garc\u00eda Sep\u00falveda, anunci\u00f3 su participaci\u00f3n en la Cumbre de Cambio Clim\u00e1tico que realiza En Sonora en Equipo publicamos toda la informaci\u00f3n de Sonora, M\u00e9xico y el Mundo de manera oportuna y busca que la libertad de expresi\u00f3n sea real. Visita nuestro medio informativo publicado desde Hermosillo, Sonora. %\",\"breadcrumb\":{\"@id\":\"https:\/\/www.sonoraenequipo.com.mx\/samuel-garcia-gobernador-de-nl-participara-en-cumbre-de-cambio-climatico-de-la-onu\/#breadcrumb\"},\"inLanguage\":\"es\",\"potentialAction\":[{\"@type\":\"ReadAction\",\"target\":[\"https:\/\/www.sonoraenequipo.com.mx\/samuel-garcia-gobernador-de-nl-participara-en-cumbre-de-cambio-climatico-de-la-onu\/\"]}]},{\"@type\":\"ImageObject\",\"inLanguage\":\"es\",\"@id\":\"https:\/\/www.sonoraenequipo.com.mx\/samuel-garcia-gobernador-de-nl-participara-en-cumbre-de-cambio-climatico-de-la-onu\/#primaryimage\",\"url\":\"https:\/\/www.sonoraenequipo.com.mx\/storage\/2021\/10\/samuel_garcia_sepul_opt.jpg\",\"contentUrl\":\"https:\/\/www.sonoraenequipo.com.mx\/storage\/2021\/10\/samuel_garcia_sepul_opt.jpg\",\"width\":700,\"height\":400},{\"@type\":\"BreadcrumbList\",\"@id\":\"https:\/\/www.sonoraenequipo.com.mx\/samuel-garcia-gobernador-de-nl-participara-en-cumbre-de-cambio-climatico-de-la-onu\/#breadcrumb\",\"itemListElement\":[{\"@type\":\"ListItem\",\"position\":1,\"name\":\"Portada\",\"item\":\"https:\/\/www.sonoraenequipo.com.mx\/\"},{\"@type\":\"ListItem\",\"position\":2,\"name\":\"Samuel Garc\u00eda, gobernador de NL, participar\u00e1 en Cumbre de Cambio Clim\u00e1tico de la ONU\"}]},{\"@type\":\"WebSite\",\"@id\":\"https:\/\/www.sonoraenequipo.com.mx\/#website\",\"url\":\"https:\/\/www.sonoraenequipo.com.mx\/\",\"name\":\"Sonora en Equipo.\",\"description\":\"Diario en l\u00ednea con Noticias desde Hermosillo, Sonora\",\"publisher\":{\"@id\":\"https:\/\/www.sonoraenequipo.com.mx\/#organization\"},\"potentialAction\":[{\"@type\":\"SearchAction\",\"target\":{\"@type\":\"EntryPoint\",\"urlTemplate\":\"https:\/\/www.sonoraenequipo.com.mx\/?s={search_term_string}\"},\"query-input\":{\"@type\":\"PropertyValueSpecification\",\"valueRequired\":true,\"valueName\":\"search_term_string\"}}],\"inLanguage\":\"es\"},{\"@type\":\"Organization\",\"@id\":\"https:\/\/www.sonoraenequipo.com.mx\/#organization\",\"name\":\"Sonoraenequipo.com.mx\",\"url\":\"https:\/\/www.sonoraenequipo.com.mx\/\",\"logo\":{\"@type\":\"ImageObject\",\"inLanguage\":\"es\",\"@id\":\"https:\/\/www.sonoraenequipo.com.mx\/#\/schema\/logo\/image\/\",\"url\":\"https:\/\/www.sonoraenequipo.com.mx\/storage\/2019\/01\/sonoraenequipo_opt.png\",\"contentUrl\":\"https:\/\/www.sonoraenequipo.com.mx\/storage\/2019\/01\/sonoraenequipo_opt.png\",\"width\":375,\"height\":125,\"caption\":\"Sonoraenequipo.com.mx\"},\"image\":{\"@id\":\"https:\/\/www.sonoraenequipo.com.mx\/#\/schema\/logo\/image\/\"},\"sameAs\":[\"https:\/\/www.facebook.com\/SonoraEE\/\",\"https:\/\/x.com\/sonoraenequipo\",\"https:\/\/www.youtube.com\/channel\/UC338nW-lPEYmJQs4ZABQ1SQ\"]},{\"@type\":\"Person\",\"@id\":\"https:\/\/www.sonoraenequipo.com.mx\/#\/schema\/person\/50102df0fb23a8fa9e8effad8fa81386\",\"name\":\"enequipo\",\"image\":{\"@type\":\"ImageObject\",\"inLanguage\":\"es\",\"@id\":\"https:\/\/www.sonoraenequipo.com.mx\/#\/schema\/person\/image\/\",\"url\":\"https:\/\/secure.gravatar.com\/avatar\/049821681b589dabc0bc20695993ccebb09f5b5d4d790cd9251b97faac7c652b?s=96&d=blank&r=g\",\"contentUrl\":\"https:\/\/secure.gravatar.com\/avatar\/049821681b589dabc0bc20695993ccebb09f5b5d4d790cd9251b97faac7c652b?s=96&d=blank&r=g\",\"caption\":\"enequipo\"},\"sameAs\":[\"https:\/\/www.facebook.com\/SonoraEE\"]}]}<\/script>\n ","yoast_head_json":{"title":"Sonora en Equipo. Samuel Garc\u00eda, gobernador de NL, participar\u00e1 en Cumbre de Cambio Clim\u00e1tico de la ONU Rep\u00fablica","description":"MONTERREY, NUEVO LE\u00d3N. MX. \u2014 El gobernador de Nuevo Le\u00f3n, Samuel Garc\u00eda Sep\u00falveda, anunci\u00f3 su participaci\u00f3n en la Cumbre de Cambio Clim\u00e1tico que realiza En Sonora en Equipo publicamos toda la informaci\u00f3n de Sonora, M\u00e9xico y el Mundo de manera oportuna y busca que la libertad de expresi\u00f3n sea real. Visita nuestro medio informativo publicado desde Hermosillo, Sonora. %","robots":{"index":"index","follow":"follow","max-snippet":"max-snippet:-1","max-image-preview":"max-image-preview:large","max-video-preview":"max-video-preview:-1"},"canonical":"https:\/\/www.sonoraenequipo.com.mx\/samuel-garcia-gobernador-de-nl-participara-en-cumbre-de-cambio-climatico-de-la-onu\/","og_locale":"es_ES","og_type":"article","og_title":"Sonora en Equipo. Samuel Garc\u00eda, gobernador de NL, participar\u00e1 en Cumbre de Cambio Clim\u00e1tico de la ONU Rep\u00fablica","og_description":"MONTERREY, NUEVO LE\u00d3N. MX. \u2014 El gobernador de Nuevo Le\u00f3n, Samuel Garc\u00eda Sep\u00falveda, anunci\u00f3 su participaci\u00f3n en la Cumbre de Cambio Clim\u00e1tico que realiza En Sonora en Equipo publicamos toda la informaci\u00f3n de Sonora, M\u00e9xico y el Mundo de manera oportuna y busca que la libertad de expresi\u00f3n sea real. Visita nuestro medio informativo publicado desde Hermosillo, Sonora. %","og_url":"https:\/\/www.sonoraenequipo.com.mx\/samuel-garcia-gobernador-de-nl-participara-en-cumbre-de-cambio-climatico-de-la-onu\/","og_site_name":"Sonora en Equipo.","article_publisher":"https:\/\/www.facebook.com\/SonoraEE\/","article_author":"https:\/\/www.facebook.com\/SonoraEE","article_published_time":"2021-10-22T18:20:47+00:00","article_modified_time":"2021-10-22T20:22:44+00:00","og_image":[{"width":700,"height":400,"url":"https:\/\/www.sonoraenequipo.com.mx\/storage\/2021\/10\/samuel_garcia_sepul_opt.jpg","type":"image\/jpeg"}],"author":"enequipo","twitter_card":"summary_large_image","twitter_creator":"@sonoraenequipo","twitter_site":"@sonoraenequipo","twitter_misc":{"Escrito por":"enequipo","Tiempo de lectura":"2 minutos"},"schema":{"@context":"https:\/\/schema.org","@graph":[{"@type":"Article","@id":"https:\/\/www.sonoraenequipo.com.mx\/samuel-garcia-gobernador-de-nl-participara-en-cumbre-de-cambio-climatico-de-la-onu\/#article","isPartOf":{"@id":"https:\/\/www.sonoraenequipo.com.mx\/samuel-garcia-gobernador-de-nl-participara-en-cumbre-de-cambio-climatico-de-la-onu\/"},"author":{"name":"enequipo","@id":"https:\/\/www.sonoraenequipo.com.mx\/#\/schema\/person\/50102df0fb23a8fa9e8effad8fa81386"},"headline":"Samuel Garc\u00eda, gobernador de NL, participar\u00e1 en Cumbre de Cambio Clim\u00e1tico de la ONU","datePublished":"2021-10-22T18:20:47+00:00","dateModified":"2021-10-22T20:22:44+00:00","mainEntityOfPage":{"@id":"https:\/\/www.sonoraenequipo.com.mx\/samuel-garcia-gobernador-de-nl-participara-en-cumbre-de-cambio-climatico-de-la-onu\/"},"wordCount":326,"commentCount":0,"publisher":{"@id":"https:\/\/www.sonoraenequipo.com.mx\/#organization"},"image":{"@id":"https:\/\/www.sonoraenequipo.com.mx\/samuel-garcia-gobernador-de-nl-participara-en-cumbre-de-cambio-climatico-de-la-onu\/#primaryimage"},"thumbnailUrl":"https:\/\/www.sonoraenequipo.com.mx\/storage\/2021\/10\/samuel_garcia_sepul_opt.jpg","articleSection":["Rep\u00fablica"],"inLanguage":"es","potentialAction":[{"@type":"CommentAction","name":"Comment","target":["https:\/\/www.sonoraenequipo.com.mx\/samuel-garcia-gobernador-de-nl-participara-en-cumbre-de-cambio-climatico-de-la-onu\/#respond"]}]},{"@type":"WebPage","@id":"https:\/\/www.sonoraenequipo.com.mx\/samuel-garcia-gobernador-de-nl-participara-en-cumbre-de-cambio-climatico-de-la-onu\/","url":"https:\/\/www.sonoraenequipo.com.mx\/samuel-garcia-gobernador-de-nl-participara-en-cumbre-de-cambio-climatico-de-la-onu\/","name":"Sonora en Equipo. Samuel Garc\u00eda, gobernador de NL, participar\u00e1 en Cumbre de Cambio Clim\u00e1tico de la ONU Rep\u00fablica","isPartOf":{"@id":"https:\/\/www.sonoraenequipo.com.mx\/#website"},"primaryImageOfPage":{"@id":"https:\/\/www.sonoraenequipo.com.mx\/samuel-garcia-gobernador-de-nl-participara-en-cumbre-de-cambio-climatico-de-la-onu\/#primaryimage"},"image":{"@id":"https:\/\/www.sonoraenequipo.com.mx\/samuel-garcia-gobernador-de-nl-participara-en-cumbre-de-cambio-climatico-de-la-onu\/#primaryimage"},"thumbnailUrl":"https:\/\/www.sonoraenequipo.com.mx\/storage\/2021\/10\/samuel_garcia_sepul_opt.jpg","datePublished":"2021-10-22T18:20:47+00:00","dateModified":"2021-10-22T20:22:44+00:00","description":"MONTERREY, NUEVO LE\u00d3N. MX. \u2014 El gobernador de Nuevo Le\u00f3n, Samuel Garc\u00eda Sep\u00falveda, anunci\u00f3 su participaci\u00f3n en la Cumbre de Cambio Clim\u00e1tico que realiza En Sonora en Equipo publicamos toda la informaci\u00f3n de Sonora, M\u00e9xico y el Mundo de manera oportuna y busca que la libertad de expresi\u00f3n sea real. Visita nuestro medio informativo publicado desde Hermosillo, Sonora. %","breadcrumb":{"@id":"https:\/\/www.sonoraenequipo.com.mx\/samuel-garcia-gobernador-de-nl-participara-en-cumbre-de-cambio-climatico-de-la-onu\/#breadcrumb"},"inLanguage":"es","potentialAction":[{"@type":"ReadAction","target":["https:\/\/www.sonoraenequipo.com.mx\/samuel-garcia-gobernador-de-nl-participara-en-cumbre-de-cambio-climatico-de-la-onu\/"]}]},{"@type":"ImageObject","inLanguage":"es","@id":"https:\/\/www.sonoraenequipo.com.mx\/samuel-garcia-gobernador-de-nl-participara-en-cumbre-de-cambio-climatico-de-la-onu\/#primaryimage","url":"https:\/\/www.sonoraenequipo.com.mx\/storage\/2021\/10\/samuel_garcia_sepul_opt.jpg","contentUrl":"https:\/\/www.sonoraenequipo.com.mx\/storage\/2021\/10\/samuel_garcia_sepul_opt.jpg","width":700,"height":400},{"@type":"BreadcrumbList","@id":"https:\/\/www.sonoraenequipo.com.mx\/samuel-garcia-gobernador-de-nl-participara-en-cumbre-de-cambio-climatico-de-la-onu\/#breadcrumb","itemListElement":[{"@type":"ListItem","position":1,"name":"Portada","item":"https:\/\/www.sonoraenequipo.com.mx\/"},{"@type":"ListItem","position":2,"name":"Samuel Garc\u00eda, gobernador de NL, participar\u00e1 en Cumbre de Cambio Clim\u00e1tico de la ONU"}]},{"@type":"WebSite","@id":"https:\/\/www.sonoraenequipo.com.mx\/#website","url":"https:\/\/www.sonoraenequipo.com.mx\/","name":"Sonora en Equipo.","description":"Diario en l\u00ednea con Noticias desde Hermosillo, Sonora","publisher":{"@id":"https:\/\/www.sonoraenequipo.com.mx\/#organization"},"potentialAction":[{"@type":"SearchAction","target":{"@type":"EntryPoint","urlTemplate":"https:\/\/www.sonoraenequipo.com.mx\/?s={search_term_string}"},"query-input":{"@type":"PropertyValueSpecification","valueRequired":true,"valueName":"search_term_string"}}],"inLanguage":"es"},{"@type":"Organization","@id":"https:\/\/www.sonoraenequipo.com.mx\/#organization","name":"Sonoraenequipo.com.mx","url":"https:\/\/www.sonoraenequipo.com.mx\/","logo":{"@type":"ImageObject","inLanguage":"es","@id":"https:\/\/www.sonoraenequipo.com.mx\/#\/schema\/logo\/image\/","url":"https:\/\/www.sonoraenequipo.com.mx\/storage\/2019\/01\/sonoraenequipo_opt.png","contentUrl":"https:\/\/www.sonoraenequipo.com.mx\/storage\/2019\/01\/sonoraenequipo_opt.png","width":375,"height":125,"caption":"Sonoraenequipo.com.mx"},"image":{"@id":"https:\/\/www.sonoraenequipo.com.mx\/#\/schema\/logo\/image\/"},"sameAs":["https:\/\/www.facebook.com\/SonoraEE\/","https:\/\/x.com\/sonoraenequipo","https:\/\/www.youtube.com\/channel\/UC338nW-lPEYmJQs4ZABQ1SQ"]},{"@type":"Person","@id":"https:\/\/www.sonoraenequipo.com.mx\/#\/schema\/person\/50102df0fb23a8fa9e8effad8fa81386","name":"enequipo","image":{"@type":"ImageObject","inLanguage":"es","@id":"https:\/\/www.sonoraenequipo.com.mx\/#\/schema\/person\/image\/","url":"https:\/\/secure.gravatar.com\/avatar\/049821681b589dabc0bc20695993ccebb09f5b5d4d790cd9251b97faac7c652b?s=96&d=blank&r=g","contentUrl":"https:\/\/secure.gravatar.com\/avatar\/049821681b589dabc0bc20695993ccebb09f5b5d4d790cd9251b97faac7c652b?s=96&d=blank&r=g","caption":"enequipo"},"sameAs":["https:\/\/www.facebook.com\/SonoraEE"]}]}},"jetpack_featured_media_url":"https:\/\/www.sonoraenequipo.com.mx\/storage\/2021\/10\/samuel_garcia_sepul_opt.jpg","_links":{"self":[{"href":"https:\/\/www.sonoraenequipo.com.mx\/api\/wp\/v2\/posts\/125650","targetHints":{"allow":["GET"]}}],"collection":[{"href":"https:\/\/www.sonoraenequipo.com.mx\/api\/wp\/v2\/posts"}],"about":[{"href":"https:\/\/www.sonoraenequipo.com.mx\/api\/wp\/v2\/types\/post"}],"author":[{"embeddable":true,"href":"https:\/\/www.sonoraenequipo.com.mx\/api\/wp\/v2\/users\/1"}],"replies":[{"embeddable":true,"href":"https:\/\/www.sonoraenequipo.com.mx\/api\/wp\/v2\/comments?post=125650"}],"version-history":[{"count":1,"href":"https:\/\/www.sonoraenequipo.com.mx\/api\/wp\/v2\/posts\/125650\/revisions"}],"predecessor-version":[{"id":125652,"href":"https:\/\/www.sonoraenequipo.com.mx\/api\/wp\/v2\/posts\/125650\/revisions\/125652"}],"wp:featuredmedia":[{"embeddable":true,"href":"https:\/\/www.sonoraenequipo.com.mx\/api\/wp\/v2\/media\/125651"}],"wp:attachment":[{"href":"https:\/\/www.sonoraenequipo.com.mx\/api\/wp\/v2\/media?parent=125650"}],"wp:term":[{"taxonomy":"category","embeddable":true,"href":"https:\/\/www.sonoraenequipo.com.mx\/api\/wp\/v2\/categories?post=125650"},{"taxonomy":"post_tag","embeddable":true,"href":"https:\/\/www.sonoraenequipo.com.mx\/api\/wp\/v2\/tags?post=125650"}],"curies":[{"name":"wp","href":"https:\/\/api.w.org\/{rel}","templated":true}]}}