{"id":125653,"date":"2021-10-22T13:00:38","date_gmt":"2021-10-22T20:00:38","guid":{"rendered":"https:\/\/www.sonoraenequipo.com.mx\/?p=125653"},"modified":"2021-10-22T14:06:42","modified_gmt":"2021-10-22T21:06:42","slug":"en-sonora-se-regularizaran-250-mil-autos-chocolate","status":"publish","type":"post","link":"https:\/\/www.sonoraenequipo.com.mx\/en-sonora-se-regularizaran-250-mil-autos-chocolate\/","title":{"rendered":"En Sonora se regularizar\u00e1n 250 MIL autos \u00abChocolate\u00bb"},"content":{"rendered":"<p>HERMOSILLO, SONORA. MX. \u2014 Tras la firma del acuerdo para la regularizaci\u00f3n de carros chocolates por parte del presidente Andr\u00e9s Manuel L\u00f3pez Obrador,<strong> Fidel Lugo Ayala representante de Sippafa<\/strong> dijo que en el estado de Sonora se beneficiar\u00e1n 250 mil familias.<\/p>\n<p>&nbsp;<\/p>\n<p> <\/p>\n<p>Expres\u00f3 que en la primera etapa de la regularizaci\u00f3n entrar\u00e1n los veh\u00edculos de los municipios de <strong>San Luis R\u00edo Colorado, Caborca, Pitiquito, Altar, Nogales, Cananea, Naco y Agua Prieta.<\/strong><\/p>\n<p>&nbsp;<\/p>\n<p>Cabe recordar que en Ensenada, Baja California, se detall\u00f3 que los beneficios de dicho acuerdo solo aplicar\u00e1n para los veh\u00edculos de procedencia extranjera que ya se encuentren dentro del territorio nacional, adem\u00e1s de que tendr\u00e1 efectos en <strong>Baja California Sur y en los estados de la frontera norte: Baja California, Sonora, Chihuahua, Coahuila, Nuevo Le\u00f3n y Tamaulipas.<\/strong><\/p>\n<p>&nbsp;<\/p>\n<p><em>\u201cAhora se les va a registrar, van a dar una cooperaci\u00f3n los que tienen estos carros de alrededor de dos mil 500 pesos, es una cooperaci\u00f3n porque ese dinero se va a quedar en Baja California y los otros Estados y se va a utilizar para tapar los baches\u00bb,<\/em> declar\u00f3 el mandatario mexicano.<\/p>\n<p>&nbsp;<\/p>\n<p>La pol\u00e9mica de<em> \u201cautos chocolate\u201d<\/em> inici\u00f3 en 2019, cuando diputados del Movimiento Regeneraci\u00f3n Nacional (Morena) propusieron legalizarlos con el argumento de recaudar 50 mil millones de pesos adicionales por 18 millones de veh\u00edculos irregulares existentes.<\/p>\n<p>&nbsp;<\/p>\n<p>Las c\u00e1maras del sector automotor, como la Asociaci\u00f3n Mexicana de Distribuidores Automotores (AMDA), han cuestionado estas cifras y han advertido de una ca\u00edda mayor al 30 por ciento en las ventas nacionales.<\/p>\n<p>&nbsp;<\/p>\n<p>(Publicada el 22\/10\/2021)<\/p>\n","protected":false},"excerpt":{"rendered":"<p>HERMOSILLO, SONORA. MX. \u2014 Tras la firma del acuerdo para la regularizaci\u00f3n de carros chocolates&#8230;<\/p>\n","protected":false},"author":1,"featured_media":125659,"comment_status":"open","ping_status":"open","sticky":false,"template":"","format":"standard","meta":{"_monsterinsights_skip_tracking":false,"_monsterinsights_sitenote_active":false,"_monsterinsights_sitenote_note":"","_monsterinsights_sitenote_category":0,"footnotes":""},"categories":[22],"tags":[],"class_list":["post"],"yoast_head":" \n<title>Sonora en Equipo. En Sonora se regularizar\u00e1n 250 MIL autos &quot;Chocolate&quot; Sonora<\/title>\n<meta name=\"description\" content=\"HERMOSILLO, SONORA. MX. \u2014 Tras la firma del acuerdo para la regularizaci\u00f3n de carros chocolates por parte del presidente Andr\u00e9s Manuel L\u00f3pez Obrador, En Sonora en Equipo publicamos toda la informaci\u00f3n de Sonora, M\u00e9xico y el Mundo de manera oportuna y busca que la libertad de expresi\u00f3n sea real. Visita nuestro medio informativo publicado desde Hermosillo, Sonora. %\" \/>\n<meta name=\"robots\" content=\"index, follow, max-snippet:-1, max-image-preview:large, max-video-preview:-1\" \/>\n<link rel=\"canonical\" href=\"https:\/\/www.sonoraenequipo.com.mx\/en-sonora-se-regularizaran-250-mil-autos-chocolate\/\" \/>\n<meta property=\"og:locale\" content=\"es_ES\" \/>\n<meta property=\"og:type\" content=\"article\" \/>\n<meta property=\"og:title\" content=\"Sonora en Equipo. En Sonora se regularizar\u00e1n 250 MIL autos &quot;Chocolate&quot; Sonora\" \/>\n<meta property=\"og:description\" content=\"HERMOSILLO, SONORA. MX. \u2014 Tras la firma del acuerdo para la regularizaci\u00f3n de carros chocolates por parte del presidente Andr\u00e9s Manuel L\u00f3pez Obrador, En Sonora en Equipo publicamos toda la informaci\u00f3n de Sonora, M\u00e9xico y el Mundo de manera oportuna y busca que la libertad de expresi\u00f3n sea real. Visita nuestro medio informativo publicado desde Hermosillo, Sonora. %\" \/>\n<meta property=\"og:url\" content=\"https:\/\/www.sonoraenequipo.com.mx\/en-sonora-se-regularizaran-250-mil-autos-chocolate\/\" \/>\n<meta property=\"og:site_name\" content=\"Sonora en Equipo.\" \/>\n<meta property=\"article:publisher\" content=\"https:\/\/www.facebook.com\/SonoraEE\/\" \/>\n<meta property=\"article:author\" content=\"https:\/\/www.facebook.com\/SonoraEE\" \/>\n<meta property=\"article:published_time\" content=\"2021-10-22T20:00:38+00:00\" \/>\n<meta property=\"article:modified_time\" content=\"2021-10-22T21:06:42+00:00\" \/>\n<meta property=\"og:image\" content=\"https:\/\/www.sonoraenequipo.com.mx\/storage\/2021\/10\/tijuana_opt.jpg\" \/>\n\t<meta property=\"og:image:width\" content=\"700\" \/>\n\t<meta property=\"og:image:height\" content=\"400\" \/>\n\t<meta property=\"og:image:type\" content=\"image\/jpeg\" \/>\n<meta name=\"author\" content=\"enequipo\" \/>\n<meta name=\"twitter:card\" content=\"summary_large_image\" \/>\n<meta name=\"twitter:creator\" content=\"@sonoraenequipo\" \/>\n<meta name=\"twitter:site\" content=\"@sonoraenequipo\" \/>\n<meta name=\"twitter:label1\" content=\"Escrito por\" \/>\n\t<meta name=\"twitter:data1\" content=\"enequipo\" \/>\n\t<meta name=\"twitter:label2\" content=\"Tiempo de lectura\" \/>\n\t<meta name=\"twitter:data2\" content=\"1 minuto\" \/>\n<script type=\"application\/ld+json\" class=\"yoast-schema-graph\">{\"@context\":\"https:\/\/schema.org\",\"@graph\":[{\"@type\":\"Article\",\"@id\":\"https:\/\/www.sonoraenequipo.com.mx\/en-sonora-se-regularizaran-250-mil-autos-chocolate\/#article\",\"isPartOf\":{\"@id\":\"https:\/\/www.sonoraenequipo.com.mx\/en-sonora-se-regularizaran-250-mil-autos-chocolate\/\"},\"author\":{\"name\":\"enequipo\",\"@id\":\"https:\/\/www.sonoraenequipo.com.mx\/#\/schema\/person\/50102df0fb23a8fa9e8effad8fa81386\"},\"headline\":\"En Sonora se regularizar\u00e1n 250 MIL autos \u00abChocolate\u00bb\",\"datePublished\":\"2021-10-22T20:00:38+00:00\",\"dateModified\":\"2021-10-22T21:06:42+00:00\",\"mainEntityOfPage\":{\"@id\":\"https:\/\/www.sonoraenequipo.com.mx\/en-sonora-se-regularizaran-250-mil-autos-chocolate\/\"},\"wordCount\":276,\"commentCount\":0,\"publisher\":{\"@id\":\"https:\/\/www.sonoraenequipo.com.mx\/#organization\"},\"image\":{\"@id\":\"https:\/\/www.sonoraenequipo.com.mx\/en-sonora-se-regularizaran-250-mil-autos-chocolate\/#primaryimage\"},\"thumbnailUrl\":\"https:\/\/www.sonoraenequipo.com.mx\/storage\/2021\/10\/tijuana_opt.jpg\",\"articleSection\":[\"Sonora\"],\"inLanguage\":\"es\",\"potentialAction\":[{\"@type\":\"CommentAction\",\"name\":\"Comment\",\"target\":[\"https:\/\/www.sonoraenequipo.com.mx\/en-sonora-se-regularizaran-250-mil-autos-chocolate\/#respond\"]}]},{\"@type\":\"WebPage\",\"@id\":\"https:\/\/www.sonoraenequipo.com.mx\/en-sonora-se-regularizaran-250-mil-autos-chocolate\/\",\"url\":\"https:\/\/www.sonoraenequipo.com.mx\/en-sonora-se-regularizaran-250-mil-autos-chocolate\/\",\"name\":\"Sonora en Equipo. En Sonora se regularizar\u00e1n 250 MIL autos \\\"Chocolate\\\" Sonora\",\"isPartOf\":{\"@id\":\"https:\/\/www.sonoraenequipo.com.mx\/#website\"},\"primaryImageOfPage\":{\"@id\":\"https:\/\/www.sonoraenequipo.com.mx\/en-sonora-se-regularizaran-250-mil-autos-chocolate\/#primaryimage\"},\"image\":{\"@id\":\"https:\/\/www.sonoraenequipo.com.mx\/en-sonora-se-regularizaran-250-mil-autos-chocolate\/#primaryimage\"},\"thumbnailUrl\":\"https:\/\/www.sonoraenequipo.com.mx\/storage\/2021\/10\/tijuana_opt.jpg\",\"datePublished\":\"2021-10-22T20:00:38+00:00\",\"dateModified\":\"2021-10-22T21:06:42+00:00\",\"description\":\"HERMOSILLO, SONORA. MX. \u2014 Tras la firma del acuerdo para la regularizaci\u00f3n de carros chocolates por parte del presidente Andr\u00e9s Manuel L\u00f3pez Obrador, En Sonora en Equipo publicamos toda la informaci\u00f3n de Sonora, M\u00e9xico y el Mundo de manera oportuna y busca que la libertad de expresi\u00f3n sea real. Visita nuestro medio informativo publicado desde Hermosillo, Sonora. %\",\"breadcrumb\":{\"@id\":\"https:\/\/www.sonoraenequipo.com.mx\/en-sonora-se-regularizaran-250-mil-autos-chocolate\/#breadcrumb\"},\"inLanguage\":\"es\",\"potentialAction\":[{\"@type\":\"ReadAction\",\"target\":[\"https:\/\/www.sonoraenequipo.com.mx\/en-sonora-se-regularizaran-250-mil-autos-chocolate\/\"]}]},{\"@type\":\"ImageObject\",\"inLanguage\":\"es\",\"@id\":\"https:\/\/www.sonoraenequipo.com.mx\/en-sonora-se-regularizaran-250-mil-autos-chocolate\/#primaryimage\",\"url\":\"https:\/\/www.sonoraenequipo.com.mx\/storage\/2021\/10\/tijuana_opt.jpg\",\"contentUrl\":\"https:\/\/www.sonoraenequipo.com.mx\/storage\/2021\/10\/tijuana_opt.jpg\",\"width\":700,\"height\":400},{\"@type\":\"BreadcrumbList\",\"@id\":\"https:\/\/www.sonoraenequipo.com.mx\/en-sonora-se-regularizaran-250-mil-autos-chocolate\/#breadcrumb\",\"itemListElement\":[{\"@type\":\"ListItem\",\"position\":1,\"name\":\"Portada\",\"item\":\"https:\/\/www.sonoraenequipo.com.mx\/\"},{\"@type\":\"ListItem\",\"position\":2,\"name\":\"En Sonora se regularizar\u00e1n 250 MIL autos \u00abChocolate\u00bb\"}]},{\"@type\":\"WebSite\",\"@id\":\"https:\/\/www.sonoraenequipo.com.mx\/#website\",\"url\":\"https:\/\/www.sonoraenequipo.com.mx\/\",\"name\":\"Sonora en Equipo.\",\"description\":\"Diario en l\u00ednea con Noticias desde Hermosillo, Sonora\",\"publisher\":{\"@id\":\"https:\/\/www.sonoraenequipo.com.mx\/#organization\"},\"potentialAction\":[{\"@type\":\"SearchAction\",\"target\":{\"@type\":\"EntryPoint\",\"urlTemplate\":\"https:\/\/www.sonoraenequipo.com.mx\/?s={search_term_string}\"},\"query-input\":{\"@type\":\"PropertyValueSpecification\",\"valueRequired\":true,\"valueName\":\"search_term_string\"}}],\"inLanguage\":\"es\"},{\"@type\":\"Organization\",\"@id\":\"https:\/\/www.sonoraenequipo.com.mx\/#organization\",\"name\":\"Sonoraenequipo.com.mx\",\"url\":\"https:\/\/www.sonoraenequipo.com.mx\/\",\"logo\":{\"@type\":\"ImageObject\",\"inLanguage\":\"es\",\"@id\":\"https:\/\/www.sonoraenequipo.com.mx\/#\/schema\/logo\/image\/\",\"url\":\"https:\/\/www.sonoraenequipo.com.mx\/storage\/2019\/01\/sonoraenequipo_opt.png\",\"contentUrl\":\"https:\/\/www.sonoraenequipo.com.mx\/storage\/2019\/01\/sonoraenequipo_opt.png\",\"width\":375,\"height\":125,\"caption\":\"Sonoraenequipo.com.mx\"},\"image\":{\"@id\":\"https:\/\/www.sonoraenequipo.com.mx\/#\/schema\/logo\/image\/\"},\"sameAs\":[\"https:\/\/www.facebook.com\/SonoraEE\/\",\"https:\/\/x.com\/sonoraenequipo\",\"https:\/\/www.youtube.com\/channel\/UC338nW-lPEYmJQs4ZABQ1SQ\"]},{\"@type\":\"Person\",\"@id\":\"https:\/\/www.sonoraenequipo.com.mx\/#\/schema\/person\/50102df0fb23a8fa9e8effad8fa81386\",\"name\":\"enequipo\",\"image\":{\"@type\":\"ImageObject\",\"inLanguage\":\"es\",\"@id\":\"https:\/\/www.sonoraenequipo.com.mx\/#\/schema\/person\/image\/\",\"url\":\"https:\/\/secure.gravatar.com\/avatar\/049821681b589dabc0bc20695993ccebb09f5b5d4d790cd9251b97faac7c652b?s=96&d=blank&r=g\",\"contentUrl\":\"https:\/\/secure.gravatar.com\/avatar\/049821681b589dabc0bc20695993ccebb09f5b5d4d790cd9251b97faac7c652b?s=96&d=blank&r=g\",\"caption\":\"enequipo\"},\"sameAs\":[\"https:\/\/www.facebook.com\/SonoraEE\"]}]}<\/script>\n ","yoast_head_json":{"title":"Sonora en Equipo. En Sonora se regularizar\u00e1n 250 MIL autos \"Chocolate\" Sonora","description":"HERMOSILLO, SONORA. MX. \u2014 Tras la firma del acuerdo para la regularizaci\u00f3n de carros chocolates por parte del presidente Andr\u00e9s Manuel L\u00f3pez Obrador, En Sonora en Equipo publicamos toda la informaci\u00f3n de Sonora, M\u00e9xico y el Mundo de manera oportuna y busca que la libertad de expresi\u00f3n sea real. Visita nuestro medio informativo publicado desde Hermosillo, Sonora. %","robots":{"index":"index","follow":"follow","max-snippet":"max-snippet:-1","max-image-preview":"max-image-preview:large","max-video-preview":"max-video-preview:-1"},"canonical":"https:\/\/www.sonoraenequipo.com.mx\/en-sonora-se-regularizaran-250-mil-autos-chocolate\/","og_locale":"es_ES","og_type":"article","og_title":"Sonora en Equipo. En Sonora se regularizar\u00e1n 250 MIL autos \"Chocolate\" Sonora","og_description":"HERMOSILLO, SONORA. MX. \u2014 Tras la firma del acuerdo para la regularizaci\u00f3n de carros chocolates por parte del presidente Andr\u00e9s Manuel L\u00f3pez Obrador, En Sonora en Equipo publicamos toda la informaci\u00f3n de Sonora, M\u00e9xico y el Mundo de manera oportuna y busca que la libertad de expresi\u00f3n sea real. Visita nuestro medio informativo publicado desde Hermosillo, Sonora. %","og_url":"https:\/\/www.sonoraenequipo.com.mx\/en-sonora-se-regularizaran-250-mil-autos-chocolate\/","og_site_name":"Sonora en Equipo.","article_publisher":"https:\/\/www.facebook.com\/SonoraEE\/","article_author":"https:\/\/www.facebook.com\/SonoraEE","article_published_time":"2021-10-22T20:00:38+00:00","article_modified_time":"2021-10-22T21:06:42+00:00","og_image":[{"width":700,"height":400,"url":"https:\/\/www.sonoraenequipo.com.mx\/storage\/2021\/10\/tijuana_opt.jpg","type":"image\/jpeg"}],"author":"enequipo","twitter_card":"summary_large_image","twitter_creator":"@sonoraenequipo","twitter_site":"@sonoraenequipo","twitter_misc":{"Escrito por":"enequipo","Tiempo de lectura":"1 minuto"},"schema":{"@context":"https:\/\/schema.org","@graph":[{"@type":"Article","@id":"https:\/\/www.sonoraenequipo.com.mx\/en-sonora-se-regularizaran-250-mil-autos-chocolate\/#article","isPartOf":{"@id":"https:\/\/www.sonoraenequipo.com.mx\/en-sonora-se-regularizaran-250-mil-autos-chocolate\/"},"author":{"name":"enequipo","@id":"https:\/\/www.sonoraenequipo.com.mx\/#\/schema\/person\/50102df0fb23a8fa9e8effad8fa81386"},"headline":"En Sonora se regularizar\u00e1n 250 MIL autos \u00abChocolate\u00bb","datePublished":"2021-10-22T20:00:38+00:00","dateModified":"2021-10-22T21:06:42+00:00","mainEntityOfPage":{"@id":"https:\/\/www.sonoraenequipo.com.mx\/en-sonora-se-regularizaran-250-mil-autos-chocolate\/"},"wordCount":276,"commentCount":0,"publisher":{"@id":"https:\/\/www.sonoraenequipo.com.mx\/#organization"},"image":{"@id":"https:\/\/www.sonoraenequipo.com.mx\/en-sonora-se-regularizaran-250-mil-autos-chocolate\/#primaryimage"},"thumbnailUrl":"https:\/\/www.sonoraenequipo.com.mx\/storage\/2021\/10\/tijuana_opt.jpg","articleSection":["Sonora"],"inLanguage":"es","potentialAction":[{"@type":"CommentAction","name":"Comment","target":["https:\/\/www.sonoraenequipo.com.mx\/en-sonora-se-regularizaran-250-mil-autos-chocolate\/#respond"]}]},{"@type":"WebPage","@id":"https:\/\/www.sonoraenequipo.com.mx\/en-sonora-se-regularizaran-250-mil-autos-chocolate\/","url":"https:\/\/www.sonoraenequipo.com.mx\/en-sonora-se-regularizaran-250-mil-autos-chocolate\/","name":"Sonora en Equipo. En Sonora se regularizar\u00e1n 250 MIL autos \"Chocolate\" Sonora","isPartOf":{"@id":"https:\/\/www.sonoraenequipo.com.mx\/#website"},"primaryImageOfPage":{"@id":"https:\/\/www.sonoraenequipo.com.mx\/en-sonora-se-regularizaran-250-mil-autos-chocolate\/#primaryimage"},"image":{"@id":"https:\/\/www.sonoraenequipo.com.mx\/en-sonora-se-regularizaran-250-mil-autos-chocolate\/#primaryimage"},"thumbnailUrl":"https:\/\/www.sonoraenequipo.com.mx\/storage\/2021\/10\/tijuana_opt.jpg","datePublished":"2021-10-22T20:00:38+00:00","dateModified":"2021-10-22T21:06:42+00:00","description":"HERMOSILLO, SONORA. MX. \u2014 Tras la firma del acuerdo para la regularizaci\u00f3n de carros chocolates por parte del presidente Andr\u00e9s Manuel L\u00f3pez Obrador, En Sonora en Equipo publicamos toda la informaci\u00f3n de Sonora, M\u00e9xico y el Mundo de manera oportuna y busca que la libertad de expresi\u00f3n sea real. Visita nuestro medio informativo publicado desde Hermosillo, Sonora. %","breadcrumb":{"@id":"https:\/\/www.sonoraenequipo.com.mx\/en-sonora-se-regularizaran-250-mil-autos-chocolate\/#breadcrumb"},"inLanguage":"es","potentialAction":[{"@type":"ReadAction","target":["https:\/\/www.sonoraenequipo.com.mx\/en-sonora-se-regularizaran-250-mil-autos-chocolate\/"]}]},{"@type":"ImageObject","inLanguage":"es","@id":"https:\/\/www.sonoraenequipo.com.mx\/en-sonora-se-regularizaran-250-mil-autos-chocolate\/#primaryimage","url":"https:\/\/www.sonoraenequipo.com.mx\/storage\/2021\/10\/tijuana_opt.jpg","contentUrl":"https:\/\/www.sonoraenequipo.com.mx\/storage\/2021\/10\/tijuana_opt.jpg","width":700,"height":400},{"@type":"BreadcrumbList","@id":"https:\/\/www.sonoraenequipo.com.mx\/en-sonora-se-regularizaran-250-mil-autos-chocolate\/#breadcrumb","itemListElement":[{"@type":"ListItem","position":1,"name":"Portada","item":"https:\/\/www.sonoraenequipo.com.mx\/"},{"@type":"ListItem","position":2,"name":"En Sonora se regularizar\u00e1n 250 MIL autos \u00abChocolate\u00bb"}]},{"@type":"WebSite","@id":"https:\/\/www.sonoraenequipo.com.mx\/#website","url":"https:\/\/www.sonoraenequipo.com.mx\/","name":"Sonora en Equipo.","description":"Diario en l\u00ednea con Noticias desde Hermosillo, Sonora","publisher":{"@id":"https:\/\/www.sonoraenequipo.com.mx\/#organization"},"potentialAction":[{"@type":"SearchAction","target":{"@type":"EntryPoint","urlTemplate":"https:\/\/www.sonoraenequipo.com.mx\/?s={search_term_string}"},"query-input":{"@type":"PropertyValueSpecification","valueRequired":true,"valueName":"search_term_string"}}],"inLanguage":"es"},{"@type":"Organization","@id":"https:\/\/www.sonoraenequipo.com.mx\/#organization","name":"Sonoraenequipo.com.mx","url":"https:\/\/www.sonoraenequipo.com.mx\/","logo":{"@type":"ImageObject","inLanguage":"es","@id":"https:\/\/www.sonoraenequipo.com.mx\/#\/schema\/logo\/image\/","url":"https:\/\/www.sonoraenequipo.com.mx\/storage\/2019\/01\/sonoraenequipo_opt.png","contentUrl":"https:\/\/www.sonoraenequipo.com.mx\/storage\/2019\/01\/sonoraenequipo_opt.png","width":375,"height":125,"caption":"Sonoraenequipo.com.mx"},"image":{"@id":"https:\/\/www.sonoraenequipo.com.mx\/#\/schema\/logo\/image\/"},"sameAs":["https:\/\/www.facebook.com\/SonoraEE\/","https:\/\/x.com\/sonoraenequipo","https:\/\/www.youtube.com\/channel\/UC338nW-lPEYmJQs4ZABQ1SQ"]},{"@type":"Person","@id":"https:\/\/www.sonoraenequipo.com.mx\/#\/schema\/person\/50102df0fb23a8fa9e8effad8fa81386","name":"enequipo","image":{"@type":"ImageObject","inLanguage":"es","@id":"https:\/\/www.sonoraenequipo.com.mx\/#\/schema\/person\/image\/","url":"https:\/\/secure.gravatar.com\/avatar\/049821681b589dabc0bc20695993ccebb09f5b5d4d790cd9251b97faac7c652b?s=96&d=blank&r=g","contentUrl":"https:\/\/secure.gravatar.com\/avatar\/049821681b589dabc0bc20695993ccebb09f5b5d4d790cd9251b97faac7c652b?s=96&d=blank&r=g","caption":"enequipo"},"sameAs":["https:\/\/www.facebook.com\/SonoraEE"]}]}},"jetpack_featured_media_url":"https:\/\/www.sonoraenequipo.com.mx\/storage\/2021\/10\/tijuana_opt.jpg","_links":{"self":[{"href":"https:\/\/www.sonoraenequipo.com.mx\/api\/wp\/v2\/posts\/125653","targetHints":{"allow":["GET"]}}],"collection":[{"href":"https:\/\/www.sonoraenequipo.com.mx\/api\/wp\/v2\/posts"}],"about":[{"href":"https:\/\/www.sonoraenequipo.com.mx\/api\/wp\/v2\/types\/post"}],"author":[{"embeddable":true,"href":"https:\/\/www.sonoraenequipo.com.mx\/api\/wp\/v2\/users\/1"}],"replies":[{"embeddable":true,"href":"https:\/\/www.sonoraenequipo.com.mx\/api\/wp\/v2\/comments?post=125653"}],"version-history":[{"count":2,"href":"https:\/\/www.sonoraenequipo.com.mx\/api\/wp\/v2\/posts\/125653\/revisions"}],"predecessor-version":[{"id":125668,"href":"https:\/\/www.sonoraenequipo.com.mx\/api\/wp\/v2\/posts\/125653\/revisions\/125668"}],"wp:featuredmedia":[{"embeddable":true,"href":"https:\/\/www.sonoraenequipo.com.mx\/api\/wp\/v2\/media\/125659"}],"wp:attachment":[{"href":"https:\/\/www.sonoraenequipo.com.mx\/api\/wp\/v2\/media?parent=125653"}],"wp:term":[{"taxonomy":"category","embeddable":true,"href":"https:\/\/www.sonoraenequipo.com.mx\/api\/wp\/v2\/categories?post=125653"},{"taxonomy":"post_tag","embeddable":true,"href":"https:\/\/www.sonoraenequipo.com.mx\/api\/wp\/v2\/tags?post=125653"}],"curies":[{"name":"wp","href":"https:\/\/api.w.org\/{rel}","templated":true}]}}