{"id":125664,"date":"2021-10-22T14:34:11","date_gmt":"2021-10-22T21:34:11","guid":{"rendered":"https:\/\/www.sonoraenequipo.com.mx\/?p=125664"},"modified":"2021-10-22T14:34:11","modified_gmt":"2021-10-22T21:34:11","slug":"imparte-ism-taller-de-prevencion-y-atencion-de-la-violencia-contra-las-mujeres","status":"publish","type":"post","link":"https:\/\/www.sonoraenequipo.com.mx\/imparte-ism-taller-de-prevencion-y-atencion-de-la-violencia-contra-las-mujeres\/","title":{"rendered":"Imparte ISM taller de prevenci\u00f3n y atenci\u00f3n de la violencia contra las mujeres"},"content":{"rendered":"<p>\u00c1LAMOS, SONORA. MX. \u2014 Dentro del marco de las acciones de la jornada de salud realizada en la comunidad de Los Estrados, fue la impartici\u00f3n del Taller en materia de prevenci\u00f3n y atenci\u00f3n de la violencia contra las mujeres, por parte del Instituto Sonorense de las Mujeres.<\/p>\n<p>&nbsp;<\/p>\n<p> <\/p>\n<p>&nbsp;<\/p>\n<p>Por su parte el Lic. V\u00edctor Manuel Balderrama C\u00e1rdenas, Presidente Municipal, expres\u00f3 que como municipio nos sumamos a las acciones que el ISM ofrece, para cada una de las familias.<\/p>\n<p>&nbsp;<\/p>\n<p><em>\u201cEs necesario escuchar porque los que coincidimos en que debemos actuar bien, la intenci\u00f3n es despertar darle siempre el valor que tienen las mujeres, en ustedes est\u00e1 lograr el equilibrio\u201d<\/em>, manifest\u00f3.<\/p>\n<p>&nbsp;<\/p>\n<p>La presentaci\u00f3n estuvo a cargo de Areli \u00c1lvarez, la cual dijo que la violencia se deriva de una conducta agresiva e intencional causada por una o varias personas, con el fin de atentar contra la integridad de un ser humano.<\/p>\n<p>&nbsp;<\/p>\n<p><em>\u201cHay varios tipos de violencia los cuales pueden ser; f\u00edsica, psicol\u00f3gica, patrimonial, econ\u00f3mica y sexual, misma que se origina en el \u00e1mbito familiar, laboral y docente, comunitario, institucional y feminicida\u201d.<\/em><\/p>\n<p>&nbsp;<\/p>\n<p>Por su parte la Lic. Silvia Jaime Haros, Coordinadoras del Programa de Atenci\u00f3n a las Instancias de las Mujeres en las Entidades Federativas (PAIMEF), manifest\u00f3 que es un deber que tienen las instituciones, nos toca quitarnos esa venda de los ojos, tanto mujeres como hombres ya que hoy en d\u00eda dijo persisten nuevas formas de relacionarnos.<\/p>\n<p>&nbsp;<\/p>\n<p><em>\u201cEs necesario que conozcan el valor que han logrado se trata de convivir en una cultura del respeto, que veamos una nueva forma de vivir, no son malos los cambios cuando estos mejoran nuestra vid<\/em>a\u201d, coment\u00f3.<\/p>\n<p>&nbsp;<\/p>\n<p>En el acto estuvieron presentes hombres y mujeres de las comunidades de Guajarai, Cejaqui y residentes de la comunidad de Los Estrados; as\u00ed mismo se les entreg\u00f3 una hoja donde evaluaban el desempe\u00f1o de la expositora y el tema abordado.<\/p>\n<p>&nbsp;<\/p>\n<p>&nbsp;<\/p>\n<p>(Publicada el 22\/10\/2021)<\/p>\n","protected":false},"excerpt":{"rendered":"<p>\u00c1LAMOS, SONORA. MX. \u2014 Dentro del marco de las acciones de la jornada de salud&#8230;<\/p>\n","protected":false},"author":1,"featured_media":125665,"comment_status":"open","ping_status":"open","sticky":false,"template":"","format":"standard","meta":{"_monsterinsights_skip_tracking":false,"_monsterinsights_sitenote_active":false,"_monsterinsights_sitenote_note":"","_monsterinsights_sitenote_category":0,"footnotes":""},"categories":[22],"tags":[],"class_list":["post"],"yoast_head":" \n<title>Sonora en Equipo. Imparte ISM taller de prevenci\u00f3n y atenci\u00f3n de la violencia contra las mujeres Sonora<\/title>\n<meta name=\"description\" content=\"\u00c1LAMOS, SONORA. MX. \u2014 Dentro del marco de las acciones de la jornada de salud realizada en la comunidad de Los Estrados, fue la impartici\u00f3n del Taller en En Sonora en Equipo publicamos toda la informaci\u00f3n de Sonora, M\u00e9xico y el Mundo de manera oportuna y busca que la libertad de expresi\u00f3n sea real. Visita nuestro medio informativo publicado desde Hermosillo, Sonora. %\" \/>\n<meta name=\"robots\" content=\"index, follow, max-snippet:-1, max-image-preview:large, max-video-preview:-1\" \/>\n<link rel=\"canonical\" href=\"https:\/\/www.sonoraenequipo.com.mx\/imparte-ism-taller-de-prevencion-y-atencion-de-la-violencia-contra-las-mujeres\/\" \/>\n<meta property=\"og:locale\" content=\"es_ES\" \/>\n<meta property=\"og:type\" content=\"article\" \/>\n<meta property=\"og:title\" content=\"Sonora en Equipo. Imparte ISM taller de prevenci\u00f3n y atenci\u00f3n de la violencia contra las mujeres Sonora\" \/>\n<meta property=\"og:description\" content=\"\u00c1LAMOS, SONORA. MX. \u2014 Dentro del marco de las acciones de la jornada de salud realizada en la comunidad de Los Estrados, fue la impartici\u00f3n del Taller en En Sonora en Equipo publicamos toda la informaci\u00f3n de Sonora, M\u00e9xico y el Mundo de manera oportuna y busca que la libertad de expresi\u00f3n sea real. Visita nuestro medio informativo publicado desde Hermosillo, Sonora. %\" \/>\n<meta property=\"og:url\" content=\"https:\/\/www.sonoraenequipo.com.mx\/imparte-ism-taller-de-prevencion-y-atencion-de-la-violencia-contra-las-mujeres\/\" \/>\n<meta property=\"og:site_name\" content=\"Sonora en Equipo.\" \/>\n<meta property=\"article:publisher\" content=\"https:\/\/www.facebook.com\/SonoraEE\/\" \/>\n<meta property=\"article:author\" content=\"https:\/\/www.facebook.com\/SonoraEE\" \/>\n<meta property=\"article:published_time\" content=\"2021-10-22T21:34:11+00:00\" \/>\n<meta property=\"og:image\" content=\"https:\/\/www.sonoraenequipo.com.mx\/storage\/2021\/10\/ism_platicas-sobre-violencia-vs-mujeres_opt.jpg\" \/>\n\t<meta property=\"og:image:width\" content=\"700\" \/>\n\t<meta property=\"og:image:height\" content=\"400\" \/>\n\t<meta property=\"og:image:type\" content=\"image\/jpeg\" \/>\n<meta name=\"author\" content=\"enequipo\" \/>\n<meta name=\"twitter:card\" content=\"summary_large_image\" \/>\n<meta name=\"twitter:creator\" content=\"@sonoraenequipo\" \/>\n<meta name=\"twitter:site\" content=\"@sonoraenequipo\" \/>\n<meta name=\"twitter:label1\" content=\"Escrito por\" \/>\n\t<meta name=\"twitter:data1\" content=\"enequipo\" \/>\n\t<meta name=\"twitter:label2\" content=\"Tiempo de lectura\" \/>\n\t<meta name=\"twitter:data2\" content=\"2 minutos\" \/>\n<script type=\"application\/ld+json\" class=\"yoast-schema-graph\">{\"@context\":\"https:\/\/schema.org\",\"@graph\":[{\"@type\":\"Article\",\"@id\":\"https:\/\/www.sonoraenequipo.com.mx\/imparte-ism-taller-de-prevencion-y-atencion-de-la-violencia-contra-las-mujeres\/#article\",\"isPartOf\":{\"@id\":\"https:\/\/www.sonoraenequipo.com.mx\/imparte-ism-taller-de-prevencion-y-atencion-de-la-violencia-contra-las-mujeres\/\"},\"author\":{\"name\":\"enequipo\",\"@id\":\"https:\/\/www.sonoraenequipo.com.mx\/#\/schema\/person\/50102df0fb23a8fa9e8effad8fa81386\"},\"headline\":\"Imparte ISM taller de prevenci\u00f3n y atenci\u00f3n de la violencia contra las mujeres\",\"datePublished\":\"2021-10-22T21:34:11+00:00\",\"mainEntityOfPage\":{\"@id\":\"https:\/\/www.sonoraenequipo.com.mx\/imparte-ism-taller-de-prevencion-y-atencion-de-la-violencia-contra-las-mujeres\/\"},\"wordCount\":349,\"commentCount\":0,\"publisher\":{\"@id\":\"https:\/\/www.sonoraenequipo.com.mx\/#organization\"},\"image\":{\"@id\":\"https:\/\/www.sonoraenequipo.com.mx\/imparte-ism-taller-de-prevencion-y-atencion-de-la-violencia-contra-las-mujeres\/#primaryimage\"},\"thumbnailUrl\":\"https:\/\/www.sonoraenequipo.com.mx\/storage\/2021\/10\/ism_platicas-sobre-violencia-vs-mujeres_opt.jpg\",\"articleSection\":[\"Sonora\"],\"inLanguage\":\"es\",\"potentialAction\":[{\"@type\":\"CommentAction\",\"name\":\"Comment\",\"target\":[\"https:\/\/www.sonoraenequipo.com.mx\/imparte-ism-taller-de-prevencion-y-atencion-de-la-violencia-contra-las-mujeres\/#respond\"]}]},{\"@type\":\"WebPage\",\"@id\":\"https:\/\/www.sonoraenequipo.com.mx\/imparte-ism-taller-de-prevencion-y-atencion-de-la-violencia-contra-las-mujeres\/\",\"url\":\"https:\/\/www.sonoraenequipo.com.mx\/imparte-ism-taller-de-prevencion-y-atencion-de-la-violencia-contra-las-mujeres\/\",\"name\":\"Sonora en Equipo. Imparte ISM taller de prevenci\u00f3n y atenci\u00f3n de la violencia contra las mujeres Sonora\",\"isPartOf\":{\"@id\":\"https:\/\/www.sonoraenequipo.com.mx\/#website\"},\"primaryImageOfPage\":{\"@id\":\"https:\/\/www.sonoraenequipo.com.mx\/imparte-ism-taller-de-prevencion-y-atencion-de-la-violencia-contra-las-mujeres\/#primaryimage\"},\"image\":{\"@id\":\"https:\/\/www.sonoraenequipo.com.mx\/imparte-ism-taller-de-prevencion-y-atencion-de-la-violencia-contra-las-mujeres\/#primaryimage\"},\"thumbnailUrl\":\"https:\/\/www.sonoraenequipo.com.mx\/storage\/2021\/10\/ism_platicas-sobre-violencia-vs-mujeres_opt.jpg\",\"datePublished\":\"2021-10-22T21:34:11+00:00\",\"description\":\"\u00c1LAMOS, SONORA. MX. \u2014 Dentro del marco de las acciones de la jornada de salud realizada en la comunidad de Los Estrados, fue la impartici\u00f3n del Taller en En Sonora en Equipo publicamos toda la informaci\u00f3n de Sonora, M\u00e9xico y el Mundo de manera oportuna y busca que la libertad de expresi\u00f3n sea real. Visita nuestro medio informativo publicado desde Hermosillo, Sonora. %\",\"breadcrumb\":{\"@id\":\"https:\/\/www.sonoraenequipo.com.mx\/imparte-ism-taller-de-prevencion-y-atencion-de-la-violencia-contra-las-mujeres\/#breadcrumb\"},\"inLanguage\":\"es\",\"potentialAction\":[{\"@type\":\"ReadAction\",\"target\":[\"https:\/\/www.sonoraenequipo.com.mx\/imparte-ism-taller-de-prevencion-y-atencion-de-la-violencia-contra-las-mujeres\/\"]}]},{\"@type\":\"ImageObject\",\"inLanguage\":\"es\",\"@id\":\"https:\/\/www.sonoraenequipo.com.mx\/imparte-ism-taller-de-prevencion-y-atencion-de-la-violencia-contra-las-mujeres\/#primaryimage\",\"url\":\"https:\/\/www.sonoraenequipo.com.mx\/storage\/2021\/10\/ism_platicas-sobre-violencia-vs-mujeres_opt.jpg\",\"contentUrl\":\"https:\/\/www.sonoraenequipo.com.mx\/storage\/2021\/10\/ism_platicas-sobre-violencia-vs-mujeres_opt.jpg\",\"width\":700,\"height\":400},{\"@type\":\"BreadcrumbList\",\"@id\":\"https:\/\/www.sonoraenequipo.com.mx\/imparte-ism-taller-de-prevencion-y-atencion-de-la-violencia-contra-las-mujeres\/#breadcrumb\",\"itemListElement\":[{\"@type\":\"ListItem\",\"position\":1,\"name\":\"Portada\",\"item\":\"https:\/\/www.sonoraenequipo.com.mx\/\"},{\"@type\":\"ListItem\",\"position\":2,\"name\":\"Imparte ISM taller de prevenci\u00f3n y atenci\u00f3n de la violencia contra las mujeres\"}]},{\"@type\":\"WebSite\",\"@id\":\"https:\/\/www.sonoraenequipo.com.mx\/#website\",\"url\":\"https:\/\/www.sonoraenequipo.com.mx\/\",\"name\":\"Sonora en Equipo.\",\"description\":\"Diario en l\u00ednea con Noticias desde Hermosillo, Sonora\",\"publisher\":{\"@id\":\"https:\/\/www.sonoraenequipo.com.mx\/#organization\"},\"potentialAction\":[{\"@type\":\"SearchAction\",\"target\":{\"@type\":\"EntryPoint\",\"urlTemplate\":\"https:\/\/www.sonoraenequipo.com.mx\/?s={search_term_string}\"},\"query-input\":{\"@type\":\"PropertyValueSpecification\",\"valueRequired\":true,\"valueName\":\"search_term_string\"}}],\"inLanguage\":\"es\"},{\"@type\":\"Organization\",\"@id\":\"https:\/\/www.sonoraenequipo.com.mx\/#organization\",\"name\":\"Sonoraenequipo.com.mx\",\"url\":\"https:\/\/www.sonoraenequipo.com.mx\/\",\"logo\":{\"@type\":\"ImageObject\",\"inLanguage\":\"es\",\"@id\":\"https:\/\/www.sonoraenequipo.com.mx\/#\/schema\/logo\/image\/\",\"url\":\"https:\/\/www.sonoraenequipo.com.mx\/storage\/2019\/01\/sonoraenequipo_opt.png\",\"contentUrl\":\"https:\/\/www.sonoraenequipo.com.mx\/storage\/2019\/01\/sonoraenequipo_opt.png\",\"width\":375,\"height\":125,\"caption\":\"Sonoraenequipo.com.mx\"},\"image\":{\"@id\":\"https:\/\/www.sonoraenequipo.com.mx\/#\/schema\/logo\/image\/\"},\"sameAs\":[\"https:\/\/www.facebook.com\/SonoraEE\/\",\"https:\/\/x.com\/sonoraenequipo\",\"https:\/\/www.youtube.com\/channel\/UC338nW-lPEYmJQs4ZABQ1SQ\"]},{\"@type\":\"Person\",\"@id\":\"https:\/\/www.sonoraenequipo.com.mx\/#\/schema\/person\/50102df0fb23a8fa9e8effad8fa81386\",\"name\":\"enequipo\",\"image\":{\"@type\":\"ImageObject\",\"inLanguage\":\"es\",\"@id\":\"https:\/\/www.sonoraenequipo.com.mx\/#\/schema\/person\/image\/\",\"url\":\"https:\/\/secure.gravatar.com\/avatar\/049821681b589dabc0bc20695993ccebb09f5b5d4d790cd9251b97faac7c652b?s=96&d=blank&r=g\",\"contentUrl\":\"https:\/\/secure.gravatar.com\/avatar\/049821681b589dabc0bc20695993ccebb09f5b5d4d790cd9251b97faac7c652b?s=96&d=blank&r=g\",\"caption\":\"enequipo\"},\"sameAs\":[\"https:\/\/www.facebook.com\/SonoraEE\"]}]}<\/script>\n ","yoast_head_json":{"title":"Sonora en Equipo. Imparte ISM taller de prevenci\u00f3n y atenci\u00f3n de la violencia contra las mujeres Sonora","description":"\u00c1LAMOS, SONORA. MX. \u2014 Dentro del marco de las acciones de la jornada de salud realizada en la comunidad de Los Estrados, fue la impartici\u00f3n del Taller en En Sonora en Equipo publicamos toda la informaci\u00f3n de Sonora, M\u00e9xico y el Mundo de manera oportuna y busca que la libertad de expresi\u00f3n sea real. Visita nuestro medio informativo publicado desde Hermosillo, Sonora. %","robots":{"index":"index","follow":"follow","max-snippet":"max-snippet:-1","max-image-preview":"max-image-preview:large","max-video-preview":"max-video-preview:-1"},"canonical":"https:\/\/www.sonoraenequipo.com.mx\/imparte-ism-taller-de-prevencion-y-atencion-de-la-violencia-contra-las-mujeres\/","og_locale":"es_ES","og_type":"article","og_title":"Sonora en Equipo. Imparte ISM taller de prevenci\u00f3n y atenci\u00f3n de la violencia contra las mujeres Sonora","og_description":"\u00c1LAMOS, SONORA. MX. \u2014 Dentro del marco de las acciones de la jornada de salud realizada en la comunidad de Los Estrados, fue la impartici\u00f3n del Taller en En Sonora en Equipo publicamos toda la informaci\u00f3n de Sonora, M\u00e9xico y el Mundo de manera oportuna y busca que la libertad de expresi\u00f3n sea real. Visita nuestro medio informativo publicado desde Hermosillo, Sonora. %","og_url":"https:\/\/www.sonoraenequipo.com.mx\/imparte-ism-taller-de-prevencion-y-atencion-de-la-violencia-contra-las-mujeres\/","og_site_name":"Sonora en Equipo.","article_publisher":"https:\/\/www.facebook.com\/SonoraEE\/","article_author":"https:\/\/www.facebook.com\/SonoraEE","article_published_time":"2021-10-22T21:34:11+00:00","og_image":[{"width":700,"height":400,"url":"https:\/\/www.sonoraenequipo.com.mx\/storage\/2021\/10\/ism_platicas-sobre-violencia-vs-mujeres_opt.jpg","type":"image\/jpeg"}],"author":"enequipo","twitter_card":"summary_large_image","twitter_creator":"@sonoraenequipo","twitter_site":"@sonoraenequipo","twitter_misc":{"Escrito por":"enequipo","Tiempo de lectura":"2 minutos"},"schema":{"@context":"https:\/\/schema.org","@graph":[{"@type":"Article","@id":"https:\/\/www.sonoraenequipo.com.mx\/imparte-ism-taller-de-prevencion-y-atencion-de-la-violencia-contra-las-mujeres\/#article","isPartOf":{"@id":"https:\/\/www.sonoraenequipo.com.mx\/imparte-ism-taller-de-prevencion-y-atencion-de-la-violencia-contra-las-mujeres\/"},"author":{"name":"enequipo","@id":"https:\/\/www.sonoraenequipo.com.mx\/#\/schema\/person\/50102df0fb23a8fa9e8effad8fa81386"},"headline":"Imparte ISM taller de prevenci\u00f3n y atenci\u00f3n de la violencia contra las mujeres","datePublished":"2021-10-22T21:34:11+00:00","mainEntityOfPage":{"@id":"https:\/\/www.sonoraenequipo.com.mx\/imparte-ism-taller-de-prevencion-y-atencion-de-la-violencia-contra-las-mujeres\/"},"wordCount":349,"commentCount":0,"publisher":{"@id":"https:\/\/www.sonoraenequipo.com.mx\/#organization"},"image":{"@id":"https:\/\/www.sonoraenequipo.com.mx\/imparte-ism-taller-de-prevencion-y-atencion-de-la-violencia-contra-las-mujeres\/#primaryimage"},"thumbnailUrl":"https:\/\/www.sonoraenequipo.com.mx\/storage\/2021\/10\/ism_platicas-sobre-violencia-vs-mujeres_opt.jpg","articleSection":["Sonora"],"inLanguage":"es","potentialAction":[{"@type":"CommentAction","name":"Comment","target":["https:\/\/www.sonoraenequipo.com.mx\/imparte-ism-taller-de-prevencion-y-atencion-de-la-violencia-contra-las-mujeres\/#respond"]}]},{"@type":"WebPage","@id":"https:\/\/www.sonoraenequipo.com.mx\/imparte-ism-taller-de-prevencion-y-atencion-de-la-violencia-contra-las-mujeres\/","url":"https:\/\/www.sonoraenequipo.com.mx\/imparte-ism-taller-de-prevencion-y-atencion-de-la-violencia-contra-las-mujeres\/","name":"Sonora en Equipo. Imparte ISM taller de prevenci\u00f3n y atenci\u00f3n de la violencia contra las mujeres Sonora","isPartOf":{"@id":"https:\/\/www.sonoraenequipo.com.mx\/#website"},"primaryImageOfPage":{"@id":"https:\/\/www.sonoraenequipo.com.mx\/imparte-ism-taller-de-prevencion-y-atencion-de-la-violencia-contra-las-mujeres\/#primaryimage"},"image":{"@id":"https:\/\/www.sonoraenequipo.com.mx\/imparte-ism-taller-de-prevencion-y-atencion-de-la-violencia-contra-las-mujeres\/#primaryimage"},"thumbnailUrl":"https:\/\/www.sonoraenequipo.com.mx\/storage\/2021\/10\/ism_platicas-sobre-violencia-vs-mujeres_opt.jpg","datePublished":"2021-10-22T21:34:11+00:00","description":"\u00c1LAMOS, SONORA. MX. \u2014 Dentro del marco de las acciones de la jornada de salud realizada en la comunidad de Los Estrados, fue la impartici\u00f3n del Taller en En Sonora en Equipo publicamos toda la informaci\u00f3n de Sonora, M\u00e9xico y el Mundo de manera oportuna y busca que la libertad de expresi\u00f3n sea real. Visita nuestro medio informativo publicado desde Hermosillo, Sonora. %","breadcrumb":{"@id":"https:\/\/www.sonoraenequipo.com.mx\/imparte-ism-taller-de-prevencion-y-atencion-de-la-violencia-contra-las-mujeres\/#breadcrumb"},"inLanguage":"es","potentialAction":[{"@type":"ReadAction","target":["https:\/\/www.sonoraenequipo.com.mx\/imparte-ism-taller-de-prevencion-y-atencion-de-la-violencia-contra-las-mujeres\/"]}]},{"@type":"ImageObject","inLanguage":"es","@id":"https:\/\/www.sonoraenequipo.com.mx\/imparte-ism-taller-de-prevencion-y-atencion-de-la-violencia-contra-las-mujeres\/#primaryimage","url":"https:\/\/www.sonoraenequipo.com.mx\/storage\/2021\/10\/ism_platicas-sobre-violencia-vs-mujeres_opt.jpg","contentUrl":"https:\/\/www.sonoraenequipo.com.mx\/storage\/2021\/10\/ism_platicas-sobre-violencia-vs-mujeres_opt.jpg","width":700,"height":400},{"@type":"BreadcrumbList","@id":"https:\/\/www.sonoraenequipo.com.mx\/imparte-ism-taller-de-prevencion-y-atencion-de-la-violencia-contra-las-mujeres\/#breadcrumb","itemListElement":[{"@type":"ListItem","position":1,"name":"Portada","item":"https:\/\/www.sonoraenequipo.com.mx\/"},{"@type":"ListItem","position":2,"name":"Imparte ISM taller de prevenci\u00f3n y atenci\u00f3n de la violencia contra las mujeres"}]},{"@type":"WebSite","@id":"https:\/\/www.sonoraenequipo.com.mx\/#website","url":"https:\/\/www.sonoraenequipo.com.mx\/","name":"Sonora en Equipo.","description":"Diario en l\u00ednea con Noticias desde Hermosillo, Sonora","publisher":{"@id":"https:\/\/www.sonoraenequipo.com.mx\/#organization"},"potentialAction":[{"@type":"SearchAction","target":{"@type":"EntryPoint","urlTemplate":"https:\/\/www.sonoraenequipo.com.mx\/?s={search_term_string}"},"query-input":{"@type":"PropertyValueSpecification","valueRequired":true,"valueName":"search_term_string"}}],"inLanguage":"es"},{"@type":"Organization","@id":"https:\/\/www.sonoraenequipo.com.mx\/#organization","name":"Sonoraenequipo.com.mx","url":"https:\/\/www.sonoraenequipo.com.mx\/","logo":{"@type":"ImageObject","inLanguage":"es","@id":"https:\/\/www.sonoraenequipo.com.mx\/#\/schema\/logo\/image\/","url":"https:\/\/www.sonoraenequipo.com.mx\/storage\/2019\/01\/sonoraenequipo_opt.png","contentUrl":"https:\/\/www.sonoraenequipo.com.mx\/storage\/2019\/01\/sonoraenequipo_opt.png","width":375,"height":125,"caption":"Sonoraenequipo.com.mx"},"image":{"@id":"https:\/\/www.sonoraenequipo.com.mx\/#\/schema\/logo\/image\/"},"sameAs":["https:\/\/www.facebook.com\/SonoraEE\/","https:\/\/x.com\/sonoraenequipo","https:\/\/www.youtube.com\/channel\/UC338nW-lPEYmJQs4ZABQ1SQ"]},{"@type":"Person","@id":"https:\/\/www.sonoraenequipo.com.mx\/#\/schema\/person\/50102df0fb23a8fa9e8effad8fa81386","name":"enequipo","image":{"@type":"ImageObject","inLanguage":"es","@id":"https:\/\/www.sonoraenequipo.com.mx\/#\/schema\/person\/image\/","url":"https:\/\/secure.gravatar.com\/avatar\/049821681b589dabc0bc20695993ccebb09f5b5d4d790cd9251b97faac7c652b?s=96&d=blank&r=g","contentUrl":"https:\/\/secure.gravatar.com\/avatar\/049821681b589dabc0bc20695993ccebb09f5b5d4d790cd9251b97faac7c652b?s=96&d=blank&r=g","caption":"enequipo"},"sameAs":["https:\/\/www.facebook.com\/SonoraEE"]}]}},"jetpack_featured_media_url":"https:\/\/www.sonoraenequipo.com.mx\/storage\/2021\/10\/ism_platicas-sobre-violencia-vs-mujeres_opt.jpg","_links":{"self":[{"href":"https:\/\/www.sonoraenequipo.com.mx\/api\/wp\/v2\/posts\/125664","targetHints":{"allow":["GET"]}}],"collection":[{"href":"https:\/\/www.sonoraenequipo.com.mx\/api\/wp\/v2\/posts"}],"about":[{"href":"https:\/\/www.sonoraenequipo.com.mx\/api\/wp\/v2\/types\/post"}],"author":[{"embeddable":true,"href":"https:\/\/www.sonoraenequipo.com.mx\/api\/wp\/v2\/users\/1"}],"replies":[{"embeddable":true,"href":"https:\/\/www.sonoraenequipo.com.mx\/api\/wp\/v2\/comments?post=125664"}],"version-history":[{"count":1,"href":"https:\/\/www.sonoraenequipo.com.mx\/api\/wp\/v2\/posts\/125664\/revisions"}],"predecessor-version":[{"id":125667,"href":"https:\/\/www.sonoraenequipo.com.mx\/api\/wp\/v2\/posts\/125664\/revisions\/125667"}],"wp:featuredmedia":[{"embeddable":true,"href":"https:\/\/www.sonoraenequipo.com.mx\/api\/wp\/v2\/media\/125665"}],"wp:attachment":[{"href":"https:\/\/www.sonoraenequipo.com.mx\/api\/wp\/v2\/media?parent=125664"}],"wp:term":[{"taxonomy":"category","embeddable":true,"href":"https:\/\/www.sonoraenequipo.com.mx\/api\/wp\/v2\/categories?post=125664"},{"taxonomy":"post_tag","embeddable":true,"href":"https:\/\/www.sonoraenequipo.com.mx\/api\/wp\/v2\/tags?post=125664"}],"curies":[{"name":"wp","href":"https:\/\/api.w.org\/{rel}","templated":true}]}}