{"id":125669,"date":"2021-10-22T13:35:52","date_gmt":"2021-10-22T20:35:52","guid":{"rendered":"https:\/\/www.sonoraenequipo.com.mx\/?p=125669"},"modified":"2021-10-22T16:01:26","modified_gmt":"2021-10-22T23:01:26","slug":"avanza-integracion-de-comites-creces-en-hermosillo","status":"publish","type":"post","link":"https:\/\/www.sonoraenequipo.com.mx\/avanza-integracion-de-comites-creces-en-hermosillo\/","title":{"rendered":"HERMOSILLO.  Espera Astiazar\u00e1n terminar con 50 comit\u00e9s vecinales CRECES"},"content":{"rendered":"<p>El alcalde de Hermosillo tom\u00f3 protesta a 3 organizaciones vecinales de las colonias La Cholla y Los Arroyos<\/p>\n<p>&nbsp;<\/p>\n<p>HERMOSILLO, SONORA. MX. \u2014 El Presidente Municipal Antonio Astiazar\u00e1n confirm\u00f3 el prop\u00f3sito de cerrar el a\u00f1o 2021 con la instalaci\u00f3n de 50 comit\u00e9s vecinales CRECES en Hermosillo y sumar otros doscientos en 2022, de los cuales los primeros en constituirse ser\u00e1n tambi\u00e9n los primeros en beneficiar a sus colonias con el Presupuesto Participativo.<\/p>\n<p>&nbsp;<\/p>\n<p> <\/p>\n<p>&nbsp;<\/p>\n<p>Durante el acto formal en que vecinos de las colonias La Cholla y Los Arroyos rindieron protesta como comit\u00e9s CRECES, que suman 18 en municipio, el mun\u00edcipe agradeci\u00f3 su confianza en este modelo de trabajo coordinado con el Gobierno Municipal y solicit\u00f3 incorporar a los responsables de Polic\u00eda Preventiva y Tr\u00e1nsito a sus grupos de chat vecinales.<\/p>\n<p>&nbsp;<\/p>\n<p>&nbsp;<\/p>\n<p><em>\u201cEsto es para que ustedes tengan la seguridad de que al momento de poner algo relacionado con la inseguridad lo va a ver la Polic\u00eda Municipal, y vamos a atender de inmediato esta llamada o esta solicitud de emergencia\u201d,<\/em> explic\u00f3.<\/p>\n<p>&nbsp;<\/p>\n<p>&nbsp;<\/p>\n<p>Reconoci\u00f3 que el municipio de Hermosillo tiene un d\u00e9ficit de patrullas para cubrir las necesidades de la poblaci\u00f3n, y eso impacta en la atenci\u00f3n de un reporte, el cual tarda, en promedio, 24 minutos.<\/p>\n<p>&nbsp;<\/p>\n<p>&nbsp;<\/p>\n<p><em><img loading=\"lazy\" decoding=\"async\" class=\"size-medium  x-left\" src=\"https:\/\/www.sonoraenequipo.com.mx\/storage\/2021\/10\/Comites-CRECES-en-Hermosillo-3_opt-639x365.jpg\" alt=\"\" width=\"639\" height=\"365\" \/>\u201cQueremos que lleguen en m\u00e1ximo 5 minutos a una casa, para hacerlo necesitamos m\u00e1s patrullas y para eso necesitamos m\u00e1s presupuesto, por eso es que estamos trabajando de la mano con el Gobierno del Estado y con el Congreso del Estado para tener un presupuesto que alcance m\u00e1s\u201d<\/em>, revel\u00f3.<\/p>\n<p>&nbsp;<\/p>\n<p>&nbsp;<\/p>\n<p>El Presidente Antonio Astiazar\u00e1n tom\u00f3 protesta a los CRECES de La Cholla etapas I y II, que presiden Rosalba Hern\u00e1ndez de Alba y Maura Mireya Silva Moreno, y el de Los Arroyos, que tiene como presidente a Sandra Minerva Ramos Orozco.<\/p>\n<p>&nbsp;<\/p>\n<p>&nbsp;<\/p>\n<p>Lo acompa\u00f1aron la diputada local por el distrito XI Ivanna Celeste Taddei Arriola; Daniel Garc\u00eda Escalante, Director de Bienestar Social y Participaci\u00f3n Ciudadana del Ayuntamiento y Alonso Dur\u00f3n, Supervisor de la Polic\u00eda Preventiva y Tr\u00e1nsito de Hermosillo, as\u00ed como la regidora Sheila Cirett Carbajal.<\/p>\n<p>&nbsp;<\/p>\n<p>&nbsp;<\/p>\n<p>(Publicada el 22\/10\/2021 \/ CSHILLO 64\/2021)<\/p>\n","protected":false},"excerpt":{"rendered":"<p>El alcalde de Hermosillo tom\u00f3 protesta a 3 organizaciones vecinales de las colonias La Cholla&#8230;<\/p>\n","protected":false},"author":1,"featured_media":125680,"comment_status":"open","ping_status":"open","sticky":false,"template":"","format":"standard","meta":{"_monsterinsights_skip_tracking":false,"_monsterinsights_sitenote_active":false,"_monsterinsights_sitenote_note":"","_monsterinsights_sitenote_category":0,"footnotes":""},"categories":[4],"tags":[],"class_list":["post"],"yoast_head":" \n<title>Sonora en Equipo. HERMOSILLO. Espera Astiazar\u00e1n terminar con 50 comit\u00e9s vecinales CRECES Municipios<\/title>\n<meta name=\"description\" content=\"El alcalde de Hermosillo tom\u00f3 protesta a 3 organizaciones vecinales de las colonias La Cholla y Los Arroyos &nbsp; HERMOSILLO, SONORA. MX. \u2014 El Presidente En Sonora en Equipo publicamos toda la informaci\u00f3n de Sonora, M\u00e9xico y el Mundo de manera oportuna y busca que la libertad de expresi\u00f3n sea real. Visita nuestro medio informativo publicado desde Hermosillo, Sonora. %\" \/>\n<meta name=\"robots\" content=\"index, follow, max-snippet:-1, max-image-preview:large, max-video-preview:-1\" \/>\n<link rel=\"canonical\" href=\"https:\/\/www.sonoraenequipo.com.mx\/avanza-integracion-de-comites-creces-en-hermosillo\/\" \/>\n<meta property=\"og:locale\" content=\"es_ES\" \/>\n<meta property=\"og:type\" content=\"article\" \/>\n<meta property=\"og:title\" content=\"Sonora en Equipo. HERMOSILLO. Espera Astiazar\u00e1n terminar con 50 comit\u00e9s vecinales CRECES Municipios\" \/>\n<meta property=\"og:description\" content=\"El alcalde de Hermosillo tom\u00f3 protesta a 3 organizaciones vecinales de las colonias La Cholla y Los Arroyos &nbsp; HERMOSILLO, SONORA. MX. \u2014 El Presidente En Sonora en Equipo publicamos toda la informaci\u00f3n de Sonora, M\u00e9xico y el Mundo de manera oportuna y busca que la libertad de expresi\u00f3n sea real. Visita nuestro medio informativo publicado desde Hermosillo, Sonora. %\" \/>\n<meta property=\"og:url\" content=\"https:\/\/www.sonoraenequipo.com.mx\/avanza-integracion-de-comites-creces-en-hermosillo\/\" \/>\n<meta property=\"og:site_name\" content=\"Sonora en Equipo.\" \/>\n<meta property=\"article:publisher\" content=\"https:\/\/www.facebook.com\/SonoraEE\/\" \/>\n<meta property=\"article:author\" content=\"https:\/\/www.facebook.com\/SonoraEE\" \/>\n<meta property=\"article:published_time\" content=\"2021-10-22T20:35:52+00:00\" \/>\n<meta property=\"article:modified_time\" content=\"2021-10-22T23:01:26+00:00\" \/>\n<meta property=\"og:image\" content=\"https:\/\/www.sonoraenequipo.com.mx\/storage\/2021\/10\/Avanza-integracion-de-Comites-CRECES-en-Hermosillo-1_opt.jpg\" \/>\n\t<meta property=\"og:image:width\" content=\"700\" \/>\n\t<meta property=\"og:image:height\" content=\"400\" \/>\n\t<meta property=\"og:image:type\" content=\"image\/jpeg\" \/>\n<meta name=\"author\" content=\"enequipo\" \/>\n<meta name=\"twitter:card\" content=\"summary_large_image\" \/>\n<meta name=\"twitter:creator\" content=\"@sonoraenequipo\" \/>\n<meta name=\"twitter:site\" content=\"@sonoraenequipo\" \/>\n<meta name=\"twitter:label1\" content=\"Escrito por\" \/>\n\t<meta name=\"twitter:data1\" content=\"enequipo\" \/>\n\t<meta name=\"twitter:label2\" content=\"Tiempo de lectura\" \/>\n\t<meta name=\"twitter:data2\" content=\"2 minutos\" \/>\n<script type=\"application\/ld+json\" class=\"yoast-schema-graph\">{\"@context\":\"https:\/\/schema.org\",\"@graph\":[{\"@type\":\"Article\",\"@id\":\"https:\/\/www.sonoraenequipo.com.mx\/avanza-integracion-de-comites-creces-en-hermosillo\/#article\",\"isPartOf\":{\"@id\":\"https:\/\/www.sonoraenequipo.com.mx\/avanza-integracion-de-comites-creces-en-hermosillo\/\"},\"author\":{\"name\":\"enequipo\",\"@id\":\"https:\/\/www.sonoraenequipo.com.mx\/#\/schema\/person\/50102df0fb23a8fa9e8effad8fa81386\"},\"headline\":\"HERMOSILLO. Espera Astiazar\u00e1n terminar con 50 comit\u00e9s vecinales CRECES\",\"datePublished\":\"2021-10-22T20:35:52+00:00\",\"dateModified\":\"2021-10-22T23:01:26+00:00\",\"mainEntityOfPage\":{\"@id\":\"https:\/\/www.sonoraenequipo.com.mx\/avanza-integracion-de-comites-creces-en-hermosillo\/\"},\"wordCount\":383,\"commentCount\":0,\"publisher\":{\"@id\":\"https:\/\/www.sonoraenequipo.com.mx\/#organization\"},\"image\":{\"@id\":\"https:\/\/www.sonoraenequipo.com.mx\/avanza-integracion-de-comites-creces-en-hermosillo\/#primaryimage\"},\"thumbnailUrl\":\"https:\/\/www.sonoraenequipo.com.mx\/storage\/2021\/10\/Avanza-integracion-de-Comites-CRECES-en-Hermosillo-1_opt.jpg\",\"articleSection\":[\"Municipios\"],\"inLanguage\":\"es\",\"potentialAction\":[{\"@type\":\"CommentAction\",\"name\":\"Comment\",\"target\":[\"https:\/\/www.sonoraenequipo.com.mx\/avanza-integracion-de-comites-creces-en-hermosillo\/#respond\"]}]},{\"@type\":\"WebPage\",\"@id\":\"https:\/\/www.sonoraenequipo.com.mx\/avanza-integracion-de-comites-creces-en-hermosillo\/\",\"url\":\"https:\/\/www.sonoraenequipo.com.mx\/avanza-integracion-de-comites-creces-en-hermosillo\/\",\"name\":\"Sonora en Equipo. HERMOSILLO. Espera Astiazar\u00e1n terminar con 50 comit\u00e9s vecinales CRECES Municipios\",\"isPartOf\":{\"@id\":\"https:\/\/www.sonoraenequipo.com.mx\/#website\"},\"primaryImageOfPage\":{\"@id\":\"https:\/\/www.sonoraenequipo.com.mx\/avanza-integracion-de-comites-creces-en-hermosillo\/#primaryimage\"},\"image\":{\"@id\":\"https:\/\/www.sonoraenequipo.com.mx\/avanza-integracion-de-comites-creces-en-hermosillo\/#primaryimage\"},\"thumbnailUrl\":\"https:\/\/www.sonoraenequipo.com.mx\/storage\/2021\/10\/Avanza-integracion-de-Comites-CRECES-en-Hermosillo-1_opt.jpg\",\"datePublished\":\"2021-10-22T20:35:52+00:00\",\"dateModified\":\"2021-10-22T23:01:26+00:00\",\"description\":\"El alcalde de Hermosillo tom\u00f3 protesta a 3 organizaciones vecinales de las colonias La Cholla y Los Arroyos &nbsp; HERMOSILLO, SONORA. MX. \u2014 El Presidente En Sonora en Equipo publicamos toda la informaci\u00f3n de Sonora, M\u00e9xico y el Mundo de manera oportuna y busca que la libertad de expresi\u00f3n sea real. Visita nuestro medio informativo publicado desde Hermosillo, Sonora. %\",\"breadcrumb\":{\"@id\":\"https:\/\/www.sonoraenequipo.com.mx\/avanza-integracion-de-comites-creces-en-hermosillo\/#breadcrumb\"},\"inLanguage\":\"es\",\"potentialAction\":[{\"@type\":\"ReadAction\",\"target\":[\"https:\/\/www.sonoraenequipo.com.mx\/avanza-integracion-de-comites-creces-en-hermosillo\/\"]}]},{\"@type\":\"ImageObject\",\"inLanguage\":\"es\",\"@id\":\"https:\/\/www.sonoraenequipo.com.mx\/avanza-integracion-de-comites-creces-en-hermosillo\/#primaryimage\",\"url\":\"https:\/\/www.sonoraenequipo.com.mx\/storage\/2021\/10\/Avanza-integracion-de-Comites-CRECES-en-Hermosillo-1_opt.jpg\",\"contentUrl\":\"https:\/\/www.sonoraenequipo.com.mx\/storage\/2021\/10\/Avanza-integracion-de-Comites-CRECES-en-Hermosillo-1_opt.jpg\",\"width\":700,\"height\":400},{\"@type\":\"BreadcrumbList\",\"@id\":\"https:\/\/www.sonoraenequipo.com.mx\/avanza-integracion-de-comites-creces-en-hermosillo\/#breadcrumb\",\"itemListElement\":[{\"@type\":\"ListItem\",\"position\":1,\"name\":\"Portada\",\"item\":\"https:\/\/www.sonoraenequipo.com.mx\/\"},{\"@type\":\"ListItem\",\"position\":2,\"name\":\"HERMOSILLO. Espera Astiazar\u00e1n terminar con 50 comit\u00e9s vecinales CRECES\"}]},{\"@type\":\"WebSite\",\"@id\":\"https:\/\/www.sonoraenequipo.com.mx\/#website\",\"url\":\"https:\/\/www.sonoraenequipo.com.mx\/\",\"name\":\"Sonora en Equipo.\",\"description\":\"Diario en l\u00ednea con Noticias desde Hermosillo, Sonora\",\"publisher\":{\"@id\":\"https:\/\/www.sonoraenequipo.com.mx\/#organization\"},\"potentialAction\":[{\"@type\":\"SearchAction\",\"target\":{\"@type\":\"EntryPoint\",\"urlTemplate\":\"https:\/\/www.sonoraenequipo.com.mx\/?s={search_term_string}\"},\"query-input\":{\"@type\":\"PropertyValueSpecification\",\"valueRequired\":true,\"valueName\":\"search_term_string\"}}],\"inLanguage\":\"es\"},{\"@type\":\"Organization\",\"@id\":\"https:\/\/www.sonoraenequipo.com.mx\/#organization\",\"name\":\"Sonoraenequipo.com.mx\",\"url\":\"https:\/\/www.sonoraenequipo.com.mx\/\",\"logo\":{\"@type\":\"ImageObject\",\"inLanguage\":\"es\",\"@id\":\"https:\/\/www.sonoraenequipo.com.mx\/#\/schema\/logo\/image\/\",\"url\":\"https:\/\/www.sonoraenequipo.com.mx\/storage\/2019\/01\/sonoraenequipo_opt.png\",\"contentUrl\":\"https:\/\/www.sonoraenequipo.com.mx\/storage\/2019\/01\/sonoraenequipo_opt.png\",\"width\":375,\"height\":125,\"caption\":\"Sonoraenequipo.com.mx\"},\"image\":{\"@id\":\"https:\/\/www.sonoraenequipo.com.mx\/#\/schema\/logo\/image\/\"},\"sameAs\":[\"https:\/\/www.facebook.com\/SonoraEE\/\",\"https:\/\/x.com\/sonoraenequipo\",\"https:\/\/www.youtube.com\/channel\/UC338nW-lPEYmJQs4ZABQ1SQ\"]},{\"@type\":\"Person\",\"@id\":\"https:\/\/www.sonoraenequipo.com.mx\/#\/schema\/person\/50102df0fb23a8fa9e8effad8fa81386\",\"name\":\"enequipo\",\"image\":{\"@type\":\"ImageObject\",\"inLanguage\":\"es\",\"@id\":\"https:\/\/www.sonoraenequipo.com.mx\/#\/schema\/person\/image\/\",\"url\":\"https:\/\/secure.gravatar.com\/avatar\/049821681b589dabc0bc20695993ccebb09f5b5d4d790cd9251b97faac7c652b?s=96&d=blank&r=g\",\"contentUrl\":\"https:\/\/secure.gravatar.com\/avatar\/049821681b589dabc0bc20695993ccebb09f5b5d4d790cd9251b97faac7c652b?s=96&d=blank&r=g\",\"caption\":\"enequipo\"},\"sameAs\":[\"https:\/\/www.facebook.com\/SonoraEE\"]}]}<\/script>\n ","yoast_head_json":{"title":"Sonora en Equipo. HERMOSILLO. Espera Astiazar\u00e1n terminar con 50 comit\u00e9s vecinales CRECES Municipios","description":"El alcalde de Hermosillo tom\u00f3 protesta a 3 organizaciones vecinales de las colonias La Cholla y Los Arroyos &nbsp; HERMOSILLO, SONORA. MX. \u2014 El Presidente En Sonora en Equipo publicamos toda la informaci\u00f3n de Sonora, M\u00e9xico y el Mundo de manera oportuna y busca que la libertad de expresi\u00f3n sea real. Visita nuestro medio informativo publicado desde Hermosillo, Sonora. %","robots":{"index":"index","follow":"follow","max-snippet":"max-snippet:-1","max-image-preview":"max-image-preview:large","max-video-preview":"max-video-preview:-1"},"canonical":"https:\/\/www.sonoraenequipo.com.mx\/avanza-integracion-de-comites-creces-en-hermosillo\/","og_locale":"es_ES","og_type":"article","og_title":"Sonora en Equipo. HERMOSILLO. Espera Astiazar\u00e1n terminar con 50 comit\u00e9s vecinales CRECES Municipios","og_description":"El alcalde de Hermosillo tom\u00f3 protesta a 3 organizaciones vecinales de las colonias La Cholla y Los Arroyos &nbsp; HERMOSILLO, SONORA. MX. \u2014 El Presidente En Sonora en Equipo publicamos toda la informaci\u00f3n de Sonora, M\u00e9xico y el Mundo de manera oportuna y busca que la libertad de expresi\u00f3n sea real. Visita nuestro medio informativo publicado desde Hermosillo, Sonora. %","og_url":"https:\/\/www.sonoraenequipo.com.mx\/avanza-integracion-de-comites-creces-en-hermosillo\/","og_site_name":"Sonora en Equipo.","article_publisher":"https:\/\/www.facebook.com\/SonoraEE\/","article_author":"https:\/\/www.facebook.com\/SonoraEE","article_published_time":"2021-10-22T20:35:52+00:00","article_modified_time":"2021-10-22T23:01:26+00:00","og_image":[{"width":700,"height":400,"url":"https:\/\/www.sonoraenequipo.com.mx\/storage\/2021\/10\/Avanza-integracion-de-Comites-CRECES-en-Hermosillo-1_opt.jpg","type":"image\/jpeg"}],"author":"enequipo","twitter_card":"summary_large_image","twitter_creator":"@sonoraenequipo","twitter_site":"@sonoraenequipo","twitter_misc":{"Escrito por":"enequipo","Tiempo de lectura":"2 minutos"},"schema":{"@context":"https:\/\/schema.org","@graph":[{"@type":"Article","@id":"https:\/\/www.sonoraenequipo.com.mx\/avanza-integracion-de-comites-creces-en-hermosillo\/#article","isPartOf":{"@id":"https:\/\/www.sonoraenequipo.com.mx\/avanza-integracion-de-comites-creces-en-hermosillo\/"},"author":{"name":"enequipo","@id":"https:\/\/www.sonoraenequipo.com.mx\/#\/schema\/person\/50102df0fb23a8fa9e8effad8fa81386"},"headline":"HERMOSILLO. Espera Astiazar\u00e1n terminar con 50 comit\u00e9s vecinales CRECES","datePublished":"2021-10-22T20:35:52+00:00","dateModified":"2021-10-22T23:01:26+00:00","mainEntityOfPage":{"@id":"https:\/\/www.sonoraenequipo.com.mx\/avanza-integracion-de-comites-creces-en-hermosillo\/"},"wordCount":383,"commentCount":0,"publisher":{"@id":"https:\/\/www.sonoraenequipo.com.mx\/#organization"},"image":{"@id":"https:\/\/www.sonoraenequipo.com.mx\/avanza-integracion-de-comites-creces-en-hermosillo\/#primaryimage"},"thumbnailUrl":"https:\/\/www.sonoraenequipo.com.mx\/storage\/2021\/10\/Avanza-integracion-de-Comites-CRECES-en-Hermosillo-1_opt.jpg","articleSection":["Municipios"],"inLanguage":"es","potentialAction":[{"@type":"CommentAction","name":"Comment","target":["https:\/\/www.sonoraenequipo.com.mx\/avanza-integracion-de-comites-creces-en-hermosillo\/#respond"]}]},{"@type":"WebPage","@id":"https:\/\/www.sonoraenequipo.com.mx\/avanza-integracion-de-comites-creces-en-hermosillo\/","url":"https:\/\/www.sonoraenequipo.com.mx\/avanza-integracion-de-comites-creces-en-hermosillo\/","name":"Sonora en Equipo. HERMOSILLO. Espera Astiazar\u00e1n terminar con 50 comit\u00e9s vecinales CRECES Municipios","isPartOf":{"@id":"https:\/\/www.sonoraenequipo.com.mx\/#website"},"primaryImageOfPage":{"@id":"https:\/\/www.sonoraenequipo.com.mx\/avanza-integracion-de-comites-creces-en-hermosillo\/#primaryimage"},"image":{"@id":"https:\/\/www.sonoraenequipo.com.mx\/avanza-integracion-de-comites-creces-en-hermosillo\/#primaryimage"},"thumbnailUrl":"https:\/\/www.sonoraenequipo.com.mx\/storage\/2021\/10\/Avanza-integracion-de-Comites-CRECES-en-Hermosillo-1_opt.jpg","datePublished":"2021-10-22T20:35:52+00:00","dateModified":"2021-10-22T23:01:26+00:00","description":"El alcalde de Hermosillo tom\u00f3 protesta a 3 organizaciones vecinales de las colonias La Cholla y Los Arroyos &nbsp; HERMOSILLO, SONORA. MX. \u2014 El Presidente En Sonora en Equipo publicamos toda la informaci\u00f3n de Sonora, M\u00e9xico y el Mundo de manera oportuna y busca que la libertad de expresi\u00f3n sea real. Visita nuestro medio informativo publicado desde Hermosillo, Sonora. %","breadcrumb":{"@id":"https:\/\/www.sonoraenequipo.com.mx\/avanza-integracion-de-comites-creces-en-hermosillo\/#breadcrumb"},"inLanguage":"es","potentialAction":[{"@type":"ReadAction","target":["https:\/\/www.sonoraenequipo.com.mx\/avanza-integracion-de-comites-creces-en-hermosillo\/"]}]},{"@type":"ImageObject","inLanguage":"es","@id":"https:\/\/www.sonoraenequipo.com.mx\/avanza-integracion-de-comites-creces-en-hermosillo\/#primaryimage","url":"https:\/\/www.sonoraenequipo.com.mx\/storage\/2021\/10\/Avanza-integracion-de-Comites-CRECES-en-Hermosillo-1_opt.jpg","contentUrl":"https:\/\/www.sonoraenequipo.com.mx\/storage\/2021\/10\/Avanza-integracion-de-Comites-CRECES-en-Hermosillo-1_opt.jpg","width":700,"height":400},{"@type":"BreadcrumbList","@id":"https:\/\/www.sonoraenequipo.com.mx\/avanza-integracion-de-comites-creces-en-hermosillo\/#breadcrumb","itemListElement":[{"@type":"ListItem","position":1,"name":"Portada","item":"https:\/\/www.sonoraenequipo.com.mx\/"},{"@type":"ListItem","position":2,"name":"HERMOSILLO. Espera Astiazar\u00e1n terminar con 50 comit\u00e9s vecinales CRECES"}]},{"@type":"WebSite","@id":"https:\/\/www.sonoraenequipo.com.mx\/#website","url":"https:\/\/www.sonoraenequipo.com.mx\/","name":"Sonora en Equipo.","description":"Diario en l\u00ednea con Noticias desde Hermosillo, Sonora","publisher":{"@id":"https:\/\/www.sonoraenequipo.com.mx\/#organization"},"potentialAction":[{"@type":"SearchAction","target":{"@type":"EntryPoint","urlTemplate":"https:\/\/www.sonoraenequipo.com.mx\/?s={search_term_string}"},"query-input":{"@type":"PropertyValueSpecification","valueRequired":true,"valueName":"search_term_string"}}],"inLanguage":"es"},{"@type":"Organization","@id":"https:\/\/www.sonoraenequipo.com.mx\/#organization","name":"Sonoraenequipo.com.mx","url":"https:\/\/www.sonoraenequipo.com.mx\/","logo":{"@type":"ImageObject","inLanguage":"es","@id":"https:\/\/www.sonoraenequipo.com.mx\/#\/schema\/logo\/image\/","url":"https:\/\/www.sonoraenequipo.com.mx\/storage\/2019\/01\/sonoraenequipo_opt.png","contentUrl":"https:\/\/www.sonoraenequipo.com.mx\/storage\/2019\/01\/sonoraenequipo_opt.png","width":375,"height":125,"caption":"Sonoraenequipo.com.mx"},"image":{"@id":"https:\/\/www.sonoraenequipo.com.mx\/#\/schema\/logo\/image\/"},"sameAs":["https:\/\/www.facebook.com\/SonoraEE\/","https:\/\/x.com\/sonoraenequipo","https:\/\/www.youtube.com\/channel\/UC338nW-lPEYmJQs4ZABQ1SQ"]},{"@type":"Person","@id":"https:\/\/www.sonoraenequipo.com.mx\/#\/schema\/person\/50102df0fb23a8fa9e8effad8fa81386","name":"enequipo","image":{"@type":"ImageObject","inLanguage":"es","@id":"https:\/\/www.sonoraenequipo.com.mx\/#\/schema\/person\/image\/","url":"https:\/\/secure.gravatar.com\/avatar\/049821681b589dabc0bc20695993ccebb09f5b5d4d790cd9251b97faac7c652b?s=96&d=blank&r=g","contentUrl":"https:\/\/secure.gravatar.com\/avatar\/049821681b589dabc0bc20695993ccebb09f5b5d4d790cd9251b97faac7c652b?s=96&d=blank&r=g","caption":"enequipo"},"sameAs":["https:\/\/www.facebook.com\/SonoraEE"]}]}},"jetpack_featured_media_url":"https:\/\/www.sonoraenequipo.com.mx\/storage\/2021\/10\/Avanza-integracion-de-Comites-CRECES-en-Hermosillo-1_opt.jpg","_links":{"self":[{"href":"https:\/\/www.sonoraenequipo.com.mx\/api\/wp\/v2\/posts\/125669","targetHints":{"allow":["GET"]}}],"collection":[{"href":"https:\/\/www.sonoraenequipo.com.mx\/api\/wp\/v2\/posts"}],"about":[{"href":"https:\/\/www.sonoraenequipo.com.mx\/api\/wp\/v2\/types\/post"}],"author":[{"embeddable":true,"href":"https:\/\/www.sonoraenequipo.com.mx\/api\/wp\/v2\/users\/1"}],"replies":[{"embeddable":true,"href":"https:\/\/www.sonoraenequipo.com.mx\/api\/wp\/v2\/comments?post=125669"}],"version-history":[{"count":3,"href":"https:\/\/www.sonoraenequipo.com.mx\/api\/wp\/v2\/posts\/125669\/revisions"}],"predecessor-version":[{"id":125683,"href":"https:\/\/www.sonoraenequipo.com.mx\/api\/wp\/v2\/posts\/125669\/revisions\/125683"}],"wp:featuredmedia":[{"embeddable":true,"href":"https:\/\/www.sonoraenequipo.com.mx\/api\/wp\/v2\/media\/125680"}],"wp:attachment":[{"href":"https:\/\/www.sonoraenequipo.com.mx\/api\/wp\/v2\/media?parent=125669"}],"wp:term":[{"taxonomy":"category","embeddable":true,"href":"https:\/\/www.sonoraenequipo.com.mx\/api\/wp\/v2\/categories?post=125669"},{"taxonomy":"post_tag","embeddable":true,"href":"https:\/\/www.sonoraenequipo.com.mx\/api\/wp\/v2\/tags?post=125669"}],"curies":[{"name":"wp","href":"https:\/\/api.w.org\/{rel}","templated":true}]}}