{"id":125684,"date":"2021-10-22T16:22:51","date_gmt":"2021-10-22T23:22:51","guid":{"rendered":"https:\/\/www.sonoraenequipo.com.mx\/?p=125684"},"modified":"2021-10-22T16:24:22","modified_gmt":"2021-10-22T23:24:22","slug":"inicia-congreso-internacional-convision-2021-intercambio-de-conocimientos-vinculacion-con-sector-empresarial","status":"publish","type":"post","link":"https:\/\/www.sonoraenequipo.com.mx\/inicia-congreso-internacional-convision-2021-intercambio-de-conocimientos-vinculacion-con-sector-empresarial\/","title":{"rendered":"Inicia Congreso Internacional Convisi\u00f3n 2021: intercambio de conocimientos, vinculaci\u00f3n con sector empresarial"},"content":{"rendered":"<p>HERMOSILLO, SONORA. MX. \u2014 Con la tem\u00e1tica Las tendencias de la tecnolog\u00eda y la sustentabilidad y el objetivo de constituirse en un espacio colaborativo para compartir conocimientos, experiencias y herramientas sobre los retos y oportunidades del actual entorno digital de las universidades y el sector empresarial, se inaugur\u00f3 en la Universidad de Sonora el XV Congreso Internacional Convisi\u00f3n 2021.<\/p>\n<p>&nbsp;<\/p>\n<p> <\/p>\n<p>&nbsp;<\/p>\n<p>En representaci\u00f3n de la rectora Mar\u00eda Rita Plancarte Mart\u00ednez, la vicerrectora de la Unidad Regional Centro, Luz Mar\u00eda Dur\u00e1n Moreno puso en marcha los trabajos se\u00f1alando que este tipo de eventos ayudan a la reflexi\u00f3n, intercambio de conocimientos, as\u00ed como a fortalecer las relaciones de vinculaci\u00f3n y colaboraci\u00f3n con el sector empresarial, especialmente sustentados en el compromiso de perfilar de mejor manera a los estudiantes que se forman en la Divisi\u00f3n de Ciencias Econ\u00f3micas y Administrativas.<\/p>\n<p>&nbsp;<\/p>\n<p>La tem\u00e1tica del congreso, dijo, implica la gran oportunidad para abordar y pactar varios objetivos como la formaci\u00f3n integral de los estudiantes a trav\u00e9s de pr\u00e1cticas profesionales y servicio social en entornos laborales. \u201cEste v\u00ednculo representa precisamente un punto central en la formaci\u00f3n de nuestros estudiantes, de ah\u00ed la trascendencia de la realizaci\u00f3n de este acercamiento con las entidades y organizaciones del entorno\u201d, reiter\u00f3 la funcionaria universitaria.<\/p>\n<p>&nbsp;<\/p>\n<p>Dur\u00e1n Moreno afirm\u00f3 que este encuentro es tambi\u00e9n una oportunidad para dar a conocer los esfuerzos que se realizan en el campus universitario en diversas l\u00edneas de investigaci\u00f3n, generaci\u00f3n y aplicaci\u00f3n del conocimiento, as\u00ed como servicios y proyectos de intervenci\u00f3n para la resoluci\u00f3n de problemas del entorno.<\/p>\n<p>&nbsp;<\/p>\n<p><em>\u201cTenemos el compromiso de generar sinergia buscando la colaboraci\u00f3n con diferentes organizaciones, empresas y sectores que nos permite poder cumplir con nuestra responsabilidad social como instituci\u00f3n de ense\u00f1anza superior\u201d<\/em>, sostuvo, reiterando que el congreso propiciar\u00e1 momentos de reflexi\u00f3n, an\u00e1lisis e intercambio de conocimientos de manera conjunta y esp\u00edritu colaborativo.<\/p>\n<p>&nbsp;<\/p>\n<p>Mar\u00eda Elena Robles Baldenegro, directora de la Divisi\u00f3n de Ciencias Econ\u00f3micas y Administrativas, destac\u00f3 la importancia de atender la tecnolog\u00eda y la sustentabilidad, cuyos temas, indic\u00f3, son propios de las \u00faltimas tendencias de lo que sucede a nivel global, adem\u00e1s de mencionar c\u00f3mo la Unesco nos marca en su agenda los 17 objetivos del desarrollo sustentable.<\/p>\n<p>&nbsp;<\/p>\n<p><em>\u201cEn estos dos d\u00edas de trabajo creemos que podemos redirigir planes educativos e identificar nuevas estrategias que ayuden a cumplir cabalmente con la b\u00fasqueda de que nuestro mundo y las sociedades que lo conforman tengan una mejor calidad de vida; en eso estamos enfocados contando con la comunidad universitaria y la externa, como es en este caso la empresarial\u201d.<\/em><\/p>\n<p>&nbsp;<\/p>\n<p>Robles Baldenegro expres\u00f3 que las empresas del entorno son parte primordial en este proceso de vinculaci\u00f3n porque reciben a nuestros egresados y ayudan a que los planes educativos sean viables y pertinentes.<\/p>\n<p>&nbsp;<\/p>\n<p>Ismael Gast\u00e9lum Castro, jefe del Departamento de Contabilidad, tras ofrecer la bienvenida a los participantes, expres\u00f3 su satisfacci\u00f3n de tener la oportunidad de que en el evento se compartan experiencias y conocimientos en el \u00e1rea con profesionales y la comunidad universitaria.<\/p>\n<p>&nbsp;<\/p>\n<p>A su vez, V\u00edctor Manuel Delgado Moreno, coordinador general del congreso, explic\u00f3 que el comit\u00e9 organizador prepar\u00f3 un programa integrado por conferencias magistrales, tanto nacionales como internacionales presentadas por expertos en diferentes temas de vanguardia, adem\u00e1s de un panel empresarial y talleres relacionados con marketing, redes sociales, software, impuestos innovaci\u00f3n, entre otros temas.<\/p>\n<p>&nbsp;<\/p>\n<p>Expres\u00f3 que el evento est\u00e1 dirigido a investigadores, profesores, empresarios, directivos, consultores y estudiantes relacionados con las ciencias econ\u00f3micas y administrativas y que en el caso de los estudiantes ellos podr\u00e1n participar con sus trabajos in\u00e9ditos de proyectos de investigaci\u00f3n, tesis o reportes, para ser presentados bajo la modalidad de ponencias.<\/p>\n<p>&nbsp;<\/p>\n<p>Las \u00e1reas de conocimiento del congreso Convisi\u00f3n 2021 tienen los siguientes ejes tem\u00e1ticos: Administraci\u00f3n y desarrollo sustentable; Emprendimiento e innovaci\u00f3n; Mercadotecnia; Gobernanza y participaci\u00f3n ciudadana; Contabilidad, impuestos y auditor\u00eda; An\u00e1lisis econ\u00f3mico y econom\u00eda internacional; Finanzas y negocios; Investigaci\u00f3n y docencia; Turismo; Tecnolog\u00eda y Educaci\u00f3n a distancia; Tendencias de la tecnolog\u00eda, y Automatizaci\u00f3n con ayuda de inteligencia artificial y rob\u00f3tica<\/p>\n<p>&nbsp;<\/p>\n<p>PUBLICADO EL 22\/10\/2021 Con informaci\u00f3n de CS- UniSon)<\/p>\n","protected":false},"excerpt":{"rendered":"<p>HERMOSILLO, SONORA. MX. \u2014 Con la tem\u00e1tica Las tendencias de la tecnolog\u00eda y la sustentabilidad&#8230;<\/p>\n","protected":false},"author":1,"featured_media":125685,"comment_status":"open","ping_status":"open","sticky":false,"template":"","format":"standard","meta":{"_monsterinsights_skip_tracking":false,"_monsterinsights_sitenote_active":false,"_monsterinsights_sitenote_note":"","_monsterinsights_sitenote_category":0,"footnotes":""},"categories":[22],"tags":[],"class_list":["post"],"yoast_head":" \n<title>Sonora en Equipo. Inicia Congreso Internacional Convisi\u00f3n 2021: intercambio de conocimientos, vinculaci\u00f3n con sector empresarial Sonora<\/title>\n<meta name=\"description\" content=\"HERMOSILLO, SONORA. MX. \u2014 Con la tem\u00e1tica Las tendencias de la tecnolog\u00eda y la sustentabilidad y el objetivo de constituirse en un espacio colaborativo En Sonora en Equipo publicamos toda la informaci\u00f3n de Sonora, M\u00e9xico y el Mundo de manera oportuna y busca que la libertad de expresi\u00f3n sea real. Visita nuestro medio informativo publicado desde Hermosillo, Sonora. %\" \/>\n<meta name=\"robots\" content=\"index, follow, max-snippet:-1, max-image-preview:large, max-video-preview:-1\" \/>\n<link rel=\"canonical\" href=\"https:\/\/www.sonoraenequipo.com.mx\/inicia-congreso-internacional-convision-2021-intercambio-de-conocimientos-vinculacion-con-sector-empresarial\/\" \/>\n<meta property=\"og:locale\" content=\"es_ES\" \/>\n<meta property=\"og:type\" content=\"article\" \/>\n<meta property=\"og:title\" content=\"Sonora en Equipo. Inicia Congreso Internacional Convisi\u00f3n 2021: intercambio de conocimientos, vinculaci\u00f3n con sector empresarial Sonora\" \/>\n<meta property=\"og:description\" content=\"HERMOSILLO, SONORA. MX. \u2014 Con la tem\u00e1tica Las tendencias de la tecnolog\u00eda y la sustentabilidad y el objetivo de constituirse en un espacio colaborativo En Sonora en Equipo publicamos toda la informaci\u00f3n de Sonora, M\u00e9xico y el Mundo de manera oportuna y busca que la libertad de expresi\u00f3n sea real. Visita nuestro medio informativo publicado desde Hermosillo, Sonora. %\" \/>\n<meta property=\"og:url\" content=\"https:\/\/www.sonoraenequipo.com.mx\/inicia-congreso-internacional-convision-2021-intercambio-de-conocimientos-vinculacion-con-sector-empresarial\/\" \/>\n<meta property=\"og:site_name\" content=\"Sonora en Equipo.\" \/>\n<meta property=\"article:publisher\" content=\"https:\/\/www.facebook.com\/SonoraEE\/\" \/>\n<meta property=\"article:author\" content=\"https:\/\/www.facebook.com\/SonoraEE\" \/>\n<meta property=\"article:published_time\" content=\"2021-10-22T23:22:51+00:00\" \/>\n<meta property=\"article:modified_time\" content=\"2021-10-22T23:24:22+00:00\" \/>\n<meta property=\"og:image\" content=\"https:\/\/www.sonoraenequipo.com.mx\/storage\/2021\/10\/convision-empresarial_opt.jpg\" \/>\n\t<meta property=\"og:image:width\" content=\"700\" \/>\n\t<meta property=\"og:image:height\" content=\"400\" \/>\n\t<meta property=\"og:image:type\" content=\"image\/jpeg\" \/>\n<meta name=\"author\" content=\"enequipo\" \/>\n<meta name=\"twitter:card\" content=\"summary_large_image\" \/>\n<meta name=\"twitter:creator\" content=\"@sonoraenequipo\" \/>\n<meta name=\"twitter:site\" content=\"@sonoraenequipo\" \/>\n<meta name=\"twitter:label1\" content=\"Escrito por\" \/>\n\t<meta name=\"twitter:data1\" content=\"enequipo\" \/>\n\t<meta name=\"twitter:label2\" content=\"Tiempo de lectura\" \/>\n\t<meta name=\"twitter:data2\" content=\"4 minutos\" \/>\n<script type=\"application\/ld+json\" class=\"yoast-schema-graph\">{\"@context\":\"https:\/\/schema.org\",\"@graph\":[{\"@type\":\"Article\",\"@id\":\"https:\/\/www.sonoraenequipo.com.mx\/inicia-congreso-internacional-convision-2021-intercambio-de-conocimientos-vinculacion-con-sector-empresarial\/#article\",\"isPartOf\":{\"@id\":\"https:\/\/www.sonoraenequipo.com.mx\/inicia-congreso-internacional-convision-2021-intercambio-de-conocimientos-vinculacion-con-sector-empresarial\/\"},\"author\":{\"name\":\"enequipo\",\"@id\":\"https:\/\/www.sonoraenequipo.com.mx\/#\/schema\/person\/50102df0fb23a8fa9e8effad8fa81386\"},\"headline\":\"Inicia Congreso Internacional Convisi\u00f3n 2021: intercambio de conocimientos, vinculaci\u00f3n con sector empresarial\",\"datePublished\":\"2021-10-22T23:22:51+00:00\",\"dateModified\":\"2021-10-22T23:24:22+00:00\",\"mainEntityOfPage\":{\"@id\":\"https:\/\/www.sonoraenequipo.com.mx\/inicia-congreso-internacional-convision-2021-intercambio-de-conocimientos-vinculacion-con-sector-empresarial\/\"},\"wordCount\":747,\"commentCount\":0,\"publisher\":{\"@id\":\"https:\/\/www.sonoraenequipo.com.mx\/#organization\"},\"image\":{\"@id\":\"https:\/\/www.sonoraenequipo.com.mx\/inicia-congreso-internacional-convision-2021-intercambio-de-conocimientos-vinculacion-con-sector-empresarial\/#primaryimage\"},\"thumbnailUrl\":\"https:\/\/www.sonoraenequipo.com.mx\/storage\/2021\/10\/convision-empresarial_opt.jpg\",\"articleSection\":[\"Sonora\"],\"inLanguage\":\"es\",\"potentialAction\":[{\"@type\":\"CommentAction\",\"name\":\"Comment\",\"target\":[\"https:\/\/www.sonoraenequipo.com.mx\/inicia-congreso-internacional-convision-2021-intercambio-de-conocimientos-vinculacion-con-sector-empresarial\/#respond\"]}]},{\"@type\":\"WebPage\",\"@id\":\"https:\/\/www.sonoraenequipo.com.mx\/inicia-congreso-internacional-convision-2021-intercambio-de-conocimientos-vinculacion-con-sector-empresarial\/\",\"url\":\"https:\/\/www.sonoraenequipo.com.mx\/inicia-congreso-internacional-convision-2021-intercambio-de-conocimientos-vinculacion-con-sector-empresarial\/\",\"name\":\"Sonora en Equipo. Inicia Congreso Internacional Convisi\u00f3n 2021: intercambio de conocimientos, vinculaci\u00f3n con sector empresarial Sonora\",\"isPartOf\":{\"@id\":\"https:\/\/www.sonoraenequipo.com.mx\/#website\"},\"primaryImageOfPage\":{\"@id\":\"https:\/\/www.sonoraenequipo.com.mx\/inicia-congreso-internacional-convision-2021-intercambio-de-conocimientos-vinculacion-con-sector-empresarial\/#primaryimage\"},\"image\":{\"@id\":\"https:\/\/www.sonoraenequipo.com.mx\/inicia-congreso-internacional-convision-2021-intercambio-de-conocimientos-vinculacion-con-sector-empresarial\/#primaryimage\"},\"thumbnailUrl\":\"https:\/\/www.sonoraenequipo.com.mx\/storage\/2021\/10\/convision-empresarial_opt.jpg\",\"datePublished\":\"2021-10-22T23:22:51+00:00\",\"dateModified\":\"2021-10-22T23:24:22+00:00\",\"description\":\"HERMOSILLO, SONORA. MX. \u2014 Con la tem\u00e1tica Las tendencias de la tecnolog\u00eda y la sustentabilidad y el objetivo de constituirse en un espacio colaborativo En Sonora en Equipo publicamos toda la informaci\u00f3n de Sonora, M\u00e9xico y el Mundo de manera oportuna y busca que la libertad de expresi\u00f3n sea real. Visita nuestro medio informativo publicado desde Hermosillo, Sonora. %\",\"breadcrumb\":{\"@id\":\"https:\/\/www.sonoraenequipo.com.mx\/inicia-congreso-internacional-convision-2021-intercambio-de-conocimientos-vinculacion-con-sector-empresarial\/#breadcrumb\"},\"inLanguage\":\"es\",\"potentialAction\":[{\"@type\":\"ReadAction\",\"target\":[\"https:\/\/www.sonoraenequipo.com.mx\/inicia-congreso-internacional-convision-2021-intercambio-de-conocimientos-vinculacion-con-sector-empresarial\/\"]}]},{\"@type\":\"ImageObject\",\"inLanguage\":\"es\",\"@id\":\"https:\/\/www.sonoraenequipo.com.mx\/inicia-congreso-internacional-convision-2021-intercambio-de-conocimientos-vinculacion-con-sector-empresarial\/#primaryimage\",\"url\":\"https:\/\/www.sonoraenequipo.com.mx\/storage\/2021\/10\/convision-empresarial_opt.jpg\",\"contentUrl\":\"https:\/\/www.sonoraenequipo.com.mx\/storage\/2021\/10\/convision-empresarial_opt.jpg\",\"width\":700,\"height\":400},{\"@type\":\"BreadcrumbList\",\"@id\":\"https:\/\/www.sonoraenequipo.com.mx\/inicia-congreso-internacional-convision-2021-intercambio-de-conocimientos-vinculacion-con-sector-empresarial\/#breadcrumb\",\"itemListElement\":[{\"@type\":\"ListItem\",\"position\":1,\"name\":\"Portada\",\"item\":\"https:\/\/www.sonoraenequipo.com.mx\/\"},{\"@type\":\"ListItem\",\"position\":2,\"name\":\"Inicia Congreso Internacional Convisi\u00f3n 2021: intercambio de conocimientos, vinculaci\u00f3n con sector empresarial\"}]},{\"@type\":\"WebSite\",\"@id\":\"https:\/\/www.sonoraenequipo.com.mx\/#website\",\"url\":\"https:\/\/www.sonoraenequipo.com.mx\/\",\"name\":\"Sonora en Equipo.\",\"description\":\"Diario en l\u00ednea con Noticias desde Hermosillo, Sonora\",\"publisher\":{\"@id\":\"https:\/\/www.sonoraenequipo.com.mx\/#organization\"},\"potentialAction\":[{\"@type\":\"SearchAction\",\"target\":{\"@type\":\"EntryPoint\",\"urlTemplate\":\"https:\/\/www.sonoraenequipo.com.mx\/?s={search_term_string}\"},\"query-input\":{\"@type\":\"PropertyValueSpecification\",\"valueRequired\":true,\"valueName\":\"search_term_string\"}}],\"inLanguage\":\"es\"},{\"@type\":\"Organization\",\"@id\":\"https:\/\/www.sonoraenequipo.com.mx\/#organization\",\"name\":\"Sonoraenequipo.com.mx\",\"url\":\"https:\/\/www.sonoraenequipo.com.mx\/\",\"logo\":{\"@type\":\"ImageObject\",\"inLanguage\":\"es\",\"@id\":\"https:\/\/www.sonoraenequipo.com.mx\/#\/schema\/logo\/image\/\",\"url\":\"https:\/\/www.sonoraenequipo.com.mx\/storage\/2019\/01\/sonoraenequipo_opt.png\",\"contentUrl\":\"https:\/\/www.sonoraenequipo.com.mx\/storage\/2019\/01\/sonoraenequipo_opt.png\",\"width\":375,\"height\":125,\"caption\":\"Sonoraenequipo.com.mx\"},\"image\":{\"@id\":\"https:\/\/www.sonoraenequipo.com.mx\/#\/schema\/logo\/image\/\"},\"sameAs\":[\"https:\/\/www.facebook.com\/SonoraEE\/\",\"https:\/\/x.com\/sonoraenequipo\",\"https:\/\/www.youtube.com\/channel\/UC338nW-lPEYmJQs4ZABQ1SQ\"]},{\"@type\":\"Person\",\"@id\":\"https:\/\/www.sonoraenequipo.com.mx\/#\/schema\/person\/50102df0fb23a8fa9e8effad8fa81386\",\"name\":\"enequipo\",\"image\":{\"@type\":\"ImageObject\",\"inLanguage\":\"es\",\"@id\":\"https:\/\/www.sonoraenequipo.com.mx\/#\/schema\/person\/image\/\",\"url\":\"https:\/\/secure.gravatar.com\/avatar\/049821681b589dabc0bc20695993ccebb09f5b5d4d790cd9251b97faac7c652b?s=96&d=blank&r=g\",\"contentUrl\":\"https:\/\/secure.gravatar.com\/avatar\/049821681b589dabc0bc20695993ccebb09f5b5d4d790cd9251b97faac7c652b?s=96&d=blank&r=g\",\"caption\":\"enequipo\"},\"sameAs\":[\"https:\/\/www.facebook.com\/SonoraEE\"]}]}<\/script>\n ","yoast_head_json":{"title":"Sonora en Equipo. Inicia Congreso Internacional Convisi\u00f3n 2021: intercambio de conocimientos, vinculaci\u00f3n con sector empresarial Sonora","description":"HERMOSILLO, SONORA. MX. \u2014 Con la tem\u00e1tica Las tendencias de la tecnolog\u00eda y la sustentabilidad y el objetivo de constituirse en un espacio colaborativo En Sonora en Equipo publicamos toda la informaci\u00f3n de Sonora, M\u00e9xico y el Mundo de manera oportuna y busca que la libertad de expresi\u00f3n sea real. Visita nuestro medio informativo publicado desde Hermosillo, Sonora. %","robots":{"index":"index","follow":"follow","max-snippet":"max-snippet:-1","max-image-preview":"max-image-preview:large","max-video-preview":"max-video-preview:-1"},"canonical":"https:\/\/www.sonoraenequipo.com.mx\/inicia-congreso-internacional-convision-2021-intercambio-de-conocimientos-vinculacion-con-sector-empresarial\/","og_locale":"es_ES","og_type":"article","og_title":"Sonora en Equipo. Inicia Congreso Internacional Convisi\u00f3n 2021: intercambio de conocimientos, vinculaci\u00f3n con sector empresarial Sonora","og_description":"HERMOSILLO, SONORA. MX. \u2014 Con la tem\u00e1tica Las tendencias de la tecnolog\u00eda y la sustentabilidad y el objetivo de constituirse en un espacio colaborativo En Sonora en Equipo publicamos toda la informaci\u00f3n de Sonora, M\u00e9xico y el Mundo de manera oportuna y busca que la libertad de expresi\u00f3n sea real. Visita nuestro medio informativo publicado desde Hermosillo, Sonora. %","og_url":"https:\/\/www.sonoraenequipo.com.mx\/inicia-congreso-internacional-convision-2021-intercambio-de-conocimientos-vinculacion-con-sector-empresarial\/","og_site_name":"Sonora en Equipo.","article_publisher":"https:\/\/www.facebook.com\/SonoraEE\/","article_author":"https:\/\/www.facebook.com\/SonoraEE","article_published_time":"2021-10-22T23:22:51+00:00","article_modified_time":"2021-10-22T23:24:22+00:00","og_image":[{"width":700,"height":400,"url":"https:\/\/www.sonoraenequipo.com.mx\/storage\/2021\/10\/convision-empresarial_opt.jpg","type":"image\/jpeg"}],"author":"enequipo","twitter_card":"summary_large_image","twitter_creator":"@sonoraenequipo","twitter_site":"@sonoraenequipo","twitter_misc":{"Escrito por":"enequipo","Tiempo de lectura":"4 minutos"},"schema":{"@context":"https:\/\/schema.org","@graph":[{"@type":"Article","@id":"https:\/\/www.sonoraenequipo.com.mx\/inicia-congreso-internacional-convision-2021-intercambio-de-conocimientos-vinculacion-con-sector-empresarial\/#article","isPartOf":{"@id":"https:\/\/www.sonoraenequipo.com.mx\/inicia-congreso-internacional-convision-2021-intercambio-de-conocimientos-vinculacion-con-sector-empresarial\/"},"author":{"name":"enequipo","@id":"https:\/\/www.sonoraenequipo.com.mx\/#\/schema\/person\/50102df0fb23a8fa9e8effad8fa81386"},"headline":"Inicia Congreso Internacional Convisi\u00f3n 2021: intercambio de conocimientos, vinculaci\u00f3n con sector empresarial","datePublished":"2021-10-22T23:22:51+00:00","dateModified":"2021-10-22T23:24:22+00:00","mainEntityOfPage":{"@id":"https:\/\/www.sonoraenequipo.com.mx\/inicia-congreso-internacional-convision-2021-intercambio-de-conocimientos-vinculacion-con-sector-empresarial\/"},"wordCount":747,"commentCount":0,"publisher":{"@id":"https:\/\/www.sonoraenequipo.com.mx\/#organization"},"image":{"@id":"https:\/\/www.sonoraenequipo.com.mx\/inicia-congreso-internacional-convision-2021-intercambio-de-conocimientos-vinculacion-con-sector-empresarial\/#primaryimage"},"thumbnailUrl":"https:\/\/www.sonoraenequipo.com.mx\/storage\/2021\/10\/convision-empresarial_opt.jpg","articleSection":["Sonora"],"inLanguage":"es","potentialAction":[{"@type":"CommentAction","name":"Comment","target":["https:\/\/www.sonoraenequipo.com.mx\/inicia-congreso-internacional-convision-2021-intercambio-de-conocimientos-vinculacion-con-sector-empresarial\/#respond"]}]},{"@type":"WebPage","@id":"https:\/\/www.sonoraenequipo.com.mx\/inicia-congreso-internacional-convision-2021-intercambio-de-conocimientos-vinculacion-con-sector-empresarial\/","url":"https:\/\/www.sonoraenequipo.com.mx\/inicia-congreso-internacional-convision-2021-intercambio-de-conocimientos-vinculacion-con-sector-empresarial\/","name":"Sonora en Equipo. Inicia Congreso Internacional Convisi\u00f3n 2021: intercambio de conocimientos, vinculaci\u00f3n con sector empresarial Sonora","isPartOf":{"@id":"https:\/\/www.sonoraenequipo.com.mx\/#website"},"primaryImageOfPage":{"@id":"https:\/\/www.sonoraenequipo.com.mx\/inicia-congreso-internacional-convision-2021-intercambio-de-conocimientos-vinculacion-con-sector-empresarial\/#primaryimage"},"image":{"@id":"https:\/\/www.sonoraenequipo.com.mx\/inicia-congreso-internacional-convision-2021-intercambio-de-conocimientos-vinculacion-con-sector-empresarial\/#primaryimage"},"thumbnailUrl":"https:\/\/www.sonoraenequipo.com.mx\/storage\/2021\/10\/convision-empresarial_opt.jpg","datePublished":"2021-10-22T23:22:51+00:00","dateModified":"2021-10-22T23:24:22+00:00","description":"HERMOSILLO, SONORA. MX. \u2014 Con la tem\u00e1tica Las tendencias de la tecnolog\u00eda y la sustentabilidad y el objetivo de constituirse en un espacio colaborativo En Sonora en Equipo publicamos toda la informaci\u00f3n de Sonora, M\u00e9xico y el Mundo de manera oportuna y busca que la libertad de expresi\u00f3n sea real. Visita nuestro medio informativo publicado desde Hermosillo, Sonora. %","breadcrumb":{"@id":"https:\/\/www.sonoraenequipo.com.mx\/inicia-congreso-internacional-convision-2021-intercambio-de-conocimientos-vinculacion-con-sector-empresarial\/#breadcrumb"},"inLanguage":"es","potentialAction":[{"@type":"ReadAction","target":["https:\/\/www.sonoraenequipo.com.mx\/inicia-congreso-internacional-convision-2021-intercambio-de-conocimientos-vinculacion-con-sector-empresarial\/"]}]},{"@type":"ImageObject","inLanguage":"es","@id":"https:\/\/www.sonoraenequipo.com.mx\/inicia-congreso-internacional-convision-2021-intercambio-de-conocimientos-vinculacion-con-sector-empresarial\/#primaryimage","url":"https:\/\/www.sonoraenequipo.com.mx\/storage\/2021\/10\/convision-empresarial_opt.jpg","contentUrl":"https:\/\/www.sonoraenequipo.com.mx\/storage\/2021\/10\/convision-empresarial_opt.jpg","width":700,"height":400},{"@type":"BreadcrumbList","@id":"https:\/\/www.sonoraenequipo.com.mx\/inicia-congreso-internacional-convision-2021-intercambio-de-conocimientos-vinculacion-con-sector-empresarial\/#breadcrumb","itemListElement":[{"@type":"ListItem","position":1,"name":"Portada","item":"https:\/\/www.sonoraenequipo.com.mx\/"},{"@type":"ListItem","position":2,"name":"Inicia Congreso Internacional Convisi\u00f3n 2021: intercambio de conocimientos, vinculaci\u00f3n con sector empresarial"}]},{"@type":"WebSite","@id":"https:\/\/www.sonoraenequipo.com.mx\/#website","url":"https:\/\/www.sonoraenequipo.com.mx\/","name":"Sonora en Equipo.","description":"Diario en l\u00ednea con Noticias desde Hermosillo, Sonora","publisher":{"@id":"https:\/\/www.sonoraenequipo.com.mx\/#organization"},"potentialAction":[{"@type":"SearchAction","target":{"@type":"EntryPoint","urlTemplate":"https:\/\/www.sonoraenequipo.com.mx\/?s={search_term_string}"},"query-input":{"@type":"PropertyValueSpecification","valueRequired":true,"valueName":"search_term_string"}}],"inLanguage":"es"},{"@type":"Organization","@id":"https:\/\/www.sonoraenequipo.com.mx\/#organization","name":"Sonoraenequipo.com.mx","url":"https:\/\/www.sonoraenequipo.com.mx\/","logo":{"@type":"ImageObject","inLanguage":"es","@id":"https:\/\/www.sonoraenequipo.com.mx\/#\/schema\/logo\/image\/","url":"https:\/\/www.sonoraenequipo.com.mx\/storage\/2019\/01\/sonoraenequipo_opt.png","contentUrl":"https:\/\/www.sonoraenequipo.com.mx\/storage\/2019\/01\/sonoraenequipo_opt.png","width":375,"height":125,"caption":"Sonoraenequipo.com.mx"},"image":{"@id":"https:\/\/www.sonoraenequipo.com.mx\/#\/schema\/logo\/image\/"},"sameAs":["https:\/\/www.facebook.com\/SonoraEE\/","https:\/\/x.com\/sonoraenequipo","https:\/\/www.youtube.com\/channel\/UC338nW-lPEYmJQs4ZABQ1SQ"]},{"@type":"Person","@id":"https:\/\/www.sonoraenequipo.com.mx\/#\/schema\/person\/50102df0fb23a8fa9e8effad8fa81386","name":"enequipo","image":{"@type":"ImageObject","inLanguage":"es","@id":"https:\/\/www.sonoraenequipo.com.mx\/#\/schema\/person\/image\/","url":"https:\/\/secure.gravatar.com\/avatar\/049821681b589dabc0bc20695993ccebb09f5b5d4d790cd9251b97faac7c652b?s=96&d=blank&r=g","contentUrl":"https:\/\/secure.gravatar.com\/avatar\/049821681b589dabc0bc20695993ccebb09f5b5d4d790cd9251b97faac7c652b?s=96&d=blank&r=g","caption":"enequipo"},"sameAs":["https:\/\/www.facebook.com\/SonoraEE"]}]}},"jetpack_featured_media_url":"https:\/\/www.sonoraenequipo.com.mx\/storage\/2021\/10\/convision-empresarial_opt.jpg","_links":{"self":[{"href":"https:\/\/www.sonoraenequipo.com.mx\/api\/wp\/v2\/posts\/125684","targetHints":{"allow":["GET"]}}],"collection":[{"href":"https:\/\/www.sonoraenequipo.com.mx\/api\/wp\/v2\/posts"}],"about":[{"href":"https:\/\/www.sonoraenequipo.com.mx\/api\/wp\/v2\/types\/post"}],"author":[{"embeddable":true,"href":"https:\/\/www.sonoraenequipo.com.mx\/api\/wp\/v2\/users\/1"}],"replies":[{"embeddable":true,"href":"https:\/\/www.sonoraenequipo.com.mx\/api\/wp\/v2\/comments?post=125684"}],"version-history":[{"count":1,"href":"https:\/\/www.sonoraenequipo.com.mx\/api\/wp\/v2\/posts\/125684\/revisions"}],"predecessor-version":[{"id":125686,"href":"https:\/\/www.sonoraenequipo.com.mx\/api\/wp\/v2\/posts\/125684\/revisions\/125686"}],"wp:featuredmedia":[{"embeddable":true,"href":"https:\/\/www.sonoraenequipo.com.mx\/api\/wp\/v2\/media\/125685"}],"wp:attachment":[{"href":"https:\/\/www.sonoraenequipo.com.mx\/api\/wp\/v2\/media?parent=125684"}],"wp:term":[{"taxonomy":"category","embeddable":true,"href":"https:\/\/www.sonoraenequipo.com.mx\/api\/wp\/v2\/categories?post=125684"},{"taxonomy":"post_tag","embeddable":true,"href":"https:\/\/www.sonoraenequipo.com.mx\/api\/wp\/v2\/tags?post=125684"}],"curies":[{"name":"wp","href":"https:\/\/api.w.org\/{rel}","templated":true}]}}