{"id":126330,"date":"2021-10-29T20:07:17","date_gmt":"2021-10-30T03:07:17","guid":{"rendered":"https:\/\/www.sonoraenequipo.com.mx\/?p=126330"},"modified":"2021-10-29T23:02:39","modified_gmt":"2021-10-30T06:02:39","slug":"proteccion-civil-normaliza-sus-funciones-ante-semaforo-en-verde-por-covid","status":"publish","type":"post","link":"https:\/\/www.sonoraenequipo.com.mx\/proteccion-civil-normaliza-sus-funciones-ante-semaforo-en-verde-por-covid\/","title":{"rendered":"Protecci\u00f3n Civil normaliza sus funciones ante sem\u00e1foro en verde por Covid"},"content":{"rendered":"<p>HERMOSILLO, SONORA,MX.\u2500\u2500 En respuesta a que Sonora se encuentra en su sem\u00e1foro epidemiol\u00f3gico en verde por Covid-19, la Coordinaci\u00f3n Estatal de Protecci\u00f3n Civil (CEPC) reanudar\u00e1 a partir del 1 de noviembre sus operaciones de manera presencial, de acuerdo con informaci\u00f3n proporcionada por el Bolet\u00edn Oficial del Estado.<\/p>\n<p>&nbsp;<\/p>\n<p>De esta forma, todos los sujetos obligados por ley a cumplir con los programas de protecci\u00f3n civil, ya sean empresas, comercios, dependencias, entre otras, deber\u00e1n iniciar sus tr\u00e1mites ante la instituci\u00f3n.<\/p>\n<p>&nbsp;<\/p>\n<p>Las oficinas de la Coordinaci\u00f3n Estatal de Protecci\u00f3n Civil (CEPC), ya funcionan de manera regular de lunes a viernes de 08:00 a 15:00 horas para estos tr\u00e1mites, en Nayarit 289, esquina con G\u00e1ndara, colonia San Benito, en Hermosillo, Sonora.<\/p>\n<p>&nbsp;<\/p>\n<p>Desde el pasado 23 de marzo de 2020 se suspendieron los plazos y t\u00e9rminos legales en la Coordinaci\u00f3n Estatal de Protecci\u00f3n Civil como medida preventiva ante el Covid-19.<\/p>\n<p>&nbsp;<\/p>\n<p>A partir del 1 de noviembre entrante, sus funciones se normalizar\u00e1n con inspecciones presenciales en caso de ser necesario, adem\u00e1s de la atenci\u00f3n de emergencias, como se hab\u00eda llevado a cabo previamente.<\/p>\n<p>&nbsp;<\/p>\n<p>Juan Gonz\u00e1lez, titular de Protecci\u00f3n Civil, aclar\u00f3 que la normalizaci\u00f3n de labores de la dependencia no exime a los obligados por la Ley de Protecci\u00f3n Civil a cumplir los protocolos relacionados con la emergencia sanitaria por el Covid-19, por lo que se seguir\u00e1 exigiendo el uso cubrebocas, toma de temperatura, sana distancia y empleo de gel antibacterial.<\/p>\n<p>Fecha de publicaci\u00f3n viernes \/ 29 \/octubre \/ 2021\/ CS No. 1021058<\/p>\n<p>&nbsp;<\/p>\n","protected":false},"excerpt":{"rendered":"<p>HERMOSILLO, SONORA,MX.\u2500\u2500 En respuesta a que Sonora se encuentra en su sem\u00e1foro epidemiol\u00f3gico en verde&#8230;<\/p>\n","protected":false},"author":1,"featured_media":0,"comment_status":"open","ping_status":"open","sticky":false,"template":"","format":"standard","meta":{"_monsterinsights_skip_tracking":false,"_monsterinsights_sitenote_active":false,"_monsterinsights_sitenote_note":"","_monsterinsights_sitenote_category":0,"footnotes":""},"categories":[22],"tags":[],"class_list":["post"],"yoast_head":" \n<title>Sonora en Equipo. Protecci\u00f3n Civil normaliza sus funciones ante sem\u00e1foro en verde por Covid<\/title>\n<meta name=\"description\" content=\"HERMOSILLO, SONORA,MX.\u2500\u2500 En respuesta a que Sonora se encuentra en su sem\u00e1foro epidemiol\u00f3gico en verde por Covid-19, la Coordinaci\u00f3n Estatal de Protecci\u00f3n En Sonora en Equipo publicamos toda la informaci\u00f3n de Sonora, M\u00e9xico y el Mundo de manera oportuna y busca que la libertad de expresi\u00f3n sea real. Visita nuestro medio informativo publicado desde Hermosillo, Sonora. %\" \/>\n<meta name=\"robots\" content=\"index, follow, max-snippet:-1, max-image-preview:large, max-video-preview:-1\" \/>\n<link rel=\"canonical\" href=\"https:\/\/www.sonoraenequipo.com.mx\/proteccion-civil-normaliza-sus-funciones-ante-semaforo-en-verde-por-covid\/\" \/>\n<meta property=\"og:locale\" content=\"es_ES\" \/>\n<meta property=\"og:type\" content=\"article\" \/>\n<meta property=\"og:title\" content=\"Sonora en Equipo. Protecci\u00f3n Civil normaliza sus funciones ante sem\u00e1foro en verde por Covid\" \/>\n<meta property=\"og:description\" content=\"HERMOSILLO, SONORA,MX.\u2500\u2500 En respuesta a que Sonora se encuentra en su sem\u00e1foro epidemiol\u00f3gico en verde por Covid-19, la Coordinaci\u00f3n Estatal de Protecci\u00f3n En Sonora en Equipo publicamos toda la informaci\u00f3n de Sonora, M\u00e9xico y el Mundo de manera oportuna y busca que la libertad de expresi\u00f3n sea real. Visita nuestro medio informativo publicado desde Hermosillo, Sonora. %\" \/>\n<meta property=\"og:url\" content=\"https:\/\/www.sonoraenequipo.com.mx\/proteccion-civil-normaliza-sus-funciones-ante-semaforo-en-verde-por-covid\/\" \/>\n<meta property=\"og:site_name\" content=\"Sonora en Equipo.\" \/>\n<meta property=\"article:publisher\" content=\"https:\/\/www.facebook.com\/SonoraEE\/\" \/>\n<meta property=\"article:author\" content=\"https:\/\/www.facebook.com\/SonoraEE\" \/>\n<meta property=\"article:published_time\" content=\"2021-10-30T03:07:17+00:00\" \/>\n<meta property=\"article:modified_time\" content=\"2021-10-30T06:02:39+00:00\" \/>\n<meta name=\"author\" content=\"enequipo\" \/>\n<meta name=\"twitter:card\" content=\"summary_large_image\" \/>\n<meta name=\"twitter:creator\" content=\"@sonoraenequipo\" \/>\n<meta name=\"twitter:site\" content=\"@sonoraenequipo\" \/>\n<meta name=\"twitter:label1\" content=\"Escrito por\" \/>\n\t<meta name=\"twitter:data1\" content=\"enequipo\" \/>\n\t<meta name=\"twitter:label2\" content=\"Tiempo de lectura\" \/>\n\t<meta name=\"twitter:data2\" content=\"1 minuto\" \/>\n<script type=\"application\/ld+json\" class=\"yoast-schema-graph\">{\"@context\":\"https:\/\/schema.org\",\"@graph\":[{\"@type\":\"Article\",\"@id\":\"https:\/\/www.sonoraenequipo.com.mx\/proteccion-civil-normaliza-sus-funciones-ante-semaforo-en-verde-por-covid\/#article\",\"isPartOf\":{\"@id\":\"https:\/\/www.sonoraenequipo.com.mx\/proteccion-civil-normaliza-sus-funciones-ante-semaforo-en-verde-por-covid\/\"},\"author\":{\"name\":\"enequipo\",\"@id\":\"https:\/\/www.sonoraenequipo.com.mx\/#\/schema\/person\/50102df0fb23a8fa9e8effad8fa81386\"},\"headline\":\"Protecci\u00f3n Civil normaliza sus funciones ante sem\u00e1foro en verde por Covid\",\"datePublished\":\"2021-10-30T03:07:17+00:00\",\"dateModified\":\"2021-10-30T06:02:39+00:00\",\"mainEntityOfPage\":{\"@id\":\"https:\/\/www.sonoraenequipo.com.mx\/proteccion-civil-normaliza-sus-funciones-ante-semaforo-en-verde-por-covid\/\"},\"wordCount\":280,\"commentCount\":0,\"publisher\":{\"@id\":\"https:\/\/www.sonoraenequipo.com.mx\/#organization\"},\"articleSection\":[\"Sonora\"],\"inLanguage\":\"es\",\"potentialAction\":[{\"@type\":\"CommentAction\",\"name\":\"Comment\",\"target\":[\"https:\/\/www.sonoraenequipo.com.mx\/proteccion-civil-normaliza-sus-funciones-ante-semaforo-en-verde-por-covid\/#respond\"]}]},{\"@type\":\"WebPage\",\"@id\":\"https:\/\/www.sonoraenequipo.com.mx\/proteccion-civil-normaliza-sus-funciones-ante-semaforo-en-verde-por-covid\/\",\"url\":\"https:\/\/www.sonoraenequipo.com.mx\/proteccion-civil-normaliza-sus-funciones-ante-semaforo-en-verde-por-covid\/\",\"name\":\"Sonora en Equipo. Protecci\u00f3n Civil normaliza sus funciones ante sem\u00e1foro en verde por Covid\",\"isPartOf\":{\"@id\":\"https:\/\/www.sonoraenequipo.com.mx\/#website\"},\"datePublished\":\"2021-10-30T03:07:17+00:00\",\"dateModified\":\"2021-10-30T06:02:39+00:00\",\"description\":\"HERMOSILLO, SONORA,MX.\u2500\u2500 En respuesta a que Sonora se encuentra en su sem\u00e1foro epidemiol\u00f3gico en verde por Covid-19, la Coordinaci\u00f3n Estatal de Protecci\u00f3n En Sonora en Equipo publicamos toda la informaci\u00f3n de Sonora, M\u00e9xico y el Mundo de manera oportuna y busca que la libertad de expresi\u00f3n sea real. Visita nuestro medio informativo publicado desde Hermosillo, Sonora. %\",\"breadcrumb\":{\"@id\":\"https:\/\/www.sonoraenequipo.com.mx\/proteccion-civil-normaliza-sus-funciones-ante-semaforo-en-verde-por-covid\/#breadcrumb\"},\"inLanguage\":\"es\",\"potentialAction\":[{\"@type\":\"ReadAction\",\"target\":[\"https:\/\/www.sonoraenequipo.com.mx\/proteccion-civil-normaliza-sus-funciones-ante-semaforo-en-verde-por-covid\/\"]}]},{\"@type\":\"BreadcrumbList\",\"@id\":\"https:\/\/www.sonoraenequipo.com.mx\/proteccion-civil-normaliza-sus-funciones-ante-semaforo-en-verde-por-covid\/#breadcrumb\",\"itemListElement\":[{\"@type\":\"ListItem\",\"position\":1,\"name\":\"Portada\",\"item\":\"https:\/\/www.sonoraenequipo.com.mx\/\"},{\"@type\":\"ListItem\",\"position\":2,\"name\":\"Protecci\u00f3n Civil normaliza sus funciones ante sem\u00e1foro en verde por Covid\"}]},{\"@type\":\"WebSite\",\"@id\":\"https:\/\/www.sonoraenequipo.com.mx\/#website\",\"url\":\"https:\/\/www.sonoraenequipo.com.mx\/\",\"name\":\"Sonora en Equipo.\",\"description\":\"Diario en l\u00ednea con Noticias desde Hermosillo, Sonora\",\"publisher\":{\"@id\":\"https:\/\/www.sonoraenequipo.com.mx\/#organization\"},\"potentialAction\":[{\"@type\":\"SearchAction\",\"target\":{\"@type\":\"EntryPoint\",\"urlTemplate\":\"https:\/\/www.sonoraenequipo.com.mx\/?s={search_term_string}\"},\"query-input\":{\"@type\":\"PropertyValueSpecification\",\"valueRequired\":true,\"valueName\":\"search_term_string\"}}],\"inLanguage\":\"es\"},{\"@type\":\"Organization\",\"@id\":\"https:\/\/www.sonoraenequipo.com.mx\/#organization\",\"name\":\"Sonoraenequipo.com.mx\",\"url\":\"https:\/\/www.sonoraenequipo.com.mx\/\",\"logo\":{\"@type\":\"ImageObject\",\"inLanguage\":\"es\",\"@id\":\"https:\/\/www.sonoraenequipo.com.mx\/#\/schema\/logo\/image\/\",\"url\":\"https:\/\/www.sonoraenequipo.com.mx\/storage\/2019\/01\/sonoraenequipo_opt.png\",\"contentUrl\":\"https:\/\/www.sonoraenequipo.com.mx\/storage\/2019\/01\/sonoraenequipo_opt.png\",\"width\":375,\"height\":125,\"caption\":\"Sonoraenequipo.com.mx\"},\"image\":{\"@id\":\"https:\/\/www.sonoraenequipo.com.mx\/#\/schema\/logo\/image\/\"},\"sameAs\":[\"https:\/\/www.facebook.com\/SonoraEE\/\",\"https:\/\/x.com\/sonoraenequipo\",\"https:\/\/www.youtube.com\/channel\/UC338nW-lPEYmJQs4ZABQ1SQ\"]},{\"@type\":\"Person\",\"@id\":\"https:\/\/www.sonoraenequipo.com.mx\/#\/schema\/person\/50102df0fb23a8fa9e8effad8fa81386\",\"name\":\"enequipo\",\"image\":{\"@type\":\"ImageObject\",\"inLanguage\":\"es\",\"@id\":\"https:\/\/www.sonoraenequipo.com.mx\/#\/schema\/person\/image\/\",\"url\":\"https:\/\/secure.gravatar.com\/avatar\/049821681b589dabc0bc20695993ccebb09f5b5d4d790cd9251b97faac7c652b?s=96&d=blank&r=g\",\"contentUrl\":\"https:\/\/secure.gravatar.com\/avatar\/049821681b589dabc0bc20695993ccebb09f5b5d4d790cd9251b97faac7c652b?s=96&d=blank&r=g\",\"caption\":\"enequipo\"},\"sameAs\":[\"https:\/\/www.facebook.com\/SonoraEE\"]}]}<\/script>\n ","yoast_head_json":{"title":"Sonora en Equipo. Protecci\u00f3n Civil normaliza sus funciones ante sem\u00e1foro en verde por Covid","description":"HERMOSILLO, SONORA,MX.\u2500\u2500 En respuesta a que Sonora se encuentra en su sem\u00e1foro epidemiol\u00f3gico en verde por Covid-19, la Coordinaci\u00f3n Estatal de Protecci\u00f3n En Sonora en Equipo publicamos toda la informaci\u00f3n de Sonora, M\u00e9xico y el Mundo de manera oportuna y busca que la libertad de expresi\u00f3n sea real. Visita nuestro medio informativo publicado desde Hermosillo, Sonora. %","robots":{"index":"index","follow":"follow","max-snippet":"max-snippet:-1","max-image-preview":"max-image-preview:large","max-video-preview":"max-video-preview:-1"},"canonical":"https:\/\/www.sonoraenequipo.com.mx\/proteccion-civil-normaliza-sus-funciones-ante-semaforo-en-verde-por-covid\/","og_locale":"es_ES","og_type":"article","og_title":"Sonora en Equipo. Protecci\u00f3n Civil normaliza sus funciones ante sem\u00e1foro en verde por Covid","og_description":"HERMOSILLO, SONORA,MX.\u2500\u2500 En respuesta a que Sonora se encuentra en su sem\u00e1foro epidemiol\u00f3gico en verde por Covid-19, la Coordinaci\u00f3n Estatal de Protecci\u00f3n En Sonora en Equipo publicamos toda la informaci\u00f3n de Sonora, M\u00e9xico y el Mundo de manera oportuna y busca que la libertad de expresi\u00f3n sea real. Visita nuestro medio informativo publicado desde Hermosillo, Sonora. %","og_url":"https:\/\/www.sonoraenequipo.com.mx\/proteccion-civil-normaliza-sus-funciones-ante-semaforo-en-verde-por-covid\/","og_site_name":"Sonora en Equipo.","article_publisher":"https:\/\/www.facebook.com\/SonoraEE\/","article_author":"https:\/\/www.facebook.com\/SonoraEE","article_published_time":"2021-10-30T03:07:17+00:00","article_modified_time":"2021-10-30T06:02:39+00:00","author":"enequipo","twitter_card":"summary_large_image","twitter_creator":"@sonoraenequipo","twitter_site":"@sonoraenequipo","twitter_misc":{"Escrito por":"enequipo","Tiempo de lectura":"1 minuto"},"schema":{"@context":"https:\/\/schema.org","@graph":[{"@type":"Article","@id":"https:\/\/www.sonoraenequipo.com.mx\/proteccion-civil-normaliza-sus-funciones-ante-semaforo-en-verde-por-covid\/#article","isPartOf":{"@id":"https:\/\/www.sonoraenequipo.com.mx\/proteccion-civil-normaliza-sus-funciones-ante-semaforo-en-verde-por-covid\/"},"author":{"name":"enequipo","@id":"https:\/\/www.sonoraenequipo.com.mx\/#\/schema\/person\/50102df0fb23a8fa9e8effad8fa81386"},"headline":"Protecci\u00f3n Civil normaliza sus funciones ante sem\u00e1foro en verde por Covid","datePublished":"2021-10-30T03:07:17+00:00","dateModified":"2021-10-30T06:02:39+00:00","mainEntityOfPage":{"@id":"https:\/\/www.sonoraenequipo.com.mx\/proteccion-civil-normaliza-sus-funciones-ante-semaforo-en-verde-por-covid\/"},"wordCount":280,"commentCount":0,"publisher":{"@id":"https:\/\/www.sonoraenequipo.com.mx\/#organization"},"articleSection":["Sonora"],"inLanguage":"es","potentialAction":[{"@type":"CommentAction","name":"Comment","target":["https:\/\/www.sonoraenequipo.com.mx\/proteccion-civil-normaliza-sus-funciones-ante-semaforo-en-verde-por-covid\/#respond"]}]},{"@type":"WebPage","@id":"https:\/\/www.sonoraenequipo.com.mx\/proteccion-civil-normaliza-sus-funciones-ante-semaforo-en-verde-por-covid\/","url":"https:\/\/www.sonoraenequipo.com.mx\/proteccion-civil-normaliza-sus-funciones-ante-semaforo-en-verde-por-covid\/","name":"Sonora en Equipo. Protecci\u00f3n Civil normaliza sus funciones ante sem\u00e1foro en verde por Covid","isPartOf":{"@id":"https:\/\/www.sonoraenequipo.com.mx\/#website"},"datePublished":"2021-10-30T03:07:17+00:00","dateModified":"2021-10-30T06:02:39+00:00","description":"HERMOSILLO, SONORA,MX.\u2500\u2500 En respuesta a que Sonora se encuentra en su sem\u00e1foro epidemiol\u00f3gico en verde por Covid-19, la Coordinaci\u00f3n Estatal de Protecci\u00f3n En Sonora en Equipo publicamos toda la informaci\u00f3n de Sonora, M\u00e9xico y el Mundo de manera oportuna y busca que la libertad de expresi\u00f3n sea real. Visita nuestro medio informativo publicado desde Hermosillo, Sonora. %","breadcrumb":{"@id":"https:\/\/www.sonoraenequipo.com.mx\/proteccion-civil-normaliza-sus-funciones-ante-semaforo-en-verde-por-covid\/#breadcrumb"},"inLanguage":"es","potentialAction":[{"@type":"ReadAction","target":["https:\/\/www.sonoraenequipo.com.mx\/proteccion-civil-normaliza-sus-funciones-ante-semaforo-en-verde-por-covid\/"]}]},{"@type":"BreadcrumbList","@id":"https:\/\/www.sonoraenequipo.com.mx\/proteccion-civil-normaliza-sus-funciones-ante-semaforo-en-verde-por-covid\/#breadcrumb","itemListElement":[{"@type":"ListItem","position":1,"name":"Portada","item":"https:\/\/www.sonoraenequipo.com.mx\/"},{"@type":"ListItem","position":2,"name":"Protecci\u00f3n Civil normaliza sus funciones ante sem\u00e1foro en verde por Covid"}]},{"@type":"WebSite","@id":"https:\/\/www.sonoraenequipo.com.mx\/#website","url":"https:\/\/www.sonoraenequipo.com.mx\/","name":"Sonora en Equipo.","description":"Diario en l\u00ednea con Noticias desde Hermosillo, Sonora","publisher":{"@id":"https:\/\/www.sonoraenequipo.com.mx\/#organization"},"potentialAction":[{"@type":"SearchAction","target":{"@type":"EntryPoint","urlTemplate":"https:\/\/www.sonoraenequipo.com.mx\/?s={search_term_string}"},"query-input":{"@type":"PropertyValueSpecification","valueRequired":true,"valueName":"search_term_string"}}],"inLanguage":"es"},{"@type":"Organization","@id":"https:\/\/www.sonoraenequipo.com.mx\/#organization","name":"Sonoraenequipo.com.mx","url":"https:\/\/www.sonoraenequipo.com.mx\/","logo":{"@type":"ImageObject","inLanguage":"es","@id":"https:\/\/www.sonoraenequipo.com.mx\/#\/schema\/logo\/image\/","url":"https:\/\/www.sonoraenequipo.com.mx\/storage\/2019\/01\/sonoraenequipo_opt.png","contentUrl":"https:\/\/www.sonoraenequipo.com.mx\/storage\/2019\/01\/sonoraenequipo_opt.png","width":375,"height":125,"caption":"Sonoraenequipo.com.mx"},"image":{"@id":"https:\/\/www.sonoraenequipo.com.mx\/#\/schema\/logo\/image\/"},"sameAs":["https:\/\/www.facebook.com\/SonoraEE\/","https:\/\/x.com\/sonoraenequipo","https:\/\/www.youtube.com\/channel\/UC338nW-lPEYmJQs4ZABQ1SQ"]},{"@type":"Person","@id":"https:\/\/www.sonoraenequipo.com.mx\/#\/schema\/person\/50102df0fb23a8fa9e8effad8fa81386","name":"enequipo","image":{"@type":"ImageObject","inLanguage":"es","@id":"https:\/\/www.sonoraenequipo.com.mx\/#\/schema\/person\/image\/","url":"https:\/\/secure.gravatar.com\/avatar\/049821681b589dabc0bc20695993ccebb09f5b5d4d790cd9251b97faac7c652b?s=96&d=blank&r=g","contentUrl":"https:\/\/secure.gravatar.com\/avatar\/049821681b589dabc0bc20695993ccebb09f5b5d4d790cd9251b97faac7c652b?s=96&d=blank&r=g","caption":"enequipo"},"sameAs":["https:\/\/www.facebook.com\/SonoraEE"]}]}},"jetpack_featured_media_url":"","_links":{"self":[{"href":"https:\/\/www.sonoraenequipo.com.mx\/api\/wp\/v2\/posts\/126330","targetHints":{"allow":["GET"]}}],"collection":[{"href":"https:\/\/www.sonoraenequipo.com.mx\/api\/wp\/v2\/posts"}],"about":[{"href":"https:\/\/www.sonoraenequipo.com.mx\/api\/wp\/v2\/types\/post"}],"author":[{"embeddable":true,"href":"https:\/\/www.sonoraenequipo.com.mx\/api\/wp\/v2\/users\/1"}],"replies":[{"embeddable":true,"href":"https:\/\/www.sonoraenequipo.com.mx\/api\/wp\/v2\/comments?post=126330"}],"version-history":[{"count":1,"href":"https:\/\/www.sonoraenequipo.com.mx\/api\/wp\/v2\/posts\/126330\/revisions"}],"predecessor-version":[{"id":126332,"href":"https:\/\/www.sonoraenequipo.com.mx\/api\/wp\/v2\/posts\/126330\/revisions\/126332"}],"wp:attachment":[{"href":"https:\/\/www.sonoraenequipo.com.mx\/api\/wp\/v2\/media?parent=126330"}],"wp:term":[{"taxonomy":"category","embeddable":true,"href":"https:\/\/www.sonoraenequipo.com.mx\/api\/wp\/v2\/categories?post=126330"},{"taxonomy":"post_tag","embeddable":true,"href":"https:\/\/www.sonoraenequipo.com.mx\/api\/wp\/v2\/tags?post=126330"}],"curies":[{"name":"wp","href":"https:\/\/api.w.org\/{rel}","templated":true}]}}