{"id":126339,"date":"2021-10-29T21:36:26","date_gmt":"2021-10-30T04:36:26","guid":{"rendered":"https:\/\/www.sonoraenequipo.com.mx\/?p=126339"},"modified":"2021-10-29T23:44:59","modified_gmt":"2021-10-30T06:44:59","slug":"inicia-operativo-policia-a-bordo","status":"publish","type":"post","link":"https:\/\/www.sonoraenequipo.com.mx\/inicia-operativo-policia-a-bordo\/","title":{"rendered":"HERMOSILLO. Inicia operativo Polic\u00eda a Bordo"},"content":{"rendered":"<p>HERMOSILLO, SONORA. MX. \u2014 Este viernes inici\u00f3 el operativo Polic\u00eda a Bordo, con el cual 10 elementos de la corporaci\u00f3n municipal brindar\u00e1n vigilancia, apoyo y seguridad a los usuarios y operadores del transporte urbano en Hermosillo.<\/p>\n<p>&nbsp;<\/p>\n<p> <\/p>\n<p>&nbsp;<\/p>\n<p>El comisario general Manuel Emilio Hoyos D\u00edaz encabez\u00f3 la ceremonia que puso en marcha la reactivaci\u00f3n de dicho operativo preventivo, en la cual estuvo acompa\u00f1ado de Alfonso L\u00f3pez Villa, director de la Asociaci\u00f3n Civil Vigilantes del Transporte, as\u00ed como de la regidora Zulma Galaz Angulo y del supervisor general de la Polic\u00eda de Hermosillo, Jes\u00fas Alonso Dur\u00f3n Monta\u00f1o.<\/p>\n<p>&nbsp;<\/p>\n<p>Hoyos D\u00edaz mencion\u00f3 que la idea es fortalecer y reactivar los programas que han ayudado a construir seguridad en nuestra ciudad, as\u00ed como fortalecer la relaci\u00f3n entre el gobierno municipal y representantes de la sociedad civil comprometidos en lograr un mejor municipio.<\/p>\n<p>&nbsp;<\/p>\n<p>Agreg\u00f3 que a trav\u00e9s de este programa se busca prevenir situaciones de riesgo como robos, acoso, amenazas o da\u00f1os en las unidades, con una pol\u00edtica de cero tolerancia ante estos comportamientos o acciones.<\/p>\n<p>&nbsp;<\/p>\n<p><em><img loading=\"lazy\" decoding=\"async\" class=\"size-medium  x-left\" src=\"https:\/\/www.sonoraenequipo.com.mx\/storage\/2021\/10\/Inicio-de-Operativo-Policia-a-Bordo-3_opt-639x365.jpg\" alt=\"\" width=\"639\" height=\"365\" \/>\u201cEmpezaremos por algunas rutas como la l\u00ednea 15 y la l\u00ednea 10, donde se establecer\u00e1 de entrada. No significa que de ah\u00ed no se pueda mover a otras rutas, esto (lo) queremos hacer un programa permanente\u2026es una manera de dar un paso m\u00e1s para construir la seguridad\u201d<\/em>, mencion\u00f3.<\/p>\n<p>&nbsp;<\/p>\n<p>Alfonso L\u00f3pez Villa resalt\u00f3 el esfuerzo que se hacen entre la sociedad civil y el gobierno para la construcci\u00f3n de una agenda enfocada en la prevenci\u00f3n y el mejoramiento de la condiciones de vida de los hermosillenses.<\/p>\n<p>&nbsp;<\/p>\n<p>Los agentes que llevar\u00e1n a cabo este operativo ubicar\u00e1n de manera aleatoria las unidades de las rutas donde se estar\u00e1 trabajando, se presentar\u00e1n con el operador para conocer si tiene alguna denuncia o comentario que aporte a la vigilancia y la prevenci\u00f3n; despu\u00e9s, uno de los agentes abordar\u00e1 la unidad mientras esta se pone en marcha, interactuando con los usuarios, quienes podr\u00e1n referir alg\u00fan tema fuera de lo normal durante su trayecto, todo esto mientras la unidad patrulla sigue al cami\u00f3n para resguardo.<\/p>\n<p>&nbsp;<\/p>\n<p>Los resultados y las rutas donde se estar\u00e1 actuando se analizar\u00e1n de manera conjunta entre el Comisario General de la Polic\u00eda de Hermosillo y el director de la AC Vigilantes del Transporte, para crear as\u00ed estrategias focalizadas que den mayores resultados en el tema de prevenci\u00f3n y seguridad.<\/p>\n<p>&nbsp;<\/p>\n<p>(Publicada el 29\/10\/2021 \/Con info de Jefatura de Polic\u00eda Preventiva y Tr\u00e1nsito Municipal de Hermosillo.\/Comunicado 1383)<\/p>\n","protected":false},"excerpt":{"rendered":"<p>HERMOSILLO, SONORA. MX. \u2014 Este viernes inici\u00f3 el operativo Polic\u00eda a Bordo, con el cual&#8230;<\/p>\n","protected":false},"author":1,"featured_media":126342,"comment_status":"open","ping_status":"open","sticky":false,"template":"","format":"standard","meta":{"_monsterinsights_skip_tracking":false,"_monsterinsights_sitenote_active":false,"_monsterinsights_sitenote_note":"","_monsterinsights_sitenote_category":0,"footnotes":""},"categories":[4],"tags":[],"class_list":["post"],"yoast_head":" \n<title>Sonora en Equipo. HERMOSILLO. Inicia operativo Polic\u00eda a Bordo Municipios<\/title>\n<meta name=\"description\" content=\"HERMOSILLO, SONORA. MX. \u2014 Este viernes inici\u00f3 el operativo Polic\u00eda a Bordo, con el cual 10 elementos de la corporaci\u00f3n municipal brindar\u00e1n vigilancia, En Sonora en Equipo publicamos toda la informaci\u00f3n de Sonora, M\u00e9xico y el Mundo de manera oportuna y busca que la libertad de expresi\u00f3n sea real. Visita nuestro medio informativo publicado desde Hermosillo, Sonora. %\" \/>\n<meta name=\"robots\" content=\"index, follow, max-snippet:-1, max-image-preview:large, max-video-preview:-1\" \/>\n<link rel=\"canonical\" href=\"https:\/\/www.sonoraenequipo.com.mx\/inicia-operativo-policia-a-bordo\/\" \/>\n<meta property=\"og:locale\" content=\"es_ES\" \/>\n<meta property=\"og:type\" content=\"article\" \/>\n<meta property=\"og:title\" content=\"Sonora en Equipo. HERMOSILLO. Inicia operativo Polic\u00eda a Bordo Municipios\" \/>\n<meta property=\"og:description\" content=\"HERMOSILLO, SONORA. MX. \u2014 Este viernes inici\u00f3 el operativo Polic\u00eda a Bordo, con el cual 10 elementos de la corporaci\u00f3n municipal brindar\u00e1n vigilancia, En Sonora en Equipo publicamos toda la informaci\u00f3n de Sonora, M\u00e9xico y el Mundo de manera oportuna y busca que la libertad de expresi\u00f3n sea real. Visita nuestro medio informativo publicado desde Hermosillo, Sonora. %\" \/>\n<meta property=\"og:url\" content=\"https:\/\/www.sonoraenequipo.com.mx\/inicia-operativo-policia-a-bordo\/\" \/>\n<meta property=\"og:site_name\" content=\"Sonora en Equipo.\" \/>\n<meta property=\"article:publisher\" content=\"https:\/\/www.facebook.com\/SonoraEE\/\" \/>\n<meta property=\"article:author\" content=\"https:\/\/www.facebook.com\/SonoraEE\" \/>\n<meta property=\"article:published_time\" content=\"2021-10-30T04:36:26+00:00\" \/>\n<meta property=\"article:modified_time\" content=\"2021-10-30T06:44:59+00:00\" \/>\n<meta property=\"og:image\" content=\"https:\/\/www.sonoraenequipo.com.mx\/storage\/2021\/10\/Inicio-de-Operativo-Policia-a-Bordo-5_opt.jpg\" \/>\n\t<meta property=\"og:image:width\" content=\"700\" \/>\n\t<meta property=\"og:image:height\" content=\"400\" \/>\n\t<meta property=\"og:image:type\" content=\"image\/jpeg\" \/>\n<meta name=\"author\" content=\"enequipo\" \/>\n<meta name=\"twitter:card\" content=\"summary_large_image\" \/>\n<meta name=\"twitter:creator\" content=\"@sonoraenequipo\" \/>\n<meta name=\"twitter:site\" content=\"@sonoraenequipo\" \/>\n<meta name=\"twitter:label1\" content=\"Escrito por\" \/>\n\t<meta name=\"twitter:data1\" content=\"enequipo\" \/>\n\t<meta name=\"twitter:label2\" content=\"Tiempo de lectura\" \/>\n\t<meta name=\"twitter:data2\" content=\"2 minutos\" \/>\n<script type=\"application\/ld+json\" class=\"yoast-schema-graph\">{\"@context\":\"https:\/\/schema.org\",\"@graph\":[{\"@type\":\"Article\",\"@id\":\"https:\/\/www.sonoraenequipo.com.mx\/inicia-operativo-policia-a-bordo\/#article\",\"isPartOf\":{\"@id\":\"https:\/\/www.sonoraenequipo.com.mx\/inicia-operativo-policia-a-bordo\/\"},\"author\":{\"name\":\"enequipo\",\"@id\":\"https:\/\/www.sonoraenequipo.com.mx\/#\/schema\/person\/50102df0fb23a8fa9e8effad8fa81386\"},\"headline\":\"HERMOSILLO. Inicia operativo Polic\u00eda a Bordo\",\"datePublished\":\"2021-10-30T04:36:26+00:00\",\"dateModified\":\"2021-10-30T06:44:59+00:00\",\"mainEntityOfPage\":{\"@id\":\"https:\/\/www.sonoraenequipo.com.mx\/inicia-operativo-policia-a-bordo\/\"},\"wordCount\":449,\"commentCount\":0,\"publisher\":{\"@id\":\"https:\/\/www.sonoraenequipo.com.mx\/#organization\"},\"image\":{\"@id\":\"https:\/\/www.sonoraenequipo.com.mx\/inicia-operativo-policia-a-bordo\/#primaryimage\"},\"thumbnailUrl\":\"https:\/\/www.sonoraenequipo.com.mx\/storage\/2021\/10\/Inicio-de-Operativo-Policia-a-Bordo-5_opt.jpg\",\"articleSection\":[\"Municipios\"],\"inLanguage\":\"es\",\"potentialAction\":[{\"@type\":\"CommentAction\",\"name\":\"Comment\",\"target\":[\"https:\/\/www.sonoraenequipo.com.mx\/inicia-operativo-policia-a-bordo\/#respond\"]}]},{\"@type\":\"WebPage\",\"@id\":\"https:\/\/www.sonoraenequipo.com.mx\/inicia-operativo-policia-a-bordo\/\",\"url\":\"https:\/\/www.sonoraenequipo.com.mx\/inicia-operativo-policia-a-bordo\/\",\"name\":\"Sonora en Equipo. HERMOSILLO. Inicia operativo Polic\u00eda a Bordo Municipios\",\"isPartOf\":{\"@id\":\"https:\/\/www.sonoraenequipo.com.mx\/#website\"},\"primaryImageOfPage\":{\"@id\":\"https:\/\/www.sonoraenequipo.com.mx\/inicia-operativo-policia-a-bordo\/#primaryimage\"},\"image\":{\"@id\":\"https:\/\/www.sonoraenequipo.com.mx\/inicia-operativo-policia-a-bordo\/#primaryimage\"},\"thumbnailUrl\":\"https:\/\/www.sonoraenequipo.com.mx\/storage\/2021\/10\/Inicio-de-Operativo-Policia-a-Bordo-5_opt.jpg\",\"datePublished\":\"2021-10-30T04:36:26+00:00\",\"dateModified\":\"2021-10-30T06:44:59+00:00\",\"description\":\"HERMOSILLO, SONORA. MX. \u2014 Este viernes inici\u00f3 el operativo Polic\u00eda a Bordo, con el cual 10 elementos de la corporaci\u00f3n municipal brindar\u00e1n vigilancia, En Sonora en Equipo publicamos toda la informaci\u00f3n de Sonora, M\u00e9xico y el Mundo de manera oportuna y busca que la libertad de expresi\u00f3n sea real. Visita nuestro medio informativo publicado desde Hermosillo, Sonora. %\",\"breadcrumb\":{\"@id\":\"https:\/\/www.sonoraenequipo.com.mx\/inicia-operativo-policia-a-bordo\/#breadcrumb\"},\"inLanguage\":\"es\",\"potentialAction\":[{\"@type\":\"ReadAction\",\"target\":[\"https:\/\/www.sonoraenequipo.com.mx\/inicia-operativo-policia-a-bordo\/\"]}]},{\"@type\":\"ImageObject\",\"inLanguage\":\"es\",\"@id\":\"https:\/\/www.sonoraenequipo.com.mx\/inicia-operativo-policia-a-bordo\/#primaryimage\",\"url\":\"https:\/\/www.sonoraenequipo.com.mx\/storage\/2021\/10\/Inicio-de-Operativo-Policia-a-Bordo-5_opt.jpg\",\"contentUrl\":\"https:\/\/www.sonoraenequipo.com.mx\/storage\/2021\/10\/Inicio-de-Operativo-Policia-a-Bordo-5_opt.jpg\",\"width\":700,\"height\":400},{\"@type\":\"BreadcrumbList\",\"@id\":\"https:\/\/www.sonoraenequipo.com.mx\/inicia-operativo-policia-a-bordo\/#breadcrumb\",\"itemListElement\":[{\"@type\":\"ListItem\",\"position\":1,\"name\":\"Portada\",\"item\":\"https:\/\/www.sonoraenequipo.com.mx\/\"},{\"@type\":\"ListItem\",\"position\":2,\"name\":\"HERMOSILLO. Inicia operativo Polic\u00eda a Bordo\"}]},{\"@type\":\"WebSite\",\"@id\":\"https:\/\/www.sonoraenequipo.com.mx\/#website\",\"url\":\"https:\/\/www.sonoraenequipo.com.mx\/\",\"name\":\"Sonora en Equipo.\",\"description\":\"Diario en l\u00ednea con Noticias desde Hermosillo, Sonora\",\"publisher\":{\"@id\":\"https:\/\/www.sonoraenequipo.com.mx\/#organization\"},\"potentialAction\":[{\"@type\":\"SearchAction\",\"target\":{\"@type\":\"EntryPoint\",\"urlTemplate\":\"https:\/\/www.sonoraenequipo.com.mx\/?s={search_term_string}\"},\"query-input\":{\"@type\":\"PropertyValueSpecification\",\"valueRequired\":true,\"valueName\":\"search_term_string\"}}],\"inLanguage\":\"es\"},{\"@type\":\"Organization\",\"@id\":\"https:\/\/www.sonoraenequipo.com.mx\/#organization\",\"name\":\"Sonoraenequipo.com.mx\",\"url\":\"https:\/\/www.sonoraenequipo.com.mx\/\",\"logo\":{\"@type\":\"ImageObject\",\"inLanguage\":\"es\",\"@id\":\"https:\/\/www.sonoraenequipo.com.mx\/#\/schema\/logo\/image\/\",\"url\":\"https:\/\/www.sonoraenequipo.com.mx\/storage\/2019\/01\/sonoraenequipo_opt.png\",\"contentUrl\":\"https:\/\/www.sonoraenequipo.com.mx\/storage\/2019\/01\/sonoraenequipo_opt.png\",\"width\":375,\"height\":125,\"caption\":\"Sonoraenequipo.com.mx\"},\"image\":{\"@id\":\"https:\/\/www.sonoraenequipo.com.mx\/#\/schema\/logo\/image\/\"},\"sameAs\":[\"https:\/\/www.facebook.com\/SonoraEE\/\",\"https:\/\/x.com\/sonoraenequipo\",\"https:\/\/www.youtube.com\/channel\/UC338nW-lPEYmJQs4ZABQ1SQ\"]},{\"@type\":\"Person\",\"@id\":\"https:\/\/www.sonoraenequipo.com.mx\/#\/schema\/person\/50102df0fb23a8fa9e8effad8fa81386\",\"name\":\"enequipo\",\"image\":{\"@type\":\"ImageObject\",\"inLanguage\":\"es\",\"@id\":\"https:\/\/www.sonoraenequipo.com.mx\/#\/schema\/person\/image\/\",\"url\":\"https:\/\/secure.gravatar.com\/avatar\/049821681b589dabc0bc20695993ccebb09f5b5d4d790cd9251b97faac7c652b?s=96&d=blank&r=g\",\"contentUrl\":\"https:\/\/secure.gravatar.com\/avatar\/049821681b589dabc0bc20695993ccebb09f5b5d4d790cd9251b97faac7c652b?s=96&d=blank&r=g\",\"caption\":\"enequipo\"},\"sameAs\":[\"https:\/\/www.facebook.com\/SonoraEE\"]}]}<\/script>\n ","yoast_head_json":{"title":"Sonora en Equipo. HERMOSILLO. Inicia operativo Polic\u00eda a Bordo Municipios","description":"HERMOSILLO, SONORA. MX. \u2014 Este viernes inici\u00f3 el operativo Polic\u00eda a Bordo, con el cual 10 elementos de la corporaci\u00f3n municipal brindar\u00e1n vigilancia, En Sonora en Equipo publicamos toda la informaci\u00f3n de Sonora, M\u00e9xico y el Mundo de manera oportuna y busca que la libertad de expresi\u00f3n sea real. Visita nuestro medio informativo publicado desde Hermosillo, Sonora. %","robots":{"index":"index","follow":"follow","max-snippet":"max-snippet:-1","max-image-preview":"max-image-preview:large","max-video-preview":"max-video-preview:-1"},"canonical":"https:\/\/www.sonoraenequipo.com.mx\/inicia-operativo-policia-a-bordo\/","og_locale":"es_ES","og_type":"article","og_title":"Sonora en Equipo. HERMOSILLO. Inicia operativo Polic\u00eda a Bordo Municipios","og_description":"HERMOSILLO, SONORA. MX. \u2014 Este viernes inici\u00f3 el operativo Polic\u00eda a Bordo, con el cual 10 elementos de la corporaci\u00f3n municipal brindar\u00e1n vigilancia, En Sonora en Equipo publicamos toda la informaci\u00f3n de Sonora, M\u00e9xico y el Mundo de manera oportuna y busca que la libertad de expresi\u00f3n sea real. Visita nuestro medio informativo publicado desde Hermosillo, Sonora. %","og_url":"https:\/\/www.sonoraenequipo.com.mx\/inicia-operativo-policia-a-bordo\/","og_site_name":"Sonora en Equipo.","article_publisher":"https:\/\/www.facebook.com\/SonoraEE\/","article_author":"https:\/\/www.facebook.com\/SonoraEE","article_published_time":"2021-10-30T04:36:26+00:00","article_modified_time":"2021-10-30T06:44:59+00:00","og_image":[{"width":700,"height":400,"url":"https:\/\/www.sonoraenequipo.com.mx\/storage\/2021\/10\/Inicio-de-Operativo-Policia-a-Bordo-5_opt.jpg","type":"image\/jpeg"}],"author":"enequipo","twitter_card":"summary_large_image","twitter_creator":"@sonoraenequipo","twitter_site":"@sonoraenequipo","twitter_misc":{"Escrito por":"enequipo","Tiempo de lectura":"2 minutos"},"schema":{"@context":"https:\/\/schema.org","@graph":[{"@type":"Article","@id":"https:\/\/www.sonoraenequipo.com.mx\/inicia-operativo-policia-a-bordo\/#article","isPartOf":{"@id":"https:\/\/www.sonoraenequipo.com.mx\/inicia-operativo-policia-a-bordo\/"},"author":{"name":"enequipo","@id":"https:\/\/www.sonoraenequipo.com.mx\/#\/schema\/person\/50102df0fb23a8fa9e8effad8fa81386"},"headline":"HERMOSILLO. Inicia operativo Polic\u00eda a Bordo","datePublished":"2021-10-30T04:36:26+00:00","dateModified":"2021-10-30T06:44:59+00:00","mainEntityOfPage":{"@id":"https:\/\/www.sonoraenequipo.com.mx\/inicia-operativo-policia-a-bordo\/"},"wordCount":449,"commentCount":0,"publisher":{"@id":"https:\/\/www.sonoraenequipo.com.mx\/#organization"},"image":{"@id":"https:\/\/www.sonoraenequipo.com.mx\/inicia-operativo-policia-a-bordo\/#primaryimage"},"thumbnailUrl":"https:\/\/www.sonoraenequipo.com.mx\/storage\/2021\/10\/Inicio-de-Operativo-Policia-a-Bordo-5_opt.jpg","articleSection":["Municipios"],"inLanguage":"es","potentialAction":[{"@type":"CommentAction","name":"Comment","target":["https:\/\/www.sonoraenequipo.com.mx\/inicia-operativo-policia-a-bordo\/#respond"]}]},{"@type":"WebPage","@id":"https:\/\/www.sonoraenequipo.com.mx\/inicia-operativo-policia-a-bordo\/","url":"https:\/\/www.sonoraenequipo.com.mx\/inicia-operativo-policia-a-bordo\/","name":"Sonora en Equipo. HERMOSILLO. Inicia operativo Polic\u00eda a Bordo Municipios","isPartOf":{"@id":"https:\/\/www.sonoraenequipo.com.mx\/#website"},"primaryImageOfPage":{"@id":"https:\/\/www.sonoraenequipo.com.mx\/inicia-operativo-policia-a-bordo\/#primaryimage"},"image":{"@id":"https:\/\/www.sonoraenequipo.com.mx\/inicia-operativo-policia-a-bordo\/#primaryimage"},"thumbnailUrl":"https:\/\/www.sonoraenequipo.com.mx\/storage\/2021\/10\/Inicio-de-Operativo-Policia-a-Bordo-5_opt.jpg","datePublished":"2021-10-30T04:36:26+00:00","dateModified":"2021-10-30T06:44:59+00:00","description":"HERMOSILLO, SONORA. MX. \u2014 Este viernes inici\u00f3 el operativo Polic\u00eda a Bordo, con el cual 10 elementos de la corporaci\u00f3n municipal brindar\u00e1n vigilancia, En Sonora en Equipo publicamos toda la informaci\u00f3n de Sonora, M\u00e9xico y el Mundo de manera oportuna y busca que la libertad de expresi\u00f3n sea real. Visita nuestro medio informativo publicado desde Hermosillo, Sonora. %","breadcrumb":{"@id":"https:\/\/www.sonoraenequipo.com.mx\/inicia-operativo-policia-a-bordo\/#breadcrumb"},"inLanguage":"es","potentialAction":[{"@type":"ReadAction","target":["https:\/\/www.sonoraenequipo.com.mx\/inicia-operativo-policia-a-bordo\/"]}]},{"@type":"ImageObject","inLanguage":"es","@id":"https:\/\/www.sonoraenequipo.com.mx\/inicia-operativo-policia-a-bordo\/#primaryimage","url":"https:\/\/www.sonoraenequipo.com.mx\/storage\/2021\/10\/Inicio-de-Operativo-Policia-a-Bordo-5_opt.jpg","contentUrl":"https:\/\/www.sonoraenequipo.com.mx\/storage\/2021\/10\/Inicio-de-Operativo-Policia-a-Bordo-5_opt.jpg","width":700,"height":400},{"@type":"BreadcrumbList","@id":"https:\/\/www.sonoraenequipo.com.mx\/inicia-operativo-policia-a-bordo\/#breadcrumb","itemListElement":[{"@type":"ListItem","position":1,"name":"Portada","item":"https:\/\/www.sonoraenequipo.com.mx\/"},{"@type":"ListItem","position":2,"name":"HERMOSILLO. Inicia operativo Polic\u00eda a Bordo"}]},{"@type":"WebSite","@id":"https:\/\/www.sonoraenequipo.com.mx\/#website","url":"https:\/\/www.sonoraenequipo.com.mx\/","name":"Sonora en Equipo.","description":"Diario en l\u00ednea con Noticias desde Hermosillo, Sonora","publisher":{"@id":"https:\/\/www.sonoraenequipo.com.mx\/#organization"},"potentialAction":[{"@type":"SearchAction","target":{"@type":"EntryPoint","urlTemplate":"https:\/\/www.sonoraenequipo.com.mx\/?s={search_term_string}"},"query-input":{"@type":"PropertyValueSpecification","valueRequired":true,"valueName":"search_term_string"}}],"inLanguage":"es"},{"@type":"Organization","@id":"https:\/\/www.sonoraenequipo.com.mx\/#organization","name":"Sonoraenequipo.com.mx","url":"https:\/\/www.sonoraenequipo.com.mx\/","logo":{"@type":"ImageObject","inLanguage":"es","@id":"https:\/\/www.sonoraenequipo.com.mx\/#\/schema\/logo\/image\/","url":"https:\/\/www.sonoraenequipo.com.mx\/storage\/2019\/01\/sonoraenequipo_opt.png","contentUrl":"https:\/\/www.sonoraenequipo.com.mx\/storage\/2019\/01\/sonoraenequipo_opt.png","width":375,"height":125,"caption":"Sonoraenequipo.com.mx"},"image":{"@id":"https:\/\/www.sonoraenequipo.com.mx\/#\/schema\/logo\/image\/"},"sameAs":["https:\/\/www.facebook.com\/SonoraEE\/","https:\/\/x.com\/sonoraenequipo","https:\/\/www.youtube.com\/channel\/UC338nW-lPEYmJQs4ZABQ1SQ"]},{"@type":"Person","@id":"https:\/\/www.sonoraenequipo.com.mx\/#\/schema\/person\/50102df0fb23a8fa9e8effad8fa81386","name":"enequipo","image":{"@type":"ImageObject","inLanguage":"es","@id":"https:\/\/www.sonoraenequipo.com.mx\/#\/schema\/person\/image\/","url":"https:\/\/secure.gravatar.com\/avatar\/049821681b589dabc0bc20695993ccebb09f5b5d4d790cd9251b97faac7c652b?s=96&d=blank&r=g","contentUrl":"https:\/\/secure.gravatar.com\/avatar\/049821681b589dabc0bc20695993ccebb09f5b5d4d790cd9251b97faac7c652b?s=96&d=blank&r=g","caption":"enequipo"},"sameAs":["https:\/\/www.facebook.com\/SonoraEE"]}]}},"jetpack_featured_media_url":"https:\/\/www.sonoraenequipo.com.mx\/storage\/2021\/10\/Inicio-de-Operativo-Policia-a-Bordo-5_opt.jpg","_links":{"self":[{"href":"https:\/\/www.sonoraenequipo.com.mx\/api\/wp\/v2\/posts\/126339","targetHints":{"allow":["GET"]}}],"collection":[{"href":"https:\/\/www.sonoraenequipo.com.mx\/api\/wp\/v2\/posts"}],"about":[{"href":"https:\/\/www.sonoraenequipo.com.mx\/api\/wp\/v2\/types\/post"}],"author":[{"embeddable":true,"href":"https:\/\/www.sonoraenequipo.com.mx\/api\/wp\/v2\/users\/1"}],"replies":[{"embeddable":true,"href":"https:\/\/www.sonoraenequipo.com.mx\/api\/wp\/v2\/comments?post=126339"}],"version-history":[{"count":2,"href":"https:\/\/www.sonoraenequipo.com.mx\/api\/wp\/v2\/posts\/126339\/revisions"}],"predecessor-version":[{"id":126344,"href":"https:\/\/www.sonoraenequipo.com.mx\/api\/wp\/v2\/posts\/126339\/revisions\/126344"}],"wp:featuredmedia":[{"embeddable":true,"href":"https:\/\/www.sonoraenequipo.com.mx\/api\/wp\/v2\/media\/126342"}],"wp:attachment":[{"href":"https:\/\/www.sonoraenequipo.com.mx\/api\/wp\/v2\/media?parent=126339"}],"wp:term":[{"taxonomy":"category","embeddable":true,"href":"https:\/\/www.sonoraenequipo.com.mx\/api\/wp\/v2\/categories?post=126339"},{"taxonomy":"post_tag","embeddable":true,"href":"https:\/\/www.sonoraenequipo.com.mx\/api\/wp\/v2\/tags?post=126339"}],"curies":[{"name":"wp","href":"https:\/\/api.w.org\/{rel}","templated":true}]}}