{"id":127173,"date":"2021-11-11T10:47:34","date_gmt":"2021-11-11T17:47:34","guid":{"rendered":"https:\/\/www.sonoraenequipo.com.mx\/?p=127173"},"modified":"2021-11-11T10:47:34","modified_gmt":"2021-11-11T17:47:34","slug":"encuentran-muerto-en-su-casa-a-sacerdote-acusado-de-abuso-sexual","status":"publish","type":"post","link":"https:\/\/www.sonoraenequipo.com.mx\/encuentran-muerto-en-su-casa-a-sacerdote-acusado-de-abuso-sexual\/","title":{"rendered":"Encuentran muerto en su casa a sacerdote acusado de abuso sexual"},"content":{"rendered":"<p>MONTE ALEGRE DO PIAU\u00cd, BRASIL.\u2500\u2500 El P. Jos\u00e9 Alves de Carvalho, acusado de cometer abusos sexuales contra una adolescente de 14 a\u00f1os, fue encontrado muerto en la casa parroquial donde viv\u00eda en Bom Jesus (Brasil), la noche del domingo 7 de noviembre.<\/p>\n<p>&nbsp;<\/p>\n<p>El sacerdote de 43 a\u00f1os era p\u00e1rroco de la parroquia San Pedro Ap\u00f3stol y fue encontrado muerto alrededor de las 9 p.m.<\/p>\n<p>&nbsp;<\/p>\n<p>La Polic\u00eda Militar est\u00e1 investigando la causa de la muerte del P. Alves de Carvalho. El velatorio y entierro del sacerdote tuvo lugar en su ciudad natal, Monte Alegre do Piau\u00ed, este lunes 8 de noviembre.<\/p>\n<p>&nbsp;<\/p>\n<p>En un comunicado, la Di\u00f3cesis de Piau\u00ed se\u00f1al\u00f3 que \u201cla Di\u00f3cesis de Bom Jesus, entristecida por la p\u00e9rdida de uno de sus queridos hijos, se solidariza con la familia, amigos y feligreses de San Pedro Ap\u00f3stol, en Bom Jesus-PI, por la gran p\u00e9rdida y pide a todos oraciones\u201d.<\/p>\n<p>&nbsp;<\/p>\n<p>El Obispo de Bom Jesus de Gurgu\u00e9ia, Mons. Marcos Antonio Tavoni, emiti\u00f3 el s\u00e1bado 6 de noviembre un decreto de suspensi\u00f3n del uso de las \u00f3rdenes del P. Alves de Carvalho por tiempo indefinido, debido a las acusaciones de abuso sexual contra una adolescente.<\/p>\n<p>&nbsp;<\/p>\n<p>Asimismo, instituy\u00f3 un proceso can\u00f3nico para investigar la denuncia e indic\u00f3 que se comunicar\u00e1 oficialmente a la nunciatura apost\u00f3lica \u201cpara dar seguimiento al caso y dar a conocer los resultados\u201d.<\/p>\n<p>&nbsp;<\/p>\n<p>La prensa local inform\u00f3 que la Polic\u00eda Civil de Bom Jesus ha abierto una investigaci\u00f3n sobre el caso y agreg\u00f3 que la denuncia fue realizada por un familiar de la adolescente, que habr\u00eda escuchado conversaciones de car\u00e1cter sexual entre la menor y el sacerdote.<\/p>\n<p>&nbsp;<\/p>\n<p>La Di\u00f3cesis de Bom Jesus de Gurgu\u00e9ia se\u00f1al\u00f3 el s\u00e1bado 6 que el sacerdote a\u00fan no hab\u00eda sido notificado por la justicia y que, por lo tanto, no ten\u00eda \u201cconocimiento oficial de las acusaciones que, de momento, pesan sobre \u00e9l y que son publicadas por la prensa\u201d.<\/p>\n<p>&nbsp;<\/p>\n<p>\u201cPor lo tanto, responder\u00e1 en el momento oportuno a la Corte\u201d, afirm\u00f3.<\/p>\n<p>&nbsp;<\/p>\n<p>La Di\u00f3cesis agreg\u00f3 que Mons. Tavoni ha lamentado \u201cmucho la repercusi\u00f3n de los hechos y expres\u00f3 toda su solidaridad con el sufrimiento de los involucrados\u201d en el presunto abuso.<\/p>\n<p>&nbsp;<\/p>\n<p>\u201cSiento y sufro, con la familia involucrada, el dolor de todos, especialmente de los padres; porque como obispo, todo sacerdote es para m\u00ed como un verdadero hijo y ning\u00fan padre quiere que su hijo se pierda\u201d, se\u00f1al\u00f3 el Prelado.<\/p>\n<p>Fecha de publicaci\u00f3n\u00a0 jueves\/ 11 \/ noviembre \/2021 \/ACI Prensa<\/p>\n<p>&nbsp;<\/p>\n","protected":false},"excerpt":{"rendered":"<p>MONTE ALEGRE DO PIAU\u00cd, BRASIL.\u2500\u2500 El P. Jos\u00e9 Alves de Carvalho, acusado de cometer abusos&#8230;<\/p>\n","protected":false},"author":1,"featured_media":127174,"comment_status":"open","ping_status":"open","sticky":false,"template":"","format":"standard","meta":{"_monsterinsights_skip_tracking":false,"_monsterinsights_sitenote_active":false,"_monsterinsights_sitenote_note":"","_monsterinsights_sitenote_category":0,"footnotes":""},"categories":[3],"tags":[6368,578],"class_list":["post"],"yoast_head":" \n<title>Sonora en Equipo. Encuentran muerto en su casa a sacerdote acusado de abuso sexual MUNDO<\/title>\n<meta name=\"description\" content=\"MONTE ALEGRE DO PIAU\u00cd, BRASIL.\u2500\u2500 El P. Jos\u00e9 Alves de Carvalho, acusado de cometer abusos sexuales contra una adolescente de 14 a\u00f1os, fue encontrado muerto En Sonora en Equipo publicamos toda la informaci\u00f3n de Sonora, M\u00e9xico y el Mundo de manera oportuna y busca que la libertad de expresi\u00f3n sea real. Visita nuestro medio informativo publicado desde Hermosillo, Sonora. %\" \/>\n<meta name=\"robots\" content=\"index, follow, max-snippet:-1, max-image-preview:large, max-video-preview:-1\" \/>\n<link rel=\"canonical\" href=\"https:\/\/www.sonoraenequipo.com.mx\/encuentran-muerto-en-su-casa-a-sacerdote-acusado-de-abuso-sexual\/\" \/>\n<meta property=\"og:locale\" content=\"es_ES\" \/>\n<meta property=\"og:type\" content=\"article\" \/>\n<meta property=\"og:title\" content=\"Sonora en Equipo. Encuentran muerto en su casa a sacerdote acusado de abuso sexual MUNDO\" \/>\n<meta property=\"og:description\" content=\"MONTE ALEGRE DO PIAU\u00cd, BRASIL.\u2500\u2500 El P. Jos\u00e9 Alves de Carvalho, acusado de cometer abusos sexuales contra una adolescente de 14 a\u00f1os, fue encontrado muerto En Sonora en Equipo publicamos toda la informaci\u00f3n de Sonora, M\u00e9xico y el Mundo de manera oportuna y busca que la libertad de expresi\u00f3n sea real. Visita nuestro medio informativo publicado desde Hermosillo, Sonora. %\" \/>\n<meta property=\"og:url\" content=\"https:\/\/www.sonoraenequipo.com.mx\/encuentran-muerto-en-su-casa-a-sacerdote-acusado-de-abuso-sexual\/\" \/>\n<meta property=\"og:site_name\" content=\"Sonora en Equipo.\" \/>\n<meta property=\"article:publisher\" content=\"https:\/\/www.facebook.com\/SonoraEE\/\" \/>\n<meta property=\"article:author\" content=\"https:\/\/www.facebook.com\/SonoraEE\" \/>\n<meta property=\"article:published_time\" content=\"2021-11-11T17:47:34+00:00\" \/>\n<meta property=\"og:image\" content=\"https:\/\/www.sonoraenequipo.com.mx\/storage\/2021\/11\/pcarvahlo.jpg\" \/>\n\t<meta property=\"og:image:width\" content=\"700\" \/>\n\t<meta property=\"og:image:height\" content=\"389\" \/>\n\t<meta property=\"og:image:type\" content=\"image\/jpeg\" \/>\n<meta name=\"author\" content=\"enequipo\" \/>\n<meta name=\"twitter:card\" content=\"summary_large_image\" \/>\n<meta name=\"twitter:creator\" content=\"@sonoraenequipo\" \/>\n<meta name=\"twitter:site\" content=\"@sonoraenequipo\" \/>\n<meta name=\"twitter:label1\" content=\"Escrito por\" \/>\n\t<meta name=\"twitter:data1\" content=\"enequipo\" \/>\n\t<meta name=\"twitter:label2\" content=\"Tiempo de lectura\" \/>\n\t<meta name=\"twitter:data2\" content=\"2 minutos\" \/>\n<script type=\"application\/ld+json\" class=\"yoast-schema-graph\">{\"@context\":\"https:\/\/schema.org\",\"@graph\":[{\"@type\":\"Article\",\"@id\":\"https:\/\/www.sonoraenequipo.com.mx\/encuentran-muerto-en-su-casa-a-sacerdote-acusado-de-abuso-sexual\/#article\",\"isPartOf\":{\"@id\":\"https:\/\/www.sonoraenequipo.com.mx\/encuentran-muerto-en-su-casa-a-sacerdote-acusado-de-abuso-sexual\/\"},\"author\":{\"name\":\"enequipo\",\"@id\":\"https:\/\/www.sonoraenequipo.com.mx\/#\/schema\/person\/50102df0fb23a8fa9e8effad8fa81386\"},\"headline\":\"Encuentran muerto en su casa a sacerdote acusado de abuso sexual\",\"datePublished\":\"2021-11-11T17:47:34+00:00\",\"mainEntityOfPage\":{\"@id\":\"https:\/\/www.sonoraenequipo.com.mx\/encuentran-muerto-en-su-casa-a-sacerdote-acusado-de-abuso-sexual\/\"},\"wordCount\":449,\"commentCount\":0,\"publisher\":{\"@id\":\"https:\/\/www.sonoraenequipo.com.mx\/#organization\"},\"image\":{\"@id\":\"https:\/\/www.sonoraenequipo.com.mx\/encuentran-muerto-en-su-casa-a-sacerdote-acusado-de-abuso-sexual\/#primaryimage\"},\"thumbnailUrl\":\"https:\/\/www.sonoraenequipo.com.mx\/storage\/2021\/11\/pcarvahlo.jpg\",\"keywords\":[\"catolica abusos sexuales\",\"IGLESIA\"],\"articleSection\":[\"MUNDO\"],\"inLanguage\":\"es\",\"potentialAction\":[{\"@type\":\"CommentAction\",\"name\":\"Comment\",\"target\":[\"https:\/\/www.sonoraenequipo.com.mx\/encuentran-muerto-en-su-casa-a-sacerdote-acusado-de-abuso-sexual\/#respond\"]}]},{\"@type\":\"WebPage\",\"@id\":\"https:\/\/www.sonoraenequipo.com.mx\/encuentran-muerto-en-su-casa-a-sacerdote-acusado-de-abuso-sexual\/\",\"url\":\"https:\/\/www.sonoraenequipo.com.mx\/encuentran-muerto-en-su-casa-a-sacerdote-acusado-de-abuso-sexual\/\",\"name\":\"Sonora en Equipo. Encuentran muerto en su casa a sacerdote acusado de abuso sexual MUNDO\",\"isPartOf\":{\"@id\":\"https:\/\/www.sonoraenequipo.com.mx\/#website\"},\"primaryImageOfPage\":{\"@id\":\"https:\/\/www.sonoraenequipo.com.mx\/encuentran-muerto-en-su-casa-a-sacerdote-acusado-de-abuso-sexual\/#primaryimage\"},\"image\":{\"@id\":\"https:\/\/www.sonoraenequipo.com.mx\/encuentran-muerto-en-su-casa-a-sacerdote-acusado-de-abuso-sexual\/#primaryimage\"},\"thumbnailUrl\":\"https:\/\/www.sonoraenequipo.com.mx\/storage\/2021\/11\/pcarvahlo.jpg\",\"datePublished\":\"2021-11-11T17:47:34+00:00\",\"description\":\"MONTE ALEGRE DO PIAU\u00cd, BRASIL.\u2500\u2500 El P. Jos\u00e9 Alves de Carvalho, acusado de cometer abusos sexuales contra una adolescente de 14 a\u00f1os, fue encontrado muerto En Sonora en Equipo publicamos toda la informaci\u00f3n de Sonora, M\u00e9xico y el Mundo de manera oportuna y busca que la libertad de expresi\u00f3n sea real. Visita nuestro medio informativo publicado desde Hermosillo, Sonora. %\",\"breadcrumb\":{\"@id\":\"https:\/\/www.sonoraenequipo.com.mx\/encuentran-muerto-en-su-casa-a-sacerdote-acusado-de-abuso-sexual\/#breadcrumb\"},\"inLanguage\":\"es\",\"potentialAction\":[{\"@type\":\"ReadAction\",\"target\":[\"https:\/\/www.sonoraenequipo.com.mx\/encuentran-muerto-en-su-casa-a-sacerdote-acusado-de-abuso-sexual\/\"]}]},{\"@type\":\"ImageObject\",\"inLanguage\":\"es\",\"@id\":\"https:\/\/www.sonoraenequipo.com.mx\/encuentran-muerto-en-su-casa-a-sacerdote-acusado-de-abuso-sexual\/#primaryimage\",\"url\":\"https:\/\/www.sonoraenequipo.com.mx\/storage\/2021\/11\/pcarvahlo.jpg\",\"contentUrl\":\"https:\/\/www.sonoraenequipo.com.mx\/storage\/2021\/11\/pcarvahlo.jpg\",\"width\":700,\"height\":389,\"caption\":\"P. Jos\u00e9 Alves de Carvalho.Imagen Facebook\"},{\"@type\":\"BreadcrumbList\",\"@id\":\"https:\/\/www.sonoraenequipo.com.mx\/encuentran-muerto-en-su-casa-a-sacerdote-acusado-de-abuso-sexual\/#breadcrumb\",\"itemListElement\":[{\"@type\":\"ListItem\",\"position\":1,\"name\":\"Portada\",\"item\":\"https:\/\/www.sonoraenequipo.com.mx\/\"},{\"@type\":\"ListItem\",\"position\":2,\"name\":\"Encuentran muerto en su casa a sacerdote acusado de abuso sexual\"}]},{\"@type\":\"WebSite\",\"@id\":\"https:\/\/www.sonoraenequipo.com.mx\/#website\",\"url\":\"https:\/\/www.sonoraenequipo.com.mx\/\",\"name\":\"Sonora en Equipo.\",\"description\":\"Diario en l\u00ednea con Noticias desde Hermosillo, Sonora\",\"publisher\":{\"@id\":\"https:\/\/www.sonoraenequipo.com.mx\/#organization\"},\"potentialAction\":[{\"@type\":\"SearchAction\",\"target\":{\"@type\":\"EntryPoint\",\"urlTemplate\":\"https:\/\/www.sonoraenequipo.com.mx\/?s={search_term_string}\"},\"query-input\":{\"@type\":\"PropertyValueSpecification\",\"valueRequired\":true,\"valueName\":\"search_term_string\"}}],\"inLanguage\":\"es\"},{\"@type\":\"Organization\",\"@id\":\"https:\/\/www.sonoraenequipo.com.mx\/#organization\",\"name\":\"Sonoraenequipo.com.mx\",\"url\":\"https:\/\/www.sonoraenequipo.com.mx\/\",\"logo\":{\"@type\":\"ImageObject\",\"inLanguage\":\"es\",\"@id\":\"https:\/\/www.sonoraenequipo.com.mx\/#\/schema\/logo\/image\/\",\"url\":\"https:\/\/www.sonoraenequipo.com.mx\/storage\/2019\/01\/sonoraenequipo_opt.png\",\"contentUrl\":\"https:\/\/www.sonoraenequipo.com.mx\/storage\/2019\/01\/sonoraenequipo_opt.png\",\"width\":375,\"height\":125,\"caption\":\"Sonoraenequipo.com.mx\"},\"image\":{\"@id\":\"https:\/\/www.sonoraenequipo.com.mx\/#\/schema\/logo\/image\/\"},\"sameAs\":[\"https:\/\/www.facebook.com\/SonoraEE\/\",\"https:\/\/x.com\/sonoraenequipo\",\"https:\/\/www.youtube.com\/channel\/UC338nW-lPEYmJQs4ZABQ1SQ\"]},{\"@type\":\"Person\",\"@id\":\"https:\/\/www.sonoraenequipo.com.mx\/#\/schema\/person\/50102df0fb23a8fa9e8effad8fa81386\",\"name\":\"enequipo\",\"image\":{\"@type\":\"ImageObject\",\"inLanguage\":\"es\",\"@id\":\"https:\/\/www.sonoraenequipo.com.mx\/#\/schema\/person\/image\/\",\"url\":\"https:\/\/secure.gravatar.com\/avatar\/049821681b589dabc0bc20695993ccebb09f5b5d4d790cd9251b97faac7c652b?s=96&d=blank&r=g\",\"contentUrl\":\"https:\/\/secure.gravatar.com\/avatar\/049821681b589dabc0bc20695993ccebb09f5b5d4d790cd9251b97faac7c652b?s=96&d=blank&r=g\",\"caption\":\"enequipo\"},\"sameAs\":[\"https:\/\/www.facebook.com\/SonoraEE\"]}]}<\/script>\n ","yoast_head_json":{"title":"Sonora en Equipo. Encuentran muerto en su casa a sacerdote acusado de abuso sexual MUNDO","description":"MONTE ALEGRE DO PIAU\u00cd, BRASIL.\u2500\u2500 El P. Jos\u00e9 Alves de Carvalho, acusado de cometer abusos sexuales contra una adolescente de 14 a\u00f1os, fue encontrado muerto En Sonora en Equipo publicamos toda la informaci\u00f3n de Sonora, M\u00e9xico y el Mundo de manera oportuna y busca que la libertad de expresi\u00f3n sea real. Visita nuestro medio informativo publicado desde Hermosillo, Sonora. %","robots":{"index":"index","follow":"follow","max-snippet":"max-snippet:-1","max-image-preview":"max-image-preview:large","max-video-preview":"max-video-preview:-1"},"canonical":"https:\/\/www.sonoraenequipo.com.mx\/encuentran-muerto-en-su-casa-a-sacerdote-acusado-de-abuso-sexual\/","og_locale":"es_ES","og_type":"article","og_title":"Sonora en Equipo. Encuentran muerto en su casa a sacerdote acusado de abuso sexual MUNDO","og_description":"MONTE ALEGRE DO PIAU\u00cd, BRASIL.\u2500\u2500 El P. Jos\u00e9 Alves de Carvalho, acusado de cometer abusos sexuales contra una adolescente de 14 a\u00f1os, fue encontrado muerto En Sonora en Equipo publicamos toda la informaci\u00f3n de Sonora, M\u00e9xico y el Mundo de manera oportuna y busca que la libertad de expresi\u00f3n sea real. Visita nuestro medio informativo publicado desde Hermosillo, Sonora. %","og_url":"https:\/\/www.sonoraenequipo.com.mx\/encuentran-muerto-en-su-casa-a-sacerdote-acusado-de-abuso-sexual\/","og_site_name":"Sonora en Equipo.","article_publisher":"https:\/\/www.facebook.com\/SonoraEE\/","article_author":"https:\/\/www.facebook.com\/SonoraEE","article_published_time":"2021-11-11T17:47:34+00:00","og_image":[{"width":700,"height":389,"url":"https:\/\/www.sonoraenequipo.com.mx\/storage\/2021\/11\/pcarvahlo.jpg","type":"image\/jpeg"}],"author":"enequipo","twitter_card":"summary_large_image","twitter_creator":"@sonoraenequipo","twitter_site":"@sonoraenequipo","twitter_misc":{"Escrito por":"enequipo","Tiempo de lectura":"2 minutos"},"schema":{"@context":"https:\/\/schema.org","@graph":[{"@type":"Article","@id":"https:\/\/www.sonoraenequipo.com.mx\/encuentran-muerto-en-su-casa-a-sacerdote-acusado-de-abuso-sexual\/#article","isPartOf":{"@id":"https:\/\/www.sonoraenequipo.com.mx\/encuentran-muerto-en-su-casa-a-sacerdote-acusado-de-abuso-sexual\/"},"author":{"name":"enequipo","@id":"https:\/\/www.sonoraenequipo.com.mx\/#\/schema\/person\/50102df0fb23a8fa9e8effad8fa81386"},"headline":"Encuentran muerto en su casa a sacerdote acusado de abuso sexual","datePublished":"2021-11-11T17:47:34+00:00","mainEntityOfPage":{"@id":"https:\/\/www.sonoraenequipo.com.mx\/encuentran-muerto-en-su-casa-a-sacerdote-acusado-de-abuso-sexual\/"},"wordCount":449,"commentCount":0,"publisher":{"@id":"https:\/\/www.sonoraenequipo.com.mx\/#organization"},"image":{"@id":"https:\/\/www.sonoraenequipo.com.mx\/encuentran-muerto-en-su-casa-a-sacerdote-acusado-de-abuso-sexual\/#primaryimage"},"thumbnailUrl":"https:\/\/www.sonoraenequipo.com.mx\/storage\/2021\/11\/pcarvahlo.jpg","keywords":["catolica abusos sexuales","IGLESIA"],"articleSection":["MUNDO"],"inLanguage":"es","potentialAction":[{"@type":"CommentAction","name":"Comment","target":["https:\/\/www.sonoraenequipo.com.mx\/encuentran-muerto-en-su-casa-a-sacerdote-acusado-de-abuso-sexual\/#respond"]}]},{"@type":"WebPage","@id":"https:\/\/www.sonoraenequipo.com.mx\/encuentran-muerto-en-su-casa-a-sacerdote-acusado-de-abuso-sexual\/","url":"https:\/\/www.sonoraenequipo.com.mx\/encuentran-muerto-en-su-casa-a-sacerdote-acusado-de-abuso-sexual\/","name":"Sonora en Equipo. Encuentran muerto en su casa a sacerdote acusado de abuso sexual MUNDO","isPartOf":{"@id":"https:\/\/www.sonoraenequipo.com.mx\/#website"},"primaryImageOfPage":{"@id":"https:\/\/www.sonoraenequipo.com.mx\/encuentran-muerto-en-su-casa-a-sacerdote-acusado-de-abuso-sexual\/#primaryimage"},"image":{"@id":"https:\/\/www.sonoraenequipo.com.mx\/encuentran-muerto-en-su-casa-a-sacerdote-acusado-de-abuso-sexual\/#primaryimage"},"thumbnailUrl":"https:\/\/www.sonoraenequipo.com.mx\/storage\/2021\/11\/pcarvahlo.jpg","datePublished":"2021-11-11T17:47:34+00:00","description":"MONTE ALEGRE DO PIAU\u00cd, BRASIL.\u2500\u2500 El P. Jos\u00e9 Alves de Carvalho, acusado de cometer abusos sexuales contra una adolescente de 14 a\u00f1os, fue encontrado muerto En Sonora en Equipo publicamos toda la informaci\u00f3n de Sonora, M\u00e9xico y el Mundo de manera oportuna y busca que la libertad de expresi\u00f3n sea real. Visita nuestro medio informativo publicado desde Hermosillo, Sonora. %","breadcrumb":{"@id":"https:\/\/www.sonoraenequipo.com.mx\/encuentran-muerto-en-su-casa-a-sacerdote-acusado-de-abuso-sexual\/#breadcrumb"},"inLanguage":"es","potentialAction":[{"@type":"ReadAction","target":["https:\/\/www.sonoraenequipo.com.mx\/encuentran-muerto-en-su-casa-a-sacerdote-acusado-de-abuso-sexual\/"]}]},{"@type":"ImageObject","inLanguage":"es","@id":"https:\/\/www.sonoraenequipo.com.mx\/encuentran-muerto-en-su-casa-a-sacerdote-acusado-de-abuso-sexual\/#primaryimage","url":"https:\/\/www.sonoraenequipo.com.mx\/storage\/2021\/11\/pcarvahlo.jpg","contentUrl":"https:\/\/www.sonoraenequipo.com.mx\/storage\/2021\/11\/pcarvahlo.jpg","width":700,"height":389,"caption":"P. Jos\u00e9 Alves de Carvalho.Imagen Facebook"},{"@type":"BreadcrumbList","@id":"https:\/\/www.sonoraenequipo.com.mx\/encuentran-muerto-en-su-casa-a-sacerdote-acusado-de-abuso-sexual\/#breadcrumb","itemListElement":[{"@type":"ListItem","position":1,"name":"Portada","item":"https:\/\/www.sonoraenequipo.com.mx\/"},{"@type":"ListItem","position":2,"name":"Encuentran muerto en su casa a sacerdote acusado de abuso sexual"}]},{"@type":"WebSite","@id":"https:\/\/www.sonoraenequipo.com.mx\/#website","url":"https:\/\/www.sonoraenequipo.com.mx\/","name":"Sonora en Equipo.","description":"Diario en l\u00ednea con Noticias desde Hermosillo, Sonora","publisher":{"@id":"https:\/\/www.sonoraenequipo.com.mx\/#organization"},"potentialAction":[{"@type":"SearchAction","target":{"@type":"EntryPoint","urlTemplate":"https:\/\/www.sonoraenequipo.com.mx\/?s={search_term_string}"},"query-input":{"@type":"PropertyValueSpecification","valueRequired":true,"valueName":"search_term_string"}}],"inLanguage":"es"},{"@type":"Organization","@id":"https:\/\/www.sonoraenequipo.com.mx\/#organization","name":"Sonoraenequipo.com.mx","url":"https:\/\/www.sonoraenequipo.com.mx\/","logo":{"@type":"ImageObject","inLanguage":"es","@id":"https:\/\/www.sonoraenequipo.com.mx\/#\/schema\/logo\/image\/","url":"https:\/\/www.sonoraenequipo.com.mx\/storage\/2019\/01\/sonoraenequipo_opt.png","contentUrl":"https:\/\/www.sonoraenequipo.com.mx\/storage\/2019\/01\/sonoraenequipo_opt.png","width":375,"height":125,"caption":"Sonoraenequipo.com.mx"},"image":{"@id":"https:\/\/www.sonoraenequipo.com.mx\/#\/schema\/logo\/image\/"},"sameAs":["https:\/\/www.facebook.com\/SonoraEE\/","https:\/\/x.com\/sonoraenequipo","https:\/\/www.youtube.com\/channel\/UC338nW-lPEYmJQs4ZABQ1SQ"]},{"@type":"Person","@id":"https:\/\/www.sonoraenequipo.com.mx\/#\/schema\/person\/50102df0fb23a8fa9e8effad8fa81386","name":"enequipo","image":{"@type":"ImageObject","inLanguage":"es","@id":"https:\/\/www.sonoraenequipo.com.mx\/#\/schema\/person\/image\/","url":"https:\/\/secure.gravatar.com\/avatar\/049821681b589dabc0bc20695993ccebb09f5b5d4d790cd9251b97faac7c652b?s=96&d=blank&r=g","contentUrl":"https:\/\/secure.gravatar.com\/avatar\/049821681b589dabc0bc20695993ccebb09f5b5d4d790cd9251b97faac7c652b?s=96&d=blank&r=g","caption":"enequipo"},"sameAs":["https:\/\/www.facebook.com\/SonoraEE"]}]}},"jetpack_featured_media_url":"https:\/\/www.sonoraenequipo.com.mx\/storage\/2021\/11\/pcarvahlo.jpg","_links":{"self":[{"href":"https:\/\/www.sonoraenequipo.com.mx\/api\/wp\/v2\/posts\/127173","targetHints":{"allow":["GET"]}}],"collection":[{"href":"https:\/\/www.sonoraenequipo.com.mx\/api\/wp\/v2\/posts"}],"about":[{"href":"https:\/\/www.sonoraenequipo.com.mx\/api\/wp\/v2\/types\/post"}],"author":[{"embeddable":true,"href":"https:\/\/www.sonoraenequipo.com.mx\/api\/wp\/v2\/users\/1"}],"replies":[{"embeddable":true,"href":"https:\/\/www.sonoraenequipo.com.mx\/api\/wp\/v2\/comments?post=127173"}],"version-history":[{"count":1,"href":"https:\/\/www.sonoraenequipo.com.mx\/api\/wp\/v2\/posts\/127173\/revisions"}],"predecessor-version":[{"id":127175,"href":"https:\/\/www.sonoraenequipo.com.mx\/api\/wp\/v2\/posts\/127173\/revisions\/127175"}],"wp:featuredmedia":[{"embeddable":true,"href":"https:\/\/www.sonoraenequipo.com.mx\/api\/wp\/v2\/media\/127174"}],"wp:attachment":[{"href":"https:\/\/www.sonoraenequipo.com.mx\/api\/wp\/v2\/media?parent=127173"}],"wp:term":[{"taxonomy":"category","embeddable":true,"href":"https:\/\/www.sonoraenequipo.com.mx\/api\/wp\/v2\/categories?post=127173"},{"taxonomy":"post_tag","embeddable":true,"href":"https:\/\/www.sonoraenequipo.com.mx\/api\/wp\/v2\/tags?post=127173"}],"curies":[{"name":"wp","href":"https:\/\/api.w.org\/{rel}","templated":true}]}}