{"id":127176,"date":"2021-11-11T11:05:03","date_gmt":"2021-11-11T18:05:03","guid":{"rendered":"https:\/\/www.sonoraenequipo.com.mx\/?p=127176"},"modified":"2021-11-11T16:47:49","modified_gmt":"2021-11-11T23:47:49","slug":"ine-aplaza-consulta-de-revocacion-de-mandato","status":"publish","type":"post","link":"https:\/\/www.sonoraenequipo.com.mx\/ine-aplaza-consulta-de-revocacion-de-mandato\/","title":{"rendered":"INE aplaza consulta de\u00a0 revocaci\u00f3n de\u00a0 mandato"},"content":{"rendered":"<p>CIUDAD DE M\u00c9XICO.\u2500\u2500 La revisi\u00f3n de formatos en papel obliga a modificar el calendario, por lo que la fecha de realizaci\u00f3n de la Jornada cambia del 27 de marzo al domingo 10 de abril de 2022<\/p>\n<p>Un recorte desmedido a la solicitud presupuestal hecha por el INE a la C\u00e1mara de Diputados pone en riesgo la organizaci\u00f3n de la Revocaci\u00f3n de Mandato: Lorenzo C\u00f3rdova<\/p>\n<p>Se ampl\u00eda hasta el 25 de diciembre de 2021 el plazo para la recolecci\u00f3n de firmas de apoyo y la emisi\u00f3n de la Convocatoria al 4 de febrero de 2022: Edmundo Jacobo<\/p>\n<p>El Consejo General del Instituto Nacional Electoral (INE) aprob\u00f3 por unanimidad modificaciones a los Lineamientos de Revocaci\u00f3n de Mandato para garantizar que las y los ciudadanos puedan expresar su apoyo a la solicitud de este ejercicio a trav\u00e9s del formato f\u00edsico o por medio de la aplicaci\u00f3n m\u00f3vil (APP).<\/p>\n<p>&nbsp;<\/p>\n<p>El acatamiento a una sentencia del Tribunal Electoral del Poder Judicial de la Federaci\u00f3n (TEPJF) traer\u00e1 como consecuencia l\u00f3gica cambios en el calendario y cronograma que las diversas \u00e1reas del Instituto ya hab\u00edan dise\u00f1ado y emitido para garantizar que este ejercicio se lleve a cabo en condiciones plenas de legalidad y certeza, explic\u00f3 el Consejero Presidente Lorenzo C\u00f3rdova Vianello.<\/p>\n<p>&nbsp;<\/p>\n<p>\u201cLa revisi\u00f3n de miles y probablemente millones de formatos de papel obliga al INE a dedicar m\u00e1s tiempo para verificar y validar los m\u00e1s de 2.7 millones de apoyos ciudadanos que se requieren para que este ejercicio pueda ser convocado, con el consecuente aplazamiento en la emisi\u00f3n de la convocatoria y la realizaci\u00f3n de la Jornada de votaci\u00f3n dos semanas despu\u00e9s de lo previsto originalmente; es decir, \u00e9sta pasa del domingo 27 de marzo al domingo 10 de abril de 2022\u201d, agreg\u00f3.<\/p>\n<p>&nbsp;<\/p>\n<p>INE no obstaculiza el ejercicio<\/p>\n<p>&nbsp;<\/p>\n<p>En sesi\u00f3n extraordinaria estableci\u00f3 que es falso que sea el INE quien pretende boicotear el proceso de Revocaci\u00f3n de Mandato.<\/p>\n<p>&nbsp;<\/p>\n<p>\u201cNo es el INE quien boicotea u obstaculiza los ejercicios de democracia participativa recientemente incorporados en nuestra Constituci\u00f3n. Miente flagrantemente quien diga lo contrario. El INE ha cumplido cabalmente, contemplando en sus planes y presupuestos tanto la posibilidad de una Consulta Popular, que por cierto, a\u00fan podr\u00eda ser convocada antes del 30 de noviembre, como el proceso de Revocaci\u00f3n de Mandato que, desde el pasado 1\u00ba de noviembre, es promovido por m\u00e1s de 22 mil ciudadanas y ciudadanos registrados ante el INE\u201d.<\/p>\n<p>&nbsp;<\/p>\n<p>En semanas recientes, abund\u00f3, tanto el Consejo General como la Junta General Ejecutiva del INE han aprobado acuerdos para iniciar los preparativos de la Revocaci\u00f3n de Mandato, que implican la erogaci\u00f3n de m\u00e1s de 117 millones de pesos que ya han comenzado a ejercerse.<\/p>\n<p>&nbsp;<\/p>\n<p>C\u00f3rdova Vianello reiter\u00f3 que \u201cllevar a cabo una Revocaci\u00f3n de Mandato es un ejercicio de tal magnitud y seriedad -cuyas consecuencias podr\u00edan ser muy serias en t\u00e9rminos institucionales-, que requiere organizarse con absoluta legalidad y certeza. Es un proceso equiparable a la organizaci\u00f3n de una elecci\u00f3n federal de principio a fin, y por ello los requerimientos presupuestales son altos\u201d.<\/p>\n<p>&nbsp;<\/p>\n<p>Advirti\u00f3 que \u201cun recorte desmedido a la solicitud presupuestal hecha por el INE a la C\u00e1mara de Diputados pone en riesgo la organizaci\u00f3n de la Revocaci\u00f3n de Mandato, un ejercicio in\u00e9dito de participaci\u00f3n ciudadana que el INE s\u00f3lo podr\u00e1 convocar y organizar si cuenta con los recursos necesarios\u201d.<\/p>\n<p>&nbsp;<\/p>\n<p>Extern\u00f3 su preocupaci\u00f3n por que la Comisi\u00f3n de Presupuesto de la C\u00e1mara de Diputados haya aprobado un dictamen que recorta 4 mil 913 millones de pesos al proyecto de recursos que el INE present\u00f3 en tiempo y forma, \u201csin considerar los datos y los argumentos t\u00e9cnicos que el Instituto ha venido exponiendo para justificar su solicitud presupuestal\u201d.<\/p>\n<p>&nbsp;<\/p>\n<p>Cambian plazos: la convocatoria ser\u00e1 el 4 de febrero y la recolecci\u00f3n de firmas se ampl\u00eda hasta el 25 de diciembre<\/p>\n<p>&nbsp;<\/p>\n<p>Al presentar el proyecto, el Secretario Ejecutivo, Edmundo Jacobo Molina, detall\u00f3 que la propuesta de acatamiento se encarga de garantizar el ejercicio del derecho de la ciudadan\u00eda de participar en el proceso de Revocaci\u00f3n de Mandato, por lo que se ampl\u00eda hasta el 25 de diciembre de este a\u00f1o el plazo para la recolecci\u00f3n de firmas de apoyo, es decir contar\u00e1 la poblaci\u00f3n con 10 d\u00edas m\u00e1s.<\/p>\n<p>&nbsp;<\/p>\n<p>Precis\u00f3 que se modifican 17 art\u00edculos de los Lineamientos y 40 preceptos del anexo t\u00e9cnico, lo que supone el ajuste de los plazos y t\u00e9rminos contemplados, ya que el empleo generalizado en el pa\u00eds de firmas asentadas en papel para la recolecci\u00f3n de apoyos exigir\u00e1 la realizaci\u00f3n de actividades que no se encontraban contempladas, por lo que no ser\u00e1n suficientes los 20 d\u00edas constitucionalmente previstos.<\/p>\n<p>&nbsp;<\/p>\n<p>\u201cEs forzoso recorrer los plazos, particularmente el de la emisi\u00f3n de la convocatoria que no podr\u00e1 hacerse en los primeros d\u00edas de enero como se ten\u00eda originalmente contemplado, sino hasta el 4 de febrero del 2022\u201d, dijo.<\/p>\n<p>&nbsp;<\/p>\n<p>Respecto al voto de las personas mexicanas residentes en el extranjero, el Secretario Ejecutivo mencion\u00f3 que, como acatamiento a la sentencia, se instruye a la Comisi\u00f3n del Voto de las Mexicanas y los Mexicanos Residentes en el Extranjero la realizaci\u00f3n de los estudios t\u00e9cnicos y financieros necesarios para garantizar el derecho al voto de las personas mexicanas residentes en el exterior para los futuros procesos de Revocaci\u00f3n de Mandato o la implementaci\u00f3n de un programa piloto.<\/p>\n<p>&nbsp;<\/p>\n<p>El uso de la APP con sustento t\u00e9cnico y operativo<\/p>\n<p>&nbsp;<\/p>\n<p>En su intervenci\u00f3n, la Consejera Dania Ravel Cuevas subray\u00f3 que \u201cal igual que siempre, el Instituto Nacional Electoral acatar\u00e1 el fallo de la Sala Superior\u201d. No obstante, la sentencia dictada por el Tribunal, insisti\u00f3, la determinaci\u00f3n original del INE para que la recolecci\u00f3n de firmas fuera predominantemente a trav\u00e9s de la APP \u201cno fue caprichosa o arbitraria; fue una determinaci\u00f3n con sustento t\u00e9cnico y operativo\u201d.<\/p>\n<p>&nbsp;<\/p>\n<p>Llegar a esa decisi\u00f3n, \u201cimplic\u00f3 un ejercicio de an\u00e1lisis que consider\u00f3 las experiencias previas con el uso de la aplicaci\u00f3n que busc\u00f3 optimizar los tiempos tanto para la recolecci\u00f3n de las firmas como para su revisi\u00f3n por parte del INE\u201d.<\/p>\n<p>&nbsp;<\/p>\n<p>Derivado del incremento de actividades y procesos, as\u00ed como en la integraci\u00f3n de las Mesas Directivas de Casilla, la capacitaci\u00f3n electoral y el plazo abreviado para revisar si quienes suscriban los formatos de apoyo se encuentran en el Listado Nominal de Electores y si se alcanzan los porcentajes tanto nacional y local en al menos 17 entidades federativas no permite que el INE garantice el cumplimiento del calendario y plan integral en los plazos establecidos anteriormente, especific\u00f3 la Consejera Carla Humphrey Jordan.<\/p>\n<p>&nbsp;<\/p>\n<p>Record\u00f3 que ya hab\u00eda se\u00f1alado que no se motivaba ni fundamentaba de manera adecuada el por qu\u00e9 s\u00f3lo se pretend\u00eda utilizar papel en 204 municipios de alta marginalidad; \u201cnos falt\u00f3 estudiar si pod\u00edan ser m\u00e1s o menos y los beneficios que ello implicar\u00eda\u201d, se\u00f1al\u00f3.<\/p>\n<p>&nbsp;<\/p>\n<p>Aunque se quer\u00eda evitar que la Jornada de Revocaci\u00f3n de Mandato no concurriera con los procesos electorales, abund\u00f3, ahora habr\u00e1 un traslape en los siete primeros d\u00edas de las campa\u00f1as de las elecciones de seis gubernaturas, que tambi\u00e9n seguir\u00e1 con los c\u00f3mputos distritales, recuentos y, en su caso, impugnaciones.<\/p>\n<p>&nbsp;<\/p>\n<p>Llama Consejero a la C\u00e1mara de Diputados a actuar con responsabilidad<\/p>\n<p>&nbsp;<\/p>\n<p>El Consejero Jaime Rivera Vel\u00e1zquez enfatiz\u00f3 que el INE \u201cno podr\u00eda ni aceptar\u00eda organizar una votaci\u00f3n ciudadana sin un padr\u00f3n confiable, sin unas mesas receptoras de votos integradas por ciudadanas y ciudadanos imparciales y capacitados, ni una emisi\u00f3n de resultados que no tuvieran todas las garant\u00edas de autenticidad y transparencia\u201d. Someter al Presidente de la Rep\u00fablica a una eventual p\u00e9rdida del cargo por decisi\u00f3n ciudadana \u201ces un asunto muy serio y el INE asume esa responsabilidad con toda seriedad\u201d, dej\u00f3 en claro.<\/p>\n<p>&nbsp;<\/p>\n<p>\u201cEl proceso de Revocaci\u00f3n de Mandato requiere de una dotaci\u00f3n suficiente de recursos financieros para llevarlo a cabo\u201d, estim\u00f3, por lo que hizo un llamado respetuoso a la C\u00e1mara de Diputados, especialmente a su mayor\u00eda, \u201ca actuar con responsabilidad para no entorpecer este proceso o, inclusive, hacerlo inviable. Este proceso que el INE ya est\u00e1 llevando a cabo con toda seriedad y eficacia. A\u00fan es tiempo para rectificar\u201d, destac\u00f3.<\/p>\n<p>&nbsp;<\/p>\n<p>El INE no ha sido omiso<\/p>\n<p>&nbsp;<\/p>\n<p>\u201cDe ninguna manera el INE ha sido omiso en el compromiso importante para la naci\u00f3n de organizar este ejercicio in\u00e9dito\u201d, asever\u00f3 el Consejero Jos\u00e9 Roberto Ruiz Salda\u00f1a, quien afirm\u00f3 que \u201cel INE est\u00e1 trabajando y se encuentra listo como instituci\u00f3n para organizarlo\u201d, ya que de las 218 actividades programadas ya est\u00e1n concluidas seis, en ejecuci\u00f3n 29, ninguna con retraso o alguna situaci\u00f3n de desfase y por iniciar otras 23 actividades.<\/p>\n<p>&nbsp;<\/p>\n<p>Extern\u00f3 su preocupaci\u00f3n por que no hay una reconsideraci\u00f3n en lo aprobado por la Comisi\u00f3n de Presupuesto de la C\u00e1mara de Diputados, por lo que se sum\u00f3 a reiterar que \u201cel INE no est\u00e1 siendo de ninguna forma obst\u00e1culo institucional, no est\u00e1 representando esta instituci\u00f3n ning\u00fan freno para que se realice ese ejercicio de Revocaci\u00f3n de Mandato, sino que est\u00e1 en manos de otros actores\u201d.<\/p>\n<p>&nbsp;<\/p>\n<p>La Consejera Claudia Zavala P\u00e9rez resalt\u00f3 que todas las actividades con los est\u00e1ndares de calidad que lleva a cabo el INE para hacer efectivos los derechos pol\u00edtico-electorales de la ciudadan\u00eda, \u201ctienen y est\u00e1n alineadas con una obligaci\u00f3n constitucional que representa una inversi\u00f3n econ\u00f3mica\u201d.<\/p>\n<p>&nbsp;<\/p>\n<p>Esa inversi\u00f3n, continu\u00f3, \u201cdebe ser administrada a la autoridad electoral para cumplir en t\u00e9rminos democr\u00e1ticos con nuestras obligaciones, pero tambi\u00e9n con el deber de garant\u00eda de los derechos de las personas\u201d. A partir de esto, garantiz\u00f3, \u201cel esquema que se ha presentado es en estricto cumplimiento a las reglas que fueron emitidas por el Legislativo para llevar a cabo este proceso de Revocaci\u00f3n de Mandato\u201d.<\/p>\n<p>&nbsp;<\/p>\n<p>Bloquear financieramente al INE es bloquear la Revocaci\u00f3n de Mandato<\/p>\n<p>&nbsp;<\/p>\n<p>\u201cLos hechos se imponen sobre el discurso pol\u00edtico\u201d critic\u00f3 el Consejero Uuc-kib Espadas Ancona, quien asever\u00f3 que \u201cestrangular financieramente al Instituto es estar bloqueando la Revocaci\u00f3n de Mandato\u201d.<\/p>\n<p>&nbsp;<\/p>\n<p>A\u00f1adi\u00f3 que \u201cno se puede pretender que el INE es quien sabotea la Revocaci\u00f3n de Mandato. No se puede pretender que un proceso en el que se tiene que llevar a las urnas a 95 millones de ciudadanas y ciudadanos se haga sin las condiciones de certeza que la sociedad construy\u00f3 a lo largo de d\u00e9cadas y eso es evidente, es un proceso que cuesta dinero\u201d.<\/p>\n<p>&nbsp;<\/p>\n<p>Agreg\u00f3 que \u201cignorar la parte de la sentencia que faculta a modificar los plazos en este proceso en virtud de las nuevas cargas operativas que este Instituto recibe es oponerse a la realizaci\u00f3n de una consulta de Revocaci\u00f3n de Mandato\u201d y garantiz\u00f3 que el INE trabajar\u00e1 al m\u00e1ximo de sus capacidades para realizar adecuadamente\u00a0 este proceso.<\/p>\n<p>&nbsp;<\/p>\n<p>\u201cQueda por verse si otros actores institucionales y pol\u00edticos realmente enfrentar\u00e1n la tarea de sacar adelante este proceso u optar\u00e1n por bloquearlo intentando pasarle factura pol\u00edtica\u201d, apunt\u00f3.<\/p>\n<p>&nbsp;<\/p>\n<p>El Consejero Ciro Murayama Rend\u00f3n llam\u00f3 al Legislativo a aprobar el presupuesto suficiente para realizar, en su caso, la Revocaci\u00f3n de Mandato. \u201cEs su obligaci\u00f3n, claro que la del INE es organizar, pero todos los recursos de los que dispone salen invariablemente del Presupuesto de Egresos de la Federaci\u00f3n\u201d, record\u00f3.<\/p>\n<p>&nbsp;<\/p>\n<p>Decir que el presupuesto contemplado para el INE por la C\u00e1mara de Diputados es responsable porque es equivalente al de 2019, advirti\u00f3, \u201ces lo mismo que desconocer que existe la figura de Revocaci\u00f3n de Mandato en la Constituci\u00f3n aprobada en diciembre de 2019, mientras que el presupuesto del INE se aprob\u00f3 en 2018\u201d.<\/p>\n<p>&nbsp;<\/p>\n<p>Avalan sustituci\u00f3n de candidatura del PAN para elecciones en Nayarit<\/p>\n<p>&nbsp;<\/p>\n<p>En otro punto de la sesi\u00f3n, la autoridad electoral aprob\u00f3 por unanimidad la solicitud de sustituci\u00f3n de la candidatura suplente a Senadur\u00eda por el principio de Mayor\u00eda Relativa para el proceso electoral federal extraordinario en Nayarit 2021, presentada por el Partido Acci\u00f3n Nacional.<\/p>\n<p>&nbsp;<\/p>\n<p>De esta forma, se cancela el registro de Citlalli Rub\u00ed Huerta Pe\u00f1a como candidata suplente a la Senadur\u00eda por el principio de Mayor\u00eda Relativa postulada por el PAN y se registra la candidatura de Imelda Lorena Rodr\u00edguez Covarrubias, para el Proceso Electoral Extraordinario en Nayarit y se expide la constancia de registro correspondiente.<\/p>\n<p>Fecha de publicaci\u00f3n\u00a0 jueves\/ 11 \/ noviembre \/2021 CS\u00a0 No. 513<\/p>\n<p>&nbsp;<\/p>\n","protected":false},"excerpt":{"rendered":"<p>CIUDAD DE M\u00c9XICO.\u2500\u2500 La revisi\u00f3n de formatos en papel obliga a modificar el calendario, por&#8230;<\/p>\n","protected":false},"author":1,"featured_media":127177,"comment_status":"open","ping_status":"open","sticky":false,"template":"","format":"standard","meta":{"_monsterinsights_skip_tracking":false,"_monsterinsights_sitenote_active":false,"_monsterinsights_sitenote_note":"","_monsterinsights_sitenote_category":0,"footnotes":""},"categories":[5],"tags":[4756,1247,6369,3200],"class_list":["post"],"yoast_head":" \n<title>Sonora en Equipo. INE aplaza consulta de\u00a0 revocaci\u00f3n de\u00a0 mandato Rep\u00fablica<\/title>\n<meta name=\"description\" content=\"CIUDAD DE M\u00c9XICO.\u2500\u2500 La revisi\u00f3n de formatos en papel obliga a modificar el calendario, por lo que la fecha de realizaci\u00f3n de la Jornada cambia del 27 de En Sonora en Equipo publicamos toda la informaci\u00f3n de Sonora, M\u00e9xico y el Mundo de manera oportuna y busca que la libertad de expresi\u00f3n sea real. Visita nuestro medio informativo publicado desde Hermosillo, Sonora. %\" \/>\n<meta name=\"robots\" content=\"index, follow, max-snippet:-1, max-image-preview:large, max-video-preview:-1\" \/>\n<link rel=\"canonical\" href=\"https:\/\/www.sonoraenequipo.com.mx\/ine-aplaza-consulta-de-revocacion-de-mandato\/\" \/>\n<meta property=\"og:locale\" content=\"es_ES\" \/>\n<meta property=\"og:type\" content=\"article\" \/>\n<meta property=\"og:title\" content=\"Sonora en Equipo. INE aplaza consulta de\u00a0 revocaci\u00f3n de\u00a0 mandato Rep\u00fablica\" \/>\n<meta property=\"og:description\" content=\"CIUDAD DE M\u00c9XICO.\u2500\u2500 La revisi\u00f3n de formatos en papel obliga a modificar el calendario, por lo que la fecha de realizaci\u00f3n de la Jornada cambia del 27 de En Sonora en Equipo publicamos toda la informaci\u00f3n de Sonora, M\u00e9xico y el Mundo de manera oportuna y busca que la libertad de expresi\u00f3n sea real. Visita nuestro medio informativo publicado desde Hermosillo, Sonora. %\" \/>\n<meta property=\"og:url\" content=\"https:\/\/www.sonoraenequipo.com.mx\/ine-aplaza-consulta-de-revocacion-de-mandato\/\" \/>\n<meta property=\"og:site_name\" content=\"Sonora en Equipo.\" \/>\n<meta property=\"article:publisher\" content=\"https:\/\/www.facebook.com\/SonoraEE\/\" \/>\n<meta property=\"article:author\" content=\"https:\/\/www.facebook.com\/SonoraEE\" \/>\n<meta property=\"article:published_time\" content=\"2021-11-11T18:05:03+00:00\" \/>\n<meta property=\"article:modified_time\" content=\"2021-11-11T23:47:49+00:00\" \/>\n<meta property=\"og:image\" content=\"https:\/\/www.sonoraenequipo.com.mx\/storage\/2021\/11\/revocacion-de-mandato.jpg\" \/>\n\t<meta property=\"og:image:width\" content=\"700\" \/>\n\t<meta property=\"og:image:height\" content=\"400\" \/>\n\t<meta property=\"og:image:type\" content=\"image\/jpeg\" \/>\n<meta name=\"author\" content=\"enequipo\" \/>\n<meta name=\"twitter:card\" content=\"summary_large_image\" \/>\n<meta name=\"twitter:creator\" content=\"@sonoraenequipo\" \/>\n<meta name=\"twitter:site\" content=\"@sonoraenequipo\" \/>\n<meta name=\"twitter:label1\" content=\"Escrito por\" \/>\n\t<meta name=\"twitter:data1\" content=\"enequipo\" \/>\n\t<meta name=\"twitter:label2\" content=\"Tiempo de lectura\" \/>\n\t<meta name=\"twitter:data2\" content=\"9 minutos\" \/>\n<script type=\"application\/ld+json\" class=\"yoast-schema-graph\">{\"@context\":\"https:\/\/schema.org\",\"@graph\":[{\"@type\":\"Article\",\"@id\":\"https:\/\/www.sonoraenequipo.com.mx\/ine-aplaza-consulta-de-revocacion-de-mandato\/#article\",\"isPartOf\":{\"@id\":\"https:\/\/www.sonoraenequipo.com.mx\/ine-aplaza-consulta-de-revocacion-de-mandato\/\"},\"author\":{\"name\":\"enequipo\",\"@id\":\"https:\/\/www.sonoraenequipo.com.mx\/#\/schema\/person\/50102df0fb23a8fa9e8effad8fa81386\"},\"headline\":\"INE aplaza consulta de\u00a0 revocaci\u00f3n de\u00a0 mandato\",\"datePublished\":\"2021-11-11T18:05:03+00:00\",\"dateModified\":\"2021-11-11T23:47:49+00:00\",\"mainEntityOfPage\":{\"@id\":\"https:\/\/www.sonoraenequipo.com.mx\/ine-aplaza-consulta-de-revocacion-de-mandato\/\"},\"wordCount\":2165,\"commentCount\":0,\"publisher\":{\"@id\":\"https:\/\/www.sonoraenequipo.com.mx\/#organization\"},\"image\":{\"@id\":\"https:\/\/www.sonoraenequipo.com.mx\/ine-aplaza-consulta-de-revocacion-de-mandato\/#primaryimage\"},\"thumbnailUrl\":\"https:\/\/www.sonoraenequipo.com.mx\/storage\/2021\/11\/revocacion-de-mandato.jpg\",\"keywords\":[\"consulta\",\"INE\",\"MANDATO\",\"revocacion\"],\"articleSection\":[\"Rep\u00fablica\"],\"inLanguage\":\"es\",\"potentialAction\":[{\"@type\":\"CommentAction\",\"name\":\"Comment\",\"target\":[\"https:\/\/www.sonoraenequipo.com.mx\/ine-aplaza-consulta-de-revocacion-de-mandato\/#respond\"]}]},{\"@type\":\"WebPage\",\"@id\":\"https:\/\/www.sonoraenequipo.com.mx\/ine-aplaza-consulta-de-revocacion-de-mandato\/\",\"url\":\"https:\/\/www.sonoraenequipo.com.mx\/ine-aplaza-consulta-de-revocacion-de-mandato\/\",\"name\":\"Sonora en Equipo. INE aplaza consulta de\u00a0 revocaci\u00f3n de\u00a0 mandato Rep\u00fablica\",\"isPartOf\":{\"@id\":\"https:\/\/www.sonoraenequipo.com.mx\/#website\"},\"primaryImageOfPage\":{\"@id\":\"https:\/\/www.sonoraenequipo.com.mx\/ine-aplaza-consulta-de-revocacion-de-mandato\/#primaryimage\"},\"image\":{\"@id\":\"https:\/\/www.sonoraenequipo.com.mx\/ine-aplaza-consulta-de-revocacion-de-mandato\/#primaryimage\"},\"thumbnailUrl\":\"https:\/\/www.sonoraenequipo.com.mx\/storage\/2021\/11\/revocacion-de-mandato.jpg\",\"datePublished\":\"2021-11-11T18:05:03+00:00\",\"dateModified\":\"2021-11-11T23:47:49+00:00\",\"description\":\"CIUDAD DE M\u00c9XICO.\u2500\u2500 La revisi\u00f3n de formatos en papel obliga a modificar el calendario, por lo que la fecha de realizaci\u00f3n de la Jornada cambia del 27 de En Sonora en Equipo publicamos toda la informaci\u00f3n de Sonora, M\u00e9xico y el Mundo de manera oportuna y busca que la libertad de expresi\u00f3n sea real. Visita nuestro medio informativo publicado desde Hermosillo, Sonora. %\",\"breadcrumb\":{\"@id\":\"https:\/\/www.sonoraenequipo.com.mx\/ine-aplaza-consulta-de-revocacion-de-mandato\/#breadcrumb\"},\"inLanguage\":\"es\",\"potentialAction\":[{\"@type\":\"ReadAction\",\"target\":[\"https:\/\/www.sonoraenequipo.com.mx\/ine-aplaza-consulta-de-revocacion-de-mandato\/\"]}]},{\"@type\":\"ImageObject\",\"inLanguage\":\"es\",\"@id\":\"https:\/\/www.sonoraenequipo.com.mx\/ine-aplaza-consulta-de-revocacion-de-mandato\/#primaryimage\",\"url\":\"https:\/\/www.sonoraenequipo.com.mx\/storage\/2021\/11\/revocacion-de-mandato.jpg\",\"contentUrl\":\"https:\/\/www.sonoraenequipo.com.mx\/storage\/2021\/11\/revocacion-de-mandato.jpg\",\"width\":700,\"height\":400},{\"@type\":\"BreadcrumbList\",\"@id\":\"https:\/\/www.sonoraenequipo.com.mx\/ine-aplaza-consulta-de-revocacion-de-mandato\/#breadcrumb\",\"itemListElement\":[{\"@type\":\"ListItem\",\"position\":1,\"name\":\"Portada\",\"item\":\"https:\/\/www.sonoraenequipo.com.mx\/\"},{\"@type\":\"ListItem\",\"position\":2,\"name\":\"INE aplaza consulta de\u00a0 revocaci\u00f3n de\u00a0 mandato\"}]},{\"@type\":\"WebSite\",\"@id\":\"https:\/\/www.sonoraenequipo.com.mx\/#website\",\"url\":\"https:\/\/www.sonoraenequipo.com.mx\/\",\"name\":\"Sonora en Equipo.\",\"description\":\"Diario en l\u00ednea con Noticias desde Hermosillo, Sonora\",\"publisher\":{\"@id\":\"https:\/\/www.sonoraenequipo.com.mx\/#organization\"},\"potentialAction\":[{\"@type\":\"SearchAction\",\"target\":{\"@type\":\"EntryPoint\",\"urlTemplate\":\"https:\/\/www.sonoraenequipo.com.mx\/?s={search_term_string}\"},\"query-input\":{\"@type\":\"PropertyValueSpecification\",\"valueRequired\":true,\"valueName\":\"search_term_string\"}}],\"inLanguage\":\"es\"},{\"@type\":\"Organization\",\"@id\":\"https:\/\/www.sonoraenequipo.com.mx\/#organization\",\"name\":\"Sonoraenequipo.com.mx\",\"url\":\"https:\/\/www.sonoraenequipo.com.mx\/\",\"logo\":{\"@type\":\"ImageObject\",\"inLanguage\":\"es\",\"@id\":\"https:\/\/www.sonoraenequipo.com.mx\/#\/schema\/logo\/image\/\",\"url\":\"https:\/\/www.sonoraenequipo.com.mx\/storage\/2019\/01\/sonoraenequipo_opt.png\",\"contentUrl\":\"https:\/\/www.sonoraenequipo.com.mx\/storage\/2019\/01\/sonoraenequipo_opt.png\",\"width\":375,\"height\":125,\"caption\":\"Sonoraenequipo.com.mx\"},\"image\":{\"@id\":\"https:\/\/www.sonoraenequipo.com.mx\/#\/schema\/logo\/image\/\"},\"sameAs\":[\"https:\/\/www.facebook.com\/SonoraEE\/\",\"https:\/\/x.com\/sonoraenequipo\",\"https:\/\/www.youtube.com\/channel\/UC338nW-lPEYmJQs4ZABQ1SQ\"]},{\"@type\":\"Person\",\"@id\":\"https:\/\/www.sonoraenequipo.com.mx\/#\/schema\/person\/50102df0fb23a8fa9e8effad8fa81386\",\"name\":\"enequipo\",\"image\":{\"@type\":\"ImageObject\",\"inLanguage\":\"es\",\"@id\":\"https:\/\/www.sonoraenequipo.com.mx\/#\/schema\/person\/image\/\",\"url\":\"https:\/\/secure.gravatar.com\/avatar\/049821681b589dabc0bc20695993ccebb09f5b5d4d790cd9251b97faac7c652b?s=96&d=blank&r=g\",\"contentUrl\":\"https:\/\/secure.gravatar.com\/avatar\/049821681b589dabc0bc20695993ccebb09f5b5d4d790cd9251b97faac7c652b?s=96&d=blank&r=g\",\"caption\":\"enequipo\"},\"sameAs\":[\"https:\/\/www.facebook.com\/SonoraEE\"]}]}<\/script>\n ","yoast_head_json":{"title":"Sonora en Equipo. INE aplaza consulta de\u00a0 revocaci\u00f3n de\u00a0 mandato Rep\u00fablica","description":"CIUDAD DE M\u00c9XICO.\u2500\u2500 La revisi\u00f3n de formatos en papel obliga a modificar el calendario, por lo que la fecha de realizaci\u00f3n de la Jornada cambia del 27 de En Sonora en Equipo publicamos toda la informaci\u00f3n de Sonora, M\u00e9xico y el Mundo de manera oportuna y busca que la libertad de expresi\u00f3n sea real. Visita nuestro medio informativo publicado desde Hermosillo, Sonora. %","robots":{"index":"index","follow":"follow","max-snippet":"max-snippet:-1","max-image-preview":"max-image-preview:large","max-video-preview":"max-video-preview:-1"},"canonical":"https:\/\/www.sonoraenequipo.com.mx\/ine-aplaza-consulta-de-revocacion-de-mandato\/","og_locale":"es_ES","og_type":"article","og_title":"Sonora en Equipo. INE aplaza consulta de\u00a0 revocaci\u00f3n de\u00a0 mandato Rep\u00fablica","og_description":"CIUDAD DE M\u00c9XICO.\u2500\u2500 La revisi\u00f3n de formatos en papel obliga a modificar el calendario, por lo que la fecha de realizaci\u00f3n de la Jornada cambia del 27 de En Sonora en Equipo publicamos toda la informaci\u00f3n de Sonora, M\u00e9xico y el Mundo de manera oportuna y busca que la libertad de expresi\u00f3n sea real. Visita nuestro medio informativo publicado desde Hermosillo, Sonora. %","og_url":"https:\/\/www.sonoraenequipo.com.mx\/ine-aplaza-consulta-de-revocacion-de-mandato\/","og_site_name":"Sonora en Equipo.","article_publisher":"https:\/\/www.facebook.com\/SonoraEE\/","article_author":"https:\/\/www.facebook.com\/SonoraEE","article_published_time":"2021-11-11T18:05:03+00:00","article_modified_time":"2021-11-11T23:47:49+00:00","og_image":[{"width":700,"height":400,"url":"https:\/\/www.sonoraenequipo.com.mx\/storage\/2021\/11\/revocacion-de-mandato.jpg","type":"image\/jpeg"}],"author":"enequipo","twitter_card":"summary_large_image","twitter_creator":"@sonoraenequipo","twitter_site":"@sonoraenequipo","twitter_misc":{"Escrito por":"enequipo","Tiempo de lectura":"9 minutos"},"schema":{"@context":"https:\/\/schema.org","@graph":[{"@type":"Article","@id":"https:\/\/www.sonoraenequipo.com.mx\/ine-aplaza-consulta-de-revocacion-de-mandato\/#article","isPartOf":{"@id":"https:\/\/www.sonoraenequipo.com.mx\/ine-aplaza-consulta-de-revocacion-de-mandato\/"},"author":{"name":"enequipo","@id":"https:\/\/www.sonoraenequipo.com.mx\/#\/schema\/person\/50102df0fb23a8fa9e8effad8fa81386"},"headline":"INE aplaza consulta de\u00a0 revocaci\u00f3n de\u00a0 mandato","datePublished":"2021-11-11T18:05:03+00:00","dateModified":"2021-11-11T23:47:49+00:00","mainEntityOfPage":{"@id":"https:\/\/www.sonoraenequipo.com.mx\/ine-aplaza-consulta-de-revocacion-de-mandato\/"},"wordCount":2165,"commentCount":0,"publisher":{"@id":"https:\/\/www.sonoraenequipo.com.mx\/#organization"},"image":{"@id":"https:\/\/www.sonoraenequipo.com.mx\/ine-aplaza-consulta-de-revocacion-de-mandato\/#primaryimage"},"thumbnailUrl":"https:\/\/www.sonoraenequipo.com.mx\/storage\/2021\/11\/revocacion-de-mandato.jpg","keywords":["consulta","INE","MANDATO","revocacion"],"articleSection":["Rep\u00fablica"],"inLanguage":"es","potentialAction":[{"@type":"CommentAction","name":"Comment","target":["https:\/\/www.sonoraenequipo.com.mx\/ine-aplaza-consulta-de-revocacion-de-mandato\/#respond"]}]},{"@type":"WebPage","@id":"https:\/\/www.sonoraenequipo.com.mx\/ine-aplaza-consulta-de-revocacion-de-mandato\/","url":"https:\/\/www.sonoraenequipo.com.mx\/ine-aplaza-consulta-de-revocacion-de-mandato\/","name":"Sonora en Equipo. INE aplaza consulta de\u00a0 revocaci\u00f3n de\u00a0 mandato Rep\u00fablica","isPartOf":{"@id":"https:\/\/www.sonoraenequipo.com.mx\/#website"},"primaryImageOfPage":{"@id":"https:\/\/www.sonoraenequipo.com.mx\/ine-aplaza-consulta-de-revocacion-de-mandato\/#primaryimage"},"image":{"@id":"https:\/\/www.sonoraenequipo.com.mx\/ine-aplaza-consulta-de-revocacion-de-mandato\/#primaryimage"},"thumbnailUrl":"https:\/\/www.sonoraenequipo.com.mx\/storage\/2021\/11\/revocacion-de-mandato.jpg","datePublished":"2021-11-11T18:05:03+00:00","dateModified":"2021-11-11T23:47:49+00:00","description":"CIUDAD DE M\u00c9XICO.\u2500\u2500 La revisi\u00f3n de formatos en papel obliga a modificar el calendario, por lo que la fecha de realizaci\u00f3n de la Jornada cambia del 27 de En Sonora en Equipo publicamos toda la informaci\u00f3n de Sonora, M\u00e9xico y el Mundo de manera oportuna y busca que la libertad de expresi\u00f3n sea real. Visita nuestro medio informativo publicado desde Hermosillo, Sonora. %","breadcrumb":{"@id":"https:\/\/www.sonoraenequipo.com.mx\/ine-aplaza-consulta-de-revocacion-de-mandato\/#breadcrumb"},"inLanguage":"es","potentialAction":[{"@type":"ReadAction","target":["https:\/\/www.sonoraenequipo.com.mx\/ine-aplaza-consulta-de-revocacion-de-mandato\/"]}]},{"@type":"ImageObject","inLanguage":"es","@id":"https:\/\/www.sonoraenequipo.com.mx\/ine-aplaza-consulta-de-revocacion-de-mandato\/#primaryimage","url":"https:\/\/www.sonoraenequipo.com.mx\/storage\/2021\/11\/revocacion-de-mandato.jpg","contentUrl":"https:\/\/www.sonoraenequipo.com.mx\/storage\/2021\/11\/revocacion-de-mandato.jpg","width":700,"height":400},{"@type":"BreadcrumbList","@id":"https:\/\/www.sonoraenequipo.com.mx\/ine-aplaza-consulta-de-revocacion-de-mandato\/#breadcrumb","itemListElement":[{"@type":"ListItem","position":1,"name":"Portada","item":"https:\/\/www.sonoraenequipo.com.mx\/"},{"@type":"ListItem","position":2,"name":"INE aplaza consulta de\u00a0 revocaci\u00f3n de\u00a0 mandato"}]},{"@type":"WebSite","@id":"https:\/\/www.sonoraenequipo.com.mx\/#website","url":"https:\/\/www.sonoraenequipo.com.mx\/","name":"Sonora en Equipo.","description":"Diario en l\u00ednea con Noticias desde Hermosillo, Sonora","publisher":{"@id":"https:\/\/www.sonoraenequipo.com.mx\/#organization"},"potentialAction":[{"@type":"SearchAction","target":{"@type":"EntryPoint","urlTemplate":"https:\/\/www.sonoraenequipo.com.mx\/?s={search_term_string}"},"query-input":{"@type":"PropertyValueSpecification","valueRequired":true,"valueName":"search_term_string"}}],"inLanguage":"es"},{"@type":"Organization","@id":"https:\/\/www.sonoraenequipo.com.mx\/#organization","name":"Sonoraenequipo.com.mx","url":"https:\/\/www.sonoraenequipo.com.mx\/","logo":{"@type":"ImageObject","inLanguage":"es","@id":"https:\/\/www.sonoraenequipo.com.mx\/#\/schema\/logo\/image\/","url":"https:\/\/www.sonoraenequipo.com.mx\/storage\/2019\/01\/sonoraenequipo_opt.png","contentUrl":"https:\/\/www.sonoraenequipo.com.mx\/storage\/2019\/01\/sonoraenequipo_opt.png","width":375,"height":125,"caption":"Sonoraenequipo.com.mx"},"image":{"@id":"https:\/\/www.sonoraenequipo.com.mx\/#\/schema\/logo\/image\/"},"sameAs":["https:\/\/www.facebook.com\/SonoraEE\/","https:\/\/x.com\/sonoraenequipo","https:\/\/www.youtube.com\/channel\/UC338nW-lPEYmJQs4ZABQ1SQ"]},{"@type":"Person","@id":"https:\/\/www.sonoraenequipo.com.mx\/#\/schema\/person\/50102df0fb23a8fa9e8effad8fa81386","name":"enequipo","image":{"@type":"ImageObject","inLanguage":"es","@id":"https:\/\/www.sonoraenequipo.com.mx\/#\/schema\/person\/image\/","url":"https:\/\/secure.gravatar.com\/avatar\/049821681b589dabc0bc20695993ccebb09f5b5d4d790cd9251b97faac7c652b?s=96&d=blank&r=g","contentUrl":"https:\/\/secure.gravatar.com\/avatar\/049821681b589dabc0bc20695993ccebb09f5b5d4d790cd9251b97faac7c652b?s=96&d=blank&r=g","caption":"enequipo"},"sameAs":["https:\/\/www.facebook.com\/SonoraEE"]}]}},"jetpack_featured_media_url":"https:\/\/www.sonoraenequipo.com.mx\/storage\/2021\/11\/revocacion-de-mandato.jpg","_links":{"self":[{"href":"https:\/\/www.sonoraenequipo.com.mx\/api\/wp\/v2\/posts\/127176","targetHints":{"allow":["GET"]}}],"collection":[{"href":"https:\/\/www.sonoraenequipo.com.mx\/api\/wp\/v2\/posts"}],"about":[{"href":"https:\/\/www.sonoraenequipo.com.mx\/api\/wp\/v2\/types\/post"}],"author":[{"embeddable":true,"href":"https:\/\/www.sonoraenequipo.com.mx\/api\/wp\/v2\/users\/1"}],"replies":[{"embeddable":true,"href":"https:\/\/www.sonoraenequipo.com.mx\/api\/wp\/v2\/comments?post=127176"}],"version-history":[{"count":1,"href":"https:\/\/www.sonoraenequipo.com.mx\/api\/wp\/v2\/posts\/127176\/revisions"}],"predecessor-version":[{"id":127178,"href":"https:\/\/www.sonoraenequipo.com.mx\/api\/wp\/v2\/posts\/127176\/revisions\/127178"}],"wp:featuredmedia":[{"embeddable":true,"href":"https:\/\/www.sonoraenequipo.com.mx\/api\/wp\/v2\/media\/127177"}],"wp:attachment":[{"href":"https:\/\/www.sonoraenequipo.com.mx\/api\/wp\/v2\/media?parent=127176"}],"wp:term":[{"taxonomy":"category","embeddable":true,"href":"https:\/\/www.sonoraenequipo.com.mx\/api\/wp\/v2\/categories?post=127176"},{"taxonomy":"post_tag","embeddable":true,"href":"https:\/\/www.sonoraenequipo.com.mx\/api\/wp\/v2\/tags?post=127176"}],"curies":[{"name":"wp","href":"https:\/\/api.w.org\/{rel}","templated":true}]}}