{"id":127201,"date":"2021-11-10T20:25:24","date_gmt":"2021-11-11T03:25:24","guid":{"rendered":"https:\/\/www.sonoraenequipo.com.mx\/?p=127201"},"modified":"2021-11-11T18:49:31","modified_gmt":"2021-11-12T01:49:31","slug":"inicia-fiesta-del-conocimiento-literario-en-letras-y-linguistica","status":"publish","type":"post","link":"https:\/\/www.sonoraenequipo.com.mx\/inicia-fiesta-del-conocimiento-literario-en-letras-y-linguistica\/","title":{"rendered":"Inicia fiesta del conocimiento literario en Letras y Ling\u00fc\u00edstica"},"content":{"rendered":"<p>HERMOSILLO, SONORA. MX. \u2014 Convocado por el Departamento de Letras y Ling\u00fc\u00edstica de la Universidad de Sonora, este mi\u00e9rcoles 10 de noviembre, iniciaron los trabajos del XXVIII Coloquio Internacional de Literatura Mexicana e Hispanoamericana, tradicional evento acad\u00e9mico que se realiza en esta ocasi\u00f3n de manera virtual del 10 al 12 de noviembre, organizado por el Departamento de Letras y Ling\u00fc\u00edstica.<\/p>\n<p>&nbsp;<\/p>\n<p> <\/p>\n<p>Durante su mensaje de inauguraci\u00f3n, la rectora Mar\u00eda Rita Plancarte Mart\u00ednez se\u00f1al\u00f3 que con este evento se impulsa el desarrollo de la investigaci\u00f3n y del conocimiento. <em>\u201cEs una fiesta para nosotros, es una fiesta para el conocimiento, que ratifica nuestro compromiso con la investigaci\u00f3n, nuestro compromiso por ampliar los horizontes en el propio conocimiento, pero tambi\u00e9n ampliar y proponer horizontes de desarrollo para nuestros estudiantes\u201d,<\/em> expres\u00f3.<\/p>\n<p>&nbsp;<\/p>\n<p>Y es que, a decir de la rectora, el Coloquio ha funcionado desde el principio, como una gran escuela para muchos que, en la Universidad de Sonora, se han dedicado a la investigaci\u00f3n literaria, entre quienes se incluye ella misma como egresada de la carrera de Letras.<\/p>\n<p>&nbsp;<\/p>\n<p><em>\u201cEste coloquio se seguir\u00e1 proyectando como lo que es: el gran foro de discusi\u00f3n y an\u00e1lisis literario que ratifica nuestro compromiso por contribuir en la investigaci\u00f3n, en el conocimiento de una disciplina tan necesaria y tan pertinente para la sociedad; lo que se representa en los textos literarios a lo largo de la historia significa las diversas formas de entender, dialogar con el pasado y entender el futuro\u201d<\/em>, consider\u00f3.<\/p>\n<p>&nbsp;<\/p>\n<h3>\nUna oportunidad para discutir el fen\u00f3meno literario<\/h3>\n<p>&nbsp;<\/p>\n<p>Para esta edici\u00f3n, el coloquio incluye 32 mesas de an\u00e1lisis y al cierre de cada jornada una conferencia magistral: El futuro del testimonio es hoy: genealog\u00edas, aperturas, retos, por Elzbieta Sklodowska, de la Washington University; Los seris en la literatura nacional: del vilipendio al sue\u00f1o armonizador, de Martha Elena Mungu\u00eda Zatarain, de la Universidad Veracruzana; y Las claves de Sor Juana, de Emil Volek, de Arizona State University .<\/p>\n<p>&nbsp;<\/p>\n<p>Durante la ceremonia virtual de apertura, Daniel Avechuco Cabrera, responsable de la organizaci\u00f3n del Coloquio, manifest\u00f3 que se espera sea una oportunidad m\u00e1s para seguir discutiendo sobre el fen\u00f3meno literario y para estrechar a\u00fan m\u00e1s los lazos, a\u00fan desde la distancia f\u00edsica.<\/p>\n<p>&nbsp;<\/p>\n<p>Tambi\u00e9n dedic\u00f3 unas palabras a la destacada pensadora argentina Leonor Arcfuch, quien falleci\u00f3 en octubre pasado, cuando ya hab\u00eda aceptado la invitaci\u00f3n para participar en el coloquio.<\/p>\n<p>&nbsp;<\/p>\n<p><em>\u201cSensible p\u00e9rdida en el sector intelectual latinoamericano, deja un legado con un valor incuestionable, como sus aportaciones sobre el discurso biogr\u00e1fico y las relaciones entre narrativas y memoria\u201d<\/em>, precis\u00f3.<\/p>\n<p>&nbsp;<\/p>\n<p>El programa de este evento internacional, permanece en http:\/\/www.coloquio.uson.mx\/, y las sesiones son v\u00eda Teams.<\/p>\n<p>&nbsp;<\/p>\n<p>(Publicada el 10\/11\/2021)<\/p>\n","protected":false},"excerpt":{"rendered":"<p>HERMOSILLO, SONORA. MX. \u2014 Convocado por el Departamento de Letras y Ling\u00fc\u00edstica de la Universidad&#8230;<\/p>\n","protected":false},"author":1,"featured_media":127202,"comment_status":"open","ping_status":"open","sticky":false,"template":"","format":"standard","meta":{"_monsterinsights_skip_tracking":false,"_monsterinsights_sitenote_active":false,"_monsterinsights_sitenote_note":"","_monsterinsights_sitenote_category":0,"footnotes":""},"categories":[22],"tags":[],"class_list":["post"],"yoast_head":" \n<title>Sonora en Equipo. Inicia fiesta del conocimiento literario en Letras y Ling\u00fc\u00edstica Sonora<\/title>\n<meta name=\"description\" content=\"HERMOSILLO, SONORA. MX. \u2014 Convocado por el Departamento de Letras y Ling\u00fc\u00edstica de la Universidad de Sonora, este mi\u00e9rcoles 10 de noviembre, iniciaron los En Sonora en Equipo publicamos toda la informaci\u00f3n de Sonora, M\u00e9xico y el Mundo de manera oportuna y busca que la libertad de expresi\u00f3n sea real. Visita nuestro medio informativo publicado desde Hermosillo, Sonora. %\" \/>\n<meta name=\"robots\" content=\"index, follow, max-snippet:-1, max-image-preview:large, max-video-preview:-1\" \/>\n<link rel=\"canonical\" href=\"https:\/\/www.sonoraenequipo.com.mx\/inicia-fiesta-del-conocimiento-literario-en-letras-y-linguistica\/\" \/>\n<meta property=\"og:locale\" content=\"es_ES\" \/>\n<meta property=\"og:type\" content=\"article\" \/>\n<meta property=\"og:title\" content=\"Sonora en Equipo. Inicia fiesta del conocimiento literario en Letras y Ling\u00fc\u00edstica Sonora\" \/>\n<meta property=\"og:description\" content=\"HERMOSILLO, SONORA. MX. \u2014 Convocado por el Departamento de Letras y Ling\u00fc\u00edstica de la Universidad de Sonora, este mi\u00e9rcoles 10 de noviembre, iniciaron los En Sonora en Equipo publicamos toda la informaci\u00f3n de Sonora, M\u00e9xico y el Mundo de manera oportuna y busca que la libertad de expresi\u00f3n sea real. Visita nuestro medio informativo publicado desde Hermosillo, Sonora. %\" \/>\n<meta property=\"og:url\" content=\"https:\/\/www.sonoraenequipo.com.mx\/inicia-fiesta-del-conocimiento-literario-en-letras-y-linguistica\/\" \/>\n<meta property=\"og:site_name\" content=\"Sonora en Equipo.\" \/>\n<meta property=\"article:publisher\" content=\"https:\/\/www.facebook.com\/SonoraEE\/\" \/>\n<meta property=\"article:author\" content=\"https:\/\/www.facebook.com\/SonoraEE\" \/>\n<meta property=\"article:published_time\" content=\"2021-11-11T03:25:24+00:00\" \/>\n<meta property=\"article:modified_time\" content=\"2021-11-12T01:49:31+00:00\" \/>\n<meta property=\"og:image\" content=\"https:\/\/www.sonoraenequipo.com.mx\/storage\/2021\/11\/cokoquio-de-letras_opt.jpg\" \/>\n\t<meta property=\"og:image:width\" content=\"700\" \/>\n\t<meta property=\"og:image:height\" content=\"400\" \/>\n\t<meta property=\"og:image:type\" content=\"image\/jpeg\" \/>\n<meta name=\"author\" content=\"enequipo\" \/>\n<meta name=\"twitter:card\" content=\"summary_large_image\" \/>\n<meta name=\"twitter:creator\" content=\"@sonoraenequipo\" \/>\n<meta name=\"twitter:site\" content=\"@sonoraenequipo\" \/>\n<meta name=\"twitter:label1\" content=\"Escrito por\" \/>\n\t<meta name=\"twitter:data1\" content=\"enequipo\" \/>\n\t<meta name=\"twitter:label2\" content=\"Tiempo de lectura\" \/>\n\t<meta name=\"twitter:data2\" content=\"2 minutos\" \/>\n<script type=\"application\/ld+json\" class=\"yoast-schema-graph\">{\"@context\":\"https:\/\/schema.org\",\"@graph\":[{\"@type\":\"Article\",\"@id\":\"https:\/\/www.sonoraenequipo.com.mx\/inicia-fiesta-del-conocimiento-literario-en-letras-y-linguistica\/#article\",\"isPartOf\":{\"@id\":\"https:\/\/www.sonoraenequipo.com.mx\/inicia-fiesta-del-conocimiento-literario-en-letras-y-linguistica\/\"},\"author\":{\"name\":\"enequipo\",\"@id\":\"https:\/\/www.sonoraenequipo.com.mx\/#\/schema\/person\/50102df0fb23a8fa9e8effad8fa81386\"},\"headline\":\"Inicia fiesta del conocimiento literario en Letras y Ling\u00fc\u00edstica\",\"datePublished\":\"2021-11-11T03:25:24+00:00\",\"dateModified\":\"2021-11-12T01:49:31+00:00\",\"mainEntityOfPage\":{\"@id\":\"https:\/\/www.sonoraenequipo.com.mx\/inicia-fiesta-del-conocimiento-literario-en-letras-y-linguistica\/\"},\"wordCount\":486,\"commentCount\":0,\"publisher\":{\"@id\":\"https:\/\/www.sonoraenequipo.com.mx\/#organization\"},\"image\":{\"@id\":\"https:\/\/www.sonoraenequipo.com.mx\/inicia-fiesta-del-conocimiento-literario-en-letras-y-linguistica\/#primaryimage\"},\"thumbnailUrl\":\"https:\/\/www.sonoraenequipo.com.mx\/storage\/2021\/11\/cokoquio-de-letras_opt.jpg\",\"articleSection\":[\"Sonora\"],\"inLanguage\":\"es\",\"potentialAction\":[{\"@type\":\"CommentAction\",\"name\":\"Comment\",\"target\":[\"https:\/\/www.sonoraenequipo.com.mx\/inicia-fiesta-del-conocimiento-literario-en-letras-y-linguistica\/#respond\"]}]},{\"@type\":\"WebPage\",\"@id\":\"https:\/\/www.sonoraenequipo.com.mx\/inicia-fiesta-del-conocimiento-literario-en-letras-y-linguistica\/\",\"url\":\"https:\/\/www.sonoraenequipo.com.mx\/inicia-fiesta-del-conocimiento-literario-en-letras-y-linguistica\/\",\"name\":\"Sonora en Equipo. Inicia fiesta del conocimiento literario en Letras y Ling\u00fc\u00edstica Sonora\",\"isPartOf\":{\"@id\":\"https:\/\/www.sonoraenequipo.com.mx\/#website\"},\"primaryImageOfPage\":{\"@id\":\"https:\/\/www.sonoraenequipo.com.mx\/inicia-fiesta-del-conocimiento-literario-en-letras-y-linguistica\/#primaryimage\"},\"image\":{\"@id\":\"https:\/\/www.sonoraenequipo.com.mx\/inicia-fiesta-del-conocimiento-literario-en-letras-y-linguistica\/#primaryimage\"},\"thumbnailUrl\":\"https:\/\/www.sonoraenequipo.com.mx\/storage\/2021\/11\/cokoquio-de-letras_opt.jpg\",\"datePublished\":\"2021-11-11T03:25:24+00:00\",\"dateModified\":\"2021-11-12T01:49:31+00:00\",\"description\":\"HERMOSILLO, SONORA. MX. \u2014 Convocado por el Departamento de Letras y Ling\u00fc\u00edstica de la Universidad de Sonora, este mi\u00e9rcoles 10 de noviembre, iniciaron los En Sonora en Equipo publicamos toda la informaci\u00f3n de Sonora, M\u00e9xico y el Mundo de manera oportuna y busca que la libertad de expresi\u00f3n sea real. Visita nuestro medio informativo publicado desde Hermosillo, Sonora. %\",\"breadcrumb\":{\"@id\":\"https:\/\/www.sonoraenequipo.com.mx\/inicia-fiesta-del-conocimiento-literario-en-letras-y-linguistica\/#breadcrumb\"},\"inLanguage\":\"es\",\"potentialAction\":[{\"@type\":\"ReadAction\",\"target\":[\"https:\/\/www.sonoraenequipo.com.mx\/inicia-fiesta-del-conocimiento-literario-en-letras-y-linguistica\/\"]}]},{\"@type\":\"ImageObject\",\"inLanguage\":\"es\",\"@id\":\"https:\/\/www.sonoraenequipo.com.mx\/inicia-fiesta-del-conocimiento-literario-en-letras-y-linguistica\/#primaryimage\",\"url\":\"https:\/\/www.sonoraenequipo.com.mx\/storage\/2021\/11\/cokoquio-de-letras_opt.jpg\",\"contentUrl\":\"https:\/\/www.sonoraenequipo.com.mx\/storage\/2021\/11\/cokoquio-de-letras_opt.jpg\",\"width\":700,\"height\":400},{\"@type\":\"BreadcrumbList\",\"@id\":\"https:\/\/www.sonoraenequipo.com.mx\/inicia-fiesta-del-conocimiento-literario-en-letras-y-linguistica\/#breadcrumb\",\"itemListElement\":[{\"@type\":\"ListItem\",\"position\":1,\"name\":\"Portada\",\"item\":\"https:\/\/www.sonoraenequipo.com.mx\/\"},{\"@type\":\"ListItem\",\"position\":2,\"name\":\"Inicia fiesta del conocimiento literario en Letras y Ling\u00fc\u00edstica\"}]},{\"@type\":\"WebSite\",\"@id\":\"https:\/\/www.sonoraenequipo.com.mx\/#website\",\"url\":\"https:\/\/www.sonoraenequipo.com.mx\/\",\"name\":\"Sonora en Equipo.\",\"description\":\"Diario en l\u00ednea con Noticias desde Hermosillo, Sonora\",\"publisher\":{\"@id\":\"https:\/\/www.sonoraenequipo.com.mx\/#organization\"},\"potentialAction\":[{\"@type\":\"SearchAction\",\"target\":{\"@type\":\"EntryPoint\",\"urlTemplate\":\"https:\/\/www.sonoraenequipo.com.mx\/?s={search_term_string}\"},\"query-input\":{\"@type\":\"PropertyValueSpecification\",\"valueRequired\":true,\"valueName\":\"search_term_string\"}}],\"inLanguage\":\"es\"},{\"@type\":\"Organization\",\"@id\":\"https:\/\/www.sonoraenequipo.com.mx\/#organization\",\"name\":\"Sonoraenequipo.com.mx\",\"url\":\"https:\/\/www.sonoraenequipo.com.mx\/\",\"logo\":{\"@type\":\"ImageObject\",\"inLanguage\":\"es\",\"@id\":\"https:\/\/www.sonoraenequipo.com.mx\/#\/schema\/logo\/image\/\",\"url\":\"https:\/\/www.sonoraenequipo.com.mx\/storage\/2019\/01\/sonoraenequipo_opt.png\",\"contentUrl\":\"https:\/\/www.sonoraenequipo.com.mx\/storage\/2019\/01\/sonoraenequipo_opt.png\",\"width\":375,\"height\":125,\"caption\":\"Sonoraenequipo.com.mx\"},\"image\":{\"@id\":\"https:\/\/www.sonoraenequipo.com.mx\/#\/schema\/logo\/image\/\"},\"sameAs\":[\"https:\/\/www.facebook.com\/SonoraEE\/\",\"https:\/\/x.com\/sonoraenequipo\",\"https:\/\/www.youtube.com\/channel\/UC338nW-lPEYmJQs4ZABQ1SQ\"]},{\"@type\":\"Person\",\"@id\":\"https:\/\/www.sonoraenequipo.com.mx\/#\/schema\/person\/50102df0fb23a8fa9e8effad8fa81386\",\"name\":\"enequipo\",\"image\":{\"@type\":\"ImageObject\",\"inLanguage\":\"es\",\"@id\":\"https:\/\/www.sonoraenequipo.com.mx\/#\/schema\/person\/image\/\",\"url\":\"https:\/\/secure.gravatar.com\/avatar\/049821681b589dabc0bc20695993ccebb09f5b5d4d790cd9251b97faac7c652b?s=96&d=blank&r=g\",\"contentUrl\":\"https:\/\/secure.gravatar.com\/avatar\/049821681b589dabc0bc20695993ccebb09f5b5d4d790cd9251b97faac7c652b?s=96&d=blank&r=g\",\"caption\":\"enequipo\"},\"sameAs\":[\"https:\/\/www.facebook.com\/SonoraEE\"]}]}<\/script>\n ","yoast_head_json":{"title":"Sonora en Equipo. Inicia fiesta del conocimiento literario en Letras y Ling\u00fc\u00edstica Sonora","description":"HERMOSILLO, SONORA. MX. \u2014 Convocado por el Departamento de Letras y Ling\u00fc\u00edstica de la Universidad de Sonora, este mi\u00e9rcoles 10 de noviembre, iniciaron los En Sonora en Equipo publicamos toda la informaci\u00f3n de Sonora, M\u00e9xico y el Mundo de manera oportuna y busca que la libertad de expresi\u00f3n sea real. Visita nuestro medio informativo publicado desde Hermosillo, Sonora. %","robots":{"index":"index","follow":"follow","max-snippet":"max-snippet:-1","max-image-preview":"max-image-preview:large","max-video-preview":"max-video-preview:-1"},"canonical":"https:\/\/www.sonoraenequipo.com.mx\/inicia-fiesta-del-conocimiento-literario-en-letras-y-linguistica\/","og_locale":"es_ES","og_type":"article","og_title":"Sonora en Equipo. Inicia fiesta del conocimiento literario en Letras y Ling\u00fc\u00edstica Sonora","og_description":"HERMOSILLO, SONORA. MX. \u2014 Convocado por el Departamento de Letras y Ling\u00fc\u00edstica de la Universidad de Sonora, este mi\u00e9rcoles 10 de noviembre, iniciaron los En Sonora en Equipo publicamos toda la informaci\u00f3n de Sonora, M\u00e9xico y el Mundo de manera oportuna y busca que la libertad de expresi\u00f3n sea real. Visita nuestro medio informativo publicado desde Hermosillo, Sonora. %","og_url":"https:\/\/www.sonoraenequipo.com.mx\/inicia-fiesta-del-conocimiento-literario-en-letras-y-linguistica\/","og_site_name":"Sonora en Equipo.","article_publisher":"https:\/\/www.facebook.com\/SonoraEE\/","article_author":"https:\/\/www.facebook.com\/SonoraEE","article_published_time":"2021-11-11T03:25:24+00:00","article_modified_time":"2021-11-12T01:49:31+00:00","og_image":[{"width":700,"height":400,"url":"https:\/\/www.sonoraenequipo.com.mx\/storage\/2021\/11\/cokoquio-de-letras_opt.jpg","type":"image\/jpeg"}],"author":"enequipo","twitter_card":"summary_large_image","twitter_creator":"@sonoraenequipo","twitter_site":"@sonoraenequipo","twitter_misc":{"Escrito por":"enequipo","Tiempo de lectura":"2 minutos"},"schema":{"@context":"https:\/\/schema.org","@graph":[{"@type":"Article","@id":"https:\/\/www.sonoraenequipo.com.mx\/inicia-fiesta-del-conocimiento-literario-en-letras-y-linguistica\/#article","isPartOf":{"@id":"https:\/\/www.sonoraenequipo.com.mx\/inicia-fiesta-del-conocimiento-literario-en-letras-y-linguistica\/"},"author":{"name":"enequipo","@id":"https:\/\/www.sonoraenequipo.com.mx\/#\/schema\/person\/50102df0fb23a8fa9e8effad8fa81386"},"headline":"Inicia fiesta del conocimiento literario en Letras y Ling\u00fc\u00edstica","datePublished":"2021-11-11T03:25:24+00:00","dateModified":"2021-11-12T01:49:31+00:00","mainEntityOfPage":{"@id":"https:\/\/www.sonoraenequipo.com.mx\/inicia-fiesta-del-conocimiento-literario-en-letras-y-linguistica\/"},"wordCount":486,"commentCount":0,"publisher":{"@id":"https:\/\/www.sonoraenequipo.com.mx\/#organization"},"image":{"@id":"https:\/\/www.sonoraenequipo.com.mx\/inicia-fiesta-del-conocimiento-literario-en-letras-y-linguistica\/#primaryimage"},"thumbnailUrl":"https:\/\/www.sonoraenequipo.com.mx\/storage\/2021\/11\/cokoquio-de-letras_opt.jpg","articleSection":["Sonora"],"inLanguage":"es","potentialAction":[{"@type":"CommentAction","name":"Comment","target":["https:\/\/www.sonoraenequipo.com.mx\/inicia-fiesta-del-conocimiento-literario-en-letras-y-linguistica\/#respond"]}]},{"@type":"WebPage","@id":"https:\/\/www.sonoraenequipo.com.mx\/inicia-fiesta-del-conocimiento-literario-en-letras-y-linguistica\/","url":"https:\/\/www.sonoraenequipo.com.mx\/inicia-fiesta-del-conocimiento-literario-en-letras-y-linguistica\/","name":"Sonora en Equipo. Inicia fiesta del conocimiento literario en Letras y Ling\u00fc\u00edstica Sonora","isPartOf":{"@id":"https:\/\/www.sonoraenequipo.com.mx\/#website"},"primaryImageOfPage":{"@id":"https:\/\/www.sonoraenequipo.com.mx\/inicia-fiesta-del-conocimiento-literario-en-letras-y-linguistica\/#primaryimage"},"image":{"@id":"https:\/\/www.sonoraenequipo.com.mx\/inicia-fiesta-del-conocimiento-literario-en-letras-y-linguistica\/#primaryimage"},"thumbnailUrl":"https:\/\/www.sonoraenequipo.com.mx\/storage\/2021\/11\/cokoquio-de-letras_opt.jpg","datePublished":"2021-11-11T03:25:24+00:00","dateModified":"2021-11-12T01:49:31+00:00","description":"HERMOSILLO, SONORA. MX. \u2014 Convocado por el Departamento de Letras y Ling\u00fc\u00edstica de la Universidad de Sonora, este mi\u00e9rcoles 10 de noviembre, iniciaron los En Sonora en Equipo publicamos toda la informaci\u00f3n de Sonora, M\u00e9xico y el Mundo de manera oportuna y busca que la libertad de expresi\u00f3n sea real. Visita nuestro medio informativo publicado desde Hermosillo, Sonora. %","breadcrumb":{"@id":"https:\/\/www.sonoraenequipo.com.mx\/inicia-fiesta-del-conocimiento-literario-en-letras-y-linguistica\/#breadcrumb"},"inLanguage":"es","potentialAction":[{"@type":"ReadAction","target":["https:\/\/www.sonoraenequipo.com.mx\/inicia-fiesta-del-conocimiento-literario-en-letras-y-linguistica\/"]}]},{"@type":"ImageObject","inLanguage":"es","@id":"https:\/\/www.sonoraenequipo.com.mx\/inicia-fiesta-del-conocimiento-literario-en-letras-y-linguistica\/#primaryimage","url":"https:\/\/www.sonoraenequipo.com.mx\/storage\/2021\/11\/cokoquio-de-letras_opt.jpg","contentUrl":"https:\/\/www.sonoraenequipo.com.mx\/storage\/2021\/11\/cokoquio-de-letras_opt.jpg","width":700,"height":400},{"@type":"BreadcrumbList","@id":"https:\/\/www.sonoraenequipo.com.mx\/inicia-fiesta-del-conocimiento-literario-en-letras-y-linguistica\/#breadcrumb","itemListElement":[{"@type":"ListItem","position":1,"name":"Portada","item":"https:\/\/www.sonoraenequipo.com.mx\/"},{"@type":"ListItem","position":2,"name":"Inicia fiesta del conocimiento literario en Letras y Ling\u00fc\u00edstica"}]},{"@type":"WebSite","@id":"https:\/\/www.sonoraenequipo.com.mx\/#website","url":"https:\/\/www.sonoraenequipo.com.mx\/","name":"Sonora en Equipo.","description":"Diario en l\u00ednea con Noticias desde Hermosillo, Sonora","publisher":{"@id":"https:\/\/www.sonoraenequipo.com.mx\/#organization"},"potentialAction":[{"@type":"SearchAction","target":{"@type":"EntryPoint","urlTemplate":"https:\/\/www.sonoraenequipo.com.mx\/?s={search_term_string}"},"query-input":{"@type":"PropertyValueSpecification","valueRequired":true,"valueName":"search_term_string"}}],"inLanguage":"es"},{"@type":"Organization","@id":"https:\/\/www.sonoraenequipo.com.mx\/#organization","name":"Sonoraenequipo.com.mx","url":"https:\/\/www.sonoraenequipo.com.mx\/","logo":{"@type":"ImageObject","inLanguage":"es","@id":"https:\/\/www.sonoraenequipo.com.mx\/#\/schema\/logo\/image\/","url":"https:\/\/www.sonoraenequipo.com.mx\/storage\/2019\/01\/sonoraenequipo_opt.png","contentUrl":"https:\/\/www.sonoraenequipo.com.mx\/storage\/2019\/01\/sonoraenequipo_opt.png","width":375,"height":125,"caption":"Sonoraenequipo.com.mx"},"image":{"@id":"https:\/\/www.sonoraenequipo.com.mx\/#\/schema\/logo\/image\/"},"sameAs":["https:\/\/www.facebook.com\/SonoraEE\/","https:\/\/x.com\/sonoraenequipo","https:\/\/www.youtube.com\/channel\/UC338nW-lPEYmJQs4ZABQ1SQ"]},{"@type":"Person","@id":"https:\/\/www.sonoraenequipo.com.mx\/#\/schema\/person\/50102df0fb23a8fa9e8effad8fa81386","name":"enequipo","image":{"@type":"ImageObject","inLanguage":"es","@id":"https:\/\/www.sonoraenequipo.com.mx\/#\/schema\/person\/image\/","url":"https:\/\/secure.gravatar.com\/avatar\/049821681b589dabc0bc20695993ccebb09f5b5d4d790cd9251b97faac7c652b?s=96&d=blank&r=g","contentUrl":"https:\/\/secure.gravatar.com\/avatar\/049821681b589dabc0bc20695993ccebb09f5b5d4d790cd9251b97faac7c652b?s=96&d=blank&r=g","caption":"enequipo"},"sameAs":["https:\/\/www.facebook.com\/SonoraEE"]}]}},"jetpack_featured_media_url":"https:\/\/www.sonoraenequipo.com.mx\/storage\/2021\/11\/cokoquio-de-letras_opt.jpg","_links":{"self":[{"href":"https:\/\/www.sonoraenequipo.com.mx\/api\/wp\/v2\/posts\/127201","targetHints":{"allow":["GET"]}}],"collection":[{"href":"https:\/\/www.sonoraenequipo.com.mx\/api\/wp\/v2\/posts"}],"about":[{"href":"https:\/\/www.sonoraenequipo.com.mx\/api\/wp\/v2\/types\/post"}],"author":[{"embeddable":true,"href":"https:\/\/www.sonoraenequipo.com.mx\/api\/wp\/v2\/users\/1"}],"replies":[{"embeddable":true,"href":"https:\/\/www.sonoraenequipo.com.mx\/api\/wp\/v2\/comments?post=127201"}],"version-history":[{"count":1,"href":"https:\/\/www.sonoraenequipo.com.mx\/api\/wp\/v2\/posts\/127201\/revisions"}],"predecessor-version":[{"id":127203,"href":"https:\/\/www.sonoraenequipo.com.mx\/api\/wp\/v2\/posts\/127201\/revisions\/127203"}],"wp:featuredmedia":[{"embeddable":true,"href":"https:\/\/www.sonoraenequipo.com.mx\/api\/wp\/v2\/media\/127202"}],"wp:attachment":[{"href":"https:\/\/www.sonoraenequipo.com.mx\/api\/wp\/v2\/media?parent=127201"}],"wp:term":[{"taxonomy":"category","embeddable":true,"href":"https:\/\/www.sonoraenequipo.com.mx\/api\/wp\/v2\/categories?post=127201"},{"taxonomy":"post_tag","embeddable":true,"href":"https:\/\/www.sonoraenequipo.com.mx\/api\/wp\/v2\/tags?post=127201"}],"curies":[{"name":"wp","href":"https:\/\/api.w.org\/{rel}","templated":true}]}}