{"id":127278,"date":"2021-11-11T08:28:12","date_gmt":"2021-11-11T15:28:12","guid":{"rendered":"https:\/\/www.sonoraenequipo.com.mx\/?p=127278"},"modified":"2021-11-12T14:08:00","modified_gmt":"2021-11-12T21:08:00","slug":"amlo-anuncia-plan-para-mejoramiento-de-puertos-y-aduanas-del-pais-la-mananera","status":"publish","type":"post","link":"https:\/\/www.sonoraenequipo.com.mx\/amlo-anuncia-plan-para-mejoramiento-de-puertos-y-aduanas-del-pais-la-mananera\/","title":{"rendered":"AMLO anuncia plan para mejoramiento de puertos y aduanas del pa\u00eds La Ma\u00f1anera"},"content":{"rendered":"<p>MANZANILLO, COLIMA. MX. \u2014 El presidente Andr\u00e9s Manuel L\u00f3pez Obrador dio a conocer que su gobierno alista un plan para el mejoramiento de todos los puertos y aduanas del pa\u00eds, con un presupuesto de 90 mil millones de pesos.<\/p>\n<p>&nbsp;<\/p>\n<p> <\/p>\n<p>&nbsp;<\/p>\n<p>En la conferencia ma\u00f1anera desde Colima, el mandatario inform\u00f3 que la pr\u00f3xima semana sostendr\u00e1 una reuni\u00f3n con los secretarios de la Defensa, de Hacienda, de Aduanas, de Gobernaci\u00f3n y la directora del SAT para definir el plan de apoyo.<\/p>\n<p>&nbsp;<\/p>\n<p>&nbsp;<\/p>\n<p><em>\u201cHay un fideicomiso con ese prop\u00f3sito, ayer habl\u00e9 de que recibimos 50 mil millones de pesos en ese fideicomiso, y ahora ya ese fideicomiso cuenta con 90 mil millones de pesos. Vamos a utilizar recursos de ese fideicomiso para financiar las obras de mejoramiento de los puertos y de toda la infraestructura de las aduanas<\/em>\u201d, apunt\u00f3.<\/p>\n<p>&nbsp;<\/p>\n<p>L\u00f3pez Obrador record\u00f3 que los puertos y aduanas del pa\u00eds est\u00e1n a cargo de las secretar\u00edas de la Defensa Nacional y de Marina, para poner orden y combatir el contrabando, el tr\u00e1fico de drogas y la corrupci\u00f3n. Record\u00f3 que las aduanas son una fuente importante de ingresos para su gobierno.<\/p>\n<p>&nbsp;<\/p>\n<p>&nbsp;<\/p>\n<p><em>\u201cPor las aduanas tenemos una recaudaci\u00f3n de alrededor del 15 por ciento de nuestro presupuesto, estamos recaudando en aduanas alrededor de 800 mil millones de pesos, entonces es una fuente de ingresos importante para la hacienda p\u00fablica\u201d,<\/em> expuso.<\/p>\n<p>&nbsp;<\/p>\n<p>El mandatario agreg\u00f3 que la Federaci\u00f3n invertir\u00e1 dos mil millones de pesos para el mejoramiento de la infraestructura del Puerto de Manzanillo, as\u00ed como la vialidad y obras de la ciudad, la cual dijo, ha crecido por el comercio mar\u00edtimo que recibe.<\/p>\n<p><iframe loading=\"lazy\" title=\"Federaci\u00f3n respalda a Colima; se fortalecer\u00e1 puerto de Manzanillo. Conferencia presidente AMLO\" width=\"640\" height=\"360\" src=\"https:\/\/www.youtube.com\/embed\/NVYtBSBPDm0?feature=oembed\" frameborder=\"0\" allow=\"accelerometer; autoplay; clipboard-write; encrypted-media; gyroscope; picture-in-picture; web-share\" referrerpolicy=\"strict-origin-when-cross-origin\" allowfullscreen><\/iframe><\/p>\n<p>&nbsp;<\/p>\n<p>&nbsp;<\/p>\n<p>(Publicada el 11\/11\/2021)<\/p>\n","protected":false},"excerpt":{"rendered":"<p>MANZANILLO, COLIMA. MX. \u2014 El presidente Andr\u00e9s Manuel L\u00f3pez Obrador dio a conocer que su&#8230;<\/p>\n","protected":false},"author":1,"featured_media":127279,"comment_status":"open","ping_status":"open","sticky":false,"template":"","format":"standard","meta":{"_monsterinsights_skip_tracking":false,"_monsterinsights_sitenote_active":false,"_monsterinsights_sitenote_note":"","_monsterinsights_sitenote_category":0,"footnotes":""},"categories":[5],"tags":[],"class_list":["post"],"yoast_head":" \n<title>Sonora en Equipo. AMLO anuncia plan para mejoramiento de puertos y aduanas del pa\u00eds La Ma\u00f1anera Rep\u00fablica<\/title>\n<meta name=\"description\" content=\"MANZANILLO, COLIMA. MX. \u2014 El presidente Andr\u00e9s Manuel L\u00f3pez Obrador dio a conocer que su gobierno alista un plan para el mejoramiento de todos los puertos En Sonora en Equipo publicamos toda la informaci\u00f3n de Sonora, M\u00e9xico y el Mundo de manera oportuna y busca que la libertad de expresi\u00f3n sea real. Visita nuestro medio informativo publicado desde Hermosillo, Sonora. %\" \/>\n<meta name=\"robots\" content=\"index, follow, max-snippet:-1, max-image-preview:large, max-video-preview:-1\" \/>\n<link rel=\"canonical\" href=\"https:\/\/www.sonoraenequipo.com.mx\/amlo-anuncia-plan-para-mejoramiento-de-puertos-y-aduanas-del-pais-la-mananera\/\" \/>\n<meta property=\"og:locale\" content=\"es_ES\" \/>\n<meta property=\"og:type\" content=\"article\" \/>\n<meta property=\"og:title\" content=\"Sonora en Equipo. AMLO anuncia plan para mejoramiento de puertos y aduanas del pa\u00eds La Ma\u00f1anera Rep\u00fablica\" \/>\n<meta property=\"og:description\" content=\"MANZANILLO, COLIMA. MX. \u2014 El presidente Andr\u00e9s Manuel L\u00f3pez Obrador dio a conocer que su gobierno alista un plan para el mejoramiento de todos los puertos En Sonora en Equipo publicamos toda la informaci\u00f3n de Sonora, M\u00e9xico y el Mundo de manera oportuna y busca que la libertad de expresi\u00f3n sea real. Visita nuestro medio informativo publicado desde Hermosillo, Sonora. %\" \/>\n<meta property=\"og:url\" content=\"https:\/\/www.sonoraenequipo.com.mx\/amlo-anuncia-plan-para-mejoramiento-de-puertos-y-aduanas-del-pais-la-mananera\/\" \/>\n<meta property=\"og:site_name\" content=\"Sonora en Equipo.\" \/>\n<meta property=\"article:publisher\" content=\"https:\/\/www.facebook.com\/SonoraEE\/\" \/>\n<meta property=\"article:author\" content=\"https:\/\/www.facebook.com\/SonoraEE\" \/>\n<meta property=\"article:published_time\" content=\"2021-11-11T15:28:12+00:00\" \/>\n<meta property=\"article:modified_time\" content=\"2021-11-12T21:08:00+00:00\" \/>\n<meta property=\"og:image\" content=\"https:\/\/www.sonoraenequipo.com.mx\/storage\/2021\/11\/Lopez-Obrador-en-Colima_opt.jpg\" \/>\n\t<meta property=\"og:image:width\" content=\"700\" \/>\n\t<meta property=\"og:image:height\" content=\"400\" \/>\n\t<meta property=\"og:image:type\" content=\"image\/jpeg\" \/>\n<meta name=\"author\" content=\"enequipo\" \/>\n<meta name=\"twitter:card\" content=\"summary_large_image\" \/>\n<meta name=\"twitter:creator\" content=\"@sonoraenequipo\" \/>\n<meta name=\"twitter:site\" content=\"@sonoraenequipo\" \/>\n<meta name=\"twitter:label1\" content=\"Escrito por\" \/>\n\t<meta name=\"twitter:data1\" content=\"enequipo\" \/>\n\t<meta name=\"twitter:label2\" content=\"Tiempo de lectura\" \/>\n\t<meta name=\"twitter:data2\" content=\"2 minutos\" \/>\n<script type=\"application\/ld+json\" class=\"yoast-schema-graph\">{\"@context\":\"https:\/\/schema.org\",\"@graph\":[{\"@type\":\"Article\",\"@id\":\"https:\/\/www.sonoraenequipo.com.mx\/amlo-anuncia-plan-para-mejoramiento-de-puertos-y-aduanas-del-pais-la-mananera\/#article\",\"isPartOf\":{\"@id\":\"https:\/\/www.sonoraenequipo.com.mx\/amlo-anuncia-plan-para-mejoramiento-de-puertos-y-aduanas-del-pais-la-mananera\/\"},\"author\":{\"name\":\"enequipo\",\"@id\":\"https:\/\/www.sonoraenequipo.com.mx\/#\/schema\/person\/50102df0fb23a8fa9e8effad8fa81386\"},\"headline\":\"AMLO anuncia plan para mejoramiento de puertos y aduanas del pa\u00eds La Ma\u00f1anera\",\"datePublished\":\"2021-11-11T15:28:12+00:00\",\"dateModified\":\"2021-11-12T21:08:00+00:00\",\"mainEntityOfPage\":{\"@id\":\"https:\/\/www.sonoraenequipo.com.mx\/amlo-anuncia-plan-para-mejoramiento-de-puertos-y-aduanas-del-pais-la-mananera\/\"},\"wordCount\":310,\"commentCount\":0,\"publisher\":{\"@id\":\"https:\/\/www.sonoraenequipo.com.mx\/#organization\"},\"image\":{\"@id\":\"https:\/\/www.sonoraenequipo.com.mx\/amlo-anuncia-plan-para-mejoramiento-de-puertos-y-aduanas-del-pais-la-mananera\/#primaryimage\"},\"thumbnailUrl\":\"https:\/\/www.sonoraenequipo.com.mx\/storage\/2021\/11\/Lopez-Obrador-en-Colima_opt.jpg\",\"articleSection\":[\"Rep\u00fablica\"],\"inLanguage\":\"es\",\"potentialAction\":[{\"@type\":\"CommentAction\",\"name\":\"Comment\",\"target\":[\"https:\/\/www.sonoraenequipo.com.mx\/amlo-anuncia-plan-para-mejoramiento-de-puertos-y-aduanas-del-pais-la-mananera\/#respond\"]}]},{\"@type\":\"WebPage\",\"@id\":\"https:\/\/www.sonoraenequipo.com.mx\/amlo-anuncia-plan-para-mejoramiento-de-puertos-y-aduanas-del-pais-la-mananera\/\",\"url\":\"https:\/\/www.sonoraenequipo.com.mx\/amlo-anuncia-plan-para-mejoramiento-de-puertos-y-aduanas-del-pais-la-mananera\/\",\"name\":\"Sonora en Equipo. AMLO anuncia plan para mejoramiento de puertos y aduanas del pa\u00eds La Ma\u00f1anera Rep\u00fablica\",\"isPartOf\":{\"@id\":\"https:\/\/www.sonoraenequipo.com.mx\/#website\"},\"primaryImageOfPage\":{\"@id\":\"https:\/\/www.sonoraenequipo.com.mx\/amlo-anuncia-plan-para-mejoramiento-de-puertos-y-aduanas-del-pais-la-mananera\/#primaryimage\"},\"image\":{\"@id\":\"https:\/\/www.sonoraenequipo.com.mx\/amlo-anuncia-plan-para-mejoramiento-de-puertos-y-aduanas-del-pais-la-mananera\/#primaryimage\"},\"thumbnailUrl\":\"https:\/\/www.sonoraenequipo.com.mx\/storage\/2021\/11\/Lopez-Obrador-en-Colima_opt.jpg\",\"datePublished\":\"2021-11-11T15:28:12+00:00\",\"dateModified\":\"2021-11-12T21:08:00+00:00\",\"description\":\"MANZANILLO, COLIMA. MX. \u2014 El presidente Andr\u00e9s Manuel L\u00f3pez Obrador dio a conocer que su gobierno alista un plan para el mejoramiento de todos los puertos En Sonora en Equipo publicamos toda la informaci\u00f3n de Sonora, M\u00e9xico y el Mundo de manera oportuna y busca que la libertad de expresi\u00f3n sea real. Visita nuestro medio informativo publicado desde Hermosillo, Sonora. %\",\"breadcrumb\":{\"@id\":\"https:\/\/www.sonoraenequipo.com.mx\/amlo-anuncia-plan-para-mejoramiento-de-puertos-y-aduanas-del-pais-la-mananera\/#breadcrumb\"},\"inLanguage\":\"es\",\"potentialAction\":[{\"@type\":\"ReadAction\",\"target\":[\"https:\/\/www.sonoraenequipo.com.mx\/amlo-anuncia-plan-para-mejoramiento-de-puertos-y-aduanas-del-pais-la-mananera\/\"]}]},{\"@type\":\"ImageObject\",\"inLanguage\":\"es\",\"@id\":\"https:\/\/www.sonoraenequipo.com.mx\/amlo-anuncia-plan-para-mejoramiento-de-puertos-y-aduanas-del-pais-la-mananera\/#primaryimage\",\"url\":\"https:\/\/www.sonoraenequipo.com.mx\/storage\/2021\/11\/Lopez-Obrador-en-Colima_opt.jpg\",\"contentUrl\":\"https:\/\/www.sonoraenequipo.com.mx\/storage\/2021\/11\/Lopez-Obrador-en-Colima_opt.jpg\",\"width\":700,\"height\":400},{\"@type\":\"BreadcrumbList\",\"@id\":\"https:\/\/www.sonoraenequipo.com.mx\/amlo-anuncia-plan-para-mejoramiento-de-puertos-y-aduanas-del-pais-la-mananera\/#breadcrumb\",\"itemListElement\":[{\"@type\":\"ListItem\",\"position\":1,\"name\":\"Portada\",\"item\":\"https:\/\/www.sonoraenequipo.com.mx\/\"},{\"@type\":\"ListItem\",\"position\":2,\"name\":\"AMLO anuncia plan para mejoramiento de puertos y aduanas del pa\u00eds La Ma\u00f1anera\"}]},{\"@type\":\"WebSite\",\"@id\":\"https:\/\/www.sonoraenequipo.com.mx\/#website\",\"url\":\"https:\/\/www.sonoraenequipo.com.mx\/\",\"name\":\"Sonora en Equipo.\",\"description\":\"Diario en l\u00ednea con Noticias desde Hermosillo, Sonora\",\"publisher\":{\"@id\":\"https:\/\/www.sonoraenequipo.com.mx\/#organization\"},\"potentialAction\":[{\"@type\":\"SearchAction\",\"target\":{\"@type\":\"EntryPoint\",\"urlTemplate\":\"https:\/\/www.sonoraenequipo.com.mx\/?s={search_term_string}\"},\"query-input\":{\"@type\":\"PropertyValueSpecification\",\"valueRequired\":true,\"valueName\":\"search_term_string\"}}],\"inLanguage\":\"es\"},{\"@type\":\"Organization\",\"@id\":\"https:\/\/www.sonoraenequipo.com.mx\/#organization\",\"name\":\"Sonoraenequipo.com.mx\",\"url\":\"https:\/\/www.sonoraenequipo.com.mx\/\",\"logo\":{\"@type\":\"ImageObject\",\"inLanguage\":\"es\",\"@id\":\"https:\/\/www.sonoraenequipo.com.mx\/#\/schema\/logo\/image\/\",\"url\":\"https:\/\/www.sonoraenequipo.com.mx\/storage\/2019\/01\/sonoraenequipo_opt.png\",\"contentUrl\":\"https:\/\/www.sonoraenequipo.com.mx\/storage\/2019\/01\/sonoraenequipo_opt.png\",\"width\":375,\"height\":125,\"caption\":\"Sonoraenequipo.com.mx\"},\"image\":{\"@id\":\"https:\/\/www.sonoraenequipo.com.mx\/#\/schema\/logo\/image\/\"},\"sameAs\":[\"https:\/\/www.facebook.com\/SonoraEE\/\",\"https:\/\/x.com\/sonoraenequipo\",\"https:\/\/www.youtube.com\/channel\/UC338nW-lPEYmJQs4ZABQ1SQ\"]},{\"@type\":\"Person\",\"@id\":\"https:\/\/www.sonoraenequipo.com.mx\/#\/schema\/person\/50102df0fb23a8fa9e8effad8fa81386\",\"name\":\"enequipo\",\"image\":{\"@type\":\"ImageObject\",\"inLanguage\":\"es\",\"@id\":\"https:\/\/www.sonoraenequipo.com.mx\/#\/schema\/person\/image\/\",\"url\":\"https:\/\/secure.gravatar.com\/avatar\/049821681b589dabc0bc20695993ccebb09f5b5d4d790cd9251b97faac7c652b?s=96&d=blank&r=g\",\"contentUrl\":\"https:\/\/secure.gravatar.com\/avatar\/049821681b589dabc0bc20695993ccebb09f5b5d4d790cd9251b97faac7c652b?s=96&d=blank&r=g\",\"caption\":\"enequipo\"},\"sameAs\":[\"https:\/\/www.facebook.com\/SonoraEE\"]}]}<\/script>\n ","yoast_head_json":{"title":"Sonora en Equipo. AMLO anuncia plan para mejoramiento de puertos y aduanas del pa\u00eds La Ma\u00f1anera Rep\u00fablica","description":"MANZANILLO, COLIMA. MX. \u2014 El presidente Andr\u00e9s Manuel L\u00f3pez Obrador dio a conocer que su gobierno alista un plan para el mejoramiento de todos los puertos En Sonora en Equipo publicamos toda la informaci\u00f3n de Sonora, M\u00e9xico y el Mundo de manera oportuna y busca que la libertad de expresi\u00f3n sea real. Visita nuestro medio informativo publicado desde Hermosillo, Sonora. %","robots":{"index":"index","follow":"follow","max-snippet":"max-snippet:-1","max-image-preview":"max-image-preview:large","max-video-preview":"max-video-preview:-1"},"canonical":"https:\/\/www.sonoraenequipo.com.mx\/amlo-anuncia-plan-para-mejoramiento-de-puertos-y-aduanas-del-pais-la-mananera\/","og_locale":"es_ES","og_type":"article","og_title":"Sonora en Equipo. AMLO anuncia plan para mejoramiento de puertos y aduanas del pa\u00eds La Ma\u00f1anera Rep\u00fablica","og_description":"MANZANILLO, COLIMA. MX. \u2014 El presidente Andr\u00e9s Manuel L\u00f3pez Obrador dio a conocer que su gobierno alista un plan para el mejoramiento de todos los puertos En Sonora en Equipo publicamos toda la informaci\u00f3n de Sonora, M\u00e9xico y el Mundo de manera oportuna y busca que la libertad de expresi\u00f3n sea real. Visita nuestro medio informativo publicado desde Hermosillo, Sonora. %","og_url":"https:\/\/www.sonoraenequipo.com.mx\/amlo-anuncia-plan-para-mejoramiento-de-puertos-y-aduanas-del-pais-la-mananera\/","og_site_name":"Sonora en Equipo.","article_publisher":"https:\/\/www.facebook.com\/SonoraEE\/","article_author":"https:\/\/www.facebook.com\/SonoraEE","article_published_time":"2021-11-11T15:28:12+00:00","article_modified_time":"2021-11-12T21:08:00+00:00","og_image":[{"width":700,"height":400,"url":"https:\/\/www.sonoraenequipo.com.mx\/storage\/2021\/11\/Lopez-Obrador-en-Colima_opt.jpg","type":"image\/jpeg"}],"author":"enequipo","twitter_card":"summary_large_image","twitter_creator":"@sonoraenequipo","twitter_site":"@sonoraenequipo","twitter_misc":{"Escrito por":"enequipo","Tiempo de lectura":"2 minutos"},"schema":{"@context":"https:\/\/schema.org","@graph":[{"@type":"Article","@id":"https:\/\/www.sonoraenequipo.com.mx\/amlo-anuncia-plan-para-mejoramiento-de-puertos-y-aduanas-del-pais-la-mananera\/#article","isPartOf":{"@id":"https:\/\/www.sonoraenequipo.com.mx\/amlo-anuncia-plan-para-mejoramiento-de-puertos-y-aduanas-del-pais-la-mananera\/"},"author":{"name":"enequipo","@id":"https:\/\/www.sonoraenequipo.com.mx\/#\/schema\/person\/50102df0fb23a8fa9e8effad8fa81386"},"headline":"AMLO anuncia plan para mejoramiento de puertos y aduanas del pa\u00eds La Ma\u00f1anera","datePublished":"2021-11-11T15:28:12+00:00","dateModified":"2021-11-12T21:08:00+00:00","mainEntityOfPage":{"@id":"https:\/\/www.sonoraenequipo.com.mx\/amlo-anuncia-plan-para-mejoramiento-de-puertos-y-aduanas-del-pais-la-mananera\/"},"wordCount":310,"commentCount":0,"publisher":{"@id":"https:\/\/www.sonoraenequipo.com.mx\/#organization"},"image":{"@id":"https:\/\/www.sonoraenequipo.com.mx\/amlo-anuncia-plan-para-mejoramiento-de-puertos-y-aduanas-del-pais-la-mananera\/#primaryimage"},"thumbnailUrl":"https:\/\/www.sonoraenequipo.com.mx\/storage\/2021\/11\/Lopez-Obrador-en-Colima_opt.jpg","articleSection":["Rep\u00fablica"],"inLanguage":"es","potentialAction":[{"@type":"CommentAction","name":"Comment","target":["https:\/\/www.sonoraenequipo.com.mx\/amlo-anuncia-plan-para-mejoramiento-de-puertos-y-aduanas-del-pais-la-mananera\/#respond"]}]},{"@type":"WebPage","@id":"https:\/\/www.sonoraenequipo.com.mx\/amlo-anuncia-plan-para-mejoramiento-de-puertos-y-aduanas-del-pais-la-mananera\/","url":"https:\/\/www.sonoraenequipo.com.mx\/amlo-anuncia-plan-para-mejoramiento-de-puertos-y-aduanas-del-pais-la-mananera\/","name":"Sonora en Equipo. AMLO anuncia plan para mejoramiento de puertos y aduanas del pa\u00eds La Ma\u00f1anera Rep\u00fablica","isPartOf":{"@id":"https:\/\/www.sonoraenequipo.com.mx\/#website"},"primaryImageOfPage":{"@id":"https:\/\/www.sonoraenequipo.com.mx\/amlo-anuncia-plan-para-mejoramiento-de-puertos-y-aduanas-del-pais-la-mananera\/#primaryimage"},"image":{"@id":"https:\/\/www.sonoraenequipo.com.mx\/amlo-anuncia-plan-para-mejoramiento-de-puertos-y-aduanas-del-pais-la-mananera\/#primaryimage"},"thumbnailUrl":"https:\/\/www.sonoraenequipo.com.mx\/storage\/2021\/11\/Lopez-Obrador-en-Colima_opt.jpg","datePublished":"2021-11-11T15:28:12+00:00","dateModified":"2021-11-12T21:08:00+00:00","description":"MANZANILLO, COLIMA. MX. \u2014 El presidente Andr\u00e9s Manuel L\u00f3pez Obrador dio a conocer que su gobierno alista un plan para el mejoramiento de todos los puertos En Sonora en Equipo publicamos toda la informaci\u00f3n de Sonora, M\u00e9xico y el Mundo de manera oportuna y busca que la libertad de expresi\u00f3n sea real. Visita nuestro medio informativo publicado desde Hermosillo, Sonora. %","breadcrumb":{"@id":"https:\/\/www.sonoraenequipo.com.mx\/amlo-anuncia-plan-para-mejoramiento-de-puertos-y-aduanas-del-pais-la-mananera\/#breadcrumb"},"inLanguage":"es","potentialAction":[{"@type":"ReadAction","target":["https:\/\/www.sonoraenequipo.com.mx\/amlo-anuncia-plan-para-mejoramiento-de-puertos-y-aduanas-del-pais-la-mananera\/"]}]},{"@type":"ImageObject","inLanguage":"es","@id":"https:\/\/www.sonoraenequipo.com.mx\/amlo-anuncia-plan-para-mejoramiento-de-puertos-y-aduanas-del-pais-la-mananera\/#primaryimage","url":"https:\/\/www.sonoraenequipo.com.mx\/storage\/2021\/11\/Lopez-Obrador-en-Colima_opt.jpg","contentUrl":"https:\/\/www.sonoraenequipo.com.mx\/storage\/2021\/11\/Lopez-Obrador-en-Colima_opt.jpg","width":700,"height":400},{"@type":"BreadcrumbList","@id":"https:\/\/www.sonoraenequipo.com.mx\/amlo-anuncia-plan-para-mejoramiento-de-puertos-y-aduanas-del-pais-la-mananera\/#breadcrumb","itemListElement":[{"@type":"ListItem","position":1,"name":"Portada","item":"https:\/\/www.sonoraenequipo.com.mx\/"},{"@type":"ListItem","position":2,"name":"AMLO anuncia plan para mejoramiento de puertos y aduanas del pa\u00eds La Ma\u00f1anera"}]},{"@type":"WebSite","@id":"https:\/\/www.sonoraenequipo.com.mx\/#website","url":"https:\/\/www.sonoraenequipo.com.mx\/","name":"Sonora en Equipo.","description":"Diario en l\u00ednea con Noticias desde Hermosillo, Sonora","publisher":{"@id":"https:\/\/www.sonoraenequipo.com.mx\/#organization"},"potentialAction":[{"@type":"SearchAction","target":{"@type":"EntryPoint","urlTemplate":"https:\/\/www.sonoraenequipo.com.mx\/?s={search_term_string}"},"query-input":{"@type":"PropertyValueSpecification","valueRequired":true,"valueName":"search_term_string"}}],"inLanguage":"es"},{"@type":"Organization","@id":"https:\/\/www.sonoraenequipo.com.mx\/#organization","name":"Sonoraenequipo.com.mx","url":"https:\/\/www.sonoraenequipo.com.mx\/","logo":{"@type":"ImageObject","inLanguage":"es","@id":"https:\/\/www.sonoraenequipo.com.mx\/#\/schema\/logo\/image\/","url":"https:\/\/www.sonoraenequipo.com.mx\/storage\/2019\/01\/sonoraenequipo_opt.png","contentUrl":"https:\/\/www.sonoraenequipo.com.mx\/storage\/2019\/01\/sonoraenequipo_opt.png","width":375,"height":125,"caption":"Sonoraenequipo.com.mx"},"image":{"@id":"https:\/\/www.sonoraenequipo.com.mx\/#\/schema\/logo\/image\/"},"sameAs":["https:\/\/www.facebook.com\/SonoraEE\/","https:\/\/x.com\/sonoraenequipo","https:\/\/www.youtube.com\/channel\/UC338nW-lPEYmJQs4ZABQ1SQ"]},{"@type":"Person","@id":"https:\/\/www.sonoraenequipo.com.mx\/#\/schema\/person\/50102df0fb23a8fa9e8effad8fa81386","name":"enequipo","image":{"@type":"ImageObject","inLanguage":"es","@id":"https:\/\/www.sonoraenequipo.com.mx\/#\/schema\/person\/image\/","url":"https:\/\/secure.gravatar.com\/avatar\/049821681b589dabc0bc20695993ccebb09f5b5d4d790cd9251b97faac7c652b?s=96&d=blank&r=g","contentUrl":"https:\/\/secure.gravatar.com\/avatar\/049821681b589dabc0bc20695993ccebb09f5b5d4d790cd9251b97faac7c652b?s=96&d=blank&r=g","caption":"enequipo"},"sameAs":["https:\/\/www.facebook.com\/SonoraEE"]}]}},"jetpack_featured_media_url":"https:\/\/www.sonoraenequipo.com.mx\/storage\/2021\/11\/Lopez-Obrador-en-Colima_opt.jpg","_links":{"self":[{"href":"https:\/\/www.sonoraenequipo.com.mx\/api\/wp\/v2\/posts\/127278","targetHints":{"allow":["GET"]}}],"collection":[{"href":"https:\/\/www.sonoraenequipo.com.mx\/api\/wp\/v2\/posts"}],"about":[{"href":"https:\/\/www.sonoraenequipo.com.mx\/api\/wp\/v2\/types\/post"}],"author":[{"embeddable":true,"href":"https:\/\/www.sonoraenequipo.com.mx\/api\/wp\/v2\/users\/1"}],"replies":[{"embeddable":true,"href":"https:\/\/www.sonoraenequipo.com.mx\/api\/wp\/v2\/comments?post=127278"}],"version-history":[{"count":3,"href":"https:\/\/www.sonoraenequipo.com.mx\/api\/wp\/v2\/posts\/127278\/revisions"}],"predecessor-version":[{"id":127282,"href":"https:\/\/www.sonoraenequipo.com.mx\/api\/wp\/v2\/posts\/127278\/revisions\/127282"}],"wp:featuredmedia":[{"embeddable":true,"href":"https:\/\/www.sonoraenequipo.com.mx\/api\/wp\/v2\/media\/127279"}],"wp:attachment":[{"href":"https:\/\/www.sonoraenequipo.com.mx\/api\/wp\/v2\/media?parent=127278"}],"wp:term":[{"taxonomy":"category","embeddable":true,"href":"https:\/\/www.sonoraenequipo.com.mx\/api\/wp\/v2\/categories?post=127278"},{"taxonomy":"post_tag","embeddable":true,"href":"https:\/\/www.sonoraenequipo.com.mx\/api\/wp\/v2\/tags?post=127278"}],"curies":[{"name":"wp","href":"https:\/\/api.w.org\/{rel}","templated":true}]}}