{"id":127442,"date":"2021-11-14T14:04:19","date_gmt":"2021-11-14T21:04:19","guid":{"rendered":"https:\/\/www.sonoraenequipo.com.mx\/?p=127442"},"modified":"2021-11-14T14:04:19","modified_gmt":"2021-11-14T21:04:19","slug":"dan-95-anos-de-carcel-a-dos-sujetos-por-doble-homicidio","status":"publish","type":"post","link":"https:\/\/www.sonoraenequipo.com.mx\/dan-95-anos-de-carcel-a-dos-sujetos-por-doble-homicidio\/","title":{"rendered":"Dan 95 a\u00f1os de c\u00e1rcel a dos sujetos por doble homicidio"},"content":{"rendered":"<p>HERMOSILLO, SONORA,MX.\u2500\u2500 A 95 a\u00f1os de c\u00e1rcel, por el asesinato de un reci\u00e9n nacido y de un joven de 23 a\u00f1os, fueron condenados dos sujetos por el Juez, ante las pruebas mostradas durante el juicio por personal de Litigaci\u00f3n de la Vice fiscal\u00eda de Control de Procesos.<\/p>\n<p>&nbsp;<\/p>\n<p>Mart\u00edn Ernesto \u201cN.\u201d, \u201cEl Wity\u201d, y Javier Emilio \u201cN.\u201d, \u201cEl Topo\u201d, recibieron las penas dentro de la causa penal 861\/2020: 70 a\u00f1os por el delito de homicidio infantil y 25 m\u00e1s por homicidio calificado para un global de casi 100 a\u00f1os de prisi\u00f3n.<\/p>\n<p>&nbsp;<\/p>\n<p>El personal de la Fiscal\u00eda General de Justicia del Estado de Sonora (FGJE) present\u00f3 s\u00f3lidas pruebas para demostrar la participaci\u00f3n de ambos sujetos en los hechos registrados el 23 de febrero de 2020 en calles de la colonia El Ranchito.<\/p>\n<p>&nbsp;<\/p>\n<p>Alrededor de las 22:30 horas, qued\u00f3 demostrado que \u201cEl Wity\u201d y \u201cEl Topo\u201d arribaron a las calles Canal Principal esquina con Presa del Fuerte, por fuera de un negocio de sushi, y dispararon contra Gustavo Elit, de entonces 23 a\u00f1os de edad.<\/p>\n<p>&nbsp;<\/p>\n<p>Le provocaron heridas diversas al impactarlo proyectiles de arma de fuego, para privarlo de la vida, en el sitio estaba una familia a bordo de un veh\u00edculo Chevrolet Spark, color rojo, al cual los agresores tambi\u00e9n agredieron mientras hu\u00edan.<\/p>\n<p>&nbsp;<\/p>\n<p>Uno de los proyectiles impact\u00f3 al peque\u00f1o de 23 d\u00edas de nacido, por lo que de inmediato lo llevaron en el mismo auto al Hospital Infantil del Estado de Sonora (HIES), pero al arribar ya hab\u00eda perdido la vida antes de recibir atenci\u00f3n m\u00e9dica.<\/p>\n<p>&nbsp;<\/p>\n<p>El hecho constern\u00f3 a los sonorenses en general, iniciando la Fiscal\u00eda de Sonora con las indagatorias a trav\u00e9s de la Trilog\u00eda Investigadora, integrada por el Agente del Ministerio P\u00fablico, personal de la Agencia Ministerial de Investigaci\u00f3n Criminal (AMIC) y de Servicios Periciales.<\/p>\n<p>&nbsp;<\/p>\n<p>\u201cEl Topo\u201d fue aprehendido el 13 de agosto de 2020 tras una acci\u00f3n de cateo en un domicilio en la colonia Los Naranjos, ah\u00ed recolectaron como indicios casquillos para arma de fuego de diferentes calibres, un chaleco bal\u00edstico sin placa y un disco duro.<\/p>\n<p>&nbsp;<\/p>\n<p>\u201cEl Wity\u201d fue ubicado y asegurado el 10 de agosto del a\u00f1o pasado la colonia Jorge Valdez, tambi\u00e9n se le cumplieron otras \u00f3rdenes de aprehensi\u00f3n por homicidio calificado con premeditaci\u00f3n y ventaja en n\u00famero de dos, tentativa de homicidio calificado y privaci\u00f3n ilegal de la libertad agravada.<\/p>\n<p>&nbsp;<\/p>\n<p>Una vez presentados ante el Juez, por el homicidio del beb\u00e9 y de una persona, Mart\u00edn Ernesto \u201cN.\u201d y Javier Emilio quedaron vinculados a proceso y en prisi\u00f3n preventiva, que deriv\u00f3 del juicio donde se les impuso la pena de 95 a\u00f1os de c\u00e1rcel para cada uno.<\/p>\n<p>Fecha de publicaci\u00f3n\u00a0 domingo\/ 14 \/ noviembre \/2021<\/p>\n<p>&nbsp;<\/p>\n","protected":false},"excerpt":{"rendered":"<p>HERMOSILLO, SONORA,MX.\u2500\u2500 A 95 a\u00f1os de c\u00e1rcel, por el asesinato de un reci\u00e9n nacido y&#8230;<\/p>\n","protected":false},"author":1,"featured_media":75064,"comment_status":"open","ping_status":"open","sticky":false,"template":"","format":"standard","meta":{"_monsterinsights_skip_tracking":false,"_monsterinsights_sitenote_active":false,"_monsterinsights_sitenote_note":"","_monsterinsights_sitenote_category":0,"footnotes":""},"categories":[3144],"tags":[170,15],"class_list":["post"],"yoast_head":" \n<title>Sonora en Equipo. Dan 95 a\u00f1os de c\u00e1rcel a dos sujetos por doble homicidio Polic\u00edaca<\/title>\n<meta name=\"description\" content=\"HERMOSILLO, SONORA,MX.\u2500\u2500 A 95 a\u00f1os de c\u00e1rcel, por el asesinato de un reci\u00e9n nacido y de un joven de 23 a\u00f1os, fueron condenados dos sujetos por el Juez, En Sonora en Equipo publicamos toda la informaci\u00f3n de Sonora, M\u00e9xico y el Mundo de manera oportuna y busca que la libertad de expresi\u00f3n sea real. Visita nuestro medio informativo publicado desde Hermosillo, Sonora. %\" \/>\n<meta name=\"robots\" content=\"index, follow, max-snippet:-1, max-image-preview:large, max-video-preview:-1\" \/>\n<link rel=\"canonical\" href=\"https:\/\/www.sonoraenequipo.com.mx\/dan-95-anos-de-carcel-a-dos-sujetos-por-doble-homicidio\/\" \/>\n<meta property=\"og:locale\" content=\"es_ES\" \/>\n<meta property=\"og:type\" content=\"article\" \/>\n<meta property=\"og:title\" content=\"Sonora en Equipo. Dan 95 a\u00f1os de c\u00e1rcel a dos sujetos por doble homicidio Polic\u00edaca\" \/>\n<meta property=\"og:description\" content=\"HERMOSILLO, SONORA,MX.\u2500\u2500 A 95 a\u00f1os de c\u00e1rcel, por el asesinato de un reci\u00e9n nacido y de un joven de 23 a\u00f1os, fueron condenados dos sujetos por el Juez, En Sonora en Equipo publicamos toda la informaci\u00f3n de Sonora, M\u00e9xico y el Mundo de manera oportuna y busca que la libertad de expresi\u00f3n sea real. Visita nuestro medio informativo publicado desde Hermosillo, Sonora. %\" \/>\n<meta property=\"og:url\" content=\"https:\/\/www.sonoraenequipo.com.mx\/dan-95-anos-de-carcel-a-dos-sujetos-por-doble-homicidio\/\" \/>\n<meta property=\"og:site_name\" content=\"Sonora en Equipo.\" \/>\n<meta property=\"article:publisher\" content=\"https:\/\/www.facebook.com\/SonoraEE\/\" \/>\n<meta property=\"article:author\" content=\"https:\/\/www.facebook.com\/SonoraEE\" \/>\n<meta property=\"article:published_time\" content=\"2021-11-14T21:04:19+00:00\" \/>\n<meta property=\"og:image\" content=\"https:\/\/www.sonoraenequipo.com.mx\/storage\/2019\/12\/fgje-logo.jpg\" \/>\n\t<meta property=\"og:image:width\" content=\"600\" \/>\n\t<meta property=\"og:image:height\" content=\"400\" \/>\n\t<meta property=\"og:image:type\" content=\"image\/jpeg\" \/>\n<meta name=\"author\" content=\"enequipo\" \/>\n<meta name=\"twitter:card\" content=\"summary_large_image\" \/>\n<meta name=\"twitter:creator\" content=\"@sonoraenequipo\" \/>\n<meta name=\"twitter:site\" content=\"@sonoraenequipo\" \/>\n<meta name=\"twitter:label1\" content=\"Escrito por\" \/>\n\t<meta name=\"twitter:data1\" content=\"enequipo\" \/>\n\t<meta name=\"twitter:label2\" content=\"Tiempo de lectura\" \/>\n\t<meta name=\"twitter:data2\" content=\"2 minutos\" \/>\n<script type=\"application\/ld+json\" class=\"yoast-schema-graph\">{\"@context\":\"https:\/\/schema.org\",\"@graph\":[{\"@type\":\"Article\",\"@id\":\"https:\/\/www.sonoraenequipo.com.mx\/dan-95-anos-de-carcel-a-dos-sujetos-por-doble-homicidio\/#article\",\"isPartOf\":{\"@id\":\"https:\/\/www.sonoraenequipo.com.mx\/dan-95-anos-de-carcel-a-dos-sujetos-por-doble-homicidio\/\"},\"author\":{\"name\":\"enequipo\",\"@id\":\"https:\/\/www.sonoraenequipo.com.mx\/#\/schema\/person\/50102df0fb23a8fa9e8effad8fa81386\"},\"headline\":\"Dan 95 a\u00f1os de c\u00e1rcel a dos sujetos por doble homicidio\",\"datePublished\":\"2021-11-14T21:04:19+00:00\",\"mainEntityOfPage\":{\"@id\":\"https:\/\/www.sonoraenequipo.com.mx\/dan-95-anos-de-carcel-a-dos-sujetos-por-doble-homicidio\/\"},\"wordCount\":489,\"commentCount\":0,\"publisher\":{\"@id\":\"https:\/\/www.sonoraenequipo.com.mx\/#organization\"},\"image\":{\"@id\":\"https:\/\/www.sonoraenequipo.com.mx\/dan-95-anos-de-carcel-a-dos-sujetos-por-doble-homicidio\/#primaryimage\"},\"thumbnailUrl\":\"https:\/\/www.sonoraenequipo.com.mx\/storage\/2019\/12\/fgje-logo.jpg\",\"keywords\":[\"Seguridad\",\"Sonora\"],\"articleSection\":[\"Polic\u00edaca\"],\"inLanguage\":\"es\",\"potentialAction\":[{\"@type\":\"CommentAction\",\"name\":\"Comment\",\"target\":[\"https:\/\/www.sonoraenequipo.com.mx\/dan-95-anos-de-carcel-a-dos-sujetos-por-doble-homicidio\/#respond\"]}]},{\"@type\":\"WebPage\",\"@id\":\"https:\/\/www.sonoraenequipo.com.mx\/dan-95-anos-de-carcel-a-dos-sujetos-por-doble-homicidio\/\",\"url\":\"https:\/\/www.sonoraenequipo.com.mx\/dan-95-anos-de-carcel-a-dos-sujetos-por-doble-homicidio\/\",\"name\":\"Sonora en Equipo. Dan 95 a\u00f1os de c\u00e1rcel a dos sujetos por doble homicidio Polic\u00edaca\",\"isPartOf\":{\"@id\":\"https:\/\/www.sonoraenequipo.com.mx\/#website\"},\"primaryImageOfPage\":{\"@id\":\"https:\/\/www.sonoraenequipo.com.mx\/dan-95-anos-de-carcel-a-dos-sujetos-por-doble-homicidio\/#primaryimage\"},\"image\":{\"@id\":\"https:\/\/www.sonoraenequipo.com.mx\/dan-95-anos-de-carcel-a-dos-sujetos-por-doble-homicidio\/#primaryimage\"},\"thumbnailUrl\":\"https:\/\/www.sonoraenequipo.com.mx\/storage\/2019\/12\/fgje-logo.jpg\",\"datePublished\":\"2021-11-14T21:04:19+00:00\",\"description\":\"HERMOSILLO, SONORA,MX.\u2500\u2500 A 95 a\u00f1os de c\u00e1rcel, por el asesinato de un reci\u00e9n nacido y de un joven de 23 a\u00f1os, fueron condenados dos sujetos por el Juez, En Sonora en Equipo publicamos toda la informaci\u00f3n de Sonora, M\u00e9xico y el Mundo de manera oportuna y busca que la libertad de expresi\u00f3n sea real. Visita nuestro medio informativo publicado desde Hermosillo, Sonora. %\",\"breadcrumb\":{\"@id\":\"https:\/\/www.sonoraenequipo.com.mx\/dan-95-anos-de-carcel-a-dos-sujetos-por-doble-homicidio\/#breadcrumb\"},\"inLanguage\":\"es\",\"potentialAction\":[{\"@type\":\"ReadAction\",\"target\":[\"https:\/\/www.sonoraenequipo.com.mx\/dan-95-anos-de-carcel-a-dos-sujetos-por-doble-homicidio\/\"]}]},{\"@type\":\"ImageObject\",\"inLanguage\":\"es\",\"@id\":\"https:\/\/www.sonoraenequipo.com.mx\/dan-95-anos-de-carcel-a-dos-sujetos-por-doble-homicidio\/#primaryimage\",\"url\":\"https:\/\/www.sonoraenequipo.com.mx\/storage\/2019\/12\/fgje-logo.jpg\",\"contentUrl\":\"https:\/\/www.sonoraenequipo.com.mx\/storage\/2019\/12\/fgje-logo.jpg\",\"width\":600,\"height\":400},{\"@type\":\"BreadcrumbList\",\"@id\":\"https:\/\/www.sonoraenequipo.com.mx\/dan-95-anos-de-carcel-a-dos-sujetos-por-doble-homicidio\/#breadcrumb\",\"itemListElement\":[{\"@type\":\"ListItem\",\"position\":1,\"name\":\"Portada\",\"item\":\"https:\/\/www.sonoraenequipo.com.mx\/\"},{\"@type\":\"ListItem\",\"position\":2,\"name\":\"Dan 95 a\u00f1os de c\u00e1rcel a dos sujetos por doble homicidio\"}]},{\"@type\":\"WebSite\",\"@id\":\"https:\/\/www.sonoraenequipo.com.mx\/#website\",\"url\":\"https:\/\/www.sonoraenequipo.com.mx\/\",\"name\":\"Sonora en Equipo.\",\"description\":\"Diario en l\u00ednea con Noticias desde Hermosillo, Sonora\",\"publisher\":{\"@id\":\"https:\/\/www.sonoraenequipo.com.mx\/#organization\"},\"potentialAction\":[{\"@type\":\"SearchAction\",\"target\":{\"@type\":\"EntryPoint\",\"urlTemplate\":\"https:\/\/www.sonoraenequipo.com.mx\/?s={search_term_string}\"},\"query-input\":{\"@type\":\"PropertyValueSpecification\",\"valueRequired\":true,\"valueName\":\"search_term_string\"}}],\"inLanguage\":\"es\"},{\"@type\":\"Organization\",\"@id\":\"https:\/\/www.sonoraenequipo.com.mx\/#organization\",\"name\":\"Sonoraenequipo.com.mx\",\"url\":\"https:\/\/www.sonoraenequipo.com.mx\/\",\"logo\":{\"@type\":\"ImageObject\",\"inLanguage\":\"es\",\"@id\":\"https:\/\/www.sonoraenequipo.com.mx\/#\/schema\/logo\/image\/\",\"url\":\"https:\/\/www.sonoraenequipo.com.mx\/storage\/2019\/01\/sonoraenequipo_opt.png\",\"contentUrl\":\"https:\/\/www.sonoraenequipo.com.mx\/storage\/2019\/01\/sonoraenequipo_opt.png\",\"width\":375,\"height\":125,\"caption\":\"Sonoraenequipo.com.mx\"},\"image\":{\"@id\":\"https:\/\/www.sonoraenequipo.com.mx\/#\/schema\/logo\/image\/\"},\"sameAs\":[\"https:\/\/www.facebook.com\/SonoraEE\/\",\"https:\/\/x.com\/sonoraenequipo\",\"https:\/\/www.youtube.com\/channel\/UC338nW-lPEYmJQs4ZABQ1SQ\"]},{\"@type\":\"Person\",\"@id\":\"https:\/\/www.sonoraenequipo.com.mx\/#\/schema\/person\/50102df0fb23a8fa9e8effad8fa81386\",\"name\":\"enequipo\",\"image\":{\"@type\":\"ImageObject\",\"inLanguage\":\"es\",\"@id\":\"https:\/\/www.sonoraenequipo.com.mx\/#\/schema\/person\/image\/\",\"url\":\"https:\/\/secure.gravatar.com\/avatar\/049821681b589dabc0bc20695993ccebb09f5b5d4d790cd9251b97faac7c652b?s=96&d=blank&r=g\",\"contentUrl\":\"https:\/\/secure.gravatar.com\/avatar\/049821681b589dabc0bc20695993ccebb09f5b5d4d790cd9251b97faac7c652b?s=96&d=blank&r=g\",\"caption\":\"enequipo\"},\"sameAs\":[\"https:\/\/www.facebook.com\/SonoraEE\"]}]}<\/script>\n ","yoast_head_json":{"title":"Sonora en Equipo. Dan 95 a\u00f1os de c\u00e1rcel a dos sujetos por doble homicidio Polic\u00edaca","description":"HERMOSILLO, SONORA,MX.\u2500\u2500 A 95 a\u00f1os de c\u00e1rcel, por el asesinato de un reci\u00e9n nacido y de un joven de 23 a\u00f1os, fueron condenados dos sujetos por el Juez, En Sonora en Equipo publicamos toda la informaci\u00f3n de Sonora, M\u00e9xico y el Mundo de manera oportuna y busca que la libertad de expresi\u00f3n sea real. Visita nuestro medio informativo publicado desde Hermosillo, Sonora. %","robots":{"index":"index","follow":"follow","max-snippet":"max-snippet:-1","max-image-preview":"max-image-preview:large","max-video-preview":"max-video-preview:-1"},"canonical":"https:\/\/www.sonoraenequipo.com.mx\/dan-95-anos-de-carcel-a-dos-sujetos-por-doble-homicidio\/","og_locale":"es_ES","og_type":"article","og_title":"Sonora en Equipo. Dan 95 a\u00f1os de c\u00e1rcel a dos sujetos por doble homicidio Polic\u00edaca","og_description":"HERMOSILLO, SONORA,MX.\u2500\u2500 A 95 a\u00f1os de c\u00e1rcel, por el asesinato de un reci\u00e9n nacido y de un joven de 23 a\u00f1os, fueron condenados dos sujetos por el Juez, En Sonora en Equipo publicamos toda la informaci\u00f3n de Sonora, M\u00e9xico y el Mundo de manera oportuna y busca que la libertad de expresi\u00f3n sea real. Visita nuestro medio informativo publicado desde Hermosillo, Sonora. %","og_url":"https:\/\/www.sonoraenequipo.com.mx\/dan-95-anos-de-carcel-a-dos-sujetos-por-doble-homicidio\/","og_site_name":"Sonora en Equipo.","article_publisher":"https:\/\/www.facebook.com\/SonoraEE\/","article_author":"https:\/\/www.facebook.com\/SonoraEE","article_published_time":"2021-11-14T21:04:19+00:00","og_image":[{"width":600,"height":400,"url":"https:\/\/www.sonoraenequipo.com.mx\/storage\/2019\/12\/fgje-logo.jpg","type":"image\/jpeg"}],"author":"enequipo","twitter_card":"summary_large_image","twitter_creator":"@sonoraenequipo","twitter_site":"@sonoraenequipo","twitter_misc":{"Escrito por":"enequipo","Tiempo de lectura":"2 minutos"},"schema":{"@context":"https:\/\/schema.org","@graph":[{"@type":"Article","@id":"https:\/\/www.sonoraenequipo.com.mx\/dan-95-anos-de-carcel-a-dos-sujetos-por-doble-homicidio\/#article","isPartOf":{"@id":"https:\/\/www.sonoraenequipo.com.mx\/dan-95-anos-de-carcel-a-dos-sujetos-por-doble-homicidio\/"},"author":{"name":"enequipo","@id":"https:\/\/www.sonoraenequipo.com.mx\/#\/schema\/person\/50102df0fb23a8fa9e8effad8fa81386"},"headline":"Dan 95 a\u00f1os de c\u00e1rcel a dos sujetos por doble homicidio","datePublished":"2021-11-14T21:04:19+00:00","mainEntityOfPage":{"@id":"https:\/\/www.sonoraenequipo.com.mx\/dan-95-anos-de-carcel-a-dos-sujetos-por-doble-homicidio\/"},"wordCount":489,"commentCount":0,"publisher":{"@id":"https:\/\/www.sonoraenequipo.com.mx\/#organization"},"image":{"@id":"https:\/\/www.sonoraenequipo.com.mx\/dan-95-anos-de-carcel-a-dos-sujetos-por-doble-homicidio\/#primaryimage"},"thumbnailUrl":"https:\/\/www.sonoraenequipo.com.mx\/storage\/2019\/12\/fgje-logo.jpg","keywords":["Seguridad","Sonora"],"articleSection":["Polic\u00edaca"],"inLanguage":"es","potentialAction":[{"@type":"CommentAction","name":"Comment","target":["https:\/\/www.sonoraenequipo.com.mx\/dan-95-anos-de-carcel-a-dos-sujetos-por-doble-homicidio\/#respond"]}]},{"@type":"WebPage","@id":"https:\/\/www.sonoraenequipo.com.mx\/dan-95-anos-de-carcel-a-dos-sujetos-por-doble-homicidio\/","url":"https:\/\/www.sonoraenequipo.com.mx\/dan-95-anos-de-carcel-a-dos-sujetos-por-doble-homicidio\/","name":"Sonora en Equipo. Dan 95 a\u00f1os de c\u00e1rcel a dos sujetos por doble homicidio Polic\u00edaca","isPartOf":{"@id":"https:\/\/www.sonoraenequipo.com.mx\/#website"},"primaryImageOfPage":{"@id":"https:\/\/www.sonoraenequipo.com.mx\/dan-95-anos-de-carcel-a-dos-sujetos-por-doble-homicidio\/#primaryimage"},"image":{"@id":"https:\/\/www.sonoraenequipo.com.mx\/dan-95-anos-de-carcel-a-dos-sujetos-por-doble-homicidio\/#primaryimage"},"thumbnailUrl":"https:\/\/www.sonoraenequipo.com.mx\/storage\/2019\/12\/fgje-logo.jpg","datePublished":"2021-11-14T21:04:19+00:00","description":"HERMOSILLO, SONORA,MX.\u2500\u2500 A 95 a\u00f1os de c\u00e1rcel, por el asesinato de un reci\u00e9n nacido y de un joven de 23 a\u00f1os, fueron condenados dos sujetos por el Juez, En Sonora en Equipo publicamos toda la informaci\u00f3n de Sonora, M\u00e9xico y el Mundo de manera oportuna y busca que la libertad de expresi\u00f3n sea real. Visita nuestro medio informativo publicado desde Hermosillo, Sonora. %","breadcrumb":{"@id":"https:\/\/www.sonoraenequipo.com.mx\/dan-95-anos-de-carcel-a-dos-sujetos-por-doble-homicidio\/#breadcrumb"},"inLanguage":"es","potentialAction":[{"@type":"ReadAction","target":["https:\/\/www.sonoraenequipo.com.mx\/dan-95-anos-de-carcel-a-dos-sujetos-por-doble-homicidio\/"]}]},{"@type":"ImageObject","inLanguage":"es","@id":"https:\/\/www.sonoraenequipo.com.mx\/dan-95-anos-de-carcel-a-dos-sujetos-por-doble-homicidio\/#primaryimage","url":"https:\/\/www.sonoraenequipo.com.mx\/storage\/2019\/12\/fgje-logo.jpg","contentUrl":"https:\/\/www.sonoraenequipo.com.mx\/storage\/2019\/12\/fgje-logo.jpg","width":600,"height":400},{"@type":"BreadcrumbList","@id":"https:\/\/www.sonoraenequipo.com.mx\/dan-95-anos-de-carcel-a-dos-sujetos-por-doble-homicidio\/#breadcrumb","itemListElement":[{"@type":"ListItem","position":1,"name":"Portada","item":"https:\/\/www.sonoraenequipo.com.mx\/"},{"@type":"ListItem","position":2,"name":"Dan 95 a\u00f1os de c\u00e1rcel a dos sujetos por doble homicidio"}]},{"@type":"WebSite","@id":"https:\/\/www.sonoraenequipo.com.mx\/#website","url":"https:\/\/www.sonoraenequipo.com.mx\/","name":"Sonora en Equipo.","description":"Diario en l\u00ednea con Noticias desde Hermosillo, Sonora","publisher":{"@id":"https:\/\/www.sonoraenequipo.com.mx\/#organization"},"potentialAction":[{"@type":"SearchAction","target":{"@type":"EntryPoint","urlTemplate":"https:\/\/www.sonoraenequipo.com.mx\/?s={search_term_string}"},"query-input":{"@type":"PropertyValueSpecification","valueRequired":true,"valueName":"search_term_string"}}],"inLanguage":"es"},{"@type":"Organization","@id":"https:\/\/www.sonoraenequipo.com.mx\/#organization","name":"Sonoraenequipo.com.mx","url":"https:\/\/www.sonoraenequipo.com.mx\/","logo":{"@type":"ImageObject","inLanguage":"es","@id":"https:\/\/www.sonoraenequipo.com.mx\/#\/schema\/logo\/image\/","url":"https:\/\/www.sonoraenequipo.com.mx\/storage\/2019\/01\/sonoraenequipo_opt.png","contentUrl":"https:\/\/www.sonoraenequipo.com.mx\/storage\/2019\/01\/sonoraenequipo_opt.png","width":375,"height":125,"caption":"Sonoraenequipo.com.mx"},"image":{"@id":"https:\/\/www.sonoraenequipo.com.mx\/#\/schema\/logo\/image\/"},"sameAs":["https:\/\/www.facebook.com\/SonoraEE\/","https:\/\/x.com\/sonoraenequipo","https:\/\/www.youtube.com\/channel\/UC338nW-lPEYmJQs4ZABQ1SQ"]},{"@type":"Person","@id":"https:\/\/www.sonoraenequipo.com.mx\/#\/schema\/person\/50102df0fb23a8fa9e8effad8fa81386","name":"enequipo","image":{"@type":"ImageObject","inLanguage":"es","@id":"https:\/\/www.sonoraenequipo.com.mx\/#\/schema\/person\/image\/","url":"https:\/\/secure.gravatar.com\/avatar\/049821681b589dabc0bc20695993ccebb09f5b5d4d790cd9251b97faac7c652b?s=96&d=blank&r=g","contentUrl":"https:\/\/secure.gravatar.com\/avatar\/049821681b589dabc0bc20695993ccebb09f5b5d4d790cd9251b97faac7c652b?s=96&d=blank&r=g","caption":"enequipo"},"sameAs":["https:\/\/www.facebook.com\/SonoraEE"]}]}},"jetpack_featured_media_url":"https:\/\/www.sonoraenequipo.com.mx\/storage\/2019\/12\/fgje-logo.jpg","_links":{"self":[{"href":"https:\/\/www.sonoraenequipo.com.mx\/api\/wp\/v2\/posts\/127442","targetHints":{"allow":["GET"]}}],"collection":[{"href":"https:\/\/www.sonoraenequipo.com.mx\/api\/wp\/v2\/posts"}],"about":[{"href":"https:\/\/www.sonoraenequipo.com.mx\/api\/wp\/v2\/types\/post"}],"author":[{"embeddable":true,"href":"https:\/\/www.sonoraenequipo.com.mx\/api\/wp\/v2\/users\/1"}],"replies":[{"embeddable":true,"href":"https:\/\/www.sonoraenequipo.com.mx\/api\/wp\/v2\/comments?post=127442"}],"version-history":[{"count":1,"href":"https:\/\/www.sonoraenequipo.com.mx\/api\/wp\/v2\/posts\/127442\/revisions"}],"predecessor-version":[{"id":127443,"href":"https:\/\/www.sonoraenequipo.com.mx\/api\/wp\/v2\/posts\/127442\/revisions\/127443"}],"wp:featuredmedia":[{"embeddable":true,"href":"https:\/\/www.sonoraenequipo.com.mx\/api\/wp\/v2\/media\/75064"}],"wp:attachment":[{"href":"https:\/\/www.sonoraenequipo.com.mx\/api\/wp\/v2\/media?parent=127442"}],"wp:term":[{"taxonomy":"category","embeddable":true,"href":"https:\/\/www.sonoraenequipo.com.mx\/api\/wp\/v2\/categories?post=127442"},{"taxonomy":"post_tag","embeddable":true,"href":"https:\/\/www.sonoraenequipo.com.mx\/api\/wp\/v2\/tags?post=127442"}],"curies":[{"name":"wp","href":"https:\/\/api.w.org\/{rel}","templated":true}]}}