{"id":127444,"date":"2021-11-14T14:34:04","date_gmt":"2021-11-14T21:34:04","guid":{"rendered":"https:\/\/www.sonoraenequipo.com.mx\/?p=127444"},"modified":"2021-11-15T09:07:38","modified_gmt":"2021-11-15T16:07:38","slug":"da-tono-astiazaran-banderazo-de-salida-de-kino-fest","status":"publish","type":"post","link":"https:\/\/www.sonoraenequipo.com.mx\/da-tono-astiazaran-banderazo-de-salida-de-kino-fest\/","title":{"rendered":"HERMOSILLO. Da presidente municipal banderazo de salida de Kino Fest"},"content":{"rendered":"<p>&nbsp;<\/p>\n<p>&nbsp;<\/p>\n<p>HERMOSILLO, SONORA,MX.\u2500\u2500 El presidente municipal, Antonio Astiazar\u00e1n Guti\u00e9rrez, dio el banderazo de salida ayer de la carrera ciclista Kino Race, con la que inician de manera oficial las actividades del Kino Fest 2021, que se llevar\u00e1 a cabo desde este 14 de noviembre al 5 de diciembre.<\/p>\n<p>&nbsp;<\/p>\n<p>Astiazar\u00e1n Guti\u00e9rrez manifest\u00f3 el gusto de iniciar el festival con esta carrera, adem\u00e1s de felicitar a los participantes y desearles mucho \u00e9xito durante su recorrido del Estadio Sonora hasta la entrada de Bah\u00eda de Kino.<\/p>\n<p>&nbsp;<\/p>\n<p>Acompa\u00f1ado de Fernanda Cisneros, directora de Turismo Municipal y de Jos\u00e9 Mar\u00eda Rosales, organizador de la competencia, el Alcalde presenci\u00f3 la salida de los 400 ciclistas, divididos por grupos de cada categor\u00eda..<\/p>\n<p>&nbsp;<\/p>\n<p>Las siguientes actividades del Kino Fest ser\u00e1n el s\u00e1bado 27 de noviembre en el parque Kino M\u00e1gico, donde por primera vez se realizar\u00e1 el programa V\u00edactiva, de las 10:00 a las 17:00 horas, con entrada libre, donde habr\u00e1 eventos deportivos, culturales, con payasos, inflables, un concurso de castillos de arena.; y la semifinal del certamen Miss y Mister Turismo.<\/p>\n<p>&nbsp;<\/p>\n<p>En el mismo lugar, a partir de las 18:00 horas, iniciar\u00e1 el Gastro Fest, que consistir\u00e1 en una degustaci\u00f3n de platillos de los mejores restaurantes de Bah\u00eda de Kino, con la presentaci\u00f3n del Grupo Element y de Los de la Bah\u00eda, con un costo de 350 pesos.<\/p>\n<p>&nbsp;<\/p>\n<p>Posteriormente, los d\u00edas 3, 4 y 5 de diciembre ser\u00e1 la edici\u00f3n 11 del Torneo de Pesca de Curvina, iniciar\u00e1 con un rompe hielo el viernes 3 diciembre, la competencia empieza el s\u00e1bado 4; el domingo continuar\u00e1 y despu\u00e9s ser\u00e1n las premiaciones.<\/p>\n<p>Fecha de publicaci\u00f3n\u00a0 domingo\/ 14 \/ noviembre \/2021\/ CS\u00a0 No. 111\/2021<\/p>\n<p>&nbsp;<\/p>\n<p>&nbsp;<\/p>\n","protected":false},"excerpt":{"rendered":"<p>&nbsp; &nbsp; HERMOSILLO, SONORA,MX.\u2500\u2500 El presidente municipal, Antonio Astiazar\u00e1n Guti\u00e9rrez, dio el banderazo de salida&#8230;<\/p>\n","protected":false},"author":1,"featured_media":127445,"comment_status":"open","ping_status":"open","sticky":false,"template":"","format":"standard","meta":{"_monsterinsights_skip_tracking":false,"_monsterinsights_sitenote_active":false,"_monsterinsights_sitenote_note":"","_monsterinsights_sitenote_category":0,"footnotes":""},"categories":[4],"tags":[6367],"class_list":["post"],"yoast_head":" \n<title>Sonora en Equipo. HERMOSILLO. Da presidente municipal banderazo de salida de Kino Fest Municipios<\/title>\n<meta name=\"description\" content=\"&nbsp; &nbsp; HERMOSILLO, SONORA,MX.\u2500\u2500 El presidente municipal, Antonio Astiazar\u00e1n Guti\u00e9rrez, dio el banderazo de salida ayer de la carrera ciclista Kino En Sonora en Equipo publicamos toda la informaci\u00f3n de Sonora, M\u00e9xico y el Mundo de manera oportuna y busca que la libertad de expresi\u00f3n sea real. Visita nuestro medio informativo publicado desde Hermosillo, Sonora. %\" \/>\n<meta name=\"robots\" content=\"index, follow, max-snippet:-1, max-image-preview:large, max-video-preview:-1\" \/>\n<link rel=\"canonical\" href=\"https:\/\/www.sonoraenequipo.com.mx\/da-tono-astiazaran-banderazo-de-salida-de-kino-fest\/\" \/>\n<meta property=\"og:locale\" content=\"es_ES\" \/>\n<meta property=\"og:type\" content=\"article\" \/>\n<meta property=\"og:title\" content=\"Sonora en Equipo. HERMOSILLO. Da presidente municipal banderazo de salida de Kino Fest Municipios\" \/>\n<meta property=\"og:description\" content=\"&nbsp; &nbsp; HERMOSILLO, SONORA,MX.\u2500\u2500 El presidente municipal, Antonio Astiazar\u00e1n Guti\u00e9rrez, dio el banderazo de salida ayer de la carrera ciclista Kino En Sonora en Equipo publicamos toda la informaci\u00f3n de Sonora, M\u00e9xico y el Mundo de manera oportuna y busca que la libertad de expresi\u00f3n sea real. Visita nuestro medio informativo publicado desde Hermosillo, Sonora. %\" \/>\n<meta property=\"og:url\" content=\"https:\/\/www.sonoraenequipo.com.mx\/da-tono-astiazaran-banderazo-de-salida-de-kino-fest\/\" \/>\n<meta property=\"og:site_name\" content=\"Sonora en Equipo.\" \/>\n<meta property=\"article:publisher\" content=\"https:\/\/www.facebook.com\/SonoraEE\/\" \/>\n<meta property=\"article:author\" content=\"https:\/\/www.facebook.com\/SonoraEE\" \/>\n<meta property=\"article:published_time\" content=\"2021-11-14T21:34:04+00:00\" \/>\n<meta property=\"article:modified_time\" content=\"2021-11-15T16:07:38+00:00\" \/>\n<meta property=\"og:image\" content=\"https:\/\/www.sonoraenequipo.com.mx\/storage\/2021\/11\/tono-kio.jpg\" \/>\n\t<meta property=\"og:image:width\" content=\"700\" \/>\n\t<meta property=\"og:image:height\" content=\"414\" \/>\n\t<meta property=\"og:image:type\" content=\"image\/jpeg\" \/>\n<meta name=\"author\" content=\"enequipo\" \/>\n<meta name=\"twitter:card\" content=\"summary_large_image\" \/>\n<meta name=\"twitter:creator\" content=\"@sonoraenequipo\" \/>\n<meta name=\"twitter:site\" content=\"@sonoraenequipo\" \/>\n<meta name=\"twitter:label1\" content=\"Escrito por\" \/>\n\t<meta name=\"twitter:data1\" content=\"enequipo\" \/>\n\t<meta name=\"twitter:label2\" content=\"Tiempo de lectura\" \/>\n\t<meta name=\"twitter:data2\" content=\"2 minutos\" \/>\n<script type=\"application\/ld+json\" class=\"yoast-schema-graph\">{\"@context\":\"https:\/\/schema.org\",\"@graph\":[{\"@type\":\"Article\",\"@id\":\"https:\/\/www.sonoraenequipo.com.mx\/da-tono-astiazaran-banderazo-de-salida-de-kino-fest\/#article\",\"isPartOf\":{\"@id\":\"https:\/\/www.sonoraenequipo.com.mx\/da-tono-astiazaran-banderazo-de-salida-de-kino-fest\/\"},\"author\":{\"name\":\"enequipo\",\"@id\":\"https:\/\/www.sonoraenequipo.com.mx\/#\/schema\/person\/50102df0fb23a8fa9e8effad8fa81386\"},\"headline\":\"HERMOSILLO. Da presidente municipal banderazo de salida de Kino Fest\",\"datePublished\":\"2021-11-14T21:34:04+00:00\",\"dateModified\":\"2021-11-15T16:07:38+00:00\",\"mainEntityOfPage\":{\"@id\":\"https:\/\/www.sonoraenequipo.com.mx\/da-tono-astiazaran-banderazo-de-salida-de-kino-fest\/\"},\"wordCount\":297,\"commentCount\":0,\"publisher\":{\"@id\":\"https:\/\/www.sonoraenequipo.com.mx\/#organization\"},\"image\":{\"@id\":\"https:\/\/www.sonoraenequipo.com.mx\/da-tono-astiazaran-banderazo-de-salida-de-kino-fest\/#primaryimage\"},\"thumbnailUrl\":\"https:\/\/www.sonoraenequipo.com.mx\/storage\/2021\/11\/tono-kio.jpg\",\"keywords\":[\"kino fest\"],\"articleSection\":[\"Municipios\"],\"inLanguage\":\"es\",\"potentialAction\":[{\"@type\":\"CommentAction\",\"name\":\"Comment\",\"target\":[\"https:\/\/www.sonoraenequipo.com.mx\/da-tono-astiazaran-banderazo-de-salida-de-kino-fest\/#respond\"]}]},{\"@type\":\"WebPage\",\"@id\":\"https:\/\/www.sonoraenequipo.com.mx\/da-tono-astiazaran-banderazo-de-salida-de-kino-fest\/\",\"url\":\"https:\/\/www.sonoraenequipo.com.mx\/da-tono-astiazaran-banderazo-de-salida-de-kino-fest\/\",\"name\":\"Sonora en Equipo. HERMOSILLO. Da presidente municipal banderazo de salida de Kino Fest Municipios\",\"isPartOf\":{\"@id\":\"https:\/\/www.sonoraenequipo.com.mx\/#website\"},\"primaryImageOfPage\":{\"@id\":\"https:\/\/www.sonoraenequipo.com.mx\/da-tono-astiazaran-banderazo-de-salida-de-kino-fest\/#primaryimage\"},\"image\":{\"@id\":\"https:\/\/www.sonoraenequipo.com.mx\/da-tono-astiazaran-banderazo-de-salida-de-kino-fest\/#primaryimage\"},\"thumbnailUrl\":\"https:\/\/www.sonoraenequipo.com.mx\/storage\/2021\/11\/tono-kio.jpg\",\"datePublished\":\"2021-11-14T21:34:04+00:00\",\"dateModified\":\"2021-11-15T16:07:38+00:00\",\"description\":\"&nbsp; &nbsp; HERMOSILLO, SONORA,MX.\u2500\u2500 El presidente municipal, Antonio Astiazar\u00e1n Guti\u00e9rrez, dio el banderazo de salida ayer de la carrera ciclista Kino En Sonora en Equipo publicamos toda la informaci\u00f3n de Sonora, M\u00e9xico y el Mundo de manera oportuna y busca que la libertad de expresi\u00f3n sea real. Visita nuestro medio informativo publicado desde Hermosillo, Sonora. %\",\"breadcrumb\":{\"@id\":\"https:\/\/www.sonoraenequipo.com.mx\/da-tono-astiazaran-banderazo-de-salida-de-kino-fest\/#breadcrumb\"},\"inLanguage\":\"es\",\"potentialAction\":[{\"@type\":\"ReadAction\",\"target\":[\"https:\/\/www.sonoraenequipo.com.mx\/da-tono-astiazaran-banderazo-de-salida-de-kino-fest\/\"]}]},{\"@type\":\"ImageObject\",\"inLanguage\":\"es\",\"@id\":\"https:\/\/www.sonoraenequipo.com.mx\/da-tono-astiazaran-banderazo-de-salida-de-kino-fest\/#primaryimage\",\"url\":\"https:\/\/www.sonoraenequipo.com.mx\/storage\/2021\/11\/tono-kio.jpg\",\"contentUrl\":\"https:\/\/www.sonoraenequipo.com.mx\/storage\/2021\/11\/tono-kio.jpg\",\"width\":700,\"height\":414},{\"@type\":\"BreadcrumbList\",\"@id\":\"https:\/\/www.sonoraenequipo.com.mx\/da-tono-astiazaran-banderazo-de-salida-de-kino-fest\/#breadcrumb\",\"itemListElement\":[{\"@type\":\"ListItem\",\"position\":1,\"name\":\"Portada\",\"item\":\"https:\/\/www.sonoraenequipo.com.mx\/\"},{\"@type\":\"ListItem\",\"position\":2,\"name\":\"HERMOSILLO. Da presidente municipal banderazo de salida de Kino Fest\"}]},{\"@type\":\"WebSite\",\"@id\":\"https:\/\/www.sonoraenequipo.com.mx\/#website\",\"url\":\"https:\/\/www.sonoraenequipo.com.mx\/\",\"name\":\"Sonora en Equipo.\",\"description\":\"Diario en l\u00ednea con Noticias desde Hermosillo, Sonora\",\"publisher\":{\"@id\":\"https:\/\/www.sonoraenequipo.com.mx\/#organization\"},\"potentialAction\":[{\"@type\":\"SearchAction\",\"target\":{\"@type\":\"EntryPoint\",\"urlTemplate\":\"https:\/\/www.sonoraenequipo.com.mx\/?s={search_term_string}\"},\"query-input\":{\"@type\":\"PropertyValueSpecification\",\"valueRequired\":true,\"valueName\":\"search_term_string\"}}],\"inLanguage\":\"es\"},{\"@type\":\"Organization\",\"@id\":\"https:\/\/www.sonoraenequipo.com.mx\/#organization\",\"name\":\"Sonoraenequipo.com.mx\",\"url\":\"https:\/\/www.sonoraenequipo.com.mx\/\",\"logo\":{\"@type\":\"ImageObject\",\"inLanguage\":\"es\",\"@id\":\"https:\/\/www.sonoraenequipo.com.mx\/#\/schema\/logo\/image\/\",\"url\":\"https:\/\/www.sonoraenequipo.com.mx\/storage\/2019\/01\/sonoraenequipo_opt.png\",\"contentUrl\":\"https:\/\/www.sonoraenequipo.com.mx\/storage\/2019\/01\/sonoraenequipo_opt.png\",\"width\":375,\"height\":125,\"caption\":\"Sonoraenequipo.com.mx\"},\"image\":{\"@id\":\"https:\/\/www.sonoraenequipo.com.mx\/#\/schema\/logo\/image\/\"},\"sameAs\":[\"https:\/\/www.facebook.com\/SonoraEE\/\",\"https:\/\/x.com\/sonoraenequipo\",\"https:\/\/www.youtube.com\/channel\/UC338nW-lPEYmJQs4ZABQ1SQ\"]},{\"@type\":\"Person\",\"@id\":\"https:\/\/www.sonoraenequipo.com.mx\/#\/schema\/person\/50102df0fb23a8fa9e8effad8fa81386\",\"name\":\"enequipo\",\"image\":{\"@type\":\"ImageObject\",\"inLanguage\":\"es\",\"@id\":\"https:\/\/www.sonoraenequipo.com.mx\/#\/schema\/person\/image\/\",\"url\":\"https:\/\/secure.gravatar.com\/avatar\/049821681b589dabc0bc20695993ccebb09f5b5d4d790cd9251b97faac7c652b?s=96&d=blank&r=g\",\"contentUrl\":\"https:\/\/secure.gravatar.com\/avatar\/049821681b589dabc0bc20695993ccebb09f5b5d4d790cd9251b97faac7c652b?s=96&d=blank&r=g\",\"caption\":\"enequipo\"},\"sameAs\":[\"https:\/\/www.facebook.com\/SonoraEE\"]}]}<\/script>\n ","yoast_head_json":{"title":"Sonora en Equipo. HERMOSILLO. Da presidente municipal banderazo de salida de Kino Fest Municipios","description":"&nbsp; &nbsp; HERMOSILLO, SONORA,MX.\u2500\u2500 El presidente municipal, Antonio Astiazar\u00e1n Guti\u00e9rrez, dio el banderazo de salida ayer de la carrera ciclista Kino En Sonora en Equipo publicamos toda la informaci\u00f3n de Sonora, M\u00e9xico y el Mundo de manera oportuna y busca que la libertad de expresi\u00f3n sea real. Visita nuestro medio informativo publicado desde Hermosillo, Sonora. %","robots":{"index":"index","follow":"follow","max-snippet":"max-snippet:-1","max-image-preview":"max-image-preview:large","max-video-preview":"max-video-preview:-1"},"canonical":"https:\/\/www.sonoraenequipo.com.mx\/da-tono-astiazaran-banderazo-de-salida-de-kino-fest\/","og_locale":"es_ES","og_type":"article","og_title":"Sonora en Equipo. HERMOSILLO. Da presidente municipal banderazo de salida de Kino Fest Municipios","og_description":"&nbsp; &nbsp; HERMOSILLO, SONORA,MX.\u2500\u2500 El presidente municipal, Antonio Astiazar\u00e1n Guti\u00e9rrez, dio el banderazo de salida ayer de la carrera ciclista Kino En Sonora en Equipo publicamos toda la informaci\u00f3n de Sonora, M\u00e9xico y el Mundo de manera oportuna y busca que la libertad de expresi\u00f3n sea real. Visita nuestro medio informativo publicado desde Hermosillo, Sonora. %","og_url":"https:\/\/www.sonoraenequipo.com.mx\/da-tono-astiazaran-banderazo-de-salida-de-kino-fest\/","og_site_name":"Sonora en Equipo.","article_publisher":"https:\/\/www.facebook.com\/SonoraEE\/","article_author":"https:\/\/www.facebook.com\/SonoraEE","article_published_time":"2021-11-14T21:34:04+00:00","article_modified_time":"2021-11-15T16:07:38+00:00","og_image":[{"width":700,"height":414,"url":"https:\/\/www.sonoraenequipo.com.mx\/storage\/2021\/11\/tono-kio.jpg","type":"image\/jpeg"}],"author":"enequipo","twitter_card":"summary_large_image","twitter_creator":"@sonoraenequipo","twitter_site":"@sonoraenequipo","twitter_misc":{"Escrito por":"enequipo","Tiempo de lectura":"2 minutos"},"schema":{"@context":"https:\/\/schema.org","@graph":[{"@type":"Article","@id":"https:\/\/www.sonoraenequipo.com.mx\/da-tono-astiazaran-banderazo-de-salida-de-kino-fest\/#article","isPartOf":{"@id":"https:\/\/www.sonoraenequipo.com.mx\/da-tono-astiazaran-banderazo-de-salida-de-kino-fest\/"},"author":{"name":"enequipo","@id":"https:\/\/www.sonoraenequipo.com.mx\/#\/schema\/person\/50102df0fb23a8fa9e8effad8fa81386"},"headline":"HERMOSILLO. Da presidente municipal banderazo de salida de Kino Fest","datePublished":"2021-11-14T21:34:04+00:00","dateModified":"2021-11-15T16:07:38+00:00","mainEntityOfPage":{"@id":"https:\/\/www.sonoraenequipo.com.mx\/da-tono-astiazaran-banderazo-de-salida-de-kino-fest\/"},"wordCount":297,"commentCount":0,"publisher":{"@id":"https:\/\/www.sonoraenequipo.com.mx\/#organization"},"image":{"@id":"https:\/\/www.sonoraenequipo.com.mx\/da-tono-astiazaran-banderazo-de-salida-de-kino-fest\/#primaryimage"},"thumbnailUrl":"https:\/\/www.sonoraenequipo.com.mx\/storage\/2021\/11\/tono-kio.jpg","keywords":["kino fest"],"articleSection":["Municipios"],"inLanguage":"es","potentialAction":[{"@type":"CommentAction","name":"Comment","target":["https:\/\/www.sonoraenequipo.com.mx\/da-tono-astiazaran-banderazo-de-salida-de-kino-fest\/#respond"]}]},{"@type":"WebPage","@id":"https:\/\/www.sonoraenequipo.com.mx\/da-tono-astiazaran-banderazo-de-salida-de-kino-fest\/","url":"https:\/\/www.sonoraenequipo.com.mx\/da-tono-astiazaran-banderazo-de-salida-de-kino-fest\/","name":"Sonora en Equipo. HERMOSILLO. Da presidente municipal banderazo de salida de Kino Fest Municipios","isPartOf":{"@id":"https:\/\/www.sonoraenequipo.com.mx\/#website"},"primaryImageOfPage":{"@id":"https:\/\/www.sonoraenequipo.com.mx\/da-tono-astiazaran-banderazo-de-salida-de-kino-fest\/#primaryimage"},"image":{"@id":"https:\/\/www.sonoraenequipo.com.mx\/da-tono-astiazaran-banderazo-de-salida-de-kino-fest\/#primaryimage"},"thumbnailUrl":"https:\/\/www.sonoraenequipo.com.mx\/storage\/2021\/11\/tono-kio.jpg","datePublished":"2021-11-14T21:34:04+00:00","dateModified":"2021-11-15T16:07:38+00:00","description":"&nbsp; &nbsp; HERMOSILLO, SONORA,MX.\u2500\u2500 El presidente municipal, Antonio Astiazar\u00e1n Guti\u00e9rrez, dio el banderazo de salida ayer de la carrera ciclista Kino En Sonora en Equipo publicamos toda la informaci\u00f3n de Sonora, M\u00e9xico y el Mundo de manera oportuna y busca que la libertad de expresi\u00f3n sea real. Visita nuestro medio informativo publicado desde Hermosillo, Sonora. %","breadcrumb":{"@id":"https:\/\/www.sonoraenequipo.com.mx\/da-tono-astiazaran-banderazo-de-salida-de-kino-fest\/#breadcrumb"},"inLanguage":"es","potentialAction":[{"@type":"ReadAction","target":["https:\/\/www.sonoraenequipo.com.mx\/da-tono-astiazaran-banderazo-de-salida-de-kino-fest\/"]}]},{"@type":"ImageObject","inLanguage":"es","@id":"https:\/\/www.sonoraenequipo.com.mx\/da-tono-astiazaran-banderazo-de-salida-de-kino-fest\/#primaryimage","url":"https:\/\/www.sonoraenequipo.com.mx\/storage\/2021\/11\/tono-kio.jpg","contentUrl":"https:\/\/www.sonoraenequipo.com.mx\/storage\/2021\/11\/tono-kio.jpg","width":700,"height":414},{"@type":"BreadcrumbList","@id":"https:\/\/www.sonoraenequipo.com.mx\/da-tono-astiazaran-banderazo-de-salida-de-kino-fest\/#breadcrumb","itemListElement":[{"@type":"ListItem","position":1,"name":"Portada","item":"https:\/\/www.sonoraenequipo.com.mx\/"},{"@type":"ListItem","position":2,"name":"HERMOSILLO. Da presidente municipal banderazo de salida de Kino Fest"}]},{"@type":"WebSite","@id":"https:\/\/www.sonoraenequipo.com.mx\/#website","url":"https:\/\/www.sonoraenequipo.com.mx\/","name":"Sonora en Equipo.","description":"Diario en l\u00ednea con Noticias desde Hermosillo, Sonora","publisher":{"@id":"https:\/\/www.sonoraenequipo.com.mx\/#organization"},"potentialAction":[{"@type":"SearchAction","target":{"@type":"EntryPoint","urlTemplate":"https:\/\/www.sonoraenequipo.com.mx\/?s={search_term_string}"},"query-input":{"@type":"PropertyValueSpecification","valueRequired":true,"valueName":"search_term_string"}}],"inLanguage":"es"},{"@type":"Organization","@id":"https:\/\/www.sonoraenequipo.com.mx\/#organization","name":"Sonoraenequipo.com.mx","url":"https:\/\/www.sonoraenequipo.com.mx\/","logo":{"@type":"ImageObject","inLanguage":"es","@id":"https:\/\/www.sonoraenequipo.com.mx\/#\/schema\/logo\/image\/","url":"https:\/\/www.sonoraenequipo.com.mx\/storage\/2019\/01\/sonoraenequipo_opt.png","contentUrl":"https:\/\/www.sonoraenequipo.com.mx\/storage\/2019\/01\/sonoraenequipo_opt.png","width":375,"height":125,"caption":"Sonoraenequipo.com.mx"},"image":{"@id":"https:\/\/www.sonoraenequipo.com.mx\/#\/schema\/logo\/image\/"},"sameAs":["https:\/\/www.facebook.com\/SonoraEE\/","https:\/\/x.com\/sonoraenequipo","https:\/\/www.youtube.com\/channel\/UC338nW-lPEYmJQs4ZABQ1SQ"]},{"@type":"Person","@id":"https:\/\/www.sonoraenequipo.com.mx\/#\/schema\/person\/50102df0fb23a8fa9e8effad8fa81386","name":"enequipo","image":{"@type":"ImageObject","inLanguage":"es","@id":"https:\/\/www.sonoraenequipo.com.mx\/#\/schema\/person\/image\/","url":"https:\/\/secure.gravatar.com\/avatar\/049821681b589dabc0bc20695993ccebb09f5b5d4d790cd9251b97faac7c652b?s=96&d=blank&r=g","contentUrl":"https:\/\/secure.gravatar.com\/avatar\/049821681b589dabc0bc20695993ccebb09f5b5d4d790cd9251b97faac7c652b?s=96&d=blank&r=g","caption":"enequipo"},"sameAs":["https:\/\/www.facebook.com\/SonoraEE"]}]}},"jetpack_featured_media_url":"https:\/\/www.sonoraenequipo.com.mx\/storage\/2021\/11\/tono-kio.jpg","_links":{"self":[{"href":"https:\/\/www.sonoraenequipo.com.mx\/api\/wp\/v2\/posts\/127444","targetHints":{"allow":["GET"]}}],"collection":[{"href":"https:\/\/www.sonoraenequipo.com.mx\/api\/wp\/v2\/posts"}],"about":[{"href":"https:\/\/www.sonoraenequipo.com.mx\/api\/wp\/v2\/types\/post"}],"author":[{"embeddable":true,"href":"https:\/\/www.sonoraenequipo.com.mx\/api\/wp\/v2\/users\/1"}],"replies":[{"embeddable":true,"href":"https:\/\/www.sonoraenequipo.com.mx\/api\/wp\/v2\/comments?post=127444"}],"version-history":[{"count":3,"href":"https:\/\/www.sonoraenequipo.com.mx\/api\/wp\/v2\/posts\/127444\/revisions"}],"predecessor-version":[{"id":127485,"href":"https:\/\/www.sonoraenequipo.com.mx\/api\/wp\/v2\/posts\/127444\/revisions\/127485"}],"wp:featuredmedia":[{"embeddable":true,"href":"https:\/\/www.sonoraenequipo.com.mx\/api\/wp\/v2\/media\/127445"}],"wp:attachment":[{"href":"https:\/\/www.sonoraenequipo.com.mx\/api\/wp\/v2\/media?parent=127444"}],"wp:term":[{"taxonomy":"category","embeddable":true,"href":"https:\/\/www.sonoraenequipo.com.mx\/api\/wp\/v2\/categories?post=127444"},{"taxonomy":"post_tag","embeddable":true,"href":"https:\/\/www.sonoraenequipo.com.mx\/api\/wp\/v2\/tags?post=127444"}],"curies":[{"name":"wp","href":"https:\/\/api.w.org\/{rel}","templated":true}]}}