{"id":127451,"date":"2021-11-14T18:46:11","date_gmt":"2021-11-15T01:46:11","guid":{"rendered":"https:\/\/www.sonoraenequipo.com.mx\/?p=127451"},"modified":"2021-11-15T08:48:37","modified_gmt":"2021-11-15T15:48:37","slug":"acuerdan-icatson-y-alcaldes-relanzar-programa-de-capacitacion-en-beneficio-de-la-poblacion","status":"publish","type":"post","link":"https:\/\/www.sonoraenequipo.com.mx\/acuerdan-icatson-y-alcaldes-relanzar-programa-de-capacitacion-en-beneficio-de-la-poblacion\/","title":{"rendered":"Acuerdan Icatson y alcaldes relanzar programa de capacitaci\u00f3n en beneficio de la poblaci\u00f3n"},"content":{"rendered":"<p>HERMOSILLO, SONORA,MX.\u2500\u2500 Con la representaci\u00f3n del director general del Instituto de Capacitaci\u00f3n para el Trabajo de Sonora (Icatson), Rodolfo Ram\u00edrez Gallardo, personal de la dependencia se reuni\u00f3 con autoridades de Nogales, Cananea y Agua Prieta, con quienes acordaron trabajar de manera coordinada con el prop\u00f3sito de beneficiar a los habitantes de dichas comunidades.<\/p>\n<p>&nbsp;<\/p>\n<p>Como parte de la gira de trabajo que tuvo como prop\u00f3sito reforzar lazos de colaboraci\u00f3n con las autoridades municipales de esas demarcaciones pol\u00edticas, los funcionarios realizaron un recorrido por los planteles y constataron el estado f\u00edsico de las instalaciones, as\u00ed como la matr\u00edcula y cursos que se imparten.<\/p>\n<p>&nbsp;<\/p>\n<p>Los directivos del Icatson en Nogales fueron recibidos por el secretario del Ayuntamiento, Jorge J\u00e1uregui Lewis; as\u00ed como por Eduardo Quiroga Jim\u00e9nez y Jes\u00fas Alfonso Monta\u00f1o Durazo, presidentes municipales de Cananea y Agua Prieta, respectivamente.<\/p>\n<p>&nbsp;<\/p>\n<p>Durante el encuentro con las autoridades municipales, tambi\u00e9n se dio a conocer la extensa oferta educativa de la instituci\u00f3n en materia de capacitaci\u00f3n para el trabajo y autoempleo como corte de cabello, carpinter\u00eda, ingl\u00e9s, corte y confecci\u00f3n, mec\u00e1nica automotriz, entre otros.<\/p>\n<p>&nbsp;<\/p>\n<p>Adem\u00e1s, expusieron los servicios en materia de certificaci\u00f3n en temas espec\u00edficos vinculados con empresas, como es el caso de la capacitaci\u00f3n a Operadores de Transporte, especialmente \u00fatil para la industria maquiladora que opera en la frontera.<\/p>\n<p>&nbsp;<\/p>\n<p>Como resultado del acercamiento con los mun\u00edcipes, se plante\u00f3 la pr\u00f3xima firma de convenios de colaboraci\u00f3n tanto para la creaci\u00f3n de \u201ctrajes a la medida\u201d de capacitaci\u00f3n a empleados de los ayuntamientos, como para la impartici\u00f3n de los distintos cursos.<\/p>\n<p>&nbsp;<\/p>\n<p>Las autoridades municipales agradecieron al director del Icatson, Rodolfo Ram\u00edrez Gallardo, y a su personal, la disposici\u00f3n para trabajar de manera coordinada en beneficio de sus habitantes.<\/p>\n<p>&nbsp;<\/p>\n<p>Adem\u00e1s, recibieron con benepl\u00e1cito el hecho que el gobernador Alfonso Durazo Monta\u00f1o, impulse la pol\u00edtica social de acercar los servicios del Icatson a la poblaci\u00f3n en un esfuerzo por mejorar las condiciones de vida de las familias sonorenses.<\/p>\n<p>Fecha de publicaci\u00f3n\u00a0 domingo\/ 14 \/ noviembre \/2021<\/p>\n","protected":false},"excerpt":{"rendered":"<p>HERMOSILLO, SONORA,MX.\u2500\u2500 Con la representaci\u00f3n del director general del Instituto de Capacitaci\u00f3n para el Trabajo&#8230;<\/p>\n","protected":false},"author":1,"featured_media":127452,"comment_status":"open","ping_status":"open","sticky":false,"template":"","format":"standard","meta":{"_monsterinsights_skip_tracking":false,"_monsterinsights_sitenote_active":false,"_monsterinsights_sitenote_note":"","_monsterinsights_sitenote_category":0,"footnotes":""},"categories":[22],"tags":[1763,15],"class_list":["post"],"yoast_head":" \n<title>Sonora en Equipo. Acuerdan Icatson y alcaldes relanzar programa de capacitaci\u00f3n en beneficio de la poblaci\u00f3n Sonora<\/title>\n<meta name=\"description\" content=\"HERMOSILLO, SONORA,MX.\u2500\u2500 Con la representaci\u00f3n del director general del Instituto de Capacitaci\u00f3n para el Trabajo de Sonora (Icatson), Rodolfo Ram\u00edrez En Sonora en Equipo publicamos toda la informaci\u00f3n de Sonora, M\u00e9xico y el Mundo de manera oportuna y busca que la libertad de expresi\u00f3n sea real. Visita nuestro medio informativo publicado desde Hermosillo, Sonora. %\" \/>\n<meta name=\"robots\" content=\"index, follow, max-snippet:-1, max-image-preview:large, max-video-preview:-1\" \/>\n<link rel=\"canonical\" href=\"https:\/\/www.sonoraenequipo.com.mx\/acuerdan-icatson-y-alcaldes-relanzar-programa-de-capacitacion-en-beneficio-de-la-poblacion\/\" \/>\n<meta property=\"og:locale\" content=\"es_ES\" \/>\n<meta property=\"og:type\" content=\"article\" \/>\n<meta property=\"og:title\" content=\"Sonora en Equipo. Acuerdan Icatson y alcaldes relanzar programa de capacitaci\u00f3n en beneficio de la poblaci\u00f3n Sonora\" \/>\n<meta property=\"og:description\" content=\"HERMOSILLO, SONORA,MX.\u2500\u2500 Con la representaci\u00f3n del director general del Instituto de Capacitaci\u00f3n para el Trabajo de Sonora (Icatson), Rodolfo Ram\u00edrez En Sonora en Equipo publicamos toda la informaci\u00f3n de Sonora, M\u00e9xico y el Mundo de manera oportuna y busca que la libertad de expresi\u00f3n sea real. Visita nuestro medio informativo publicado desde Hermosillo, Sonora. %\" \/>\n<meta property=\"og:url\" content=\"https:\/\/www.sonoraenequipo.com.mx\/acuerdan-icatson-y-alcaldes-relanzar-programa-de-capacitacion-en-beneficio-de-la-poblacion\/\" \/>\n<meta property=\"og:site_name\" content=\"Sonora en Equipo.\" \/>\n<meta property=\"article:publisher\" content=\"https:\/\/www.facebook.com\/SonoraEE\/\" \/>\n<meta property=\"article:author\" content=\"https:\/\/www.facebook.com\/SonoraEE\" \/>\n<meta property=\"article:published_time\" content=\"2021-11-15T01:46:11+00:00\" \/>\n<meta property=\"article:modified_time\" content=\"2021-11-15T15:48:37+00:00\" \/>\n<meta property=\"og:image\" content=\"https:\/\/www.sonoraenequipo.com.mx\/storage\/2021\/11\/icatson.jpg\" \/>\n\t<meta property=\"og:image:width\" content=\"700\" \/>\n\t<meta property=\"og:image:height\" content=\"400\" \/>\n\t<meta property=\"og:image:type\" content=\"image\/jpeg\" \/>\n<meta name=\"author\" content=\"enequipo\" \/>\n<meta name=\"twitter:card\" content=\"summary_large_image\" \/>\n<meta name=\"twitter:creator\" content=\"@sonoraenequipo\" \/>\n<meta name=\"twitter:site\" content=\"@sonoraenequipo\" \/>\n<meta name=\"twitter:label1\" content=\"Escrito por\" \/>\n\t<meta name=\"twitter:data1\" content=\"enequipo\" \/>\n\t<meta name=\"twitter:label2\" content=\"Tiempo de lectura\" \/>\n\t<meta name=\"twitter:data2\" content=\"2 minutos\" \/>\n<script type=\"application\/ld+json\" class=\"yoast-schema-graph\">{\"@context\":\"https:\/\/schema.org\",\"@graph\":[{\"@type\":\"Article\",\"@id\":\"https:\/\/www.sonoraenequipo.com.mx\/acuerdan-icatson-y-alcaldes-relanzar-programa-de-capacitacion-en-beneficio-de-la-poblacion\/#article\",\"isPartOf\":{\"@id\":\"https:\/\/www.sonoraenequipo.com.mx\/acuerdan-icatson-y-alcaldes-relanzar-programa-de-capacitacion-en-beneficio-de-la-poblacion\/\"},\"author\":{\"name\":\"enequipo\",\"@id\":\"https:\/\/www.sonoraenequipo.com.mx\/#\/schema\/person\/50102df0fb23a8fa9e8effad8fa81386\"},\"headline\":\"Acuerdan Icatson y alcaldes relanzar programa de capacitaci\u00f3n en beneficio de la poblaci\u00f3n\",\"datePublished\":\"2021-11-15T01:46:11+00:00\",\"dateModified\":\"2021-11-15T15:48:37+00:00\",\"mainEntityOfPage\":{\"@id\":\"https:\/\/www.sonoraenequipo.com.mx\/acuerdan-icatson-y-alcaldes-relanzar-programa-de-capacitacion-en-beneficio-de-la-poblacion\/\"},\"wordCount\":384,\"commentCount\":0,\"publisher\":{\"@id\":\"https:\/\/www.sonoraenequipo.com.mx\/#organization\"},\"image\":{\"@id\":\"https:\/\/www.sonoraenequipo.com.mx\/acuerdan-icatson-y-alcaldes-relanzar-programa-de-capacitacion-en-beneficio-de-la-poblacion\/#primaryimage\"},\"thumbnailUrl\":\"https:\/\/www.sonoraenequipo.com.mx\/storage\/2021\/11\/icatson.jpg\",\"keywords\":[\"ICATSON\",\"Sonora\"],\"articleSection\":[\"Sonora\"],\"inLanguage\":\"es\",\"potentialAction\":[{\"@type\":\"CommentAction\",\"name\":\"Comment\",\"target\":[\"https:\/\/www.sonoraenequipo.com.mx\/acuerdan-icatson-y-alcaldes-relanzar-programa-de-capacitacion-en-beneficio-de-la-poblacion\/#respond\"]}]},{\"@type\":\"WebPage\",\"@id\":\"https:\/\/www.sonoraenequipo.com.mx\/acuerdan-icatson-y-alcaldes-relanzar-programa-de-capacitacion-en-beneficio-de-la-poblacion\/\",\"url\":\"https:\/\/www.sonoraenequipo.com.mx\/acuerdan-icatson-y-alcaldes-relanzar-programa-de-capacitacion-en-beneficio-de-la-poblacion\/\",\"name\":\"Sonora en Equipo. Acuerdan Icatson y alcaldes relanzar programa de capacitaci\u00f3n en beneficio de la poblaci\u00f3n Sonora\",\"isPartOf\":{\"@id\":\"https:\/\/www.sonoraenequipo.com.mx\/#website\"},\"primaryImageOfPage\":{\"@id\":\"https:\/\/www.sonoraenequipo.com.mx\/acuerdan-icatson-y-alcaldes-relanzar-programa-de-capacitacion-en-beneficio-de-la-poblacion\/#primaryimage\"},\"image\":{\"@id\":\"https:\/\/www.sonoraenequipo.com.mx\/acuerdan-icatson-y-alcaldes-relanzar-programa-de-capacitacion-en-beneficio-de-la-poblacion\/#primaryimage\"},\"thumbnailUrl\":\"https:\/\/www.sonoraenequipo.com.mx\/storage\/2021\/11\/icatson.jpg\",\"datePublished\":\"2021-11-15T01:46:11+00:00\",\"dateModified\":\"2021-11-15T15:48:37+00:00\",\"description\":\"HERMOSILLO, SONORA,MX.\u2500\u2500 Con la representaci\u00f3n del director general del Instituto de Capacitaci\u00f3n para el Trabajo de Sonora (Icatson), Rodolfo Ram\u00edrez En Sonora en Equipo publicamos toda la informaci\u00f3n de Sonora, M\u00e9xico y el Mundo de manera oportuna y busca que la libertad de expresi\u00f3n sea real. Visita nuestro medio informativo publicado desde Hermosillo, Sonora. %\",\"breadcrumb\":{\"@id\":\"https:\/\/www.sonoraenequipo.com.mx\/acuerdan-icatson-y-alcaldes-relanzar-programa-de-capacitacion-en-beneficio-de-la-poblacion\/#breadcrumb\"},\"inLanguage\":\"es\",\"potentialAction\":[{\"@type\":\"ReadAction\",\"target\":[\"https:\/\/www.sonoraenequipo.com.mx\/acuerdan-icatson-y-alcaldes-relanzar-programa-de-capacitacion-en-beneficio-de-la-poblacion\/\"]}]},{\"@type\":\"ImageObject\",\"inLanguage\":\"es\",\"@id\":\"https:\/\/www.sonoraenequipo.com.mx\/acuerdan-icatson-y-alcaldes-relanzar-programa-de-capacitacion-en-beneficio-de-la-poblacion\/#primaryimage\",\"url\":\"https:\/\/www.sonoraenequipo.com.mx\/storage\/2021\/11\/icatson.jpg\",\"contentUrl\":\"https:\/\/www.sonoraenequipo.com.mx\/storage\/2021\/11\/icatson.jpg\",\"width\":700,\"height\":400},{\"@type\":\"BreadcrumbList\",\"@id\":\"https:\/\/www.sonoraenequipo.com.mx\/acuerdan-icatson-y-alcaldes-relanzar-programa-de-capacitacion-en-beneficio-de-la-poblacion\/#breadcrumb\",\"itemListElement\":[{\"@type\":\"ListItem\",\"position\":1,\"name\":\"Portada\",\"item\":\"https:\/\/www.sonoraenequipo.com.mx\/\"},{\"@type\":\"ListItem\",\"position\":2,\"name\":\"Acuerdan Icatson y alcaldes relanzar programa de capacitaci\u00f3n en beneficio de la poblaci\u00f3n\"}]},{\"@type\":\"WebSite\",\"@id\":\"https:\/\/www.sonoraenequipo.com.mx\/#website\",\"url\":\"https:\/\/www.sonoraenequipo.com.mx\/\",\"name\":\"Sonora en Equipo.\",\"description\":\"Diario en l\u00ednea con Noticias desde Hermosillo, Sonora\",\"publisher\":{\"@id\":\"https:\/\/www.sonoraenequipo.com.mx\/#organization\"},\"potentialAction\":[{\"@type\":\"SearchAction\",\"target\":{\"@type\":\"EntryPoint\",\"urlTemplate\":\"https:\/\/www.sonoraenequipo.com.mx\/?s={search_term_string}\"},\"query-input\":{\"@type\":\"PropertyValueSpecification\",\"valueRequired\":true,\"valueName\":\"search_term_string\"}}],\"inLanguage\":\"es\"},{\"@type\":\"Organization\",\"@id\":\"https:\/\/www.sonoraenequipo.com.mx\/#organization\",\"name\":\"Sonoraenequipo.com.mx\",\"url\":\"https:\/\/www.sonoraenequipo.com.mx\/\",\"logo\":{\"@type\":\"ImageObject\",\"inLanguage\":\"es\",\"@id\":\"https:\/\/www.sonoraenequipo.com.mx\/#\/schema\/logo\/image\/\",\"url\":\"https:\/\/www.sonoraenequipo.com.mx\/storage\/2019\/01\/sonoraenequipo_opt.png\",\"contentUrl\":\"https:\/\/www.sonoraenequipo.com.mx\/storage\/2019\/01\/sonoraenequipo_opt.png\",\"width\":375,\"height\":125,\"caption\":\"Sonoraenequipo.com.mx\"},\"image\":{\"@id\":\"https:\/\/www.sonoraenequipo.com.mx\/#\/schema\/logo\/image\/\"},\"sameAs\":[\"https:\/\/www.facebook.com\/SonoraEE\/\",\"https:\/\/x.com\/sonoraenequipo\",\"https:\/\/www.youtube.com\/channel\/UC338nW-lPEYmJQs4ZABQ1SQ\"]},{\"@type\":\"Person\",\"@id\":\"https:\/\/www.sonoraenequipo.com.mx\/#\/schema\/person\/50102df0fb23a8fa9e8effad8fa81386\",\"name\":\"enequipo\",\"image\":{\"@type\":\"ImageObject\",\"inLanguage\":\"es\",\"@id\":\"https:\/\/www.sonoraenequipo.com.mx\/#\/schema\/person\/image\/\",\"url\":\"https:\/\/secure.gravatar.com\/avatar\/049821681b589dabc0bc20695993ccebb09f5b5d4d790cd9251b97faac7c652b?s=96&d=blank&r=g\",\"contentUrl\":\"https:\/\/secure.gravatar.com\/avatar\/049821681b589dabc0bc20695993ccebb09f5b5d4d790cd9251b97faac7c652b?s=96&d=blank&r=g\",\"caption\":\"enequipo\"},\"sameAs\":[\"https:\/\/www.facebook.com\/SonoraEE\"]}]}<\/script>\n ","yoast_head_json":{"title":"Sonora en Equipo. Acuerdan Icatson y alcaldes relanzar programa de capacitaci\u00f3n en beneficio de la poblaci\u00f3n Sonora","description":"HERMOSILLO, SONORA,MX.\u2500\u2500 Con la representaci\u00f3n del director general del Instituto de Capacitaci\u00f3n para el Trabajo de Sonora (Icatson), Rodolfo Ram\u00edrez En Sonora en Equipo publicamos toda la informaci\u00f3n de Sonora, M\u00e9xico y el Mundo de manera oportuna y busca que la libertad de expresi\u00f3n sea real. Visita nuestro medio informativo publicado desde Hermosillo, Sonora. %","robots":{"index":"index","follow":"follow","max-snippet":"max-snippet:-1","max-image-preview":"max-image-preview:large","max-video-preview":"max-video-preview:-1"},"canonical":"https:\/\/www.sonoraenequipo.com.mx\/acuerdan-icatson-y-alcaldes-relanzar-programa-de-capacitacion-en-beneficio-de-la-poblacion\/","og_locale":"es_ES","og_type":"article","og_title":"Sonora en Equipo. Acuerdan Icatson y alcaldes relanzar programa de capacitaci\u00f3n en beneficio de la poblaci\u00f3n Sonora","og_description":"HERMOSILLO, SONORA,MX.\u2500\u2500 Con la representaci\u00f3n del director general del Instituto de Capacitaci\u00f3n para el Trabajo de Sonora (Icatson), Rodolfo Ram\u00edrez En Sonora en Equipo publicamos toda la informaci\u00f3n de Sonora, M\u00e9xico y el Mundo de manera oportuna y busca que la libertad de expresi\u00f3n sea real. Visita nuestro medio informativo publicado desde Hermosillo, Sonora. %","og_url":"https:\/\/www.sonoraenequipo.com.mx\/acuerdan-icatson-y-alcaldes-relanzar-programa-de-capacitacion-en-beneficio-de-la-poblacion\/","og_site_name":"Sonora en Equipo.","article_publisher":"https:\/\/www.facebook.com\/SonoraEE\/","article_author":"https:\/\/www.facebook.com\/SonoraEE","article_published_time":"2021-11-15T01:46:11+00:00","article_modified_time":"2021-11-15T15:48:37+00:00","og_image":[{"width":700,"height":400,"url":"https:\/\/www.sonoraenequipo.com.mx\/storage\/2021\/11\/icatson.jpg","type":"image\/jpeg"}],"author":"enequipo","twitter_card":"summary_large_image","twitter_creator":"@sonoraenequipo","twitter_site":"@sonoraenequipo","twitter_misc":{"Escrito por":"enequipo","Tiempo de lectura":"2 minutos"},"schema":{"@context":"https:\/\/schema.org","@graph":[{"@type":"Article","@id":"https:\/\/www.sonoraenequipo.com.mx\/acuerdan-icatson-y-alcaldes-relanzar-programa-de-capacitacion-en-beneficio-de-la-poblacion\/#article","isPartOf":{"@id":"https:\/\/www.sonoraenequipo.com.mx\/acuerdan-icatson-y-alcaldes-relanzar-programa-de-capacitacion-en-beneficio-de-la-poblacion\/"},"author":{"name":"enequipo","@id":"https:\/\/www.sonoraenequipo.com.mx\/#\/schema\/person\/50102df0fb23a8fa9e8effad8fa81386"},"headline":"Acuerdan Icatson y alcaldes relanzar programa de capacitaci\u00f3n en beneficio de la poblaci\u00f3n","datePublished":"2021-11-15T01:46:11+00:00","dateModified":"2021-11-15T15:48:37+00:00","mainEntityOfPage":{"@id":"https:\/\/www.sonoraenequipo.com.mx\/acuerdan-icatson-y-alcaldes-relanzar-programa-de-capacitacion-en-beneficio-de-la-poblacion\/"},"wordCount":384,"commentCount":0,"publisher":{"@id":"https:\/\/www.sonoraenequipo.com.mx\/#organization"},"image":{"@id":"https:\/\/www.sonoraenequipo.com.mx\/acuerdan-icatson-y-alcaldes-relanzar-programa-de-capacitacion-en-beneficio-de-la-poblacion\/#primaryimage"},"thumbnailUrl":"https:\/\/www.sonoraenequipo.com.mx\/storage\/2021\/11\/icatson.jpg","keywords":["ICATSON","Sonora"],"articleSection":["Sonora"],"inLanguage":"es","potentialAction":[{"@type":"CommentAction","name":"Comment","target":["https:\/\/www.sonoraenequipo.com.mx\/acuerdan-icatson-y-alcaldes-relanzar-programa-de-capacitacion-en-beneficio-de-la-poblacion\/#respond"]}]},{"@type":"WebPage","@id":"https:\/\/www.sonoraenequipo.com.mx\/acuerdan-icatson-y-alcaldes-relanzar-programa-de-capacitacion-en-beneficio-de-la-poblacion\/","url":"https:\/\/www.sonoraenequipo.com.mx\/acuerdan-icatson-y-alcaldes-relanzar-programa-de-capacitacion-en-beneficio-de-la-poblacion\/","name":"Sonora en Equipo. Acuerdan Icatson y alcaldes relanzar programa de capacitaci\u00f3n en beneficio de la poblaci\u00f3n Sonora","isPartOf":{"@id":"https:\/\/www.sonoraenequipo.com.mx\/#website"},"primaryImageOfPage":{"@id":"https:\/\/www.sonoraenequipo.com.mx\/acuerdan-icatson-y-alcaldes-relanzar-programa-de-capacitacion-en-beneficio-de-la-poblacion\/#primaryimage"},"image":{"@id":"https:\/\/www.sonoraenequipo.com.mx\/acuerdan-icatson-y-alcaldes-relanzar-programa-de-capacitacion-en-beneficio-de-la-poblacion\/#primaryimage"},"thumbnailUrl":"https:\/\/www.sonoraenequipo.com.mx\/storage\/2021\/11\/icatson.jpg","datePublished":"2021-11-15T01:46:11+00:00","dateModified":"2021-11-15T15:48:37+00:00","description":"HERMOSILLO, SONORA,MX.\u2500\u2500 Con la representaci\u00f3n del director general del Instituto de Capacitaci\u00f3n para el Trabajo de Sonora (Icatson), Rodolfo Ram\u00edrez En Sonora en Equipo publicamos toda la informaci\u00f3n de Sonora, M\u00e9xico y el Mundo de manera oportuna y busca que la libertad de expresi\u00f3n sea real. Visita nuestro medio informativo publicado desde Hermosillo, Sonora. %","breadcrumb":{"@id":"https:\/\/www.sonoraenequipo.com.mx\/acuerdan-icatson-y-alcaldes-relanzar-programa-de-capacitacion-en-beneficio-de-la-poblacion\/#breadcrumb"},"inLanguage":"es","potentialAction":[{"@type":"ReadAction","target":["https:\/\/www.sonoraenequipo.com.mx\/acuerdan-icatson-y-alcaldes-relanzar-programa-de-capacitacion-en-beneficio-de-la-poblacion\/"]}]},{"@type":"ImageObject","inLanguage":"es","@id":"https:\/\/www.sonoraenequipo.com.mx\/acuerdan-icatson-y-alcaldes-relanzar-programa-de-capacitacion-en-beneficio-de-la-poblacion\/#primaryimage","url":"https:\/\/www.sonoraenequipo.com.mx\/storage\/2021\/11\/icatson.jpg","contentUrl":"https:\/\/www.sonoraenequipo.com.mx\/storage\/2021\/11\/icatson.jpg","width":700,"height":400},{"@type":"BreadcrumbList","@id":"https:\/\/www.sonoraenequipo.com.mx\/acuerdan-icatson-y-alcaldes-relanzar-programa-de-capacitacion-en-beneficio-de-la-poblacion\/#breadcrumb","itemListElement":[{"@type":"ListItem","position":1,"name":"Portada","item":"https:\/\/www.sonoraenequipo.com.mx\/"},{"@type":"ListItem","position":2,"name":"Acuerdan Icatson y alcaldes relanzar programa de capacitaci\u00f3n en beneficio de la poblaci\u00f3n"}]},{"@type":"WebSite","@id":"https:\/\/www.sonoraenequipo.com.mx\/#website","url":"https:\/\/www.sonoraenequipo.com.mx\/","name":"Sonora en Equipo.","description":"Diario en l\u00ednea con Noticias desde Hermosillo, Sonora","publisher":{"@id":"https:\/\/www.sonoraenequipo.com.mx\/#organization"},"potentialAction":[{"@type":"SearchAction","target":{"@type":"EntryPoint","urlTemplate":"https:\/\/www.sonoraenequipo.com.mx\/?s={search_term_string}"},"query-input":{"@type":"PropertyValueSpecification","valueRequired":true,"valueName":"search_term_string"}}],"inLanguage":"es"},{"@type":"Organization","@id":"https:\/\/www.sonoraenequipo.com.mx\/#organization","name":"Sonoraenequipo.com.mx","url":"https:\/\/www.sonoraenequipo.com.mx\/","logo":{"@type":"ImageObject","inLanguage":"es","@id":"https:\/\/www.sonoraenequipo.com.mx\/#\/schema\/logo\/image\/","url":"https:\/\/www.sonoraenequipo.com.mx\/storage\/2019\/01\/sonoraenequipo_opt.png","contentUrl":"https:\/\/www.sonoraenequipo.com.mx\/storage\/2019\/01\/sonoraenequipo_opt.png","width":375,"height":125,"caption":"Sonoraenequipo.com.mx"},"image":{"@id":"https:\/\/www.sonoraenequipo.com.mx\/#\/schema\/logo\/image\/"},"sameAs":["https:\/\/www.facebook.com\/SonoraEE\/","https:\/\/x.com\/sonoraenequipo","https:\/\/www.youtube.com\/channel\/UC338nW-lPEYmJQs4ZABQ1SQ"]},{"@type":"Person","@id":"https:\/\/www.sonoraenequipo.com.mx\/#\/schema\/person\/50102df0fb23a8fa9e8effad8fa81386","name":"enequipo","image":{"@type":"ImageObject","inLanguage":"es","@id":"https:\/\/www.sonoraenequipo.com.mx\/#\/schema\/person\/image\/","url":"https:\/\/secure.gravatar.com\/avatar\/049821681b589dabc0bc20695993ccebb09f5b5d4d790cd9251b97faac7c652b?s=96&d=blank&r=g","contentUrl":"https:\/\/secure.gravatar.com\/avatar\/049821681b589dabc0bc20695993ccebb09f5b5d4d790cd9251b97faac7c652b?s=96&d=blank&r=g","caption":"enequipo"},"sameAs":["https:\/\/www.facebook.com\/SonoraEE"]}]}},"jetpack_featured_media_url":"https:\/\/www.sonoraenequipo.com.mx\/storage\/2021\/11\/icatson.jpg","_links":{"self":[{"href":"https:\/\/www.sonoraenequipo.com.mx\/api\/wp\/v2\/posts\/127451","targetHints":{"allow":["GET"]}}],"collection":[{"href":"https:\/\/www.sonoraenequipo.com.mx\/api\/wp\/v2\/posts"}],"about":[{"href":"https:\/\/www.sonoraenequipo.com.mx\/api\/wp\/v2\/types\/post"}],"author":[{"embeddable":true,"href":"https:\/\/www.sonoraenequipo.com.mx\/api\/wp\/v2\/users\/1"}],"replies":[{"embeddable":true,"href":"https:\/\/www.sonoraenequipo.com.mx\/api\/wp\/v2\/comments?post=127451"}],"version-history":[{"count":1,"href":"https:\/\/www.sonoraenequipo.com.mx\/api\/wp\/v2\/posts\/127451\/revisions"}],"predecessor-version":[{"id":127453,"href":"https:\/\/www.sonoraenequipo.com.mx\/api\/wp\/v2\/posts\/127451\/revisions\/127453"}],"wp:featuredmedia":[{"embeddable":true,"href":"https:\/\/www.sonoraenequipo.com.mx\/api\/wp\/v2\/media\/127452"}],"wp:attachment":[{"href":"https:\/\/www.sonoraenequipo.com.mx\/api\/wp\/v2\/media?parent=127451"}],"wp:term":[{"taxonomy":"category","embeddable":true,"href":"https:\/\/www.sonoraenequipo.com.mx\/api\/wp\/v2\/categories?post=127451"},{"taxonomy":"post_tag","embeddable":true,"href":"https:\/\/www.sonoraenequipo.com.mx\/api\/wp\/v2\/tags?post=127451"}],"curies":[{"name":"wp","href":"https:\/\/api.w.org\/{rel}","templated":true}]}}