{"id":127617,"date":"2021-11-16T20:00:35","date_gmt":"2021-11-17T03:00:35","guid":{"rendered":"https:\/\/www.sonoraenequipo.com.mx\/?p=127617"},"modified":"2021-11-17T09:19:32","modified_gmt":"2021-11-17T16:19:32","slug":"tenemos-en-la-region-un-coctel-de-factores-que-favorecen-el-desarrollo-del-cancer","status":"publish","type":"post","link":"https:\/\/www.sonoraenequipo.com.mx\/tenemos-en-la-region-un-coctel-de-factores-que-favorecen-el-desarrollo-del-cancer\/","title":{"rendered":"Tenemos en la regi\u00f3n un c\u00f3ctel de factores que favorecen el desarrollo del c\u00e1ncer"},"content":{"rendered":"<p>HERMOSILLO, SONORA. MX. \u2014 El F\u00edsico M\u00e9dico tiene la responsabilidad social de trabajar con otras disciplinas para responder a la sociedad con nuevos conocimientos en la detecci\u00f3n, diagn\u00f3stico, monitoreo y tratamiento de enfermedades importantes como lo es el c\u00e1ncer, consider\u00f3 la investigadora Aracely Angulo Molina.<\/p>\n<p>&nbsp;<\/p>\n<p> <\/p>\n<p>&nbsp;<\/p>\n<p>Al referirse a las estad\u00edsticas que se tienen sobre este padecimiento, dijo que es alarmante que cada d\u00eda se registren 18 millones de nuevos casos en el mundo, y m\u00e1s en nuestra regi\u00f3n \u201cdonde tenemos un c\u00f3ctel de factores que favorecen el desarrollo de esta enfermedad y sus variantes.<\/p>\n<p>&nbsp;<\/p>\n<p>En reciente charla acerca de Biolog\u00eda del c\u00e1ncer, en el marco de la conmemoraci\u00f3n del D\u00eda del F\u00edsico M\u00e9xico, la acad\u00e9mica de la Universidad de Sonora destac\u00f3 que es muy importante trabajar en el \u00e1rea de la f\u00edsica m\u00e9dica en el c\u00e1ncer con otras disciplinas.<\/p>\n<p>&nbsp;<\/p>\n<p>Se\u00f1al\u00f3 que el c\u00e1ncer de mama es preponderante y ahora, hasta los hombres lo llegan a padecer e indic\u00f3 que los n\u00fameros indican que la mayor parte de las muertes por c\u00e1ncer en hombres es, primero, de pr\u00f3stata y en segundo lugar, de pulm\u00f3n, mientras que para las mujeres los n\u00fameros indican que la primera causa de muerte por c\u00e1ncer es el de pulm\u00f3n seguido del c\u00e1ncer de mama.<\/p>\n<p>&nbsp;<\/p>\n<p>Angulo Molina estableci\u00f3 que es muy importante que se investigue el c\u00e1ncer por parte de la f\u00edsica m\u00e9dica pues el c\u00e1ncer, los tumores son como un monstruo, como un ser independiente que est\u00e1 dentro del individuo y lo puede controlar cuando el sistema inmunol\u00f3gico no act\u00faa o lo sobrepasa.<\/p>\n<p>&nbsp;<\/p>\n<p><em>\u201cQu\u00e9 es el c\u00e1ncer, realmente no se sabe qu\u00e9 es, pero s\u00f3lo de o\u00edrlo se siente feo\u201d,<\/em> expres\u00f3 la investigadora al explicar que existen tumores, o c\u00e1nceres benignos y malignos, siendo estos \u00faltimos los que tienen un comportamiento invasor al crecer de manera descontrolada.<\/p>\n<p>&nbsp;<\/p>\n<p><em><img loading=\"lazy\" decoding=\"async\" class=\"size-full  x-right\" src=\"https:\/\/www.sonoraenequipo.com.mx\/storage\/2021\/11\/Dra_opt.jpg\" alt=\"\" width=\"500\" height=\"313\" \/>\u201cLo peor es que le gusta pasar de un \u00e1rea a otras y en su camino da\u00f1a otras \u00e1reas, otros \u00f3rganos como el cerebro, los huesos, pulmones, mama y otros. La c\u00e9lula comienza a multiplicarse, ocupa m\u00e1s espacio y genera el tumor\u201d,<\/em> a\u00f1adi\u00f3.<\/p>\n<p>&nbsp;<\/p>\n<p>Explic\u00f3 que, en este proceso, las c\u00e9lulas comienzan a moverse y aprenden a migrar, adem\u00e1s de generar mutaciones generando m\u00e1s cambios en las c\u00e9lulas que no deben moverse. El tumor genera una serie de mutaciones y a su vez provoca cambios en las c\u00e9lulas que no sab\u00edan cambiarse de lugar y comienzan a hacerlo.<\/p>\n<p>&nbsp;<\/p>\n<p><em>\u201cOtra caracter\u00edstica de las c\u00e9lulas tumorales es que aprenden a generar nuevos lazos sangu\u00edneos porque necesitan crecer y por eso requieren m\u00e1s nutrientes que nunca son suficientes.<\/em><\/p>\n<p>&nbsp;<\/p>\n<p>&nbsp;<\/p>\n<p><em>\u201cTienen que generar nuevos vasos, caminos, v\u00edas y por eso empieza el fen\u00f3meno de nuevos tumores. Las c\u00e9lulas aprenden a migrar, cuando ya se establece en un lugar hay una met\u00e1stasis donde ya puede crecer de forma independiente, pero en realidad es un nuevo crecimiento\u201d,<\/em> detall\u00f3.<\/p>\n<p>&nbsp;<\/p>\n<p>Aracely Angulo dijo a los j\u00f3venes estudiantes de la Licenciatura en F\u00edsica M\u00e9dica de la Unison que no se asustaran, porque ellos son quienes nos van a ayudar trabajando en la investigaci\u00f3n de esta enfermedad.<\/p>\n<p>&nbsp;<\/p>\n<p>La investigadora retom\u00f3 el tema del covid-19 y dijo que \u00e9ste suele atacar el cuerpo cuando el sistema inmunol\u00f3gico baja su nivel de protecci\u00f3n y le gana la cantidad de virus que le llegan.<\/p>\n<p>&nbsp;<\/p>\n<p>A\u00f1adi\u00f3 que la ingesta de hormonas de crecimiento que utilizan normalmente muchos j\u00f3venes deportistas tambi\u00e9n aumenta las posibilidades de padecer c\u00e1ncer, pues las c\u00e9lulas tumorales aprovechan el exceso de estas hormonas para establecerse y crecer en el organismo.<\/p>\n<p>&nbsp;<\/p>\n<h3>Otra pandemia: la obesidad<\/h3>\n<p>&nbsp;<\/p>\n<p>Angulo Molina dijo en su exposici\u00f3n que el c\u00e1ncer ha sido uno de las primeras causas que complican e incrementan la mortalidad en pacientes con covid, pero poco se ha hablado del efecto que tiene en estos padecimientos la obesidad.<\/p>\n<p>&nbsp;<\/p>\n<p>Se observa que la persona que padece alg\u00fan tipo de c\u00e1ncer tiende a bajar de peso, pero en el caso de c\u00e1ncer de mama la situaci\u00f3n es lo contrario, pues el tratamiento induce al organismo a ganar peso y este factor se asocia en un 30% a la causa de mortalidad.<\/p>\n<p>&nbsp;<\/p>\n<p><em>\u201cY qu\u00e9 tiene que ver con la f\u00edsica m\u00e9dica,\u00a0 \u2014 pregunt\u00f3\u2014 , pues que la grasa de la obesidad tiene la caracter\u00edstica de producir m\u00e1s estr\u00f3geno y es un factor de crecimiento de los tumores\u201d,<\/em> estableci\u00f3 al se\u00f1alar que el exceso de grasa en el cuerpo afecta otras funciones como la movilidad, la temperatura del cuerpo y el metabolismo.<\/p>\n<p>&nbsp;<\/p>\n<p><em>\u201cAnte estas situaciones, todos, desde nuestra trinchera, debemos trabajar para buscar las alternativas para un mejor, diagn\u00f3stico, monitoreo y tratamiento de esta y otras enfermedades, y qu\u00e9 tenemos qu\u00e9 hacer, investigar y ver otras formas de abordar el c\u00e1ncer o a los pacientes con c\u00e1ncer.<\/em><\/p>\n<p>&nbsp;<\/p>\n<p><em>\u201ctenemos que aplicar nuestra responsabilidad social y no manejar al paciente s\u00f3lo como un n\u00famero m\u00e1s; tengo la obligaci\u00f3n de hacer m\u00e1s porque estudi\u00e9, o estoy estudiando F\u00edsica M\u00e9dica\u201d,<\/em> argument\u00f3 y advirti\u00f3 que el trabajo de los profesionistas de esta rama va a impactar en la vida de los pacientes con cualquier tipo de c\u00e1ncer<\/p>\n<p>&nbsp;<\/p>\n<p>(Publicada el 16\/11\/2021<\/p>\n","protected":false},"excerpt":{"rendered":"<p>HERMOSILLO, SONORA. MX. \u2014 El F\u00edsico M\u00e9dico tiene la responsabilidad social de trabajar con otras&#8230;<\/p>\n","protected":false},"author":1,"featured_media":127618,"comment_status":"open","ping_status":"open","sticky":false,"template":"","format":"standard","meta":{"_monsterinsights_skip_tracking":false,"_monsterinsights_sitenote_active":false,"_monsterinsights_sitenote_note":"","_monsterinsights_sitenote_category":0,"footnotes":""},"categories":[2216],"tags":[],"class_list":["post"],"yoast_head":" \n<title>Sonora en Equipo. Tenemos en la regi\u00f3n un c\u00f3ctel de factores que favorecen el desarrollo del c\u00e1ncer Ciencia y Tecnolog\u00eda<\/title>\n<meta name=\"description\" content=\"HERMOSILLO, SONORA. MX. \u2014 El F\u00edsico M\u00e9dico tiene la responsabilidad social de trabajar con otras disciplinas para responder a la sociedad con nuevos En Sonora en Equipo publicamos toda la informaci\u00f3n de Sonora, M\u00e9xico y el Mundo de manera oportuna y busca que la libertad de expresi\u00f3n sea real. Visita nuestro medio informativo publicado desde Hermosillo, Sonora. %\" \/>\n<meta name=\"robots\" content=\"index, follow, max-snippet:-1, max-image-preview:large, max-video-preview:-1\" \/>\n<link rel=\"canonical\" href=\"https:\/\/www.sonoraenequipo.com.mx\/tenemos-en-la-region-un-coctel-de-factores-que-favorecen-el-desarrollo-del-cancer\/\" \/>\n<meta property=\"og:locale\" content=\"es_ES\" \/>\n<meta property=\"og:type\" content=\"article\" \/>\n<meta property=\"og:title\" content=\"Sonora en Equipo. Tenemos en la regi\u00f3n un c\u00f3ctel de factores que favorecen el desarrollo del c\u00e1ncer Ciencia y Tecnolog\u00eda\" \/>\n<meta property=\"og:description\" content=\"HERMOSILLO, SONORA. MX. \u2014 El F\u00edsico M\u00e9dico tiene la responsabilidad social de trabajar con otras disciplinas para responder a la sociedad con nuevos En Sonora en Equipo publicamos toda la informaci\u00f3n de Sonora, M\u00e9xico y el Mundo de manera oportuna y busca que la libertad de expresi\u00f3n sea real. Visita nuestro medio informativo publicado desde Hermosillo, Sonora. %\" \/>\n<meta property=\"og:url\" content=\"https:\/\/www.sonoraenequipo.com.mx\/tenemos-en-la-region-un-coctel-de-factores-que-favorecen-el-desarrollo-del-cancer\/\" \/>\n<meta property=\"og:site_name\" content=\"Sonora en Equipo.\" \/>\n<meta property=\"article:publisher\" content=\"https:\/\/www.facebook.com\/SonoraEE\/\" \/>\n<meta property=\"article:author\" content=\"https:\/\/www.facebook.com\/SonoraEE\" \/>\n<meta property=\"article:published_time\" content=\"2021-11-17T03:00:35+00:00\" \/>\n<meta property=\"article:modified_time\" content=\"2021-11-17T16:19:32+00:00\" \/>\n<meta property=\"og:image\" content=\"https:\/\/www.sonoraenequipo.com.mx\/storage\/2021\/11\/cancer-y-fisicos-medicos_opt.jpg\" \/>\n\t<meta property=\"og:image:width\" content=\"700\" \/>\n\t<meta property=\"og:image:height\" content=\"400\" \/>\n\t<meta property=\"og:image:type\" content=\"image\/jpeg\" \/>\n<meta name=\"author\" content=\"enequipo\" \/>\n<meta name=\"twitter:card\" content=\"summary_large_image\" \/>\n<meta name=\"twitter:creator\" content=\"@sonoraenequipo\" \/>\n<meta name=\"twitter:site\" content=\"@sonoraenequipo\" \/>\n<meta name=\"twitter:label1\" content=\"Escrito por\" \/>\n\t<meta name=\"twitter:data1\" content=\"enequipo\" \/>\n\t<meta name=\"twitter:label2\" content=\"Tiempo de lectura\" \/>\n\t<meta name=\"twitter:data2\" content=\"4 minutos\" \/>\n<script type=\"application\/ld+json\" class=\"yoast-schema-graph\">{\"@context\":\"https:\/\/schema.org\",\"@graph\":[{\"@type\":\"Article\",\"@id\":\"https:\/\/www.sonoraenequipo.com.mx\/tenemos-en-la-region-un-coctel-de-factores-que-favorecen-el-desarrollo-del-cancer\/#article\",\"isPartOf\":{\"@id\":\"https:\/\/www.sonoraenequipo.com.mx\/tenemos-en-la-region-un-coctel-de-factores-que-favorecen-el-desarrollo-del-cancer\/\"},\"author\":{\"name\":\"enequipo\",\"@id\":\"https:\/\/www.sonoraenequipo.com.mx\/#\/schema\/person\/50102df0fb23a8fa9e8effad8fa81386\"},\"headline\":\"Tenemos en la regi\u00f3n un c\u00f3ctel de factores que favorecen el desarrollo del c\u00e1ncer\",\"datePublished\":\"2021-11-17T03:00:35+00:00\",\"dateModified\":\"2021-11-17T16:19:32+00:00\",\"mainEntityOfPage\":{\"@id\":\"https:\/\/www.sonoraenequipo.com.mx\/tenemos-en-la-region-un-coctel-de-factores-que-favorecen-el-desarrollo-del-cancer\/\"},\"wordCount\":959,\"commentCount\":0,\"publisher\":{\"@id\":\"https:\/\/www.sonoraenequipo.com.mx\/#organization\"},\"image\":{\"@id\":\"https:\/\/www.sonoraenequipo.com.mx\/tenemos-en-la-region-un-coctel-de-factores-que-favorecen-el-desarrollo-del-cancer\/#primaryimage\"},\"thumbnailUrl\":\"https:\/\/www.sonoraenequipo.com.mx\/storage\/2021\/11\/cancer-y-fisicos-medicos_opt.jpg\",\"articleSection\":[\"Ciencia y Tecnolog\u00eda\"],\"inLanguage\":\"es\",\"potentialAction\":[{\"@type\":\"CommentAction\",\"name\":\"Comment\",\"target\":[\"https:\/\/www.sonoraenequipo.com.mx\/tenemos-en-la-region-un-coctel-de-factores-que-favorecen-el-desarrollo-del-cancer\/#respond\"]}]},{\"@type\":\"WebPage\",\"@id\":\"https:\/\/www.sonoraenequipo.com.mx\/tenemos-en-la-region-un-coctel-de-factores-que-favorecen-el-desarrollo-del-cancer\/\",\"url\":\"https:\/\/www.sonoraenequipo.com.mx\/tenemos-en-la-region-un-coctel-de-factores-que-favorecen-el-desarrollo-del-cancer\/\",\"name\":\"Sonora en Equipo. Tenemos en la regi\u00f3n un c\u00f3ctel de factores que favorecen el desarrollo del c\u00e1ncer Ciencia y Tecnolog\u00eda\",\"isPartOf\":{\"@id\":\"https:\/\/www.sonoraenequipo.com.mx\/#website\"},\"primaryImageOfPage\":{\"@id\":\"https:\/\/www.sonoraenequipo.com.mx\/tenemos-en-la-region-un-coctel-de-factores-que-favorecen-el-desarrollo-del-cancer\/#primaryimage\"},\"image\":{\"@id\":\"https:\/\/www.sonoraenequipo.com.mx\/tenemos-en-la-region-un-coctel-de-factores-que-favorecen-el-desarrollo-del-cancer\/#primaryimage\"},\"thumbnailUrl\":\"https:\/\/www.sonoraenequipo.com.mx\/storage\/2021\/11\/cancer-y-fisicos-medicos_opt.jpg\",\"datePublished\":\"2021-11-17T03:00:35+00:00\",\"dateModified\":\"2021-11-17T16:19:32+00:00\",\"description\":\"HERMOSILLO, SONORA. MX. \u2014 El F\u00edsico M\u00e9dico tiene la responsabilidad social de trabajar con otras disciplinas para responder a la sociedad con nuevos En Sonora en Equipo publicamos toda la informaci\u00f3n de Sonora, M\u00e9xico y el Mundo de manera oportuna y busca que la libertad de expresi\u00f3n sea real. Visita nuestro medio informativo publicado desde Hermosillo, Sonora. %\",\"breadcrumb\":{\"@id\":\"https:\/\/www.sonoraenequipo.com.mx\/tenemos-en-la-region-un-coctel-de-factores-que-favorecen-el-desarrollo-del-cancer\/#breadcrumb\"},\"inLanguage\":\"es\",\"potentialAction\":[{\"@type\":\"ReadAction\",\"target\":[\"https:\/\/www.sonoraenequipo.com.mx\/tenemos-en-la-region-un-coctel-de-factores-que-favorecen-el-desarrollo-del-cancer\/\"]}]},{\"@type\":\"ImageObject\",\"inLanguage\":\"es\",\"@id\":\"https:\/\/www.sonoraenequipo.com.mx\/tenemos-en-la-region-un-coctel-de-factores-que-favorecen-el-desarrollo-del-cancer\/#primaryimage\",\"url\":\"https:\/\/www.sonoraenequipo.com.mx\/storage\/2021\/11\/cancer-y-fisicos-medicos_opt.jpg\",\"contentUrl\":\"https:\/\/www.sonoraenequipo.com.mx\/storage\/2021\/11\/cancer-y-fisicos-medicos_opt.jpg\",\"width\":700,\"height\":400},{\"@type\":\"BreadcrumbList\",\"@id\":\"https:\/\/www.sonoraenequipo.com.mx\/tenemos-en-la-region-un-coctel-de-factores-que-favorecen-el-desarrollo-del-cancer\/#breadcrumb\",\"itemListElement\":[{\"@type\":\"ListItem\",\"position\":1,\"name\":\"Portada\",\"item\":\"https:\/\/www.sonoraenequipo.com.mx\/\"},{\"@type\":\"ListItem\",\"position\":2,\"name\":\"Tenemos en la regi\u00f3n un c\u00f3ctel de factores que favorecen el desarrollo del c\u00e1ncer\"}]},{\"@type\":\"WebSite\",\"@id\":\"https:\/\/www.sonoraenequipo.com.mx\/#website\",\"url\":\"https:\/\/www.sonoraenequipo.com.mx\/\",\"name\":\"Sonora en Equipo.\",\"description\":\"Diario en l\u00ednea con Noticias desde Hermosillo, Sonora\",\"publisher\":{\"@id\":\"https:\/\/www.sonoraenequipo.com.mx\/#organization\"},\"potentialAction\":[{\"@type\":\"SearchAction\",\"target\":{\"@type\":\"EntryPoint\",\"urlTemplate\":\"https:\/\/www.sonoraenequipo.com.mx\/?s={search_term_string}\"},\"query-input\":{\"@type\":\"PropertyValueSpecification\",\"valueRequired\":true,\"valueName\":\"search_term_string\"}}],\"inLanguage\":\"es\"},{\"@type\":\"Organization\",\"@id\":\"https:\/\/www.sonoraenequipo.com.mx\/#organization\",\"name\":\"Sonoraenequipo.com.mx\",\"url\":\"https:\/\/www.sonoraenequipo.com.mx\/\",\"logo\":{\"@type\":\"ImageObject\",\"inLanguage\":\"es\",\"@id\":\"https:\/\/www.sonoraenequipo.com.mx\/#\/schema\/logo\/image\/\",\"url\":\"https:\/\/www.sonoraenequipo.com.mx\/storage\/2019\/01\/sonoraenequipo_opt.png\",\"contentUrl\":\"https:\/\/www.sonoraenequipo.com.mx\/storage\/2019\/01\/sonoraenequipo_opt.png\",\"width\":375,\"height\":125,\"caption\":\"Sonoraenequipo.com.mx\"},\"image\":{\"@id\":\"https:\/\/www.sonoraenequipo.com.mx\/#\/schema\/logo\/image\/\"},\"sameAs\":[\"https:\/\/www.facebook.com\/SonoraEE\/\",\"https:\/\/x.com\/sonoraenequipo\",\"https:\/\/www.youtube.com\/channel\/UC338nW-lPEYmJQs4ZABQ1SQ\"]},{\"@type\":\"Person\",\"@id\":\"https:\/\/www.sonoraenequipo.com.mx\/#\/schema\/person\/50102df0fb23a8fa9e8effad8fa81386\",\"name\":\"enequipo\",\"image\":{\"@type\":\"ImageObject\",\"inLanguage\":\"es\",\"@id\":\"https:\/\/www.sonoraenequipo.com.mx\/#\/schema\/person\/image\/\",\"url\":\"https:\/\/secure.gravatar.com\/avatar\/049821681b589dabc0bc20695993ccebb09f5b5d4d790cd9251b97faac7c652b?s=96&d=blank&r=g\",\"contentUrl\":\"https:\/\/secure.gravatar.com\/avatar\/049821681b589dabc0bc20695993ccebb09f5b5d4d790cd9251b97faac7c652b?s=96&d=blank&r=g\",\"caption\":\"enequipo\"},\"sameAs\":[\"https:\/\/www.facebook.com\/SonoraEE\"]}]}<\/script>\n ","yoast_head_json":{"title":"Sonora en Equipo. Tenemos en la regi\u00f3n un c\u00f3ctel de factores que favorecen el desarrollo del c\u00e1ncer Ciencia y Tecnolog\u00eda","description":"HERMOSILLO, SONORA. MX. \u2014 El F\u00edsico M\u00e9dico tiene la responsabilidad social de trabajar con otras disciplinas para responder a la sociedad con nuevos En Sonora en Equipo publicamos toda la informaci\u00f3n de Sonora, M\u00e9xico y el Mundo de manera oportuna y busca que la libertad de expresi\u00f3n sea real. Visita nuestro medio informativo publicado desde Hermosillo, Sonora. %","robots":{"index":"index","follow":"follow","max-snippet":"max-snippet:-1","max-image-preview":"max-image-preview:large","max-video-preview":"max-video-preview:-1"},"canonical":"https:\/\/www.sonoraenequipo.com.mx\/tenemos-en-la-region-un-coctel-de-factores-que-favorecen-el-desarrollo-del-cancer\/","og_locale":"es_ES","og_type":"article","og_title":"Sonora en Equipo. Tenemos en la regi\u00f3n un c\u00f3ctel de factores que favorecen el desarrollo del c\u00e1ncer Ciencia y Tecnolog\u00eda","og_description":"HERMOSILLO, SONORA. MX. \u2014 El F\u00edsico M\u00e9dico tiene la responsabilidad social de trabajar con otras disciplinas para responder a la sociedad con nuevos En Sonora en Equipo publicamos toda la informaci\u00f3n de Sonora, M\u00e9xico y el Mundo de manera oportuna y busca que la libertad de expresi\u00f3n sea real. Visita nuestro medio informativo publicado desde Hermosillo, Sonora. %","og_url":"https:\/\/www.sonoraenequipo.com.mx\/tenemos-en-la-region-un-coctel-de-factores-que-favorecen-el-desarrollo-del-cancer\/","og_site_name":"Sonora en Equipo.","article_publisher":"https:\/\/www.facebook.com\/SonoraEE\/","article_author":"https:\/\/www.facebook.com\/SonoraEE","article_published_time":"2021-11-17T03:00:35+00:00","article_modified_time":"2021-11-17T16:19:32+00:00","og_image":[{"width":700,"height":400,"url":"https:\/\/www.sonoraenequipo.com.mx\/storage\/2021\/11\/cancer-y-fisicos-medicos_opt.jpg","type":"image\/jpeg"}],"author":"enequipo","twitter_card":"summary_large_image","twitter_creator":"@sonoraenequipo","twitter_site":"@sonoraenequipo","twitter_misc":{"Escrito por":"enequipo","Tiempo de lectura":"4 minutos"},"schema":{"@context":"https:\/\/schema.org","@graph":[{"@type":"Article","@id":"https:\/\/www.sonoraenequipo.com.mx\/tenemos-en-la-region-un-coctel-de-factores-que-favorecen-el-desarrollo-del-cancer\/#article","isPartOf":{"@id":"https:\/\/www.sonoraenequipo.com.mx\/tenemos-en-la-region-un-coctel-de-factores-que-favorecen-el-desarrollo-del-cancer\/"},"author":{"name":"enequipo","@id":"https:\/\/www.sonoraenequipo.com.mx\/#\/schema\/person\/50102df0fb23a8fa9e8effad8fa81386"},"headline":"Tenemos en la regi\u00f3n un c\u00f3ctel de factores que favorecen el desarrollo del c\u00e1ncer","datePublished":"2021-11-17T03:00:35+00:00","dateModified":"2021-11-17T16:19:32+00:00","mainEntityOfPage":{"@id":"https:\/\/www.sonoraenequipo.com.mx\/tenemos-en-la-region-un-coctel-de-factores-que-favorecen-el-desarrollo-del-cancer\/"},"wordCount":959,"commentCount":0,"publisher":{"@id":"https:\/\/www.sonoraenequipo.com.mx\/#organization"},"image":{"@id":"https:\/\/www.sonoraenequipo.com.mx\/tenemos-en-la-region-un-coctel-de-factores-que-favorecen-el-desarrollo-del-cancer\/#primaryimage"},"thumbnailUrl":"https:\/\/www.sonoraenequipo.com.mx\/storage\/2021\/11\/cancer-y-fisicos-medicos_opt.jpg","articleSection":["Ciencia y Tecnolog\u00eda"],"inLanguage":"es","potentialAction":[{"@type":"CommentAction","name":"Comment","target":["https:\/\/www.sonoraenequipo.com.mx\/tenemos-en-la-region-un-coctel-de-factores-que-favorecen-el-desarrollo-del-cancer\/#respond"]}]},{"@type":"WebPage","@id":"https:\/\/www.sonoraenequipo.com.mx\/tenemos-en-la-region-un-coctel-de-factores-que-favorecen-el-desarrollo-del-cancer\/","url":"https:\/\/www.sonoraenequipo.com.mx\/tenemos-en-la-region-un-coctel-de-factores-que-favorecen-el-desarrollo-del-cancer\/","name":"Sonora en Equipo. Tenemos en la regi\u00f3n un c\u00f3ctel de factores que favorecen el desarrollo del c\u00e1ncer Ciencia y Tecnolog\u00eda","isPartOf":{"@id":"https:\/\/www.sonoraenequipo.com.mx\/#website"},"primaryImageOfPage":{"@id":"https:\/\/www.sonoraenequipo.com.mx\/tenemos-en-la-region-un-coctel-de-factores-que-favorecen-el-desarrollo-del-cancer\/#primaryimage"},"image":{"@id":"https:\/\/www.sonoraenequipo.com.mx\/tenemos-en-la-region-un-coctel-de-factores-que-favorecen-el-desarrollo-del-cancer\/#primaryimage"},"thumbnailUrl":"https:\/\/www.sonoraenequipo.com.mx\/storage\/2021\/11\/cancer-y-fisicos-medicos_opt.jpg","datePublished":"2021-11-17T03:00:35+00:00","dateModified":"2021-11-17T16:19:32+00:00","description":"HERMOSILLO, SONORA. MX. \u2014 El F\u00edsico M\u00e9dico tiene la responsabilidad social de trabajar con otras disciplinas para responder a la sociedad con nuevos En Sonora en Equipo publicamos toda la informaci\u00f3n de Sonora, M\u00e9xico y el Mundo de manera oportuna y busca que la libertad de expresi\u00f3n sea real. Visita nuestro medio informativo publicado desde Hermosillo, Sonora. %","breadcrumb":{"@id":"https:\/\/www.sonoraenequipo.com.mx\/tenemos-en-la-region-un-coctel-de-factores-que-favorecen-el-desarrollo-del-cancer\/#breadcrumb"},"inLanguage":"es","potentialAction":[{"@type":"ReadAction","target":["https:\/\/www.sonoraenequipo.com.mx\/tenemos-en-la-region-un-coctel-de-factores-que-favorecen-el-desarrollo-del-cancer\/"]}]},{"@type":"ImageObject","inLanguage":"es","@id":"https:\/\/www.sonoraenequipo.com.mx\/tenemos-en-la-region-un-coctel-de-factores-que-favorecen-el-desarrollo-del-cancer\/#primaryimage","url":"https:\/\/www.sonoraenequipo.com.mx\/storage\/2021\/11\/cancer-y-fisicos-medicos_opt.jpg","contentUrl":"https:\/\/www.sonoraenequipo.com.mx\/storage\/2021\/11\/cancer-y-fisicos-medicos_opt.jpg","width":700,"height":400},{"@type":"BreadcrumbList","@id":"https:\/\/www.sonoraenequipo.com.mx\/tenemos-en-la-region-un-coctel-de-factores-que-favorecen-el-desarrollo-del-cancer\/#breadcrumb","itemListElement":[{"@type":"ListItem","position":1,"name":"Portada","item":"https:\/\/www.sonoraenequipo.com.mx\/"},{"@type":"ListItem","position":2,"name":"Tenemos en la regi\u00f3n un c\u00f3ctel de factores que favorecen el desarrollo del c\u00e1ncer"}]},{"@type":"WebSite","@id":"https:\/\/www.sonoraenequipo.com.mx\/#website","url":"https:\/\/www.sonoraenequipo.com.mx\/","name":"Sonora en Equipo.","description":"Diario en l\u00ednea con Noticias desde Hermosillo, Sonora","publisher":{"@id":"https:\/\/www.sonoraenequipo.com.mx\/#organization"},"potentialAction":[{"@type":"SearchAction","target":{"@type":"EntryPoint","urlTemplate":"https:\/\/www.sonoraenequipo.com.mx\/?s={search_term_string}"},"query-input":{"@type":"PropertyValueSpecification","valueRequired":true,"valueName":"search_term_string"}}],"inLanguage":"es"},{"@type":"Organization","@id":"https:\/\/www.sonoraenequipo.com.mx\/#organization","name":"Sonoraenequipo.com.mx","url":"https:\/\/www.sonoraenequipo.com.mx\/","logo":{"@type":"ImageObject","inLanguage":"es","@id":"https:\/\/www.sonoraenequipo.com.mx\/#\/schema\/logo\/image\/","url":"https:\/\/www.sonoraenequipo.com.mx\/storage\/2019\/01\/sonoraenequipo_opt.png","contentUrl":"https:\/\/www.sonoraenequipo.com.mx\/storage\/2019\/01\/sonoraenequipo_opt.png","width":375,"height":125,"caption":"Sonoraenequipo.com.mx"},"image":{"@id":"https:\/\/www.sonoraenequipo.com.mx\/#\/schema\/logo\/image\/"},"sameAs":["https:\/\/www.facebook.com\/SonoraEE\/","https:\/\/x.com\/sonoraenequipo","https:\/\/www.youtube.com\/channel\/UC338nW-lPEYmJQs4ZABQ1SQ"]},{"@type":"Person","@id":"https:\/\/www.sonoraenequipo.com.mx\/#\/schema\/person\/50102df0fb23a8fa9e8effad8fa81386","name":"enequipo","image":{"@type":"ImageObject","inLanguage":"es","@id":"https:\/\/www.sonoraenequipo.com.mx\/#\/schema\/person\/image\/","url":"https:\/\/secure.gravatar.com\/avatar\/049821681b589dabc0bc20695993ccebb09f5b5d4d790cd9251b97faac7c652b?s=96&d=blank&r=g","contentUrl":"https:\/\/secure.gravatar.com\/avatar\/049821681b589dabc0bc20695993ccebb09f5b5d4d790cd9251b97faac7c652b?s=96&d=blank&r=g","caption":"enequipo"},"sameAs":["https:\/\/www.facebook.com\/SonoraEE"]}]}},"jetpack_featured_media_url":"https:\/\/www.sonoraenequipo.com.mx\/storage\/2021\/11\/cancer-y-fisicos-medicos_opt.jpg","_links":{"self":[{"href":"https:\/\/www.sonoraenequipo.com.mx\/api\/wp\/v2\/posts\/127617","targetHints":{"allow":["GET"]}}],"collection":[{"href":"https:\/\/www.sonoraenequipo.com.mx\/api\/wp\/v2\/posts"}],"about":[{"href":"https:\/\/www.sonoraenequipo.com.mx\/api\/wp\/v2\/types\/post"}],"author":[{"embeddable":true,"href":"https:\/\/www.sonoraenequipo.com.mx\/api\/wp\/v2\/users\/1"}],"replies":[{"embeddable":true,"href":"https:\/\/www.sonoraenequipo.com.mx\/api\/wp\/v2\/comments?post=127617"}],"version-history":[{"count":1,"href":"https:\/\/www.sonoraenequipo.com.mx\/api\/wp\/v2\/posts\/127617\/revisions"}],"predecessor-version":[{"id":127620,"href":"https:\/\/www.sonoraenequipo.com.mx\/api\/wp\/v2\/posts\/127617\/revisions\/127620"}],"wp:featuredmedia":[{"embeddable":true,"href":"https:\/\/www.sonoraenequipo.com.mx\/api\/wp\/v2\/media\/127618"}],"wp:attachment":[{"href":"https:\/\/www.sonoraenequipo.com.mx\/api\/wp\/v2\/media?parent=127617"}],"wp:term":[{"taxonomy":"category","embeddable":true,"href":"https:\/\/www.sonoraenequipo.com.mx\/api\/wp\/v2\/categories?post=127617"},{"taxonomy":"post_tag","embeddable":true,"href":"https:\/\/www.sonoraenequipo.com.mx\/api\/wp\/v2\/tags?post=127617"}],"curies":[{"name":"wp","href":"https:\/\/api.w.org\/{rel}","templated":true}]}}