{"id":127646,"date":"2021-11-17T14:40:10","date_gmt":"2021-11-17T21:40:10","guid":{"rendered":"https:\/\/www.sonoraenequipo.com.mx\/?p=127646"},"modified":"2021-11-17T14:40:10","modified_gmt":"2021-11-17T21:40:10","slug":"tunden-a-memo-ochoa-tras-derrota-de-mexico-ante-canada","status":"publish","type":"post","link":"https:\/\/www.sonoraenequipo.com.mx\/tunden-a-memo-ochoa-tras-derrota-de-mexico-ante-canada\/","title":{"rendered":"\u00a0Tunden a Memo Ochoa Tras derrota de M\u00e9xico ante Canad\u00e1"},"content":{"rendered":"<p>Tunden a Memo Ochoa Tras derrota de M\u00e9xico ante Canad\u00e1<\/p>\n<p>HERMOSILLO, SONORA,MX.\u2500\u2500 \u00a0Otras veces el portero de la selecci\u00f3n nacional de futbol Francisco Guillermo Ochoa Maga\u00f1a ha sido alabado por sus grandes actuaciones defendiendo el marco del tricolor, sin embargo en el juego celebrado ante Canad\u00e1 este 16 de noviembre donde M\u00e9xico cay\u00f3 dos goles a uno, en\u00a0 juego celebrado en una g\u00e9lida noche en la ciudad de Edmonton.<\/p>\n<p>Y es que los dos goles de\u00a0 los de la hoja de maple cayeron por dos crasos errores del tapat\u00edo.\u00a0 Es raro ver fallar a Memo lamentablemente la cr\u00edtica se descarg\u00f3 el americanista tras la realidad del mal juego que han venido desarrollando los dirigidos por el Tata Martino<\/p>\n<p>Fecha de publicaci\u00f3n\u00a0 mi\u00e9rcoles\/ 17 \/ noviembre\/ 2021<\/p>\n","protected":false},"excerpt":{"rendered":"<p>Tunden a Memo Ochoa Tras derrota de M\u00e9xico ante Canad\u00e1 HERMOSILLO, SONORA,MX.\u2500\u2500 \u00a0Otras veces el&#8230;<\/p>\n","protected":false},"author":1,"featured_media":127645,"comment_status":"open","ping_status":"open","sticky":false,"template":"","format":"standard","meta":{"_monsterinsights_skip_tracking":false,"_monsterinsights_sitenote_active":false,"_monsterinsights_sitenote_note":"","_monsterinsights_sitenote_category":0,"footnotes":""},"categories":[10],"tags":[6091,3913],"class_list":["post"],"yoast_head":" \n<title>Sonora en Equipo. \u00a0Tunden a Memo Ochoa Tras derrota de M\u00e9xico ante Canad\u00e1 Deportes<\/title>\n<meta name=\"description\" content=\"Tunden a Memo Ochoa Tras derrota de M\u00e9xico ante Canad\u00e1 HERMOSILLO, SONORA,MX.\u2500\u2500 \u00a0Otras veces el portero de la selecci\u00f3n nacional de futbol Francisco En Sonora en Equipo publicamos toda la informaci\u00f3n de Sonora, M\u00e9xico y el Mundo de manera oportuna y busca que la libertad de expresi\u00f3n sea real. Visita nuestro medio informativo publicado desde Hermosillo, Sonora. %\" \/>\n<meta name=\"robots\" content=\"index, follow, max-snippet:-1, max-image-preview:large, max-video-preview:-1\" \/>\n<link rel=\"canonical\" href=\"https:\/\/www.sonoraenequipo.com.mx\/tunden-a-memo-ochoa-tras-derrota-de-mexico-ante-canada\/\" \/>\n<meta property=\"og:locale\" content=\"es_ES\" \/>\n<meta property=\"og:type\" content=\"article\" \/>\n<meta property=\"og:title\" content=\"Sonora en Equipo. \u00a0Tunden a Memo Ochoa Tras derrota de M\u00e9xico ante Canad\u00e1 Deportes\" \/>\n<meta property=\"og:description\" content=\"Tunden a Memo Ochoa Tras derrota de M\u00e9xico ante Canad\u00e1 HERMOSILLO, SONORA,MX.\u2500\u2500 \u00a0Otras veces el portero de la selecci\u00f3n nacional de futbol Francisco En Sonora en Equipo publicamos toda la informaci\u00f3n de Sonora, M\u00e9xico y el Mundo de manera oportuna y busca que la libertad de expresi\u00f3n sea real. Visita nuestro medio informativo publicado desde Hermosillo, Sonora. %\" \/>\n<meta property=\"og:url\" content=\"https:\/\/www.sonoraenequipo.com.mx\/tunden-a-memo-ochoa-tras-derrota-de-mexico-ante-canada\/\" \/>\n<meta property=\"og:site_name\" content=\"Sonora en Equipo.\" \/>\n<meta property=\"article:publisher\" content=\"https:\/\/www.facebook.com\/SonoraEE\/\" \/>\n<meta property=\"article:author\" content=\"https:\/\/www.facebook.com\/SonoraEE\" \/>\n<meta property=\"article:published_time\" content=\"2021-11-17T21:40:10+00:00\" \/>\n<meta property=\"og:image\" content=\"https:\/\/www.sonoraenequipo.com.mx\/storage\/2021\/11\/memo.jpg\" \/>\n\t<meta property=\"og:image:width\" content=\"700\" \/>\n\t<meta property=\"og:image:height\" content=\"400\" \/>\n\t<meta property=\"og:image:type\" content=\"image\/jpeg\" \/>\n<meta name=\"author\" content=\"enequipo\" \/>\n<meta name=\"twitter:card\" content=\"summary_large_image\" \/>\n<meta name=\"twitter:creator\" content=\"@sonoraenequipo\" \/>\n<meta name=\"twitter:site\" content=\"@sonoraenequipo\" \/>\n<meta name=\"twitter:label1\" content=\"Escrito por\" \/>\n\t<meta name=\"twitter:data1\" content=\"enequipo\" \/>\n\t<meta name=\"twitter:label2\" content=\"Tiempo de lectura\" \/>\n\t<meta name=\"twitter:data2\" content=\"1 minuto\" \/>\n<script type=\"application\/ld+json\" class=\"yoast-schema-graph\">{\"@context\":\"https:\/\/schema.org\",\"@graph\":[{\"@type\":\"Article\",\"@id\":\"https:\/\/www.sonoraenequipo.com.mx\/tunden-a-memo-ochoa-tras-derrota-de-mexico-ante-canada\/#article\",\"isPartOf\":{\"@id\":\"https:\/\/www.sonoraenequipo.com.mx\/tunden-a-memo-ochoa-tras-derrota-de-mexico-ante-canada\/\"},\"author\":{\"name\":\"enequipo\",\"@id\":\"https:\/\/www.sonoraenequipo.com.mx\/#\/schema\/person\/50102df0fb23a8fa9e8effad8fa81386\"},\"headline\":\"\u00a0Tunden a Memo Ochoa Tras derrota de M\u00e9xico ante Canad\u00e1\",\"datePublished\":\"2021-11-17T21:40:10+00:00\",\"mainEntityOfPage\":{\"@id\":\"https:\/\/www.sonoraenequipo.com.mx\/tunden-a-memo-ochoa-tras-derrota-de-mexico-ante-canada\/\"},\"wordCount\":143,\"commentCount\":0,\"publisher\":{\"@id\":\"https:\/\/www.sonoraenequipo.com.mx\/#organization\"},\"image\":{\"@id\":\"https:\/\/www.sonoraenequipo.com.mx\/tunden-a-memo-ochoa-tras-derrota-de-mexico-ante-canada\/#primaryimage\"},\"thumbnailUrl\":\"https:\/\/www.sonoraenequipo.com.mx\/storage\/2021\/11\/memo.jpg\",\"keywords\":[\"catar2022\",\"Memo Ochoa\"],\"articleSection\":[\"Deportes\"],\"inLanguage\":\"es\",\"potentialAction\":[{\"@type\":\"CommentAction\",\"name\":\"Comment\",\"target\":[\"https:\/\/www.sonoraenequipo.com.mx\/tunden-a-memo-ochoa-tras-derrota-de-mexico-ante-canada\/#respond\"]}]},{\"@type\":\"WebPage\",\"@id\":\"https:\/\/www.sonoraenequipo.com.mx\/tunden-a-memo-ochoa-tras-derrota-de-mexico-ante-canada\/\",\"url\":\"https:\/\/www.sonoraenequipo.com.mx\/tunden-a-memo-ochoa-tras-derrota-de-mexico-ante-canada\/\",\"name\":\"Sonora en Equipo. \u00a0Tunden a Memo Ochoa Tras derrota de M\u00e9xico ante Canad\u00e1 Deportes\",\"isPartOf\":{\"@id\":\"https:\/\/www.sonoraenequipo.com.mx\/#website\"},\"primaryImageOfPage\":{\"@id\":\"https:\/\/www.sonoraenequipo.com.mx\/tunden-a-memo-ochoa-tras-derrota-de-mexico-ante-canada\/#primaryimage\"},\"image\":{\"@id\":\"https:\/\/www.sonoraenequipo.com.mx\/tunden-a-memo-ochoa-tras-derrota-de-mexico-ante-canada\/#primaryimage\"},\"thumbnailUrl\":\"https:\/\/www.sonoraenequipo.com.mx\/storage\/2021\/11\/memo.jpg\",\"datePublished\":\"2021-11-17T21:40:10+00:00\",\"description\":\"Tunden a Memo Ochoa Tras derrota de M\u00e9xico ante Canad\u00e1 HERMOSILLO, SONORA,MX.\u2500\u2500 \u00a0Otras veces el portero de la selecci\u00f3n nacional de futbol Francisco En Sonora en Equipo publicamos toda la informaci\u00f3n de Sonora, M\u00e9xico y el Mundo de manera oportuna y busca que la libertad de expresi\u00f3n sea real. Visita nuestro medio informativo publicado desde Hermosillo, Sonora. %\",\"breadcrumb\":{\"@id\":\"https:\/\/www.sonoraenequipo.com.mx\/tunden-a-memo-ochoa-tras-derrota-de-mexico-ante-canada\/#breadcrumb\"},\"inLanguage\":\"es\",\"potentialAction\":[{\"@type\":\"ReadAction\",\"target\":[\"https:\/\/www.sonoraenequipo.com.mx\/tunden-a-memo-ochoa-tras-derrota-de-mexico-ante-canada\/\"]}]},{\"@type\":\"ImageObject\",\"inLanguage\":\"es\",\"@id\":\"https:\/\/www.sonoraenequipo.com.mx\/tunden-a-memo-ochoa-tras-derrota-de-mexico-ante-canada\/#primaryimage\",\"url\":\"https:\/\/www.sonoraenequipo.com.mx\/storage\/2021\/11\/memo.jpg\",\"contentUrl\":\"https:\/\/www.sonoraenequipo.com.mx\/storage\/2021\/11\/memo.jpg\",\"width\":700,\"height\":400,\"caption\":\"Elsol de Salamanca\"},{\"@type\":\"BreadcrumbList\",\"@id\":\"https:\/\/www.sonoraenequipo.com.mx\/tunden-a-memo-ochoa-tras-derrota-de-mexico-ante-canada\/#breadcrumb\",\"itemListElement\":[{\"@type\":\"ListItem\",\"position\":1,\"name\":\"Portada\",\"item\":\"https:\/\/www.sonoraenequipo.com.mx\/\"},{\"@type\":\"ListItem\",\"position\":2,\"name\":\"\u00a0Tunden a Memo Ochoa Tras derrota de M\u00e9xico ante Canad\u00e1\"}]},{\"@type\":\"WebSite\",\"@id\":\"https:\/\/www.sonoraenequipo.com.mx\/#website\",\"url\":\"https:\/\/www.sonoraenequipo.com.mx\/\",\"name\":\"Sonora en Equipo.\",\"description\":\"Diario en l\u00ednea con Noticias desde Hermosillo, Sonora\",\"publisher\":{\"@id\":\"https:\/\/www.sonoraenequipo.com.mx\/#organization\"},\"potentialAction\":[{\"@type\":\"SearchAction\",\"target\":{\"@type\":\"EntryPoint\",\"urlTemplate\":\"https:\/\/www.sonoraenequipo.com.mx\/?s={search_term_string}\"},\"query-input\":{\"@type\":\"PropertyValueSpecification\",\"valueRequired\":true,\"valueName\":\"search_term_string\"}}],\"inLanguage\":\"es\"},{\"@type\":\"Organization\",\"@id\":\"https:\/\/www.sonoraenequipo.com.mx\/#organization\",\"name\":\"Sonoraenequipo.com.mx\",\"url\":\"https:\/\/www.sonoraenequipo.com.mx\/\",\"logo\":{\"@type\":\"ImageObject\",\"inLanguage\":\"es\",\"@id\":\"https:\/\/www.sonoraenequipo.com.mx\/#\/schema\/logo\/image\/\",\"url\":\"https:\/\/www.sonoraenequipo.com.mx\/storage\/2019\/01\/sonoraenequipo_opt.png\",\"contentUrl\":\"https:\/\/www.sonoraenequipo.com.mx\/storage\/2019\/01\/sonoraenequipo_opt.png\",\"width\":375,\"height\":125,\"caption\":\"Sonoraenequipo.com.mx\"},\"image\":{\"@id\":\"https:\/\/www.sonoraenequipo.com.mx\/#\/schema\/logo\/image\/\"},\"sameAs\":[\"https:\/\/www.facebook.com\/SonoraEE\/\",\"https:\/\/x.com\/sonoraenequipo\",\"https:\/\/www.youtube.com\/channel\/UC338nW-lPEYmJQs4ZABQ1SQ\"]},{\"@type\":\"Person\",\"@id\":\"https:\/\/www.sonoraenequipo.com.mx\/#\/schema\/person\/50102df0fb23a8fa9e8effad8fa81386\",\"name\":\"enequipo\",\"image\":{\"@type\":\"ImageObject\",\"inLanguage\":\"es\",\"@id\":\"https:\/\/www.sonoraenequipo.com.mx\/#\/schema\/person\/image\/\",\"url\":\"https:\/\/secure.gravatar.com\/avatar\/049821681b589dabc0bc20695993ccebb09f5b5d4d790cd9251b97faac7c652b?s=96&d=blank&r=g\",\"contentUrl\":\"https:\/\/secure.gravatar.com\/avatar\/049821681b589dabc0bc20695993ccebb09f5b5d4d790cd9251b97faac7c652b?s=96&d=blank&r=g\",\"caption\":\"enequipo\"},\"sameAs\":[\"https:\/\/www.facebook.com\/SonoraEE\"]}]}<\/script>\n ","yoast_head_json":{"title":"Sonora en Equipo. \u00a0Tunden a Memo Ochoa Tras derrota de M\u00e9xico ante Canad\u00e1 Deportes","description":"Tunden a Memo Ochoa Tras derrota de M\u00e9xico ante Canad\u00e1 HERMOSILLO, SONORA,MX.\u2500\u2500 \u00a0Otras veces el portero de la selecci\u00f3n nacional de futbol Francisco En Sonora en Equipo publicamos toda la informaci\u00f3n de Sonora, M\u00e9xico y el Mundo de manera oportuna y busca que la libertad de expresi\u00f3n sea real. Visita nuestro medio informativo publicado desde Hermosillo, Sonora. %","robots":{"index":"index","follow":"follow","max-snippet":"max-snippet:-1","max-image-preview":"max-image-preview:large","max-video-preview":"max-video-preview:-1"},"canonical":"https:\/\/www.sonoraenequipo.com.mx\/tunden-a-memo-ochoa-tras-derrota-de-mexico-ante-canada\/","og_locale":"es_ES","og_type":"article","og_title":"Sonora en Equipo. \u00a0Tunden a Memo Ochoa Tras derrota de M\u00e9xico ante Canad\u00e1 Deportes","og_description":"Tunden a Memo Ochoa Tras derrota de M\u00e9xico ante Canad\u00e1 HERMOSILLO, SONORA,MX.\u2500\u2500 \u00a0Otras veces el portero de la selecci\u00f3n nacional de futbol Francisco En Sonora en Equipo publicamos toda la informaci\u00f3n de Sonora, M\u00e9xico y el Mundo de manera oportuna y busca que la libertad de expresi\u00f3n sea real. Visita nuestro medio informativo publicado desde Hermosillo, Sonora. %","og_url":"https:\/\/www.sonoraenequipo.com.mx\/tunden-a-memo-ochoa-tras-derrota-de-mexico-ante-canada\/","og_site_name":"Sonora en Equipo.","article_publisher":"https:\/\/www.facebook.com\/SonoraEE\/","article_author":"https:\/\/www.facebook.com\/SonoraEE","article_published_time":"2021-11-17T21:40:10+00:00","og_image":[{"width":700,"height":400,"url":"https:\/\/www.sonoraenequipo.com.mx\/storage\/2021\/11\/memo.jpg","type":"image\/jpeg"}],"author":"enequipo","twitter_card":"summary_large_image","twitter_creator":"@sonoraenequipo","twitter_site":"@sonoraenequipo","twitter_misc":{"Escrito por":"enequipo","Tiempo de lectura":"1 minuto"},"schema":{"@context":"https:\/\/schema.org","@graph":[{"@type":"Article","@id":"https:\/\/www.sonoraenequipo.com.mx\/tunden-a-memo-ochoa-tras-derrota-de-mexico-ante-canada\/#article","isPartOf":{"@id":"https:\/\/www.sonoraenequipo.com.mx\/tunden-a-memo-ochoa-tras-derrota-de-mexico-ante-canada\/"},"author":{"name":"enequipo","@id":"https:\/\/www.sonoraenequipo.com.mx\/#\/schema\/person\/50102df0fb23a8fa9e8effad8fa81386"},"headline":"\u00a0Tunden a Memo Ochoa Tras derrota de M\u00e9xico ante Canad\u00e1","datePublished":"2021-11-17T21:40:10+00:00","mainEntityOfPage":{"@id":"https:\/\/www.sonoraenequipo.com.mx\/tunden-a-memo-ochoa-tras-derrota-de-mexico-ante-canada\/"},"wordCount":143,"commentCount":0,"publisher":{"@id":"https:\/\/www.sonoraenequipo.com.mx\/#organization"},"image":{"@id":"https:\/\/www.sonoraenequipo.com.mx\/tunden-a-memo-ochoa-tras-derrota-de-mexico-ante-canada\/#primaryimage"},"thumbnailUrl":"https:\/\/www.sonoraenequipo.com.mx\/storage\/2021\/11\/memo.jpg","keywords":["catar2022","Memo Ochoa"],"articleSection":["Deportes"],"inLanguage":"es","potentialAction":[{"@type":"CommentAction","name":"Comment","target":["https:\/\/www.sonoraenequipo.com.mx\/tunden-a-memo-ochoa-tras-derrota-de-mexico-ante-canada\/#respond"]}]},{"@type":"WebPage","@id":"https:\/\/www.sonoraenequipo.com.mx\/tunden-a-memo-ochoa-tras-derrota-de-mexico-ante-canada\/","url":"https:\/\/www.sonoraenequipo.com.mx\/tunden-a-memo-ochoa-tras-derrota-de-mexico-ante-canada\/","name":"Sonora en Equipo. \u00a0Tunden a Memo Ochoa Tras derrota de M\u00e9xico ante Canad\u00e1 Deportes","isPartOf":{"@id":"https:\/\/www.sonoraenequipo.com.mx\/#website"},"primaryImageOfPage":{"@id":"https:\/\/www.sonoraenequipo.com.mx\/tunden-a-memo-ochoa-tras-derrota-de-mexico-ante-canada\/#primaryimage"},"image":{"@id":"https:\/\/www.sonoraenequipo.com.mx\/tunden-a-memo-ochoa-tras-derrota-de-mexico-ante-canada\/#primaryimage"},"thumbnailUrl":"https:\/\/www.sonoraenequipo.com.mx\/storage\/2021\/11\/memo.jpg","datePublished":"2021-11-17T21:40:10+00:00","description":"Tunden a Memo Ochoa Tras derrota de M\u00e9xico ante Canad\u00e1 HERMOSILLO, SONORA,MX.\u2500\u2500 \u00a0Otras veces el portero de la selecci\u00f3n nacional de futbol Francisco En Sonora en Equipo publicamos toda la informaci\u00f3n de Sonora, M\u00e9xico y el Mundo de manera oportuna y busca que la libertad de expresi\u00f3n sea real. Visita nuestro medio informativo publicado desde Hermosillo, Sonora. %","breadcrumb":{"@id":"https:\/\/www.sonoraenequipo.com.mx\/tunden-a-memo-ochoa-tras-derrota-de-mexico-ante-canada\/#breadcrumb"},"inLanguage":"es","potentialAction":[{"@type":"ReadAction","target":["https:\/\/www.sonoraenequipo.com.mx\/tunden-a-memo-ochoa-tras-derrota-de-mexico-ante-canada\/"]}]},{"@type":"ImageObject","inLanguage":"es","@id":"https:\/\/www.sonoraenequipo.com.mx\/tunden-a-memo-ochoa-tras-derrota-de-mexico-ante-canada\/#primaryimage","url":"https:\/\/www.sonoraenequipo.com.mx\/storage\/2021\/11\/memo.jpg","contentUrl":"https:\/\/www.sonoraenequipo.com.mx\/storage\/2021\/11\/memo.jpg","width":700,"height":400,"caption":"Elsol de Salamanca"},{"@type":"BreadcrumbList","@id":"https:\/\/www.sonoraenequipo.com.mx\/tunden-a-memo-ochoa-tras-derrota-de-mexico-ante-canada\/#breadcrumb","itemListElement":[{"@type":"ListItem","position":1,"name":"Portada","item":"https:\/\/www.sonoraenequipo.com.mx\/"},{"@type":"ListItem","position":2,"name":"\u00a0Tunden a Memo Ochoa Tras derrota de M\u00e9xico ante Canad\u00e1"}]},{"@type":"WebSite","@id":"https:\/\/www.sonoraenequipo.com.mx\/#website","url":"https:\/\/www.sonoraenequipo.com.mx\/","name":"Sonora en Equipo.","description":"Diario en l\u00ednea con Noticias desde Hermosillo, Sonora","publisher":{"@id":"https:\/\/www.sonoraenequipo.com.mx\/#organization"},"potentialAction":[{"@type":"SearchAction","target":{"@type":"EntryPoint","urlTemplate":"https:\/\/www.sonoraenequipo.com.mx\/?s={search_term_string}"},"query-input":{"@type":"PropertyValueSpecification","valueRequired":true,"valueName":"search_term_string"}}],"inLanguage":"es"},{"@type":"Organization","@id":"https:\/\/www.sonoraenequipo.com.mx\/#organization","name":"Sonoraenequipo.com.mx","url":"https:\/\/www.sonoraenequipo.com.mx\/","logo":{"@type":"ImageObject","inLanguage":"es","@id":"https:\/\/www.sonoraenequipo.com.mx\/#\/schema\/logo\/image\/","url":"https:\/\/www.sonoraenequipo.com.mx\/storage\/2019\/01\/sonoraenequipo_opt.png","contentUrl":"https:\/\/www.sonoraenequipo.com.mx\/storage\/2019\/01\/sonoraenequipo_opt.png","width":375,"height":125,"caption":"Sonoraenequipo.com.mx"},"image":{"@id":"https:\/\/www.sonoraenequipo.com.mx\/#\/schema\/logo\/image\/"},"sameAs":["https:\/\/www.facebook.com\/SonoraEE\/","https:\/\/x.com\/sonoraenequipo","https:\/\/www.youtube.com\/channel\/UC338nW-lPEYmJQs4ZABQ1SQ"]},{"@type":"Person","@id":"https:\/\/www.sonoraenequipo.com.mx\/#\/schema\/person\/50102df0fb23a8fa9e8effad8fa81386","name":"enequipo","image":{"@type":"ImageObject","inLanguage":"es","@id":"https:\/\/www.sonoraenequipo.com.mx\/#\/schema\/person\/image\/","url":"https:\/\/secure.gravatar.com\/avatar\/049821681b589dabc0bc20695993ccebb09f5b5d4d790cd9251b97faac7c652b?s=96&d=blank&r=g","contentUrl":"https:\/\/secure.gravatar.com\/avatar\/049821681b589dabc0bc20695993ccebb09f5b5d4d790cd9251b97faac7c652b?s=96&d=blank&r=g","caption":"enequipo"},"sameAs":["https:\/\/www.facebook.com\/SonoraEE"]}]}},"jetpack_featured_media_url":"https:\/\/www.sonoraenequipo.com.mx\/storage\/2021\/11\/memo.jpg","_links":{"self":[{"href":"https:\/\/www.sonoraenequipo.com.mx\/api\/wp\/v2\/posts\/127646","targetHints":{"allow":["GET"]}}],"collection":[{"href":"https:\/\/www.sonoraenequipo.com.mx\/api\/wp\/v2\/posts"}],"about":[{"href":"https:\/\/www.sonoraenequipo.com.mx\/api\/wp\/v2\/types\/post"}],"author":[{"embeddable":true,"href":"https:\/\/www.sonoraenequipo.com.mx\/api\/wp\/v2\/users\/1"}],"replies":[{"embeddable":true,"href":"https:\/\/www.sonoraenequipo.com.mx\/api\/wp\/v2\/comments?post=127646"}],"version-history":[{"count":1,"href":"https:\/\/www.sonoraenequipo.com.mx\/api\/wp\/v2\/posts\/127646\/revisions"}],"predecessor-version":[{"id":127647,"href":"https:\/\/www.sonoraenequipo.com.mx\/api\/wp\/v2\/posts\/127646\/revisions\/127647"}],"wp:featuredmedia":[{"embeddable":true,"href":"https:\/\/www.sonoraenequipo.com.mx\/api\/wp\/v2\/media\/127645"}],"wp:attachment":[{"href":"https:\/\/www.sonoraenequipo.com.mx\/api\/wp\/v2\/media?parent=127646"}],"wp:term":[{"taxonomy":"category","embeddable":true,"href":"https:\/\/www.sonoraenequipo.com.mx\/api\/wp\/v2\/categories?post=127646"},{"taxonomy":"post_tag","embeddable":true,"href":"https:\/\/www.sonoraenequipo.com.mx\/api\/wp\/v2\/tags?post=127646"}],"curies":[{"name":"wp","href":"https:\/\/api.w.org\/{rel}","templated":true}]}}