{"id":127648,"date":"2021-11-17T14:56:09","date_gmt":"2021-11-17T21:56:09","guid":{"rendered":"https:\/\/www.sonoraenequipo.com.mx\/?p=127648"},"modified":"2021-11-17T15:37:17","modified_gmt":"2021-11-17T22:37:17","slug":"analizaran-los-cambios-que-experimentara-la-salud-despues-de-la-pandemia-en-latam","status":"publish","type":"post","link":"https:\/\/www.sonoraenequipo.com.mx\/analizaran-los-cambios-que-experimentara-la-salud-despues-de-la-pandemia-en-latam\/","title":{"rendered":"Analizar\u00e1n los \u00a0cambios que experimentar\u00e1 la Salud despu\u00e9s de la pandemia en LATAM"},"content":{"rendered":"<p>CIUDAD DE M\u00c9XICO.\u2500\u2500 Una pandemia, con un sistema hospitalario al borde del colapso en su momento m\u00e1s dif\u00edcil, motiv\u00f3 a las personas a tratarse a distancia, a utilizar tecnolog\u00edas de diagn\u00f3stico y telemedicina que de ahora en adelante cambiar\u00e1n el paradigma de la Salud. Es por eso que este 24 de noviembre a las 8:30 hora de M\u00e9xico, Roche Latinoam\u00e9rica realizar\u00e1 el evento \u201cCelebrate Life: La ciencia nos cambia la vida\u201d. Durante este evento y con motivo de su 125\u00b0 aniversario, se revisar\u00e1n los principales avances cient\u00edficos que ha visto el mundo en este tiempo y c\u00f3mo estos han sido claves para el desarrollo de Am\u00e9rica Latina y el mundo. Adem\u00e1s, se analizar\u00e1 el futuro de la ciencia y c\u00f3mo las tecnolog\u00edas deber\u00e1n replantearse para apoyar a la sociedad post pandemia.<\/p>\n<p>&nbsp;<\/p>\n<p>Como expositor principal, estar\u00e1 presente el m\u00e9dico y destacado cient\u00edfico de las universidades de Stanford y Harvard, Daniel Kraft, quien conversar\u00e1 sobre el futuro de la salud y el rol de la ciencia despu\u00e9s del COVID-19. Adem\u00e1s, la cita contar\u00e1 con Rolf Hoenger, Area Head de Roche Pharma para Latinoam\u00e9rica; Maril\u00fa Acosta, mag\u00edster en Salud P\u00fablica y Promoci\u00f3n de la Salud por el Instituto Henri Poincar\u00e9 en Francia; Andr\u00e9 Medici, economista social y de Salud internacional en Washington DC; y Antonio Vergara, Area Head de Roche Diagn\u00f3stica para Am\u00e9rica Latina.<\/p>\n<p>&nbsp;<\/p>\n<p>El panel analizar\u00e1 el futuro de la Salud y el potencial desarrollo que tendr\u00e1 la medicina al servicio de las personas, y hacia d\u00f3nde debe apuntar la ciencia de los pr\u00f3ximos a\u00f1os en un contexto lleno de desaf\u00edos.<\/p>\n<p>&nbsp;<\/p>\n<p>Por su parte, Daniel Kraft invit\u00f3 a la audiencia de toda Am\u00e9rica Latina y el Caribe a discutir sobre cu\u00e1l ser\u00e1 el futuro de la medicina. \u201cEs importante que conversemos sobre qu\u00e9 nos imaginamos frente al devenir de la salud: un hospital en la casa; un laboratorio en nuestra computadora. Quiz\u00e1s el futuro de la medicina sea abordar el cuidado de la salud y no el cuidado de la enfermedad en cualquier parte y en cualquier momento\u201d, explic\u00f3.<\/p>\n<p>&nbsp;<\/p>\n<p>Asimismo, Rolf Hoenger agreg\u00f3 que \u201cvamos a celebrar lo lejos que ha llegado la humanidad gracias a la ciencia en estos 125 a\u00f1os y c\u00f3mo nos cambia la vida constantemente. Todo eso, gracias a las mentes curiosas que buscan las mejoras en todos los aspectos de la vida, sea en el campo del entretenimiento, en la conquista del espacio o en la vida misma. La innovaci\u00f3n en la ciencia es la base para cuidar y mejorar algo que todos valoramos en la vida como es la salud. Sin salud dif\u00edcilmente nos desarrollaremos como persona\u201d\u201d.<\/p>\n<p>&nbsp;<\/p>\n<p>Por otro lado, Maril\u00fa Acosta, una de las panelistas del evento, explic\u00f3 que el futuro de la medicina se centrar\u00e1 mucho en los avances relacionados a la atenci\u00f3n a distancia. \u201cEchar mano a las tecnolog\u00edas realizada con Inteligencia Artificial, los wearables y las videollamadas, deber\u00eda sumar justamente en contrapeso de una poblaci\u00f3n muy amplia que requiere mantenerse sana, que merece un diagn\u00f3stico temprano, y una atenci\u00f3n de gran calidad\u201d.<\/p>\n<p>&nbsp;<\/p>\n<p>Para Andr\u00e9 Medici, el futuro de la medicina tomar\u00e1 un rol central en el desarrollo de los pa\u00edses y c\u00f3mo estos deber\u00e1n adaptarse en un futuro. \u201cTenemos una situaci\u00f3n donde pasaremos a una transformaci\u00f3n muy grande en los sistemas de salud. El rol de los gobiernos ser\u00e1 muy importante en esa cuesti\u00f3n, porque la Salud ahora pasar\u00e1 a ser un aspecto central de la econom\u00eda de cada pa\u00eds\u201d, adelant\u00f3 el consultor en Salud.<\/p>\n<p>&nbsp;<\/p>\n<p>\u201cCelebrate Life\u201d ser\u00e1 emitido este 24 de noviembre a trav\u00e9s de www.celebrateliferoche.com, y transmitido gratuitamente para toda Latinoam\u00e9rica a partir de las 8:30 de la ma\u00f1ana.<\/p>\n<p>&nbsp;<\/p>\n<p>Para m\u00e1s informaci\u00f3n visita el sitio www.celebrateliferoche.com . Ser\u00e1 un encuentro para celebrar los avances del pasado, y al mismo tiempo entender el presente para crear un futuro. El centro de esta celebraci\u00f3n ser\u00e1 la vida y c\u00f3mo ser\u00e1 posible seguir mejor\u00e1ndola durante los pr\u00f3ximos a\u00f1os.<\/p>\n","protected":false},"excerpt":{"rendered":"<p>CIUDAD DE M\u00c9XICO.\u2500\u2500 Una pandemia, con un sistema hospitalario al borde del colapso en su&#8230;<\/p>\n","protected":false},"author":1,"featured_media":126783,"comment_status":"open","ping_status":"open","sticky":false,"template":"","format":"standard","meta":{"_monsterinsights_skip_tracking":false,"_monsterinsights_sitenote_active":false,"_monsterinsights_sitenote_note":"","_monsterinsights_sitenote_category":0,"footnotes":""},"categories":[2216],"tags":[4249,154],"class_list":["post"],"yoast_head":" \n<title>Sonora en Equipo. Analizar\u00e1n los \u00a0cambios que experimentar\u00e1 la Salud despu\u00e9s de la pandemia en LATAM Ciencia y Tecnolog\u00eda<\/title>\n<meta name=\"description\" content=\"CIUDAD DE M\u00c9XICO.\u2500\u2500 Una pandemia, con un sistema hospitalario al borde del colapso en su momento m\u00e1s dif\u00edcil, motiv\u00f3 a las personas a tratarse a En Sonora en Equipo publicamos toda la informaci\u00f3n de Sonora, M\u00e9xico y el Mundo de manera oportuna y busca que la libertad de expresi\u00f3n sea real. Visita nuestro medio informativo publicado desde Hermosillo, Sonora. %\" \/>\n<meta name=\"robots\" content=\"index, follow, max-snippet:-1, max-image-preview:large, max-video-preview:-1\" \/>\n<link rel=\"canonical\" href=\"https:\/\/www.sonoraenequipo.com.mx\/analizaran-los-cambios-que-experimentara-la-salud-despues-de-la-pandemia-en-latam\/\" \/>\n<meta property=\"og:locale\" content=\"es_ES\" \/>\n<meta property=\"og:type\" content=\"article\" \/>\n<meta property=\"og:title\" content=\"Sonora en Equipo. Analizar\u00e1n los \u00a0cambios que experimentar\u00e1 la Salud despu\u00e9s de la pandemia en LATAM Ciencia y Tecnolog\u00eda\" \/>\n<meta property=\"og:description\" content=\"CIUDAD DE M\u00c9XICO.\u2500\u2500 Una pandemia, con un sistema hospitalario al borde del colapso en su momento m\u00e1s dif\u00edcil, motiv\u00f3 a las personas a tratarse a En Sonora en Equipo publicamos toda la informaci\u00f3n de Sonora, M\u00e9xico y el Mundo de manera oportuna y busca que la libertad de expresi\u00f3n sea real. Visita nuestro medio informativo publicado desde Hermosillo, Sonora. %\" \/>\n<meta property=\"og:url\" content=\"https:\/\/www.sonoraenequipo.com.mx\/analizaran-los-cambios-que-experimentara-la-salud-despues-de-la-pandemia-en-latam\/\" \/>\n<meta property=\"og:site_name\" content=\"Sonora en Equipo.\" \/>\n<meta property=\"article:publisher\" content=\"https:\/\/www.facebook.com\/SonoraEE\/\" \/>\n<meta property=\"article:author\" content=\"https:\/\/www.facebook.com\/SonoraEE\" \/>\n<meta property=\"article:published_time\" content=\"2021-11-17T21:56:09+00:00\" \/>\n<meta property=\"article:modified_time\" content=\"2021-11-17T22:37:17+00:00\" \/>\n<meta property=\"og:image\" content=\"https:\/\/www.sonoraenequipo.com.mx\/storage\/2021\/11\/semaforo-cdmx-covid_opt.jpg\" \/>\n\t<meta property=\"og:image:width\" content=\"700\" \/>\n\t<meta property=\"og:image:height\" content=\"400\" \/>\n\t<meta property=\"og:image:type\" content=\"image\/jpeg\" \/>\n<meta name=\"author\" content=\"enequipo\" \/>\n<meta name=\"twitter:card\" content=\"summary_large_image\" \/>\n<meta name=\"twitter:creator\" content=\"@sonoraenequipo\" \/>\n<meta name=\"twitter:site\" content=\"@sonoraenequipo\" \/>\n<meta name=\"twitter:label1\" content=\"Escrito por\" \/>\n\t<meta name=\"twitter:data1\" content=\"enequipo\" \/>\n\t<meta name=\"twitter:label2\" content=\"Tiempo de lectura\" \/>\n\t<meta name=\"twitter:data2\" content=\"3 minutos\" \/>\n<script type=\"application\/ld+json\" class=\"yoast-schema-graph\">{\"@context\":\"https:\/\/schema.org\",\"@graph\":[{\"@type\":\"Article\",\"@id\":\"https:\/\/www.sonoraenequipo.com.mx\/analizaran-los-cambios-que-experimentara-la-salud-despues-de-la-pandemia-en-latam\/#article\",\"isPartOf\":{\"@id\":\"https:\/\/www.sonoraenequipo.com.mx\/analizaran-los-cambios-que-experimentara-la-salud-despues-de-la-pandemia-en-latam\/\"},\"author\":{\"name\":\"enequipo\",\"@id\":\"https:\/\/www.sonoraenequipo.com.mx\/#\/schema\/person\/50102df0fb23a8fa9e8effad8fa81386\"},\"headline\":\"Analizar\u00e1n los \u00a0cambios que experimentar\u00e1 la Salud despu\u00e9s de la pandemia en LATAM\",\"datePublished\":\"2021-11-17T21:56:09+00:00\",\"dateModified\":\"2021-11-17T22:37:17+00:00\",\"mainEntityOfPage\":{\"@id\":\"https:\/\/www.sonoraenequipo.com.mx\/analizaran-los-cambios-que-experimentara-la-salud-despues-de-la-pandemia-en-latam\/\"},\"wordCount\":726,\"commentCount\":0,\"publisher\":{\"@id\":\"https:\/\/www.sonoraenequipo.com.mx\/#organization\"},\"image\":{\"@id\":\"https:\/\/www.sonoraenequipo.com.mx\/analizaran-los-cambios-que-experimentara-la-salud-despues-de-la-pandemia-en-latam\/#primaryimage\"},\"thumbnailUrl\":\"https:\/\/www.sonoraenequipo.com.mx\/storage\/2021\/11\/semaforo-cdmx-covid_opt.jpg\",\"keywords\":[\"covid\",\"Mundo\"],\"articleSection\":[\"Ciencia y Tecnolog\u00eda\"],\"inLanguage\":\"es\",\"potentialAction\":[{\"@type\":\"CommentAction\",\"name\":\"Comment\",\"target\":[\"https:\/\/www.sonoraenequipo.com.mx\/analizaran-los-cambios-que-experimentara-la-salud-despues-de-la-pandemia-en-latam\/#respond\"]}]},{\"@type\":\"WebPage\",\"@id\":\"https:\/\/www.sonoraenequipo.com.mx\/analizaran-los-cambios-que-experimentara-la-salud-despues-de-la-pandemia-en-latam\/\",\"url\":\"https:\/\/www.sonoraenequipo.com.mx\/analizaran-los-cambios-que-experimentara-la-salud-despues-de-la-pandemia-en-latam\/\",\"name\":\"Sonora en Equipo. Analizar\u00e1n los \u00a0cambios que experimentar\u00e1 la Salud despu\u00e9s de la pandemia en LATAM Ciencia y Tecnolog\u00eda\",\"isPartOf\":{\"@id\":\"https:\/\/www.sonoraenequipo.com.mx\/#website\"},\"primaryImageOfPage\":{\"@id\":\"https:\/\/www.sonoraenequipo.com.mx\/analizaran-los-cambios-que-experimentara-la-salud-despues-de-la-pandemia-en-latam\/#primaryimage\"},\"image\":{\"@id\":\"https:\/\/www.sonoraenequipo.com.mx\/analizaran-los-cambios-que-experimentara-la-salud-despues-de-la-pandemia-en-latam\/#primaryimage\"},\"thumbnailUrl\":\"https:\/\/www.sonoraenequipo.com.mx\/storage\/2021\/11\/semaforo-cdmx-covid_opt.jpg\",\"datePublished\":\"2021-11-17T21:56:09+00:00\",\"dateModified\":\"2021-11-17T22:37:17+00:00\",\"description\":\"CIUDAD DE M\u00c9XICO.\u2500\u2500 Una pandemia, con un sistema hospitalario al borde del colapso en su momento m\u00e1s dif\u00edcil, motiv\u00f3 a las personas a tratarse a En Sonora en Equipo publicamos toda la informaci\u00f3n de Sonora, M\u00e9xico y el Mundo de manera oportuna y busca que la libertad de expresi\u00f3n sea real. Visita nuestro medio informativo publicado desde Hermosillo, Sonora. %\",\"breadcrumb\":{\"@id\":\"https:\/\/www.sonoraenequipo.com.mx\/analizaran-los-cambios-que-experimentara-la-salud-despues-de-la-pandemia-en-latam\/#breadcrumb\"},\"inLanguage\":\"es\",\"potentialAction\":[{\"@type\":\"ReadAction\",\"target\":[\"https:\/\/www.sonoraenequipo.com.mx\/analizaran-los-cambios-que-experimentara-la-salud-despues-de-la-pandemia-en-latam\/\"]}]},{\"@type\":\"ImageObject\",\"inLanguage\":\"es\",\"@id\":\"https:\/\/www.sonoraenequipo.com.mx\/analizaran-los-cambios-que-experimentara-la-salud-despues-de-la-pandemia-en-latam\/#primaryimage\",\"url\":\"https:\/\/www.sonoraenequipo.com.mx\/storage\/2021\/11\/semaforo-cdmx-covid_opt.jpg\",\"contentUrl\":\"https:\/\/www.sonoraenequipo.com.mx\/storage\/2021\/11\/semaforo-cdmx-covid_opt.jpg\",\"width\":700,\"height\":400},{\"@type\":\"BreadcrumbList\",\"@id\":\"https:\/\/www.sonoraenequipo.com.mx\/analizaran-los-cambios-que-experimentara-la-salud-despues-de-la-pandemia-en-latam\/#breadcrumb\",\"itemListElement\":[{\"@type\":\"ListItem\",\"position\":1,\"name\":\"Portada\",\"item\":\"https:\/\/www.sonoraenequipo.com.mx\/\"},{\"@type\":\"ListItem\",\"position\":2,\"name\":\"Analizar\u00e1n los \u00a0cambios que experimentar\u00e1 la Salud despu\u00e9s de la pandemia en LATAM\"}]},{\"@type\":\"WebSite\",\"@id\":\"https:\/\/www.sonoraenequipo.com.mx\/#website\",\"url\":\"https:\/\/www.sonoraenequipo.com.mx\/\",\"name\":\"Sonora en Equipo.\",\"description\":\"Diario en l\u00ednea con Noticias desde Hermosillo, Sonora\",\"publisher\":{\"@id\":\"https:\/\/www.sonoraenequipo.com.mx\/#organization\"},\"potentialAction\":[{\"@type\":\"SearchAction\",\"target\":{\"@type\":\"EntryPoint\",\"urlTemplate\":\"https:\/\/www.sonoraenequipo.com.mx\/?s={search_term_string}\"},\"query-input\":{\"@type\":\"PropertyValueSpecification\",\"valueRequired\":true,\"valueName\":\"search_term_string\"}}],\"inLanguage\":\"es\"},{\"@type\":\"Organization\",\"@id\":\"https:\/\/www.sonoraenequipo.com.mx\/#organization\",\"name\":\"Sonoraenequipo.com.mx\",\"url\":\"https:\/\/www.sonoraenequipo.com.mx\/\",\"logo\":{\"@type\":\"ImageObject\",\"inLanguage\":\"es\",\"@id\":\"https:\/\/www.sonoraenequipo.com.mx\/#\/schema\/logo\/image\/\",\"url\":\"https:\/\/www.sonoraenequipo.com.mx\/storage\/2019\/01\/sonoraenequipo_opt.png\",\"contentUrl\":\"https:\/\/www.sonoraenequipo.com.mx\/storage\/2019\/01\/sonoraenequipo_opt.png\",\"width\":375,\"height\":125,\"caption\":\"Sonoraenequipo.com.mx\"},\"image\":{\"@id\":\"https:\/\/www.sonoraenequipo.com.mx\/#\/schema\/logo\/image\/\"},\"sameAs\":[\"https:\/\/www.facebook.com\/SonoraEE\/\",\"https:\/\/x.com\/sonoraenequipo\",\"https:\/\/www.youtube.com\/channel\/UC338nW-lPEYmJQs4ZABQ1SQ\"]},{\"@type\":\"Person\",\"@id\":\"https:\/\/www.sonoraenequipo.com.mx\/#\/schema\/person\/50102df0fb23a8fa9e8effad8fa81386\",\"name\":\"enequipo\",\"image\":{\"@type\":\"ImageObject\",\"inLanguage\":\"es\",\"@id\":\"https:\/\/www.sonoraenequipo.com.mx\/#\/schema\/person\/image\/\",\"url\":\"https:\/\/secure.gravatar.com\/avatar\/049821681b589dabc0bc20695993ccebb09f5b5d4d790cd9251b97faac7c652b?s=96&d=blank&r=g\",\"contentUrl\":\"https:\/\/secure.gravatar.com\/avatar\/049821681b589dabc0bc20695993ccebb09f5b5d4d790cd9251b97faac7c652b?s=96&d=blank&r=g\",\"caption\":\"enequipo\"},\"sameAs\":[\"https:\/\/www.facebook.com\/SonoraEE\"]}]}<\/script>\n ","yoast_head_json":{"title":"Sonora en Equipo. Analizar\u00e1n los \u00a0cambios que experimentar\u00e1 la Salud despu\u00e9s de la pandemia en LATAM Ciencia y Tecnolog\u00eda","description":"CIUDAD DE M\u00c9XICO.\u2500\u2500 Una pandemia, con un sistema hospitalario al borde del colapso en su momento m\u00e1s dif\u00edcil, motiv\u00f3 a las personas a tratarse a En Sonora en Equipo publicamos toda la informaci\u00f3n de Sonora, M\u00e9xico y el Mundo de manera oportuna y busca que la libertad de expresi\u00f3n sea real. Visita nuestro medio informativo publicado desde Hermosillo, Sonora. %","robots":{"index":"index","follow":"follow","max-snippet":"max-snippet:-1","max-image-preview":"max-image-preview:large","max-video-preview":"max-video-preview:-1"},"canonical":"https:\/\/www.sonoraenequipo.com.mx\/analizaran-los-cambios-que-experimentara-la-salud-despues-de-la-pandemia-en-latam\/","og_locale":"es_ES","og_type":"article","og_title":"Sonora en Equipo. Analizar\u00e1n los \u00a0cambios que experimentar\u00e1 la Salud despu\u00e9s de la pandemia en LATAM Ciencia y Tecnolog\u00eda","og_description":"CIUDAD DE M\u00c9XICO.\u2500\u2500 Una pandemia, con un sistema hospitalario al borde del colapso en su momento m\u00e1s dif\u00edcil, motiv\u00f3 a las personas a tratarse a En Sonora en Equipo publicamos toda la informaci\u00f3n de Sonora, M\u00e9xico y el Mundo de manera oportuna y busca que la libertad de expresi\u00f3n sea real. Visita nuestro medio informativo publicado desde Hermosillo, Sonora. %","og_url":"https:\/\/www.sonoraenequipo.com.mx\/analizaran-los-cambios-que-experimentara-la-salud-despues-de-la-pandemia-en-latam\/","og_site_name":"Sonora en Equipo.","article_publisher":"https:\/\/www.facebook.com\/SonoraEE\/","article_author":"https:\/\/www.facebook.com\/SonoraEE","article_published_time":"2021-11-17T21:56:09+00:00","article_modified_time":"2021-11-17T22:37:17+00:00","og_image":[{"width":700,"height":400,"url":"https:\/\/www.sonoraenequipo.com.mx\/storage\/2021\/11\/semaforo-cdmx-covid_opt.jpg","type":"image\/jpeg"}],"author":"enequipo","twitter_card":"summary_large_image","twitter_creator":"@sonoraenequipo","twitter_site":"@sonoraenequipo","twitter_misc":{"Escrito por":"enequipo","Tiempo de lectura":"3 minutos"},"schema":{"@context":"https:\/\/schema.org","@graph":[{"@type":"Article","@id":"https:\/\/www.sonoraenequipo.com.mx\/analizaran-los-cambios-que-experimentara-la-salud-despues-de-la-pandemia-en-latam\/#article","isPartOf":{"@id":"https:\/\/www.sonoraenequipo.com.mx\/analizaran-los-cambios-que-experimentara-la-salud-despues-de-la-pandemia-en-latam\/"},"author":{"name":"enequipo","@id":"https:\/\/www.sonoraenequipo.com.mx\/#\/schema\/person\/50102df0fb23a8fa9e8effad8fa81386"},"headline":"Analizar\u00e1n los \u00a0cambios que experimentar\u00e1 la Salud despu\u00e9s de la pandemia en LATAM","datePublished":"2021-11-17T21:56:09+00:00","dateModified":"2021-11-17T22:37:17+00:00","mainEntityOfPage":{"@id":"https:\/\/www.sonoraenequipo.com.mx\/analizaran-los-cambios-que-experimentara-la-salud-despues-de-la-pandemia-en-latam\/"},"wordCount":726,"commentCount":0,"publisher":{"@id":"https:\/\/www.sonoraenequipo.com.mx\/#organization"},"image":{"@id":"https:\/\/www.sonoraenequipo.com.mx\/analizaran-los-cambios-que-experimentara-la-salud-despues-de-la-pandemia-en-latam\/#primaryimage"},"thumbnailUrl":"https:\/\/www.sonoraenequipo.com.mx\/storage\/2021\/11\/semaforo-cdmx-covid_opt.jpg","keywords":["covid","Mundo"],"articleSection":["Ciencia y Tecnolog\u00eda"],"inLanguage":"es","potentialAction":[{"@type":"CommentAction","name":"Comment","target":["https:\/\/www.sonoraenequipo.com.mx\/analizaran-los-cambios-que-experimentara-la-salud-despues-de-la-pandemia-en-latam\/#respond"]}]},{"@type":"WebPage","@id":"https:\/\/www.sonoraenequipo.com.mx\/analizaran-los-cambios-que-experimentara-la-salud-despues-de-la-pandemia-en-latam\/","url":"https:\/\/www.sonoraenequipo.com.mx\/analizaran-los-cambios-que-experimentara-la-salud-despues-de-la-pandemia-en-latam\/","name":"Sonora en Equipo. Analizar\u00e1n los \u00a0cambios que experimentar\u00e1 la Salud despu\u00e9s de la pandemia en LATAM Ciencia y Tecnolog\u00eda","isPartOf":{"@id":"https:\/\/www.sonoraenequipo.com.mx\/#website"},"primaryImageOfPage":{"@id":"https:\/\/www.sonoraenequipo.com.mx\/analizaran-los-cambios-que-experimentara-la-salud-despues-de-la-pandemia-en-latam\/#primaryimage"},"image":{"@id":"https:\/\/www.sonoraenequipo.com.mx\/analizaran-los-cambios-que-experimentara-la-salud-despues-de-la-pandemia-en-latam\/#primaryimage"},"thumbnailUrl":"https:\/\/www.sonoraenequipo.com.mx\/storage\/2021\/11\/semaforo-cdmx-covid_opt.jpg","datePublished":"2021-11-17T21:56:09+00:00","dateModified":"2021-11-17T22:37:17+00:00","description":"CIUDAD DE M\u00c9XICO.\u2500\u2500 Una pandemia, con un sistema hospitalario al borde del colapso en su momento m\u00e1s dif\u00edcil, motiv\u00f3 a las personas a tratarse a En Sonora en Equipo publicamos toda la informaci\u00f3n de Sonora, M\u00e9xico y el Mundo de manera oportuna y busca que la libertad de expresi\u00f3n sea real. Visita nuestro medio informativo publicado desde Hermosillo, Sonora. %","breadcrumb":{"@id":"https:\/\/www.sonoraenequipo.com.mx\/analizaran-los-cambios-que-experimentara-la-salud-despues-de-la-pandemia-en-latam\/#breadcrumb"},"inLanguage":"es","potentialAction":[{"@type":"ReadAction","target":["https:\/\/www.sonoraenequipo.com.mx\/analizaran-los-cambios-que-experimentara-la-salud-despues-de-la-pandemia-en-latam\/"]}]},{"@type":"ImageObject","inLanguage":"es","@id":"https:\/\/www.sonoraenequipo.com.mx\/analizaran-los-cambios-que-experimentara-la-salud-despues-de-la-pandemia-en-latam\/#primaryimage","url":"https:\/\/www.sonoraenequipo.com.mx\/storage\/2021\/11\/semaforo-cdmx-covid_opt.jpg","contentUrl":"https:\/\/www.sonoraenequipo.com.mx\/storage\/2021\/11\/semaforo-cdmx-covid_opt.jpg","width":700,"height":400},{"@type":"BreadcrumbList","@id":"https:\/\/www.sonoraenequipo.com.mx\/analizaran-los-cambios-que-experimentara-la-salud-despues-de-la-pandemia-en-latam\/#breadcrumb","itemListElement":[{"@type":"ListItem","position":1,"name":"Portada","item":"https:\/\/www.sonoraenequipo.com.mx\/"},{"@type":"ListItem","position":2,"name":"Analizar\u00e1n los \u00a0cambios que experimentar\u00e1 la Salud despu\u00e9s de la pandemia en LATAM"}]},{"@type":"WebSite","@id":"https:\/\/www.sonoraenequipo.com.mx\/#website","url":"https:\/\/www.sonoraenequipo.com.mx\/","name":"Sonora en Equipo.","description":"Diario en l\u00ednea con Noticias desde Hermosillo, Sonora","publisher":{"@id":"https:\/\/www.sonoraenequipo.com.mx\/#organization"},"potentialAction":[{"@type":"SearchAction","target":{"@type":"EntryPoint","urlTemplate":"https:\/\/www.sonoraenequipo.com.mx\/?s={search_term_string}"},"query-input":{"@type":"PropertyValueSpecification","valueRequired":true,"valueName":"search_term_string"}}],"inLanguage":"es"},{"@type":"Organization","@id":"https:\/\/www.sonoraenequipo.com.mx\/#organization","name":"Sonoraenequipo.com.mx","url":"https:\/\/www.sonoraenequipo.com.mx\/","logo":{"@type":"ImageObject","inLanguage":"es","@id":"https:\/\/www.sonoraenequipo.com.mx\/#\/schema\/logo\/image\/","url":"https:\/\/www.sonoraenequipo.com.mx\/storage\/2019\/01\/sonoraenequipo_opt.png","contentUrl":"https:\/\/www.sonoraenequipo.com.mx\/storage\/2019\/01\/sonoraenequipo_opt.png","width":375,"height":125,"caption":"Sonoraenequipo.com.mx"},"image":{"@id":"https:\/\/www.sonoraenequipo.com.mx\/#\/schema\/logo\/image\/"},"sameAs":["https:\/\/www.facebook.com\/SonoraEE\/","https:\/\/x.com\/sonoraenequipo","https:\/\/www.youtube.com\/channel\/UC338nW-lPEYmJQs4ZABQ1SQ"]},{"@type":"Person","@id":"https:\/\/www.sonoraenequipo.com.mx\/#\/schema\/person\/50102df0fb23a8fa9e8effad8fa81386","name":"enequipo","image":{"@type":"ImageObject","inLanguage":"es","@id":"https:\/\/www.sonoraenequipo.com.mx\/#\/schema\/person\/image\/","url":"https:\/\/secure.gravatar.com\/avatar\/049821681b589dabc0bc20695993ccebb09f5b5d4d790cd9251b97faac7c652b?s=96&d=blank&r=g","contentUrl":"https:\/\/secure.gravatar.com\/avatar\/049821681b589dabc0bc20695993ccebb09f5b5d4d790cd9251b97faac7c652b?s=96&d=blank&r=g","caption":"enequipo"},"sameAs":["https:\/\/www.facebook.com\/SonoraEE"]}]}},"jetpack_featured_media_url":"https:\/\/www.sonoraenequipo.com.mx\/storage\/2021\/11\/semaforo-cdmx-covid_opt.jpg","_links":{"self":[{"href":"https:\/\/www.sonoraenequipo.com.mx\/api\/wp\/v2\/posts\/127648","targetHints":{"allow":["GET"]}}],"collection":[{"href":"https:\/\/www.sonoraenequipo.com.mx\/api\/wp\/v2\/posts"}],"about":[{"href":"https:\/\/www.sonoraenequipo.com.mx\/api\/wp\/v2\/types\/post"}],"author":[{"embeddable":true,"href":"https:\/\/www.sonoraenequipo.com.mx\/api\/wp\/v2\/users\/1"}],"replies":[{"embeddable":true,"href":"https:\/\/www.sonoraenequipo.com.mx\/api\/wp\/v2\/comments?post=127648"}],"version-history":[{"count":1,"href":"https:\/\/www.sonoraenequipo.com.mx\/api\/wp\/v2\/posts\/127648\/revisions"}],"predecessor-version":[{"id":127651,"href":"https:\/\/www.sonoraenequipo.com.mx\/api\/wp\/v2\/posts\/127648\/revisions\/127651"}],"wp:featuredmedia":[{"embeddable":true,"href":"https:\/\/www.sonoraenequipo.com.mx\/api\/wp\/v2\/media\/126783"}],"wp:attachment":[{"href":"https:\/\/www.sonoraenequipo.com.mx\/api\/wp\/v2\/media?parent=127648"}],"wp:term":[{"taxonomy":"category","embeddable":true,"href":"https:\/\/www.sonoraenequipo.com.mx\/api\/wp\/v2\/categories?post=127648"},{"taxonomy":"post_tag","embeddable":true,"href":"https:\/\/www.sonoraenequipo.com.mx\/api\/wp\/v2\/tags?post=127648"}],"curies":[{"name":"wp","href":"https:\/\/api.w.org\/{rel}","templated":true}]}}