{"id":127658,"date":"2021-11-17T10:20:54","date_gmt":"2021-11-17T17:20:54","guid":{"rendered":"https:\/\/www.sonoraenequipo.com.mx\/?p=127658"},"modified":"2021-11-17T16:25:49","modified_gmt":"2021-11-17T23:25:49","slug":"no-hay-plan-b-para-inicio-del-tren-maya-estara-terminado-a-finales-de-2023-amlo","status":"publish","type":"post","link":"https:\/\/www.sonoraenequipo.com.mx\/no-hay-plan-b-para-inicio-del-tren-maya-estara-terminado-a-finales-de-2023-amlo\/","title":{"rendered":"No hay \u2018plan B\u2019 para inicio del Tren Maya, estar\u00e1 terminado a finales de 2023: AMLO"},"content":{"rendered":"<p>CIUDAD DE M\u00c9XICO. MX. \u2014 El presidente Andr\u00e9s Manuel L\u00f3pez Obrador dijo que no hay un Plan B para el inicio de operaciones del Tren Maya, el cual deber\u00e1 estar terminado y en funcionamiento a finales del 2023.<\/p>\n<p>&nbsp;<\/p>\n<p> <\/p>\n<p>En La Ma\u00f1anera desde Canc\u00fan, Quintana Roo, el mandatario federal dijo que el conjunto de obras que incluyen los aeropuertos Felipe \u00c1ngeles, Tulum y Palenque, adem\u00e1s del Tren Maya, debe quedar finalizado durante su administraci\u00f3n.<\/p>\n<p>&nbsp;<\/p>\n<p>&nbsp;<\/p>\n<p><em>\u201cEstos aeropuertos van a estar manejados por una empresa que va a ser operada por la Secretar\u00eda de la Defensa Nacional, el Tren Maya, las estaciones, estos aeropuertos Tulum, Chetumal, Palenque y el Aeropuerto Felipe \u00c1ngeles, es un corporativo para que no haya tentaci\u00f3n de que, al paso del tiempo, toco madera, regresen los privatizadores, y que quieren convertir estos bienes nacionales en bienes de particulares, de sus allegados, como fue la historia del periodo neoliberal\u00bb.<\/em><\/p>\n<p>&nbsp;<\/p>\n<p><em>\u201cEntonces, al dejar este patrimonio de M\u00e9xico en custodia de la Secretar\u00eda de la Defensa tenemos garant\u00eda de que no se van a desincorporar estos bienes del patrimonio p\u00fablico, para eso es el que se est\u00e1 trabajando en el Tren Maya. Y no hay plan B, vamos a terminar a finales del 23, tiene que empezar a operar todo el Tren Maya\u201d,<\/em> apunt\u00f3.<\/p>\n<p>&nbsp;<\/p>\n<p>L\u00f3pez Obrador reconoci\u00f3 que existen dificultades para obtener los derechos de v\u00eda del Tramo cinco de la obra y que a\u00fan se define si ser\u00e1 elevado o por tierra. Sin embargo, se\u00f1al\u00f3 que, a pesar de las dificultades, el Fondo Nacional de Fomento al Turismo (Fonatur) y Grupo M\u00e9xico no tienen obst\u00e1culos en la construcci\u00f3n del tramo que va de Playa del Carmen a Tulum.<\/p>\n<p>&nbsp;<\/p>\n<p><em>\u201cEn ese tramo, aunque hay menos distancia, hay m\u00e1s complejidad porque es m\u00e1s dif\u00edcil obtener el derecho de v\u00eda, se est\u00e1n analizando dos opciones: el derecho de v\u00eda de la carretera, nada m\u00e1s que hacia arriba, un viaducto, un segundo piso, (o tambi\u00e9n) que vaya a ras de tierra el tren, de la carretera de la Riviera Maya, hacia adentro, no cerca de el Mar Caribe, no cerca de la playa, esa es una posibilidad. Se est\u00e1 analizando la mejor opci\u00f3n, pero no tenemos realmente en ning\u00fan obst\u00e1culo para llevar a cabo la obra\u201d,<\/em> refiri\u00f3.<\/p>\n<p>Adem\u00e1s, adelant\u00f3 que ya se adquirieron los terrenos para el aeropuerto de Tulum y que los ejidatarios podr\u00e1n desarrollar proyectos en las inmediaciones.<\/p>\n<p>&nbsp;<\/p>\n<p>(Publicada el 17\/11\/2021<\/p>\n","protected":false},"excerpt":{"rendered":"<p>CIUDAD DE M\u00c9XICO. MX. \u2014 El presidente Andr\u00e9s Manuel L\u00f3pez Obrador dijo que no hay&#8230;<\/p>\n","protected":false},"author":1,"featured_media":127659,"comment_status":"open","ping_status":"open","sticky":false,"template":"","format":"standard","meta":{"_monsterinsights_skip_tracking":false,"_monsterinsights_sitenote_active":false,"_monsterinsights_sitenote_note":"","_monsterinsights_sitenote_category":0,"footnotes":""},"categories":[5],"tags":[],"class_list":["post"],"yoast_head":" \n<title>Sonora en Equipo. No hay \u2018plan B\u2019 para inicio del Tren Maya, estar\u00e1 terminado a finales de 2023: AMLO Rep\u00fablica<\/title>\n<meta name=\"description\" content=\"CIUDAD DE M\u00c9XICO. MX. \u2014 El presidente Andr\u00e9s Manuel L\u00f3pez Obrador dijo que no hay un Plan B para el inicio de operaciones del Tren Maya, el cual deber\u00e1 En Sonora en Equipo publicamos toda la informaci\u00f3n de Sonora, M\u00e9xico y el Mundo de manera oportuna y busca que la libertad de expresi\u00f3n sea real. Visita nuestro medio informativo publicado desde Hermosillo, Sonora. %\" \/>\n<meta name=\"robots\" content=\"index, follow, max-snippet:-1, max-image-preview:large, max-video-preview:-1\" \/>\n<link rel=\"canonical\" href=\"https:\/\/www.sonoraenequipo.com.mx\/no-hay-plan-b-para-inicio-del-tren-maya-estara-terminado-a-finales-de-2023-amlo\/\" \/>\n<meta property=\"og:locale\" content=\"es_ES\" \/>\n<meta property=\"og:type\" content=\"article\" \/>\n<meta property=\"og:title\" content=\"Sonora en Equipo. No hay \u2018plan B\u2019 para inicio del Tren Maya, estar\u00e1 terminado a finales de 2023: AMLO Rep\u00fablica\" \/>\n<meta property=\"og:description\" content=\"CIUDAD DE M\u00c9XICO. MX. \u2014 El presidente Andr\u00e9s Manuel L\u00f3pez Obrador dijo que no hay un Plan B para el inicio de operaciones del Tren Maya, el cual deber\u00e1 En Sonora en Equipo publicamos toda la informaci\u00f3n de Sonora, M\u00e9xico y el Mundo de manera oportuna y busca que la libertad de expresi\u00f3n sea real. Visita nuestro medio informativo publicado desde Hermosillo, Sonora. %\" \/>\n<meta property=\"og:url\" content=\"https:\/\/www.sonoraenequipo.com.mx\/no-hay-plan-b-para-inicio-del-tren-maya-estara-terminado-a-finales-de-2023-amlo\/\" \/>\n<meta property=\"og:site_name\" content=\"Sonora en Equipo.\" \/>\n<meta property=\"article:publisher\" content=\"https:\/\/www.facebook.com\/SonoraEE\/\" \/>\n<meta property=\"article:author\" content=\"https:\/\/www.facebook.com\/SonoraEE\" \/>\n<meta property=\"article:published_time\" content=\"2021-11-17T17:20:54+00:00\" \/>\n<meta property=\"article:modified_time\" content=\"2021-11-17T23:25:49+00:00\" \/>\n<meta property=\"og:image\" content=\"https:\/\/www.sonoraenequipo.com.mx\/storage\/2021\/11\/mandatario-sostuvo-megaobras-estaran-listas_opt.jpg\" \/>\n\t<meta property=\"og:image:width\" content=\"700\" \/>\n\t<meta property=\"og:image:height\" content=\"400\" \/>\n\t<meta property=\"og:image:type\" content=\"image\/jpeg\" \/>\n<meta name=\"author\" content=\"enequipo\" \/>\n<meta name=\"twitter:card\" content=\"summary_large_image\" \/>\n<meta name=\"twitter:creator\" content=\"@sonoraenequipo\" \/>\n<meta name=\"twitter:site\" content=\"@sonoraenequipo\" \/>\n<meta name=\"twitter:label1\" content=\"Escrito por\" \/>\n\t<meta name=\"twitter:data1\" content=\"enequipo\" \/>\n\t<meta name=\"twitter:label2\" content=\"Tiempo de lectura\" \/>\n\t<meta name=\"twitter:data2\" content=\"2 minutos\" \/>\n<script type=\"application\/ld+json\" class=\"yoast-schema-graph\">{\"@context\":\"https:\/\/schema.org\",\"@graph\":[{\"@type\":\"Article\",\"@id\":\"https:\/\/www.sonoraenequipo.com.mx\/no-hay-plan-b-para-inicio-del-tren-maya-estara-terminado-a-finales-de-2023-amlo\/#article\",\"isPartOf\":{\"@id\":\"https:\/\/www.sonoraenequipo.com.mx\/no-hay-plan-b-para-inicio-del-tren-maya-estara-terminado-a-finales-de-2023-amlo\/\"},\"author\":{\"name\":\"enequipo\",\"@id\":\"https:\/\/www.sonoraenequipo.com.mx\/#\/schema\/person\/50102df0fb23a8fa9e8effad8fa81386\"},\"headline\":\"No hay \u2018plan B\u2019 para inicio del Tren Maya, estar\u00e1 terminado a finales de 2023: AMLO\",\"datePublished\":\"2021-11-17T17:20:54+00:00\",\"dateModified\":\"2021-11-17T23:25:49+00:00\",\"mainEntityOfPage\":{\"@id\":\"https:\/\/www.sonoraenequipo.com.mx\/no-hay-plan-b-para-inicio-del-tren-maya-estara-terminado-a-finales-de-2023-amlo\/\"},\"wordCount\":449,\"commentCount\":0,\"publisher\":{\"@id\":\"https:\/\/www.sonoraenequipo.com.mx\/#organization\"},\"image\":{\"@id\":\"https:\/\/www.sonoraenequipo.com.mx\/no-hay-plan-b-para-inicio-del-tren-maya-estara-terminado-a-finales-de-2023-amlo\/#primaryimage\"},\"thumbnailUrl\":\"https:\/\/www.sonoraenequipo.com.mx\/storage\/2021\/11\/mandatario-sostuvo-megaobras-estaran-listas_opt.jpg\",\"articleSection\":[\"Rep\u00fablica\"],\"inLanguage\":\"es\",\"potentialAction\":[{\"@type\":\"CommentAction\",\"name\":\"Comment\",\"target\":[\"https:\/\/www.sonoraenequipo.com.mx\/no-hay-plan-b-para-inicio-del-tren-maya-estara-terminado-a-finales-de-2023-amlo\/#respond\"]}]},{\"@type\":\"WebPage\",\"@id\":\"https:\/\/www.sonoraenequipo.com.mx\/no-hay-plan-b-para-inicio-del-tren-maya-estara-terminado-a-finales-de-2023-amlo\/\",\"url\":\"https:\/\/www.sonoraenequipo.com.mx\/no-hay-plan-b-para-inicio-del-tren-maya-estara-terminado-a-finales-de-2023-amlo\/\",\"name\":\"Sonora en Equipo. No hay \u2018plan B\u2019 para inicio del Tren Maya, estar\u00e1 terminado a finales de 2023: AMLO Rep\u00fablica\",\"isPartOf\":{\"@id\":\"https:\/\/www.sonoraenequipo.com.mx\/#website\"},\"primaryImageOfPage\":{\"@id\":\"https:\/\/www.sonoraenequipo.com.mx\/no-hay-plan-b-para-inicio-del-tren-maya-estara-terminado-a-finales-de-2023-amlo\/#primaryimage\"},\"image\":{\"@id\":\"https:\/\/www.sonoraenequipo.com.mx\/no-hay-plan-b-para-inicio-del-tren-maya-estara-terminado-a-finales-de-2023-amlo\/#primaryimage\"},\"thumbnailUrl\":\"https:\/\/www.sonoraenequipo.com.mx\/storage\/2021\/11\/mandatario-sostuvo-megaobras-estaran-listas_opt.jpg\",\"datePublished\":\"2021-11-17T17:20:54+00:00\",\"dateModified\":\"2021-11-17T23:25:49+00:00\",\"description\":\"CIUDAD DE M\u00c9XICO. MX. \u2014 El presidente Andr\u00e9s Manuel L\u00f3pez Obrador dijo que no hay un Plan B para el inicio de operaciones del Tren Maya, el cual deber\u00e1 En Sonora en Equipo publicamos toda la informaci\u00f3n de Sonora, M\u00e9xico y el Mundo de manera oportuna y busca que la libertad de expresi\u00f3n sea real. Visita nuestro medio informativo publicado desde Hermosillo, Sonora. %\",\"breadcrumb\":{\"@id\":\"https:\/\/www.sonoraenequipo.com.mx\/no-hay-plan-b-para-inicio-del-tren-maya-estara-terminado-a-finales-de-2023-amlo\/#breadcrumb\"},\"inLanguage\":\"es\",\"potentialAction\":[{\"@type\":\"ReadAction\",\"target\":[\"https:\/\/www.sonoraenequipo.com.mx\/no-hay-plan-b-para-inicio-del-tren-maya-estara-terminado-a-finales-de-2023-amlo\/\"]}]},{\"@type\":\"ImageObject\",\"inLanguage\":\"es\",\"@id\":\"https:\/\/www.sonoraenequipo.com.mx\/no-hay-plan-b-para-inicio-del-tren-maya-estara-terminado-a-finales-de-2023-amlo\/#primaryimage\",\"url\":\"https:\/\/www.sonoraenequipo.com.mx\/storage\/2021\/11\/mandatario-sostuvo-megaobras-estaran-listas_opt.jpg\",\"contentUrl\":\"https:\/\/www.sonoraenequipo.com.mx\/storage\/2021\/11\/mandatario-sostuvo-megaobras-estaran-listas_opt.jpg\",\"width\":700,\"height\":400},{\"@type\":\"BreadcrumbList\",\"@id\":\"https:\/\/www.sonoraenequipo.com.mx\/no-hay-plan-b-para-inicio-del-tren-maya-estara-terminado-a-finales-de-2023-amlo\/#breadcrumb\",\"itemListElement\":[{\"@type\":\"ListItem\",\"position\":1,\"name\":\"Portada\",\"item\":\"https:\/\/www.sonoraenequipo.com.mx\/\"},{\"@type\":\"ListItem\",\"position\":2,\"name\":\"No hay \u2018plan B\u2019 para inicio del Tren Maya, estar\u00e1 terminado a finales de 2023: AMLO\"}]},{\"@type\":\"WebSite\",\"@id\":\"https:\/\/www.sonoraenequipo.com.mx\/#website\",\"url\":\"https:\/\/www.sonoraenequipo.com.mx\/\",\"name\":\"Sonora en Equipo.\",\"description\":\"Diario en l\u00ednea con Noticias desde Hermosillo, Sonora\",\"publisher\":{\"@id\":\"https:\/\/www.sonoraenequipo.com.mx\/#organization\"},\"potentialAction\":[{\"@type\":\"SearchAction\",\"target\":{\"@type\":\"EntryPoint\",\"urlTemplate\":\"https:\/\/www.sonoraenequipo.com.mx\/?s={search_term_string}\"},\"query-input\":{\"@type\":\"PropertyValueSpecification\",\"valueRequired\":true,\"valueName\":\"search_term_string\"}}],\"inLanguage\":\"es\"},{\"@type\":\"Organization\",\"@id\":\"https:\/\/www.sonoraenequipo.com.mx\/#organization\",\"name\":\"Sonoraenequipo.com.mx\",\"url\":\"https:\/\/www.sonoraenequipo.com.mx\/\",\"logo\":{\"@type\":\"ImageObject\",\"inLanguage\":\"es\",\"@id\":\"https:\/\/www.sonoraenequipo.com.mx\/#\/schema\/logo\/image\/\",\"url\":\"https:\/\/www.sonoraenequipo.com.mx\/storage\/2019\/01\/sonoraenequipo_opt.png\",\"contentUrl\":\"https:\/\/www.sonoraenequipo.com.mx\/storage\/2019\/01\/sonoraenequipo_opt.png\",\"width\":375,\"height\":125,\"caption\":\"Sonoraenequipo.com.mx\"},\"image\":{\"@id\":\"https:\/\/www.sonoraenequipo.com.mx\/#\/schema\/logo\/image\/\"},\"sameAs\":[\"https:\/\/www.facebook.com\/SonoraEE\/\",\"https:\/\/x.com\/sonoraenequipo\",\"https:\/\/www.youtube.com\/channel\/UC338nW-lPEYmJQs4ZABQ1SQ\"]},{\"@type\":\"Person\",\"@id\":\"https:\/\/www.sonoraenequipo.com.mx\/#\/schema\/person\/50102df0fb23a8fa9e8effad8fa81386\",\"name\":\"enequipo\",\"image\":{\"@type\":\"ImageObject\",\"inLanguage\":\"es\",\"@id\":\"https:\/\/www.sonoraenequipo.com.mx\/#\/schema\/person\/image\/\",\"url\":\"https:\/\/secure.gravatar.com\/avatar\/049821681b589dabc0bc20695993ccebb09f5b5d4d790cd9251b97faac7c652b?s=96&d=blank&r=g\",\"contentUrl\":\"https:\/\/secure.gravatar.com\/avatar\/049821681b589dabc0bc20695993ccebb09f5b5d4d790cd9251b97faac7c652b?s=96&d=blank&r=g\",\"caption\":\"enequipo\"},\"sameAs\":[\"https:\/\/www.facebook.com\/SonoraEE\"]}]}<\/script>\n ","yoast_head_json":{"title":"Sonora en Equipo. No hay \u2018plan B\u2019 para inicio del Tren Maya, estar\u00e1 terminado a finales de 2023: AMLO Rep\u00fablica","description":"CIUDAD DE M\u00c9XICO. MX. \u2014 El presidente Andr\u00e9s Manuel L\u00f3pez Obrador dijo que no hay un Plan B para el inicio de operaciones del Tren Maya, el cual deber\u00e1 En Sonora en Equipo publicamos toda la informaci\u00f3n de Sonora, M\u00e9xico y el Mundo de manera oportuna y busca que la libertad de expresi\u00f3n sea real. Visita nuestro medio informativo publicado desde Hermosillo, Sonora. %","robots":{"index":"index","follow":"follow","max-snippet":"max-snippet:-1","max-image-preview":"max-image-preview:large","max-video-preview":"max-video-preview:-1"},"canonical":"https:\/\/www.sonoraenequipo.com.mx\/no-hay-plan-b-para-inicio-del-tren-maya-estara-terminado-a-finales-de-2023-amlo\/","og_locale":"es_ES","og_type":"article","og_title":"Sonora en Equipo. No hay \u2018plan B\u2019 para inicio del Tren Maya, estar\u00e1 terminado a finales de 2023: AMLO Rep\u00fablica","og_description":"CIUDAD DE M\u00c9XICO. MX. \u2014 El presidente Andr\u00e9s Manuel L\u00f3pez Obrador dijo que no hay un Plan B para el inicio de operaciones del Tren Maya, el cual deber\u00e1 En Sonora en Equipo publicamos toda la informaci\u00f3n de Sonora, M\u00e9xico y el Mundo de manera oportuna y busca que la libertad de expresi\u00f3n sea real. Visita nuestro medio informativo publicado desde Hermosillo, Sonora. %","og_url":"https:\/\/www.sonoraenequipo.com.mx\/no-hay-plan-b-para-inicio-del-tren-maya-estara-terminado-a-finales-de-2023-amlo\/","og_site_name":"Sonora en Equipo.","article_publisher":"https:\/\/www.facebook.com\/SonoraEE\/","article_author":"https:\/\/www.facebook.com\/SonoraEE","article_published_time":"2021-11-17T17:20:54+00:00","article_modified_time":"2021-11-17T23:25:49+00:00","og_image":[{"width":700,"height":400,"url":"https:\/\/www.sonoraenequipo.com.mx\/storage\/2021\/11\/mandatario-sostuvo-megaobras-estaran-listas_opt.jpg","type":"image\/jpeg"}],"author":"enequipo","twitter_card":"summary_large_image","twitter_creator":"@sonoraenequipo","twitter_site":"@sonoraenequipo","twitter_misc":{"Escrito por":"enequipo","Tiempo de lectura":"2 minutos"},"schema":{"@context":"https:\/\/schema.org","@graph":[{"@type":"Article","@id":"https:\/\/www.sonoraenequipo.com.mx\/no-hay-plan-b-para-inicio-del-tren-maya-estara-terminado-a-finales-de-2023-amlo\/#article","isPartOf":{"@id":"https:\/\/www.sonoraenequipo.com.mx\/no-hay-plan-b-para-inicio-del-tren-maya-estara-terminado-a-finales-de-2023-amlo\/"},"author":{"name":"enequipo","@id":"https:\/\/www.sonoraenequipo.com.mx\/#\/schema\/person\/50102df0fb23a8fa9e8effad8fa81386"},"headline":"No hay \u2018plan B\u2019 para inicio del Tren Maya, estar\u00e1 terminado a finales de 2023: AMLO","datePublished":"2021-11-17T17:20:54+00:00","dateModified":"2021-11-17T23:25:49+00:00","mainEntityOfPage":{"@id":"https:\/\/www.sonoraenequipo.com.mx\/no-hay-plan-b-para-inicio-del-tren-maya-estara-terminado-a-finales-de-2023-amlo\/"},"wordCount":449,"commentCount":0,"publisher":{"@id":"https:\/\/www.sonoraenequipo.com.mx\/#organization"},"image":{"@id":"https:\/\/www.sonoraenequipo.com.mx\/no-hay-plan-b-para-inicio-del-tren-maya-estara-terminado-a-finales-de-2023-amlo\/#primaryimage"},"thumbnailUrl":"https:\/\/www.sonoraenequipo.com.mx\/storage\/2021\/11\/mandatario-sostuvo-megaobras-estaran-listas_opt.jpg","articleSection":["Rep\u00fablica"],"inLanguage":"es","potentialAction":[{"@type":"CommentAction","name":"Comment","target":["https:\/\/www.sonoraenequipo.com.mx\/no-hay-plan-b-para-inicio-del-tren-maya-estara-terminado-a-finales-de-2023-amlo\/#respond"]}]},{"@type":"WebPage","@id":"https:\/\/www.sonoraenequipo.com.mx\/no-hay-plan-b-para-inicio-del-tren-maya-estara-terminado-a-finales-de-2023-amlo\/","url":"https:\/\/www.sonoraenequipo.com.mx\/no-hay-plan-b-para-inicio-del-tren-maya-estara-terminado-a-finales-de-2023-amlo\/","name":"Sonora en Equipo. No hay \u2018plan B\u2019 para inicio del Tren Maya, estar\u00e1 terminado a finales de 2023: AMLO Rep\u00fablica","isPartOf":{"@id":"https:\/\/www.sonoraenequipo.com.mx\/#website"},"primaryImageOfPage":{"@id":"https:\/\/www.sonoraenequipo.com.mx\/no-hay-plan-b-para-inicio-del-tren-maya-estara-terminado-a-finales-de-2023-amlo\/#primaryimage"},"image":{"@id":"https:\/\/www.sonoraenequipo.com.mx\/no-hay-plan-b-para-inicio-del-tren-maya-estara-terminado-a-finales-de-2023-amlo\/#primaryimage"},"thumbnailUrl":"https:\/\/www.sonoraenequipo.com.mx\/storage\/2021\/11\/mandatario-sostuvo-megaobras-estaran-listas_opt.jpg","datePublished":"2021-11-17T17:20:54+00:00","dateModified":"2021-11-17T23:25:49+00:00","description":"CIUDAD DE M\u00c9XICO. MX. \u2014 El presidente Andr\u00e9s Manuel L\u00f3pez Obrador dijo que no hay un Plan B para el inicio de operaciones del Tren Maya, el cual deber\u00e1 En Sonora en Equipo publicamos toda la informaci\u00f3n de Sonora, M\u00e9xico y el Mundo de manera oportuna y busca que la libertad de expresi\u00f3n sea real. Visita nuestro medio informativo publicado desde Hermosillo, Sonora. %","breadcrumb":{"@id":"https:\/\/www.sonoraenequipo.com.mx\/no-hay-plan-b-para-inicio-del-tren-maya-estara-terminado-a-finales-de-2023-amlo\/#breadcrumb"},"inLanguage":"es","potentialAction":[{"@type":"ReadAction","target":["https:\/\/www.sonoraenequipo.com.mx\/no-hay-plan-b-para-inicio-del-tren-maya-estara-terminado-a-finales-de-2023-amlo\/"]}]},{"@type":"ImageObject","inLanguage":"es","@id":"https:\/\/www.sonoraenequipo.com.mx\/no-hay-plan-b-para-inicio-del-tren-maya-estara-terminado-a-finales-de-2023-amlo\/#primaryimage","url":"https:\/\/www.sonoraenequipo.com.mx\/storage\/2021\/11\/mandatario-sostuvo-megaobras-estaran-listas_opt.jpg","contentUrl":"https:\/\/www.sonoraenequipo.com.mx\/storage\/2021\/11\/mandatario-sostuvo-megaobras-estaran-listas_opt.jpg","width":700,"height":400},{"@type":"BreadcrumbList","@id":"https:\/\/www.sonoraenequipo.com.mx\/no-hay-plan-b-para-inicio-del-tren-maya-estara-terminado-a-finales-de-2023-amlo\/#breadcrumb","itemListElement":[{"@type":"ListItem","position":1,"name":"Portada","item":"https:\/\/www.sonoraenequipo.com.mx\/"},{"@type":"ListItem","position":2,"name":"No hay \u2018plan B\u2019 para inicio del Tren Maya, estar\u00e1 terminado a finales de 2023: AMLO"}]},{"@type":"WebSite","@id":"https:\/\/www.sonoraenequipo.com.mx\/#website","url":"https:\/\/www.sonoraenequipo.com.mx\/","name":"Sonora en Equipo.","description":"Diario en l\u00ednea con Noticias desde Hermosillo, Sonora","publisher":{"@id":"https:\/\/www.sonoraenequipo.com.mx\/#organization"},"potentialAction":[{"@type":"SearchAction","target":{"@type":"EntryPoint","urlTemplate":"https:\/\/www.sonoraenequipo.com.mx\/?s={search_term_string}"},"query-input":{"@type":"PropertyValueSpecification","valueRequired":true,"valueName":"search_term_string"}}],"inLanguage":"es"},{"@type":"Organization","@id":"https:\/\/www.sonoraenequipo.com.mx\/#organization","name":"Sonoraenequipo.com.mx","url":"https:\/\/www.sonoraenequipo.com.mx\/","logo":{"@type":"ImageObject","inLanguage":"es","@id":"https:\/\/www.sonoraenequipo.com.mx\/#\/schema\/logo\/image\/","url":"https:\/\/www.sonoraenequipo.com.mx\/storage\/2019\/01\/sonoraenequipo_opt.png","contentUrl":"https:\/\/www.sonoraenequipo.com.mx\/storage\/2019\/01\/sonoraenequipo_opt.png","width":375,"height":125,"caption":"Sonoraenequipo.com.mx"},"image":{"@id":"https:\/\/www.sonoraenequipo.com.mx\/#\/schema\/logo\/image\/"},"sameAs":["https:\/\/www.facebook.com\/SonoraEE\/","https:\/\/x.com\/sonoraenequipo","https:\/\/www.youtube.com\/channel\/UC338nW-lPEYmJQs4ZABQ1SQ"]},{"@type":"Person","@id":"https:\/\/www.sonoraenequipo.com.mx\/#\/schema\/person\/50102df0fb23a8fa9e8effad8fa81386","name":"enequipo","image":{"@type":"ImageObject","inLanguage":"es","@id":"https:\/\/www.sonoraenequipo.com.mx\/#\/schema\/person\/image\/","url":"https:\/\/secure.gravatar.com\/avatar\/049821681b589dabc0bc20695993ccebb09f5b5d4d790cd9251b97faac7c652b?s=96&d=blank&r=g","contentUrl":"https:\/\/secure.gravatar.com\/avatar\/049821681b589dabc0bc20695993ccebb09f5b5d4d790cd9251b97faac7c652b?s=96&d=blank&r=g","caption":"enequipo"},"sameAs":["https:\/\/www.facebook.com\/SonoraEE"]}]}},"jetpack_featured_media_url":"https:\/\/www.sonoraenequipo.com.mx\/storage\/2021\/11\/mandatario-sostuvo-megaobras-estaran-listas_opt.jpg","_links":{"self":[{"href":"https:\/\/www.sonoraenequipo.com.mx\/api\/wp\/v2\/posts\/127658","targetHints":{"allow":["GET"]}}],"collection":[{"href":"https:\/\/www.sonoraenequipo.com.mx\/api\/wp\/v2\/posts"}],"about":[{"href":"https:\/\/www.sonoraenequipo.com.mx\/api\/wp\/v2\/types\/post"}],"author":[{"embeddable":true,"href":"https:\/\/www.sonoraenequipo.com.mx\/api\/wp\/v2\/users\/1"}],"replies":[{"embeddable":true,"href":"https:\/\/www.sonoraenequipo.com.mx\/api\/wp\/v2\/comments?post=127658"}],"version-history":[{"count":3,"href":"https:\/\/www.sonoraenequipo.com.mx\/api\/wp\/v2\/posts\/127658\/revisions"}],"predecessor-version":[{"id":127662,"href":"https:\/\/www.sonoraenequipo.com.mx\/api\/wp\/v2\/posts\/127658\/revisions\/127662"}],"wp:featuredmedia":[{"embeddable":true,"href":"https:\/\/www.sonoraenequipo.com.mx\/api\/wp\/v2\/media\/127659"}],"wp:attachment":[{"href":"https:\/\/www.sonoraenequipo.com.mx\/api\/wp\/v2\/media?parent=127658"}],"wp:term":[{"taxonomy":"category","embeddable":true,"href":"https:\/\/www.sonoraenequipo.com.mx\/api\/wp\/v2\/categories?post=127658"},{"taxonomy":"post_tag","embeddable":true,"href":"https:\/\/www.sonoraenequipo.com.mx\/api\/wp\/v2\/tags?post=127658"}],"curies":[{"name":"wp","href":"https:\/\/api.w.org\/{rel}","templated":true}]}}