{"id":127666,"date":"2021-11-16T22:48:17","date_gmt":"2021-11-17T05:48:17","guid":{"rendered":"https:\/\/www.sonoraenequipo.com.mx\/?p=127666"},"modified":"2021-11-17T16:56:24","modified_gmt":"2021-11-17T23:56:24","slug":"tren-maya-comunicara-con-todas-las-ciudades-antiguas-amlo","status":"publish","type":"post","link":"https:\/\/www.sonoraenequipo.com.mx\/tren-maya-comunicara-con-todas-las-ciudades-antiguas-amlo\/","title":{"rendered":"Tren Maya comunicar\u00e1 con todas las ciudades antiguas: AMLO"},"content":{"rendered":"<p>CIUDAD DE M\u00c9XICO. MX. \u2014 El presidente Andr\u00e9s Manuel L\u00f3pez Obrador visit\u00f3 la zona arqueol\u00f3gica de Chich\u00e9n Itz\u00e1, en Yucat\u00e1n, donde dijo que el Tren Maya comunicar\u00e1 con todas las antiguas ciudades de esa gran civilizaci\u00f3n.<\/p>\n<p>&nbsp;<\/p>\n<p> <\/p>\n<p>&nbsp;<\/p>\n<p>Despu\u00e9s de participar en la inauguraci\u00f3n del Tianguis Tur\u00edstico, en la ciudad de M\u00e9rida, el primer mandatario dijo que el proyecto del Tren Maya incluye destinar recursos para la conservaci\u00f3n de las zonas arqueol\u00f3gicas que son patrimonio de la humanidad.<\/p>\n<p>&nbsp;<\/p>\n<p><em>\u00abVamos a poder transitar en el Tren Maya por mil 500 kil\u00f3metros de toda la regi\u00f3n maya, de lo que es el mundo maya\u00bb<\/em>, el cual est\u00e1 lleno de arte, cultura y sitios extraordinarios de mucho esplendor, expres\u00f3.<\/p>\n<p>&nbsp;<\/p>\n<p>Por su parte, el director del Instituto Nacional de Antropolog\u00eda e Historia (INAH), Diego Prieto Hern\u00e1ndez, mencion\u00f3 que la visita en Chich\u00e9n Itz\u00e1 fue para vincular el proyecto prioritario del Tren Maya con el mejoramiento de las zonas arqueol\u00f3gicas.<\/p>\n<p>&nbsp;<\/p>\n<p><em>\u00abMe complace mucho que el proyecto prioritario del Tren Maya est\u00e9 acompa\u00f1ado de un fortalecimiento de la tarea de investigaci\u00f3n, de conservaci\u00f3n, de acondicionamiento de algunas decenas de zonas arqueol\u00f3gicas\u00bb,<\/em> apunt\u00f3.<\/p>\n<p>&nbsp;<\/p>\n<p>Prieto Hern\u00e1ndez asegur\u00f3 que el proyecto del tren va a favorecer la visita a alrededor de 45 zonas arqueol\u00f3gicas.<\/p>\n<p>(Publicada el 16\/11\/2021<\/p>\n","protected":false},"excerpt":{"rendered":"<p>CIUDAD DE M\u00c9XICO. MX. \u2014 El presidente Andr\u00e9s Manuel L\u00f3pez Obrador visit\u00f3 la zona arqueol\u00f3gica&#8230;<\/p>\n","protected":false},"author":1,"featured_media":127667,"comment_status":"open","ping_status":"open","sticky":false,"template":"","format":"standard","meta":{"_monsterinsights_skip_tracking":false,"_monsterinsights_sitenote_active":false,"_monsterinsights_sitenote_note":"","_monsterinsights_sitenote_category":0,"footnotes":""},"categories":[5],"tags":[],"class_list":["post"],"yoast_head":" \n<title>Sonora en Equipo. Tren Maya comunicar\u00e1 con todas las ciudades antiguas: AMLO Rep\u00fablica<\/title>\n<meta name=\"description\" content=\"CIUDAD DE M\u00c9XICO. MX. \u2014 El presidente Andr\u00e9s Manuel L\u00f3pez Obrador visit\u00f3 la zona arqueol\u00f3gica de Chich\u00e9n Itz\u00e1, en Yucat\u00e1n, donde dijo que el Tren Maya En Sonora en Equipo publicamos toda la informaci\u00f3n de Sonora, M\u00e9xico y el Mundo de manera oportuna y busca que la libertad de expresi\u00f3n sea real. Visita nuestro medio informativo publicado desde Hermosillo, Sonora. %\" \/>\n<meta name=\"robots\" content=\"index, follow, max-snippet:-1, max-image-preview:large, max-video-preview:-1\" \/>\n<link rel=\"canonical\" href=\"https:\/\/www.sonoraenequipo.com.mx\/tren-maya-comunicara-con-todas-las-ciudades-antiguas-amlo\/\" \/>\n<meta property=\"og:locale\" content=\"es_ES\" \/>\n<meta property=\"og:type\" content=\"article\" \/>\n<meta property=\"og:title\" content=\"Sonora en Equipo. Tren Maya comunicar\u00e1 con todas las ciudades antiguas: AMLO Rep\u00fablica\" \/>\n<meta property=\"og:description\" content=\"CIUDAD DE M\u00c9XICO. MX. \u2014 El presidente Andr\u00e9s Manuel L\u00f3pez Obrador visit\u00f3 la zona arqueol\u00f3gica de Chich\u00e9n Itz\u00e1, en Yucat\u00e1n, donde dijo que el Tren Maya En Sonora en Equipo publicamos toda la informaci\u00f3n de Sonora, M\u00e9xico y el Mundo de manera oportuna y busca que la libertad de expresi\u00f3n sea real. Visita nuestro medio informativo publicado desde Hermosillo, Sonora. %\" \/>\n<meta property=\"og:url\" content=\"https:\/\/www.sonoraenequipo.com.mx\/tren-maya-comunicara-con-todas-las-ciudades-antiguas-amlo\/\" \/>\n<meta property=\"og:site_name\" content=\"Sonora en Equipo.\" \/>\n<meta property=\"article:publisher\" content=\"https:\/\/www.facebook.com\/SonoraEE\/\" \/>\n<meta property=\"article:author\" content=\"https:\/\/www.facebook.com\/SonoraEE\" \/>\n<meta property=\"article:published_time\" content=\"2021-11-17T05:48:17+00:00\" \/>\n<meta property=\"article:modified_time\" content=\"2021-11-17T23:56:24+00:00\" \/>\n<meta property=\"og:image\" content=\"https:\/\/www.sonoraenequipo.com.mx\/storage\/2021\/11\/tren-maya-comunicara-ciudades-antiguas_opt.jpg\" \/>\n\t<meta property=\"og:image:width\" content=\"700\" \/>\n\t<meta property=\"og:image:height\" content=\"400\" \/>\n\t<meta property=\"og:image:type\" content=\"image\/jpeg\" \/>\n<meta name=\"author\" content=\"enequipo\" \/>\n<meta name=\"twitter:card\" content=\"summary_large_image\" \/>\n<meta name=\"twitter:creator\" content=\"@sonoraenequipo\" \/>\n<meta name=\"twitter:site\" content=\"@sonoraenequipo\" \/>\n<meta name=\"twitter:label1\" content=\"Escrito por\" \/>\n\t<meta name=\"twitter:data1\" content=\"enequipo\" \/>\n\t<meta name=\"twitter:label2\" content=\"Tiempo de lectura\" \/>\n\t<meta name=\"twitter:data2\" content=\"1 minuto\" \/>\n<script type=\"application\/ld+json\" class=\"yoast-schema-graph\">{\"@context\":\"https:\/\/schema.org\",\"@graph\":[{\"@type\":\"Article\",\"@id\":\"https:\/\/www.sonoraenequipo.com.mx\/tren-maya-comunicara-con-todas-las-ciudades-antiguas-amlo\/#article\",\"isPartOf\":{\"@id\":\"https:\/\/www.sonoraenequipo.com.mx\/tren-maya-comunicara-con-todas-las-ciudades-antiguas-amlo\/\"},\"author\":{\"name\":\"enequipo\",\"@id\":\"https:\/\/www.sonoraenequipo.com.mx\/#\/schema\/person\/50102df0fb23a8fa9e8effad8fa81386\"},\"headline\":\"Tren Maya comunicar\u00e1 con todas las ciudades antiguas: AMLO\",\"datePublished\":\"2021-11-17T05:48:17+00:00\",\"dateModified\":\"2021-11-17T23:56:24+00:00\",\"mainEntityOfPage\":{\"@id\":\"https:\/\/www.sonoraenequipo.com.mx\/tren-maya-comunicara-con-todas-las-ciudades-antiguas-amlo\/\"},\"wordCount\":242,\"commentCount\":0,\"publisher\":{\"@id\":\"https:\/\/www.sonoraenequipo.com.mx\/#organization\"},\"image\":{\"@id\":\"https:\/\/www.sonoraenequipo.com.mx\/tren-maya-comunicara-con-todas-las-ciudades-antiguas-amlo\/#primaryimage\"},\"thumbnailUrl\":\"https:\/\/www.sonoraenequipo.com.mx\/storage\/2021\/11\/tren-maya-comunicara-ciudades-antiguas_opt.jpg\",\"articleSection\":[\"Rep\u00fablica\"],\"inLanguage\":\"es\",\"potentialAction\":[{\"@type\":\"CommentAction\",\"name\":\"Comment\",\"target\":[\"https:\/\/www.sonoraenequipo.com.mx\/tren-maya-comunicara-con-todas-las-ciudades-antiguas-amlo\/#respond\"]}]},{\"@type\":\"WebPage\",\"@id\":\"https:\/\/www.sonoraenequipo.com.mx\/tren-maya-comunicara-con-todas-las-ciudades-antiguas-amlo\/\",\"url\":\"https:\/\/www.sonoraenequipo.com.mx\/tren-maya-comunicara-con-todas-las-ciudades-antiguas-amlo\/\",\"name\":\"Sonora en Equipo. Tren Maya comunicar\u00e1 con todas las ciudades antiguas: AMLO Rep\u00fablica\",\"isPartOf\":{\"@id\":\"https:\/\/www.sonoraenequipo.com.mx\/#website\"},\"primaryImageOfPage\":{\"@id\":\"https:\/\/www.sonoraenequipo.com.mx\/tren-maya-comunicara-con-todas-las-ciudades-antiguas-amlo\/#primaryimage\"},\"image\":{\"@id\":\"https:\/\/www.sonoraenequipo.com.mx\/tren-maya-comunicara-con-todas-las-ciudades-antiguas-amlo\/#primaryimage\"},\"thumbnailUrl\":\"https:\/\/www.sonoraenequipo.com.mx\/storage\/2021\/11\/tren-maya-comunicara-ciudades-antiguas_opt.jpg\",\"datePublished\":\"2021-11-17T05:48:17+00:00\",\"dateModified\":\"2021-11-17T23:56:24+00:00\",\"description\":\"CIUDAD DE M\u00c9XICO. MX. \u2014 El presidente Andr\u00e9s Manuel L\u00f3pez Obrador visit\u00f3 la zona arqueol\u00f3gica de Chich\u00e9n Itz\u00e1, en Yucat\u00e1n, donde dijo que el Tren Maya En Sonora en Equipo publicamos toda la informaci\u00f3n de Sonora, M\u00e9xico y el Mundo de manera oportuna y busca que la libertad de expresi\u00f3n sea real. Visita nuestro medio informativo publicado desde Hermosillo, Sonora. %\",\"breadcrumb\":{\"@id\":\"https:\/\/www.sonoraenequipo.com.mx\/tren-maya-comunicara-con-todas-las-ciudades-antiguas-amlo\/#breadcrumb\"},\"inLanguage\":\"es\",\"potentialAction\":[{\"@type\":\"ReadAction\",\"target\":[\"https:\/\/www.sonoraenequipo.com.mx\/tren-maya-comunicara-con-todas-las-ciudades-antiguas-amlo\/\"]}]},{\"@type\":\"ImageObject\",\"inLanguage\":\"es\",\"@id\":\"https:\/\/www.sonoraenequipo.com.mx\/tren-maya-comunicara-con-todas-las-ciudades-antiguas-amlo\/#primaryimage\",\"url\":\"https:\/\/www.sonoraenequipo.com.mx\/storage\/2021\/11\/tren-maya-comunicara-ciudades-antiguas_opt.jpg\",\"contentUrl\":\"https:\/\/www.sonoraenequipo.com.mx\/storage\/2021\/11\/tren-maya-comunicara-ciudades-antiguas_opt.jpg\",\"width\":700,\"height\":400},{\"@type\":\"BreadcrumbList\",\"@id\":\"https:\/\/www.sonoraenequipo.com.mx\/tren-maya-comunicara-con-todas-las-ciudades-antiguas-amlo\/#breadcrumb\",\"itemListElement\":[{\"@type\":\"ListItem\",\"position\":1,\"name\":\"Portada\",\"item\":\"https:\/\/www.sonoraenequipo.com.mx\/\"},{\"@type\":\"ListItem\",\"position\":2,\"name\":\"Tren Maya comunicar\u00e1 con todas las ciudades antiguas: AMLO\"}]},{\"@type\":\"WebSite\",\"@id\":\"https:\/\/www.sonoraenequipo.com.mx\/#website\",\"url\":\"https:\/\/www.sonoraenequipo.com.mx\/\",\"name\":\"Sonora en Equipo.\",\"description\":\"Diario en l\u00ednea con Noticias desde Hermosillo, Sonora\",\"publisher\":{\"@id\":\"https:\/\/www.sonoraenequipo.com.mx\/#organization\"},\"potentialAction\":[{\"@type\":\"SearchAction\",\"target\":{\"@type\":\"EntryPoint\",\"urlTemplate\":\"https:\/\/www.sonoraenequipo.com.mx\/?s={search_term_string}\"},\"query-input\":{\"@type\":\"PropertyValueSpecification\",\"valueRequired\":true,\"valueName\":\"search_term_string\"}}],\"inLanguage\":\"es\"},{\"@type\":\"Organization\",\"@id\":\"https:\/\/www.sonoraenequipo.com.mx\/#organization\",\"name\":\"Sonoraenequipo.com.mx\",\"url\":\"https:\/\/www.sonoraenequipo.com.mx\/\",\"logo\":{\"@type\":\"ImageObject\",\"inLanguage\":\"es\",\"@id\":\"https:\/\/www.sonoraenequipo.com.mx\/#\/schema\/logo\/image\/\",\"url\":\"https:\/\/www.sonoraenequipo.com.mx\/storage\/2019\/01\/sonoraenequipo_opt.png\",\"contentUrl\":\"https:\/\/www.sonoraenequipo.com.mx\/storage\/2019\/01\/sonoraenequipo_opt.png\",\"width\":375,\"height\":125,\"caption\":\"Sonoraenequipo.com.mx\"},\"image\":{\"@id\":\"https:\/\/www.sonoraenequipo.com.mx\/#\/schema\/logo\/image\/\"},\"sameAs\":[\"https:\/\/www.facebook.com\/SonoraEE\/\",\"https:\/\/x.com\/sonoraenequipo\",\"https:\/\/www.youtube.com\/channel\/UC338nW-lPEYmJQs4ZABQ1SQ\"]},{\"@type\":\"Person\",\"@id\":\"https:\/\/www.sonoraenequipo.com.mx\/#\/schema\/person\/50102df0fb23a8fa9e8effad8fa81386\",\"name\":\"enequipo\",\"image\":{\"@type\":\"ImageObject\",\"inLanguage\":\"es\",\"@id\":\"https:\/\/www.sonoraenequipo.com.mx\/#\/schema\/person\/image\/\",\"url\":\"https:\/\/secure.gravatar.com\/avatar\/049821681b589dabc0bc20695993ccebb09f5b5d4d790cd9251b97faac7c652b?s=96&d=blank&r=g\",\"contentUrl\":\"https:\/\/secure.gravatar.com\/avatar\/049821681b589dabc0bc20695993ccebb09f5b5d4d790cd9251b97faac7c652b?s=96&d=blank&r=g\",\"caption\":\"enequipo\"},\"sameAs\":[\"https:\/\/www.facebook.com\/SonoraEE\"]}]}<\/script>\n ","yoast_head_json":{"title":"Sonora en Equipo. Tren Maya comunicar\u00e1 con todas las ciudades antiguas: AMLO Rep\u00fablica","description":"CIUDAD DE M\u00c9XICO. MX. \u2014 El presidente Andr\u00e9s Manuel L\u00f3pez Obrador visit\u00f3 la zona arqueol\u00f3gica de Chich\u00e9n Itz\u00e1, en Yucat\u00e1n, donde dijo que el Tren Maya En Sonora en Equipo publicamos toda la informaci\u00f3n de Sonora, M\u00e9xico y el Mundo de manera oportuna y busca que la libertad de expresi\u00f3n sea real. Visita nuestro medio informativo publicado desde Hermosillo, Sonora. %","robots":{"index":"index","follow":"follow","max-snippet":"max-snippet:-1","max-image-preview":"max-image-preview:large","max-video-preview":"max-video-preview:-1"},"canonical":"https:\/\/www.sonoraenequipo.com.mx\/tren-maya-comunicara-con-todas-las-ciudades-antiguas-amlo\/","og_locale":"es_ES","og_type":"article","og_title":"Sonora en Equipo. Tren Maya comunicar\u00e1 con todas las ciudades antiguas: AMLO Rep\u00fablica","og_description":"CIUDAD DE M\u00c9XICO. MX. \u2014 El presidente Andr\u00e9s Manuel L\u00f3pez Obrador visit\u00f3 la zona arqueol\u00f3gica de Chich\u00e9n Itz\u00e1, en Yucat\u00e1n, donde dijo que el Tren Maya En Sonora en Equipo publicamos toda la informaci\u00f3n de Sonora, M\u00e9xico y el Mundo de manera oportuna y busca que la libertad de expresi\u00f3n sea real. Visita nuestro medio informativo publicado desde Hermosillo, Sonora. %","og_url":"https:\/\/www.sonoraenequipo.com.mx\/tren-maya-comunicara-con-todas-las-ciudades-antiguas-amlo\/","og_site_name":"Sonora en Equipo.","article_publisher":"https:\/\/www.facebook.com\/SonoraEE\/","article_author":"https:\/\/www.facebook.com\/SonoraEE","article_published_time":"2021-11-17T05:48:17+00:00","article_modified_time":"2021-11-17T23:56:24+00:00","og_image":[{"width":700,"height":400,"url":"https:\/\/www.sonoraenequipo.com.mx\/storage\/2021\/11\/tren-maya-comunicara-ciudades-antiguas_opt.jpg","type":"image\/jpeg"}],"author":"enequipo","twitter_card":"summary_large_image","twitter_creator":"@sonoraenequipo","twitter_site":"@sonoraenequipo","twitter_misc":{"Escrito por":"enequipo","Tiempo de lectura":"1 minuto"},"schema":{"@context":"https:\/\/schema.org","@graph":[{"@type":"Article","@id":"https:\/\/www.sonoraenequipo.com.mx\/tren-maya-comunicara-con-todas-las-ciudades-antiguas-amlo\/#article","isPartOf":{"@id":"https:\/\/www.sonoraenequipo.com.mx\/tren-maya-comunicara-con-todas-las-ciudades-antiguas-amlo\/"},"author":{"name":"enequipo","@id":"https:\/\/www.sonoraenequipo.com.mx\/#\/schema\/person\/50102df0fb23a8fa9e8effad8fa81386"},"headline":"Tren Maya comunicar\u00e1 con todas las ciudades antiguas: AMLO","datePublished":"2021-11-17T05:48:17+00:00","dateModified":"2021-11-17T23:56:24+00:00","mainEntityOfPage":{"@id":"https:\/\/www.sonoraenequipo.com.mx\/tren-maya-comunicara-con-todas-las-ciudades-antiguas-amlo\/"},"wordCount":242,"commentCount":0,"publisher":{"@id":"https:\/\/www.sonoraenequipo.com.mx\/#organization"},"image":{"@id":"https:\/\/www.sonoraenequipo.com.mx\/tren-maya-comunicara-con-todas-las-ciudades-antiguas-amlo\/#primaryimage"},"thumbnailUrl":"https:\/\/www.sonoraenequipo.com.mx\/storage\/2021\/11\/tren-maya-comunicara-ciudades-antiguas_opt.jpg","articleSection":["Rep\u00fablica"],"inLanguage":"es","potentialAction":[{"@type":"CommentAction","name":"Comment","target":["https:\/\/www.sonoraenequipo.com.mx\/tren-maya-comunicara-con-todas-las-ciudades-antiguas-amlo\/#respond"]}]},{"@type":"WebPage","@id":"https:\/\/www.sonoraenequipo.com.mx\/tren-maya-comunicara-con-todas-las-ciudades-antiguas-amlo\/","url":"https:\/\/www.sonoraenequipo.com.mx\/tren-maya-comunicara-con-todas-las-ciudades-antiguas-amlo\/","name":"Sonora en Equipo. Tren Maya comunicar\u00e1 con todas las ciudades antiguas: AMLO Rep\u00fablica","isPartOf":{"@id":"https:\/\/www.sonoraenequipo.com.mx\/#website"},"primaryImageOfPage":{"@id":"https:\/\/www.sonoraenequipo.com.mx\/tren-maya-comunicara-con-todas-las-ciudades-antiguas-amlo\/#primaryimage"},"image":{"@id":"https:\/\/www.sonoraenequipo.com.mx\/tren-maya-comunicara-con-todas-las-ciudades-antiguas-amlo\/#primaryimage"},"thumbnailUrl":"https:\/\/www.sonoraenequipo.com.mx\/storage\/2021\/11\/tren-maya-comunicara-ciudades-antiguas_opt.jpg","datePublished":"2021-11-17T05:48:17+00:00","dateModified":"2021-11-17T23:56:24+00:00","description":"CIUDAD DE M\u00c9XICO. MX. \u2014 El presidente Andr\u00e9s Manuel L\u00f3pez Obrador visit\u00f3 la zona arqueol\u00f3gica de Chich\u00e9n Itz\u00e1, en Yucat\u00e1n, donde dijo que el Tren Maya En Sonora en Equipo publicamos toda la informaci\u00f3n de Sonora, M\u00e9xico y el Mundo de manera oportuna y busca que la libertad de expresi\u00f3n sea real. Visita nuestro medio informativo publicado desde Hermosillo, Sonora. %","breadcrumb":{"@id":"https:\/\/www.sonoraenequipo.com.mx\/tren-maya-comunicara-con-todas-las-ciudades-antiguas-amlo\/#breadcrumb"},"inLanguage":"es","potentialAction":[{"@type":"ReadAction","target":["https:\/\/www.sonoraenequipo.com.mx\/tren-maya-comunicara-con-todas-las-ciudades-antiguas-amlo\/"]}]},{"@type":"ImageObject","inLanguage":"es","@id":"https:\/\/www.sonoraenequipo.com.mx\/tren-maya-comunicara-con-todas-las-ciudades-antiguas-amlo\/#primaryimage","url":"https:\/\/www.sonoraenequipo.com.mx\/storage\/2021\/11\/tren-maya-comunicara-ciudades-antiguas_opt.jpg","contentUrl":"https:\/\/www.sonoraenequipo.com.mx\/storage\/2021\/11\/tren-maya-comunicara-ciudades-antiguas_opt.jpg","width":700,"height":400},{"@type":"BreadcrumbList","@id":"https:\/\/www.sonoraenequipo.com.mx\/tren-maya-comunicara-con-todas-las-ciudades-antiguas-amlo\/#breadcrumb","itemListElement":[{"@type":"ListItem","position":1,"name":"Portada","item":"https:\/\/www.sonoraenequipo.com.mx\/"},{"@type":"ListItem","position":2,"name":"Tren Maya comunicar\u00e1 con todas las ciudades antiguas: AMLO"}]},{"@type":"WebSite","@id":"https:\/\/www.sonoraenequipo.com.mx\/#website","url":"https:\/\/www.sonoraenequipo.com.mx\/","name":"Sonora en Equipo.","description":"Diario en l\u00ednea con Noticias desde Hermosillo, Sonora","publisher":{"@id":"https:\/\/www.sonoraenequipo.com.mx\/#organization"},"potentialAction":[{"@type":"SearchAction","target":{"@type":"EntryPoint","urlTemplate":"https:\/\/www.sonoraenequipo.com.mx\/?s={search_term_string}"},"query-input":{"@type":"PropertyValueSpecification","valueRequired":true,"valueName":"search_term_string"}}],"inLanguage":"es"},{"@type":"Organization","@id":"https:\/\/www.sonoraenequipo.com.mx\/#organization","name":"Sonoraenequipo.com.mx","url":"https:\/\/www.sonoraenequipo.com.mx\/","logo":{"@type":"ImageObject","inLanguage":"es","@id":"https:\/\/www.sonoraenequipo.com.mx\/#\/schema\/logo\/image\/","url":"https:\/\/www.sonoraenequipo.com.mx\/storage\/2019\/01\/sonoraenequipo_opt.png","contentUrl":"https:\/\/www.sonoraenequipo.com.mx\/storage\/2019\/01\/sonoraenequipo_opt.png","width":375,"height":125,"caption":"Sonoraenequipo.com.mx"},"image":{"@id":"https:\/\/www.sonoraenequipo.com.mx\/#\/schema\/logo\/image\/"},"sameAs":["https:\/\/www.facebook.com\/SonoraEE\/","https:\/\/x.com\/sonoraenequipo","https:\/\/www.youtube.com\/channel\/UC338nW-lPEYmJQs4ZABQ1SQ"]},{"@type":"Person","@id":"https:\/\/www.sonoraenequipo.com.mx\/#\/schema\/person\/50102df0fb23a8fa9e8effad8fa81386","name":"enequipo","image":{"@type":"ImageObject","inLanguage":"es","@id":"https:\/\/www.sonoraenequipo.com.mx\/#\/schema\/person\/image\/","url":"https:\/\/secure.gravatar.com\/avatar\/049821681b589dabc0bc20695993ccebb09f5b5d4d790cd9251b97faac7c652b?s=96&d=blank&r=g","contentUrl":"https:\/\/secure.gravatar.com\/avatar\/049821681b589dabc0bc20695993ccebb09f5b5d4d790cd9251b97faac7c652b?s=96&d=blank&r=g","caption":"enequipo"},"sameAs":["https:\/\/www.facebook.com\/SonoraEE"]}]}},"jetpack_featured_media_url":"https:\/\/www.sonoraenequipo.com.mx\/storage\/2021\/11\/tren-maya-comunicara-ciudades-antiguas_opt.jpg","_links":{"self":[{"href":"https:\/\/www.sonoraenequipo.com.mx\/api\/wp\/v2\/posts\/127666","targetHints":{"allow":["GET"]}}],"collection":[{"href":"https:\/\/www.sonoraenequipo.com.mx\/api\/wp\/v2\/posts"}],"about":[{"href":"https:\/\/www.sonoraenequipo.com.mx\/api\/wp\/v2\/types\/post"}],"author":[{"embeddable":true,"href":"https:\/\/www.sonoraenequipo.com.mx\/api\/wp\/v2\/users\/1"}],"replies":[{"embeddable":true,"href":"https:\/\/www.sonoraenequipo.com.mx\/api\/wp\/v2\/comments?post=127666"}],"version-history":[{"count":1,"href":"https:\/\/www.sonoraenequipo.com.mx\/api\/wp\/v2\/posts\/127666\/revisions"}],"predecessor-version":[{"id":127668,"href":"https:\/\/www.sonoraenequipo.com.mx\/api\/wp\/v2\/posts\/127666\/revisions\/127668"}],"wp:featuredmedia":[{"embeddable":true,"href":"https:\/\/www.sonoraenequipo.com.mx\/api\/wp\/v2\/media\/127667"}],"wp:attachment":[{"href":"https:\/\/www.sonoraenequipo.com.mx\/api\/wp\/v2\/media?parent=127666"}],"wp:term":[{"taxonomy":"category","embeddable":true,"href":"https:\/\/www.sonoraenequipo.com.mx\/api\/wp\/v2\/categories?post=127666"},{"taxonomy":"post_tag","embeddable":true,"href":"https:\/\/www.sonoraenequipo.com.mx\/api\/wp\/v2\/tags?post=127666"}],"curies":[{"name":"wp","href":"https:\/\/api.w.org\/{rel}","templated":true}]}}