{"id":127671,"date":"2021-11-17T17:32:20","date_gmt":"2021-11-18T00:32:20","guid":{"rendered":"https:\/\/www.sonoraenequipo.com.mx\/?p=127671"},"modified":"2021-11-17T17:32:20","modified_gmt":"2021-11-18T00:32:20","slug":"impulsan-ingenieros-en-minas-capacitacion-y-mejora-continua-en-las-y-los-estudiantes","status":"publish","type":"post","link":"https:\/\/www.sonoraenequipo.com.mx\/impulsan-ingenieros-en-minas-capacitacion-y-mejora-continua-en-las-y-los-estudiantes\/","title":{"rendered":"Impulsan Ingenieros en minas capacitaci\u00f3n y mejora continua en las y los estudiantes"},"content":{"rendered":"<p>HERMOSILLO, SONORA,MX.\u2500\u2500 Comprometida con la capacitaci\u00f3n y mejora continua, la Asociaci\u00f3n de Ingenieros de Minas, Metalurgistas y Ge\u00f3logos de M\u00e9xico (AIMMGM) Distrito Sonora, ofreci\u00f3 a j\u00f3venes estudiantes la conferencia \u201cBase de datos y modelaje para proyectos de exploraci\u00f3n\u201d.<\/p>\n<p>Brayan Romero Encinas, presidente del Comit\u00e9 Estudiantil de la AIMMGM Distrito Sonora, en el marco de la primera reuni\u00f3n mensual sesionada, siendo la primera entidad en realizar este tipo de actividades, explic\u00f3 que es fundamental que las y los alumnos tengan acceso a capacitaciones que contribuyan en su formaci\u00f3n acad\u00e9mica.<\/p>\n<p>&nbsp;<\/p>\n<p>&nbsp;<\/p>\n<p>&nbsp;<\/p>\n<p>Subray\u00f3 que en la AIMMGM como parte de sus objetivos es el de crear y reforzar acciones que beneficien a las y los estudiantes universitarios que cursan alguna carrera relacionada con las ciencias de la tierra.<\/p>\n<p>&nbsp;<\/p>\n<p>&nbsp;<\/p>\n<p>&nbsp;<\/p>\n<p>En la reuni\u00f3n mensual que se desarroll\u00f3 de manera h\u00edbrida (presencial y virtual), la ge\u00f3loga Lucero Reyes Sosa, fue la encargada de la exposici\u00f3n: \u201cBase de datos y modelaje para proyectos de exploraci\u00f3n\u201d.<\/p>\n<p>&nbsp;<\/p>\n<p>&nbsp;<\/p>\n<p>&nbsp;<\/p>\n<p>La ge\u00f3loga resalt\u00f3 que una de las finalidades de la conferencia es que \u201clas y los j\u00f3venes sepan con lo que se enfrentar\u00e1n en la vida laboral, la importancia de los controles de calidad a trav\u00e9s de las bases de datos, con lo que se garantiza la certeza de la informaci\u00f3n que la empresa proporciona\u201d.<\/p>\n<p>&nbsp;<\/p>\n<p>&nbsp;<\/p>\n<p>&nbsp;<\/p>\n<p>En representaci\u00f3n de Ram\u00f3n Luna Espinoza, presidente de la AIMMGM Distrito Sonora, estuvo Alicia Daniel Z\u00e1rate, gerente administrativo.<\/p>\n<p>Fecha de publicaci\u00f3n\u00a0 mi\u00e9rcoles\/ 17 \/ noviembre\/ 2021<\/p>\n","protected":false},"excerpt":{"rendered":"<p>HERMOSILLO, SONORA,MX.\u2500\u2500 Comprometida con la capacitaci\u00f3n y mejora continua, la Asociaci\u00f3n de Ingenieros de Minas,&#8230;<\/p>\n","protected":false},"author":1,"featured_media":54220,"comment_status":"open","ping_status":"open","sticky":false,"template":"","format":"standard","meta":{"_monsterinsights_skip_tracking":false,"_monsterinsights_sitenote_active":false,"_monsterinsights_sitenote_note":"","_monsterinsights_sitenote_category":0,"footnotes":""},"categories":[22],"tags":[6394,15],"class_list":["post"],"yoast_head":" \n<title>Sonora en Equipo. Impulsan Ingenieros en minas capacitaci\u00f3n y mejora continua en las y los estudiantes Sonora<\/title>\n<meta name=\"description\" content=\"HERMOSILLO, SONORA,MX.\u2500\u2500 Comprometida con la capacitaci\u00f3n y mejora continua, la Asociaci\u00f3n de Ingenieros de Minas, Metalurgistas y Ge\u00f3logos de M\u00e9xico En Sonora en Equipo publicamos toda la informaci\u00f3n de Sonora, M\u00e9xico y el Mundo de manera oportuna y busca que la libertad de expresi\u00f3n sea real. Visita nuestro medio informativo publicado desde Hermosillo, Sonora. %\" \/>\n<meta name=\"robots\" content=\"index, follow, max-snippet:-1, max-image-preview:large, max-video-preview:-1\" \/>\n<link rel=\"canonical\" href=\"https:\/\/www.sonoraenequipo.com.mx\/impulsan-ingenieros-en-minas-capacitacion-y-mejora-continua-en-las-y-los-estudiantes\/\" \/>\n<meta property=\"og:locale\" content=\"es_ES\" \/>\n<meta property=\"og:type\" content=\"article\" \/>\n<meta property=\"og:title\" content=\"Sonora en Equipo. Impulsan Ingenieros en minas capacitaci\u00f3n y mejora continua en las y los estudiantes Sonora\" \/>\n<meta property=\"og:description\" content=\"HERMOSILLO, SONORA,MX.\u2500\u2500 Comprometida con la capacitaci\u00f3n y mejora continua, la Asociaci\u00f3n de Ingenieros de Minas, Metalurgistas y Ge\u00f3logos de M\u00e9xico En Sonora en Equipo publicamos toda la informaci\u00f3n de Sonora, M\u00e9xico y el Mundo de manera oportuna y busca que la libertad de expresi\u00f3n sea real. Visita nuestro medio informativo publicado desde Hermosillo, Sonora. %\" \/>\n<meta property=\"og:url\" content=\"https:\/\/www.sonoraenequipo.com.mx\/impulsan-ingenieros-en-minas-capacitacion-y-mejora-continua-en-las-y-los-estudiantes\/\" \/>\n<meta property=\"og:site_name\" content=\"Sonora en Equipo.\" \/>\n<meta property=\"article:publisher\" content=\"https:\/\/www.facebook.com\/SonoraEE\/\" \/>\n<meta property=\"article:author\" content=\"https:\/\/www.facebook.com\/SonoraEE\" \/>\n<meta property=\"article:published_time\" content=\"2021-11-18T00:32:20+00:00\" \/>\n<meta property=\"og:image\" content=\"https:\/\/www.sonoraenequipo.com.mx\/storage\/2019\/02\/mineria_opt.jpg\" \/>\n\t<meta property=\"og:image:width\" content=\"618\" \/>\n\t<meta property=\"og:image:height\" content=\"400\" \/>\n\t<meta property=\"og:image:type\" content=\"image\/jpeg\" \/>\n<meta name=\"author\" content=\"enequipo\" \/>\n<meta name=\"twitter:card\" content=\"summary_large_image\" \/>\n<meta name=\"twitter:creator\" content=\"@sonoraenequipo\" \/>\n<meta name=\"twitter:site\" content=\"@sonoraenequipo\" \/>\n<meta name=\"twitter:label1\" content=\"Escrito por\" \/>\n\t<meta name=\"twitter:data1\" content=\"enequipo\" \/>\n\t<meta name=\"twitter:label2\" content=\"Tiempo de lectura\" \/>\n\t<meta name=\"twitter:data2\" content=\"2 minutos\" \/>\n<script type=\"application\/ld+json\" class=\"yoast-schema-graph\">{\"@context\":\"https:\/\/schema.org\",\"@graph\":[{\"@type\":\"Article\",\"@id\":\"https:\/\/www.sonoraenequipo.com.mx\/impulsan-ingenieros-en-minas-capacitacion-y-mejora-continua-en-las-y-los-estudiantes\/#article\",\"isPartOf\":{\"@id\":\"https:\/\/www.sonoraenequipo.com.mx\/impulsan-ingenieros-en-minas-capacitacion-y-mejora-continua-en-las-y-los-estudiantes\/\"},\"author\":{\"name\":\"enequipo\",\"@id\":\"https:\/\/www.sonoraenequipo.com.mx\/#\/schema\/person\/50102df0fb23a8fa9e8effad8fa81386\"},\"headline\":\"Impulsan Ingenieros en minas capacitaci\u00f3n y mejora continua en las y los estudiantes\",\"datePublished\":\"2021-11-18T00:32:20+00:00\",\"mainEntityOfPage\":{\"@id\":\"https:\/\/www.sonoraenequipo.com.mx\/impulsan-ingenieros-en-minas-capacitacion-y-mejora-continua-en-las-y-los-estudiantes\/\"},\"wordCount\":286,\"commentCount\":0,\"publisher\":{\"@id\":\"https:\/\/www.sonoraenequipo.com.mx\/#organization\"},\"image\":{\"@id\":\"https:\/\/www.sonoraenequipo.com.mx\/impulsan-ingenieros-en-minas-capacitacion-y-mejora-continua-en-las-y-los-estudiantes\/#primaryimage\"},\"thumbnailUrl\":\"https:\/\/www.sonoraenequipo.com.mx\/storage\/2019\/02\/mineria_opt.jpg\",\"keywords\":[\"ingenieros minas\",\"Sonora\"],\"articleSection\":[\"Sonora\"],\"inLanguage\":\"es\",\"potentialAction\":[{\"@type\":\"CommentAction\",\"name\":\"Comment\",\"target\":[\"https:\/\/www.sonoraenequipo.com.mx\/impulsan-ingenieros-en-minas-capacitacion-y-mejora-continua-en-las-y-los-estudiantes\/#respond\"]}]},{\"@type\":\"WebPage\",\"@id\":\"https:\/\/www.sonoraenequipo.com.mx\/impulsan-ingenieros-en-minas-capacitacion-y-mejora-continua-en-las-y-los-estudiantes\/\",\"url\":\"https:\/\/www.sonoraenequipo.com.mx\/impulsan-ingenieros-en-minas-capacitacion-y-mejora-continua-en-las-y-los-estudiantes\/\",\"name\":\"Sonora en Equipo. Impulsan Ingenieros en minas capacitaci\u00f3n y mejora continua en las y los estudiantes Sonora\",\"isPartOf\":{\"@id\":\"https:\/\/www.sonoraenequipo.com.mx\/#website\"},\"primaryImageOfPage\":{\"@id\":\"https:\/\/www.sonoraenequipo.com.mx\/impulsan-ingenieros-en-minas-capacitacion-y-mejora-continua-en-las-y-los-estudiantes\/#primaryimage\"},\"image\":{\"@id\":\"https:\/\/www.sonoraenequipo.com.mx\/impulsan-ingenieros-en-minas-capacitacion-y-mejora-continua-en-las-y-los-estudiantes\/#primaryimage\"},\"thumbnailUrl\":\"https:\/\/www.sonoraenequipo.com.mx\/storage\/2019\/02\/mineria_opt.jpg\",\"datePublished\":\"2021-11-18T00:32:20+00:00\",\"description\":\"HERMOSILLO, SONORA,MX.\u2500\u2500 Comprometida con la capacitaci\u00f3n y mejora continua, la Asociaci\u00f3n de Ingenieros de Minas, Metalurgistas y Ge\u00f3logos de M\u00e9xico En Sonora en Equipo publicamos toda la informaci\u00f3n de Sonora, M\u00e9xico y el Mundo de manera oportuna y busca que la libertad de expresi\u00f3n sea real. Visita nuestro medio informativo publicado desde Hermosillo, Sonora. %\",\"breadcrumb\":{\"@id\":\"https:\/\/www.sonoraenequipo.com.mx\/impulsan-ingenieros-en-minas-capacitacion-y-mejora-continua-en-las-y-los-estudiantes\/#breadcrumb\"},\"inLanguage\":\"es\",\"potentialAction\":[{\"@type\":\"ReadAction\",\"target\":[\"https:\/\/www.sonoraenequipo.com.mx\/impulsan-ingenieros-en-minas-capacitacion-y-mejora-continua-en-las-y-los-estudiantes\/\"]}]},{\"@type\":\"ImageObject\",\"inLanguage\":\"es\",\"@id\":\"https:\/\/www.sonoraenequipo.com.mx\/impulsan-ingenieros-en-minas-capacitacion-y-mejora-continua-en-las-y-los-estudiantes\/#primaryimage\",\"url\":\"https:\/\/www.sonoraenequipo.com.mx\/storage\/2019\/02\/mineria_opt.jpg\",\"contentUrl\":\"https:\/\/www.sonoraenequipo.com.mx\/storage\/2019\/02\/mineria_opt.jpg\",\"width\":618,\"height\":400},{\"@type\":\"BreadcrumbList\",\"@id\":\"https:\/\/www.sonoraenequipo.com.mx\/impulsan-ingenieros-en-minas-capacitacion-y-mejora-continua-en-las-y-los-estudiantes\/#breadcrumb\",\"itemListElement\":[{\"@type\":\"ListItem\",\"position\":1,\"name\":\"Portada\",\"item\":\"https:\/\/www.sonoraenequipo.com.mx\/\"},{\"@type\":\"ListItem\",\"position\":2,\"name\":\"Impulsan Ingenieros en minas capacitaci\u00f3n y mejora continua en las y los estudiantes\"}]},{\"@type\":\"WebSite\",\"@id\":\"https:\/\/www.sonoraenequipo.com.mx\/#website\",\"url\":\"https:\/\/www.sonoraenequipo.com.mx\/\",\"name\":\"Sonora en Equipo.\",\"description\":\"Diario en l\u00ednea con Noticias desde Hermosillo, Sonora\",\"publisher\":{\"@id\":\"https:\/\/www.sonoraenequipo.com.mx\/#organization\"},\"potentialAction\":[{\"@type\":\"SearchAction\",\"target\":{\"@type\":\"EntryPoint\",\"urlTemplate\":\"https:\/\/www.sonoraenequipo.com.mx\/?s={search_term_string}\"},\"query-input\":{\"@type\":\"PropertyValueSpecification\",\"valueRequired\":true,\"valueName\":\"search_term_string\"}}],\"inLanguage\":\"es\"},{\"@type\":\"Organization\",\"@id\":\"https:\/\/www.sonoraenequipo.com.mx\/#organization\",\"name\":\"Sonoraenequipo.com.mx\",\"url\":\"https:\/\/www.sonoraenequipo.com.mx\/\",\"logo\":{\"@type\":\"ImageObject\",\"inLanguage\":\"es\",\"@id\":\"https:\/\/www.sonoraenequipo.com.mx\/#\/schema\/logo\/image\/\",\"url\":\"https:\/\/www.sonoraenequipo.com.mx\/storage\/2019\/01\/sonoraenequipo_opt.png\",\"contentUrl\":\"https:\/\/www.sonoraenequipo.com.mx\/storage\/2019\/01\/sonoraenequipo_opt.png\",\"width\":375,\"height\":125,\"caption\":\"Sonoraenequipo.com.mx\"},\"image\":{\"@id\":\"https:\/\/www.sonoraenequipo.com.mx\/#\/schema\/logo\/image\/\"},\"sameAs\":[\"https:\/\/www.facebook.com\/SonoraEE\/\",\"https:\/\/x.com\/sonoraenequipo\",\"https:\/\/www.youtube.com\/channel\/UC338nW-lPEYmJQs4ZABQ1SQ\"]},{\"@type\":\"Person\",\"@id\":\"https:\/\/www.sonoraenequipo.com.mx\/#\/schema\/person\/50102df0fb23a8fa9e8effad8fa81386\",\"name\":\"enequipo\",\"image\":{\"@type\":\"ImageObject\",\"inLanguage\":\"es\",\"@id\":\"https:\/\/www.sonoraenequipo.com.mx\/#\/schema\/person\/image\/\",\"url\":\"https:\/\/secure.gravatar.com\/avatar\/049821681b589dabc0bc20695993ccebb09f5b5d4d790cd9251b97faac7c652b?s=96&d=blank&r=g\",\"contentUrl\":\"https:\/\/secure.gravatar.com\/avatar\/049821681b589dabc0bc20695993ccebb09f5b5d4d790cd9251b97faac7c652b?s=96&d=blank&r=g\",\"caption\":\"enequipo\"},\"sameAs\":[\"https:\/\/www.facebook.com\/SonoraEE\"]}]}<\/script>\n ","yoast_head_json":{"title":"Sonora en Equipo. Impulsan Ingenieros en minas capacitaci\u00f3n y mejora continua en las y los estudiantes Sonora","description":"HERMOSILLO, SONORA,MX.\u2500\u2500 Comprometida con la capacitaci\u00f3n y mejora continua, la Asociaci\u00f3n de Ingenieros de Minas, Metalurgistas y Ge\u00f3logos de M\u00e9xico En Sonora en Equipo publicamos toda la informaci\u00f3n de Sonora, M\u00e9xico y el Mundo de manera oportuna y busca que la libertad de expresi\u00f3n sea real. Visita nuestro medio informativo publicado desde Hermosillo, Sonora. %","robots":{"index":"index","follow":"follow","max-snippet":"max-snippet:-1","max-image-preview":"max-image-preview:large","max-video-preview":"max-video-preview:-1"},"canonical":"https:\/\/www.sonoraenequipo.com.mx\/impulsan-ingenieros-en-minas-capacitacion-y-mejora-continua-en-las-y-los-estudiantes\/","og_locale":"es_ES","og_type":"article","og_title":"Sonora en Equipo. Impulsan Ingenieros en minas capacitaci\u00f3n y mejora continua en las y los estudiantes Sonora","og_description":"HERMOSILLO, SONORA,MX.\u2500\u2500 Comprometida con la capacitaci\u00f3n y mejora continua, la Asociaci\u00f3n de Ingenieros de Minas, Metalurgistas y Ge\u00f3logos de M\u00e9xico En Sonora en Equipo publicamos toda la informaci\u00f3n de Sonora, M\u00e9xico y el Mundo de manera oportuna y busca que la libertad de expresi\u00f3n sea real. Visita nuestro medio informativo publicado desde Hermosillo, Sonora. %","og_url":"https:\/\/www.sonoraenequipo.com.mx\/impulsan-ingenieros-en-minas-capacitacion-y-mejora-continua-en-las-y-los-estudiantes\/","og_site_name":"Sonora en Equipo.","article_publisher":"https:\/\/www.facebook.com\/SonoraEE\/","article_author":"https:\/\/www.facebook.com\/SonoraEE","article_published_time":"2021-11-18T00:32:20+00:00","og_image":[{"width":618,"height":400,"url":"https:\/\/www.sonoraenequipo.com.mx\/storage\/2019\/02\/mineria_opt.jpg","type":"image\/jpeg"}],"author":"enequipo","twitter_card":"summary_large_image","twitter_creator":"@sonoraenequipo","twitter_site":"@sonoraenequipo","twitter_misc":{"Escrito por":"enequipo","Tiempo de lectura":"2 minutos"},"schema":{"@context":"https:\/\/schema.org","@graph":[{"@type":"Article","@id":"https:\/\/www.sonoraenequipo.com.mx\/impulsan-ingenieros-en-minas-capacitacion-y-mejora-continua-en-las-y-los-estudiantes\/#article","isPartOf":{"@id":"https:\/\/www.sonoraenequipo.com.mx\/impulsan-ingenieros-en-minas-capacitacion-y-mejora-continua-en-las-y-los-estudiantes\/"},"author":{"name":"enequipo","@id":"https:\/\/www.sonoraenequipo.com.mx\/#\/schema\/person\/50102df0fb23a8fa9e8effad8fa81386"},"headline":"Impulsan Ingenieros en minas capacitaci\u00f3n y mejora continua en las y los estudiantes","datePublished":"2021-11-18T00:32:20+00:00","mainEntityOfPage":{"@id":"https:\/\/www.sonoraenequipo.com.mx\/impulsan-ingenieros-en-minas-capacitacion-y-mejora-continua-en-las-y-los-estudiantes\/"},"wordCount":286,"commentCount":0,"publisher":{"@id":"https:\/\/www.sonoraenequipo.com.mx\/#organization"},"image":{"@id":"https:\/\/www.sonoraenequipo.com.mx\/impulsan-ingenieros-en-minas-capacitacion-y-mejora-continua-en-las-y-los-estudiantes\/#primaryimage"},"thumbnailUrl":"https:\/\/www.sonoraenequipo.com.mx\/storage\/2019\/02\/mineria_opt.jpg","keywords":["ingenieros minas","Sonora"],"articleSection":["Sonora"],"inLanguage":"es","potentialAction":[{"@type":"CommentAction","name":"Comment","target":["https:\/\/www.sonoraenequipo.com.mx\/impulsan-ingenieros-en-minas-capacitacion-y-mejora-continua-en-las-y-los-estudiantes\/#respond"]}]},{"@type":"WebPage","@id":"https:\/\/www.sonoraenequipo.com.mx\/impulsan-ingenieros-en-minas-capacitacion-y-mejora-continua-en-las-y-los-estudiantes\/","url":"https:\/\/www.sonoraenequipo.com.mx\/impulsan-ingenieros-en-minas-capacitacion-y-mejora-continua-en-las-y-los-estudiantes\/","name":"Sonora en Equipo. Impulsan Ingenieros en minas capacitaci\u00f3n y mejora continua en las y los estudiantes Sonora","isPartOf":{"@id":"https:\/\/www.sonoraenequipo.com.mx\/#website"},"primaryImageOfPage":{"@id":"https:\/\/www.sonoraenequipo.com.mx\/impulsan-ingenieros-en-minas-capacitacion-y-mejora-continua-en-las-y-los-estudiantes\/#primaryimage"},"image":{"@id":"https:\/\/www.sonoraenequipo.com.mx\/impulsan-ingenieros-en-minas-capacitacion-y-mejora-continua-en-las-y-los-estudiantes\/#primaryimage"},"thumbnailUrl":"https:\/\/www.sonoraenequipo.com.mx\/storage\/2019\/02\/mineria_opt.jpg","datePublished":"2021-11-18T00:32:20+00:00","description":"HERMOSILLO, SONORA,MX.\u2500\u2500 Comprometida con la capacitaci\u00f3n y mejora continua, la Asociaci\u00f3n de Ingenieros de Minas, Metalurgistas y Ge\u00f3logos de M\u00e9xico En Sonora en Equipo publicamos toda la informaci\u00f3n de Sonora, M\u00e9xico y el Mundo de manera oportuna y busca que la libertad de expresi\u00f3n sea real. Visita nuestro medio informativo publicado desde Hermosillo, Sonora. %","breadcrumb":{"@id":"https:\/\/www.sonoraenequipo.com.mx\/impulsan-ingenieros-en-minas-capacitacion-y-mejora-continua-en-las-y-los-estudiantes\/#breadcrumb"},"inLanguage":"es","potentialAction":[{"@type":"ReadAction","target":["https:\/\/www.sonoraenequipo.com.mx\/impulsan-ingenieros-en-minas-capacitacion-y-mejora-continua-en-las-y-los-estudiantes\/"]}]},{"@type":"ImageObject","inLanguage":"es","@id":"https:\/\/www.sonoraenequipo.com.mx\/impulsan-ingenieros-en-minas-capacitacion-y-mejora-continua-en-las-y-los-estudiantes\/#primaryimage","url":"https:\/\/www.sonoraenequipo.com.mx\/storage\/2019\/02\/mineria_opt.jpg","contentUrl":"https:\/\/www.sonoraenequipo.com.mx\/storage\/2019\/02\/mineria_opt.jpg","width":618,"height":400},{"@type":"BreadcrumbList","@id":"https:\/\/www.sonoraenequipo.com.mx\/impulsan-ingenieros-en-minas-capacitacion-y-mejora-continua-en-las-y-los-estudiantes\/#breadcrumb","itemListElement":[{"@type":"ListItem","position":1,"name":"Portada","item":"https:\/\/www.sonoraenequipo.com.mx\/"},{"@type":"ListItem","position":2,"name":"Impulsan Ingenieros en minas capacitaci\u00f3n y mejora continua en las y los estudiantes"}]},{"@type":"WebSite","@id":"https:\/\/www.sonoraenequipo.com.mx\/#website","url":"https:\/\/www.sonoraenequipo.com.mx\/","name":"Sonora en Equipo.","description":"Diario en l\u00ednea con Noticias desde Hermosillo, Sonora","publisher":{"@id":"https:\/\/www.sonoraenequipo.com.mx\/#organization"},"potentialAction":[{"@type":"SearchAction","target":{"@type":"EntryPoint","urlTemplate":"https:\/\/www.sonoraenequipo.com.mx\/?s={search_term_string}"},"query-input":{"@type":"PropertyValueSpecification","valueRequired":true,"valueName":"search_term_string"}}],"inLanguage":"es"},{"@type":"Organization","@id":"https:\/\/www.sonoraenequipo.com.mx\/#organization","name":"Sonoraenequipo.com.mx","url":"https:\/\/www.sonoraenequipo.com.mx\/","logo":{"@type":"ImageObject","inLanguage":"es","@id":"https:\/\/www.sonoraenequipo.com.mx\/#\/schema\/logo\/image\/","url":"https:\/\/www.sonoraenequipo.com.mx\/storage\/2019\/01\/sonoraenequipo_opt.png","contentUrl":"https:\/\/www.sonoraenequipo.com.mx\/storage\/2019\/01\/sonoraenequipo_opt.png","width":375,"height":125,"caption":"Sonoraenequipo.com.mx"},"image":{"@id":"https:\/\/www.sonoraenequipo.com.mx\/#\/schema\/logo\/image\/"},"sameAs":["https:\/\/www.facebook.com\/SonoraEE\/","https:\/\/x.com\/sonoraenequipo","https:\/\/www.youtube.com\/channel\/UC338nW-lPEYmJQs4ZABQ1SQ"]},{"@type":"Person","@id":"https:\/\/www.sonoraenequipo.com.mx\/#\/schema\/person\/50102df0fb23a8fa9e8effad8fa81386","name":"enequipo","image":{"@type":"ImageObject","inLanguage":"es","@id":"https:\/\/www.sonoraenequipo.com.mx\/#\/schema\/person\/image\/","url":"https:\/\/secure.gravatar.com\/avatar\/049821681b589dabc0bc20695993ccebb09f5b5d4d790cd9251b97faac7c652b?s=96&d=blank&r=g","contentUrl":"https:\/\/secure.gravatar.com\/avatar\/049821681b589dabc0bc20695993ccebb09f5b5d4d790cd9251b97faac7c652b?s=96&d=blank&r=g","caption":"enequipo"},"sameAs":["https:\/\/www.facebook.com\/SonoraEE"]}]}},"jetpack_featured_media_url":"https:\/\/www.sonoraenequipo.com.mx\/storage\/2019\/02\/mineria_opt.jpg","_links":{"self":[{"href":"https:\/\/www.sonoraenequipo.com.mx\/api\/wp\/v2\/posts\/127671","targetHints":{"allow":["GET"]}}],"collection":[{"href":"https:\/\/www.sonoraenequipo.com.mx\/api\/wp\/v2\/posts"}],"about":[{"href":"https:\/\/www.sonoraenequipo.com.mx\/api\/wp\/v2\/types\/post"}],"author":[{"embeddable":true,"href":"https:\/\/www.sonoraenequipo.com.mx\/api\/wp\/v2\/users\/1"}],"replies":[{"embeddable":true,"href":"https:\/\/www.sonoraenequipo.com.mx\/api\/wp\/v2\/comments?post=127671"}],"version-history":[{"count":1,"href":"https:\/\/www.sonoraenequipo.com.mx\/api\/wp\/v2\/posts\/127671\/revisions"}],"predecessor-version":[{"id":127674,"href":"https:\/\/www.sonoraenequipo.com.mx\/api\/wp\/v2\/posts\/127671\/revisions\/127674"}],"wp:featuredmedia":[{"embeddable":true,"href":"https:\/\/www.sonoraenequipo.com.mx\/api\/wp\/v2\/media\/54220"}],"wp:attachment":[{"href":"https:\/\/www.sonoraenequipo.com.mx\/api\/wp\/v2\/media?parent=127671"}],"wp:term":[{"taxonomy":"category","embeddable":true,"href":"https:\/\/www.sonoraenequipo.com.mx\/api\/wp\/v2\/categories?post=127671"},{"taxonomy":"post_tag","embeddable":true,"href":"https:\/\/www.sonoraenequipo.com.mx\/api\/wp\/v2\/tags?post=127671"}],"curies":[{"name":"wp","href":"https:\/\/api.w.org\/{rel}","templated":true}]}}