{"id":127680,"date":"2021-11-16T23:30:06","date_gmt":"2021-11-17T06:30:06","guid":{"rendered":"https:\/\/www.sonoraenequipo.com.mx\/?p=127680"},"modified":"2021-11-17T18:20:28","modified_gmt":"2021-11-18T01:20:28","slug":"imparten-conferencia-sobre-analisis-sobre-violencia-a-la-mujer","status":"publish","type":"post","link":"https:\/\/www.sonoraenequipo.com.mx\/imparten-conferencia-sobre-analisis-sobre-violencia-a-la-mujer\/","title":{"rendered":"Imparten conferencia sobre \u00abanalisis sobre violencia a la mujer\u00bb"},"content":{"rendered":"<p>\u00c1LAMOS,\u00a0 SONORA. MX. \u2014\u00a0 Fue a trav\u00e9s de la direcci\u00f3n de Seguridad P\u00fablica y el Departamento de Prevenci\u00f3n del Delito, se imparti\u00f3 conferencia a servidores p\u00fablicos con la finalidad de que estos tengan mayor conocimiento y certeza en temas relevantes atribuidos a la violencia hacia la mujer.<\/p>\n<p>&nbsp;<\/p>\n<p> <\/p>\n<p>La actividad fue presidida por el Lic. Jorge Arellano Cruz, Comisario de Polic\u00eda y Tr\u00e1nsito Municipal, el cual expres\u00f3 que sin duda es un tema que en los \u00faltimos a\u00f1os se est\u00e1 arraigando en la sociedad, es importante dijo que como servidores p\u00fablicos est\u00e9n enterados de las legislaciones que se suscitan en materia de violencia, conocer lo importante de los derechos fundamentales y las garant\u00edas que tienen los seres humanos.<\/p>\n<p>&nbsp;<\/p>\n<p>Por su parte el Lic. Tesandro Trejo Mendivil, el cual habl\u00f3 de sobre la importancia de las leyes que se promulgan en beneficio de los ciudadanos, sin diferenciar que se sea hombre o mujer.<\/p>\n<p>&nbsp;<\/p>\n<p>\u201cEl cambio social es un proceso morfol\u00f3gico y de evoluci\u00f3n contin\u00faa, para ello hay una serie de instituciones y organizaciones sociales, leyes que se han promulgado para combatir la violencia contra la mujer, el problema es multifactorial y requiere atenci\u00f3n multidisciplinaria\u201d, destac\u00f3.<\/p>\n<p>Para ello manifest\u00f3 que la violencia se basa en factores tales como; factores; de riesgos y de protecci\u00f3n, los primeros son los que nos lleva a pensar en formas limitadas de entender la violencia hacia la mujer, no hablamos lo suficiente y convertimos en tab\u00fa los temas sobre la violencia hacia la mujer, normalizamos la violencia y por costumbres y cultura.<\/p>\n<p>&nbsp;<\/p>\n<p>Mientras que los factores de protecci\u00f3n permiten, tener proximidad social como un m\u00e9todo preventivo y disuasivo generar confianza para eliminar el miedo y cultura de la denuncia, conocimiento sobre las formas de comprender y atender a las v\u00edctimas, capacitaci\u00f3n constante y especializada.<\/p>\n<p>&nbsp;<\/p>\n<p>(Publicada el 16\/11\/2021<\/p>\n","protected":false},"excerpt":{"rendered":"<p>\u00c1LAMOS,\u00a0 SONORA. MX. \u2014\u00a0 Fue a trav\u00e9s de la direcci\u00f3n de Seguridad P\u00fablica y el&#8230;<\/p>\n","protected":false},"author":1,"featured_media":127676,"comment_status":"open","ping_status":"open","sticky":false,"template":"","format":"standard","meta":{"_monsterinsights_skip_tracking":false,"_monsterinsights_sitenote_active":false,"_monsterinsights_sitenote_note":"","_monsterinsights_sitenote_category":0,"footnotes":""},"categories":[4],"tags":[],"class_list":["post"],"yoast_head":" \n<title>Sonora en Equipo. Imparten conferencia sobre &quot;analisis sobre violencia a la mujer&quot; Municipios<\/title>\n<meta name=\"description\" content=\"\u00c1LAMOS,\u00a0 SONORA. MX. \u2014\u00a0 Fue a trav\u00e9s de la direcci\u00f3n de Seguridad P\u00fablica y el Departamento de Prevenci\u00f3n del Delito, se imparti\u00f3 conferencia a servidores En Sonora en Equipo publicamos toda la informaci\u00f3n de Sonora, M\u00e9xico y el Mundo de manera oportuna y busca que la libertad de expresi\u00f3n sea real. Visita nuestro medio informativo publicado desde Hermosillo, Sonora. %\" \/>\n<meta name=\"robots\" content=\"index, follow, max-snippet:-1, max-image-preview:large, max-video-preview:-1\" \/>\n<link rel=\"canonical\" href=\"https:\/\/www.sonoraenequipo.com.mx\/imparten-conferencia-sobre-analisis-sobre-violencia-a-la-mujer\/\" \/>\n<meta property=\"og:locale\" content=\"es_ES\" \/>\n<meta property=\"og:type\" content=\"article\" \/>\n<meta property=\"og:title\" content=\"Sonora en Equipo. Imparten conferencia sobre &quot;analisis sobre violencia a la mujer&quot; Municipios\" \/>\n<meta property=\"og:description\" content=\"\u00c1LAMOS,\u00a0 SONORA. MX. \u2014\u00a0 Fue a trav\u00e9s de la direcci\u00f3n de Seguridad P\u00fablica y el Departamento de Prevenci\u00f3n del Delito, se imparti\u00f3 conferencia a servidores En Sonora en Equipo publicamos toda la informaci\u00f3n de Sonora, M\u00e9xico y el Mundo de manera oportuna y busca que la libertad de expresi\u00f3n sea real. Visita nuestro medio informativo publicado desde Hermosillo, Sonora. %\" \/>\n<meta property=\"og:url\" content=\"https:\/\/www.sonoraenequipo.com.mx\/imparten-conferencia-sobre-analisis-sobre-violencia-a-la-mujer\/\" \/>\n<meta property=\"og:site_name\" content=\"Sonora en Equipo.\" \/>\n<meta property=\"article:publisher\" content=\"https:\/\/www.facebook.com\/SonoraEE\/\" \/>\n<meta property=\"article:author\" content=\"https:\/\/www.facebook.com\/SonoraEE\" \/>\n<meta property=\"article:published_time\" content=\"2021-11-17T06:30:06+00:00\" \/>\n<meta property=\"article:modified_time\" content=\"2021-11-18T01:20:28+00:00\" \/>\n<meta property=\"og:image\" content=\"https:\/\/www.sonoraenequipo.com.mx\/storage\/2021\/11\/conferencia_violencia-vs-la-mujer_opt.jpg\" \/>\n\t<meta property=\"og:image:width\" content=\"700\" \/>\n\t<meta property=\"og:image:height\" content=\"400\" \/>\n\t<meta property=\"og:image:type\" content=\"image\/jpeg\" \/>\n<meta name=\"author\" content=\"enequipo\" \/>\n<meta name=\"twitter:card\" content=\"summary_large_image\" \/>\n<meta name=\"twitter:creator\" content=\"@sonoraenequipo\" \/>\n<meta name=\"twitter:site\" content=\"@sonoraenequipo\" \/>\n<meta name=\"twitter:label1\" content=\"Escrito por\" \/>\n\t<meta name=\"twitter:data1\" content=\"enequipo\" \/>\n\t<meta name=\"twitter:label2\" content=\"Tiempo de lectura\" \/>\n\t<meta name=\"twitter:data2\" content=\"2 minutos\" \/>\n<script type=\"application\/ld+json\" class=\"yoast-schema-graph\">{\"@context\":\"https:\/\/schema.org\",\"@graph\":[{\"@type\":\"Article\",\"@id\":\"https:\/\/www.sonoraenequipo.com.mx\/imparten-conferencia-sobre-analisis-sobre-violencia-a-la-mujer\/#article\",\"isPartOf\":{\"@id\":\"https:\/\/www.sonoraenequipo.com.mx\/imparten-conferencia-sobre-analisis-sobre-violencia-a-la-mujer\/\"},\"author\":{\"name\":\"enequipo\",\"@id\":\"https:\/\/www.sonoraenequipo.com.mx\/#\/schema\/person\/50102df0fb23a8fa9e8effad8fa81386\"},\"headline\":\"Imparten conferencia sobre \u00abanalisis sobre violencia a la mujer\u00bb\",\"datePublished\":\"2021-11-17T06:30:06+00:00\",\"dateModified\":\"2021-11-18T01:20:28+00:00\",\"mainEntityOfPage\":{\"@id\":\"https:\/\/www.sonoraenequipo.com.mx\/imparten-conferencia-sobre-analisis-sobre-violencia-a-la-mujer\/\"},\"wordCount\":331,\"commentCount\":0,\"publisher\":{\"@id\":\"https:\/\/www.sonoraenequipo.com.mx\/#organization\"},\"image\":{\"@id\":\"https:\/\/www.sonoraenequipo.com.mx\/imparten-conferencia-sobre-analisis-sobre-violencia-a-la-mujer\/#primaryimage\"},\"thumbnailUrl\":\"https:\/\/www.sonoraenequipo.com.mx\/storage\/2021\/11\/conferencia_violencia-vs-la-mujer_opt.jpg\",\"articleSection\":[\"Municipios\"],\"inLanguage\":\"es\",\"potentialAction\":[{\"@type\":\"CommentAction\",\"name\":\"Comment\",\"target\":[\"https:\/\/www.sonoraenequipo.com.mx\/imparten-conferencia-sobre-analisis-sobre-violencia-a-la-mujer\/#respond\"]}]},{\"@type\":\"WebPage\",\"@id\":\"https:\/\/www.sonoraenequipo.com.mx\/imparten-conferencia-sobre-analisis-sobre-violencia-a-la-mujer\/\",\"url\":\"https:\/\/www.sonoraenequipo.com.mx\/imparten-conferencia-sobre-analisis-sobre-violencia-a-la-mujer\/\",\"name\":\"Sonora en Equipo. Imparten conferencia sobre \\\"analisis sobre violencia a la mujer\\\" Municipios\",\"isPartOf\":{\"@id\":\"https:\/\/www.sonoraenequipo.com.mx\/#website\"},\"primaryImageOfPage\":{\"@id\":\"https:\/\/www.sonoraenequipo.com.mx\/imparten-conferencia-sobre-analisis-sobre-violencia-a-la-mujer\/#primaryimage\"},\"image\":{\"@id\":\"https:\/\/www.sonoraenequipo.com.mx\/imparten-conferencia-sobre-analisis-sobre-violencia-a-la-mujer\/#primaryimage\"},\"thumbnailUrl\":\"https:\/\/www.sonoraenequipo.com.mx\/storage\/2021\/11\/conferencia_violencia-vs-la-mujer_opt.jpg\",\"datePublished\":\"2021-11-17T06:30:06+00:00\",\"dateModified\":\"2021-11-18T01:20:28+00:00\",\"description\":\"\u00c1LAMOS,\u00a0 SONORA. MX. \u2014\u00a0 Fue a trav\u00e9s de la direcci\u00f3n de Seguridad P\u00fablica y el Departamento de Prevenci\u00f3n del Delito, se imparti\u00f3 conferencia a servidores En Sonora en Equipo publicamos toda la informaci\u00f3n de Sonora, M\u00e9xico y el Mundo de manera oportuna y busca que la libertad de expresi\u00f3n sea real. Visita nuestro medio informativo publicado desde Hermosillo, Sonora. %\",\"breadcrumb\":{\"@id\":\"https:\/\/www.sonoraenequipo.com.mx\/imparten-conferencia-sobre-analisis-sobre-violencia-a-la-mujer\/#breadcrumb\"},\"inLanguage\":\"es\",\"potentialAction\":[{\"@type\":\"ReadAction\",\"target\":[\"https:\/\/www.sonoraenequipo.com.mx\/imparten-conferencia-sobre-analisis-sobre-violencia-a-la-mujer\/\"]}]},{\"@type\":\"ImageObject\",\"inLanguage\":\"es\",\"@id\":\"https:\/\/www.sonoraenequipo.com.mx\/imparten-conferencia-sobre-analisis-sobre-violencia-a-la-mujer\/#primaryimage\",\"url\":\"https:\/\/www.sonoraenequipo.com.mx\/storage\/2021\/11\/conferencia_violencia-vs-la-mujer_opt.jpg\",\"contentUrl\":\"https:\/\/www.sonoraenequipo.com.mx\/storage\/2021\/11\/conferencia_violencia-vs-la-mujer_opt.jpg\",\"width\":700,\"height\":400},{\"@type\":\"BreadcrumbList\",\"@id\":\"https:\/\/www.sonoraenequipo.com.mx\/imparten-conferencia-sobre-analisis-sobre-violencia-a-la-mujer\/#breadcrumb\",\"itemListElement\":[{\"@type\":\"ListItem\",\"position\":1,\"name\":\"Portada\",\"item\":\"https:\/\/www.sonoraenequipo.com.mx\/\"},{\"@type\":\"ListItem\",\"position\":2,\"name\":\"Imparten conferencia sobre \u00abanalisis sobre violencia a la mujer\u00bb\"}]},{\"@type\":\"WebSite\",\"@id\":\"https:\/\/www.sonoraenequipo.com.mx\/#website\",\"url\":\"https:\/\/www.sonoraenequipo.com.mx\/\",\"name\":\"Sonora en Equipo.\",\"description\":\"Diario en l\u00ednea con Noticias desde Hermosillo, Sonora\",\"publisher\":{\"@id\":\"https:\/\/www.sonoraenequipo.com.mx\/#organization\"},\"potentialAction\":[{\"@type\":\"SearchAction\",\"target\":{\"@type\":\"EntryPoint\",\"urlTemplate\":\"https:\/\/www.sonoraenequipo.com.mx\/?s={search_term_string}\"},\"query-input\":{\"@type\":\"PropertyValueSpecification\",\"valueRequired\":true,\"valueName\":\"search_term_string\"}}],\"inLanguage\":\"es\"},{\"@type\":\"Organization\",\"@id\":\"https:\/\/www.sonoraenequipo.com.mx\/#organization\",\"name\":\"Sonoraenequipo.com.mx\",\"url\":\"https:\/\/www.sonoraenequipo.com.mx\/\",\"logo\":{\"@type\":\"ImageObject\",\"inLanguage\":\"es\",\"@id\":\"https:\/\/www.sonoraenequipo.com.mx\/#\/schema\/logo\/image\/\",\"url\":\"https:\/\/www.sonoraenequipo.com.mx\/storage\/2019\/01\/sonoraenequipo_opt.png\",\"contentUrl\":\"https:\/\/www.sonoraenequipo.com.mx\/storage\/2019\/01\/sonoraenequipo_opt.png\",\"width\":375,\"height\":125,\"caption\":\"Sonoraenequipo.com.mx\"},\"image\":{\"@id\":\"https:\/\/www.sonoraenequipo.com.mx\/#\/schema\/logo\/image\/\"},\"sameAs\":[\"https:\/\/www.facebook.com\/SonoraEE\/\",\"https:\/\/x.com\/sonoraenequipo\",\"https:\/\/www.youtube.com\/channel\/UC338nW-lPEYmJQs4ZABQ1SQ\"]},{\"@type\":\"Person\",\"@id\":\"https:\/\/www.sonoraenequipo.com.mx\/#\/schema\/person\/50102df0fb23a8fa9e8effad8fa81386\",\"name\":\"enequipo\",\"image\":{\"@type\":\"ImageObject\",\"inLanguage\":\"es\",\"@id\":\"https:\/\/www.sonoraenequipo.com.mx\/#\/schema\/person\/image\/\",\"url\":\"https:\/\/secure.gravatar.com\/avatar\/049821681b589dabc0bc20695993ccebb09f5b5d4d790cd9251b97faac7c652b?s=96&d=blank&r=g\",\"contentUrl\":\"https:\/\/secure.gravatar.com\/avatar\/049821681b589dabc0bc20695993ccebb09f5b5d4d790cd9251b97faac7c652b?s=96&d=blank&r=g\",\"caption\":\"enequipo\"},\"sameAs\":[\"https:\/\/www.facebook.com\/SonoraEE\"]}]}<\/script>\n ","yoast_head_json":{"title":"Sonora en Equipo. Imparten conferencia sobre \"analisis sobre violencia a la mujer\" Municipios","description":"\u00c1LAMOS,\u00a0 SONORA. MX. \u2014\u00a0 Fue a trav\u00e9s de la direcci\u00f3n de Seguridad P\u00fablica y el Departamento de Prevenci\u00f3n del Delito, se imparti\u00f3 conferencia a servidores En Sonora en Equipo publicamos toda la informaci\u00f3n de Sonora, M\u00e9xico y el Mundo de manera oportuna y busca que la libertad de expresi\u00f3n sea real. Visita nuestro medio informativo publicado desde Hermosillo, Sonora. %","robots":{"index":"index","follow":"follow","max-snippet":"max-snippet:-1","max-image-preview":"max-image-preview:large","max-video-preview":"max-video-preview:-1"},"canonical":"https:\/\/www.sonoraenequipo.com.mx\/imparten-conferencia-sobre-analisis-sobre-violencia-a-la-mujer\/","og_locale":"es_ES","og_type":"article","og_title":"Sonora en Equipo. Imparten conferencia sobre \"analisis sobre violencia a la mujer\" Municipios","og_description":"\u00c1LAMOS,\u00a0 SONORA. MX. \u2014\u00a0 Fue a trav\u00e9s de la direcci\u00f3n de Seguridad P\u00fablica y el Departamento de Prevenci\u00f3n del Delito, se imparti\u00f3 conferencia a servidores En Sonora en Equipo publicamos toda la informaci\u00f3n de Sonora, M\u00e9xico y el Mundo de manera oportuna y busca que la libertad de expresi\u00f3n sea real. Visita nuestro medio informativo publicado desde Hermosillo, Sonora. %","og_url":"https:\/\/www.sonoraenequipo.com.mx\/imparten-conferencia-sobre-analisis-sobre-violencia-a-la-mujer\/","og_site_name":"Sonora en Equipo.","article_publisher":"https:\/\/www.facebook.com\/SonoraEE\/","article_author":"https:\/\/www.facebook.com\/SonoraEE","article_published_time":"2021-11-17T06:30:06+00:00","article_modified_time":"2021-11-18T01:20:28+00:00","og_image":[{"width":700,"height":400,"url":"https:\/\/www.sonoraenequipo.com.mx\/storage\/2021\/11\/conferencia_violencia-vs-la-mujer_opt.jpg","type":"image\/jpeg"}],"author":"enequipo","twitter_card":"summary_large_image","twitter_creator":"@sonoraenequipo","twitter_site":"@sonoraenequipo","twitter_misc":{"Escrito por":"enequipo","Tiempo de lectura":"2 minutos"},"schema":{"@context":"https:\/\/schema.org","@graph":[{"@type":"Article","@id":"https:\/\/www.sonoraenequipo.com.mx\/imparten-conferencia-sobre-analisis-sobre-violencia-a-la-mujer\/#article","isPartOf":{"@id":"https:\/\/www.sonoraenequipo.com.mx\/imparten-conferencia-sobre-analisis-sobre-violencia-a-la-mujer\/"},"author":{"name":"enequipo","@id":"https:\/\/www.sonoraenequipo.com.mx\/#\/schema\/person\/50102df0fb23a8fa9e8effad8fa81386"},"headline":"Imparten conferencia sobre \u00abanalisis sobre violencia a la mujer\u00bb","datePublished":"2021-11-17T06:30:06+00:00","dateModified":"2021-11-18T01:20:28+00:00","mainEntityOfPage":{"@id":"https:\/\/www.sonoraenequipo.com.mx\/imparten-conferencia-sobre-analisis-sobre-violencia-a-la-mujer\/"},"wordCount":331,"commentCount":0,"publisher":{"@id":"https:\/\/www.sonoraenequipo.com.mx\/#organization"},"image":{"@id":"https:\/\/www.sonoraenequipo.com.mx\/imparten-conferencia-sobre-analisis-sobre-violencia-a-la-mujer\/#primaryimage"},"thumbnailUrl":"https:\/\/www.sonoraenequipo.com.mx\/storage\/2021\/11\/conferencia_violencia-vs-la-mujer_opt.jpg","articleSection":["Municipios"],"inLanguage":"es","potentialAction":[{"@type":"CommentAction","name":"Comment","target":["https:\/\/www.sonoraenequipo.com.mx\/imparten-conferencia-sobre-analisis-sobre-violencia-a-la-mujer\/#respond"]}]},{"@type":"WebPage","@id":"https:\/\/www.sonoraenequipo.com.mx\/imparten-conferencia-sobre-analisis-sobre-violencia-a-la-mujer\/","url":"https:\/\/www.sonoraenequipo.com.mx\/imparten-conferencia-sobre-analisis-sobre-violencia-a-la-mujer\/","name":"Sonora en Equipo. Imparten conferencia sobre \"analisis sobre violencia a la mujer\" Municipios","isPartOf":{"@id":"https:\/\/www.sonoraenequipo.com.mx\/#website"},"primaryImageOfPage":{"@id":"https:\/\/www.sonoraenequipo.com.mx\/imparten-conferencia-sobre-analisis-sobre-violencia-a-la-mujer\/#primaryimage"},"image":{"@id":"https:\/\/www.sonoraenequipo.com.mx\/imparten-conferencia-sobre-analisis-sobre-violencia-a-la-mujer\/#primaryimage"},"thumbnailUrl":"https:\/\/www.sonoraenequipo.com.mx\/storage\/2021\/11\/conferencia_violencia-vs-la-mujer_opt.jpg","datePublished":"2021-11-17T06:30:06+00:00","dateModified":"2021-11-18T01:20:28+00:00","description":"\u00c1LAMOS,\u00a0 SONORA. MX. \u2014\u00a0 Fue a trav\u00e9s de la direcci\u00f3n de Seguridad P\u00fablica y el Departamento de Prevenci\u00f3n del Delito, se imparti\u00f3 conferencia a servidores En Sonora en Equipo publicamos toda la informaci\u00f3n de Sonora, M\u00e9xico y el Mundo de manera oportuna y busca que la libertad de expresi\u00f3n sea real. Visita nuestro medio informativo publicado desde Hermosillo, Sonora. %","breadcrumb":{"@id":"https:\/\/www.sonoraenequipo.com.mx\/imparten-conferencia-sobre-analisis-sobre-violencia-a-la-mujer\/#breadcrumb"},"inLanguage":"es","potentialAction":[{"@type":"ReadAction","target":["https:\/\/www.sonoraenequipo.com.mx\/imparten-conferencia-sobre-analisis-sobre-violencia-a-la-mujer\/"]}]},{"@type":"ImageObject","inLanguage":"es","@id":"https:\/\/www.sonoraenequipo.com.mx\/imparten-conferencia-sobre-analisis-sobre-violencia-a-la-mujer\/#primaryimage","url":"https:\/\/www.sonoraenequipo.com.mx\/storage\/2021\/11\/conferencia_violencia-vs-la-mujer_opt.jpg","contentUrl":"https:\/\/www.sonoraenequipo.com.mx\/storage\/2021\/11\/conferencia_violencia-vs-la-mujer_opt.jpg","width":700,"height":400},{"@type":"BreadcrumbList","@id":"https:\/\/www.sonoraenequipo.com.mx\/imparten-conferencia-sobre-analisis-sobre-violencia-a-la-mujer\/#breadcrumb","itemListElement":[{"@type":"ListItem","position":1,"name":"Portada","item":"https:\/\/www.sonoraenequipo.com.mx\/"},{"@type":"ListItem","position":2,"name":"Imparten conferencia sobre \u00abanalisis sobre violencia a la mujer\u00bb"}]},{"@type":"WebSite","@id":"https:\/\/www.sonoraenequipo.com.mx\/#website","url":"https:\/\/www.sonoraenequipo.com.mx\/","name":"Sonora en Equipo.","description":"Diario en l\u00ednea con Noticias desde Hermosillo, Sonora","publisher":{"@id":"https:\/\/www.sonoraenequipo.com.mx\/#organization"},"potentialAction":[{"@type":"SearchAction","target":{"@type":"EntryPoint","urlTemplate":"https:\/\/www.sonoraenequipo.com.mx\/?s={search_term_string}"},"query-input":{"@type":"PropertyValueSpecification","valueRequired":true,"valueName":"search_term_string"}}],"inLanguage":"es"},{"@type":"Organization","@id":"https:\/\/www.sonoraenequipo.com.mx\/#organization","name":"Sonoraenequipo.com.mx","url":"https:\/\/www.sonoraenequipo.com.mx\/","logo":{"@type":"ImageObject","inLanguage":"es","@id":"https:\/\/www.sonoraenequipo.com.mx\/#\/schema\/logo\/image\/","url":"https:\/\/www.sonoraenequipo.com.mx\/storage\/2019\/01\/sonoraenequipo_opt.png","contentUrl":"https:\/\/www.sonoraenequipo.com.mx\/storage\/2019\/01\/sonoraenequipo_opt.png","width":375,"height":125,"caption":"Sonoraenequipo.com.mx"},"image":{"@id":"https:\/\/www.sonoraenequipo.com.mx\/#\/schema\/logo\/image\/"},"sameAs":["https:\/\/www.facebook.com\/SonoraEE\/","https:\/\/x.com\/sonoraenequipo","https:\/\/www.youtube.com\/channel\/UC338nW-lPEYmJQs4ZABQ1SQ"]},{"@type":"Person","@id":"https:\/\/www.sonoraenequipo.com.mx\/#\/schema\/person\/50102df0fb23a8fa9e8effad8fa81386","name":"enequipo","image":{"@type":"ImageObject","inLanguage":"es","@id":"https:\/\/www.sonoraenequipo.com.mx\/#\/schema\/person\/image\/","url":"https:\/\/secure.gravatar.com\/avatar\/049821681b589dabc0bc20695993ccebb09f5b5d4d790cd9251b97faac7c652b?s=96&d=blank&r=g","contentUrl":"https:\/\/secure.gravatar.com\/avatar\/049821681b589dabc0bc20695993ccebb09f5b5d4d790cd9251b97faac7c652b?s=96&d=blank&r=g","caption":"enequipo"},"sameAs":["https:\/\/www.facebook.com\/SonoraEE"]}]}},"jetpack_featured_media_url":"https:\/\/www.sonoraenequipo.com.mx\/storage\/2021\/11\/conferencia_violencia-vs-la-mujer_opt.jpg","_links":{"self":[{"href":"https:\/\/www.sonoraenequipo.com.mx\/api\/wp\/v2\/posts\/127680","targetHints":{"allow":["GET"]}}],"collection":[{"href":"https:\/\/www.sonoraenequipo.com.mx\/api\/wp\/v2\/posts"}],"about":[{"href":"https:\/\/www.sonoraenequipo.com.mx\/api\/wp\/v2\/types\/post"}],"author":[{"embeddable":true,"href":"https:\/\/www.sonoraenequipo.com.mx\/api\/wp\/v2\/users\/1"}],"replies":[{"embeddable":true,"href":"https:\/\/www.sonoraenequipo.com.mx\/api\/wp\/v2\/comments?post=127680"}],"version-history":[{"count":1,"href":"https:\/\/www.sonoraenequipo.com.mx\/api\/wp\/v2\/posts\/127680\/revisions"}],"predecessor-version":[{"id":127681,"href":"https:\/\/www.sonoraenequipo.com.mx\/api\/wp\/v2\/posts\/127680\/revisions\/127681"}],"wp:featuredmedia":[{"embeddable":true,"href":"https:\/\/www.sonoraenequipo.com.mx\/api\/wp\/v2\/media\/127676"}],"wp:attachment":[{"href":"https:\/\/www.sonoraenequipo.com.mx\/api\/wp\/v2\/media?parent=127680"}],"wp:term":[{"taxonomy":"category","embeddable":true,"href":"https:\/\/www.sonoraenequipo.com.mx\/api\/wp\/v2\/categories?post=127680"},{"taxonomy":"post_tag","embeddable":true,"href":"https:\/\/www.sonoraenequipo.com.mx\/api\/wp\/v2\/tags?post=127680"}],"curies":[{"name":"wp","href":"https:\/\/api.w.org\/{rel}","templated":true}]}}