{"id":127700,"date":"2021-11-17T17:50:15","date_gmt":"2021-11-18T00:50:15","guid":{"rendered":"https:\/\/www.sonoraenequipo.com.mx\/?p=127700"},"modified":"2021-11-17T23:03:57","modified_gmt":"2021-11-18T06:03:57","slug":"guillermo-padres-elias-ratifica-denuncia-contra-claudia-pavlovich-arellano","status":"publish","type":"post","link":"https:\/\/www.sonoraenequipo.com.mx\/guillermo-padres-elias-ratifica-denuncia-contra-claudia-pavlovich-arellano\/","title":{"rendered":"Guillermo Padres El\u00edas ratifica denuncia contra Claudia Pavlovich Arellano"},"content":{"rendered":"<p>CIUDAD DE M\u00c9XICO. MX. \u2014 El ex gobernador de Sonora, Guillermo Padr\u00e9s El\u00edas ratific\u00f3 su denuncia contra Claudia Pavlovich por los presuntos delitos de corrupci\u00f3n y su denuncia tambi\u00e9n alcanz\u00f3 al ex fiscal Rodolfo Montes de Oca y al exsecretario de gobierno, Miguel Ernesto Pompa Corella.<\/p>\n<p>&nbsp;<\/p>\n<p> <\/p>\n<p>&nbsp;<\/p>\n<p>Padr\u00e9s El\u00edas, confirm\u00f3 que existen otras 18 denuncias similares contra exfuncionarios y tambi\u00e9n contra extitulares de Salud e ISSSTE Sonora.<\/p>\n<p>&nbsp;<\/p>\n<p>La denuncia contra Pavlovich y colaboradores se interpuso el pasado 8 de octubre en la Agencia Dos Especializada en Hechos de Corrupci\u00f3n de Hermosillo con expediente: CI\/HER\/502\/502\/00039\/10-2021.<\/p>\n<p>&nbsp;<\/p>\n<p>El 10 de noviembre fue ratificada para que responda por presuntos delitos de abuso de autoridad o incumplimiento de un deber legal sancionado en el Art\u00edculo 180, II, del C\u00f3digo Penal del Estado de Sonora.<\/p>\n<p>&nbsp;<\/p>\n<p>Refiere que se impondr\u00e1n de cuatro a ocho a\u00f1os de prisi\u00f3n, multa de cuarenta a quinientas Unidades de Medida y Actualizaci\u00f3n y destituci\u00f3n, en su caso e inhabilitaci\u00f3n para desempe\u00f1ar un empleo, cargo o comisi\u00f3n p\u00fablicos cuando incurra en casos de abuso de autoridad o incumplimiento de un deber legal.<\/p>\n<h3>La guerra pol\u00edtica<\/h3>\n<p>&nbsp;<\/p>\n<p>Al inicio de su gobierno (2015-2021), Claudia Pavlovich cre\u00f3 la Fiscal\u00eda Anticorrupci\u00f3n de Sonora (FAS) para recuperar presuntos recursos desviados del gobierno saliente.<\/p>\n<p>&nbsp;<\/p>\n<p>La FAS abri\u00f3 carpetas de investigaci\u00f3n contra decenas de exfuncionarios de la administraci\u00f3n de gobierno de Padr\u00e9s, a quien le adjudic\u00f3 un presunto quebranto de m\u00e1s de 30 mil millones de pesos al erario p\u00fablico.<\/p>\n<p>&nbsp;<\/p>\n<p>El exgobernador panista se entreg\u00f3 en forma voluntaria el 10 de noviembre de 2016, para declararse inocente de las acusaciones de desv\u00edo de fondos p\u00fablicos, operaci\u00f3n de recursos de procedencia il\u00edcita, asociaci\u00f3n delictuosa, lavado de dinero y evasi\u00f3n fiscal.<\/p>\n<p>&nbsp;<\/p>\n<p>Un juez federal de Toluca decret\u00f3 la libertad del exgobernador Guillermo Padres El\u00edas (2009-2015), al aceptarle una garant\u00eda de 100 millones de pesos por la hipoteca de dos inmuebles, con lo que se hizo efectiva su libertad en el juicio de lavado de dinero.<\/p>\n<p>&nbsp;<\/p>\n<p>Sali\u00f3 libre bajo cauci\u00f3n el 2 de febrero del 2019, despu\u00e9s de permanecer preso dos a\u00f1os, dos meses, y 22 d\u00edas.<\/p>\n<p>&nbsp;<\/p>\n<p>A finales de septiembre, Guillermo Padr\u00e9s, despu\u00e9s de seis a\u00f1os reapareci\u00f3 en un mitin en el municipio de Huatabampo.<\/p>\n<p>&nbsp;<\/p>\n<p>Ah\u00ed, dijo que el tiempo les dio la raz\u00f3n, Claudia Pavlovich se equivoc\u00f3 en su cacer\u00eda de brujas al tratar de meter a la c\u00e1rcel a exfuncionarios panistas que nada deb\u00edan y la muestra es que hoy se encuentran libres.<\/p>\n<p>&nbsp;<\/p>\n<p>La Fiscal\u00eda General de la Rep\u00fablica (FGR) inform\u00f3 en fecha reciente que tiene dos procesos pendientes contra Guillermo Padr\u00e9s.<\/p>\n<p>&nbsp;<\/p>\n<p>(Publicada el 17\/11\/2021<\/p>\n","protected":false},"excerpt":{"rendered":"<p>CIUDAD DE M\u00c9XICO. MX. \u2014 El ex gobernador de Sonora, Guillermo Padr\u00e9s El\u00edas ratific\u00f3 su&#8230;<\/p>\n","protected":false},"author":1,"featured_media":127701,"comment_status":"open","ping_status":"open","sticky":false,"template":"","format":"standard","meta":{"_monsterinsights_skip_tracking":false,"_monsterinsights_sitenote_active":false,"_monsterinsights_sitenote_note":"","_monsterinsights_sitenote_category":0,"footnotes":""},"categories":[5],"tags":[],"class_list":["post"],"yoast_head":" \n<title>Sonora en Equipo. Guillermo Padres El\u00edas ratifica denuncia contra Claudia Pavlovich Arellano Rep\u00fablica<\/title>\n<meta name=\"description\" content=\"CIUDAD DE M\u00c9XICO. MX. \u2014 El ex gobernador de Sonora, Guillermo Padr\u00e9s El\u00edas ratific\u00f3 su denuncia contra Claudia Pavlovich por los presuntos delitos de En Sonora en Equipo publicamos toda la informaci\u00f3n de Sonora, M\u00e9xico y el Mundo de manera oportuna y busca que la libertad de expresi\u00f3n sea real. Visita nuestro medio informativo publicado desde Hermosillo, Sonora. %\" \/>\n<meta name=\"robots\" content=\"index, follow, max-snippet:-1, max-image-preview:large, max-video-preview:-1\" \/>\n<link rel=\"canonical\" href=\"https:\/\/www.sonoraenequipo.com.mx\/guillermo-padres-elias-ratifica-denuncia-contra-claudia-pavlovich-arellano\/\" \/>\n<meta property=\"og:locale\" content=\"es_ES\" \/>\n<meta property=\"og:type\" content=\"article\" \/>\n<meta property=\"og:title\" content=\"Sonora en Equipo. Guillermo Padres El\u00edas ratifica denuncia contra Claudia Pavlovich Arellano Rep\u00fablica\" \/>\n<meta property=\"og:description\" content=\"CIUDAD DE M\u00c9XICO. MX. \u2014 El ex gobernador de Sonora, Guillermo Padr\u00e9s El\u00edas ratific\u00f3 su denuncia contra Claudia Pavlovich por los presuntos delitos de En Sonora en Equipo publicamos toda la informaci\u00f3n de Sonora, M\u00e9xico y el Mundo de manera oportuna y busca que la libertad de expresi\u00f3n sea real. Visita nuestro medio informativo publicado desde Hermosillo, Sonora. %\" \/>\n<meta property=\"og:url\" content=\"https:\/\/www.sonoraenequipo.com.mx\/guillermo-padres-elias-ratifica-denuncia-contra-claudia-pavlovich-arellano\/\" \/>\n<meta property=\"og:site_name\" content=\"Sonora en Equipo.\" \/>\n<meta property=\"article:publisher\" content=\"https:\/\/www.facebook.com\/SonoraEE\/\" \/>\n<meta property=\"article:author\" content=\"https:\/\/www.facebook.com\/SonoraEE\" \/>\n<meta property=\"article:published_time\" content=\"2021-11-18T00:50:15+00:00\" \/>\n<meta property=\"article:modified_time\" content=\"2021-11-18T06:03:57+00:00\" \/>\n<meta property=\"og:image\" content=\"https:\/\/www.sonoraenequipo.com.mx\/storage\/2021\/11\/padres-y-claudia_opt-1.jpg\" \/>\n\t<meta property=\"og:image:width\" content=\"700\" \/>\n\t<meta property=\"og:image:height\" content=\"377\" \/>\n\t<meta property=\"og:image:type\" content=\"image\/jpeg\" \/>\n<meta name=\"author\" content=\"enequipo\" \/>\n<meta name=\"twitter:card\" content=\"summary_large_image\" \/>\n<meta name=\"twitter:creator\" content=\"@sonoraenequipo\" \/>\n<meta name=\"twitter:site\" content=\"@sonoraenequipo\" \/>\n<meta name=\"twitter:label1\" content=\"Escrito por\" \/>\n\t<meta name=\"twitter:data1\" content=\"enequipo\" \/>\n\t<meta name=\"twitter:label2\" content=\"Tiempo de lectura\" \/>\n\t<meta name=\"twitter:data2\" content=\"2 minutos\" \/>\n<script type=\"application\/ld+json\" class=\"yoast-schema-graph\">{\"@context\":\"https:\/\/schema.org\",\"@graph\":[{\"@type\":\"Article\",\"@id\":\"https:\/\/www.sonoraenequipo.com.mx\/guillermo-padres-elias-ratifica-denuncia-contra-claudia-pavlovich-arellano\/#article\",\"isPartOf\":{\"@id\":\"https:\/\/www.sonoraenequipo.com.mx\/guillermo-padres-elias-ratifica-denuncia-contra-claudia-pavlovich-arellano\/\"},\"author\":{\"name\":\"enequipo\",\"@id\":\"https:\/\/www.sonoraenequipo.com.mx\/#\/schema\/person\/50102df0fb23a8fa9e8effad8fa81386\"},\"headline\":\"Guillermo Padres El\u00edas ratifica denuncia contra Claudia Pavlovich Arellano\",\"datePublished\":\"2021-11-18T00:50:15+00:00\",\"dateModified\":\"2021-11-18T06:03:57+00:00\",\"mainEntityOfPage\":{\"@id\":\"https:\/\/www.sonoraenequipo.com.mx\/guillermo-padres-elias-ratifica-denuncia-contra-claudia-pavlovich-arellano\/\"},\"wordCount\":487,\"commentCount\":0,\"publisher\":{\"@id\":\"https:\/\/www.sonoraenequipo.com.mx\/#organization\"},\"image\":{\"@id\":\"https:\/\/www.sonoraenequipo.com.mx\/guillermo-padres-elias-ratifica-denuncia-contra-claudia-pavlovich-arellano\/#primaryimage\"},\"thumbnailUrl\":\"https:\/\/www.sonoraenequipo.com.mx\/storage\/2021\/11\/padres-y-claudia_opt-1.jpg\",\"articleSection\":[\"Rep\u00fablica\"],\"inLanguage\":\"es\",\"potentialAction\":[{\"@type\":\"CommentAction\",\"name\":\"Comment\",\"target\":[\"https:\/\/www.sonoraenequipo.com.mx\/guillermo-padres-elias-ratifica-denuncia-contra-claudia-pavlovich-arellano\/#respond\"]}]},{\"@type\":\"WebPage\",\"@id\":\"https:\/\/www.sonoraenequipo.com.mx\/guillermo-padres-elias-ratifica-denuncia-contra-claudia-pavlovich-arellano\/\",\"url\":\"https:\/\/www.sonoraenequipo.com.mx\/guillermo-padres-elias-ratifica-denuncia-contra-claudia-pavlovich-arellano\/\",\"name\":\"Sonora en Equipo. Guillermo Padres El\u00edas ratifica denuncia contra Claudia Pavlovich Arellano Rep\u00fablica\",\"isPartOf\":{\"@id\":\"https:\/\/www.sonoraenequipo.com.mx\/#website\"},\"primaryImageOfPage\":{\"@id\":\"https:\/\/www.sonoraenequipo.com.mx\/guillermo-padres-elias-ratifica-denuncia-contra-claudia-pavlovich-arellano\/#primaryimage\"},\"image\":{\"@id\":\"https:\/\/www.sonoraenequipo.com.mx\/guillermo-padres-elias-ratifica-denuncia-contra-claudia-pavlovich-arellano\/#primaryimage\"},\"thumbnailUrl\":\"https:\/\/www.sonoraenequipo.com.mx\/storage\/2021\/11\/padres-y-claudia_opt-1.jpg\",\"datePublished\":\"2021-11-18T00:50:15+00:00\",\"dateModified\":\"2021-11-18T06:03:57+00:00\",\"description\":\"CIUDAD DE M\u00c9XICO. MX. \u2014 El ex gobernador de Sonora, Guillermo Padr\u00e9s El\u00edas ratific\u00f3 su denuncia contra Claudia Pavlovich por los presuntos delitos de En Sonora en Equipo publicamos toda la informaci\u00f3n de Sonora, M\u00e9xico y el Mundo de manera oportuna y busca que la libertad de expresi\u00f3n sea real. Visita nuestro medio informativo publicado desde Hermosillo, Sonora. %\",\"breadcrumb\":{\"@id\":\"https:\/\/www.sonoraenequipo.com.mx\/guillermo-padres-elias-ratifica-denuncia-contra-claudia-pavlovich-arellano\/#breadcrumb\"},\"inLanguage\":\"es\",\"potentialAction\":[{\"@type\":\"ReadAction\",\"target\":[\"https:\/\/www.sonoraenequipo.com.mx\/guillermo-padres-elias-ratifica-denuncia-contra-claudia-pavlovich-arellano\/\"]}]},{\"@type\":\"ImageObject\",\"inLanguage\":\"es\",\"@id\":\"https:\/\/www.sonoraenequipo.com.mx\/guillermo-padres-elias-ratifica-denuncia-contra-claudia-pavlovich-arellano\/#primaryimage\",\"url\":\"https:\/\/www.sonoraenequipo.com.mx\/storage\/2021\/11\/padres-y-claudia_opt-1.jpg\",\"contentUrl\":\"https:\/\/www.sonoraenequipo.com.mx\/storage\/2021\/11\/padres-y-claudia_opt-1.jpg\",\"width\":700,\"height\":377},{\"@type\":\"BreadcrumbList\",\"@id\":\"https:\/\/www.sonoraenequipo.com.mx\/guillermo-padres-elias-ratifica-denuncia-contra-claudia-pavlovich-arellano\/#breadcrumb\",\"itemListElement\":[{\"@type\":\"ListItem\",\"position\":1,\"name\":\"Portada\",\"item\":\"https:\/\/www.sonoraenequipo.com.mx\/\"},{\"@type\":\"ListItem\",\"position\":2,\"name\":\"Guillermo Padres El\u00edas ratifica denuncia contra Claudia Pavlovich Arellano\"}]},{\"@type\":\"WebSite\",\"@id\":\"https:\/\/www.sonoraenequipo.com.mx\/#website\",\"url\":\"https:\/\/www.sonoraenequipo.com.mx\/\",\"name\":\"Sonora en Equipo.\",\"description\":\"Diario en l\u00ednea con Noticias desde Hermosillo, Sonora\",\"publisher\":{\"@id\":\"https:\/\/www.sonoraenequipo.com.mx\/#organization\"},\"potentialAction\":[{\"@type\":\"SearchAction\",\"target\":{\"@type\":\"EntryPoint\",\"urlTemplate\":\"https:\/\/www.sonoraenequipo.com.mx\/?s={search_term_string}\"},\"query-input\":{\"@type\":\"PropertyValueSpecification\",\"valueRequired\":true,\"valueName\":\"search_term_string\"}}],\"inLanguage\":\"es\"},{\"@type\":\"Organization\",\"@id\":\"https:\/\/www.sonoraenequipo.com.mx\/#organization\",\"name\":\"Sonoraenequipo.com.mx\",\"url\":\"https:\/\/www.sonoraenequipo.com.mx\/\",\"logo\":{\"@type\":\"ImageObject\",\"inLanguage\":\"es\",\"@id\":\"https:\/\/www.sonoraenequipo.com.mx\/#\/schema\/logo\/image\/\",\"url\":\"https:\/\/www.sonoraenequipo.com.mx\/storage\/2019\/01\/sonoraenequipo_opt.png\",\"contentUrl\":\"https:\/\/www.sonoraenequipo.com.mx\/storage\/2019\/01\/sonoraenequipo_opt.png\",\"width\":375,\"height\":125,\"caption\":\"Sonoraenequipo.com.mx\"},\"image\":{\"@id\":\"https:\/\/www.sonoraenequipo.com.mx\/#\/schema\/logo\/image\/\"},\"sameAs\":[\"https:\/\/www.facebook.com\/SonoraEE\/\",\"https:\/\/x.com\/sonoraenequipo\",\"https:\/\/www.youtube.com\/channel\/UC338nW-lPEYmJQs4ZABQ1SQ\"]},{\"@type\":\"Person\",\"@id\":\"https:\/\/www.sonoraenequipo.com.mx\/#\/schema\/person\/50102df0fb23a8fa9e8effad8fa81386\",\"name\":\"enequipo\",\"image\":{\"@type\":\"ImageObject\",\"inLanguage\":\"es\",\"@id\":\"https:\/\/www.sonoraenequipo.com.mx\/#\/schema\/person\/image\/\",\"url\":\"https:\/\/secure.gravatar.com\/avatar\/049821681b589dabc0bc20695993ccebb09f5b5d4d790cd9251b97faac7c652b?s=96&d=blank&r=g\",\"contentUrl\":\"https:\/\/secure.gravatar.com\/avatar\/049821681b589dabc0bc20695993ccebb09f5b5d4d790cd9251b97faac7c652b?s=96&d=blank&r=g\",\"caption\":\"enequipo\"},\"sameAs\":[\"https:\/\/www.facebook.com\/SonoraEE\"]}]}<\/script>\n ","yoast_head_json":{"title":"Sonora en Equipo. Guillermo Padres El\u00edas ratifica denuncia contra Claudia Pavlovich Arellano Rep\u00fablica","description":"CIUDAD DE M\u00c9XICO. MX. \u2014 El ex gobernador de Sonora, Guillermo Padr\u00e9s El\u00edas ratific\u00f3 su denuncia contra Claudia Pavlovich por los presuntos delitos de En Sonora en Equipo publicamos toda la informaci\u00f3n de Sonora, M\u00e9xico y el Mundo de manera oportuna y busca que la libertad de expresi\u00f3n sea real. Visita nuestro medio informativo publicado desde Hermosillo, Sonora. %","robots":{"index":"index","follow":"follow","max-snippet":"max-snippet:-1","max-image-preview":"max-image-preview:large","max-video-preview":"max-video-preview:-1"},"canonical":"https:\/\/www.sonoraenequipo.com.mx\/guillermo-padres-elias-ratifica-denuncia-contra-claudia-pavlovich-arellano\/","og_locale":"es_ES","og_type":"article","og_title":"Sonora en Equipo. Guillermo Padres El\u00edas ratifica denuncia contra Claudia Pavlovich Arellano Rep\u00fablica","og_description":"CIUDAD DE M\u00c9XICO. MX. \u2014 El ex gobernador de Sonora, Guillermo Padr\u00e9s El\u00edas ratific\u00f3 su denuncia contra Claudia Pavlovich por los presuntos delitos de En Sonora en Equipo publicamos toda la informaci\u00f3n de Sonora, M\u00e9xico y el Mundo de manera oportuna y busca que la libertad de expresi\u00f3n sea real. Visita nuestro medio informativo publicado desde Hermosillo, Sonora. %","og_url":"https:\/\/www.sonoraenequipo.com.mx\/guillermo-padres-elias-ratifica-denuncia-contra-claudia-pavlovich-arellano\/","og_site_name":"Sonora en Equipo.","article_publisher":"https:\/\/www.facebook.com\/SonoraEE\/","article_author":"https:\/\/www.facebook.com\/SonoraEE","article_published_time":"2021-11-18T00:50:15+00:00","article_modified_time":"2021-11-18T06:03:57+00:00","og_image":[{"width":700,"height":377,"url":"https:\/\/www.sonoraenequipo.com.mx\/storage\/2021\/11\/padres-y-claudia_opt-1.jpg","type":"image\/jpeg"}],"author":"enequipo","twitter_card":"summary_large_image","twitter_creator":"@sonoraenequipo","twitter_site":"@sonoraenequipo","twitter_misc":{"Escrito por":"enequipo","Tiempo de lectura":"2 minutos"},"schema":{"@context":"https:\/\/schema.org","@graph":[{"@type":"Article","@id":"https:\/\/www.sonoraenequipo.com.mx\/guillermo-padres-elias-ratifica-denuncia-contra-claudia-pavlovich-arellano\/#article","isPartOf":{"@id":"https:\/\/www.sonoraenequipo.com.mx\/guillermo-padres-elias-ratifica-denuncia-contra-claudia-pavlovich-arellano\/"},"author":{"name":"enequipo","@id":"https:\/\/www.sonoraenequipo.com.mx\/#\/schema\/person\/50102df0fb23a8fa9e8effad8fa81386"},"headline":"Guillermo Padres El\u00edas ratifica denuncia contra Claudia Pavlovich Arellano","datePublished":"2021-11-18T00:50:15+00:00","dateModified":"2021-11-18T06:03:57+00:00","mainEntityOfPage":{"@id":"https:\/\/www.sonoraenequipo.com.mx\/guillermo-padres-elias-ratifica-denuncia-contra-claudia-pavlovich-arellano\/"},"wordCount":487,"commentCount":0,"publisher":{"@id":"https:\/\/www.sonoraenequipo.com.mx\/#organization"},"image":{"@id":"https:\/\/www.sonoraenequipo.com.mx\/guillermo-padres-elias-ratifica-denuncia-contra-claudia-pavlovich-arellano\/#primaryimage"},"thumbnailUrl":"https:\/\/www.sonoraenequipo.com.mx\/storage\/2021\/11\/padres-y-claudia_opt-1.jpg","articleSection":["Rep\u00fablica"],"inLanguage":"es","potentialAction":[{"@type":"CommentAction","name":"Comment","target":["https:\/\/www.sonoraenequipo.com.mx\/guillermo-padres-elias-ratifica-denuncia-contra-claudia-pavlovich-arellano\/#respond"]}]},{"@type":"WebPage","@id":"https:\/\/www.sonoraenequipo.com.mx\/guillermo-padres-elias-ratifica-denuncia-contra-claudia-pavlovich-arellano\/","url":"https:\/\/www.sonoraenequipo.com.mx\/guillermo-padres-elias-ratifica-denuncia-contra-claudia-pavlovich-arellano\/","name":"Sonora en Equipo. Guillermo Padres El\u00edas ratifica denuncia contra Claudia Pavlovich Arellano Rep\u00fablica","isPartOf":{"@id":"https:\/\/www.sonoraenequipo.com.mx\/#website"},"primaryImageOfPage":{"@id":"https:\/\/www.sonoraenequipo.com.mx\/guillermo-padres-elias-ratifica-denuncia-contra-claudia-pavlovich-arellano\/#primaryimage"},"image":{"@id":"https:\/\/www.sonoraenequipo.com.mx\/guillermo-padres-elias-ratifica-denuncia-contra-claudia-pavlovich-arellano\/#primaryimage"},"thumbnailUrl":"https:\/\/www.sonoraenequipo.com.mx\/storage\/2021\/11\/padres-y-claudia_opt-1.jpg","datePublished":"2021-11-18T00:50:15+00:00","dateModified":"2021-11-18T06:03:57+00:00","description":"CIUDAD DE M\u00c9XICO. MX. \u2014 El ex gobernador de Sonora, Guillermo Padr\u00e9s El\u00edas ratific\u00f3 su denuncia contra Claudia Pavlovich por los presuntos delitos de En Sonora en Equipo publicamos toda la informaci\u00f3n de Sonora, M\u00e9xico y el Mundo de manera oportuna y busca que la libertad de expresi\u00f3n sea real. Visita nuestro medio informativo publicado desde Hermosillo, Sonora. %","breadcrumb":{"@id":"https:\/\/www.sonoraenequipo.com.mx\/guillermo-padres-elias-ratifica-denuncia-contra-claudia-pavlovich-arellano\/#breadcrumb"},"inLanguage":"es","potentialAction":[{"@type":"ReadAction","target":["https:\/\/www.sonoraenequipo.com.mx\/guillermo-padres-elias-ratifica-denuncia-contra-claudia-pavlovich-arellano\/"]}]},{"@type":"ImageObject","inLanguage":"es","@id":"https:\/\/www.sonoraenequipo.com.mx\/guillermo-padres-elias-ratifica-denuncia-contra-claudia-pavlovich-arellano\/#primaryimage","url":"https:\/\/www.sonoraenequipo.com.mx\/storage\/2021\/11\/padres-y-claudia_opt-1.jpg","contentUrl":"https:\/\/www.sonoraenequipo.com.mx\/storage\/2021\/11\/padres-y-claudia_opt-1.jpg","width":700,"height":377},{"@type":"BreadcrumbList","@id":"https:\/\/www.sonoraenequipo.com.mx\/guillermo-padres-elias-ratifica-denuncia-contra-claudia-pavlovich-arellano\/#breadcrumb","itemListElement":[{"@type":"ListItem","position":1,"name":"Portada","item":"https:\/\/www.sonoraenequipo.com.mx\/"},{"@type":"ListItem","position":2,"name":"Guillermo Padres El\u00edas ratifica denuncia contra Claudia Pavlovich Arellano"}]},{"@type":"WebSite","@id":"https:\/\/www.sonoraenequipo.com.mx\/#website","url":"https:\/\/www.sonoraenequipo.com.mx\/","name":"Sonora en Equipo.","description":"Diario en l\u00ednea con Noticias desde Hermosillo, Sonora","publisher":{"@id":"https:\/\/www.sonoraenequipo.com.mx\/#organization"},"potentialAction":[{"@type":"SearchAction","target":{"@type":"EntryPoint","urlTemplate":"https:\/\/www.sonoraenequipo.com.mx\/?s={search_term_string}"},"query-input":{"@type":"PropertyValueSpecification","valueRequired":true,"valueName":"search_term_string"}}],"inLanguage":"es"},{"@type":"Organization","@id":"https:\/\/www.sonoraenequipo.com.mx\/#organization","name":"Sonoraenequipo.com.mx","url":"https:\/\/www.sonoraenequipo.com.mx\/","logo":{"@type":"ImageObject","inLanguage":"es","@id":"https:\/\/www.sonoraenequipo.com.mx\/#\/schema\/logo\/image\/","url":"https:\/\/www.sonoraenequipo.com.mx\/storage\/2019\/01\/sonoraenequipo_opt.png","contentUrl":"https:\/\/www.sonoraenequipo.com.mx\/storage\/2019\/01\/sonoraenequipo_opt.png","width":375,"height":125,"caption":"Sonoraenequipo.com.mx"},"image":{"@id":"https:\/\/www.sonoraenequipo.com.mx\/#\/schema\/logo\/image\/"},"sameAs":["https:\/\/www.facebook.com\/SonoraEE\/","https:\/\/x.com\/sonoraenequipo","https:\/\/www.youtube.com\/channel\/UC338nW-lPEYmJQs4ZABQ1SQ"]},{"@type":"Person","@id":"https:\/\/www.sonoraenequipo.com.mx\/#\/schema\/person\/50102df0fb23a8fa9e8effad8fa81386","name":"enequipo","image":{"@type":"ImageObject","inLanguage":"es","@id":"https:\/\/www.sonoraenequipo.com.mx\/#\/schema\/person\/image\/","url":"https:\/\/secure.gravatar.com\/avatar\/049821681b589dabc0bc20695993ccebb09f5b5d4d790cd9251b97faac7c652b?s=96&d=blank&r=g","contentUrl":"https:\/\/secure.gravatar.com\/avatar\/049821681b589dabc0bc20695993ccebb09f5b5d4d790cd9251b97faac7c652b?s=96&d=blank&r=g","caption":"enequipo"},"sameAs":["https:\/\/www.facebook.com\/SonoraEE"]}]}},"jetpack_featured_media_url":"https:\/\/www.sonoraenequipo.com.mx\/storage\/2021\/11\/padres-y-claudia_opt-1.jpg","_links":{"self":[{"href":"https:\/\/www.sonoraenequipo.com.mx\/api\/wp\/v2\/posts\/127700","targetHints":{"allow":["GET"]}}],"collection":[{"href":"https:\/\/www.sonoraenequipo.com.mx\/api\/wp\/v2\/posts"}],"about":[{"href":"https:\/\/www.sonoraenequipo.com.mx\/api\/wp\/v2\/types\/post"}],"author":[{"embeddable":true,"href":"https:\/\/www.sonoraenequipo.com.mx\/api\/wp\/v2\/users\/1"}],"replies":[{"embeddable":true,"href":"https:\/\/www.sonoraenequipo.com.mx\/api\/wp\/v2\/comments?post=127700"}],"version-history":[{"count":1,"href":"https:\/\/www.sonoraenequipo.com.mx\/api\/wp\/v2\/posts\/127700\/revisions"}],"predecessor-version":[{"id":127703,"href":"https:\/\/www.sonoraenequipo.com.mx\/api\/wp\/v2\/posts\/127700\/revisions\/127703"}],"wp:featuredmedia":[{"embeddable":true,"href":"https:\/\/www.sonoraenequipo.com.mx\/api\/wp\/v2\/media\/127701"}],"wp:attachment":[{"href":"https:\/\/www.sonoraenequipo.com.mx\/api\/wp\/v2\/media?parent=127700"}],"wp:term":[{"taxonomy":"category","embeddable":true,"href":"https:\/\/www.sonoraenequipo.com.mx\/api\/wp\/v2\/categories?post=127700"},{"taxonomy":"post_tag","embeddable":true,"href":"https:\/\/www.sonoraenequipo.com.mx\/api\/wp\/v2\/tags?post=127700"}],"curies":[{"name":"wp","href":"https:\/\/api.w.org\/{rel}","templated":true}]}}