{"id":127709,"date":"2021-11-17T10:00:49","date_gmt":"2021-11-17T17:00:49","guid":{"rendered":"https:\/\/www.sonoraenequipo.com.mx\/?p=127709"},"modified":"2021-11-17T23:25:21","modified_gmt":"2021-11-18T06:25:21","slug":"hay-dosis-suficientes-para-vacunar-a-adolescentes-contra-el-covid-19-asegura-amlo","status":"publish","type":"post","link":"https:\/\/www.sonoraenequipo.com.mx\/hay-dosis-suficientes-para-vacunar-a-adolescentes-contra-el-covid-19-asegura-amlo\/","title":{"rendered":"\u00abHay dosis suficientes para vacunar a adolescentes contra el COVID-19\u00bb, asegura AMLO"},"content":{"rendered":"<p>CIUDAD DE M\u00c9XICO. MX. \u2014 El presidente Andr\u00e9s Manuel L\u00f3pez Obrador asegur\u00f3 este mi\u00e9rcoles que se cuenta con las dosis necesarias para vacunar, contra el COVID-19, a los adolescentes de 15 a 17 a\u00f1os sin comorbilidades.<\/p>\n<p>&nbsp;<\/p>\n<p> <\/p>\n<p>&nbsp;<\/p>\n<p>En conferencia de prensa matutina en las instalaciones de la D\u00e9cima Brigada de Polic\u00eda Militar, el mandatario federal afirm\u00f3 que M\u00e9xico es de los pa\u00edses del mundo que m\u00e1s recursos ha destinado para la adquisici\u00f3n de dosis, con 45 mil millones de pesos.<\/p>\n<p>&nbsp;<\/p>\n<p>&nbsp;<\/p>\n<p><em>\u00ab\u00bfY por qu\u00e9 se dispuso ese dinero?, No s\u00f3lo por la necesidad, la urgencia, sino porque contamos con presupuesto, porque no hay corrupci\u00f3n y el a\u00f1o pr\u00f3ximo, como aqu\u00ed se expuso, se va a incrementar 15% el presupuesto de salud, \u00bfa qu\u00e9 vamos? A que funcionen bien los centros de salud, los hospitales, que la atenci\u00f3n m\u00e9dica y los medicamentos son gratuitos, que no falten los m\u00e9dicos, que no falten los especialistas, ese es el desaf\u00edo que tenemos, estamos resolviendo el problema del abasto de medicamentos\u00bb<\/em>, asever\u00f3.<\/p>\n<p>&nbsp;<\/p>\n<p>Ayer martes, Hugo L\u00f3pez-Gatell Ram\u00edrez, subsecretario de Prevenci\u00f3n y Promoci\u00f3n de la Salud, anunci\u00f3 que comenzar\u00e1 la vacunaci\u00f3n antiCOVID para los adolescentes de 15 a 17 a\u00f1os sin comorbilidades.<\/p>\n<p>&nbsp;<\/p>\n<p>&nbsp;<\/p>\n<p>Detall\u00f3 que este viernes 19 de noviembre iniciar\u00e1 el preregistro en la p\u00e1gina mivacuna.salud.gob.mx, para que despu\u00e9s se acuda a las unidades de vacunaci\u00f3n en las entidades federativas.<\/p>\n<p>&nbsp;<\/p>\n<p>&nbsp;<\/p>\n<p>(Publicada el 17\/11\/2021<\/p>\n","protected":false},"excerpt":{"rendered":"<p>CIUDAD DE M\u00c9XICO. MX. \u2014 El presidente Andr\u00e9s Manuel L\u00f3pez Obrador asegur\u00f3 este mi\u00e9rcoles que&#8230;<\/p>\n","protected":false},"author":1,"featured_media":100537,"comment_status":"open","ping_status":"open","sticky":false,"template":"","format":"standard","meta":{"_monsterinsights_skip_tracking":false,"_monsterinsights_sitenote_active":false,"_monsterinsights_sitenote_note":"","_monsterinsights_sitenote_category":0,"footnotes":""},"categories":[5],"tags":[],"class_list":["post"],"yoast_head":" \n<title>Sonora en Equipo. &quot;Hay dosis suficientes para vacunar a adolescentes contra el COVID-19&quot;, asegura AMLO Rep\u00fablica<\/title>\n<meta name=\"description\" content=\"CIUDAD DE M\u00c9XICO. MX. \u2014 El presidente Andr\u00e9s Manuel L\u00f3pez Obrador asegur\u00f3 este mi\u00e9rcoles que se cuenta con las dosis necesarias para vacunar, contra el En Sonora en Equipo publicamos toda la informaci\u00f3n de Sonora, M\u00e9xico y el Mundo de manera oportuna y busca que la libertad de expresi\u00f3n sea real. Visita nuestro medio informativo publicado desde Hermosillo, Sonora. %\" \/>\n<meta name=\"robots\" content=\"index, follow, max-snippet:-1, max-image-preview:large, max-video-preview:-1\" \/>\n<link rel=\"canonical\" href=\"https:\/\/www.sonoraenequipo.com.mx\/hay-dosis-suficientes-para-vacunar-a-adolescentes-contra-el-covid-19-asegura-amlo\/\" \/>\n<meta property=\"og:locale\" content=\"es_ES\" \/>\n<meta property=\"og:type\" content=\"article\" \/>\n<meta property=\"og:title\" content=\"Sonora en Equipo. &quot;Hay dosis suficientes para vacunar a adolescentes contra el COVID-19&quot;, asegura AMLO Rep\u00fablica\" \/>\n<meta property=\"og:description\" content=\"CIUDAD DE M\u00c9XICO. MX. \u2014 El presidente Andr\u00e9s Manuel L\u00f3pez Obrador asegur\u00f3 este mi\u00e9rcoles que se cuenta con las dosis necesarias para vacunar, contra el En Sonora en Equipo publicamos toda la informaci\u00f3n de Sonora, M\u00e9xico y el Mundo de manera oportuna y busca que la libertad de expresi\u00f3n sea real. Visita nuestro medio informativo publicado desde Hermosillo, Sonora. %\" \/>\n<meta property=\"og:url\" content=\"https:\/\/www.sonoraenequipo.com.mx\/hay-dosis-suficientes-para-vacunar-a-adolescentes-contra-el-covid-19-asegura-amlo\/\" \/>\n<meta property=\"og:site_name\" content=\"Sonora en Equipo.\" \/>\n<meta property=\"article:publisher\" content=\"https:\/\/www.facebook.com\/SonoraEE\/\" \/>\n<meta property=\"article:author\" content=\"https:\/\/www.facebook.com\/SonoraEE\" \/>\n<meta property=\"article:published_time\" content=\"2021-11-17T17:00:49+00:00\" \/>\n<meta property=\"article:modified_time\" content=\"2021-11-18T06:25:21+00:00\" \/>\n<meta property=\"og:image\" content=\"https:\/\/www.sonoraenequipo.com.mx\/storage\/2020\/11\/vacunas-casi-listas_opt.jpg\" \/>\n\t<meta property=\"og:image:width\" content=\"600\" \/>\n\t<meta property=\"og:image:height\" content=\"400\" \/>\n\t<meta property=\"og:image:type\" content=\"image\/jpeg\" \/>\n<meta name=\"author\" content=\"enequipo\" \/>\n<meta name=\"twitter:card\" content=\"summary_large_image\" \/>\n<meta name=\"twitter:creator\" content=\"@sonoraenequipo\" \/>\n<meta name=\"twitter:site\" content=\"@sonoraenequipo\" \/>\n<meta name=\"twitter:label1\" content=\"Escrito por\" \/>\n\t<meta name=\"twitter:data1\" content=\"enequipo\" \/>\n\t<meta name=\"twitter:label2\" content=\"Tiempo de lectura\" \/>\n\t<meta name=\"twitter:data2\" content=\"1 minuto\" \/>\n<script type=\"application\/ld+json\" class=\"yoast-schema-graph\">{\"@context\":\"https:\/\/schema.org\",\"@graph\":[{\"@type\":\"Article\",\"@id\":\"https:\/\/www.sonoraenequipo.com.mx\/hay-dosis-suficientes-para-vacunar-a-adolescentes-contra-el-covid-19-asegura-amlo\/#article\",\"isPartOf\":{\"@id\":\"https:\/\/www.sonoraenequipo.com.mx\/hay-dosis-suficientes-para-vacunar-a-adolescentes-contra-el-covid-19-asegura-amlo\/\"},\"author\":{\"name\":\"enequipo\",\"@id\":\"https:\/\/www.sonoraenequipo.com.mx\/#\/schema\/person\/50102df0fb23a8fa9e8effad8fa81386\"},\"headline\":\"\u00abHay dosis suficientes para vacunar a adolescentes contra el COVID-19\u00bb, asegura AMLO\",\"datePublished\":\"2021-11-17T17:00:49+00:00\",\"dateModified\":\"2021-11-18T06:25:21+00:00\",\"mainEntityOfPage\":{\"@id\":\"https:\/\/www.sonoraenequipo.com.mx\/hay-dosis-suficientes-para-vacunar-a-adolescentes-contra-el-covid-19-asegura-amlo\/\"},\"wordCount\":269,\"commentCount\":0,\"publisher\":{\"@id\":\"https:\/\/www.sonoraenequipo.com.mx\/#organization\"},\"image\":{\"@id\":\"https:\/\/www.sonoraenequipo.com.mx\/hay-dosis-suficientes-para-vacunar-a-adolescentes-contra-el-covid-19-asegura-amlo\/#primaryimage\"},\"thumbnailUrl\":\"https:\/\/www.sonoraenequipo.com.mx\/storage\/2020\/11\/vacunas-casi-listas_opt.jpg\",\"articleSection\":[\"Rep\u00fablica\"],\"inLanguage\":\"es\",\"potentialAction\":[{\"@type\":\"CommentAction\",\"name\":\"Comment\",\"target\":[\"https:\/\/www.sonoraenequipo.com.mx\/hay-dosis-suficientes-para-vacunar-a-adolescentes-contra-el-covid-19-asegura-amlo\/#respond\"]}]},{\"@type\":\"WebPage\",\"@id\":\"https:\/\/www.sonoraenequipo.com.mx\/hay-dosis-suficientes-para-vacunar-a-adolescentes-contra-el-covid-19-asegura-amlo\/\",\"url\":\"https:\/\/www.sonoraenequipo.com.mx\/hay-dosis-suficientes-para-vacunar-a-adolescentes-contra-el-covid-19-asegura-amlo\/\",\"name\":\"Sonora en Equipo. \\\"Hay dosis suficientes para vacunar a adolescentes contra el COVID-19\\\", asegura AMLO Rep\u00fablica\",\"isPartOf\":{\"@id\":\"https:\/\/www.sonoraenequipo.com.mx\/#website\"},\"primaryImageOfPage\":{\"@id\":\"https:\/\/www.sonoraenequipo.com.mx\/hay-dosis-suficientes-para-vacunar-a-adolescentes-contra-el-covid-19-asegura-amlo\/#primaryimage\"},\"image\":{\"@id\":\"https:\/\/www.sonoraenequipo.com.mx\/hay-dosis-suficientes-para-vacunar-a-adolescentes-contra-el-covid-19-asegura-amlo\/#primaryimage\"},\"thumbnailUrl\":\"https:\/\/www.sonoraenequipo.com.mx\/storage\/2020\/11\/vacunas-casi-listas_opt.jpg\",\"datePublished\":\"2021-11-17T17:00:49+00:00\",\"dateModified\":\"2021-11-18T06:25:21+00:00\",\"description\":\"CIUDAD DE M\u00c9XICO. MX. \u2014 El presidente Andr\u00e9s Manuel L\u00f3pez Obrador asegur\u00f3 este mi\u00e9rcoles que se cuenta con las dosis necesarias para vacunar, contra el En Sonora en Equipo publicamos toda la informaci\u00f3n de Sonora, M\u00e9xico y el Mundo de manera oportuna y busca que la libertad de expresi\u00f3n sea real. Visita nuestro medio informativo publicado desde Hermosillo, Sonora. %\",\"breadcrumb\":{\"@id\":\"https:\/\/www.sonoraenequipo.com.mx\/hay-dosis-suficientes-para-vacunar-a-adolescentes-contra-el-covid-19-asegura-amlo\/#breadcrumb\"},\"inLanguage\":\"es\",\"potentialAction\":[{\"@type\":\"ReadAction\",\"target\":[\"https:\/\/www.sonoraenequipo.com.mx\/hay-dosis-suficientes-para-vacunar-a-adolescentes-contra-el-covid-19-asegura-amlo\/\"]}]},{\"@type\":\"ImageObject\",\"inLanguage\":\"es\",\"@id\":\"https:\/\/www.sonoraenequipo.com.mx\/hay-dosis-suficientes-para-vacunar-a-adolescentes-contra-el-covid-19-asegura-amlo\/#primaryimage\",\"url\":\"https:\/\/www.sonoraenequipo.com.mx\/storage\/2020\/11\/vacunas-casi-listas_opt.jpg\",\"contentUrl\":\"https:\/\/www.sonoraenequipo.com.mx\/storage\/2020\/11\/vacunas-casi-listas_opt.jpg\",\"width\":600,\"height\":400,\"caption\":\"Foto de archivo. Una fotograf\u00eda proporcionada por el Fondo Ruso de Inversi\u00f3n Directa (RDIF) muestra muestras de una vacuna contra la enfermedad del coronavirus (COVID-19) desarrollada por el Instituto de Investigaci\u00f3n de Epidemiolog\u00eda y Microbiolog\u00eda Gamaleya, en Mosc\u00fa, Rusia, el 6 de agosto de 2020. Fotograf\u00eda tomada en agosto 6, 2020. El Fondo Ruso de Inversi\u00f3n Directa (RDIF) \/ Folleto a trav\u00e9s de REUTERS ATENCI\u00d3N A EDITORES: ESTA IMAGEN FUE PROPORCIONADA POR UN TERCERO. NO HAY REVENTAS. SIN ARCHIVOS. CR\u00c9DITO OBLIGATORIO.\"},{\"@type\":\"BreadcrumbList\",\"@id\":\"https:\/\/www.sonoraenequipo.com.mx\/hay-dosis-suficientes-para-vacunar-a-adolescentes-contra-el-covid-19-asegura-amlo\/#breadcrumb\",\"itemListElement\":[{\"@type\":\"ListItem\",\"position\":1,\"name\":\"Portada\",\"item\":\"https:\/\/www.sonoraenequipo.com.mx\/\"},{\"@type\":\"ListItem\",\"position\":2,\"name\":\"\u00abHay dosis suficientes para vacunar a adolescentes contra el COVID-19\u00bb, asegura AMLO\"}]},{\"@type\":\"WebSite\",\"@id\":\"https:\/\/www.sonoraenequipo.com.mx\/#website\",\"url\":\"https:\/\/www.sonoraenequipo.com.mx\/\",\"name\":\"Sonora en Equipo.\",\"description\":\"Diario en l\u00ednea con Noticias desde Hermosillo, Sonora\",\"publisher\":{\"@id\":\"https:\/\/www.sonoraenequipo.com.mx\/#organization\"},\"potentialAction\":[{\"@type\":\"SearchAction\",\"target\":{\"@type\":\"EntryPoint\",\"urlTemplate\":\"https:\/\/www.sonoraenequipo.com.mx\/?s={search_term_string}\"},\"query-input\":{\"@type\":\"PropertyValueSpecification\",\"valueRequired\":true,\"valueName\":\"search_term_string\"}}],\"inLanguage\":\"es\"},{\"@type\":\"Organization\",\"@id\":\"https:\/\/www.sonoraenequipo.com.mx\/#organization\",\"name\":\"Sonoraenequipo.com.mx\",\"url\":\"https:\/\/www.sonoraenequipo.com.mx\/\",\"logo\":{\"@type\":\"ImageObject\",\"inLanguage\":\"es\",\"@id\":\"https:\/\/www.sonoraenequipo.com.mx\/#\/schema\/logo\/image\/\",\"url\":\"https:\/\/www.sonoraenequipo.com.mx\/storage\/2019\/01\/sonoraenequipo_opt.png\",\"contentUrl\":\"https:\/\/www.sonoraenequipo.com.mx\/storage\/2019\/01\/sonoraenequipo_opt.png\",\"width\":375,\"height\":125,\"caption\":\"Sonoraenequipo.com.mx\"},\"image\":{\"@id\":\"https:\/\/www.sonoraenequipo.com.mx\/#\/schema\/logo\/image\/\"},\"sameAs\":[\"https:\/\/www.facebook.com\/SonoraEE\/\",\"https:\/\/x.com\/sonoraenequipo\",\"https:\/\/www.youtube.com\/channel\/UC338nW-lPEYmJQs4ZABQ1SQ\"]},{\"@type\":\"Person\",\"@id\":\"https:\/\/www.sonoraenequipo.com.mx\/#\/schema\/person\/50102df0fb23a8fa9e8effad8fa81386\",\"name\":\"enequipo\",\"image\":{\"@type\":\"ImageObject\",\"inLanguage\":\"es\",\"@id\":\"https:\/\/www.sonoraenequipo.com.mx\/#\/schema\/person\/image\/\",\"url\":\"https:\/\/secure.gravatar.com\/avatar\/049821681b589dabc0bc20695993ccebb09f5b5d4d790cd9251b97faac7c652b?s=96&d=blank&r=g\",\"contentUrl\":\"https:\/\/secure.gravatar.com\/avatar\/049821681b589dabc0bc20695993ccebb09f5b5d4d790cd9251b97faac7c652b?s=96&d=blank&r=g\",\"caption\":\"enequipo\"},\"sameAs\":[\"https:\/\/www.facebook.com\/SonoraEE\"]}]}<\/script>\n ","yoast_head_json":{"title":"Sonora en Equipo. \"Hay dosis suficientes para vacunar a adolescentes contra el COVID-19\", asegura AMLO Rep\u00fablica","description":"CIUDAD DE M\u00c9XICO. MX. \u2014 El presidente Andr\u00e9s Manuel L\u00f3pez Obrador asegur\u00f3 este mi\u00e9rcoles que se cuenta con las dosis necesarias para vacunar, contra el En Sonora en Equipo publicamos toda la informaci\u00f3n de Sonora, M\u00e9xico y el Mundo de manera oportuna y busca que la libertad de expresi\u00f3n sea real. Visita nuestro medio informativo publicado desde Hermosillo, Sonora. %","robots":{"index":"index","follow":"follow","max-snippet":"max-snippet:-1","max-image-preview":"max-image-preview:large","max-video-preview":"max-video-preview:-1"},"canonical":"https:\/\/www.sonoraenequipo.com.mx\/hay-dosis-suficientes-para-vacunar-a-adolescentes-contra-el-covid-19-asegura-amlo\/","og_locale":"es_ES","og_type":"article","og_title":"Sonora en Equipo. \"Hay dosis suficientes para vacunar a adolescentes contra el COVID-19\", asegura AMLO Rep\u00fablica","og_description":"CIUDAD DE M\u00c9XICO. MX. \u2014 El presidente Andr\u00e9s Manuel L\u00f3pez Obrador asegur\u00f3 este mi\u00e9rcoles que se cuenta con las dosis necesarias para vacunar, contra el En Sonora en Equipo publicamos toda la informaci\u00f3n de Sonora, M\u00e9xico y el Mundo de manera oportuna y busca que la libertad de expresi\u00f3n sea real. Visita nuestro medio informativo publicado desde Hermosillo, Sonora. %","og_url":"https:\/\/www.sonoraenequipo.com.mx\/hay-dosis-suficientes-para-vacunar-a-adolescentes-contra-el-covid-19-asegura-amlo\/","og_site_name":"Sonora en Equipo.","article_publisher":"https:\/\/www.facebook.com\/SonoraEE\/","article_author":"https:\/\/www.facebook.com\/SonoraEE","article_published_time":"2021-11-17T17:00:49+00:00","article_modified_time":"2021-11-18T06:25:21+00:00","og_image":[{"width":600,"height":400,"url":"https:\/\/www.sonoraenequipo.com.mx\/storage\/2020\/11\/vacunas-casi-listas_opt.jpg","type":"image\/jpeg"}],"author":"enequipo","twitter_card":"summary_large_image","twitter_creator":"@sonoraenequipo","twitter_site":"@sonoraenequipo","twitter_misc":{"Escrito por":"enequipo","Tiempo de lectura":"1 minuto"},"schema":{"@context":"https:\/\/schema.org","@graph":[{"@type":"Article","@id":"https:\/\/www.sonoraenequipo.com.mx\/hay-dosis-suficientes-para-vacunar-a-adolescentes-contra-el-covid-19-asegura-amlo\/#article","isPartOf":{"@id":"https:\/\/www.sonoraenequipo.com.mx\/hay-dosis-suficientes-para-vacunar-a-adolescentes-contra-el-covid-19-asegura-amlo\/"},"author":{"name":"enequipo","@id":"https:\/\/www.sonoraenequipo.com.mx\/#\/schema\/person\/50102df0fb23a8fa9e8effad8fa81386"},"headline":"\u00abHay dosis suficientes para vacunar a adolescentes contra el COVID-19\u00bb, asegura AMLO","datePublished":"2021-11-17T17:00:49+00:00","dateModified":"2021-11-18T06:25:21+00:00","mainEntityOfPage":{"@id":"https:\/\/www.sonoraenequipo.com.mx\/hay-dosis-suficientes-para-vacunar-a-adolescentes-contra-el-covid-19-asegura-amlo\/"},"wordCount":269,"commentCount":0,"publisher":{"@id":"https:\/\/www.sonoraenequipo.com.mx\/#organization"},"image":{"@id":"https:\/\/www.sonoraenequipo.com.mx\/hay-dosis-suficientes-para-vacunar-a-adolescentes-contra-el-covid-19-asegura-amlo\/#primaryimage"},"thumbnailUrl":"https:\/\/www.sonoraenequipo.com.mx\/storage\/2020\/11\/vacunas-casi-listas_opt.jpg","articleSection":["Rep\u00fablica"],"inLanguage":"es","potentialAction":[{"@type":"CommentAction","name":"Comment","target":["https:\/\/www.sonoraenequipo.com.mx\/hay-dosis-suficientes-para-vacunar-a-adolescentes-contra-el-covid-19-asegura-amlo\/#respond"]}]},{"@type":"WebPage","@id":"https:\/\/www.sonoraenequipo.com.mx\/hay-dosis-suficientes-para-vacunar-a-adolescentes-contra-el-covid-19-asegura-amlo\/","url":"https:\/\/www.sonoraenequipo.com.mx\/hay-dosis-suficientes-para-vacunar-a-adolescentes-contra-el-covid-19-asegura-amlo\/","name":"Sonora en Equipo. \"Hay dosis suficientes para vacunar a adolescentes contra el COVID-19\", asegura AMLO Rep\u00fablica","isPartOf":{"@id":"https:\/\/www.sonoraenequipo.com.mx\/#website"},"primaryImageOfPage":{"@id":"https:\/\/www.sonoraenequipo.com.mx\/hay-dosis-suficientes-para-vacunar-a-adolescentes-contra-el-covid-19-asegura-amlo\/#primaryimage"},"image":{"@id":"https:\/\/www.sonoraenequipo.com.mx\/hay-dosis-suficientes-para-vacunar-a-adolescentes-contra-el-covid-19-asegura-amlo\/#primaryimage"},"thumbnailUrl":"https:\/\/www.sonoraenequipo.com.mx\/storage\/2020\/11\/vacunas-casi-listas_opt.jpg","datePublished":"2021-11-17T17:00:49+00:00","dateModified":"2021-11-18T06:25:21+00:00","description":"CIUDAD DE M\u00c9XICO. MX. \u2014 El presidente Andr\u00e9s Manuel L\u00f3pez Obrador asegur\u00f3 este mi\u00e9rcoles que se cuenta con las dosis necesarias para vacunar, contra el En Sonora en Equipo publicamos toda la informaci\u00f3n de Sonora, M\u00e9xico y el Mundo de manera oportuna y busca que la libertad de expresi\u00f3n sea real. Visita nuestro medio informativo publicado desde Hermosillo, Sonora. %","breadcrumb":{"@id":"https:\/\/www.sonoraenequipo.com.mx\/hay-dosis-suficientes-para-vacunar-a-adolescentes-contra-el-covid-19-asegura-amlo\/#breadcrumb"},"inLanguage":"es","potentialAction":[{"@type":"ReadAction","target":["https:\/\/www.sonoraenequipo.com.mx\/hay-dosis-suficientes-para-vacunar-a-adolescentes-contra-el-covid-19-asegura-amlo\/"]}]},{"@type":"ImageObject","inLanguage":"es","@id":"https:\/\/www.sonoraenequipo.com.mx\/hay-dosis-suficientes-para-vacunar-a-adolescentes-contra-el-covid-19-asegura-amlo\/#primaryimage","url":"https:\/\/www.sonoraenequipo.com.mx\/storage\/2020\/11\/vacunas-casi-listas_opt.jpg","contentUrl":"https:\/\/www.sonoraenequipo.com.mx\/storage\/2020\/11\/vacunas-casi-listas_opt.jpg","width":600,"height":400,"caption":"Foto de archivo. Una fotograf\u00eda proporcionada por el Fondo Ruso de Inversi\u00f3n Directa (RDIF) muestra muestras de una vacuna contra la enfermedad del coronavirus (COVID-19) desarrollada por el Instituto de Investigaci\u00f3n de Epidemiolog\u00eda y Microbiolog\u00eda Gamaleya, en Mosc\u00fa, Rusia, el 6 de agosto de 2020. Fotograf\u00eda tomada en agosto 6, 2020. El Fondo Ruso de Inversi\u00f3n Directa (RDIF) \/ Folleto a trav\u00e9s de REUTERS ATENCI\u00d3N A EDITORES: ESTA IMAGEN FUE PROPORCIONADA POR UN TERCERO. NO HAY REVENTAS. SIN ARCHIVOS. CR\u00c9DITO OBLIGATORIO."},{"@type":"BreadcrumbList","@id":"https:\/\/www.sonoraenequipo.com.mx\/hay-dosis-suficientes-para-vacunar-a-adolescentes-contra-el-covid-19-asegura-amlo\/#breadcrumb","itemListElement":[{"@type":"ListItem","position":1,"name":"Portada","item":"https:\/\/www.sonoraenequipo.com.mx\/"},{"@type":"ListItem","position":2,"name":"\u00abHay dosis suficientes para vacunar a adolescentes contra el COVID-19\u00bb, asegura AMLO"}]},{"@type":"WebSite","@id":"https:\/\/www.sonoraenequipo.com.mx\/#website","url":"https:\/\/www.sonoraenequipo.com.mx\/","name":"Sonora en Equipo.","description":"Diario en l\u00ednea con Noticias desde Hermosillo, Sonora","publisher":{"@id":"https:\/\/www.sonoraenequipo.com.mx\/#organization"},"potentialAction":[{"@type":"SearchAction","target":{"@type":"EntryPoint","urlTemplate":"https:\/\/www.sonoraenequipo.com.mx\/?s={search_term_string}"},"query-input":{"@type":"PropertyValueSpecification","valueRequired":true,"valueName":"search_term_string"}}],"inLanguage":"es"},{"@type":"Organization","@id":"https:\/\/www.sonoraenequipo.com.mx\/#organization","name":"Sonoraenequipo.com.mx","url":"https:\/\/www.sonoraenequipo.com.mx\/","logo":{"@type":"ImageObject","inLanguage":"es","@id":"https:\/\/www.sonoraenequipo.com.mx\/#\/schema\/logo\/image\/","url":"https:\/\/www.sonoraenequipo.com.mx\/storage\/2019\/01\/sonoraenequipo_opt.png","contentUrl":"https:\/\/www.sonoraenequipo.com.mx\/storage\/2019\/01\/sonoraenequipo_opt.png","width":375,"height":125,"caption":"Sonoraenequipo.com.mx"},"image":{"@id":"https:\/\/www.sonoraenequipo.com.mx\/#\/schema\/logo\/image\/"},"sameAs":["https:\/\/www.facebook.com\/SonoraEE\/","https:\/\/x.com\/sonoraenequipo","https:\/\/www.youtube.com\/channel\/UC338nW-lPEYmJQs4ZABQ1SQ"]},{"@type":"Person","@id":"https:\/\/www.sonoraenequipo.com.mx\/#\/schema\/person\/50102df0fb23a8fa9e8effad8fa81386","name":"enequipo","image":{"@type":"ImageObject","inLanguage":"es","@id":"https:\/\/www.sonoraenequipo.com.mx\/#\/schema\/person\/image\/","url":"https:\/\/secure.gravatar.com\/avatar\/049821681b589dabc0bc20695993ccebb09f5b5d4d790cd9251b97faac7c652b?s=96&d=blank&r=g","contentUrl":"https:\/\/secure.gravatar.com\/avatar\/049821681b589dabc0bc20695993ccebb09f5b5d4d790cd9251b97faac7c652b?s=96&d=blank&r=g","caption":"enequipo"},"sameAs":["https:\/\/www.facebook.com\/SonoraEE"]}]}},"jetpack_featured_media_url":"https:\/\/www.sonoraenequipo.com.mx\/storage\/2020\/11\/vacunas-casi-listas_opt.jpg","_links":{"self":[{"href":"https:\/\/www.sonoraenequipo.com.mx\/api\/wp\/v2\/posts\/127709","targetHints":{"allow":["GET"]}}],"collection":[{"href":"https:\/\/www.sonoraenequipo.com.mx\/api\/wp\/v2\/posts"}],"about":[{"href":"https:\/\/www.sonoraenequipo.com.mx\/api\/wp\/v2\/types\/post"}],"author":[{"embeddable":true,"href":"https:\/\/www.sonoraenequipo.com.mx\/api\/wp\/v2\/users\/1"}],"replies":[{"embeddable":true,"href":"https:\/\/www.sonoraenequipo.com.mx\/api\/wp\/v2\/comments?post=127709"}],"version-history":[{"count":1,"href":"https:\/\/www.sonoraenequipo.com.mx\/api\/wp\/v2\/posts\/127709\/revisions"}],"predecessor-version":[{"id":127710,"href":"https:\/\/www.sonoraenequipo.com.mx\/api\/wp\/v2\/posts\/127709\/revisions\/127710"}],"wp:featuredmedia":[{"embeddable":true,"href":"https:\/\/www.sonoraenequipo.com.mx\/api\/wp\/v2\/media\/100537"}],"wp:attachment":[{"href":"https:\/\/www.sonoraenequipo.com.mx\/api\/wp\/v2\/media?parent=127709"}],"wp:term":[{"taxonomy":"category","embeddable":true,"href":"https:\/\/www.sonoraenequipo.com.mx\/api\/wp\/v2\/categories?post=127709"},{"taxonomy":"post_tag","embeddable":true,"href":"https:\/\/www.sonoraenequipo.com.mx\/api\/wp\/v2\/tags?post=127709"}],"curies":[{"name":"wp","href":"https:\/\/api.w.org\/{rel}","templated":true}]}}