{"id":127789,"date":"2021-11-17T14:54:20","date_gmt":"2021-11-17T21:54:20","guid":{"rendered":"https:\/\/www.sonoraenequipo.com.mx\/?p=127789"},"modified":"2021-11-18T21:35:32","modified_gmt":"2021-11-19T04:35:32","slug":"con-investigacion-en-trabajo-social-academica-de-unison-gana-premio-en-espana","status":"publish","type":"post","link":"https:\/\/www.sonoraenequipo.com.mx\/con-investigacion-en-trabajo-social-academica-de-unison-gana-premio-en-espana\/","title":{"rendered":"Con investigaci\u00f3n en Trabajo Social acad\u00e9mica de Unison gana premio en Espa\u00f1a"},"content":{"rendered":"<p>HERMOSILLO, SONORA. MX. \u2014 Con un art\u00edculo resultado de la investigaci\u00f3n Sobrevivir sin l\u00e1grimas: relatos de las estad\u00edsticas de pobreza, la acad\u00e9mica Virginia Romero Plana result\u00f3 ganadora en la XXV Edici\u00f3n del Premio Cient\u00edfico de la Revista Documentos de Trabajo Social (DTS), que otorga El Colegio Profesional de Trabajo Social de M\u00e1laga, Espa\u00f1a.<\/p>\n<p>&nbsp;<\/p>\n<p> <\/p>\n<p>&nbsp;<\/p>\n<p>En el documento titulado Auto-perfiles masculinos de la pobreza extrema: estudio de caso en Sonora, la profesora investigadora de la Universidad de Sonora expone que la pobreza se estudia, pero la mayor\u00eda de las veces desde los n\u00fameros y las estad\u00edsticas, dejando de lado los significados, el simbolismo y las pr\u00e1cticas de supervivencia.<\/p>\n<p>&nbsp;<\/p>\n<p><em>\u201cEsto es lo que impregna de sensibilidad la labor del Trabajo Social y lo que subraya la necesidad de mirar el fen\u00f3meno de la pobreza con otro enfoque m\u00e1s vivencial y humano, y teniendo en cuenta la multidimensionalidad que lo acompa\u00f1a\u201d<\/em>, asienta en su trabajo.<\/p>\n<p>&nbsp;<\/p>\n<p>La acad\u00e9mica fue reconocida en la modalidad Investigaci\u00f3n en Trabajo Social de este galard\u00f3n que tiene como objetivo apoyar e impulsar la producci\u00f3n te\u00f3rica, la investigaci\u00f3n y la sistematizaci\u00f3n de experiencias en Trabajo Social. Tambi\u00e9n se reconocieron otros dos trabajos dentro de la disciplina en las modalidades de Intervenci\u00f3n y Teor\u00eda y Pr\u00e1ctica.<\/p>\n<p>&nbsp;<\/p>\n<p>Cabe se\u00f1alar que este premio cuenta con el respaldo de la Diputaci\u00f3n Provincial de M\u00e1laga, el Ayuntamiento de M\u00e1laga y la Facultad de Estudios Sociales y del Trabajo, y este a\u00f1o se recibieron 17 trabajos de Espa\u00f1a (M\u00e1laga, Valencia, C\u00e1diz, Sevilla, Granada, Alicante, Cantabria, A Coru\u00f1a, Navarra) y de pa\u00edses como M\u00e9xico, Uruguay y Argentina.<\/p>\n<p>&nbsp;<\/p>\n<p>La premiaci\u00f3n se llevar\u00e1 a cabo el d\u00eda 23 de noviembre en la Universidad Internacional de Andaluc\u00eda, ubicada en Plaza de la Legi\u00f3n Espa\u00f1ola, N\u00ba 1 de M\u00e1laga, y aunque Romero Plana no podr\u00e1 asistir de manera presencial, enviar\u00e1 un video compartiendo el trabajo y los agradecimientos por este galard\u00f3n.<\/p>\n<p>&nbsp;<\/p>\n<p>Doctora en Estudios Mexicanos con especialidad en Antropolog\u00eda de la pobreza Romero Plana se\u00f1al\u00f3 que este reconocimiento, adem\u00e1s de ser algo inesperado y que le provoc\u00f3 una inmensa alegr\u00eda, representa el valor al esfuerzo que ha hecho en esta investigaci\u00f3n.<\/p>\n<p>&nbsp;<\/p>\n<p><em>\u201cAgradezco inmensamente el reconocimiento al trabajo, porque adem\u00e1s es un tema que no se aborda. Que reconozcan tu producci\u00f3n siempre es positivo porque implica utilidad y alienta a seguir esforz\u00e1ndose, sobre todo en la academia, que est\u00e1 al servicio de quienes toman las decisiones por una sociedad m\u00e1s igualitaria y desarrollada\u201d<\/em>, indic\u00f3.<\/p>\n<p>&nbsp;<\/p>\n<p>Destac\u00f3 que recibir un reconocimiento en investigaci\u00f3n en el \u00e1mbito del Trabajo Social es algo peculiar porque esta disciplina no tiene una trayectoria extensa en el rubro de la investigaci\u00f3n.<\/p>\n<p>&nbsp;<\/p>\n<p>Consider\u00f3 que esto es algo que debe subrayarse, porque es una profesi\u00f3n muy relevante para conseguir el cambio que se busca en relaci\u00f3n con el bienestar de la poblaci\u00f3n y contra las desigualdades e injusticias, y que para ello no s\u00f3lo hay que intervenir socialmente con las comunidades, sino tambi\u00e9n realizar investigaciones y diagn\u00f3sticos que aporten pistas para la elaboraci\u00f3n e implementaci\u00f3n de pol\u00edticas sociales.<\/p>\n<p>&nbsp;<\/p>\n<p>Virginia Romero mencion\u00f3 que, aunque ella es espa\u00f1ola, no ha tenido ninguna relaci\u00f3n con el organismo de M\u00e1laga y que en el env\u00edo del trabajo se puso que proven\u00eda de M\u00e9xico.<\/p>\n<p>&nbsp;<\/p>\n<p>Revel\u00f3 que ya hab\u00eda participado en otra ocasi\u00f3n en este premio de forma individual y en conjunto con otros dos investigadores de la Universidad de Sonora, con art\u00edculos que aunque no resultaron ganadores s\u00ed se publicaron en la revista Documentos de Trabajo Social, la cual, destac\u00f3, es de las escasas revistas indizadas que difunde trabajos de la disciplina a nivel nacional e Iberoamericano. \u201cSinceramente no pensaba enviar de nuevo ning\u00fan trabajo, pero me pareci\u00f3 innovador lo que planteaba en el art\u00edculo y quise darle una oportunidad\u201d.<\/p>\n<p>&nbsp;<\/p>\n<h3>Resultado de investigaci\u00f3n<\/h3>\n<p>Comparti\u00f3 que su art\u00edculo es parte de los resultados obtenidos en la investigaci\u00f3n Sobrevivir sin l\u00e1grimas: relatos de las estad\u00edsticas de pobreza, que estuvo apoyada por Programa para el Desarrollo Profesional Docente, para el Tipo Superior (Prodep), en el ciclo 2018-2019, como nueva Profesora de Tiempo Completo de esta casa de estudios. \u201cEl objetivo de esta investigaci\u00f3n era analizar los significados de los contextos de pobreza extrema &#8211;situaci\u00f3n de calle&#8211; a partir de historias de vida de hombres ex migrantes deportados en Hermosillo.<\/p>\n<p>&nbsp;<\/p>\n<p>Dio a conocer que el objetivo del art\u00edculo Auto-perfiles masculinos de la pobreza extrema: un estudio de caso en Sonora, M\u00e9xico, fue identificar las posiciones y los elementos de significaci\u00f3n de los auto-perfiles configurados por un colectivo de hombres en situaci\u00f3n de calle, a partir de varios aspectos de sus trayectorias vitales y de sus experiencias diarias de afrontamiento de la pobreza extrema, otras violencias, discriminaci\u00f3n y exclusi\u00f3n.<\/p>\n<p>&nbsp;<\/p>\n<p><em>\u201cEste estudio de caso se realiz\u00f3 en Hermosillo, donde hay un creciente estancamiento de hombres ex migrantes en situaci\u00f3n de calle, quienes sobreviven por trabajos informales y de los apoyos de las asociaciones civiles\u201d<\/em>, abund\u00f3.<\/p>\n<p>&nbsp;<\/p>\n<p>La profesora con cinco a\u00f1os en el Departamento de Trabajo Social, quien trabaja las l\u00edneas de investigaci\u00f3n pobreza extrema, g\u00e9nero y migraci\u00f3n, reiter\u00f3 su agradecimiento por el premio y por los espacios en los que la investigaci\u00f3n en la disciplina pueda destacar, as\u00ed como la labor de intervenci\u00f3n social que realizan, porque aportan consideraciones \u00fatiles para las pol\u00edticas de desarrollo y para los proyectos de acci\u00f3n social a nivel regional, nacional e internacional.<\/p>\n<p>&nbsp;<\/p>\n<p>&nbsp;<\/p>\n<p>(Publicada el 17\/11\/2021<\/p>\n","protected":false},"excerpt":{"rendered":"<p>HERMOSILLO, SONORA. MX. \u2014 Con un art\u00edculo resultado de la investigaci\u00f3n Sobrevivir sin l\u00e1grimas: relatos&#8230;<\/p>\n","protected":false},"author":1,"featured_media":127791,"comment_status":"open","ping_status":"open","sticky":false,"template":"","format":"standard","meta":{"_monsterinsights_skip_tracking":false,"_monsterinsights_sitenote_active":false,"_monsterinsights_sitenote_note":"","_monsterinsights_sitenote_category":0,"footnotes":""},"categories":[3],"tags":[],"class_list":["post"],"yoast_head":" \n<title>Sonora en Equipo. Con investigaci\u00f3n en Trabajo Social acad\u00e9mica de Unison gana premio en Espa\u00f1a MUNDO<\/title>\n<meta name=\"description\" content=\"HERMOSILLO, SONORA. MX. \u2014 Con un art\u00edculo resultado de la investigaci\u00f3n Sobrevivir sin l\u00e1grimas: relatos de las estad\u00edsticas de pobreza, la acad\u00e9mica En Sonora en Equipo publicamos toda la informaci\u00f3n de Sonora, M\u00e9xico y el Mundo de manera oportuna y busca que la libertad de expresi\u00f3n sea real. Visita nuestro medio informativo publicado desde Hermosillo, Sonora. %\" \/>\n<meta name=\"robots\" content=\"index, follow, max-snippet:-1, max-image-preview:large, max-video-preview:-1\" \/>\n<link rel=\"canonical\" href=\"https:\/\/www.sonoraenequipo.com.mx\/con-investigacion-en-trabajo-social-academica-de-unison-gana-premio-en-espana\/\" \/>\n<meta property=\"og:locale\" content=\"es_ES\" \/>\n<meta property=\"og:type\" content=\"article\" \/>\n<meta property=\"og:title\" content=\"Sonora en Equipo. Con investigaci\u00f3n en Trabajo Social acad\u00e9mica de Unison gana premio en Espa\u00f1a MUNDO\" \/>\n<meta property=\"og:description\" content=\"HERMOSILLO, SONORA. MX. \u2014 Con un art\u00edculo resultado de la investigaci\u00f3n Sobrevivir sin l\u00e1grimas: relatos de las estad\u00edsticas de pobreza, la acad\u00e9mica En Sonora en Equipo publicamos toda la informaci\u00f3n de Sonora, M\u00e9xico y el Mundo de manera oportuna y busca que la libertad de expresi\u00f3n sea real. Visita nuestro medio informativo publicado desde Hermosillo, Sonora. %\" \/>\n<meta property=\"og:url\" content=\"https:\/\/www.sonoraenequipo.com.mx\/con-investigacion-en-trabajo-social-academica-de-unison-gana-premio-en-espana\/\" \/>\n<meta property=\"og:site_name\" content=\"Sonora en Equipo.\" \/>\n<meta property=\"article:publisher\" content=\"https:\/\/www.facebook.com\/SonoraEE\/\" \/>\n<meta property=\"article:author\" content=\"https:\/\/www.facebook.com\/SonoraEE\" \/>\n<meta property=\"article:published_time\" content=\"2021-11-17T21:54:20+00:00\" \/>\n<meta property=\"article:modified_time\" content=\"2021-11-19T04:35:32+00:00\" \/>\n<meta property=\"og:image\" content=\"https:\/\/www.sonoraenequipo.com.mx\/storage\/2021\/11\/UNISON_Virginia-Romero-gana-premio-en-Espana_opt.jpg\" \/>\n\t<meta property=\"og:image:width\" content=\"700\" \/>\n\t<meta property=\"og:image:height\" content=\"400\" \/>\n\t<meta property=\"og:image:type\" content=\"image\/jpeg\" \/>\n<meta name=\"author\" content=\"enequipo\" \/>\n<meta name=\"twitter:card\" content=\"summary_large_image\" \/>\n<meta name=\"twitter:creator\" content=\"@sonoraenequipo\" \/>\n<meta name=\"twitter:site\" content=\"@sonoraenequipo\" \/>\n<meta name=\"twitter:label1\" content=\"Escrito por\" \/>\n\t<meta name=\"twitter:data1\" content=\"enequipo\" \/>\n\t<meta name=\"twitter:label2\" content=\"Tiempo de lectura\" \/>\n\t<meta name=\"twitter:data2\" content=\"4 minutos\" \/>\n<script type=\"application\/ld+json\" class=\"yoast-schema-graph\">{\"@context\":\"https:\/\/schema.org\",\"@graph\":[{\"@type\":\"Article\",\"@id\":\"https:\/\/www.sonoraenequipo.com.mx\/con-investigacion-en-trabajo-social-academica-de-unison-gana-premio-en-espana\/#article\",\"isPartOf\":{\"@id\":\"https:\/\/www.sonoraenequipo.com.mx\/con-investigacion-en-trabajo-social-academica-de-unison-gana-premio-en-espana\/\"},\"author\":{\"name\":\"enequipo\",\"@id\":\"https:\/\/www.sonoraenequipo.com.mx\/#\/schema\/person\/50102df0fb23a8fa9e8effad8fa81386\"},\"headline\":\"Con investigaci\u00f3n en Trabajo Social acad\u00e9mica de Unison gana premio en Espa\u00f1a\",\"datePublished\":\"2021-11-17T21:54:20+00:00\",\"dateModified\":\"2021-11-19T04:35:32+00:00\",\"mainEntityOfPage\":{\"@id\":\"https:\/\/www.sonoraenequipo.com.mx\/con-investigacion-en-trabajo-social-academica-de-unison-gana-premio-en-espana\/\"},\"wordCount\":1005,\"commentCount\":0,\"publisher\":{\"@id\":\"https:\/\/www.sonoraenequipo.com.mx\/#organization\"},\"image\":{\"@id\":\"https:\/\/www.sonoraenequipo.com.mx\/con-investigacion-en-trabajo-social-academica-de-unison-gana-premio-en-espana\/#primaryimage\"},\"thumbnailUrl\":\"https:\/\/www.sonoraenequipo.com.mx\/storage\/2021\/11\/UNISON_Virginia-Romero-gana-premio-en-Espana_opt.jpg\",\"articleSection\":[\"MUNDO\"],\"inLanguage\":\"es\",\"potentialAction\":[{\"@type\":\"CommentAction\",\"name\":\"Comment\",\"target\":[\"https:\/\/www.sonoraenequipo.com.mx\/con-investigacion-en-trabajo-social-academica-de-unison-gana-premio-en-espana\/#respond\"]}]},{\"@type\":\"WebPage\",\"@id\":\"https:\/\/www.sonoraenequipo.com.mx\/con-investigacion-en-trabajo-social-academica-de-unison-gana-premio-en-espana\/\",\"url\":\"https:\/\/www.sonoraenequipo.com.mx\/con-investigacion-en-trabajo-social-academica-de-unison-gana-premio-en-espana\/\",\"name\":\"Sonora en Equipo. Con investigaci\u00f3n en Trabajo Social acad\u00e9mica de Unison gana premio en Espa\u00f1a MUNDO\",\"isPartOf\":{\"@id\":\"https:\/\/www.sonoraenequipo.com.mx\/#website\"},\"primaryImageOfPage\":{\"@id\":\"https:\/\/www.sonoraenequipo.com.mx\/con-investigacion-en-trabajo-social-academica-de-unison-gana-premio-en-espana\/#primaryimage\"},\"image\":{\"@id\":\"https:\/\/www.sonoraenequipo.com.mx\/con-investigacion-en-trabajo-social-academica-de-unison-gana-premio-en-espana\/#primaryimage\"},\"thumbnailUrl\":\"https:\/\/www.sonoraenequipo.com.mx\/storage\/2021\/11\/UNISON_Virginia-Romero-gana-premio-en-Espana_opt.jpg\",\"datePublished\":\"2021-11-17T21:54:20+00:00\",\"dateModified\":\"2021-11-19T04:35:32+00:00\",\"description\":\"HERMOSILLO, SONORA. MX. \u2014 Con un art\u00edculo resultado de la investigaci\u00f3n Sobrevivir sin l\u00e1grimas: relatos de las estad\u00edsticas de pobreza, la acad\u00e9mica En Sonora en Equipo publicamos toda la informaci\u00f3n de Sonora, M\u00e9xico y el Mundo de manera oportuna y busca que la libertad de expresi\u00f3n sea real. Visita nuestro medio informativo publicado desde Hermosillo, Sonora. %\",\"breadcrumb\":{\"@id\":\"https:\/\/www.sonoraenequipo.com.mx\/con-investigacion-en-trabajo-social-academica-de-unison-gana-premio-en-espana\/#breadcrumb\"},\"inLanguage\":\"es\",\"potentialAction\":[{\"@type\":\"ReadAction\",\"target\":[\"https:\/\/www.sonoraenequipo.com.mx\/con-investigacion-en-trabajo-social-academica-de-unison-gana-premio-en-espana\/\"]}]},{\"@type\":\"ImageObject\",\"inLanguage\":\"es\",\"@id\":\"https:\/\/www.sonoraenequipo.com.mx\/con-investigacion-en-trabajo-social-academica-de-unison-gana-premio-en-espana\/#primaryimage\",\"url\":\"https:\/\/www.sonoraenequipo.com.mx\/storage\/2021\/11\/UNISON_Virginia-Romero-gana-premio-en-Espana_opt.jpg\",\"contentUrl\":\"https:\/\/www.sonoraenequipo.com.mx\/storage\/2021\/11\/UNISON_Virginia-Romero-gana-premio-en-Espana_opt.jpg\",\"width\":700,\"height\":400},{\"@type\":\"BreadcrumbList\",\"@id\":\"https:\/\/www.sonoraenequipo.com.mx\/con-investigacion-en-trabajo-social-academica-de-unison-gana-premio-en-espana\/#breadcrumb\",\"itemListElement\":[{\"@type\":\"ListItem\",\"position\":1,\"name\":\"Portada\",\"item\":\"https:\/\/www.sonoraenequipo.com.mx\/\"},{\"@type\":\"ListItem\",\"position\":2,\"name\":\"Con investigaci\u00f3n en Trabajo Social acad\u00e9mica de Unison gana premio en Espa\u00f1a\"}]},{\"@type\":\"WebSite\",\"@id\":\"https:\/\/www.sonoraenequipo.com.mx\/#website\",\"url\":\"https:\/\/www.sonoraenequipo.com.mx\/\",\"name\":\"Sonora en Equipo.\",\"description\":\"Diario en l\u00ednea con Noticias desde Hermosillo, Sonora\",\"publisher\":{\"@id\":\"https:\/\/www.sonoraenequipo.com.mx\/#organization\"},\"potentialAction\":[{\"@type\":\"SearchAction\",\"target\":{\"@type\":\"EntryPoint\",\"urlTemplate\":\"https:\/\/www.sonoraenequipo.com.mx\/?s={search_term_string}\"},\"query-input\":{\"@type\":\"PropertyValueSpecification\",\"valueRequired\":true,\"valueName\":\"search_term_string\"}}],\"inLanguage\":\"es\"},{\"@type\":\"Organization\",\"@id\":\"https:\/\/www.sonoraenequipo.com.mx\/#organization\",\"name\":\"Sonoraenequipo.com.mx\",\"url\":\"https:\/\/www.sonoraenequipo.com.mx\/\",\"logo\":{\"@type\":\"ImageObject\",\"inLanguage\":\"es\",\"@id\":\"https:\/\/www.sonoraenequipo.com.mx\/#\/schema\/logo\/image\/\",\"url\":\"https:\/\/www.sonoraenequipo.com.mx\/storage\/2019\/01\/sonoraenequipo_opt.png\",\"contentUrl\":\"https:\/\/www.sonoraenequipo.com.mx\/storage\/2019\/01\/sonoraenequipo_opt.png\",\"width\":375,\"height\":125,\"caption\":\"Sonoraenequipo.com.mx\"},\"image\":{\"@id\":\"https:\/\/www.sonoraenequipo.com.mx\/#\/schema\/logo\/image\/\"},\"sameAs\":[\"https:\/\/www.facebook.com\/SonoraEE\/\",\"https:\/\/x.com\/sonoraenequipo\",\"https:\/\/www.youtube.com\/channel\/UC338nW-lPEYmJQs4ZABQ1SQ\"]},{\"@type\":\"Person\",\"@id\":\"https:\/\/www.sonoraenequipo.com.mx\/#\/schema\/person\/50102df0fb23a8fa9e8effad8fa81386\",\"name\":\"enequipo\",\"image\":{\"@type\":\"ImageObject\",\"inLanguage\":\"es\",\"@id\":\"https:\/\/www.sonoraenequipo.com.mx\/#\/schema\/person\/image\/\",\"url\":\"https:\/\/secure.gravatar.com\/avatar\/049821681b589dabc0bc20695993ccebb09f5b5d4d790cd9251b97faac7c652b?s=96&d=blank&r=g\",\"contentUrl\":\"https:\/\/secure.gravatar.com\/avatar\/049821681b589dabc0bc20695993ccebb09f5b5d4d790cd9251b97faac7c652b?s=96&d=blank&r=g\",\"caption\":\"enequipo\"},\"sameAs\":[\"https:\/\/www.facebook.com\/SonoraEE\"]}]}<\/script>\n ","yoast_head_json":{"title":"Sonora en Equipo. Con investigaci\u00f3n en Trabajo Social acad\u00e9mica de Unison gana premio en Espa\u00f1a MUNDO","description":"HERMOSILLO, SONORA. MX. \u2014 Con un art\u00edculo resultado de la investigaci\u00f3n Sobrevivir sin l\u00e1grimas: relatos de las estad\u00edsticas de pobreza, la acad\u00e9mica En Sonora en Equipo publicamos toda la informaci\u00f3n de Sonora, M\u00e9xico y el Mundo de manera oportuna y busca que la libertad de expresi\u00f3n sea real. Visita nuestro medio informativo publicado desde Hermosillo, Sonora. %","robots":{"index":"index","follow":"follow","max-snippet":"max-snippet:-1","max-image-preview":"max-image-preview:large","max-video-preview":"max-video-preview:-1"},"canonical":"https:\/\/www.sonoraenequipo.com.mx\/con-investigacion-en-trabajo-social-academica-de-unison-gana-premio-en-espana\/","og_locale":"es_ES","og_type":"article","og_title":"Sonora en Equipo. Con investigaci\u00f3n en Trabajo Social acad\u00e9mica de Unison gana premio en Espa\u00f1a MUNDO","og_description":"HERMOSILLO, SONORA. MX. \u2014 Con un art\u00edculo resultado de la investigaci\u00f3n Sobrevivir sin l\u00e1grimas: relatos de las estad\u00edsticas de pobreza, la acad\u00e9mica En Sonora en Equipo publicamos toda la informaci\u00f3n de Sonora, M\u00e9xico y el Mundo de manera oportuna y busca que la libertad de expresi\u00f3n sea real. Visita nuestro medio informativo publicado desde Hermosillo, Sonora. %","og_url":"https:\/\/www.sonoraenequipo.com.mx\/con-investigacion-en-trabajo-social-academica-de-unison-gana-premio-en-espana\/","og_site_name":"Sonora en Equipo.","article_publisher":"https:\/\/www.facebook.com\/SonoraEE\/","article_author":"https:\/\/www.facebook.com\/SonoraEE","article_published_time":"2021-11-17T21:54:20+00:00","article_modified_time":"2021-11-19T04:35:32+00:00","og_image":[{"width":700,"height":400,"url":"https:\/\/www.sonoraenequipo.com.mx\/storage\/2021\/11\/UNISON_Virginia-Romero-gana-premio-en-Espana_opt.jpg","type":"image\/jpeg"}],"author":"enequipo","twitter_card":"summary_large_image","twitter_creator":"@sonoraenequipo","twitter_site":"@sonoraenequipo","twitter_misc":{"Escrito por":"enequipo","Tiempo de lectura":"4 minutos"},"schema":{"@context":"https:\/\/schema.org","@graph":[{"@type":"Article","@id":"https:\/\/www.sonoraenequipo.com.mx\/con-investigacion-en-trabajo-social-academica-de-unison-gana-premio-en-espana\/#article","isPartOf":{"@id":"https:\/\/www.sonoraenequipo.com.mx\/con-investigacion-en-trabajo-social-academica-de-unison-gana-premio-en-espana\/"},"author":{"name":"enequipo","@id":"https:\/\/www.sonoraenequipo.com.mx\/#\/schema\/person\/50102df0fb23a8fa9e8effad8fa81386"},"headline":"Con investigaci\u00f3n en Trabajo Social acad\u00e9mica de Unison gana premio en Espa\u00f1a","datePublished":"2021-11-17T21:54:20+00:00","dateModified":"2021-11-19T04:35:32+00:00","mainEntityOfPage":{"@id":"https:\/\/www.sonoraenequipo.com.mx\/con-investigacion-en-trabajo-social-academica-de-unison-gana-premio-en-espana\/"},"wordCount":1005,"commentCount":0,"publisher":{"@id":"https:\/\/www.sonoraenequipo.com.mx\/#organization"},"image":{"@id":"https:\/\/www.sonoraenequipo.com.mx\/con-investigacion-en-trabajo-social-academica-de-unison-gana-premio-en-espana\/#primaryimage"},"thumbnailUrl":"https:\/\/www.sonoraenequipo.com.mx\/storage\/2021\/11\/UNISON_Virginia-Romero-gana-premio-en-Espana_opt.jpg","articleSection":["MUNDO"],"inLanguage":"es","potentialAction":[{"@type":"CommentAction","name":"Comment","target":["https:\/\/www.sonoraenequipo.com.mx\/con-investigacion-en-trabajo-social-academica-de-unison-gana-premio-en-espana\/#respond"]}]},{"@type":"WebPage","@id":"https:\/\/www.sonoraenequipo.com.mx\/con-investigacion-en-trabajo-social-academica-de-unison-gana-premio-en-espana\/","url":"https:\/\/www.sonoraenequipo.com.mx\/con-investigacion-en-trabajo-social-academica-de-unison-gana-premio-en-espana\/","name":"Sonora en Equipo. Con investigaci\u00f3n en Trabajo Social acad\u00e9mica de Unison gana premio en Espa\u00f1a MUNDO","isPartOf":{"@id":"https:\/\/www.sonoraenequipo.com.mx\/#website"},"primaryImageOfPage":{"@id":"https:\/\/www.sonoraenequipo.com.mx\/con-investigacion-en-trabajo-social-academica-de-unison-gana-premio-en-espana\/#primaryimage"},"image":{"@id":"https:\/\/www.sonoraenequipo.com.mx\/con-investigacion-en-trabajo-social-academica-de-unison-gana-premio-en-espana\/#primaryimage"},"thumbnailUrl":"https:\/\/www.sonoraenequipo.com.mx\/storage\/2021\/11\/UNISON_Virginia-Romero-gana-premio-en-Espana_opt.jpg","datePublished":"2021-11-17T21:54:20+00:00","dateModified":"2021-11-19T04:35:32+00:00","description":"HERMOSILLO, SONORA. MX. \u2014 Con un art\u00edculo resultado de la investigaci\u00f3n Sobrevivir sin l\u00e1grimas: relatos de las estad\u00edsticas de pobreza, la acad\u00e9mica En Sonora en Equipo publicamos toda la informaci\u00f3n de Sonora, M\u00e9xico y el Mundo de manera oportuna y busca que la libertad de expresi\u00f3n sea real. Visita nuestro medio informativo publicado desde Hermosillo, Sonora. %","breadcrumb":{"@id":"https:\/\/www.sonoraenequipo.com.mx\/con-investigacion-en-trabajo-social-academica-de-unison-gana-premio-en-espana\/#breadcrumb"},"inLanguage":"es","potentialAction":[{"@type":"ReadAction","target":["https:\/\/www.sonoraenequipo.com.mx\/con-investigacion-en-trabajo-social-academica-de-unison-gana-premio-en-espana\/"]}]},{"@type":"ImageObject","inLanguage":"es","@id":"https:\/\/www.sonoraenequipo.com.mx\/con-investigacion-en-trabajo-social-academica-de-unison-gana-premio-en-espana\/#primaryimage","url":"https:\/\/www.sonoraenequipo.com.mx\/storage\/2021\/11\/UNISON_Virginia-Romero-gana-premio-en-Espana_opt.jpg","contentUrl":"https:\/\/www.sonoraenequipo.com.mx\/storage\/2021\/11\/UNISON_Virginia-Romero-gana-premio-en-Espana_opt.jpg","width":700,"height":400},{"@type":"BreadcrumbList","@id":"https:\/\/www.sonoraenequipo.com.mx\/con-investigacion-en-trabajo-social-academica-de-unison-gana-premio-en-espana\/#breadcrumb","itemListElement":[{"@type":"ListItem","position":1,"name":"Portada","item":"https:\/\/www.sonoraenequipo.com.mx\/"},{"@type":"ListItem","position":2,"name":"Con investigaci\u00f3n en Trabajo Social acad\u00e9mica de Unison gana premio en Espa\u00f1a"}]},{"@type":"WebSite","@id":"https:\/\/www.sonoraenequipo.com.mx\/#website","url":"https:\/\/www.sonoraenequipo.com.mx\/","name":"Sonora en Equipo.","description":"Diario en l\u00ednea con Noticias desde Hermosillo, Sonora","publisher":{"@id":"https:\/\/www.sonoraenequipo.com.mx\/#organization"},"potentialAction":[{"@type":"SearchAction","target":{"@type":"EntryPoint","urlTemplate":"https:\/\/www.sonoraenequipo.com.mx\/?s={search_term_string}"},"query-input":{"@type":"PropertyValueSpecification","valueRequired":true,"valueName":"search_term_string"}}],"inLanguage":"es"},{"@type":"Organization","@id":"https:\/\/www.sonoraenequipo.com.mx\/#organization","name":"Sonoraenequipo.com.mx","url":"https:\/\/www.sonoraenequipo.com.mx\/","logo":{"@type":"ImageObject","inLanguage":"es","@id":"https:\/\/www.sonoraenequipo.com.mx\/#\/schema\/logo\/image\/","url":"https:\/\/www.sonoraenequipo.com.mx\/storage\/2019\/01\/sonoraenequipo_opt.png","contentUrl":"https:\/\/www.sonoraenequipo.com.mx\/storage\/2019\/01\/sonoraenequipo_opt.png","width":375,"height":125,"caption":"Sonoraenequipo.com.mx"},"image":{"@id":"https:\/\/www.sonoraenequipo.com.mx\/#\/schema\/logo\/image\/"},"sameAs":["https:\/\/www.facebook.com\/SonoraEE\/","https:\/\/x.com\/sonoraenequipo","https:\/\/www.youtube.com\/channel\/UC338nW-lPEYmJQs4ZABQ1SQ"]},{"@type":"Person","@id":"https:\/\/www.sonoraenequipo.com.mx\/#\/schema\/person\/50102df0fb23a8fa9e8effad8fa81386","name":"enequipo","image":{"@type":"ImageObject","inLanguage":"es","@id":"https:\/\/www.sonoraenequipo.com.mx\/#\/schema\/person\/image\/","url":"https:\/\/secure.gravatar.com\/avatar\/049821681b589dabc0bc20695993ccebb09f5b5d4d790cd9251b97faac7c652b?s=96&d=blank&r=g","contentUrl":"https:\/\/secure.gravatar.com\/avatar\/049821681b589dabc0bc20695993ccebb09f5b5d4d790cd9251b97faac7c652b?s=96&d=blank&r=g","caption":"enequipo"},"sameAs":["https:\/\/www.facebook.com\/SonoraEE"]}]}},"jetpack_featured_media_url":"https:\/\/www.sonoraenequipo.com.mx\/storage\/2021\/11\/UNISON_Virginia-Romero-gana-premio-en-Espana_opt.jpg","_links":{"self":[{"href":"https:\/\/www.sonoraenequipo.com.mx\/api\/wp\/v2\/posts\/127789","targetHints":{"allow":["GET"]}}],"collection":[{"href":"https:\/\/www.sonoraenequipo.com.mx\/api\/wp\/v2\/posts"}],"about":[{"href":"https:\/\/www.sonoraenequipo.com.mx\/api\/wp\/v2\/types\/post"}],"author":[{"embeddable":true,"href":"https:\/\/www.sonoraenequipo.com.mx\/api\/wp\/v2\/users\/1"}],"replies":[{"embeddable":true,"href":"https:\/\/www.sonoraenequipo.com.mx\/api\/wp\/v2\/comments?post=127789"}],"version-history":[{"count":2,"href":"https:\/\/www.sonoraenequipo.com.mx\/api\/wp\/v2\/posts\/127789\/revisions"}],"predecessor-version":[{"id":127793,"href":"https:\/\/www.sonoraenequipo.com.mx\/api\/wp\/v2\/posts\/127789\/revisions\/127793"}],"wp:featuredmedia":[{"embeddable":true,"href":"https:\/\/www.sonoraenequipo.com.mx\/api\/wp\/v2\/media\/127791"}],"wp:attachment":[{"href":"https:\/\/www.sonoraenequipo.com.mx\/api\/wp\/v2\/media?parent=127789"}],"wp:term":[{"taxonomy":"category","embeddable":true,"href":"https:\/\/www.sonoraenequipo.com.mx\/api\/wp\/v2\/categories?post=127789"},{"taxonomy":"post_tag","embeddable":true,"href":"https:\/\/www.sonoraenequipo.com.mx\/api\/wp\/v2\/tags?post=127789"}],"curies":[{"name":"wp","href":"https:\/\/api.w.org\/{rel}","templated":true}]}}