{"id":128029,"date":"2021-11-22T17:05:57","date_gmt":"2021-11-23T00:05:57","guid":{"rendered":"https:\/\/www.sonoraenequipo.com.mx\/?p=128029"},"modified":"2021-11-22T17:05:57","modified_gmt":"2021-11-23T00:05:57","slug":"policia-identifica-al-conductor-que-embistio-un-desfile-navideno-matando-a-5-y-lesionando-a-43-en-wisconsin","status":"publish","type":"post","link":"https:\/\/www.sonoraenequipo.com.mx\/policia-identifica-al-conductor-que-embistio-un-desfile-navideno-matando-a-5-y-lesionando-a-43-en-wisconsin\/","title":{"rendered":"Polic\u00eda identifica al conductor que embisti\u00f3 un desfile navide\u00f1o matando a 5 y lesionando a 43 en Wisconsin"},"content":{"rendered":"<p>&nbsp;<\/p>\n<p>&nbsp;<\/p>\n<p>WAUKESHA, WISCONSIN MILWAUKEE,EE.UU.\u2500\u2500 Fuentes policiales en el estado de Wisconsin, identificaron al presunto conductor del veh\u00edculo que atraves\u00f3 un desfile festivo comunitario en la ciudad de Waukesha el domingo como Darrell Brooks\u200b, un hombre de Milwaukee de 39 a\u00f1os.<\/p>\n<p>&nbsp;<\/p>\n<p>Las autoridades dicen que al menos cinco personas murieron y m\u00e1s de 43 resultaron heridas en el incidente en la peque\u00f1a ciudad al oeste de Milwaukee.<\/p>\n<p>&nbsp;<\/p>\n<p>Seg\u00fan los investigadores, el sospechoso est\u00e1 bajo investigaci\u00f3n por un crimen anterior. De acuerdo con informes policiales, se est\u00e1 investigando la posibilidad de que Brooks estuviera huyendo del primer crimen cuando atraves\u00f3 la ruta del desfile de Waukesha. Las fuente advirtieron que la investigaci\u00f3n a\u00fan se encontraba en las primeras etapas.<\/p>\n<p>Una estaci\u00f3n de televisi\u00f3n local de Milwaukee, citando fuentes policiales y judiciales, desvel\u00f3 que Brooks fue liberado de la c\u00e1rcel el viernes, bajo fianza. El informe detalla que hab\u00eda sido arrestado y acusado de un delito grave de poner en peligro imprudente la seguridad en segundo grado, obstruir a un oficial, alteraci\u00f3n del orden p\u00fablico y agresi\u00f3n.<\/p>\n<p>&nbsp;<\/p>\n<p>La polic\u00eda cit\u00f3 que el desfile anual de Navidad de Waukesha estaba en marcha en el centro de la ciudad a \u00faltima hora de la tarde del domingo, hora local, cuando el veh\u00edculo atraves\u00f3 la ruta del desfile a gran velocidad.<\/p>\n<p>&nbsp;<\/p>\n<p>El jefe de polic\u00eda de Waukesha, Dan Thompson, explic\u00f3 a los periodistas que un oficial dispar\u00f3 contra el veh\u00edculo en un intento de detenerlo.<\/p>\n<p>&nbsp;<\/p>\n<p>El video publicado en redes sociales muestra a la polic\u00eda disparando contra el veh\u00edculo mientras se estrellaba contra las barreras de la calle. La polic\u00eda no ha confirmado que se hubieran realizado disparos desde el veh\u00edculo, agreg\u00f3 Thompson, contrariamente a informes anteriores.<\/p>\n<p>lunes\/ 22 \/ noviembre\/ 2021\/ VOA<\/p>\n<p>&nbsp;<\/p>\n","protected":false},"excerpt":{"rendered":"<p>&nbsp; &nbsp; WAUKESHA, WISCONSIN MILWAUKEE,EE.UU.\u2500\u2500 Fuentes policiales en el estado de Wisconsin, identificaron al presunto&#8230;<\/p>\n","protected":false},"author":1,"featured_media":128030,"comment_status":"open","ping_status":"open","sticky":false,"template":"","format":"standard","meta":{"_monsterinsights_skip_tracking":false,"_monsterinsights_sitenote_active":false,"_monsterinsights_sitenote_note":"","_monsterinsights_sitenote_category":0,"footnotes":""},"categories":[3],"tags":[6421],"class_list":["post"],"yoast_head":" \n<title>Sonora en Equipo. Polic\u00eda identifica al conductor que embisti\u00f3 un desfile navide\u00f1o matando a 5 y lesionando a 43 en Wisconsin MUNDO<\/title>\n<meta name=\"description\" content=\"&nbsp; &nbsp; WAUKESHA, WISCONSIN MILWAUKEE,EE.UU.\u2500\u2500 Fuentes policiales en el estado de Wisconsin, identificaron al presunto conductor del veh\u00edculo que En Sonora en Equipo publicamos toda la informaci\u00f3n de Sonora, M\u00e9xico y el Mundo de manera oportuna y busca que la libertad de expresi\u00f3n sea real. Visita nuestro medio informativo publicado desde Hermosillo, Sonora. %\" \/>\n<meta name=\"robots\" content=\"index, follow, max-snippet:-1, max-image-preview:large, max-video-preview:-1\" \/>\n<link rel=\"canonical\" href=\"https:\/\/www.sonoraenequipo.com.mx\/policia-identifica-al-conductor-que-embistio-un-desfile-navideno-matando-a-5-y-lesionando-a-43-en-wisconsin\/\" \/>\n<meta property=\"og:locale\" content=\"es_ES\" \/>\n<meta property=\"og:type\" content=\"article\" \/>\n<meta property=\"og:title\" content=\"Sonora en Equipo. Polic\u00eda identifica al conductor que embisti\u00f3 un desfile navide\u00f1o matando a 5 y lesionando a 43 en Wisconsin MUNDO\" \/>\n<meta property=\"og:description\" content=\"&nbsp; &nbsp; WAUKESHA, WISCONSIN MILWAUKEE,EE.UU.\u2500\u2500 Fuentes policiales en el estado de Wisconsin, identificaron al presunto conductor del veh\u00edculo que En Sonora en Equipo publicamos toda la informaci\u00f3n de Sonora, M\u00e9xico y el Mundo de manera oportuna y busca que la libertad de expresi\u00f3n sea real. Visita nuestro medio informativo publicado desde Hermosillo, Sonora. %\" \/>\n<meta property=\"og:url\" content=\"https:\/\/www.sonoraenequipo.com.mx\/policia-identifica-al-conductor-que-embistio-un-desfile-navideno-matando-a-5-y-lesionando-a-43-en-wisconsin\/\" \/>\n<meta property=\"og:site_name\" content=\"Sonora en Equipo.\" \/>\n<meta property=\"article:publisher\" content=\"https:\/\/www.facebook.com\/SonoraEE\/\" \/>\n<meta property=\"article:author\" content=\"https:\/\/www.facebook.com\/SonoraEE\" \/>\n<meta property=\"article:published_time\" content=\"2021-11-23T00:05:57+00:00\" \/>\n<meta property=\"og:image\" content=\"https:\/\/www.sonoraenequipo.com.mx\/storage\/2021\/11\/desfile.jpg\" \/>\n\t<meta property=\"og:image:width\" content=\"700\" \/>\n\t<meta property=\"og:image:height\" content=\"393\" \/>\n\t<meta property=\"og:image:type\" content=\"image\/jpeg\" \/>\n<meta name=\"author\" content=\"enequipo\" \/>\n<meta name=\"twitter:card\" content=\"summary_large_image\" \/>\n<meta name=\"twitter:creator\" content=\"@sonoraenequipo\" \/>\n<meta name=\"twitter:site\" content=\"@sonoraenequipo\" \/>\n<meta name=\"twitter:label1\" content=\"Escrito por\" \/>\n\t<meta name=\"twitter:data1\" content=\"enequipo\" \/>\n\t<meta name=\"twitter:label2\" content=\"Tiempo de lectura\" \/>\n\t<meta name=\"twitter:data2\" content=\"2 minutos\" \/>\n<script type=\"application\/ld+json\" class=\"yoast-schema-graph\">{\"@context\":\"https:\/\/schema.org\",\"@graph\":[{\"@type\":\"Article\",\"@id\":\"https:\/\/www.sonoraenequipo.com.mx\/policia-identifica-al-conductor-que-embistio-un-desfile-navideno-matando-a-5-y-lesionando-a-43-en-wisconsin\/#article\",\"isPartOf\":{\"@id\":\"https:\/\/www.sonoraenequipo.com.mx\/policia-identifica-al-conductor-que-embistio-un-desfile-navideno-matando-a-5-y-lesionando-a-43-en-wisconsin\/\"},\"author\":{\"name\":\"enequipo\",\"@id\":\"https:\/\/www.sonoraenequipo.com.mx\/#\/schema\/person\/50102df0fb23a8fa9e8effad8fa81386\"},\"headline\":\"Polic\u00eda identifica al conductor que embisti\u00f3 un desfile navide\u00f1o matando a 5 y lesionando a 43 en Wisconsin\",\"datePublished\":\"2021-11-23T00:05:57+00:00\",\"mainEntityOfPage\":{\"@id\":\"https:\/\/www.sonoraenequipo.com.mx\/policia-identifica-al-conductor-que-embistio-un-desfile-navideno-matando-a-5-y-lesionando-a-43-en-wisconsin\/\"},\"wordCount\":332,\"commentCount\":0,\"publisher\":{\"@id\":\"https:\/\/www.sonoraenequipo.com.mx\/#organization\"},\"image\":{\"@id\":\"https:\/\/www.sonoraenequipo.com.mx\/policia-identifica-al-conductor-que-embistio-un-desfile-navideno-matando-a-5-y-lesionando-a-43-en-wisconsin\/#primaryimage\"},\"thumbnailUrl\":\"https:\/\/www.sonoraenequipo.com.mx\/storage\/2021\/11\/desfile.jpg\",\"keywords\":[\"desfile wiinsconsin\"],\"articleSection\":[\"MUNDO\"],\"inLanguage\":\"es\",\"potentialAction\":[{\"@type\":\"CommentAction\",\"name\":\"Comment\",\"target\":[\"https:\/\/www.sonoraenequipo.com.mx\/policia-identifica-al-conductor-que-embistio-un-desfile-navideno-matando-a-5-y-lesionando-a-43-en-wisconsin\/#respond\"]}]},{\"@type\":\"WebPage\",\"@id\":\"https:\/\/www.sonoraenequipo.com.mx\/policia-identifica-al-conductor-que-embistio-un-desfile-navideno-matando-a-5-y-lesionando-a-43-en-wisconsin\/\",\"url\":\"https:\/\/www.sonoraenequipo.com.mx\/policia-identifica-al-conductor-que-embistio-un-desfile-navideno-matando-a-5-y-lesionando-a-43-en-wisconsin\/\",\"name\":\"Sonora en Equipo. Polic\u00eda identifica al conductor que embisti\u00f3 un desfile navide\u00f1o matando a 5 y lesionando a 43 en Wisconsin MUNDO\",\"isPartOf\":{\"@id\":\"https:\/\/www.sonoraenequipo.com.mx\/#website\"},\"primaryImageOfPage\":{\"@id\":\"https:\/\/www.sonoraenequipo.com.mx\/policia-identifica-al-conductor-que-embistio-un-desfile-navideno-matando-a-5-y-lesionando-a-43-en-wisconsin\/#primaryimage\"},\"image\":{\"@id\":\"https:\/\/www.sonoraenequipo.com.mx\/policia-identifica-al-conductor-que-embistio-un-desfile-navideno-matando-a-5-y-lesionando-a-43-en-wisconsin\/#primaryimage\"},\"thumbnailUrl\":\"https:\/\/www.sonoraenequipo.com.mx\/storage\/2021\/11\/desfile.jpg\",\"datePublished\":\"2021-11-23T00:05:57+00:00\",\"description\":\"&nbsp; &nbsp; WAUKESHA, WISCONSIN MILWAUKEE,EE.UU.\u2500\u2500 Fuentes policiales en el estado de Wisconsin, identificaron al presunto conductor del veh\u00edculo que En Sonora en Equipo publicamos toda la informaci\u00f3n de Sonora, M\u00e9xico y el Mundo de manera oportuna y busca que la libertad de expresi\u00f3n sea real. Visita nuestro medio informativo publicado desde Hermosillo, Sonora. %\",\"breadcrumb\":{\"@id\":\"https:\/\/www.sonoraenequipo.com.mx\/policia-identifica-al-conductor-que-embistio-un-desfile-navideno-matando-a-5-y-lesionando-a-43-en-wisconsin\/#breadcrumb\"},\"inLanguage\":\"es\",\"potentialAction\":[{\"@type\":\"ReadAction\",\"target\":[\"https:\/\/www.sonoraenequipo.com.mx\/policia-identifica-al-conductor-que-embistio-un-desfile-navideno-matando-a-5-y-lesionando-a-43-en-wisconsin\/\"]}]},{\"@type\":\"ImageObject\",\"inLanguage\":\"es\",\"@id\":\"https:\/\/www.sonoraenequipo.com.mx\/policia-identifica-al-conductor-que-embistio-un-desfile-navideno-matando-a-5-y-lesionando-a-43-en-wisconsin\/#primaryimage\",\"url\":\"https:\/\/www.sonoraenequipo.com.mx\/storage\/2021\/11\/desfile.jpg\",\"contentUrl\":\"https:\/\/www.sonoraenequipo.com.mx\/storage\/2021\/11\/desfile.jpg\",\"width\":700,\"height\":393,\"caption\":\"Polic\u00edas recorren las calles del centro de Waukesha, Wisconsin, el domingo 21 de noviembre de 2021, luego de que una camioneta embisti\u00f3 un desfile navide\u00f1o. Foto: AP\"},{\"@type\":\"BreadcrumbList\",\"@id\":\"https:\/\/www.sonoraenequipo.com.mx\/policia-identifica-al-conductor-que-embistio-un-desfile-navideno-matando-a-5-y-lesionando-a-43-en-wisconsin\/#breadcrumb\",\"itemListElement\":[{\"@type\":\"ListItem\",\"position\":1,\"name\":\"Portada\",\"item\":\"https:\/\/www.sonoraenequipo.com.mx\/\"},{\"@type\":\"ListItem\",\"position\":2,\"name\":\"Polic\u00eda identifica al conductor que embisti\u00f3 un desfile navide\u00f1o matando a 5 y lesionando a 43 en Wisconsin\"}]},{\"@type\":\"WebSite\",\"@id\":\"https:\/\/www.sonoraenequipo.com.mx\/#website\",\"url\":\"https:\/\/www.sonoraenequipo.com.mx\/\",\"name\":\"Sonora en Equipo.\",\"description\":\"Diario en l\u00ednea con Noticias desde Hermosillo, Sonora\",\"publisher\":{\"@id\":\"https:\/\/www.sonoraenequipo.com.mx\/#organization\"},\"potentialAction\":[{\"@type\":\"SearchAction\",\"target\":{\"@type\":\"EntryPoint\",\"urlTemplate\":\"https:\/\/www.sonoraenequipo.com.mx\/?s={search_term_string}\"},\"query-input\":{\"@type\":\"PropertyValueSpecification\",\"valueRequired\":true,\"valueName\":\"search_term_string\"}}],\"inLanguage\":\"es\"},{\"@type\":\"Organization\",\"@id\":\"https:\/\/www.sonoraenequipo.com.mx\/#organization\",\"name\":\"Sonoraenequipo.com.mx\",\"url\":\"https:\/\/www.sonoraenequipo.com.mx\/\",\"logo\":{\"@type\":\"ImageObject\",\"inLanguage\":\"es\",\"@id\":\"https:\/\/www.sonoraenequipo.com.mx\/#\/schema\/logo\/image\/\",\"url\":\"https:\/\/www.sonoraenequipo.com.mx\/storage\/2019\/01\/sonoraenequipo_opt.png\",\"contentUrl\":\"https:\/\/www.sonoraenequipo.com.mx\/storage\/2019\/01\/sonoraenequipo_opt.png\",\"width\":375,\"height\":125,\"caption\":\"Sonoraenequipo.com.mx\"},\"image\":{\"@id\":\"https:\/\/www.sonoraenequipo.com.mx\/#\/schema\/logo\/image\/\"},\"sameAs\":[\"https:\/\/www.facebook.com\/SonoraEE\/\",\"https:\/\/x.com\/sonoraenequipo\",\"https:\/\/www.youtube.com\/channel\/UC338nW-lPEYmJQs4ZABQ1SQ\"]},{\"@type\":\"Person\",\"@id\":\"https:\/\/www.sonoraenequipo.com.mx\/#\/schema\/person\/50102df0fb23a8fa9e8effad8fa81386\",\"name\":\"enequipo\",\"image\":{\"@type\":\"ImageObject\",\"inLanguage\":\"es\",\"@id\":\"https:\/\/www.sonoraenequipo.com.mx\/#\/schema\/person\/image\/\",\"url\":\"https:\/\/secure.gravatar.com\/avatar\/049821681b589dabc0bc20695993ccebb09f5b5d4d790cd9251b97faac7c652b?s=96&d=blank&r=g\",\"contentUrl\":\"https:\/\/secure.gravatar.com\/avatar\/049821681b589dabc0bc20695993ccebb09f5b5d4d790cd9251b97faac7c652b?s=96&d=blank&r=g\",\"caption\":\"enequipo\"},\"sameAs\":[\"https:\/\/www.facebook.com\/SonoraEE\"]}]}<\/script>\n ","yoast_head_json":{"title":"Sonora en Equipo. Polic\u00eda identifica al conductor que embisti\u00f3 un desfile navide\u00f1o matando a 5 y lesionando a 43 en Wisconsin MUNDO","description":"&nbsp; &nbsp; WAUKESHA, WISCONSIN MILWAUKEE,EE.UU.\u2500\u2500 Fuentes policiales en el estado de Wisconsin, identificaron al presunto conductor del veh\u00edculo que En Sonora en Equipo publicamos toda la informaci\u00f3n de Sonora, M\u00e9xico y el Mundo de manera oportuna y busca que la libertad de expresi\u00f3n sea real. Visita nuestro medio informativo publicado desde Hermosillo, Sonora. %","robots":{"index":"index","follow":"follow","max-snippet":"max-snippet:-1","max-image-preview":"max-image-preview:large","max-video-preview":"max-video-preview:-1"},"canonical":"https:\/\/www.sonoraenequipo.com.mx\/policia-identifica-al-conductor-que-embistio-un-desfile-navideno-matando-a-5-y-lesionando-a-43-en-wisconsin\/","og_locale":"es_ES","og_type":"article","og_title":"Sonora en Equipo. Polic\u00eda identifica al conductor que embisti\u00f3 un desfile navide\u00f1o matando a 5 y lesionando a 43 en Wisconsin MUNDO","og_description":"&nbsp; &nbsp; WAUKESHA, WISCONSIN MILWAUKEE,EE.UU.\u2500\u2500 Fuentes policiales en el estado de Wisconsin, identificaron al presunto conductor del veh\u00edculo que En Sonora en Equipo publicamos toda la informaci\u00f3n de Sonora, M\u00e9xico y el Mundo de manera oportuna y busca que la libertad de expresi\u00f3n sea real. Visita nuestro medio informativo publicado desde Hermosillo, Sonora. %","og_url":"https:\/\/www.sonoraenequipo.com.mx\/policia-identifica-al-conductor-que-embistio-un-desfile-navideno-matando-a-5-y-lesionando-a-43-en-wisconsin\/","og_site_name":"Sonora en Equipo.","article_publisher":"https:\/\/www.facebook.com\/SonoraEE\/","article_author":"https:\/\/www.facebook.com\/SonoraEE","article_published_time":"2021-11-23T00:05:57+00:00","og_image":[{"width":700,"height":393,"url":"https:\/\/www.sonoraenequipo.com.mx\/storage\/2021\/11\/desfile.jpg","type":"image\/jpeg"}],"author":"enequipo","twitter_card":"summary_large_image","twitter_creator":"@sonoraenequipo","twitter_site":"@sonoraenequipo","twitter_misc":{"Escrito por":"enequipo","Tiempo de lectura":"2 minutos"},"schema":{"@context":"https:\/\/schema.org","@graph":[{"@type":"Article","@id":"https:\/\/www.sonoraenequipo.com.mx\/policia-identifica-al-conductor-que-embistio-un-desfile-navideno-matando-a-5-y-lesionando-a-43-en-wisconsin\/#article","isPartOf":{"@id":"https:\/\/www.sonoraenequipo.com.mx\/policia-identifica-al-conductor-que-embistio-un-desfile-navideno-matando-a-5-y-lesionando-a-43-en-wisconsin\/"},"author":{"name":"enequipo","@id":"https:\/\/www.sonoraenequipo.com.mx\/#\/schema\/person\/50102df0fb23a8fa9e8effad8fa81386"},"headline":"Polic\u00eda identifica al conductor que embisti\u00f3 un desfile navide\u00f1o matando a 5 y lesionando a 43 en Wisconsin","datePublished":"2021-11-23T00:05:57+00:00","mainEntityOfPage":{"@id":"https:\/\/www.sonoraenequipo.com.mx\/policia-identifica-al-conductor-que-embistio-un-desfile-navideno-matando-a-5-y-lesionando-a-43-en-wisconsin\/"},"wordCount":332,"commentCount":0,"publisher":{"@id":"https:\/\/www.sonoraenequipo.com.mx\/#organization"},"image":{"@id":"https:\/\/www.sonoraenequipo.com.mx\/policia-identifica-al-conductor-que-embistio-un-desfile-navideno-matando-a-5-y-lesionando-a-43-en-wisconsin\/#primaryimage"},"thumbnailUrl":"https:\/\/www.sonoraenequipo.com.mx\/storage\/2021\/11\/desfile.jpg","keywords":["desfile wiinsconsin"],"articleSection":["MUNDO"],"inLanguage":"es","potentialAction":[{"@type":"CommentAction","name":"Comment","target":["https:\/\/www.sonoraenequipo.com.mx\/policia-identifica-al-conductor-que-embistio-un-desfile-navideno-matando-a-5-y-lesionando-a-43-en-wisconsin\/#respond"]}]},{"@type":"WebPage","@id":"https:\/\/www.sonoraenequipo.com.mx\/policia-identifica-al-conductor-que-embistio-un-desfile-navideno-matando-a-5-y-lesionando-a-43-en-wisconsin\/","url":"https:\/\/www.sonoraenequipo.com.mx\/policia-identifica-al-conductor-que-embistio-un-desfile-navideno-matando-a-5-y-lesionando-a-43-en-wisconsin\/","name":"Sonora en Equipo. Polic\u00eda identifica al conductor que embisti\u00f3 un desfile navide\u00f1o matando a 5 y lesionando a 43 en Wisconsin MUNDO","isPartOf":{"@id":"https:\/\/www.sonoraenequipo.com.mx\/#website"},"primaryImageOfPage":{"@id":"https:\/\/www.sonoraenequipo.com.mx\/policia-identifica-al-conductor-que-embistio-un-desfile-navideno-matando-a-5-y-lesionando-a-43-en-wisconsin\/#primaryimage"},"image":{"@id":"https:\/\/www.sonoraenequipo.com.mx\/policia-identifica-al-conductor-que-embistio-un-desfile-navideno-matando-a-5-y-lesionando-a-43-en-wisconsin\/#primaryimage"},"thumbnailUrl":"https:\/\/www.sonoraenequipo.com.mx\/storage\/2021\/11\/desfile.jpg","datePublished":"2021-11-23T00:05:57+00:00","description":"&nbsp; &nbsp; WAUKESHA, WISCONSIN MILWAUKEE,EE.UU.\u2500\u2500 Fuentes policiales en el estado de Wisconsin, identificaron al presunto conductor del veh\u00edculo que En Sonora en Equipo publicamos toda la informaci\u00f3n de Sonora, M\u00e9xico y el Mundo de manera oportuna y busca que la libertad de expresi\u00f3n sea real. Visita nuestro medio informativo publicado desde Hermosillo, Sonora. %","breadcrumb":{"@id":"https:\/\/www.sonoraenequipo.com.mx\/policia-identifica-al-conductor-que-embistio-un-desfile-navideno-matando-a-5-y-lesionando-a-43-en-wisconsin\/#breadcrumb"},"inLanguage":"es","potentialAction":[{"@type":"ReadAction","target":["https:\/\/www.sonoraenequipo.com.mx\/policia-identifica-al-conductor-que-embistio-un-desfile-navideno-matando-a-5-y-lesionando-a-43-en-wisconsin\/"]}]},{"@type":"ImageObject","inLanguage":"es","@id":"https:\/\/www.sonoraenequipo.com.mx\/policia-identifica-al-conductor-que-embistio-un-desfile-navideno-matando-a-5-y-lesionando-a-43-en-wisconsin\/#primaryimage","url":"https:\/\/www.sonoraenequipo.com.mx\/storage\/2021\/11\/desfile.jpg","contentUrl":"https:\/\/www.sonoraenequipo.com.mx\/storage\/2021\/11\/desfile.jpg","width":700,"height":393,"caption":"Polic\u00edas recorren las calles del centro de Waukesha, Wisconsin, el domingo 21 de noviembre de 2021, luego de que una camioneta embisti\u00f3 un desfile navide\u00f1o. Foto: AP"},{"@type":"BreadcrumbList","@id":"https:\/\/www.sonoraenequipo.com.mx\/policia-identifica-al-conductor-que-embistio-un-desfile-navideno-matando-a-5-y-lesionando-a-43-en-wisconsin\/#breadcrumb","itemListElement":[{"@type":"ListItem","position":1,"name":"Portada","item":"https:\/\/www.sonoraenequipo.com.mx\/"},{"@type":"ListItem","position":2,"name":"Polic\u00eda identifica al conductor que embisti\u00f3 un desfile navide\u00f1o matando a 5 y lesionando a 43 en Wisconsin"}]},{"@type":"WebSite","@id":"https:\/\/www.sonoraenequipo.com.mx\/#website","url":"https:\/\/www.sonoraenequipo.com.mx\/","name":"Sonora en Equipo.","description":"Diario en l\u00ednea con Noticias desde Hermosillo, Sonora","publisher":{"@id":"https:\/\/www.sonoraenequipo.com.mx\/#organization"},"potentialAction":[{"@type":"SearchAction","target":{"@type":"EntryPoint","urlTemplate":"https:\/\/www.sonoraenequipo.com.mx\/?s={search_term_string}"},"query-input":{"@type":"PropertyValueSpecification","valueRequired":true,"valueName":"search_term_string"}}],"inLanguage":"es"},{"@type":"Organization","@id":"https:\/\/www.sonoraenequipo.com.mx\/#organization","name":"Sonoraenequipo.com.mx","url":"https:\/\/www.sonoraenequipo.com.mx\/","logo":{"@type":"ImageObject","inLanguage":"es","@id":"https:\/\/www.sonoraenequipo.com.mx\/#\/schema\/logo\/image\/","url":"https:\/\/www.sonoraenequipo.com.mx\/storage\/2019\/01\/sonoraenequipo_opt.png","contentUrl":"https:\/\/www.sonoraenequipo.com.mx\/storage\/2019\/01\/sonoraenequipo_opt.png","width":375,"height":125,"caption":"Sonoraenequipo.com.mx"},"image":{"@id":"https:\/\/www.sonoraenequipo.com.mx\/#\/schema\/logo\/image\/"},"sameAs":["https:\/\/www.facebook.com\/SonoraEE\/","https:\/\/x.com\/sonoraenequipo","https:\/\/www.youtube.com\/channel\/UC338nW-lPEYmJQs4ZABQ1SQ"]},{"@type":"Person","@id":"https:\/\/www.sonoraenequipo.com.mx\/#\/schema\/person\/50102df0fb23a8fa9e8effad8fa81386","name":"enequipo","image":{"@type":"ImageObject","inLanguage":"es","@id":"https:\/\/www.sonoraenequipo.com.mx\/#\/schema\/person\/image\/","url":"https:\/\/secure.gravatar.com\/avatar\/049821681b589dabc0bc20695993ccebb09f5b5d4d790cd9251b97faac7c652b?s=96&d=blank&r=g","contentUrl":"https:\/\/secure.gravatar.com\/avatar\/049821681b589dabc0bc20695993ccebb09f5b5d4d790cd9251b97faac7c652b?s=96&d=blank&r=g","caption":"enequipo"},"sameAs":["https:\/\/www.facebook.com\/SonoraEE"]}]}},"jetpack_featured_media_url":"https:\/\/www.sonoraenequipo.com.mx\/storage\/2021\/11\/desfile.jpg","_links":{"self":[{"href":"https:\/\/www.sonoraenequipo.com.mx\/api\/wp\/v2\/posts\/128029","targetHints":{"allow":["GET"]}}],"collection":[{"href":"https:\/\/www.sonoraenequipo.com.mx\/api\/wp\/v2\/posts"}],"about":[{"href":"https:\/\/www.sonoraenequipo.com.mx\/api\/wp\/v2\/types\/post"}],"author":[{"embeddable":true,"href":"https:\/\/www.sonoraenequipo.com.mx\/api\/wp\/v2\/users\/1"}],"replies":[{"embeddable":true,"href":"https:\/\/www.sonoraenequipo.com.mx\/api\/wp\/v2\/comments?post=128029"}],"version-history":[{"count":1,"href":"https:\/\/www.sonoraenequipo.com.mx\/api\/wp\/v2\/posts\/128029\/revisions"}],"predecessor-version":[{"id":128031,"href":"https:\/\/www.sonoraenequipo.com.mx\/api\/wp\/v2\/posts\/128029\/revisions\/128031"}],"wp:featuredmedia":[{"embeddable":true,"href":"https:\/\/www.sonoraenequipo.com.mx\/api\/wp\/v2\/media\/128030"}],"wp:attachment":[{"href":"https:\/\/www.sonoraenequipo.com.mx\/api\/wp\/v2\/media?parent=128029"}],"wp:term":[{"taxonomy":"category","embeddable":true,"href":"https:\/\/www.sonoraenequipo.com.mx\/api\/wp\/v2\/categories?post=128029"},{"taxonomy":"post_tag","embeddable":true,"href":"https:\/\/www.sonoraenequipo.com.mx\/api\/wp\/v2\/tags?post=128029"}],"curies":[{"name":"wp","href":"https:\/\/api.w.org\/{rel}","templated":true}]}}