{"id":128052,"date":"2021-11-22T16:36:44","date_gmt":"2021-11-22T23:36:44","guid":{"rendered":"https:\/\/www.sonoraenequipo.com.mx\/?p=128052"},"modified":"2021-11-22T21:40:47","modified_gmt":"2021-11-23T04:40:47","slug":"emilio-lozoya-solicita-otra-prorroga-por-14-dias-mas-por-caso-agronitrogenados","status":"publish","type":"post","link":"https:\/\/www.sonoraenequipo.com.mx\/emilio-lozoya-solicita-otra-prorroga-por-14-dias-mas-por-caso-agronitrogenados\/","title":{"rendered":"Emilio Lozoya solicita otra pr\u00f3rroga por 14 d\u00edas m\u00e1s por caso Agronitrogenados"},"content":{"rendered":"<p>CIUDAD DE M\u00c9XICO. MX. \u2014 El abogado defensor argument\u00f3 que la Fiscal\u00eda General de la Rep\u00fablica (FGR) no le ha dado acceso a una carpeta de investigaci\u00f3n relacionada con una informaci\u00f3n relevante.<\/p>\n<p>&nbsp;<\/p>\n<p>La defensa del exdirector de Pemex, Emilio Lozoya, solicit\u00f3 ante un juez de control en el Reclusorio Norte, un plazo de 14 d\u00edas m\u00e1s, para el cierre de investigaci\u00f3n por el caso de Agronitrogenados.<\/p>\n<p>&nbsp;<\/p>\n<p>El abogado defensor argument\u00f3 que la Fiscal\u00eda General de la Rep\u00fablica (FGR) no le ha dado acceso a una carpeta de investigaci\u00f3n relacionada con una informaci\u00f3n relevante.<\/p>\n<p>&nbsp;<\/p>\n<p>En ese sentido, el juez pidi\u00f3 a la Fiscal\u00eda que entregara los documentos y se prev\u00e9 que hasta el pr\u00f3ximo tres de diciembre concluya el cierre de esta investigaci\u00f3n.<\/p>\n<p>&nbsp;<\/p>\n<p>Tambi\u00e9n se inform\u00f3 que ya se presentaron dos apelaciones, una por el caso Odebretch y otra por el caso Agronitrogenados, contra la vinculaci\u00f3n a proceso y por la presi\u00f3n preventiva justificada de Emilio Lozoya.<\/p>\n<p>&nbsp;<\/p>\n<p>(Publicada el 22\/11\/2021<\/p>\n","protected":false},"excerpt":{"rendered":"<p>CIUDAD DE M\u00c9XICO. MX. \u2014 El abogado defensor argument\u00f3 que la Fiscal\u00eda General de la&#8230;<\/p>\n","protected":false},"author":1,"featured_media":128056,"comment_status":"open","ping_status":"open","sticky":false,"template":"","format":"standard","meta":{"_monsterinsights_skip_tracking":false,"_monsterinsights_sitenote_active":false,"_monsterinsights_sitenote_note":"","_monsterinsights_sitenote_category":0,"footnotes":""},"categories":[5],"tags":[],"class_list":["post"],"yoast_head":" \n<title>Sonora en Equipo. Emilio Lozoya solicita otra pr\u00f3rroga por 14 d\u00edas m\u00e1s por caso Agronitrogenados Rep\u00fablica<\/title>\n<meta name=\"description\" content=\"CIUDAD DE M\u00c9XICO. MX. \u2014 El abogado defensor argument\u00f3 que la Fiscal\u00eda General de la Rep\u00fablica (FGR) no le ha dado acceso a una carpeta de investigaci\u00f3n En Sonora en Equipo publicamos toda la informaci\u00f3n de Sonora, M\u00e9xico y el Mundo de manera oportuna y busca que la libertad de expresi\u00f3n sea real. Visita nuestro medio informativo publicado desde Hermosillo, Sonora. %\" \/>\n<meta name=\"robots\" content=\"index, follow, max-snippet:-1, max-image-preview:large, max-video-preview:-1\" \/>\n<link rel=\"canonical\" href=\"https:\/\/www.sonoraenequipo.com.mx\/emilio-lozoya-solicita-otra-prorroga-por-14-dias-mas-por-caso-agronitrogenados\/\" \/>\n<meta property=\"og:locale\" content=\"es_ES\" \/>\n<meta property=\"og:type\" content=\"article\" \/>\n<meta property=\"og:title\" content=\"Sonora en Equipo. Emilio Lozoya solicita otra pr\u00f3rroga por 14 d\u00edas m\u00e1s por caso Agronitrogenados Rep\u00fablica\" \/>\n<meta property=\"og:description\" content=\"CIUDAD DE M\u00c9XICO. MX. \u2014 El abogado defensor argument\u00f3 que la Fiscal\u00eda General de la Rep\u00fablica (FGR) no le ha dado acceso a una carpeta de investigaci\u00f3n En Sonora en Equipo publicamos toda la informaci\u00f3n de Sonora, M\u00e9xico y el Mundo de manera oportuna y busca que la libertad de expresi\u00f3n sea real. Visita nuestro medio informativo publicado desde Hermosillo, Sonora. %\" \/>\n<meta property=\"og:url\" content=\"https:\/\/www.sonoraenequipo.com.mx\/emilio-lozoya-solicita-otra-prorroga-por-14-dias-mas-por-caso-agronitrogenados\/\" \/>\n<meta property=\"og:site_name\" content=\"Sonora en Equipo.\" \/>\n<meta property=\"article:publisher\" content=\"https:\/\/www.facebook.com\/SonoraEE\/\" \/>\n<meta property=\"article:author\" content=\"https:\/\/www.facebook.com\/SonoraEE\" \/>\n<meta property=\"article:published_time\" content=\"2021-11-22T23:36:44+00:00\" \/>\n<meta property=\"article:modified_time\" content=\"2021-11-23T04:40:47+00:00\" \/>\n<meta property=\"og:image\" content=\"https:\/\/www.sonoraenequipo.com.mx\/storage\/2021\/11\/miguel-ontiveros-abogado-de-lozoya_opt.jpg\" \/>\n\t<meta property=\"og:image:width\" content=\"700\" \/>\n\t<meta property=\"og:image:height\" content=\"400\" \/>\n\t<meta property=\"og:image:type\" content=\"image\/jpeg\" \/>\n<meta name=\"author\" content=\"enequipo\" \/>\n<meta name=\"twitter:card\" content=\"summary_large_image\" \/>\n<meta name=\"twitter:creator\" content=\"@sonoraenequipo\" \/>\n<meta name=\"twitter:site\" content=\"@sonoraenequipo\" \/>\n<meta name=\"twitter:label1\" content=\"Escrito por\" \/>\n\t<meta name=\"twitter:data1\" content=\"enequipo\" \/>\n\t<meta name=\"twitter:label2\" content=\"Tiempo de lectura\" \/>\n\t<meta name=\"twitter:data2\" content=\"1 minuto\" \/>\n<script type=\"application\/ld+json\" class=\"yoast-schema-graph\">{\"@context\":\"https:\/\/schema.org\",\"@graph\":[{\"@type\":\"Article\",\"@id\":\"https:\/\/www.sonoraenequipo.com.mx\/emilio-lozoya-solicita-otra-prorroga-por-14-dias-mas-por-caso-agronitrogenados\/#article\",\"isPartOf\":{\"@id\":\"https:\/\/www.sonoraenequipo.com.mx\/emilio-lozoya-solicita-otra-prorroga-por-14-dias-mas-por-caso-agronitrogenados\/\"},\"author\":{\"name\":\"enequipo\",\"@id\":\"https:\/\/www.sonoraenequipo.com.mx\/#\/schema\/person\/50102df0fb23a8fa9e8effad8fa81386\"},\"headline\":\"Emilio Lozoya solicita otra pr\u00f3rroga por 14 d\u00edas m\u00e1s por caso Agronitrogenados\",\"datePublished\":\"2021-11-22T23:36:44+00:00\",\"dateModified\":\"2021-11-23T04:40:47+00:00\",\"mainEntityOfPage\":{\"@id\":\"https:\/\/www.sonoraenequipo.com.mx\/emilio-lozoya-solicita-otra-prorroga-por-14-dias-mas-por-caso-agronitrogenados\/\"},\"wordCount\":193,\"commentCount\":0,\"publisher\":{\"@id\":\"https:\/\/www.sonoraenequipo.com.mx\/#organization\"},\"image\":{\"@id\":\"https:\/\/www.sonoraenequipo.com.mx\/emilio-lozoya-solicita-otra-prorroga-por-14-dias-mas-por-caso-agronitrogenados\/#primaryimage\"},\"thumbnailUrl\":\"https:\/\/www.sonoraenequipo.com.mx\/storage\/2021\/11\/miguel-ontiveros-abogado-de-lozoya_opt.jpg\",\"articleSection\":[\"Rep\u00fablica\"],\"inLanguage\":\"es\",\"potentialAction\":[{\"@type\":\"CommentAction\",\"name\":\"Comment\",\"target\":[\"https:\/\/www.sonoraenequipo.com.mx\/emilio-lozoya-solicita-otra-prorroga-por-14-dias-mas-por-caso-agronitrogenados\/#respond\"]}]},{\"@type\":\"WebPage\",\"@id\":\"https:\/\/www.sonoraenequipo.com.mx\/emilio-lozoya-solicita-otra-prorroga-por-14-dias-mas-por-caso-agronitrogenados\/\",\"url\":\"https:\/\/www.sonoraenequipo.com.mx\/emilio-lozoya-solicita-otra-prorroga-por-14-dias-mas-por-caso-agronitrogenados\/\",\"name\":\"Sonora en Equipo. Emilio Lozoya solicita otra pr\u00f3rroga por 14 d\u00edas m\u00e1s por caso Agronitrogenados Rep\u00fablica\",\"isPartOf\":{\"@id\":\"https:\/\/www.sonoraenequipo.com.mx\/#website\"},\"primaryImageOfPage\":{\"@id\":\"https:\/\/www.sonoraenequipo.com.mx\/emilio-lozoya-solicita-otra-prorroga-por-14-dias-mas-por-caso-agronitrogenados\/#primaryimage\"},\"image\":{\"@id\":\"https:\/\/www.sonoraenequipo.com.mx\/emilio-lozoya-solicita-otra-prorroga-por-14-dias-mas-por-caso-agronitrogenados\/#primaryimage\"},\"thumbnailUrl\":\"https:\/\/www.sonoraenequipo.com.mx\/storage\/2021\/11\/miguel-ontiveros-abogado-de-lozoya_opt.jpg\",\"datePublished\":\"2021-11-22T23:36:44+00:00\",\"dateModified\":\"2021-11-23T04:40:47+00:00\",\"description\":\"CIUDAD DE M\u00c9XICO. MX. \u2014 El abogado defensor argument\u00f3 que la Fiscal\u00eda General de la Rep\u00fablica (FGR) no le ha dado acceso a una carpeta de investigaci\u00f3n En Sonora en Equipo publicamos toda la informaci\u00f3n de Sonora, M\u00e9xico y el Mundo de manera oportuna y busca que la libertad de expresi\u00f3n sea real. Visita nuestro medio informativo publicado desde Hermosillo, Sonora. %\",\"breadcrumb\":{\"@id\":\"https:\/\/www.sonoraenequipo.com.mx\/emilio-lozoya-solicita-otra-prorroga-por-14-dias-mas-por-caso-agronitrogenados\/#breadcrumb\"},\"inLanguage\":\"es\",\"potentialAction\":[{\"@type\":\"ReadAction\",\"target\":[\"https:\/\/www.sonoraenequipo.com.mx\/emilio-lozoya-solicita-otra-prorroga-por-14-dias-mas-por-caso-agronitrogenados\/\"]}]},{\"@type\":\"ImageObject\",\"inLanguage\":\"es\",\"@id\":\"https:\/\/www.sonoraenequipo.com.mx\/emilio-lozoya-solicita-otra-prorroga-por-14-dias-mas-por-caso-agronitrogenados\/#primaryimage\",\"url\":\"https:\/\/www.sonoraenequipo.com.mx\/storage\/2021\/11\/miguel-ontiveros-abogado-de-lozoya_opt.jpg\",\"contentUrl\":\"https:\/\/www.sonoraenequipo.com.mx\/storage\/2021\/11\/miguel-ontiveros-abogado-de-lozoya_opt.jpg\",\"width\":700,\"height\":400},{\"@type\":\"BreadcrumbList\",\"@id\":\"https:\/\/www.sonoraenequipo.com.mx\/emilio-lozoya-solicita-otra-prorroga-por-14-dias-mas-por-caso-agronitrogenados\/#breadcrumb\",\"itemListElement\":[{\"@type\":\"ListItem\",\"position\":1,\"name\":\"Portada\",\"item\":\"https:\/\/www.sonoraenequipo.com.mx\/\"},{\"@type\":\"ListItem\",\"position\":2,\"name\":\"Emilio Lozoya solicita otra pr\u00f3rroga por 14 d\u00edas m\u00e1s por caso Agronitrogenados\"}]},{\"@type\":\"WebSite\",\"@id\":\"https:\/\/www.sonoraenequipo.com.mx\/#website\",\"url\":\"https:\/\/www.sonoraenequipo.com.mx\/\",\"name\":\"Sonora en Equipo.\",\"description\":\"Diario en l\u00ednea con Noticias desde Hermosillo, Sonora\",\"publisher\":{\"@id\":\"https:\/\/www.sonoraenequipo.com.mx\/#organization\"},\"potentialAction\":[{\"@type\":\"SearchAction\",\"target\":{\"@type\":\"EntryPoint\",\"urlTemplate\":\"https:\/\/www.sonoraenequipo.com.mx\/?s={search_term_string}\"},\"query-input\":{\"@type\":\"PropertyValueSpecification\",\"valueRequired\":true,\"valueName\":\"search_term_string\"}}],\"inLanguage\":\"es\"},{\"@type\":\"Organization\",\"@id\":\"https:\/\/www.sonoraenequipo.com.mx\/#organization\",\"name\":\"Sonoraenequipo.com.mx\",\"url\":\"https:\/\/www.sonoraenequipo.com.mx\/\",\"logo\":{\"@type\":\"ImageObject\",\"inLanguage\":\"es\",\"@id\":\"https:\/\/www.sonoraenequipo.com.mx\/#\/schema\/logo\/image\/\",\"url\":\"https:\/\/www.sonoraenequipo.com.mx\/storage\/2019\/01\/sonoraenequipo_opt.png\",\"contentUrl\":\"https:\/\/www.sonoraenequipo.com.mx\/storage\/2019\/01\/sonoraenequipo_opt.png\",\"width\":375,\"height\":125,\"caption\":\"Sonoraenequipo.com.mx\"},\"image\":{\"@id\":\"https:\/\/www.sonoraenequipo.com.mx\/#\/schema\/logo\/image\/\"},\"sameAs\":[\"https:\/\/www.facebook.com\/SonoraEE\/\",\"https:\/\/x.com\/sonoraenequipo\",\"https:\/\/www.youtube.com\/channel\/UC338nW-lPEYmJQs4ZABQ1SQ\"]},{\"@type\":\"Person\",\"@id\":\"https:\/\/www.sonoraenequipo.com.mx\/#\/schema\/person\/50102df0fb23a8fa9e8effad8fa81386\",\"name\":\"enequipo\",\"image\":{\"@type\":\"ImageObject\",\"inLanguage\":\"es\",\"@id\":\"https:\/\/www.sonoraenequipo.com.mx\/#\/schema\/person\/image\/\",\"url\":\"https:\/\/secure.gravatar.com\/avatar\/049821681b589dabc0bc20695993ccebb09f5b5d4d790cd9251b97faac7c652b?s=96&d=blank&r=g\",\"contentUrl\":\"https:\/\/secure.gravatar.com\/avatar\/049821681b589dabc0bc20695993ccebb09f5b5d4d790cd9251b97faac7c652b?s=96&d=blank&r=g\",\"caption\":\"enequipo\"},\"sameAs\":[\"https:\/\/www.facebook.com\/SonoraEE\"]}]}<\/script>\n ","yoast_head_json":{"title":"Sonora en Equipo. Emilio Lozoya solicita otra pr\u00f3rroga por 14 d\u00edas m\u00e1s por caso Agronitrogenados Rep\u00fablica","description":"CIUDAD DE M\u00c9XICO. MX. \u2014 El abogado defensor argument\u00f3 que la Fiscal\u00eda General de la Rep\u00fablica (FGR) no le ha dado acceso a una carpeta de investigaci\u00f3n En Sonora en Equipo publicamos toda la informaci\u00f3n de Sonora, M\u00e9xico y el Mundo de manera oportuna y busca que la libertad de expresi\u00f3n sea real. Visita nuestro medio informativo publicado desde Hermosillo, Sonora. %","robots":{"index":"index","follow":"follow","max-snippet":"max-snippet:-1","max-image-preview":"max-image-preview:large","max-video-preview":"max-video-preview:-1"},"canonical":"https:\/\/www.sonoraenequipo.com.mx\/emilio-lozoya-solicita-otra-prorroga-por-14-dias-mas-por-caso-agronitrogenados\/","og_locale":"es_ES","og_type":"article","og_title":"Sonora en Equipo. Emilio Lozoya solicita otra pr\u00f3rroga por 14 d\u00edas m\u00e1s por caso Agronitrogenados Rep\u00fablica","og_description":"CIUDAD DE M\u00c9XICO. MX. \u2014 El abogado defensor argument\u00f3 que la Fiscal\u00eda General de la Rep\u00fablica (FGR) no le ha dado acceso a una carpeta de investigaci\u00f3n En Sonora en Equipo publicamos toda la informaci\u00f3n de Sonora, M\u00e9xico y el Mundo de manera oportuna y busca que la libertad de expresi\u00f3n sea real. Visita nuestro medio informativo publicado desde Hermosillo, Sonora. %","og_url":"https:\/\/www.sonoraenequipo.com.mx\/emilio-lozoya-solicita-otra-prorroga-por-14-dias-mas-por-caso-agronitrogenados\/","og_site_name":"Sonora en Equipo.","article_publisher":"https:\/\/www.facebook.com\/SonoraEE\/","article_author":"https:\/\/www.facebook.com\/SonoraEE","article_published_time":"2021-11-22T23:36:44+00:00","article_modified_time":"2021-11-23T04:40:47+00:00","og_image":[{"width":700,"height":400,"url":"https:\/\/www.sonoraenequipo.com.mx\/storage\/2021\/11\/miguel-ontiveros-abogado-de-lozoya_opt.jpg","type":"image\/jpeg"}],"author":"enequipo","twitter_card":"summary_large_image","twitter_creator":"@sonoraenequipo","twitter_site":"@sonoraenequipo","twitter_misc":{"Escrito por":"enequipo","Tiempo de lectura":"1 minuto"},"schema":{"@context":"https:\/\/schema.org","@graph":[{"@type":"Article","@id":"https:\/\/www.sonoraenequipo.com.mx\/emilio-lozoya-solicita-otra-prorroga-por-14-dias-mas-por-caso-agronitrogenados\/#article","isPartOf":{"@id":"https:\/\/www.sonoraenequipo.com.mx\/emilio-lozoya-solicita-otra-prorroga-por-14-dias-mas-por-caso-agronitrogenados\/"},"author":{"name":"enequipo","@id":"https:\/\/www.sonoraenequipo.com.mx\/#\/schema\/person\/50102df0fb23a8fa9e8effad8fa81386"},"headline":"Emilio Lozoya solicita otra pr\u00f3rroga por 14 d\u00edas m\u00e1s por caso Agronitrogenados","datePublished":"2021-11-22T23:36:44+00:00","dateModified":"2021-11-23T04:40:47+00:00","mainEntityOfPage":{"@id":"https:\/\/www.sonoraenequipo.com.mx\/emilio-lozoya-solicita-otra-prorroga-por-14-dias-mas-por-caso-agronitrogenados\/"},"wordCount":193,"commentCount":0,"publisher":{"@id":"https:\/\/www.sonoraenequipo.com.mx\/#organization"},"image":{"@id":"https:\/\/www.sonoraenequipo.com.mx\/emilio-lozoya-solicita-otra-prorroga-por-14-dias-mas-por-caso-agronitrogenados\/#primaryimage"},"thumbnailUrl":"https:\/\/www.sonoraenequipo.com.mx\/storage\/2021\/11\/miguel-ontiveros-abogado-de-lozoya_opt.jpg","articleSection":["Rep\u00fablica"],"inLanguage":"es","potentialAction":[{"@type":"CommentAction","name":"Comment","target":["https:\/\/www.sonoraenequipo.com.mx\/emilio-lozoya-solicita-otra-prorroga-por-14-dias-mas-por-caso-agronitrogenados\/#respond"]}]},{"@type":"WebPage","@id":"https:\/\/www.sonoraenequipo.com.mx\/emilio-lozoya-solicita-otra-prorroga-por-14-dias-mas-por-caso-agronitrogenados\/","url":"https:\/\/www.sonoraenequipo.com.mx\/emilio-lozoya-solicita-otra-prorroga-por-14-dias-mas-por-caso-agronitrogenados\/","name":"Sonora en Equipo. Emilio Lozoya solicita otra pr\u00f3rroga por 14 d\u00edas m\u00e1s por caso Agronitrogenados Rep\u00fablica","isPartOf":{"@id":"https:\/\/www.sonoraenequipo.com.mx\/#website"},"primaryImageOfPage":{"@id":"https:\/\/www.sonoraenequipo.com.mx\/emilio-lozoya-solicita-otra-prorroga-por-14-dias-mas-por-caso-agronitrogenados\/#primaryimage"},"image":{"@id":"https:\/\/www.sonoraenequipo.com.mx\/emilio-lozoya-solicita-otra-prorroga-por-14-dias-mas-por-caso-agronitrogenados\/#primaryimage"},"thumbnailUrl":"https:\/\/www.sonoraenequipo.com.mx\/storage\/2021\/11\/miguel-ontiveros-abogado-de-lozoya_opt.jpg","datePublished":"2021-11-22T23:36:44+00:00","dateModified":"2021-11-23T04:40:47+00:00","description":"CIUDAD DE M\u00c9XICO. MX. \u2014 El abogado defensor argument\u00f3 que la Fiscal\u00eda General de la Rep\u00fablica (FGR) no le ha dado acceso a una carpeta de investigaci\u00f3n En Sonora en Equipo publicamos toda la informaci\u00f3n de Sonora, M\u00e9xico y el Mundo de manera oportuna y busca que la libertad de expresi\u00f3n sea real. Visita nuestro medio informativo publicado desde Hermosillo, Sonora. %","breadcrumb":{"@id":"https:\/\/www.sonoraenequipo.com.mx\/emilio-lozoya-solicita-otra-prorroga-por-14-dias-mas-por-caso-agronitrogenados\/#breadcrumb"},"inLanguage":"es","potentialAction":[{"@type":"ReadAction","target":["https:\/\/www.sonoraenequipo.com.mx\/emilio-lozoya-solicita-otra-prorroga-por-14-dias-mas-por-caso-agronitrogenados\/"]}]},{"@type":"ImageObject","inLanguage":"es","@id":"https:\/\/www.sonoraenequipo.com.mx\/emilio-lozoya-solicita-otra-prorroga-por-14-dias-mas-por-caso-agronitrogenados\/#primaryimage","url":"https:\/\/www.sonoraenequipo.com.mx\/storage\/2021\/11\/miguel-ontiveros-abogado-de-lozoya_opt.jpg","contentUrl":"https:\/\/www.sonoraenequipo.com.mx\/storage\/2021\/11\/miguel-ontiveros-abogado-de-lozoya_opt.jpg","width":700,"height":400},{"@type":"BreadcrumbList","@id":"https:\/\/www.sonoraenequipo.com.mx\/emilio-lozoya-solicita-otra-prorroga-por-14-dias-mas-por-caso-agronitrogenados\/#breadcrumb","itemListElement":[{"@type":"ListItem","position":1,"name":"Portada","item":"https:\/\/www.sonoraenequipo.com.mx\/"},{"@type":"ListItem","position":2,"name":"Emilio Lozoya solicita otra pr\u00f3rroga por 14 d\u00edas m\u00e1s por caso Agronitrogenados"}]},{"@type":"WebSite","@id":"https:\/\/www.sonoraenequipo.com.mx\/#website","url":"https:\/\/www.sonoraenequipo.com.mx\/","name":"Sonora en Equipo.","description":"Diario en l\u00ednea con Noticias desde Hermosillo, Sonora","publisher":{"@id":"https:\/\/www.sonoraenequipo.com.mx\/#organization"},"potentialAction":[{"@type":"SearchAction","target":{"@type":"EntryPoint","urlTemplate":"https:\/\/www.sonoraenequipo.com.mx\/?s={search_term_string}"},"query-input":{"@type":"PropertyValueSpecification","valueRequired":true,"valueName":"search_term_string"}}],"inLanguage":"es"},{"@type":"Organization","@id":"https:\/\/www.sonoraenequipo.com.mx\/#organization","name":"Sonoraenequipo.com.mx","url":"https:\/\/www.sonoraenequipo.com.mx\/","logo":{"@type":"ImageObject","inLanguage":"es","@id":"https:\/\/www.sonoraenequipo.com.mx\/#\/schema\/logo\/image\/","url":"https:\/\/www.sonoraenequipo.com.mx\/storage\/2019\/01\/sonoraenequipo_opt.png","contentUrl":"https:\/\/www.sonoraenequipo.com.mx\/storage\/2019\/01\/sonoraenequipo_opt.png","width":375,"height":125,"caption":"Sonoraenequipo.com.mx"},"image":{"@id":"https:\/\/www.sonoraenequipo.com.mx\/#\/schema\/logo\/image\/"},"sameAs":["https:\/\/www.facebook.com\/SonoraEE\/","https:\/\/x.com\/sonoraenequipo","https:\/\/www.youtube.com\/channel\/UC338nW-lPEYmJQs4ZABQ1SQ"]},{"@type":"Person","@id":"https:\/\/www.sonoraenequipo.com.mx\/#\/schema\/person\/50102df0fb23a8fa9e8effad8fa81386","name":"enequipo","image":{"@type":"ImageObject","inLanguage":"es","@id":"https:\/\/www.sonoraenequipo.com.mx\/#\/schema\/person\/image\/","url":"https:\/\/secure.gravatar.com\/avatar\/049821681b589dabc0bc20695993ccebb09f5b5d4d790cd9251b97faac7c652b?s=96&d=blank&r=g","contentUrl":"https:\/\/secure.gravatar.com\/avatar\/049821681b589dabc0bc20695993ccebb09f5b5d4d790cd9251b97faac7c652b?s=96&d=blank&r=g","caption":"enequipo"},"sameAs":["https:\/\/www.facebook.com\/SonoraEE"]}]}},"jetpack_featured_media_url":"https:\/\/www.sonoraenequipo.com.mx\/storage\/2021\/11\/miguel-ontiveros-abogado-de-lozoya_opt.jpg","_links":{"self":[{"href":"https:\/\/www.sonoraenequipo.com.mx\/api\/wp\/v2\/posts\/128052","targetHints":{"allow":["GET"]}}],"collection":[{"href":"https:\/\/www.sonoraenequipo.com.mx\/api\/wp\/v2\/posts"}],"about":[{"href":"https:\/\/www.sonoraenequipo.com.mx\/api\/wp\/v2\/types\/post"}],"author":[{"embeddable":true,"href":"https:\/\/www.sonoraenequipo.com.mx\/api\/wp\/v2\/users\/1"}],"replies":[{"embeddable":true,"href":"https:\/\/www.sonoraenequipo.com.mx\/api\/wp\/v2\/comments?post=128052"}],"version-history":[{"count":4,"href":"https:\/\/www.sonoraenequipo.com.mx\/api\/wp\/v2\/posts\/128052\/revisions"}],"predecessor-version":[{"id":128059,"href":"https:\/\/www.sonoraenequipo.com.mx\/api\/wp\/v2\/posts\/128052\/revisions\/128059"}],"wp:featuredmedia":[{"embeddable":true,"href":"https:\/\/www.sonoraenequipo.com.mx\/api\/wp\/v2\/media\/128056"}],"wp:attachment":[{"href":"https:\/\/www.sonoraenequipo.com.mx\/api\/wp\/v2\/media?parent=128052"}],"wp:term":[{"taxonomy":"category","embeddable":true,"href":"https:\/\/www.sonoraenequipo.com.mx\/api\/wp\/v2\/categories?post=128052"},{"taxonomy":"post_tag","embeddable":true,"href":"https:\/\/www.sonoraenequipo.com.mx\/api\/wp\/v2\/tags?post=128052"}],"curies":[{"name":"wp","href":"https:\/\/api.w.org\/{rel}","templated":true}]}}