{"id":128376,"date":"2021-11-26T17:14:03","date_gmt":"2021-11-27T00:14:03","guid":{"rendered":"https:\/\/www.sonoraenequipo.com.mx\/?p=128376"},"modified":"2021-11-26T17:51:12","modified_gmt":"2021-11-27T00:51:12","slug":"los-tres-ordenes-de-gobierno-y-milicia-reforzaran-seguridad-en-guaymas-gobernador-durazo","status":"publish","type":"post","link":"https:\/\/www.sonoraenequipo.com.mx\/los-tres-ordenes-de-gobierno-y-milicia-reforzaran-seguridad-en-guaymas-gobernador-durazo\/","title":{"rendered":"Los tres \u00f3rdenes de gobierno y milicia reforzar\u00e1n seguridad en Guaymas: gobernador Durazo"},"content":{"rendered":"<p>&nbsp;<\/p>\n<p>&nbsp;<\/p>\n<p>&nbsp;<\/p>\n<p>&nbsp;<\/p>\n<p>GUAYMAS, SONORA,MX Los hechos violentos de este jueves en las inmediaciones del palacio municipal de Guaymas, donde perdieron la vida tres personas, apuntan a un atentado contra el comisario de Seguridad P\u00fablica Municipal, Andr\u00e9s Humberto Cano Ahuir, inform\u00f3 el gobernador Alfonso Durazo Monta\u00f1o.<\/p>\n<p>&nbsp;<\/p>\n<p>\u00abLas l\u00edneas de investigaci\u00f3n, ahorita lo podr\u00e1n ratificar las autoridades responsables de la misma, apuntan por razones de inteligencia y hechos anteriores a los acontecimientos de ayer, rumbo a un atentado contra el comisario de la Polic\u00eda Municipal, el comandante Cano\u00bb, manifest\u00f3.<\/p>\n<p>&nbsp;<\/p>\n<p>&nbsp;<\/p>\n<p>&nbsp;<\/p>\n<p>A\u00f1adi\u00f3 que, para acelerar la investigaci\u00f3n de estos hechos, este d\u00eda arrib\u00f3 al estado el titular de Inteligencia Naval y el jefe del grupo de Fuerzas Especiales de la Marina, y que llegar\u00e1n 100 marinos adicionales para reforzar las tareas de seguridad.<\/p>\n<p>&nbsp;<\/p>\n<p>&nbsp;<\/p>\n<p>&nbsp;<\/p>\n<p>El gobernador reiter\u00f3 que los sucesos no quedar\u00e1n impunes, ya que se trabajar\u00e1 de manera conjunta entre los tres \u00f3rdenes de gobierno para regresar la paz a la ciudad portuaria.<\/p>\n<p>&nbsp;<\/p>\n<p>&nbsp;<\/p>\n<p>&nbsp;<\/p>\n<p>\u00abEstamos comprometidos a regresar la paz y tranquilidad a nuestro estado, estos hechos de violencia duplican nuestro compromiso, nuestra entrega, a cumplir el objetivo de regresar la paz y la tranquilidad\u00bb, declar\u00f3.<\/p>\n<p>&nbsp;<\/p>\n<p>&nbsp;<\/p>\n<p>&nbsp;<\/p>\n<p>Durazo Monta\u00f1o expres\u00f3 su solidaridad con las familias de las v\u00edctimas del ataque armado, en especial por una joven activista quien era ajena totalmente a los acontecimientos, seg\u00fan arrojaron las primeras indagatorias.<\/p>\n<p>&nbsp;<\/p>\n<p>&nbsp;<\/p>\n<p>&nbsp;<\/p>\n<p>\u00abEs doloroso por su car\u00e1cter ajeno y por la causa y por la edad, todos ellos elementos que nos llenan de dolor, pero que tambi\u00e9n nos comprometen a avanzar en la investigaci\u00f3n hasta llevar hasta la justicia a los responsables de este hecho tan lamentable para todas y todos los sonorenses\u00bb, indic\u00f3.<\/p>\n<p>&nbsp;<\/p>\n<p>&nbsp;<\/p>\n<p>&nbsp;<\/p>\n<p>El gobernador, la fiscal general, Claudia Indira Contreras, y la secretaria de Seguridad P\u00fablica, Mar\u00eda Dolores del R\u00edo, sostuvieron un encuentro con los familiares de la joven feminista que perdi\u00f3 la vida durante la agresi\u00f3n armada, a quienes reiteraron su compromiso de justicia.<\/p>\n<p>&nbsp;<\/p>\n<p>&nbsp;<\/p>\n<p>&nbsp;<\/p>\n<p>Presentes: Mar\u00eda Dolores del R\u00edo S\u00e1nchez, secretaria de Seguridad P\u00fablica; Claudia Indira Contreras C\u00f3rdova, fiscal general de Justicia del Estado; Karla C\u00f3rdova Gonz\u00e1lez, presidenta municipal de Guaymas; Francisco Sergio M\u00e9ndez, delegado de la Fiscal\u00eda General de la Rep\u00fablica en Sonora; y Andr\u00e9s Humberto Cano Ahuir, comisario de Seguridad P\u00fablica en Guaymas<\/p>\n<p>Fecha de publicaci\u00f3n jueves\/ 25 \/ noviembre\/ 2021 \/CS No. 1121066<\/p>\n","protected":false},"excerpt":{"rendered":"<p>&nbsp; &nbsp; &nbsp; &nbsp; GUAYMAS, SONORA,MX Los hechos violentos de este jueves en las inmediaciones&#8230;<\/p>\n","protected":false},"author":1,"featured_media":128378,"comment_status":"open","ping_status":"open","sticky":false,"template":"","format":"standard","meta":{"_monsterinsights_skip_tracking":false,"_monsterinsights_sitenote_active":false,"_monsterinsights_sitenote_note":"","_monsterinsights_sitenote_category":0,"footnotes":""},"categories":[22],"tags":[299,15],"class_list":["post"],"yoast_head":" \n<title>Sonora en Equipo. Los tres \u00f3rdenes de gobierno y milicia reforzar\u00e1n seguridad en Guaymas: gobernador Durazo Sonora<\/title>\n<meta name=\"description\" content=\"&nbsp; &nbsp; &nbsp; &nbsp; GUAYMAS, SONORA,MX Los hechos violentos de este jueves en las inmediaciones del palacio municipal de Guaymas, donde perdieron En Sonora en Equipo publicamos toda la informaci\u00f3n de Sonora, M\u00e9xico y el Mundo de manera oportuna y busca que la libertad de expresi\u00f3n sea real. Visita nuestro medio informativo publicado desde Hermosillo, Sonora. %\" \/>\n<meta name=\"robots\" content=\"index, follow, max-snippet:-1, max-image-preview:large, max-video-preview:-1\" \/>\n<link rel=\"canonical\" href=\"https:\/\/www.sonoraenequipo.com.mx\/los-tres-ordenes-de-gobierno-y-milicia-reforzaran-seguridad-en-guaymas-gobernador-durazo\/\" \/>\n<meta property=\"og:locale\" content=\"es_ES\" \/>\n<meta property=\"og:type\" content=\"article\" \/>\n<meta property=\"og:title\" content=\"Sonora en Equipo. Los tres \u00f3rdenes de gobierno y milicia reforzar\u00e1n seguridad en Guaymas: gobernador Durazo Sonora\" \/>\n<meta property=\"og:description\" content=\"&nbsp; &nbsp; &nbsp; &nbsp; GUAYMAS, SONORA,MX Los hechos violentos de este jueves en las inmediaciones del palacio municipal de Guaymas, donde perdieron En Sonora en Equipo publicamos toda la informaci\u00f3n de Sonora, M\u00e9xico y el Mundo de manera oportuna y busca que la libertad de expresi\u00f3n sea real. Visita nuestro medio informativo publicado desde Hermosillo, Sonora. %\" \/>\n<meta property=\"og:url\" content=\"https:\/\/www.sonoraenequipo.com.mx\/los-tres-ordenes-de-gobierno-y-milicia-reforzaran-seguridad-en-guaymas-gobernador-durazo\/\" \/>\n<meta property=\"og:site_name\" content=\"Sonora en Equipo.\" \/>\n<meta property=\"article:publisher\" content=\"https:\/\/www.facebook.com\/SonoraEE\/\" \/>\n<meta property=\"article:author\" content=\"https:\/\/www.facebook.com\/SonoraEE\" \/>\n<meta property=\"article:published_time\" content=\"2021-11-27T00:14:03+00:00\" \/>\n<meta property=\"article:modified_time\" content=\"2021-11-27T00:51:12+00:00\" \/>\n<meta property=\"og:image\" content=\"https:\/\/www.sonoraenequipo.com.mx\/storage\/2021\/11\/seguridad.jpg\" \/>\n\t<meta property=\"og:image:width\" content=\"700\" \/>\n\t<meta property=\"og:image:height\" content=\"402\" \/>\n\t<meta property=\"og:image:type\" content=\"image\/jpeg\" \/>\n<meta name=\"author\" content=\"enequipo\" \/>\n<meta name=\"twitter:card\" content=\"summary_large_image\" \/>\n<meta name=\"twitter:creator\" content=\"@sonoraenequipo\" \/>\n<meta name=\"twitter:site\" content=\"@sonoraenequipo\" \/>\n<meta name=\"twitter:label1\" content=\"Escrito por\" \/>\n\t<meta name=\"twitter:data1\" content=\"enequipo\" \/>\n\t<meta name=\"twitter:label2\" content=\"Tiempo de lectura\" \/>\n\t<meta name=\"twitter:data2\" content=\"2 minutos\" \/>\n<script type=\"application\/ld+json\" class=\"yoast-schema-graph\">{\"@context\":\"https:\/\/schema.org\",\"@graph\":[{\"@type\":\"Article\",\"@id\":\"https:\/\/www.sonoraenequipo.com.mx\/los-tres-ordenes-de-gobierno-y-milicia-reforzaran-seguridad-en-guaymas-gobernador-durazo\/#article\",\"isPartOf\":{\"@id\":\"https:\/\/www.sonoraenequipo.com.mx\/los-tres-ordenes-de-gobierno-y-milicia-reforzaran-seguridad-en-guaymas-gobernador-durazo\/\"},\"author\":{\"name\":\"enequipo\",\"@id\":\"https:\/\/www.sonoraenequipo.com.mx\/#\/schema\/person\/50102df0fb23a8fa9e8effad8fa81386\"},\"headline\":\"Los tres \u00f3rdenes de gobierno y milicia reforzar\u00e1n seguridad en Guaymas: gobernador Durazo\",\"datePublished\":\"2021-11-27T00:14:03+00:00\",\"dateModified\":\"2021-11-27T00:51:12+00:00\",\"mainEntityOfPage\":{\"@id\":\"https:\/\/www.sonoraenequipo.com.mx\/los-tres-ordenes-de-gobierno-y-milicia-reforzaran-seguridad-en-guaymas-gobernador-durazo\/\"},\"wordCount\":449,\"commentCount\":0,\"publisher\":{\"@id\":\"https:\/\/www.sonoraenequipo.com.mx\/#organization\"},\"image\":{\"@id\":\"https:\/\/www.sonoraenequipo.com.mx\/los-tres-ordenes-de-gobierno-y-milicia-reforzaran-seguridad-en-guaymas-gobernador-durazo\/#primaryimage\"},\"thumbnailUrl\":\"https:\/\/www.sonoraenequipo.com.mx\/storage\/2021\/11\/seguridad.jpg\",\"keywords\":[\"inseguridad\",\"Sonora\"],\"articleSection\":[\"Sonora\"],\"inLanguage\":\"es\",\"potentialAction\":[{\"@type\":\"CommentAction\",\"name\":\"Comment\",\"target\":[\"https:\/\/www.sonoraenequipo.com.mx\/los-tres-ordenes-de-gobierno-y-milicia-reforzaran-seguridad-en-guaymas-gobernador-durazo\/#respond\"]}]},{\"@type\":\"WebPage\",\"@id\":\"https:\/\/www.sonoraenequipo.com.mx\/los-tres-ordenes-de-gobierno-y-milicia-reforzaran-seguridad-en-guaymas-gobernador-durazo\/\",\"url\":\"https:\/\/www.sonoraenequipo.com.mx\/los-tres-ordenes-de-gobierno-y-milicia-reforzaran-seguridad-en-guaymas-gobernador-durazo\/\",\"name\":\"Sonora en Equipo. Los tres \u00f3rdenes de gobierno y milicia reforzar\u00e1n seguridad en Guaymas: gobernador Durazo Sonora\",\"isPartOf\":{\"@id\":\"https:\/\/www.sonoraenequipo.com.mx\/#website\"},\"primaryImageOfPage\":{\"@id\":\"https:\/\/www.sonoraenequipo.com.mx\/los-tres-ordenes-de-gobierno-y-milicia-reforzaran-seguridad-en-guaymas-gobernador-durazo\/#primaryimage\"},\"image\":{\"@id\":\"https:\/\/www.sonoraenequipo.com.mx\/los-tres-ordenes-de-gobierno-y-milicia-reforzaran-seguridad-en-guaymas-gobernador-durazo\/#primaryimage\"},\"thumbnailUrl\":\"https:\/\/www.sonoraenequipo.com.mx\/storage\/2021\/11\/seguridad.jpg\",\"datePublished\":\"2021-11-27T00:14:03+00:00\",\"dateModified\":\"2021-11-27T00:51:12+00:00\",\"description\":\"&nbsp; &nbsp; &nbsp; &nbsp; GUAYMAS, SONORA,MX Los hechos violentos de este jueves en las inmediaciones del palacio municipal de Guaymas, donde perdieron En Sonora en Equipo publicamos toda la informaci\u00f3n de Sonora, M\u00e9xico y el Mundo de manera oportuna y busca que la libertad de expresi\u00f3n sea real. Visita nuestro medio informativo publicado desde Hermosillo, Sonora. %\",\"breadcrumb\":{\"@id\":\"https:\/\/www.sonoraenequipo.com.mx\/los-tres-ordenes-de-gobierno-y-milicia-reforzaran-seguridad-en-guaymas-gobernador-durazo\/#breadcrumb\"},\"inLanguage\":\"es\",\"potentialAction\":[{\"@type\":\"ReadAction\",\"target\":[\"https:\/\/www.sonoraenequipo.com.mx\/los-tres-ordenes-de-gobierno-y-milicia-reforzaran-seguridad-en-guaymas-gobernador-durazo\/\"]}]},{\"@type\":\"ImageObject\",\"inLanguage\":\"es\",\"@id\":\"https:\/\/www.sonoraenequipo.com.mx\/los-tres-ordenes-de-gobierno-y-milicia-reforzaran-seguridad-en-guaymas-gobernador-durazo\/#primaryimage\",\"url\":\"https:\/\/www.sonoraenequipo.com.mx\/storage\/2021\/11\/seguridad.jpg\",\"contentUrl\":\"https:\/\/www.sonoraenequipo.com.mx\/storage\/2021\/11\/seguridad.jpg\",\"width\":700,\"height\":402},{\"@type\":\"BreadcrumbList\",\"@id\":\"https:\/\/www.sonoraenequipo.com.mx\/los-tres-ordenes-de-gobierno-y-milicia-reforzaran-seguridad-en-guaymas-gobernador-durazo\/#breadcrumb\",\"itemListElement\":[{\"@type\":\"ListItem\",\"position\":1,\"name\":\"Portada\",\"item\":\"https:\/\/www.sonoraenequipo.com.mx\/\"},{\"@type\":\"ListItem\",\"position\":2,\"name\":\"Los tres \u00f3rdenes de gobierno y milicia reforzar\u00e1n seguridad en Guaymas: gobernador Durazo\"}]},{\"@type\":\"WebSite\",\"@id\":\"https:\/\/www.sonoraenequipo.com.mx\/#website\",\"url\":\"https:\/\/www.sonoraenequipo.com.mx\/\",\"name\":\"Sonora en Equipo.\",\"description\":\"Diario en l\u00ednea con Noticias desde Hermosillo, Sonora\",\"publisher\":{\"@id\":\"https:\/\/www.sonoraenequipo.com.mx\/#organization\"},\"potentialAction\":[{\"@type\":\"SearchAction\",\"target\":{\"@type\":\"EntryPoint\",\"urlTemplate\":\"https:\/\/www.sonoraenequipo.com.mx\/?s={search_term_string}\"},\"query-input\":{\"@type\":\"PropertyValueSpecification\",\"valueRequired\":true,\"valueName\":\"search_term_string\"}}],\"inLanguage\":\"es\"},{\"@type\":\"Organization\",\"@id\":\"https:\/\/www.sonoraenequipo.com.mx\/#organization\",\"name\":\"Sonoraenequipo.com.mx\",\"url\":\"https:\/\/www.sonoraenequipo.com.mx\/\",\"logo\":{\"@type\":\"ImageObject\",\"inLanguage\":\"es\",\"@id\":\"https:\/\/www.sonoraenequipo.com.mx\/#\/schema\/logo\/image\/\",\"url\":\"https:\/\/www.sonoraenequipo.com.mx\/storage\/2019\/01\/sonoraenequipo_opt.png\",\"contentUrl\":\"https:\/\/www.sonoraenequipo.com.mx\/storage\/2019\/01\/sonoraenequipo_opt.png\",\"width\":375,\"height\":125,\"caption\":\"Sonoraenequipo.com.mx\"},\"image\":{\"@id\":\"https:\/\/www.sonoraenequipo.com.mx\/#\/schema\/logo\/image\/\"},\"sameAs\":[\"https:\/\/www.facebook.com\/SonoraEE\/\",\"https:\/\/x.com\/sonoraenequipo\",\"https:\/\/www.youtube.com\/channel\/UC338nW-lPEYmJQs4ZABQ1SQ\"]},{\"@type\":\"Person\",\"@id\":\"https:\/\/www.sonoraenequipo.com.mx\/#\/schema\/person\/50102df0fb23a8fa9e8effad8fa81386\",\"name\":\"enequipo\",\"image\":{\"@type\":\"ImageObject\",\"inLanguage\":\"es\",\"@id\":\"https:\/\/www.sonoraenequipo.com.mx\/#\/schema\/person\/image\/\",\"url\":\"https:\/\/secure.gravatar.com\/avatar\/049821681b589dabc0bc20695993ccebb09f5b5d4d790cd9251b97faac7c652b?s=96&d=blank&r=g\",\"contentUrl\":\"https:\/\/secure.gravatar.com\/avatar\/049821681b589dabc0bc20695993ccebb09f5b5d4d790cd9251b97faac7c652b?s=96&d=blank&r=g\",\"caption\":\"enequipo\"},\"sameAs\":[\"https:\/\/www.facebook.com\/SonoraEE\"]}]}<\/script>\n ","yoast_head_json":{"title":"Sonora en Equipo. Los tres \u00f3rdenes de gobierno y milicia reforzar\u00e1n seguridad en Guaymas: gobernador Durazo Sonora","description":"&nbsp; &nbsp; &nbsp; &nbsp; GUAYMAS, SONORA,MX Los hechos violentos de este jueves en las inmediaciones del palacio municipal de Guaymas, donde perdieron En Sonora en Equipo publicamos toda la informaci\u00f3n de Sonora, M\u00e9xico y el Mundo de manera oportuna y busca que la libertad de expresi\u00f3n sea real. Visita nuestro medio informativo publicado desde Hermosillo, Sonora. %","robots":{"index":"index","follow":"follow","max-snippet":"max-snippet:-1","max-image-preview":"max-image-preview:large","max-video-preview":"max-video-preview:-1"},"canonical":"https:\/\/www.sonoraenequipo.com.mx\/los-tres-ordenes-de-gobierno-y-milicia-reforzaran-seguridad-en-guaymas-gobernador-durazo\/","og_locale":"es_ES","og_type":"article","og_title":"Sonora en Equipo. Los tres \u00f3rdenes de gobierno y milicia reforzar\u00e1n seguridad en Guaymas: gobernador Durazo Sonora","og_description":"&nbsp; &nbsp; &nbsp; &nbsp; GUAYMAS, SONORA,MX Los hechos violentos de este jueves en las inmediaciones del palacio municipal de Guaymas, donde perdieron En Sonora en Equipo publicamos toda la informaci\u00f3n de Sonora, M\u00e9xico y el Mundo de manera oportuna y busca que la libertad de expresi\u00f3n sea real. Visita nuestro medio informativo publicado desde Hermosillo, Sonora. %","og_url":"https:\/\/www.sonoraenequipo.com.mx\/los-tres-ordenes-de-gobierno-y-milicia-reforzaran-seguridad-en-guaymas-gobernador-durazo\/","og_site_name":"Sonora en Equipo.","article_publisher":"https:\/\/www.facebook.com\/SonoraEE\/","article_author":"https:\/\/www.facebook.com\/SonoraEE","article_published_time":"2021-11-27T00:14:03+00:00","article_modified_time":"2021-11-27T00:51:12+00:00","og_image":[{"width":700,"height":402,"url":"https:\/\/www.sonoraenequipo.com.mx\/storage\/2021\/11\/seguridad.jpg","type":"image\/jpeg"}],"author":"enequipo","twitter_card":"summary_large_image","twitter_creator":"@sonoraenequipo","twitter_site":"@sonoraenequipo","twitter_misc":{"Escrito por":"enequipo","Tiempo de lectura":"2 minutos"},"schema":{"@context":"https:\/\/schema.org","@graph":[{"@type":"Article","@id":"https:\/\/www.sonoraenequipo.com.mx\/los-tres-ordenes-de-gobierno-y-milicia-reforzaran-seguridad-en-guaymas-gobernador-durazo\/#article","isPartOf":{"@id":"https:\/\/www.sonoraenequipo.com.mx\/los-tres-ordenes-de-gobierno-y-milicia-reforzaran-seguridad-en-guaymas-gobernador-durazo\/"},"author":{"name":"enequipo","@id":"https:\/\/www.sonoraenequipo.com.mx\/#\/schema\/person\/50102df0fb23a8fa9e8effad8fa81386"},"headline":"Los tres \u00f3rdenes de gobierno y milicia reforzar\u00e1n seguridad en Guaymas: gobernador Durazo","datePublished":"2021-11-27T00:14:03+00:00","dateModified":"2021-11-27T00:51:12+00:00","mainEntityOfPage":{"@id":"https:\/\/www.sonoraenequipo.com.mx\/los-tres-ordenes-de-gobierno-y-milicia-reforzaran-seguridad-en-guaymas-gobernador-durazo\/"},"wordCount":449,"commentCount":0,"publisher":{"@id":"https:\/\/www.sonoraenequipo.com.mx\/#organization"},"image":{"@id":"https:\/\/www.sonoraenequipo.com.mx\/los-tres-ordenes-de-gobierno-y-milicia-reforzaran-seguridad-en-guaymas-gobernador-durazo\/#primaryimage"},"thumbnailUrl":"https:\/\/www.sonoraenequipo.com.mx\/storage\/2021\/11\/seguridad.jpg","keywords":["inseguridad","Sonora"],"articleSection":["Sonora"],"inLanguage":"es","potentialAction":[{"@type":"CommentAction","name":"Comment","target":["https:\/\/www.sonoraenequipo.com.mx\/los-tres-ordenes-de-gobierno-y-milicia-reforzaran-seguridad-en-guaymas-gobernador-durazo\/#respond"]}]},{"@type":"WebPage","@id":"https:\/\/www.sonoraenequipo.com.mx\/los-tres-ordenes-de-gobierno-y-milicia-reforzaran-seguridad-en-guaymas-gobernador-durazo\/","url":"https:\/\/www.sonoraenequipo.com.mx\/los-tres-ordenes-de-gobierno-y-milicia-reforzaran-seguridad-en-guaymas-gobernador-durazo\/","name":"Sonora en Equipo. Los tres \u00f3rdenes de gobierno y milicia reforzar\u00e1n seguridad en Guaymas: gobernador Durazo Sonora","isPartOf":{"@id":"https:\/\/www.sonoraenequipo.com.mx\/#website"},"primaryImageOfPage":{"@id":"https:\/\/www.sonoraenequipo.com.mx\/los-tres-ordenes-de-gobierno-y-milicia-reforzaran-seguridad-en-guaymas-gobernador-durazo\/#primaryimage"},"image":{"@id":"https:\/\/www.sonoraenequipo.com.mx\/los-tres-ordenes-de-gobierno-y-milicia-reforzaran-seguridad-en-guaymas-gobernador-durazo\/#primaryimage"},"thumbnailUrl":"https:\/\/www.sonoraenequipo.com.mx\/storage\/2021\/11\/seguridad.jpg","datePublished":"2021-11-27T00:14:03+00:00","dateModified":"2021-11-27T00:51:12+00:00","description":"&nbsp; &nbsp; &nbsp; &nbsp; GUAYMAS, SONORA,MX Los hechos violentos de este jueves en las inmediaciones del palacio municipal de Guaymas, donde perdieron En Sonora en Equipo publicamos toda la informaci\u00f3n de Sonora, M\u00e9xico y el Mundo de manera oportuna y busca que la libertad de expresi\u00f3n sea real. Visita nuestro medio informativo publicado desde Hermosillo, Sonora. %","breadcrumb":{"@id":"https:\/\/www.sonoraenequipo.com.mx\/los-tres-ordenes-de-gobierno-y-milicia-reforzaran-seguridad-en-guaymas-gobernador-durazo\/#breadcrumb"},"inLanguage":"es","potentialAction":[{"@type":"ReadAction","target":["https:\/\/www.sonoraenequipo.com.mx\/los-tres-ordenes-de-gobierno-y-milicia-reforzaran-seguridad-en-guaymas-gobernador-durazo\/"]}]},{"@type":"ImageObject","inLanguage":"es","@id":"https:\/\/www.sonoraenequipo.com.mx\/los-tres-ordenes-de-gobierno-y-milicia-reforzaran-seguridad-en-guaymas-gobernador-durazo\/#primaryimage","url":"https:\/\/www.sonoraenequipo.com.mx\/storage\/2021\/11\/seguridad.jpg","contentUrl":"https:\/\/www.sonoraenequipo.com.mx\/storage\/2021\/11\/seguridad.jpg","width":700,"height":402},{"@type":"BreadcrumbList","@id":"https:\/\/www.sonoraenequipo.com.mx\/los-tres-ordenes-de-gobierno-y-milicia-reforzaran-seguridad-en-guaymas-gobernador-durazo\/#breadcrumb","itemListElement":[{"@type":"ListItem","position":1,"name":"Portada","item":"https:\/\/www.sonoraenequipo.com.mx\/"},{"@type":"ListItem","position":2,"name":"Los tres \u00f3rdenes de gobierno y milicia reforzar\u00e1n seguridad en Guaymas: gobernador Durazo"}]},{"@type":"WebSite","@id":"https:\/\/www.sonoraenequipo.com.mx\/#website","url":"https:\/\/www.sonoraenequipo.com.mx\/","name":"Sonora en Equipo.","description":"Diario en l\u00ednea con Noticias desde Hermosillo, Sonora","publisher":{"@id":"https:\/\/www.sonoraenequipo.com.mx\/#organization"},"potentialAction":[{"@type":"SearchAction","target":{"@type":"EntryPoint","urlTemplate":"https:\/\/www.sonoraenequipo.com.mx\/?s={search_term_string}"},"query-input":{"@type":"PropertyValueSpecification","valueRequired":true,"valueName":"search_term_string"}}],"inLanguage":"es"},{"@type":"Organization","@id":"https:\/\/www.sonoraenequipo.com.mx\/#organization","name":"Sonoraenequipo.com.mx","url":"https:\/\/www.sonoraenequipo.com.mx\/","logo":{"@type":"ImageObject","inLanguage":"es","@id":"https:\/\/www.sonoraenequipo.com.mx\/#\/schema\/logo\/image\/","url":"https:\/\/www.sonoraenequipo.com.mx\/storage\/2019\/01\/sonoraenequipo_opt.png","contentUrl":"https:\/\/www.sonoraenequipo.com.mx\/storage\/2019\/01\/sonoraenequipo_opt.png","width":375,"height":125,"caption":"Sonoraenequipo.com.mx"},"image":{"@id":"https:\/\/www.sonoraenequipo.com.mx\/#\/schema\/logo\/image\/"},"sameAs":["https:\/\/www.facebook.com\/SonoraEE\/","https:\/\/x.com\/sonoraenequipo","https:\/\/www.youtube.com\/channel\/UC338nW-lPEYmJQs4ZABQ1SQ"]},{"@type":"Person","@id":"https:\/\/www.sonoraenequipo.com.mx\/#\/schema\/person\/50102df0fb23a8fa9e8effad8fa81386","name":"enequipo","image":{"@type":"ImageObject","inLanguage":"es","@id":"https:\/\/www.sonoraenequipo.com.mx\/#\/schema\/person\/image\/","url":"https:\/\/secure.gravatar.com\/avatar\/049821681b589dabc0bc20695993ccebb09f5b5d4d790cd9251b97faac7c652b?s=96&d=blank&r=g","contentUrl":"https:\/\/secure.gravatar.com\/avatar\/049821681b589dabc0bc20695993ccebb09f5b5d4d790cd9251b97faac7c652b?s=96&d=blank&r=g","caption":"enequipo"},"sameAs":["https:\/\/www.facebook.com\/SonoraEE"]}]}},"jetpack_featured_media_url":"https:\/\/www.sonoraenequipo.com.mx\/storage\/2021\/11\/seguridad.jpg","_links":{"self":[{"href":"https:\/\/www.sonoraenequipo.com.mx\/api\/wp\/v2\/posts\/128376","targetHints":{"allow":["GET"]}}],"collection":[{"href":"https:\/\/www.sonoraenequipo.com.mx\/api\/wp\/v2\/posts"}],"about":[{"href":"https:\/\/www.sonoraenequipo.com.mx\/api\/wp\/v2\/types\/post"}],"author":[{"embeddable":true,"href":"https:\/\/www.sonoraenequipo.com.mx\/api\/wp\/v2\/users\/1"}],"replies":[{"embeddable":true,"href":"https:\/\/www.sonoraenequipo.com.mx\/api\/wp\/v2\/comments?post=128376"}],"version-history":[{"count":1,"href":"https:\/\/www.sonoraenequipo.com.mx\/api\/wp\/v2\/posts\/128376\/revisions"}],"predecessor-version":[{"id":128381,"href":"https:\/\/www.sonoraenequipo.com.mx\/api\/wp\/v2\/posts\/128376\/revisions\/128381"}],"wp:featuredmedia":[{"embeddable":true,"href":"https:\/\/www.sonoraenequipo.com.mx\/api\/wp\/v2\/media\/128378"}],"wp:attachment":[{"href":"https:\/\/www.sonoraenequipo.com.mx\/api\/wp\/v2\/media?parent=128376"}],"wp:term":[{"taxonomy":"category","embeddable":true,"href":"https:\/\/www.sonoraenequipo.com.mx\/api\/wp\/v2\/categories?post=128376"},{"taxonomy":"post_tag","embeddable":true,"href":"https:\/\/www.sonoraenequipo.com.mx\/api\/wp\/v2\/tags?post=128376"}],"curies":[{"name":"wp","href":"https:\/\/api.w.org\/{rel}","templated":true}]}}