{"id":128385,"date":"2021-11-26T16:59:03","date_gmt":"2021-11-26T23:59:03","guid":{"rendered":"https:\/\/www.sonoraenequipo.com.mx\/?p=128385"},"modified":"2021-11-27T08:41:37","modified_gmt":"2021-11-27T15:41:37","slug":"se-reunen-gobernador-fiscal-y-secretaria-de-seguridad-con-familiares-de-activista-lucero-marisol","status":"publish","type":"post","link":"https:\/\/www.sonoraenequipo.com.mx\/se-reunen-gobernador-fiscal-y-secretaria-de-seguridad-con-familiares-de-activista-lucero-marisol\/","title":{"rendered":"Se re\u00fanen gobernador, fiscal y secretaria de seguridad con familiares de  activista Lucero Marisol"},"content":{"rendered":"<p>GUAYMAS, SONORA,MX El Gobernador, Alfonso Durazo Monta\u00f1o, la Fiscal General, Claudia Indira Contreras C\u00f3rdova, y la Secretaria de Seguridad P\u00fablica, Mar\u00eda Dolores del R\u00edo S\u00e1nchez, sostuvieron una reuni\u00f3n con la mam\u00e1, el papa y un hermano de Lucero Marisol Cuadras, activista feminista, quien resultara v\u00edctima del suceso registrado ayer en las afueras de Palacio Municipal.<\/p>\n<p>&nbsp;<\/p>\n<p>Luego de manifestar su solidaridad ante el lamentable hecho, las autoridades, reiteraron el compromiso de justicia.<\/p>\n<p>&nbsp;<\/p>\n<p>\u201cElla era una mujer muy entusiasta, altruista, impulsora de las energ\u00edas renovables y de la no violencia contra la mujer\u201d, as\u00ed debe ser recordada, expuso la madre de Lucero Marisol.<\/p>\n<p>&nbsp;<\/p>\n<p>La familia recibir\u00e1 atenci\u00f3n y acompa\u00f1amiento psicol\u00f3gico por parte de personal especializado del Centro de Atenci\u00f3n a V\u00edctimas (CAVID), de la Fiscal\u00eda sonorense.<\/p>\n<p>&nbsp;<\/p>\n<p>De igual manera se informa que a las primeras horas de este d\u00eda se tuvo conocimiento de otra v\u00edctima, Jovana Alexandra, de 18 a\u00f1os de edad, quien result\u00f3 lesionada con proyectil de arma de fuego en la pierna izquierda, quien recibe atenci\u00f3n m\u00e9dica y se reporte estable.<\/p>\n<p>Fecha de publicaci\u00f3n jueves\/ 25 \/ noviembre\/ 2021<\/p>\n","protected":false},"excerpt":{"rendered":"<p>GUAYMAS, SONORA,MX El Gobernador, Alfonso Durazo Monta\u00f1o, la Fiscal General, Claudia Indira Contreras C\u00f3rdova, y&#8230;<\/p>\n","protected":false},"author":1,"featured_media":128387,"comment_status":"open","ping_status":"open","sticky":false,"template":"","format":"standard","meta":{"_monsterinsights_skip_tracking":false,"_monsterinsights_sitenote_active":false,"_monsterinsights_sitenote_note":"","_monsterinsights_sitenote_category":0,"footnotes":""},"categories":[3144],"tags":[621,299],"class_list":["post"],"yoast_head":" \n<title>Sonora en Equipo. Se re\u00fanen gobernador, fiscal y secretaria de seguridad con familiares de activista Lucero Marisol Polic\u00edaca<\/title>\n<meta name=\"description\" content=\"GUAYMAS, SONORA,MX El Gobernador, Alfonso Durazo Monta\u00f1o, la Fiscal General, Claudia Indira Contreras C\u00f3rdova, y la Secretaria de Seguridad P\u00fablica, Mar\u00eda En Sonora en Equipo publicamos toda la informaci\u00f3n de Sonora, M\u00e9xico y el Mundo de manera oportuna y busca que la libertad de expresi\u00f3n sea real. Visita nuestro medio informativo publicado desde Hermosillo, Sonora. %\" \/>\n<meta name=\"robots\" content=\"index, follow, max-snippet:-1, max-image-preview:large, max-video-preview:-1\" \/>\n<link rel=\"canonical\" href=\"https:\/\/www.sonoraenequipo.com.mx\/se-reunen-gobernador-fiscal-y-secretaria-de-seguridad-con-familiares-de-activista-lucero-marisol\/\" \/>\n<meta property=\"og:locale\" content=\"es_ES\" \/>\n<meta property=\"og:type\" content=\"article\" \/>\n<meta property=\"og:title\" content=\"Sonora en Equipo. Se re\u00fanen gobernador, fiscal y secretaria de seguridad con familiares de activista Lucero Marisol Polic\u00edaca\" \/>\n<meta property=\"og:description\" content=\"GUAYMAS, SONORA,MX El Gobernador, Alfonso Durazo Monta\u00f1o, la Fiscal General, Claudia Indira Contreras C\u00f3rdova, y la Secretaria de Seguridad P\u00fablica, Mar\u00eda En Sonora en Equipo publicamos toda la informaci\u00f3n de Sonora, M\u00e9xico y el Mundo de manera oportuna y busca que la libertad de expresi\u00f3n sea real. Visita nuestro medio informativo publicado desde Hermosillo, Sonora. %\" \/>\n<meta property=\"og:url\" content=\"https:\/\/www.sonoraenequipo.com.mx\/se-reunen-gobernador-fiscal-y-secretaria-de-seguridad-con-familiares-de-activista-lucero-marisol\/\" \/>\n<meta property=\"og:site_name\" content=\"Sonora en Equipo.\" \/>\n<meta property=\"article:publisher\" content=\"https:\/\/www.facebook.com\/SonoraEE\/\" \/>\n<meta property=\"article:author\" content=\"https:\/\/www.facebook.com\/SonoraEE\" \/>\n<meta property=\"article:published_time\" content=\"2021-11-26T23:59:03+00:00\" \/>\n<meta property=\"article:modified_time\" content=\"2021-11-27T15:41:37+00:00\" \/>\n<meta property=\"og:image\" content=\"https:\/\/www.sonoraenequipo.com.mx\/storage\/2021\/11\/guaymas-1.jpg\" \/>\n\t<meta property=\"og:image:width\" content=\"700\" \/>\n\t<meta property=\"og:image:height\" content=\"400\" \/>\n\t<meta property=\"og:image:type\" content=\"image\/jpeg\" \/>\n<meta name=\"author\" content=\"enequipo\" \/>\n<meta name=\"twitter:card\" content=\"summary_large_image\" \/>\n<meta name=\"twitter:creator\" content=\"@sonoraenequipo\" \/>\n<meta name=\"twitter:site\" content=\"@sonoraenequipo\" \/>\n<meta name=\"twitter:label1\" content=\"Escrito por\" \/>\n\t<meta name=\"twitter:data1\" content=\"enequipo\" \/>\n\t<meta name=\"twitter:label2\" content=\"Tiempo de lectura\" \/>\n\t<meta name=\"twitter:data2\" content=\"1 minuto\" \/>\n<script type=\"application\/ld+json\" class=\"yoast-schema-graph\">{\"@context\":\"https:\/\/schema.org\",\"@graph\":[{\"@type\":\"Article\",\"@id\":\"https:\/\/www.sonoraenequipo.com.mx\/se-reunen-gobernador-fiscal-y-secretaria-de-seguridad-con-familiares-de-activista-lucero-marisol\/#article\",\"isPartOf\":{\"@id\":\"https:\/\/www.sonoraenequipo.com.mx\/se-reunen-gobernador-fiscal-y-secretaria-de-seguridad-con-familiares-de-activista-lucero-marisol\/\"},\"author\":{\"name\":\"enequipo\",\"@id\":\"https:\/\/www.sonoraenequipo.com.mx\/#\/schema\/person\/50102df0fb23a8fa9e8effad8fa81386\"},\"headline\":\"Se re\u00fanen gobernador, fiscal y secretaria de seguridad con familiares de activista Lucero Marisol\",\"datePublished\":\"2021-11-26T23:59:03+00:00\",\"dateModified\":\"2021-11-27T15:41:37+00:00\",\"mainEntityOfPage\":{\"@id\":\"https:\/\/www.sonoraenequipo.com.mx\/se-reunen-gobernador-fiscal-y-secretaria-de-seguridad-con-familiares-de-activista-lucero-marisol\/\"},\"wordCount\":216,\"commentCount\":0,\"publisher\":{\"@id\":\"https:\/\/www.sonoraenequipo.com.mx\/#organization\"},\"image\":{\"@id\":\"https:\/\/www.sonoraenequipo.com.mx\/se-reunen-gobernador-fiscal-y-secretaria-de-seguridad-con-familiares-de-activista-lucero-marisol\/#primaryimage\"},\"thumbnailUrl\":\"https:\/\/www.sonoraenequipo.com.mx\/storage\/2021\/11\/guaymas-1.jpg\",\"keywords\":[\"Guaymas\",\"inseguridad\"],\"articleSection\":[\"Polic\u00edaca\"],\"inLanguage\":\"es\",\"potentialAction\":[{\"@type\":\"CommentAction\",\"name\":\"Comment\",\"target\":[\"https:\/\/www.sonoraenequipo.com.mx\/se-reunen-gobernador-fiscal-y-secretaria-de-seguridad-con-familiares-de-activista-lucero-marisol\/#respond\"]}]},{\"@type\":\"WebPage\",\"@id\":\"https:\/\/www.sonoraenequipo.com.mx\/se-reunen-gobernador-fiscal-y-secretaria-de-seguridad-con-familiares-de-activista-lucero-marisol\/\",\"url\":\"https:\/\/www.sonoraenequipo.com.mx\/se-reunen-gobernador-fiscal-y-secretaria-de-seguridad-con-familiares-de-activista-lucero-marisol\/\",\"name\":\"Sonora en Equipo. Se re\u00fanen gobernador, fiscal y secretaria de seguridad con familiares de activista Lucero Marisol Polic\u00edaca\",\"isPartOf\":{\"@id\":\"https:\/\/www.sonoraenequipo.com.mx\/#website\"},\"primaryImageOfPage\":{\"@id\":\"https:\/\/www.sonoraenequipo.com.mx\/se-reunen-gobernador-fiscal-y-secretaria-de-seguridad-con-familiares-de-activista-lucero-marisol\/#primaryimage\"},\"image\":{\"@id\":\"https:\/\/www.sonoraenequipo.com.mx\/se-reunen-gobernador-fiscal-y-secretaria-de-seguridad-con-familiares-de-activista-lucero-marisol\/#primaryimage\"},\"thumbnailUrl\":\"https:\/\/www.sonoraenequipo.com.mx\/storage\/2021\/11\/guaymas-1.jpg\",\"datePublished\":\"2021-11-26T23:59:03+00:00\",\"dateModified\":\"2021-11-27T15:41:37+00:00\",\"description\":\"GUAYMAS, SONORA,MX El Gobernador, Alfonso Durazo Monta\u00f1o, la Fiscal General, Claudia Indira Contreras C\u00f3rdova, y la Secretaria de Seguridad P\u00fablica, Mar\u00eda En Sonora en Equipo publicamos toda la informaci\u00f3n de Sonora, M\u00e9xico y el Mundo de manera oportuna y busca que la libertad de expresi\u00f3n sea real. Visita nuestro medio informativo publicado desde Hermosillo, Sonora. %\",\"breadcrumb\":{\"@id\":\"https:\/\/www.sonoraenequipo.com.mx\/se-reunen-gobernador-fiscal-y-secretaria-de-seguridad-con-familiares-de-activista-lucero-marisol\/#breadcrumb\"},\"inLanguage\":\"es\",\"potentialAction\":[{\"@type\":\"ReadAction\",\"target\":[\"https:\/\/www.sonoraenequipo.com.mx\/se-reunen-gobernador-fiscal-y-secretaria-de-seguridad-con-familiares-de-activista-lucero-marisol\/\"]}]},{\"@type\":\"ImageObject\",\"inLanguage\":\"es\",\"@id\":\"https:\/\/www.sonoraenequipo.com.mx\/se-reunen-gobernador-fiscal-y-secretaria-de-seguridad-con-familiares-de-activista-lucero-marisol\/#primaryimage\",\"url\":\"https:\/\/www.sonoraenequipo.com.mx\/storage\/2021\/11\/guaymas-1.jpg\",\"contentUrl\":\"https:\/\/www.sonoraenequipo.com.mx\/storage\/2021\/11\/guaymas-1.jpg\",\"width\":700,\"height\":400,\"caption\":\"Alfonso Durazo, al centro abajo Dolores del R\u00edo,Claudia Contreras y al centro arriba,Lucero Marisol\"},{\"@type\":\"BreadcrumbList\",\"@id\":\"https:\/\/www.sonoraenequipo.com.mx\/se-reunen-gobernador-fiscal-y-secretaria-de-seguridad-con-familiares-de-activista-lucero-marisol\/#breadcrumb\",\"itemListElement\":[{\"@type\":\"ListItem\",\"position\":1,\"name\":\"Portada\",\"item\":\"https:\/\/www.sonoraenequipo.com.mx\/\"},{\"@type\":\"ListItem\",\"position\":2,\"name\":\"Se re\u00fanen gobernador, fiscal y secretaria de seguridad con familiares de activista Lucero Marisol\"}]},{\"@type\":\"WebSite\",\"@id\":\"https:\/\/www.sonoraenequipo.com.mx\/#website\",\"url\":\"https:\/\/www.sonoraenequipo.com.mx\/\",\"name\":\"Sonora en Equipo.\",\"description\":\"Diario en l\u00ednea con Noticias desde Hermosillo, Sonora\",\"publisher\":{\"@id\":\"https:\/\/www.sonoraenequipo.com.mx\/#organization\"},\"potentialAction\":[{\"@type\":\"SearchAction\",\"target\":{\"@type\":\"EntryPoint\",\"urlTemplate\":\"https:\/\/www.sonoraenequipo.com.mx\/?s={search_term_string}\"},\"query-input\":{\"@type\":\"PropertyValueSpecification\",\"valueRequired\":true,\"valueName\":\"search_term_string\"}}],\"inLanguage\":\"es\"},{\"@type\":\"Organization\",\"@id\":\"https:\/\/www.sonoraenequipo.com.mx\/#organization\",\"name\":\"Sonoraenequipo.com.mx\",\"url\":\"https:\/\/www.sonoraenequipo.com.mx\/\",\"logo\":{\"@type\":\"ImageObject\",\"inLanguage\":\"es\",\"@id\":\"https:\/\/www.sonoraenequipo.com.mx\/#\/schema\/logo\/image\/\",\"url\":\"https:\/\/www.sonoraenequipo.com.mx\/storage\/2019\/01\/sonoraenequipo_opt.png\",\"contentUrl\":\"https:\/\/www.sonoraenequipo.com.mx\/storage\/2019\/01\/sonoraenequipo_opt.png\",\"width\":375,\"height\":125,\"caption\":\"Sonoraenequipo.com.mx\"},\"image\":{\"@id\":\"https:\/\/www.sonoraenequipo.com.mx\/#\/schema\/logo\/image\/\"},\"sameAs\":[\"https:\/\/www.facebook.com\/SonoraEE\/\",\"https:\/\/x.com\/sonoraenequipo\",\"https:\/\/www.youtube.com\/channel\/UC338nW-lPEYmJQs4ZABQ1SQ\"]},{\"@type\":\"Person\",\"@id\":\"https:\/\/www.sonoraenequipo.com.mx\/#\/schema\/person\/50102df0fb23a8fa9e8effad8fa81386\",\"name\":\"enequipo\",\"image\":{\"@type\":\"ImageObject\",\"inLanguage\":\"es\",\"@id\":\"https:\/\/www.sonoraenequipo.com.mx\/#\/schema\/person\/image\/\",\"url\":\"https:\/\/secure.gravatar.com\/avatar\/049821681b589dabc0bc20695993ccebb09f5b5d4d790cd9251b97faac7c652b?s=96&d=blank&r=g\",\"contentUrl\":\"https:\/\/secure.gravatar.com\/avatar\/049821681b589dabc0bc20695993ccebb09f5b5d4d790cd9251b97faac7c652b?s=96&d=blank&r=g\",\"caption\":\"enequipo\"},\"sameAs\":[\"https:\/\/www.facebook.com\/SonoraEE\"]}]}<\/script>\n ","yoast_head_json":{"title":"Sonora en Equipo. Se re\u00fanen gobernador, fiscal y secretaria de seguridad con familiares de activista Lucero Marisol Polic\u00edaca","description":"GUAYMAS, SONORA,MX El Gobernador, Alfonso Durazo Monta\u00f1o, la Fiscal General, Claudia Indira Contreras C\u00f3rdova, y la Secretaria de Seguridad P\u00fablica, Mar\u00eda En Sonora en Equipo publicamos toda la informaci\u00f3n de Sonora, M\u00e9xico y el Mundo de manera oportuna y busca que la libertad de expresi\u00f3n sea real. Visita nuestro medio informativo publicado desde Hermosillo, Sonora. %","robots":{"index":"index","follow":"follow","max-snippet":"max-snippet:-1","max-image-preview":"max-image-preview:large","max-video-preview":"max-video-preview:-1"},"canonical":"https:\/\/www.sonoraenequipo.com.mx\/se-reunen-gobernador-fiscal-y-secretaria-de-seguridad-con-familiares-de-activista-lucero-marisol\/","og_locale":"es_ES","og_type":"article","og_title":"Sonora en Equipo. Se re\u00fanen gobernador, fiscal y secretaria de seguridad con familiares de activista Lucero Marisol Polic\u00edaca","og_description":"GUAYMAS, SONORA,MX El Gobernador, Alfonso Durazo Monta\u00f1o, la Fiscal General, Claudia Indira Contreras C\u00f3rdova, y la Secretaria de Seguridad P\u00fablica, Mar\u00eda En Sonora en Equipo publicamos toda la informaci\u00f3n de Sonora, M\u00e9xico y el Mundo de manera oportuna y busca que la libertad de expresi\u00f3n sea real. Visita nuestro medio informativo publicado desde Hermosillo, Sonora. %","og_url":"https:\/\/www.sonoraenequipo.com.mx\/se-reunen-gobernador-fiscal-y-secretaria-de-seguridad-con-familiares-de-activista-lucero-marisol\/","og_site_name":"Sonora en Equipo.","article_publisher":"https:\/\/www.facebook.com\/SonoraEE\/","article_author":"https:\/\/www.facebook.com\/SonoraEE","article_published_time":"2021-11-26T23:59:03+00:00","article_modified_time":"2021-11-27T15:41:37+00:00","og_image":[{"width":700,"height":400,"url":"https:\/\/www.sonoraenequipo.com.mx\/storage\/2021\/11\/guaymas-1.jpg","type":"image\/jpeg"}],"author":"enequipo","twitter_card":"summary_large_image","twitter_creator":"@sonoraenequipo","twitter_site":"@sonoraenequipo","twitter_misc":{"Escrito por":"enequipo","Tiempo de lectura":"1 minuto"},"schema":{"@context":"https:\/\/schema.org","@graph":[{"@type":"Article","@id":"https:\/\/www.sonoraenequipo.com.mx\/se-reunen-gobernador-fiscal-y-secretaria-de-seguridad-con-familiares-de-activista-lucero-marisol\/#article","isPartOf":{"@id":"https:\/\/www.sonoraenequipo.com.mx\/se-reunen-gobernador-fiscal-y-secretaria-de-seguridad-con-familiares-de-activista-lucero-marisol\/"},"author":{"name":"enequipo","@id":"https:\/\/www.sonoraenequipo.com.mx\/#\/schema\/person\/50102df0fb23a8fa9e8effad8fa81386"},"headline":"Se re\u00fanen gobernador, fiscal y secretaria de seguridad con familiares de activista Lucero Marisol","datePublished":"2021-11-26T23:59:03+00:00","dateModified":"2021-11-27T15:41:37+00:00","mainEntityOfPage":{"@id":"https:\/\/www.sonoraenequipo.com.mx\/se-reunen-gobernador-fiscal-y-secretaria-de-seguridad-con-familiares-de-activista-lucero-marisol\/"},"wordCount":216,"commentCount":0,"publisher":{"@id":"https:\/\/www.sonoraenequipo.com.mx\/#organization"},"image":{"@id":"https:\/\/www.sonoraenequipo.com.mx\/se-reunen-gobernador-fiscal-y-secretaria-de-seguridad-con-familiares-de-activista-lucero-marisol\/#primaryimage"},"thumbnailUrl":"https:\/\/www.sonoraenequipo.com.mx\/storage\/2021\/11\/guaymas-1.jpg","keywords":["Guaymas","inseguridad"],"articleSection":["Polic\u00edaca"],"inLanguage":"es","potentialAction":[{"@type":"CommentAction","name":"Comment","target":["https:\/\/www.sonoraenequipo.com.mx\/se-reunen-gobernador-fiscal-y-secretaria-de-seguridad-con-familiares-de-activista-lucero-marisol\/#respond"]}]},{"@type":"WebPage","@id":"https:\/\/www.sonoraenequipo.com.mx\/se-reunen-gobernador-fiscal-y-secretaria-de-seguridad-con-familiares-de-activista-lucero-marisol\/","url":"https:\/\/www.sonoraenequipo.com.mx\/se-reunen-gobernador-fiscal-y-secretaria-de-seguridad-con-familiares-de-activista-lucero-marisol\/","name":"Sonora en Equipo. Se re\u00fanen gobernador, fiscal y secretaria de seguridad con familiares de activista Lucero Marisol Polic\u00edaca","isPartOf":{"@id":"https:\/\/www.sonoraenequipo.com.mx\/#website"},"primaryImageOfPage":{"@id":"https:\/\/www.sonoraenequipo.com.mx\/se-reunen-gobernador-fiscal-y-secretaria-de-seguridad-con-familiares-de-activista-lucero-marisol\/#primaryimage"},"image":{"@id":"https:\/\/www.sonoraenequipo.com.mx\/se-reunen-gobernador-fiscal-y-secretaria-de-seguridad-con-familiares-de-activista-lucero-marisol\/#primaryimage"},"thumbnailUrl":"https:\/\/www.sonoraenequipo.com.mx\/storage\/2021\/11\/guaymas-1.jpg","datePublished":"2021-11-26T23:59:03+00:00","dateModified":"2021-11-27T15:41:37+00:00","description":"GUAYMAS, SONORA,MX El Gobernador, Alfonso Durazo Monta\u00f1o, la Fiscal General, Claudia Indira Contreras C\u00f3rdova, y la Secretaria de Seguridad P\u00fablica, Mar\u00eda En Sonora en Equipo publicamos toda la informaci\u00f3n de Sonora, M\u00e9xico y el Mundo de manera oportuna y busca que la libertad de expresi\u00f3n sea real. Visita nuestro medio informativo publicado desde Hermosillo, Sonora. %","breadcrumb":{"@id":"https:\/\/www.sonoraenequipo.com.mx\/se-reunen-gobernador-fiscal-y-secretaria-de-seguridad-con-familiares-de-activista-lucero-marisol\/#breadcrumb"},"inLanguage":"es","potentialAction":[{"@type":"ReadAction","target":["https:\/\/www.sonoraenequipo.com.mx\/se-reunen-gobernador-fiscal-y-secretaria-de-seguridad-con-familiares-de-activista-lucero-marisol\/"]}]},{"@type":"ImageObject","inLanguage":"es","@id":"https:\/\/www.sonoraenequipo.com.mx\/se-reunen-gobernador-fiscal-y-secretaria-de-seguridad-con-familiares-de-activista-lucero-marisol\/#primaryimage","url":"https:\/\/www.sonoraenequipo.com.mx\/storage\/2021\/11\/guaymas-1.jpg","contentUrl":"https:\/\/www.sonoraenequipo.com.mx\/storage\/2021\/11\/guaymas-1.jpg","width":700,"height":400,"caption":"Alfonso Durazo, al centro abajo Dolores del R\u00edo,Claudia Contreras y al centro arriba,Lucero Marisol"},{"@type":"BreadcrumbList","@id":"https:\/\/www.sonoraenequipo.com.mx\/se-reunen-gobernador-fiscal-y-secretaria-de-seguridad-con-familiares-de-activista-lucero-marisol\/#breadcrumb","itemListElement":[{"@type":"ListItem","position":1,"name":"Portada","item":"https:\/\/www.sonoraenequipo.com.mx\/"},{"@type":"ListItem","position":2,"name":"Se re\u00fanen gobernador, fiscal y secretaria de seguridad con familiares de activista Lucero Marisol"}]},{"@type":"WebSite","@id":"https:\/\/www.sonoraenequipo.com.mx\/#website","url":"https:\/\/www.sonoraenequipo.com.mx\/","name":"Sonora en Equipo.","description":"Diario en l\u00ednea con Noticias desde Hermosillo, Sonora","publisher":{"@id":"https:\/\/www.sonoraenequipo.com.mx\/#organization"},"potentialAction":[{"@type":"SearchAction","target":{"@type":"EntryPoint","urlTemplate":"https:\/\/www.sonoraenequipo.com.mx\/?s={search_term_string}"},"query-input":{"@type":"PropertyValueSpecification","valueRequired":true,"valueName":"search_term_string"}}],"inLanguage":"es"},{"@type":"Organization","@id":"https:\/\/www.sonoraenequipo.com.mx\/#organization","name":"Sonoraenequipo.com.mx","url":"https:\/\/www.sonoraenequipo.com.mx\/","logo":{"@type":"ImageObject","inLanguage":"es","@id":"https:\/\/www.sonoraenequipo.com.mx\/#\/schema\/logo\/image\/","url":"https:\/\/www.sonoraenequipo.com.mx\/storage\/2019\/01\/sonoraenequipo_opt.png","contentUrl":"https:\/\/www.sonoraenequipo.com.mx\/storage\/2019\/01\/sonoraenequipo_opt.png","width":375,"height":125,"caption":"Sonoraenequipo.com.mx"},"image":{"@id":"https:\/\/www.sonoraenequipo.com.mx\/#\/schema\/logo\/image\/"},"sameAs":["https:\/\/www.facebook.com\/SonoraEE\/","https:\/\/x.com\/sonoraenequipo","https:\/\/www.youtube.com\/channel\/UC338nW-lPEYmJQs4ZABQ1SQ"]},{"@type":"Person","@id":"https:\/\/www.sonoraenequipo.com.mx\/#\/schema\/person\/50102df0fb23a8fa9e8effad8fa81386","name":"enequipo","image":{"@type":"ImageObject","inLanguage":"es","@id":"https:\/\/www.sonoraenequipo.com.mx\/#\/schema\/person\/image\/","url":"https:\/\/secure.gravatar.com\/avatar\/049821681b589dabc0bc20695993ccebb09f5b5d4d790cd9251b97faac7c652b?s=96&d=blank&r=g","contentUrl":"https:\/\/secure.gravatar.com\/avatar\/049821681b589dabc0bc20695993ccebb09f5b5d4d790cd9251b97faac7c652b?s=96&d=blank&r=g","caption":"enequipo"},"sameAs":["https:\/\/www.facebook.com\/SonoraEE"]}]}},"jetpack_featured_media_url":"https:\/\/www.sonoraenequipo.com.mx\/storage\/2021\/11\/guaymas-1.jpg","_links":{"self":[{"href":"https:\/\/www.sonoraenequipo.com.mx\/api\/wp\/v2\/posts\/128385","targetHints":{"allow":["GET"]}}],"collection":[{"href":"https:\/\/www.sonoraenequipo.com.mx\/api\/wp\/v2\/posts"}],"about":[{"href":"https:\/\/www.sonoraenequipo.com.mx\/api\/wp\/v2\/types\/post"}],"author":[{"embeddable":true,"href":"https:\/\/www.sonoraenequipo.com.mx\/api\/wp\/v2\/users\/1"}],"replies":[{"embeddable":true,"href":"https:\/\/www.sonoraenequipo.com.mx\/api\/wp\/v2\/comments?post=128385"}],"version-history":[{"count":1,"href":"https:\/\/www.sonoraenequipo.com.mx\/api\/wp\/v2\/posts\/128385\/revisions"}],"predecessor-version":[{"id":128388,"href":"https:\/\/www.sonoraenequipo.com.mx\/api\/wp\/v2\/posts\/128385\/revisions\/128388"}],"wp:featuredmedia":[{"embeddable":true,"href":"https:\/\/www.sonoraenequipo.com.mx\/api\/wp\/v2\/media\/128387"}],"wp:attachment":[{"href":"https:\/\/www.sonoraenequipo.com.mx\/api\/wp\/v2\/media?parent=128385"}],"wp:term":[{"taxonomy":"category","embeddable":true,"href":"https:\/\/www.sonoraenequipo.com.mx\/api\/wp\/v2\/categories?post=128385"},{"taxonomy":"post_tag","embeddable":true,"href":"https:\/\/www.sonoraenequipo.com.mx\/api\/wp\/v2\/tags?post=128385"}],"curies":[{"name":"wp","href":"https:\/\/api.w.org\/{rel}","templated":true}]}}