{"id":128390,"date":"2021-11-26T19:30:08","date_gmt":"2021-11-27T02:30:08","guid":{"rendered":"https:\/\/www.sonoraenequipo.com.mx\/?p=128390"},"modified":"2021-11-27T08:40:36","modified_gmt":"2021-11-27T15:40:36","slug":"jovenes-hermosillenses-tendran-este-domingo-sorteo-del-servicio-militar","status":"publish","type":"post","link":"https:\/\/www.sonoraenequipo.com.mx\/jovenes-hermosillenses-tendran-este-domingo-sorteo-del-servicio-militar\/","title":{"rendered":"J\u00f3venes hermosillenses tendr\u00e1n este domingo sorteo del servicio militar"},"content":{"rendered":"<p>HERMOSILLO, SONORA,MX.\u2500\u2500 Este domingo 28 de noviembre tendr\u00e1 lugar en la plaza Alonso Vidal el Sorteo del Servicio Militar, inform\u00f3 Silvia Aganza Espinoza, encargada de la Junta Municipal de Reclutamiento.<\/p>\n<p>&nbsp;<\/p>\n<p>La funcionaria municipal recomend\u00f3 a quienes acudir\u00e1n ese d\u00eda que lleguen un poco antes de las 8:00 horas para que tomen su lugar de forma ordenada y con respeto a los protocolos preventivos de contagios de COVID 19.<\/p>\n<p>&nbsp;<\/p>\n<p>En este sorteo habr\u00e1 en la t\u00f3mbola mil 500 bolas blancas y mil 56 negras. Los j\u00f3venes podr\u00e1n ir a recoger su pre cartilla militar a partir del martes 30 de noviembre en las oficinas de la Junta Municipal de Reclutamiento, donde hicieron el tr\u00e1mite, detall\u00f3 Aganza Espinoza.<\/p>\n<p>&nbsp;<\/p>\n<p>A cada documento se les colocar\u00e1 un sello con el resultado que obtuvieron en el sorteo.\u00a0 Posteriormente deber\u00e1n continuar su tr\u00e1mite llev\u00e1ndolo al 24 o 73 Batall\u00f3n de Infanter\u00eda en esta capital, para que inicie el proceso de liberaci\u00f3n de la misma.<\/p>\n<p>&nbsp;<\/p>\n<p>A quienes se llevaron su documento como identificaci\u00f3n para alg\u00fan otro tr\u00e1mite, se les recomienda regresar con \u00e9l a las oficinas para ponerle el sello e informarles de los siguientes pasos. Se les regresar\u00e1 en diciembre de 2022 ya liberado, explic\u00f3 la funcionaria.<\/p>\n<p>&nbsp;<\/p>\n<p>En caso de cualquier duda o aclaraci\u00f3n, los interesados pueden acudir a Nicol\u00e1s Bravo n\u00famero 48, de la colonia Centenario, con un horario de atenci\u00f3n de 8:30 a 14:30 horas, de lunes a viernes, o bien comunicarse a los n\u00fameros telef\u00f3nicos 2138351 y 2138352, extensi\u00f3n 106, finaliz\u00f3.<\/p>\n<p>Fecha de publicaci\u00f3n jueves\/ 25 \/ noviembre\/ 2021\/ CS No.1392021<\/p>\n","protected":false},"excerpt":{"rendered":"<p>HERMOSILLO, SONORA,MX.\u2500\u2500 Este domingo 28 de noviembre tendr\u00e1 lugar en la plaza Alonso Vidal el&#8230;<\/p>\n","protected":false},"author":1,"featured_media":128391,"comment_status":"open","ping_status":"open","sticky":false,"template":"","format":"standard","meta":{"_monsterinsights_skip_tracking":false,"_monsterinsights_sitenote_active":false,"_monsterinsights_sitenote_note":"","_monsterinsights_sitenote_category":0,"footnotes":""},"categories":[4],"tags":[4251],"class_list":["post"],"yoast_head":" \n<title>Sonora en Equipo. J\u00f3venes hermosillenses tendr\u00e1n este domingo sorteo del servicio militar Municipios<\/title>\n<meta name=\"description\" content=\"HERMOSILLO, SONORA,MX.\u2500\u2500 Este domingo 28 de noviembre tendr\u00e1 lugar en la plaza Alonso Vidal el Sorteo del Servicio Militar, inform\u00f3 Silvia Aganza En Sonora en Equipo publicamos toda la informaci\u00f3n de Sonora, M\u00e9xico y el Mundo de manera oportuna y busca que la libertad de expresi\u00f3n sea real. Visita nuestro medio informativo publicado desde Hermosillo, Sonora. %\" \/>\n<meta name=\"robots\" content=\"index, follow, max-snippet:-1, max-image-preview:large, max-video-preview:-1\" \/>\n<link rel=\"canonical\" href=\"https:\/\/www.sonoraenequipo.com.mx\/jovenes-hermosillenses-tendran-este-domingo-sorteo-del-servicio-militar\/\" \/>\n<meta property=\"og:locale\" content=\"es_ES\" \/>\n<meta property=\"og:type\" content=\"article\" \/>\n<meta property=\"og:title\" content=\"Sonora en Equipo. J\u00f3venes hermosillenses tendr\u00e1n este domingo sorteo del servicio militar Municipios\" \/>\n<meta property=\"og:description\" content=\"HERMOSILLO, SONORA,MX.\u2500\u2500 Este domingo 28 de noviembre tendr\u00e1 lugar en la plaza Alonso Vidal el Sorteo del Servicio Militar, inform\u00f3 Silvia Aganza En Sonora en Equipo publicamos toda la informaci\u00f3n de Sonora, M\u00e9xico y el Mundo de manera oportuna y busca que la libertad de expresi\u00f3n sea real. Visita nuestro medio informativo publicado desde Hermosillo, Sonora. %\" \/>\n<meta property=\"og:url\" content=\"https:\/\/www.sonoraenequipo.com.mx\/jovenes-hermosillenses-tendran-este-domingo-sorteo-del-servicio-militar\/\" \/>\n<meta property=\"og:site_name\" content=\"Sonora en Equipo.\" \/>\n<meta property=\"article:publisher\" content=\"https:\/\/www.facebook.com\/SonoraEE\/\" \/>\n<meta property=\"article:author\" content=\"https:\/\/www.facebook.com\/SonoraEE\" \/>\n<meta property=\"article:published_time\" content=\"2021-11-27T02:30:08+00:00\" \/>\n<meta property=\"article:modified_time\" content=\"2021-11-27T15:40:36+00:00\" \/>\n<meta property=\"og:image\" content=\"https:\/\/www.sonoraenequipo.com.mx\/storage\/2021\/11\/cartilla2.jpg\" \/>\n\t<meta property=\"og:image:width\" content=\"700\" \/>\n\t<meta property=\"og:image:height\" content=\"400\" \/>\n\t<meta property=\"og:image:type\" content=\"image\/jpeg\" \/>\n<meta name=\"author\" content=\"enequipo\" \/>\n<meta name=\"twitter:card\" content=\"summary_large_image\" \/>\n<meta name=\"twitter:creator\" content=\"@sonoraenequipo\" \/>\n<meta name=\"twitter:site\" content=\"@sonoraenequipo\" \/>\n<meta name=\"twitter:label1\" content=\"Escrito por\" \/>\n\t<meta name=\"twitter:data1\" content=\"enequipo\" \/>\n\t<meta name=\"twitter:label2\" content=\"Tiempo de lectura\" \/>\n\t<meta name=\"twitter:data2\" content=\"2 minutos\" \/>\n<script type=\"application\/ld+json\" class=\"yoast-schema-graph\">{\"@context\":\"https:\/\/schema.org\",\"@graph\":[{\"@type\":\"Article\",\"@id\":\"https:\/\/www.sonoraenequipo.com.mx\/jovenes-hermosillenses-tendran-este-domingo-sorteo-del-servicio-militar\/#article\",\"isPartOf\":{\"@id\":\"https:\/\/www.sonoraenequipo.com.mx\/jovenes-hermosillenses-tendran-este-domingo-sorteo-del-servicio-militar\/\"},\"author\":{\"name\":\"enequipo\",\"@id\":\"https:\/\/www.sonoraenequipo.com.mx\/#\/schema\/person\/50102df0fb23a8fa9e8effad8fa81386\"},\"headline\":\"J\u00f3venes hermosillenses tendr\u00e1n este domingo sorteo del servicio militar\",\"datePublished\":\"2021-11-27T02:30:08+00:00\",\"dateModified\":\"2021-11-27T15:40:36+00:00\",\"mainEntityOfPage\":{\"@id\":\"https:\/\/www.sonoraenequipo.com.mx\/jovenes-hermosillenses-tendran-este-domingo-sorteo-del-servicio-militar\/\"},\"wordCount\":280,\"commentCount\":0,\"publisher\":{\"@id\":\"https:\/\/www.sonoraenequipo.com.mx\/#organization\"},\"image\":{\"@id\":\"https:\/\/www.sonoraenequipo.com.mx\/jovenes-hermosillenses-tendran-este-domingo-sorteo-del-servicio-militar\/#primaryimage\"},\"thumbnailUrl\":\"https:\/\/www.sonoraenequipo.com.mx\/storage\/2021\/11\/cartilla2.jpg\",\"keywords\":[\"Cartilla\"],\"articleSection\":[\"Municipios\"],\"inLanguage\":\"es\",\"potentialAction\":[{\"@type\":\"CommentAction\",\"name\":\"Comment\",\"target\":[\"https:\/\/www.sonoraenequipo.com.mx\/jovenes-hermosillenses-tendran-este-domingo-sorteo-del-servicio-militar\/#respond\"]}]},{\"@type\":\"WebPage\",\"@id\":\"https:\/\/www.sonoraenequipo.com.mx\/jovenes-hermosillenses-tendran-este-domingo-sorteo-del-servicio-militar\/\",\"url\":\"https:\/\/www.sonoraenequipo.com.mx\/jovenes-hermosillenses-tendran-este-domingo-sorteo-del-servicio-militar\/\",\"name\":\"Sonora en Equipo. J\u00f3venes hermosillenses tendr\u00e1n este domingo sorteo del servicio militar Municipios\",\"isPartOf\":{\"@id\":\"https:\/\/www.sonoraenequipo.com.mx\/#website\"},\"primaryImageOfPage\":{\"@id\":\"https:\/\/www.sonoraenequipo.com.mx\/jovenes-hermosillenses-tendran-este-domingo-sorteo-del-servicio-militar\/#primaryimage\"},\"image\":{\"@id\":\"https:\/\/www.sonoraenequipo.com.mx\/jovenes-hermosillenses-tendran-este-domingo-sorteo-del-servicio-militar\/#primaryimage\"},\"thumbnailUrl\":\"https:\/\/www.sonoraenequipo.com.mx\/storage\/2021\/11\/cartilla2.jpg\",\"datePublished\":\"2021-11-27T02:30:08+00:00\",\"dateModified\":\"2021-11-27T15:40:36+00:00\",\"description\":\"HERMOSILLO, SONORA,MX.\u2500\u2500 Este domingo 28 de noviembre tendr\u00e1 lugar en la plaza Alonso Vidal el Sorteo del Servicio Militar, inform\u00f3 Silvia Aganza En Sonora en Equipo publicamos toda la informaci\u00f3n de Sonora, M\u00e9xico y el Mundo de manera oportuna y busca que la libertad de expresi\u00f3n sea real. Visita nuestro medio informativo publicado desde Hermosillo, Sonora. %\",\"breadcrumb\":{\"@id\":\"https:\/\/www.sonoraenequipo.com.mx\/jovenes-hermosillenses-tendran-este-domingo-sorteo-del-servicio-militar\/#breadcrumb\"},\"inLanguage\":\"es\",\"potentialAction\":[{\"@type\":\"ReadAction\",\"target\":[\"https:\/\/www.sonoraenequipo.com.mx\/jovenes-hermosillenses-tendran-este-domingo-sorteo-del-servicio-militar\/\"]}]},{\"@type\":\"ImageObject\",\"inLanguage\":\"es\",\"@id\":\"https:\/\/www.sonoraenequipo.com.mx\/jovenes-hermosillenses-tendran-este-domingo-sorteo-del-servicio-militar\/#primaryimage\",\"url\":\"https:\/\/www.sonoraenequipo.com.mx\/storage\/2021\/11\/cartilla2.jpg\",\"contentUrl\":\"https:\/\/www.sonoraenequipo.com.mx\/storage\/2021\/11\/cartilla2.jpg\",\"width\":700,\"height\":400},{\"@type\":\"BreadcrumbList\",\"@id\":\"https:\/\/www.sonoraenequipo.com.mx\/jovenes-hermosillenses-tendran-este-domingo-sorteo-del-servicio-militar\/#breadcrumb\",\"itemListElement\":[{\"@type\":\"ListItem\",\"position\":1,\"name\":\"Portada\",\"item\":\"https:\/\/www.sonoraenequipo.com.mx\/\"},{\"@type\":\"ListItem\",\"position\":2,\"name\":\"J\u00f3venes hermosillenses tendr\u00e1n este domingo sorteo del servicio militar\"}]},{\"@type\":\"WebSite\",\"@id\":\"https:\/\/www.sonoraenequipo.com.mx\/#website\",\"url\":\"https:\/\/www.sonoraenequipo.com.mx\/\",\"name\":\"Sonora en Equipo.\",\"description\":\"Diario en l\u00ednea con Noticias desde Hermosillo, Sonora\",\"publisher\":{\"@id\":\"https:\/\/www.sonoraenequipo.com.mx\/#organization\"},\"potentialAction\":[{\"@type\":\"SearchAction\",\"target\":{\"@type\":\"EntryPoint\",\"urlTemplate\":\"https:\/\/www.sonoraenequipo.com.mx\/?s={search_term_string}\"},\"query-input\":{\"@type\":\"PropertyValueSpecification\",\"valueRequired\":true,\"valueName\":\"search_term_string\"}}],\"inLanguage\":\"es\"},{\"@type\":\"Organization\",\"@id\":\"https:\/\/www.sonoraenequipo.com.mx\/#organization\",\"name\":\"Sonoraenequipo.com.mx\",\"url\":\"https:\/\/www.sonoraenequipo.com.mx\/\",\"logo\":{\"@type\":\"ImageObject\",\"inLanguage\":\"es\",\"@id\":\"https:\/\/www.sonoraenequipo.com.mx\/#\/schema\/logo\/image\/\",\"url\":\"https:\/\/www.sonoraenequipo.com.mx\/storage\/2019\/01\/sonoraenequipo_opt.png\",\"contentUrl\":\"https:\/\/www.sonoraenequipo.com.mx\/storage\/2019\/01\/sonoraenequipo_opt.png\",\"width\":375,\"height\":125,\"caption\":\"Sonoraenequipo.com.mx\"},\"image\":{\"@id\":\"https:\/\/www.sonoraenequipo.com.mx\/#\/schema\/logo\/image\/\"},\"sameAs\":[\"https:\/\/www.facebook.com\/SonoraEE\/\",\"https:\/\/x.com\/sonoraenequipo\",\"https:\/\/www.youtube.com\/channel\/UC338nW-lPEYmJQs4ZABQ1SQ\"]},{\"@type\":\"Person\",\"@id\":\"https:\/\/www.sonoraenequipo.com.mx\/#\/schema\/person\/50102df0fb23a8fa9e8effad8fa81386\",\"name\":\"enequipo\",\"image\":{\"@type\":\"ImageObject\",\"inLanguage\":\"es\",\"@id\":\"https:\/\/www.sonoraenequipo.com.mx\/#\/schema\/person\/image\/\",\"url\":\"https:\/\/secure.gravatar.com\/avatar\/049821681b589dabc0bc20695993ccebb09f5b5d4d790cd9251b97faac7c652b?s=96&d=blank&r=g\",\"contentUrl\":\"https:\/\/secure.gravatar.com\/avatar\/049821681b589dabc0bc20695993ccebb09f5b5d4d790cd9251b97faac7c652b?s=96&d=blank&r=g\",\"caption\":\"enequipo\"},\"sameAs\":[\"https:\/\/www.facebook.com\/SonoraEE\"]}]}<\/script>\n ","yoast_head_json":{"title":"Sonora en Equipo. J\u00f3venes hermosillenses tendr\u00e1n este domingo sorteo del servicio militar Municipios","description":"HERMOSILLO, SONORA,MX.\u2500\u2500 Este domingo 28 de noviembre tendr\u00e1 lugar en la plaza Alonso Vidal el Sorteo del Servicio Militar, inform\u00f3 Silvia Aganza En Sonora en Equipo publicamos toda la informaci\u00f3n de Sonora, M\u00e9xico y el Mundo de manera oportuna y busca que la libertad de expresi\u00f3n sea real. Visita nuestro medio informativo publicado desde Hermosillo, Sonora. %","robots":{"index":"index","follow":"follow","max-snippet":"max-snippet:-1","max-image-preview":"max-image-preview:large","max-video-preview":"max-video-preview:-1"},"canonical":"https:\/\/www.sonoraenequipo.com.mx\/jovenes-hermosillenses-tendran-este-domingo-sorteo-del-servicio-militar\/","og_locale":"es_ES","og_type":"article","og_title":"Sonora en Equipo. J\u00f3venes hermosillenses tendr\u00e1n este domingo sorteo del servicio militar Municipios","og_description":"HERMOSILLO, SONORA,MX.\u2500\u2500 Este domingo 28 de noviembre tendr\u00e1 lugar en la plaza Alonso Vidal el Sorteo del Servicio Militar, inform\u00f3 Silvia Aganza En Sonora en Equipo publicamos toda la informaci\u00f3n de Sonora, M\u00e9xico y el Mundo de manera oportuna y busca que la libertad de expresi\u00f3n sea real. Visita nuestro medio informativo publicado desde Hermosillo, Sonora. %","og_url":"https:\/\/www.sonoraenequipo.com.mx\/jovenes-hermosillenses-tendran-este-domingo-sorteo-del-servicio-militar\/","og_site_name":"Sonora en Equipo.","article_publisher":"https:\/\/www.facebook.com\/SonoraEE\/","article_author":"https:\/\/www.facebook.com\/SonoraEE","article_published_time":"2021-11-27T02:30:08+00:00","article_modified_time":"2021-11-27T15:40:36+00:00","og_image":[{"width":700,"height":400,"url":"https:\/\/www.sonoraenequipo.com.mx\/storage\/2021\/11\/cartilla2.jpg","type":"image\/jpeg"}],"author":"enequipo","twitter_card":"summary_large_image","twitter_creator":"@sonoraenequipo","twitter_site":"@sonoraenequipo","twitter_misc":{"Escrito por":"enequipo","Tiempo de lectura":"2 minutos"},"schema":{"@context":"https:\/\/schema.org","@graph":[{"@type":"Article","@id":"https:\/\/www.sonoraenequipo.com.mx\/jovenes-hermosillenses-tendran-este-domingo-sorteo-del-servicio-militar\/#article","isPartOf":{"@id":"https:\/\/www.sonoraenequipo.com.mx\/jovenes-hermosillenses-tendran-este-domingo-sorteo-del-servicio-militar\/"},"author":{"name":"enequipo","@id":"https:\/\/www.sonoraenequipo.com.mx\/#\/schema\/person\/50102df0fb23a8fa9e8effad8fa81386"},"headline":"J\u00f3venes hermosillenses tendr\u00e1n este domingo sorteo del servicio militar","datePublished":"2021-11-27T02:30:08+00:00","dateModified":"2021-11-27T15:40:36+00:00","mainEntityOfPage":{"@id":"https:\/\/www.sonoraenequipo.com.mx\/jovenes-hermosillenses-tendran-este-domingo-sorteo-del-servicio-militar\/"},"wordCount":280,"commentCount":0,"publisher":{"@id":"https:\/\/www.sonoraenequipo.com.mx\/#organization"},"image":{"@id":"https:\/\/www.sonoraenequipo.com.mx\/jovenes-hermosillenses-tendran-este-domingo-sorteo-del-servicio-militar\/#primaryimage"},"thumbnailUrl":"https:\/\/www.sonoraenequipo.com.mx\/storage\/2021\/11\/cartilla2.jpg","keywords":["Cartilla"],"articleSection":["Municipios"],"inLanguage":"es","potentialAction":[{"@type":"CommentAction","name":"Comment","target":["https:\/\/www.sonoraenequipo.com.mx\/jovenes-hermosillenses-tendran-este-domingo-sorteo-del-servicio-militar\/#respond"]}]},{"@type":"WebPage","@id":"https:\/\/www.sonoraenequipo.com.mx\/jovenes-hermosillenses-tendran-este-domingo-sorteo-del-servicio-militar\/","url":"https:\/\/www.sonoraenequipo.com.mx\/jovenes-hermosillenses-tendran-este-domingo-sorteo-del-servicio-militar\/","name":"Sonora en Equipo. J\u00f3venes hermosillenses tendr\u00e1n este domingo sorteo del servicio militar Municipios","isPartOf":{"@id":"https:\/\/www.sonoraenequipo.com.mx\/#website"},"primaryImageOfPage":{"@id":"https:\/\/www.sonoraenequipo.com.mx\/jovenes-hermosillenses-tendran-este-domingo-sorteo-del-servicio-militar\/#primaryimage"},"image":{"@id":"https:\/\/www.sonoraenequipo.com.mx\/jovenes-hermosillenses-tendran-este-domingo-sorteo-del-servicio-militar\/#primaryimage"},"thumbnailUrl":"https:\/\/www.sonoraenequipo.com.mx\/storage\/2021\/11\/cartilla2.jpg","datePublished":"2021-11-27T02:30:08+00:00","dateModified":"2021-11-27T15:40:36+00:00","description":"HERMOSILLO, SONORA,MX.\u2500\u2500 Este domingo 28 de noviembre tendr\u00e1 lugar en la plaza Alonso Vidal el Sorteo del Servicio Militar, inform\u00f3 Silvia Aganza En Sonora en Equipo publicamos toda la informaci\u00f3n de Sonora, M\u00e9xico y el Mundo de manera oportuna y busca que la libertad de expresi\u00f3n sea real. Visita nuestro medio informativo publicado desde Hermosillo, Sonora. %","breadcrumb":{"@id":"https:\/\/www.sonoraenequipo.com.mx\/jovenes-hermosillenses-tendran-este-domingo-sorteo-del-servicio-militar\/#breadcrumb"},"inLanguage":"es","potentialAction":[{"@type":"ReadAction","target":["https:\/\/www.sonoraenequipo.com.mx\/jovenes-hermosillenses-tendran-este-domingo-sorteo-del-servicio-militar\/"]}]},{"@type":"ImageObject","inLanguage":"es","@id":"https:\/\/www.sonoraenequipo.com.mx\/jovenes-hermosillenses-tendran-este-domingo-sorteo-del-servicio-militar\/#primaryimage","url":"https:\/\/www.sonoraenequipo.com.mx\/storage\/2021\/11\/cartilla2.jpg","contentUrl":"https:\/\/www.sonoraenequipo.com.mx\/storage\/2021\/11\/cartilla2.jpg","width":700,"height":400},{"@type":"BreadcrumbList","@id":"https:\/\/www.sonoraenequipo.com.mx\/jovenes-hermosillenses-tendran-este-domingo-sorteo-del-servicio-militar\/#breadcrumb","itemListElement":[{"@type":"ListItem","position":1,"name":"Portada","item":"https:\/\/www.sonoraenequipo.com.mx\/"},{"@type":"ListItem","position":2,"name":"J\u00f3venes hermosillenses tendr\u00e1n este domingo sorteo del servicio militar"}]},{"@type":"WebSite","@id":"https:\/\/www.sonoraenequipo.com.mx\/#website","url":"https:\/\/www.sonoraenequipo.com.mx\/","name":"Sonora en Equipo.","description":"Diario en l\u00ednea con Noticias desde Hermosillo, Sonora","publisher":{"@id":"https:\/\/www.sonoraenequipo.com.mx\/#organization"},"potentialAction":[{"@type":"SearchAction","target":{"@type":"EntryPoint","urlTemplate":"https:\/\/www.sonoraenequipo.com.mx\/?s={search_term_string}"},"query-input":{"@type":"PropertyValueSpecification","valueRequired":true,"valueName":"search_term_string"}}],"inLanguage":"es"},{"@type":"Organization","@id":"https:\/\/www.sonoraenequipo.com.mx\/#organization","name":"Sonoraenequipo.com.mx","url":"https:\/\/www.sonoraenequipo.com.mx\/","logo":{"@type":"ImageObject","inLanguage":"es","@id":"https:\/\/www.sonoraenequipo.com.mx\/#\/schema\/logo\/image\/","url":"https:\/\/www.sonoraenequipo.com.mx\/storage\/2019\/01\/sonoraenequipo_opt.png","contentUrl":"https:\/\/www.sonoraenequipo.com.mx\/storage\/2019\/01\/sonoraenequipo_opt.png","width":375,"height":125,"caption":"Sonoraenequipo.com.mx"},"image":{"@id":"https:\/\/www.sonoraenequipo.com.mx\/#\/schema\/logo\/image\/"},"sameAs":["https:\/\/www.facebook.com\/SonoraEE\/","https:\/\/x.com\/sonoraenequipo","https:\/\/www.youtube.com\/channel\/UC338nW-lPEYmJQs4ZABQ1SQ"]},{"@type":"Person","@id":"https:\/\/www.sonoraenequipo.com.mx\/#\/schema\/person\/50102df0fb23a8fa9e8effad8fa81386","name":"enequipo","image":{"@type":"ImageObject","inLanguage":"es","@id":"https:\/\/www.sonoraenequipo.com.mx\/#\/schema\/person\/image\/","url":"https:\/\/secure.gravatar.com\/avatar\/049821681b589dabc0bc20695993ccebb09f5b5d4d790cd9251b97faac7c652b?s=96&d=blank&r=g","contentUrl":"https:\/\/secure.gravatar.com\/avatar\/049821681b589dabc0bc20695993ccebb09f5b5d4d790cd9251b97faac7c652b?s=96&d=blank&r=g","caption":"enequipo"},"sameAs":["https:\/\/www.facebook.com\/SonoraEE"]}]}},"jetpack_featured_media_url":"https:\/\/www.sonoraenequipo.com.mx\/storage\/2021\/11\/cartilla2.jpg","_links":{"self":[{"href":"https:\/\/www.sonoraenequipo.com.mx\/api\/wp\/v2\/posts\/128390","targetHints":{"allow":["GET"]}}],"collection":[{"href":"https:\/\/www.sonoraenequipo.com.mx\/api\/wp\/v2\/posts"}],"about":[{"href":"https:\/\/www.sonoraenequipo.com.mx\/api\/wp\/v2\/types\/post"}],"author":[{"embeddable":true,"href":"https:\/\/www.sonoraenequipo.com.mx\/api\/wp\/v2\/users\/1"}],"replies":[{"embeddable":true,"href":"https:\/\/www.sonoraenequipo.com.mx\/api\/wp\/v2\/comments?post=128390"}],"version-history":[{"count":1,"href":"https:\/\/www.sonoraenequipo.com.mx\/api\/wp\/v2\/posts\/128390\/revisions"}],"predecessor-version":[{"id":128392,"href":"https:\/\/www.sonoraenequipo.com.mx\/api\/wp\/v2\/posts\/128390\/revisions\/128392"}],"wp:featuredmedia":[{"embeddable":true,"href":"https:\/\/www.sonoraenequipo.com.mx\/api\/wp\/v2\/media\/128391"}],"wp:attachment":[{"href":"https:\/\/www.sonoraenequipo.com.mx\/api\/wp\/v2\/media?parent=128390"}],"wp:term":[{"taxonomy":"category","embeddable":true,"href":"https:\/\/www.sonoraenequipo.com.mx\/api\/wp\/v2\/categories?post=128390"},{"taxonomy":"post_tag","embeddable":true,"href":"https:\/\/www.sonoraenequipo.com.mx\/api\/wp\/v2\/tags?post=128390"}],"curies":[{"name":"wp","href":"https:\/\/api.w.org\/{rel}","templated":true}]}}