{"id":128393,"date":"2021-11-26T18:51:55","date_gmt":"2021-11-27T01:51:55","guid":{"rendered":"https:\/\/www.sonoraenequipo.com.mx\/?p=128393"},"modified":"2021-11-26T18:51:55","modified_gmt":"2021-11-27T01:51:55","slug":"investiga-fgje-ataque-armado-en-guaymas","status":"publish","type":"post","link":"https:\/\/www.sonoraenequipo.com.mx\/investiga-fgje-ataque-armado-en-guaymas\/","title":{"rendered":"Investiga FGJE ataque armado en Guaymas"},"content":{"rendered":"<p>GUAYMAS, SONORA,Un equipo integrado por personal de la Fiscal\u00eda General de Justicia del Estado de Sonora (FGJE) investiga varias l\u00edneas por el ataque armado registrado frente a Palacio Municipal, que dej\u00f3 tres personas sin vida y una lesionada.<\/p>\n<p>&nbsp;<\/p>\n<p>Dentro de las posibles l\u00edneas de investigaci\u00f3n se considera la probabilidad de que el ataque estuviera dirigido al Comisario Municipal, Andr\u00e9s Humberto Cano Ahuir, en funci\u00f3n de los antecedentes de amenazas y se\u00f1alamientos en lugares p\u00fablicos y videos.<\/p>\n<p>&nbsp;<\/p>\n<p>Agentes del Ministerio P\u00fablico, elementos de la Agencia Ministerial de Investigaci\u00f3n Criminal (AMIC) y personal de Servicios Periciales, que forman la Trilog\u00eda Investigadora, realizan las indagatorias desde que se tuvo conocimiento de los hechos.<\/p>\n<p>&nbsp;<\/p>\n<p>Adem\u00e1s, con oficiales de la Polic\u00eda Municipal, de la Polic\u00eda Estatal de Seguridad P\u00fablica (PESP), Guardia Nacional, Secretar\u00eda de Marina (SEMAR) y de la Secretar\u00eda de la Defensa Nacional (SEDENA) mantienen operativos de b\u00fasqueda de los responsables.<\/p>\n<p>&nbsp;<\/p>\n<p>Personal de la Fiscal\u00eda de Sonora tuvo conocimiento del ataque a las 18:40 horas de este jueves 25 de noviembre, registrado frente a Palacio Municipal, ubicado en Calle 23, entre Serd\u00e1n y Abelardo L. Rodr\u00edguez, en la colonia Centro.<\/p>\n<p>&nbsp;<\/p>\n<p>Al acudir en atenci\u00f3n al C\u00f3digo Rojo, en las inmediaciones localizaron los cuerpos sin vida de Lucero Marisol, de 18 a\u00f1os, integrante de un colectivo feminista, y Antelmo Eduardo, de 40, escolta asignado a la Presidencia Municipal de Guaymas.<\/p>\n<p>&nbsp;<\/p>\n<p>Result\u00f3 lesionado No\u00e9 Alberto, quien se desempe\u00f1a como Subdirector de Comunicaci\u00f3n Social del Ayuntamiento de Guaymas, quien fue trasladado a recibir atenci\u00f3n m\u00e9dica al Hospital General.<\/p>\n<p>&nbsp;<\/p>\n<p>Adem\u00e1s, un masculino no identificado, de aproximadamente 50 a\u00f1os, a quien se le encontr\u00f3 un arma de fuego calibre 9 mil\u00edmetros, 24 cartuchos \u00fatiles en la bolsa del pantal\u00f3n y una bolsa conteniendo narc\u00f3tico con las caracter\u00edsticas de la marihuana.<\/p>\n<p>&nbsp;<\/p>\n<p>Personal de Servicios Periciales de la Fiscal\u00eda de Sonora recolect\u00f3 diversos indicios en la zona, entre ellos un veh\u00edculo Nissan Titan, negro con gris, modelo 2005, sin placas de circulaci\u00f3n, donde se localizaron dos armas largas, cargadores y explosivos.<\/p>\n<p>&nbsp;<\/p>\n<p>Las armas, de uso exclusivo del Ej\u00e9rcito, son calibre .223 y .308, hab\u00eda tres cargadores abastecidos calibre .308 y otros tres cargadores calibre .223, as\u00ed como dos mochilas y ropa varia.<\/p>\n<p>&nbsp;<\/p>\n<p>El equipo especial investigador de la FGJE Sonora es coordinado por la Fiscal General en el Estado, Claudia Indira Contreras C\u00f3rdova, junto con el Comisario General de la AMIC, Manuel \u00c1ngel Barrios Macario.<\/p>\n<p>Fecha de publicaci\u00f3n jueves\/ 25 \/ noviembre\/ 2021<\/p>\n","protected":false},"excerpt":{"rendered":"<p>GUAYMAS, SONORA,Un equipo integrado por personal de la Fiscal\u00eda General de Justicia del Estado de&#8230;<\/p>\n","protected":false},"author":1,"featured_media":128265,"comment_status":"open","ping_status":"open","sticky":false,"template":"","format":"standard","meta":{"_monsterinsights_skip_tracking":false,"_monsterinsights_sitenote_active":false,"_monsterinsights_sitenote_note":"","_monsterinsights_sitenote_category":0,"footnotes":""},"categories":[3144],"tags":[6444,621],"class_list":["post"],"yoast_head":" \n<title>Sonora en Equipo. Investiga FGJE ataque armado en Guaymas Polic\u00edaca<\/title>\n<meta name=\"description\" content=\"GUAYMAS, SONORA,Un equipo integrado por personal de la Fiscal\u00eda General de Justicia del Estado de Sonora (FGJE) investiga varias l\u00edneas por el ataque En Sonora en Equipo publicamos toda la informaci\u00f3n de Sonora, M\u00e9xico y el Mundo de manera oportuna y busca que la libertad de expresi\u00f3n sea real. Visita nuestro medio informativo publicado desde Hermosillo, Sonora. %\" \/>\n<meta name=\"robots\" content=\"index, follow, max-snippet:-1, max-image-preview:large, max-video-preview:-1\" \/>\n<link rel=\"canonical\" href=\"https:\/\/www.sonoraenequipo.com.mx\/investiga-fgje-ataque-armado-en-guaymas\/\" \/>\n<meta property=\"og:locale\" content=\"es_ES\" \/>\n<meta property=\"og:type\" content=\"article\" \/>\n<meta property=\"og:title\" content=\"Sonora en Equipo. Investiga FGJE ataque armado en Guaymas Polic\u00edaca\" \/>\n<meta property=\"og:description\" content=\"GUAYMAS, SONORA,Un equipo integrado por personal de la Fiscal\u00eda General de Justicia del Estado de Sonora (FGJE) investiga varias l\u00edneas por el ataque En Sonora en Equipo publicamos toda la informaci\u00f3n de Sonora, M\u00e9xico y el Mundo de manera oportuna y busca que la libertad de expresi\u00f3n sea real. Visita nuestro medio informativo publicado desde Hermosillo, Sonora. %\" \/>\n<meta property=\"og:url\" content=\"https:\/\/www.sonoraenequipo.com.mx\/investiga-fgje-ataque-armado-en-guaymas\/\" \/>\n<meta property=\"og:site_name\" content=\"Sonora en Equipo.\" \/>\n<meta property=\"article:publisher\" content=\"https:\/\/www.facebook.com\/SonoraEE\/\" \/>\n<meta property=\"article:author\" content=\"https:\/\/www.facebook.com\/SonoraEE\" \/>\n<meta property=\"article:published_time\" content=\"2021-11-27T01:51:55+00:00\" \/>\n<meta property=\"og:image\" content=\"https:\/\/www.sonoraenequipo.com.mx\/storage\/2021\/11\/logo-fgje.jpg\" \/>\n\t<meta property=\"og:image:width\" content=\"700\" \/>\n\t<meta property=\"og:image:height\" content=\"400\" \/>\n\t<meta property=\"og:image:type\" content=\"image\/jpeg\" \/>\n<meta name=\"author\" content=\"enequipo\" \/>\n<meta name=\"twitter:card\" content=\"summary_large_image\" \/>\n<meta name=\"twitter:creator\" content=\"@sonoraenequipo\" \/>\n<meta name=\"twitter:site\" content=\"@sonoraenequipo\" \/>\n<meta name=\"twitter:label1\" content=\"Escrito por\" \/>\n\t<meta name=\"twitter:data1\" content=\"enequipo\" \/>\n\t<meta name=\"twitter:label2\" content=\"Tiempo de lectura\" \/>\n\t<meta name=\"twitter:data2\" content=\"2 minutos\" \/>\n<script type=\"application\/ld+json\" class=\"yoast-schema-graph\">{\"@context\":\"https:\/\/schema.org\",\"@graph\":[{\"@type\":\"Article\",\"@id\":\"https:\/\/www.sonoraenequipo.com.mx\/investiga-fgje-ataque-armado-en-guaymas\/#article\",\"isPartOf\":{\"@id\":\"https:\/\/www.sonoraenequipo.com.mx\/investiga-fgje-ataque-armado-en-guaymas\/\"},\"author\":{\"name\":\"enequipo\",\"@id\":\"https:\/\/www.sonoraenequipo.com.mx\/#\/schema\/person\/50102df0fb23a8fa9e8effad8fa81386\"},\"headline\":\"Investiga FGJE ataque armado en Guaymas\",\"datePublished\":\"2021-11-27T01:51:55+00:00\",\"mainEntityOfPage\":{\"@id\":\"https:\/\/www.sonoraenequipo.com.mx\/investiga-fgje-ataque-armado-en-guaymas\/\"},\"wordCount\":444,\"commentCount\":0,\"publisher\":{\"@id\":\"https:\/\/www.sonoraenequipo.com.mx\/#organization\"},\"image\":{\"@id\":\"https:\/\/www.sonoraenequipo.com.mx\/investiga-fgje-ataque-armado-en-guaymas\/#primaryimage\"},\"thumbnailUrl\":\"https:\/\/www.sonoraenequipo.com.mx\/storage\/2021\/11\/logo-fgje.jpg\",\"keywords\":[\"ataque armado\",\"Guaymas\"],\"articleSection\":[\"Polic\u00edaca\"],\"inLanguage\":\"es\",\"potentialAction\":[{\"@type\":\"CommentAction\",\"name\":\"Comment\",\"target\":[\"https:\/\/www.sonoraenequipo.com.mx\/investiga-fgje-ataque-armado-en-guaymas\/#respond\"]}]},{\"@type\":\"WebPage\",\"@id\":\"https:\/\/www.sonoraenequipo.com.mx\/investiga-fgje-ataque-armado-en-guaymas\/\",\"url\":\"https:\/\/www.sonoraenequipo.com.mx\/investiga-fgje-ataque-armado-en-guaymas\/\",\"name\":\"Sonora en Equipo. Investiga FGJE ataque armado en Guaymas Polic\u00edaca\",\"isPartOf\":{\"@id\":\"https:\/\/www.sonoraenequipo.com.mx\/#website\"},\"primaryImageOfPage\":{\"@id\":\"https:\/\/www.sonoraenequipo.com.mx\/investiga-fgje-ataque-armado-en-guaymas\/#primaryimage\"},\"image\":{\"@id\":\"https:\/\/www.sonoraenequipo.com.mx\/investiga-fgje-ataque-armado-en-guaymas\/#primaryimage\"},\"thumbnailUrl\":\"https:\/\/www.sonoraenequipo.com.mx\/storage\/2021\/11\/logo-fgje.jpg\",\"datePublished\":\"2021-11-27T01:51:55+00:00\",\"description\":\"GUAYMAS, SONORA,Un equipo integrado por personal de la Fiscal\u00eda General de Justicia del Estado de Sonora (FGJE) investiga varias l\u00edneas por el ataque En Sonora en Equipo publicamos toda la informaci\u00f3n de Sonora, M\u00e9xico y el Mundo de manera oportuna y busca que la libertad de expresi\u00f3n sea real. Visita nuestro medio informativo publicado desde Hermosillo, Sonora. %\",\"breadcrumb\":{\"@id\":\"https:\/\/www.sonoraenequipo.com.mx\/investiga-fgje-ataque-armado-en-guaymas\/#breadcrumb\"},\"inLanguage\":\"es\",\"potentialAction\":[{\"@type\":\"ReadAction\",\"target\":[\"https:\/\/www.sonoraenequipo.com.mx\/investiga-fgje-ataque-armado-en-guaymas\/\"]}]},{\"@type\":\"ImageObject\",\"inLanguage\":\"es\",\"@id\":\"https:\/\/www.sonoraenequipo.com.mx\/investiga-fgje-ataque-armado-en-guaymas\/#primaryimage\",\"url\":\"https:\/\/www.sonoraenequipo.com.mx\/storage\/2021\/11\/logo-fgje.jpg\",\"contentUrl\":\"https:\/\/www.sonoraenequipo.com.mx\/storage\/2021\/11\/logo-fgje.jpg\",\"width\":700,\"height\":400},{\"@type\":\"BreadcrumbList\",\"@id\":\"https:\/\/www.sonoraenequipo.com.mx\/investiga-fgje-ataque-armado-en-guaymas\/#breadcrumb\",\"itemListElement\":[{\"@type\":\"ListItem\",\"position\":1,\"name\":\"Portada\",\"item\":\"https:\/\/www.sonoraenequipo.com.mx\/\"},{\"@type\":\"ListItem\",\"position\":2,\"name\":\"Investiga FGJE ataque armado en Guaymas\"}]},{\"@type\":\"WebSite\",\"@id\":\"https:\/\/www.sonoraenequipo.com.mx\/#website\",\"url\":\"https:\/\/www.sonoraenequipo.com.mx\/\",\"name\":\"Sonora en Equipo.\",\"description\":\"Diario en l\u00ednea con Noticias desde Hermosillo, Sonora\",\"publisher\":{\"@id\":\"https:\/\/www.sonoraenequipo.com.mx\/#organization\"},\"potentialAction\":[{\"@type\":\"SearchAction\",\"target\":{\"@type\":\"EntryPoint\",\"urlTemplate\":\"https:\/\/www.sonoraenequipo.com.mx\/?s={search_term_string}\"},\"query-input\":{\"@type\":\"PropertyValueSpecification\",\"valueRequired\":true,\"valueName\":\"search_term_string\"}}],\"inLanguage\":\"es\"},{\"@type\":\"Organization\",\"@id\":\"https:\/\/www.sonoraenequipo.com.mx\/#organization\",\"name\":\"Sonoraenequipo.com.mx\",\"url\":\"https:\/\/www.sonoraenequipo.com.mx\/\",\"logo\":{\"@type\":\"ImageObject\",\"inLanguage\":\"es\",\"@id\":\"https:\/\/www.sonoraenequipo.com.mx\/#\/schema\/logo\/image\/\",\"url\":\"https:\/\/www.sonoraenequipo.com.mx\/storage\/2019\/01\/sonoraenequipo_opt.png\",\"contentUrl\":\"https:\/\/www.sonoraenequipo.com.mx\/storage\/2019\/01\/sonoraenequipo_opt.png\",\"width\":375,\"height\":125,\"caption\":\"Sonoraenequipo.com.mx\"},\"image\":{\"@id\":\"https:\/\/www.sonoraenequipo.com.mx\/#\/schema\/logo\/image\/\"},\"sameAs\":[\"https:\/\/www.facebook.com\/SonoraEE\/\",\"https:\/\/x.com\/sonoraenequipo\",\"https:\/\/www.youtube.com\/channel\/UC338nW-lPEYmJQs4ZABQ1SQ\"]},{\"@type\":\"Person\",\"@id\":\"https:\/\/www.sonoraenequipo.com.mx\/#\/schema\/person\/50102df0fb23a8fa9e8effad8fa81386\",\"name\":\"enequipo\",\"image\":{\"@type\":\"ImageObject\",\"inLanguage\":\"es\",\"@id\":\"https:\/\/www.sonoraenequipo.com.mx\/#\/schema\/person\/image\/\",\"url\":\"https:\/\/secure.gravatar.com\/avatar\/049821681b589dabc0bc20695993ccebb09f5b5d4d790cd9251b97faac7c652b?s=96&d=blank&r=g\",\"contentUrl\":\"https:\/\/secure.gravatar.com\/avatar\/049821681b589dabc0bc20695993ccebb09f5b5d4d790cd9251b97faac7c652b?s=96&d=blank&r=g\",\"caption\":\"enequipo\"},\"sameAs\":[\"https:\/\/www.facebook.com\/SonoraEE\"]}]}<\/script>\n ","yoast_head_json":{"title":"Sonora en Equipo. Investiga FGJE ataque armado en Guaymas Polic\u00edaca","description":"GUAYMAS, SONORA,Un equipo integrado por personal de la Fiscal\u00eda General de Justicia del Estado de Sonora (FGJE) investiga varias l\u00edneas por el ataque En Sonora en Equipo publicamos toda la informaci\u00f3n de Sonora, M\u00e9xico y el Mundo de manera oportuna y busca que la libertad de expresi\u00f3n sea real. Visita nuestro medio informativo publicado desde Hermosillo, Sonora. %","robots":{"index":"index","follow":"follow","max-snippet":"max-snippet:-1","max-image-preview":"max-image-preview:large","max-video-preview":"max-video-preview:-1"},"canonical":"https:\/\/www.sonoraenequipo.com.mx\/investiga-fgje-ataque-armado-en-guaymas\/","og_locale":"es_ES","og_type":"article","og_title":"Sonora en Equipo. Investiga FGJE ataque armado en Guaymas Polic\u00edaca","og_description":"GUAYMAS, SONORA,Un equipo integrado por personal de la Fiscal\u00eda General de Justicia del Estado de Sonora (FGJE) investiga varias l\u00edneas por el ataque En Sonora en Equipo publicamos toda la informaci\u00f3n de Sonora, M\u00e9xico y el Mundo de manera oportuna y busca que la libertad de expresi\u00f3n sea real. Visita nuestro medio informativo publicado desde Hermosillo, Sonora. %","og_url":"https:\/\/www.sonoraenequipo.com.mx\/investiga-fgje-ataque-armado-en-guaymas\/","og_site_name":"Sonora en Equipo.","article_publisher":"https:\/\/www.facebook.com\/SonoraEE\/","article_author":"https:\/\/www.facebook.com\/SonoraEE","article_published_time":"2021-11-27T01:51:55+00:00","og_image":[{"width":700,"height":400,"url":"https:\/\/www.sonoraenequipo.com.mx\/storage\/2021\/11\/logo-fgje.jpg","type":"image\/jpeg"}],"author":"enequipo","twitter_card":"summary_large_image","twitter_creator":"@sonoraenequipo","twitter_site":"@sonoraenequipo","twitter_misc":{"Escrito por":"enequipo","Tiempo de lectura":"2 minutos"},"schema":{"@context":"https:\/\/schema.org","@graph":[{"@type":"Article","@id":"https:\/\/www.sonoraenequipo.com.mx\/investiga-fgje-ataque-armado-en-guaymas\/#article","isPartOf":{"@id":"https:\/\/www.sonoraenequipo.com.mx\/investiga-fgje-ataque-armado-en-guaymas\/"},"author":{"name":"enequipo","@id":"https:\/\/www.sonoraenequipo.com.mx\/#\/schema\/person\/50102df0fb23a8fa9e8effad8fa81386"},"headline":"Investiga FGJE ataque armado en Guaymas","datePublished":"2021-11-27T01:51:55+00:00","mainEntityOfPage":{"@id":"https:\/\/www.sonoraenequipo.com.mx\/investiga-fgje-ataque-armado-en-guaymas\/"},"wordCount":444,"commentCount":0,"publisher":{"@id":"https:\/\/www.sonoraenequipo.com.mx\/#organization"},"image":{"@id":"https:\/\/www.sonoraenequipo.com.mx\/investiga-fgje-ataque-armado-en-guaymas\/#primaryimage"},"thumbnailUrl":"https:\/\/www.sonoraenequipo.com.mx\/storage\/2021\/11\/logo-fgje.jpg","keywords":["ataque armado","Guaymas"],"articleSection":["Polic\u00edaca"],"inLanguage":"es","potentialAction":[{"@type":"CommentAction","name":"Comment","target":["https:\/\/www.sonoraenequipo.com.mx\/investiga-fgje-ataque-armado-en-guaymas\/#respond"]}]},{"@type":"WebPage","@id":"https:\/\/www.sonoraenequipo.com.mx\/investiga-fgje-ataque-armado-en-guaymas\/","url":"https:\/\/www.sonoraenequipo.com.mx\/investiga-fgje-ataque-armado-en-guaymas\/","name":"Sonora en Equipo. Investiga FGJE ataque armado en Guaymas Polic\u00edaca","isPartOf":{"@id":"https:\/\/www.sonoraenequipo.com.mx\/#website"},"primaryImageOfPage":{"@id":"https:\/\/www.sonoraenequipo.com.mx\/investiga-fgje-ataque-armado-en-guaymas\/#primaryimage"},"image":{"@id":"https:\/\/www.sonoraenequipo.com.mx\/investiga-fgje-ataque-armado-en-guaymas\/#primaryimage"},"thumbnailUrl":"https:\/\/www.sonoraenequipo.com.mx\/storage\/2021\/11\/logo-fgje.jpg","datePublished":"2021-11-27T01:51:55+00:00","description":"GUAYMAS, SONORA,Un equipo integrado por personal de la Fiscal\u00eda General de Justicia del Estado de Sonora (FGJE) investiga varias l\u00edneas por el ataque En Sonora en Equipo publicamos toda la informaci\u00f3n de Sonora, M\u00e9xico y el Mundo de manera oportuna y busca que la libertad de expresi\u00f3n sea real. Visita nuestro medio informativo publicado desde Hermosillo, Sonora. %","breadcrumb":{"@id":"https:\/\/www.sonoraenequipo.com.mx\/investiga-fgje-ataque-armado-en-guaymas\/#breadcrumb"},"inLanguage":"es","potentialAction":[{"@type":"ReadAction","target":["https:\/\/www.sonoraenequipo.com.mx\/investiga-fgje-ataque-armado-en-guaymas\/"]}]},{"@type":"ImageObject","inLanguage":"es","@id":"https:\/\/www.sonoraenequipo.com.mx\/investiga-fgje-ataque-armado-en-guaymas\/#primaryimage","url":"https:\/\/www.sonoraenequipo.com.mx\/storage\/2021\/11\/logo-fgje.jpg","contentUrl":"https:\/\/www.sonoraenequipo.com.mx\/storage\/2021\/11\/logo-fgje.jpg","width":700,"height":400},{"@type":"BreadcrumbList","@id":"https:\/\/www.sonoraenequipo.com.mx\/investiga-fgje-ataque-armado-en-guaymas\/#breadcrumb","itemListElement":[{"@type":"ListItem","position":1,"name":"Portada","item":"https:\/\/www.sonoraenequipo.com.mx\/"},{"@type":"ListItem","position":2,"name":"Investiga FGJE ataque armado en Guaymas"}]},{"@type":"WebSite","@id":"https:\/\/www.sonoraenequipo.com.mx\/#website","url":"https:\/\/www.sonoraenequipo.com.mx\/","name":"Sonora en Equipo.","description":"Diario en l\u00ednea con Noticias desde Hermosillo, Sonora","publisher":{"@id":"https:\/\/www.sonoraenequipo.com.mx\/#organization"},"potentialAction":[{"@type":"SearchAction","target":{"@type":"EntryPoint","urlTemplate":"https:\/\/www.sonoraenequipo.com.mx\/?s={search_term_string}"},"query-input":{"@type":"PropertyValueSpecification","valueRequired":true,"valueName":"search_term_string"}}],"inLanguage":"es"},{"@type":"Organization","@id":"https:\/\/www.sonoraenequipo.com.mx\/#organization","name":"Sonoraenequipo.com.mx","url":"https:\/\/www.sonoraenequipo.com.mx\/","logo":{"@type":"ImageObject","inLanguage":"es","@id":"https:\/\/www.sonoraenequipo.com.mx\/#\/schema\/logo\/image\/","url":"https:\/\/www.sonoraenequipo.com.mx\/storage\/2019\/01\/sonoraenequipo_opt.png","contentUrl":"https:\/\/www.sonoraenequipo.com.mx\/storage\/2019\/01\/sonoraenequipo_opt.png","width":375,"height":125,"caption":"Sonoraenequipo.com.mx"},"image":{"@id":"https:\/\/www.sonoraenequipo.com.mx\/#\/schema\/logo\/image\/"},"sameAs":["https:\/\/www.facebook.com\/SonoraEE\/","https:\/\/x.com\/sonoraenequipo","https:\/\/www.youtube.com\/channel\/UC338nW-lPEYmJQs4ZABQ1SQ"]},{"@type":"Person","@id":"https:\/\/www.sonoraenequipo.com.mx\/#\/schema\/person\/50102df0fb23a8fa9e8effad8fa81386","name":"enequipo","image":{"@type":"ImageObject","inLanguage":"es","@id":"https:\/\/www.sonoraenequipo.com.mx\/#\/schema\/person\/image\/","url":"https:\/\/secure.gravatar.com\/avatar\/049821681b589dabc0bc20695993ccebb09f5b5d4d790cd9251b97faac7c652b?s=96&d=blank&r=g","contentUrl":"https:\/\/secure.gravatar.com\/avatar\/049821681b589dabc0bc20695993ccebb09f5b5d4d790cd9251b97faac7c652b?s=96&d=blank&r=g","caption":"enequipo"},"sameAs":["https:\/\/www.facebook.com\/SonoraEE"]}]}},"jetpack_featured_media_url":"https:\/\/www.sonoraenequipo.com.mx\/storage\/2021\/11\/logo-fgje.jpg","_links":{"self":[{"href":"https:\/\/www.sonoraenequipo.com.mx\/api\/wp\/v2\/posts\/128393","targetHints":{"allow":["GET"]}}],"collection":[{"href":"https:\/\/www.sonoraenequipo.com.mx\/api\/wp\/v2\/posts"}],"about":[{"href":"https:\/\/www.sonoraenequipo.com.mx\/api\/wp\/v2\/types\/post"}],"author":[{"embeddable":true,"href":"https:\/\/www.sonoraenequipo.com.mx\/api\/wp\/v2\/users\/1"}],"replies":[{"embeddable":true,"href":"https:\/\/www.sonoraenequipo.com.mx\/api\/wp\/v2\/comments?post=128393"}],"version-history":[{"count":1,"href":"https:\/\/www.sonoraenequipo.com.mx\/api\/wp\/v2\/posts\/128393\/revisions"}],"predecessor-version":[{"id":128394,"href":"https:\/\/www.sonoraenequipo.com.mx\/api\/wp\/v2\/posts\/128393\/revisions\/128394"}],"wp:featuredmedia":[{"embeddable":true,"href":"https:\/\/www.sonoraenequipo.com.mx\/api\/wp\/v2\/media\/128265"}],"wp:attachment":[{"href":"https:\/\/www.sonoraenequipo.com.mx\/api\/wp\/v2\/media?parent=128393"}],"wp:term":[{"taxonomy":"category","embeddable":true,"href":"https:\/\/www.sonoraenequipo.com.mx\/api\/wp\/v2\/categories?post=128393"},{"taxonomy":"post_tag","embeddable":true,"href":"https:\/\/www.sonoraenequipo.com.mx\/api\/wp\/v2\/tags?post=128393"}],"curies":[{"name":"wp","href":"https:\/\/api.w.org\/{rel}","templated":true}]}}