{"id":128396,"date":"2021-11-26T20:03:14","date_gmt":"2021-11-27T03:03:14","guid":{"rendered":"https:\/\/www.sonoraenequipo.com.mx\/?p=128396"},"modified":"2021-11-26T20:03:14","modified_gmt":"2021-11-27T03:03:14","slug":"encienden-alcalde-astiazaran-y-familia-decoracion-navidena","status":"publish","type":"post","link":"https:\/\/www.sonoraenequipo.com.mx\/encienden-alcalde-astiazaran-y-familia-decoracion-navidena\/","title":{"rendered":"Encienden Alcalde Astiazar\u00e1n y familia decoraci\u00f3n navide\u00f1a"},"content":{"rendered":"<p>Encienden Alcalde Astiazar\u00e1n y familia decoraci\u00f3n navide\u00f1a<\/p>\n<p>&nbsp;<\/p>\n<p>&nbsp;<\/p>\n<p>HERMOSILLO, SONORA,MX.\u2500\u2500 En compa\u00f1\u00eda del hu\u00e9sped honorario de la ciudad, Miguel Bernardo Trevi\u00f1o de Hoyos, presidente municipal de San Pedro Garza Garc\u00eda, Nuevo Le\u00f3n, el alcalde Antonio Astiazar\u00e1n y las familias de ambos encendieron el \u00e1rbol gigante y la decoraci\u00f3n navide\u00f1a alrededor del Centro Hist\u00f3rico.<\/p>\n<p>&nbsp;<\/p>\n<p>\u201cQuiero aprovechar para desearles lo mejor en estas fiestas, hay mucho porqu\u00e9 dar gracias. Estamos entusiasmados por la que va a ser una tradici\u00f3n de encender el \u00e1rbol navide\u00f1o con un ingrediente especial, con ni\u00f1as y ni\u00f1as que nos van a dar el ejemplo de lo mucho que se puede hacer con el ejercicio al generar electricidad para el \u00e1rbol\u201d, expres\u00f3.<\/p>\n<p>&nbsp;<\/p>\n<p>Los ni\u00f1os y ni\u00f1as Natalia, Pavel, Gerardo y Emmanuel pedalearon bicicletas para poder, de manera simb\u00f3lica, generar energ\u00eda y encender la decoraci\u00f3n de toda el \u00e1rea.<\/p>\n<p>&nbsp;<\/p>\n<p>De forma paulatina se encender\u00e1n el total de los 657 adornos navide\u00f1os, para terminar el pr\u00f3ximo domingo, en los bulevares\u00a0 Enrique Maz\u00f3n, Rodr\u00edguez Rosales, Kino, Pino Su\u00e1rez, Vild\u00f3sola, Hidalgo, Colosio; y por primera vez en el Morelos y Progreso.<\/p>\n<p>&nbsp;<\/p>\n<p>En esta ocasi\u00f3n se colocaron adornos en las zonas rurales de Bah\u00eda de Kino y poblado Miguel Alem\u00e1n; algunos peque\u00f1os en plazas p\u00fablicas; y otros en las salidas a Guaymas, a Nogales y a Sahuaripa.<\/p>\n<p>&nbsp;<\/p>\n<p>En la plaza Alonso Vidal est\u00e1 una estaci\u00f3n en la que decoraron las palmeras con luz c\u00e1lida y se colocaron tres velas gigantes para que las familias puedan tomarse fotograf\u00edas; en el bulevar Hidalgo hay un t\u00fanel navide\u00f1o con material reutilizado; y en el cerro de la campa\u00f1a una estrella de 6 metros de altura, entre otras estaciones m\u00e1s.<\/p>\n<p>Fecha de publicaci\u00f3n jueves\/ 25 \/ noviembre\/ 2021 \/ CS\/ 1412021<\/p>\n","protected":false},"excerpt":{"rendered":"<p>Encienden Alcalde Astiazar\u00e1n y familia decoraci\u00f3n navide\u00f1a &nbsp; &nbsp; HERMOSILLO, SONORA,MX.\u2500\u2500 En compa\u00f1\u00eda del hu\u00e9sped&#8230;<\/p>\n","protected":false},"author":1,"featured_media":128397,"comment_status":"open","ping_status":"open","sticky":false,"template":"","format":"standard","meta":{"_monsterinsights_skip_tracking":false,"_monsterinsights_sitenote_active":false,"_monsterinsights_sitenote_note":"","_monsterinsights_sitenote_category":0,"footnotes":""},"categories":[4],"tags":[6445],"class_list":["post"],"yoast_head":" \n<title>Sonora en Equipo. Encienden Alcalde Astiazar\u00e1n y familia decoraci\u00f3n navide\u00f1a Municipios<\/title>\n<meta name=\"description\" content=\"Encienden Alcalde Astiazar\u00e1n y familia decoraci\u00f3n navide\u00f1a &nbsp; &nbsp; HERMOSILLO, SONORA,MX.\u2500\u2500 En compa\u00f1\u00eda del hu\u00e9sped honorario de la ciudad, Miguel En Sonora en Equipo publicamos toda la informaci\u00f3n de Sonora, M\u00e9xico y el Mundo de manera oportuna y busca que la libertad de expresi\u00f3n sea real. Visita nuestro medio informativo publicado desde Hermosillo, Sonora. %\" \/>\n<meta name=\"robots\" content=\"index, follow, max-snippet:-1, max-image-preview:large, max-video-preview:-1\" \/>\n<link rel=\"canonical\" href=\"https:\/\/www.sonoraenequipo.com.mx\/encienden-alcalde-astiazaran-y-familia-decoracion-navidena\/\" \/>\n<meta property=\"og:locale\" content=\"es_ES\" \/>\n<meta property=\"og:type\" content=\"article\" \/>\n<meta property=\"og:title\" content=\"Sonora en Equipo. Encienden Alcalde Astiazar\u00e1n y familia decoraci\u00f3n navide\u00f1a Municipios\" \/>\n<meta property=\"og:description\" content=\"Encienden Alcalde Astiazar\u00e1n y familia decoraci\u00f3n navide\u00f1a &nbsp; &nbsp; HERMOSILLO, SONORA,MX.\u2500\u2500 En compa\u00f1\u00eda del hu\u00e9sped honorario de la ciudad, Miguel En Sonora en Equipo publicamos toda la informaci\u00f3n de Sonora, M\u00e9xico y el Mundo de manera oportuna y busca que la libertad de expresi\u00f3n sea real. Visita nuestro medio informativo publicado desde Hermosillo, Sonora. %\" \/>\n<meta property=\"og:url\" content=\"https:\/\/www.sonoraenequipo.com.mx\/encienden-alcalde-astiazaran-y-familia-decoracion-navidena\/\" \/>\n<meta property=\"og:site_name\" content=\"Sonora en Equipo.\" \/>\n<meta property=\"article:publisher\" content=\"https:\/\/www.facebook.com\/SonoraEE\/\" \/>\n<meta property=\"article:author\" content=\"https:\/\/www.facebook.com\/SonoraEE\" \/>\n<meta property=\"article:published_time\" content=\"2021-11-27T03:03:14+00:00\" \/>\n<meta property=\"og:image\" content=\"https:\/\/www.sonoraenequipo.com.mx\/storage\/2021\/11\/tono-arbol.jpg\" \/>\n\t<meta property=\"og:image:width\" content=\"700\" \/>\n\t<meta property=\"og:image:height\" content=\"400\" \/>\n\t<meta property=\"og:image:type\" content=\"image\/jpeg\" \/>\n<meta name=\"author\" content=\"enequipo\" \/>\n<meta name=\"twitter:card\" content=\"summary_large_image\" \/>\n<meta name=\"twitter:creator\" content=\"@sonoraenequipo\" \/>\n<meta name=\"twitter:site\" content=\"@sonoraenequipo\" \/>\n<meta name=\"twitter:label1\" content=\"Escrito por\" \/>\n\t<meta name=\"twitter:data1\" content=\"enequipo\" \/>\n\t<meta name=\"twitter:label2\" content=\"Tiempo de lectura\" \/>\n\t<meta name=\"twitter:data2\" content=\"2 minutos\" \/>\n<script type=\"application\/ld+json\" class=\"yoast-schema-graph\">{\"@context\":\"https:\/\/schema.org\",\"@graph\":[{\"@type\":\"Article\",\"@id\":\"https:\/\/www.sonoraenequipo.com.mx\/encienden-alcalde-astiazaran-y-familia-decoracion-navidena\/#article\",\"isPartOf\":{\"@id\":\"https:\/\/www.sonoraenequipo.com.mx\/encienden-alcalde-astiazaran-y-familia-decoracion-navidena\/\"},\"author\":{\"name\":\"enequipo\",\"@id\":\"https:\/\/www.sonoraenequipo.com.mx\/#\/schema\/person\/50102df0fb23a8fa9e8effad8fa81386\"},\"headline\":\"Encienden Alcalde Astiazar\u00e1n y familia decoraci\u00f3n navide\u00f1a\",\"datePublished\":\"2021-11-27T03:03:14+00:00\",\"mainEntityOfPage\":{\"@id\":\"https:\/\/www.sonoraenequipo.com.mx\/encienden-alcalde-astiazaran-y-familia-decoracion-navidena\/\"},\"wordCount\":335,\"commentCount\":0,\"publisher\":{\"@id\":\"https:\/\/www.sonoraenequipo.com.mx\/#organization\"},\"image\":{\"@id\":\"https:\/\/www.sonoraenequipo.com.mx\/encienden-alcalde-astiazaran-y-familia-decoracion-navidena\/#primaryimage\"},\"thumbnailUrl\":\"https:\/\/www.sonoraenequipo.com.mx\/storage\/2021\/11\/tono-arbol.jpg\",\"keywords\":[\"decoracion navide\u00f1a\"],\"articleSection\":[\"Municipios\"],\"inLanguage\":\"es\",\"potentialAction\":[{\"@type\":\"CommentAction\",\"name\":\"Comment\",\"target\":[\"https:\/\/www.sonoraenequipo.com.mx\/encienden-alcalde-astiazaran-y-familia-decoracion-navidena\/#respond\"]}]},{\"@type\":\"WebPage\",\"@id\":\"https:\/\/www.sonoraenequipo.com.mx\/encienden-alcalde-astiazaran-y-familia-decoracion-navidena\/\",\"url\":\"https:\/\/www.sonoraenequipo.com.mx\/encienden-alcalde-astiazaran-y-familia-decoracion-navidena\/\",\"name\":\"Sonora en Equipo. Encienden Alcalde Astiazar\u00e1n y familia decoraci\u00f3n navide\u00f1a Municipios\",\"isPartOf\":{\"@id\":\"https:\/\/www.sonoraenequipo.com.mx\/#website\"},\"primaryImageOfPage\":{\"@id\":\"https:\/\/www.sonoraenequipo.com.mx\/encienden-alcalde-astiazaran-y-familia-decoracion-navidena\/#primaryimage\"},\"image\":{\"@id\":\"https:\/\/www.sonoraenequipo.com.mx\/encienden-alcalde-astiazaran-y-familia-decoracion-navidena\/#primaryimage\"},\"thumbnailUrl\":\"https:\/\/www.sonoraenequipo.com.mx\/storage\/2021\/11\/tono-arbol.jpg\",\"datePublished\":\"2021-11-27T03:03:14+00:00\",\"description\":\"Encienden Alcalde Astiazar\u00e1n y familia decoraci\u00f3n navide\u00f1a &nbsp; &nbsp; HERMOSILLO, SONORA,MX.\u2500\u2500 En compa\u00f1\u00eda del hu\u00e9sped honorario de la ciudad, Miguel En Sonora en Equipo publicamos toda la informaci\u00f3n de Sonora, M\u00e9xico y el Mundo de manera oportuna y busca que la libertad de expresi\u00f3n sea real. Visita nuestro medio informativo publicado desde Hermosillo, Sonora. %\",\"breadcrumb\":{\"@id\":\"https:\/\/www.sonoraenequipo.com.mx\/encienden-alcalde-astiazaran-y-familia-decoracion-navidena\/#breadcrumb\"},\"inLanguage\":\"es\",\"potentialAction\":[{\"@type\":\"ReadAction\",\"target\":[\"https:\/\/www.sonoraenequipo.com.mx\/encienden-alcalde-astiazaran-y-familia-decoracion-navidena\/\"]}]},{\"@type\":\"ImageObject\",\"inLanguage\":\"es\",\"@id\":\"https:\/\/www.sonoraenequipo.com.mx\/encienden-alcalde-astiazaran-y-familia-decoracion-navidena\/#primaryimage\",\"url\":\"https:\/\/www.sonoraenequipo.com.mx\/storage\/2021\/11\/tono-arbol.jpg\",\"contentUrl\":\"https:\/\/www.sonoraenequipo.com.mx\/storage\/2021\/11\/tono-arbol.jpg\",\"width\":700,\"height\":400},{\"@type\":\"BreadcrumbList\",\"@id\":\"https:\/\/www.sonoraenequipo.com.mx\/encienden-alcalde-astiazaran-y-familia-decoracion-navidena\/#breadcrumb\",\"itemListElement\":[{\"@type\":\"ListItem\",\"position\":1,\"name\":\"Portada\",\"item\":\"https:\/\/www.sonoraenequipo.com.mx\/\"},{\"@type\":\"ListItem\",\"position\":2,\"name\":\"Encienden Alcalde Astiazar\u00e1n y familia decoraci\u00f3n navide\u00f1a\"}]},{\"@type\":\"WebSite\",\"@id\":\"https:\/\/www.sonoraenequipo.com.mx\/#website\",\"url\":\"https:\/\/www.sonoraenequipo.com.mx\/\",\"name\":\"Sonora en Equipo.\",\"description\":\"Diario en l\u00ednea con Noticias desde Hermosillo, Sonora\",\"publisher\":{\"@id\":\"https:\/\/www.sonoraenequipo.com.mx\/#organization\"},\"potentialAction\":[{\"@type\":\"SearchAction\",\"target\":{\"@type\":\"EntryPoint\",\"urlTemplate\":\"https:\/\/www.sonoraenequipo.com.mx\/?s={search_term_string}\"},\"query-input\":{\"@type\":\"PropertyValueSpecification\",\"valueRequired\":true,\"valueName\":\"search_term_string\"}}],\"inLanguage\":\"es\"},{\"@type\":\"Organization\",\"@id\":\"https:\/\/www.sonoraenequipo.com.mx\/#organization\",\"name\":\"Sonoraenequipo.com.mx\",\"url\":\"https:\/\/www.sonoraenequipo.com.mx\/\",\"logo\":{\"@type\":\"ImageObject\",\"inLanguage\":\"es\",\"@id\":\"https:\/\/www.sonoraenequipo.com.mx\/#\/schema\/logo\/image\/\",\"url\":\"https:\/\/www.sonoraenequipo.com.mx\/storage\/2019\/01\/sonoraenequipo_opt.png\",\"contentUrl\":\"https:\/\/www.sonoraenequipo.com.mx\/storage\/2019\/01\/sonoraenequipo_opt.png\",\"width\":375,\"height\":125,\"caption\":\"Sonoraenequipo.com.mx\"},\"image\":{\"@id\":\"https:\/\/www.sonoraenequipo.com.mx\/#\/schema\/logo\/image\/\"},\"sameAs\":[\"https:\/\/www.facebook.com\/SonoraEE\/\",\"https:\/\/x.com\/sonoraenequipo\",\"https:\/\/www.youtube.com\/channel\/UC338nW-lPEYmJQs4ZABQ1SQ\"]},{\"@type\":\"Person\",\"@id\":\"https:\/\/www.sonoraenequipo.com.mx\/#\/schema\/person\/50102df0fb23a8fa9e8effad8fa81386\",\"name\":\"enequipo\",\"image\":{\"@type\":\"ImageObject\",\"inLanguage\":\"es\",\"@id\":\"https:\/\/www.sonoraenequipo.com.mx\/#\/schema\/person\/image\/\",\"url\":\"https:\/\/secure.gravatar.com\/avatar\/049821681b589dabc0bc20695993ccebb09f5b5d4d790cd9251b97faac7c652b?s=96&d=blank&r=g\",\"contentUrl\":\"https:\/\/secure.gravatar.com\/avatar\/049821681b589dabc0bc20695993ccebb09f5b5d4d790cd9251b97faac7c652b?s=96&d=blank&r=g\",\"caption\":\"enequipo\"},\"sameAs\":[\"https:\/\/www.facebook.com\/SonoraEE\"]}]}<\/script>\n ","yoast_head_json":{"title":"Sonora en Equipo. Encienden Alcalde Astiazar\u00e1n y familia decoraci\u00f3n navide\u00f1a Municipios","description":"Encienden Alcalde Astiazar\u00e1n y familia decoraci\u00f3n navide\u00f1a &nbsp; &nbsp; HERMOSILLO, SONORA,MX.\u2500\u2500 En compa\u00f1\u00eda del hu\u00e9sped honorario de la ciudad, Miguel En Sonora en Equipo publicamos toda la informaci\u00f3n de Sonora, M\u00e9xico y el Mundo de manera oportuna y busca que la libertad de expresi\u00f3n sea real. Visita nuestro medio informativo publicado desde Hermosillo, Sonora. %","robots":{"index":"index","follow":"follow","max-snippet":"max-snippet:-1","max-image-preview":"max-image-preview:large","max-video-preview":"max-video-preview:-1"},"canonical":"https:\/\/www.sonoraenequipo.com.mx\/encienden-alcalde-astiazaran-y-familia-decoracion-navidena\/","og_locale":"es_ES","og_type":"article","og_title":"Sonora en Equipo. Encienden Alcalde Astiazar\u00e1n y familia decoraci\u00f3n navide\u00f1a Municipios","og_description":"Encienden Alcalde Astiazar\u00e1n y familia decoraci\u00f3n navide\u00f1a &nbsp; &nbsp; HERMOSILLO, SONORA,MX.\u2500\u2500 En compa\u00f1\u00eda del hu\u00e9sped honorario de la ciudad, Miguel En Sonora en Equipo publicamos toda la informaci\u00f3n de Sonora, M\u00e9xico y el Mundo de manera oportuna y busca que la libertad de expresi\u00f3n sea real. Visita nuestro medio informativo publicado desde Hermosillo, Sonora. %","og_url":"https:\/\/www.sonoraenequipo.com.mx\/encienden-alcalde-astiazaran-y-familia-decoracion-navidena\/","og_site_name":"Sonora en Equipo.","article_publisher":"https:\/\/www.facebook.com\/SonoraEE\/","article_author":"https:\/\/www.facebook.com\/SonoraEE","article_published_time":"2021-11-27T03:03:14+00:00","og_image":[{"width":700,"height":400,"url":"https:\/\/www.sonoraenequipo.com.mx\/storage\/2021\/11\/tono-arbol.jpg","type":"image\/jpeg"}],"author":"enequipo","twitter_card":"summary_large_image","twitter_creator":"@sonoraenequipo","twitter_site":"@sonoraenequipo","twitter_misc":{"Escrito por":"enequipo","Tiempo de lectura":"2 minutos"},"schema":{"@context":"https:\/\/schema.org","@graph":[{"@type":"Article","@id":"https:\/\/www.sonoraenequipo.com.mx\/encienden-alcalde-astiazaran-y-familia-decoracion-navidena\/#article","isPartOf":{"@id":"https:\/\/www.sonoraenequipo.com.mx\/encienden-alcalde-astiazaran-y-familia-decoracion-navidena\/"},"author":{"name":"enequipo","@id":"https:\/\/www.sonoraenequipo.com.mx\/#\/schema\/person\/50102df0fb23a8fa9e8effad8fa81386"},"headline":"Encienden Alcalde Astiazar\u00e1n y familia decoraci\u00f3n navide\u00f1a","datePublished":"2021-11-27T03:03:14+00:00","mainEntityOfPage":{"@id":"https:\/\/www.sonoraenequipo.com.mx\/encienden-alcalde-astiazaran-y-familia-decoracion-navidena\/"},"wordCount":335,"commentCount":0,"publisher":{"@id":"https:\/\/www.sonoraenequipo.com.mx\/#organization"},"image":{"@id":"https:\/\/www.sonoraenequipo.com.mx\/encienden-alcalde-astiazaran-y-familia-decoracion-navidena\/#primaryimage"},"thumbnailUrl":"https:\/\/www.sonoraenequipo.com.mx\/storage\/2021\/11\/tono-arbol.jpg","keywords":["decoracion navide\u00f1a"],"articleSection":["Municipios"],"inLanguage":"es","potentialAction":[{"@type":"CommentAction","name":"Comment","target":["https:\/\/www.sonoraenequipo.com.mx\/encienden-alcalde-astiazaran-y-familia-decoracion-navidena\/#respond"]}]},{"@type":"WebPage","@id":"https:\/\/www.sonoraenequipo.com.mx\/encienden-alcalde-astiazaran-y-familia-decoracion-navidena\/","url":"https:\/\/www.sonoraenequipo.com.mx\/encienden-alcalde-astiazaran-y-familia-decoracion-navidena\/","name":"Sonora en Equipo. Encienden Alcalde Astiazar\u00e1n y familia decoraci\u00f3n navide\u00f1a Municipios","isPartOf":{"@id":"https:\/\/www.sonoraenequipo.com.mx\/#website"},"primaryImageOfPage":{"@id":"https:\/\/www.sonoraenequipo.com.mx\/encienden-alcalde-astiazaran-y-familia-decoracion-navidena\/#primaryimage"},"image":{"@id":"https:\/\/www.sonoraenequipo.com.mx\/encienden-alcalde-astiazaran-y-familia-decoracion-navidena\/#primaryimage"},"thumbnailUrl":"https:\/\/www.sonoraenequipo.com.mx\/storage\/2021\/11\/tono-arbol.jpg","datePublished":"2021-11-27T03:03:14+00:00","description":"Encienden Alcalde Astiazar\u00e1n y familia decoraci\u00f3n navide\u00f1a &nbsp; &nbsp; HERMOSILLO, SONORA,MX.\u2500\u2500 En compa\u00f1\u00eda del hu\u00e9sped honorario de la ciudad, Miguel En Sonora en Equipo publicamos toda la informaci\u00f3n de Sonora, M\u00e9xico y el Mundo de manera oportuna y busca que la libertad de expresi\u00f3n sea real. Visita nuestro medio informativo publicado desde Hermosillo, Sonora. %","breadcrumb":{"@id":"https:\/\/www.sonoraenequipo.com.mx\/encienden-alcalde-astiazaran-y-familia-decoracion-navidena\/#breadcrumb"},"inLanguage":"es","potentialAction":[{"@type":"ReadAction","target":["https:\/\/www.sonoraenequipo.com.mx\/encienden-alcalde-astiazaran-y-familia-decoracion-navidena\/"]}]},{"@type":"ImageObject","inLanguage":"es","@id":"https:\/\/www.sonoraenequipo.com.mx\/encienden-alcalde-astiazaran-y-familia-decoracion-navidena\/#primaryimage","url":"https:\/\/www.sonoraenequipo.com.mx\/storage\/2021\/11\/tono-arbol.jpg","contentUrl":"https:\/\/www.sonoraenequipo.com.mx\/storage\/2021\/11\/tono-arbol.jpg","width":700,"height":400},{"@type":"BreadcrumbList","@id":"https:\/\/www.sonoraenequipo.com.mx\/encienden-alcalde-astiazaran-y-familia-decoracion-navidena\/#breadcrumb","itemListElement":[{"@type":"ListItem","position":1,"name":"Portada","item":"https:\/\/www.sonoraenequipo.com.mx\/"},{"@type":"ListItem","position":2,"name":"Encienden Alcalde Astiazar\u00e1n y familia decoraci\u00f3n navide\u00f1a"}]},{"@type":"WebSite","@id":"https:\/\/www.sonoraenequipo.com.mx\/#website","url":"https:\/\/www.sonoraenequipo.com.mx\/","name":"Sonora en Equipo.","description":"Diario en l\u00ednea con Noticias desde Hermosillo, Sonora","publisher":{"@id":"https:\/\/www.sonoraenequipo.com.mx\/#organization"},"potentialAction":[{"@type":"SearchAction","target":{"@type":"EntryPoint","urlTemplate":"https:\/\/www.sonoraenequipo.com.mx\/?s={search_term_string}"},"query-input":{"@type":"PropertyValueSpecification","valueRequired":true,"valueName":"search_term_string"}}],"inLanguage":"es"},{"@type":"Organization","@id":"https:\/\/www.sonoraenequipo.com.mx\/#organization","name":"Sonoraenequipo.com.mx","url":"https:\/\/www.sonoraenequipo.com.mx\/","logo":{"@type":"ImageObject","inLanguage":"es","@id":"https:\/\/www.sonoraenequipo.com.mx\/#\/schema\/logo\/image\/","url":"https:\/\/www.sonoraenequipo.com.mx\/storage\/2019\/01\/sonoraenequipo_opt.png","contentUrl":"https:\/\/www.sonoraenequipo.com.mx\/storage\/2019\/01\/sonoraenequipo_opt.png","width":375,"height":125,"caption":"Sonoraenequipo.com.mx"},"image":{"@id":"https:\/\/www.sonoraenequipo.com.mx\/#\/schema\/logo\/image\/"},"sameAs":["https:\/\/www.facebook.com\/SonoraEE\/","https:\/\/x.com\/sonoraenequipo","https:\/\/www.youtube.com\/channel\/UC338nW-lPEYmJQs4ZABQ1SQ"]},{"@type":"Person","@id":"https:\/\/www.sonoraenequipo.com.mx\/#\/schema\/person\/50102df0fb23a8fa9e8effad8fa81386","name":"enequipo","image":{"@type":"ImageObject","inLanguage":"es","@id":"https:\/\/www.sonoraenequipo.com.mx\/#\/schema\/person\/image\/","url":"https:\/\/secure.gravatar.com\/avatar\/049821681b589dabc0bc20695993ccebb09f5b5d4d790cd9251b97faac7c652b?s=96&d=blank&r=g","contentUrl":"https:\/\/secure.gravatar.com\/avatar\/049821681b589dabc0bc20695993ccebb09f5b5d4d790cd9251b97faac7c652b?s=96&d=blank&r=g","caption":"enequipo"},"sameAs":["https:\/\/www.facebook.com\/SonoraEE"]}]}},"jetpack_featured_media_url":"https:\/\/www.sonoraenequipo.com.mx\/storage\/2021\/11\/tono-arbol.jpg","_links":{"self":[{"href":"https:\/\/www.sonoraenequipo.com.mx\/api\/wp\/v2\/posts\/128396","targetHints":{"allow":["GET"]}}],"collection":[{"href":"https:\/\/www.sonoraenequipo.com.mx\/api\/wp\/v2\/posts"}],"about":[{"href":"https:\/\/www.sonoraenequipo.com.mx\/api\/wp\/v2\/types\/post"}],"author":[{"embeddable":true,"href":"https:\/\/www.sonoraenequipo.com.mx\/api\/wp\/v2\/users\/1"}],"replies":[{"embeddable":true,"href":"https:\/\/www.sonoraenequipo.com.mx\/api\/wp\/v2\/comments?post=128396"}],"version-history":[{"count":1,"href":"https:\/\/www.sonoraenequipo.com.mx\/api\/wp\/v2\/posts\/128396\/revisions"}],"predecessor-version":[{"id":128398,"href":"https:\/\/www.sonoraenequipo.com.mx\/api\/wp\/v2\/posts\/128396\/revisions\/128398"}],"wp:featuredmedia":[{"embeddable":true,"href":"https:\/\/www.sonoraenequipo.com.mx\/api\/wp\/v2\/media\/128397"}],"wp:attachment":[{"href":"https:\/\/www.sonoraenequipo.com.mx\/api\/wp\/v2\/media?parent=128396"}],"wp:term":[{"taxonomy":"category","embeddable":true,"href":"https:\/\/www.sonoraenequipo.com.mx\/api\/wp\/v2\/categories?post=128396"},{"taxonomy":"post_tag","embeddable":true,"href":"https:\/\/www.sonoraenequipo.com.mx\/api\/wp\/v2\/tags?post=128396"}],"curies":[{"name":"wp","href":"https:\/\/api.w.org\/{rel}","templated":true}]}}