{"id":128426,"date":"2021-11-27T09:15:56","date_gmt":"2021-11-27T16:15:56","guid":{"rendered":"https:\/\/www.sonoraenequipo.com.mx\/?p=128426"},"modified":"2021-11-27T13:33:33","modified_gmt":"2021-11-27T20:33:33","slug":"la-variante-omicron-ha-llevado-a-muchos-paises-a-suspender-los-vuelos-con-africa-austral","status":"publish","type":"post","link":"https:\/\/www.sonoraenequipo.com.mx\/la-variante-omicron-ha-llevado-a-muchos-paises-a-suspender-los-vuelos-con-africa-austral\/","title":{"rendered":"La variante \u00d3micron ha llevado a muchos pa\u00edses a suspender los vuelos con \u00c1frica austral"},"content":{"rendered":"<p>MADRID, ESPA\u00d1A.\u00a0 \u2014 Aumenta el n\u00famero de pa\u00edses que intentan blindarse frente a \u00d3micron, la nueva variante de coronavirus, con la prohibici\u00f3n de vuelos desde las naciones de \u00c1frica austral donde se cree que ya circula, aunque tambi\u00e9n se incrementan las sospechas de que dicha variante puede haber llegado ya a otras zonas.<\/p>\n<p>&nbsp;<\/p>\n<p> <\/p>\n<p>&nbsp;<\/p>\n<p>Mientras tanto, el Gobierno sudafricano se siente \u201ccastigado\u201d, ya que considera que las restricciones a los vuelos procedentes de su territorio en el fondo lo que hacen es penalizar su avanzada capacidad para detectar variantes m\u00e1s r\u00e1pido que otros.<\/p>\n<p>&nbsp;<\/p>\n<p>La variante \u00d3micron, que ha llevado a muchos pa\u00edses a suspender los vuelos con \u00c1frica austral, preocupa a la Organizaci\u00f3n Mundial de la Salud (OMS) por el alto n\u00famero de mutaciones que presenta, pues en apenas dos semanas se han detectado ya una treintena, con casos confirmados no s\u00f3lo en Sud\u00e1frica sino tambi\u00e9n en la vecina Botsuana, en Hong Kong o en B\u00e9lgica.<\/p>\n<p>&nbsp;<\/p>\n<p>Al menos 61 pasajeros de dos vuelos procedentes de Sud\u00e1frica han dado esta noche positivo en coronavirus despu\u00e9s de aterrizar en \u00c1msterdam, donde se les someti\u00f3 a una PCR al llegar a Pa\u00edses Bajos cuando ya entr\u00f3 en vigor la prohibici\u00f3n de vuelos desde pa\u00edses del sur de \u00c1frica, aunque todav\u00eda se est\u00e1 estudiando si portan la nueva variante \u00d3micron.<\/p>\n<p>&nbsp;<\/p>\n<p>Un equipo sanitario acudi\u00f3 al aeropuerto de \u00c1msterdam, donde hab\u00eda aterrizado un vuelo procedente de Johannesburgo y otro de Ciudad del Cabo, para someter a sus 600 pasajeros a un test, en aplicaci\u00f3n de una restricci\u00f3n neerlandesa del tr\u00e1fico a\u00e9reo procedente del sur de \u00c1frica por temores a la nueva cepa.<\/p>\n<p>&nbsp;<\/p>\n<p>Los pasajeros contagiados est\u00e1n aislados en un hotel cercano al aeropuerto, mientras se analiza si lo est\u00e1n con la nueva variante.<\/p>\n<p>&nbsp;<\/p>\n<p>Aunque el ministro de Sanidad, Hugo de Jonge, ha subrayado que la nueva mutaci\u00f3n todav\u00eda no hab\u00eda sido detectada oficialmente en Pa\u00edses Bajos, s\u00ed dijo que, por lo que se sabe de otras variantes, la situaci\u00f3n puede cambiar con rapidez y por ello hay que \u201c<em>ralentizar la llegada de esta variante tanto como sea posible\u201d.<\/em><\/p>\n<p>&nbsp;<\/p>\n<p>En Alemania tambi\u00e9n est\u00e1n alerta: la variante \u00d3micron muy probablemente ha llegado ya al pa\u00eds, seg\u00fan ha informado el ministro de Asuntos Sociales del estado federado de Hesse, Kai Klose, porque han sido detectadas mutaciones caracter\u00edsticas en un viajero procedente del \u00c1frica austral.<\/p>\n<p>&nbsp;<\/p>\n<p><em>\u201cUn viajero procedente de Sud\u00e1frica presentaba anoche varias mutaciones caracter\u00edsticas de \u00d3micron. Existe por lo tanto una sospecha elevada. La persona en cuesti\u00f3n se encuentra en aislamiento domiciliario\u201d<\/em>, precis\u00f3 el ministro.<\/p>\n<p>&nbsp;<\/p>\n<h3>M\u00e1s pa\u00edses se blindan<\/h3>\n<p>&nbsp;<\/p>\n<p>M\u00e1s pa\u00edses se siguen sumando a la UE y EE.UU. a la hora de restringir viajes procedentes de la zona de \u00c1frica austral donde se cree que circula la nueva variante.<\/p>\n<p>&nbsp;<\/p>\n<p>Australia anunci\u00f3 este s\u00e1bado que restringir\u00e1 la entrada en su territorio a viajeros que hayan visitado en las \u00faltimas dos semanas nueve pa\u00edses africanos.<\/p>\n<p>&nbsp;<\/p>\n<p>El Ministerio de Salud indic\u00f3 en un comunicado que la medida, de aplicaci\u00f3n inmediata, supone la prohibici\u00f3n de entrada en el pa\u00eds para aquellos viajeros no australianos ni residentes que hayan visitado en los \u00faltimos 14 d\u00edas Sud\u00e1frica, Namibia, Zimbabue, Botsuana, Lesoto, Suazilandia, Malaui, Mozambique o las Islas Seychelles.<\/p>\n<p>&nbsp;<\/p>\n<p><em>\u201cSi las pruebas m\u00e9dicas muestran que hacen falta m\u00e1s acciones, no dudaremos en tomarlas. Y eso podr\u00eda implicar reforzar o expandir las restricciones\u201d,<\/em> dijo a los medios el ministro de Salud, Greg Hunt.<\/p>\n<p>&nbsp;<\/p>\n<p>Tambi\u00e9n Turqu\u00eda. A causa del aumento de casos de la nueva variante del coronavirus,<em> \u201cno se dar\u00e1 permiso de entrada a partir de esta noche a quienes lleguen a nuestro pa\u00eds por tierra, mar, aire o ferrocarril desde Botsuana, Sud\u00e1frica, Mozambique, Namibia y Zimbabue\u201d<\/em>, tuite\u00f3 el ministro de Salud, Fahrettin Koca.<\/p>\n<p>&nbsp;<\/p>\n<p>Khairy Jamaluddin, ministro de Salud de Malasia, anunci\u00f3 en su cuenta de Twitter que a partir de este s\u00e1bado los malasios no podr\u00e1n viajar a Sud\u00e1frica, Namibia, Zimbabue, Botsuana, Lesoto, Sualizandia y Mozambique, y que los viajeros no nacionales ni residentes que hayan pisado esos pa\u00edses en los \u00faltimos 14 d\u00edas tienen prohibida la entrada en el pa\u00eds.<\/p>\n<p>&nbsp;<\/p>\n<p>El Gobierno de Brasil inform\u00f3 este viernes de que cerrar\u00e1 sus fronteras a\u00e9reas a partir del lunes pr\u00f3ximo a viajeros procedentes de Sud\u00e1frica, Botsuana, Lesoto, Namibia, Zimbabue y Esuatini (antigua Suazilandia), seg\u00fan explic\u00f3 el ministro de la Presidencia, Ciro Nogueira.<\/p>\n<p>&nbsp;<\/p>\n<p>Adem\u00e1s de Brasil, la Rep\u00fablica Dominicana y Guatemala han anunciado que restringen los viajes a pa\u00edses de \u00c1frica austral.<\/p>\n<p>&nbsp;<\/p>\n<h3>Sud\u00c1frica se siente castigada<\/h3>\n<p>&nbsp;<\/p>\n<p>El Gobierno de Sud\u00e1frica afirm\u00f3 este s\u00e1bado que la cascada de prohibiciones internacionales dr\u00e1sticas tras la detecci\u00f3n de la variante \u00d3micron es \u201ccomo castigar\u201d al pa\u00eds por su avanzada vigilancia cient\u00edfica.<\/p>\n<p>&nbsp;<\/p>\n<p><em>\u201cEsta \u00faltima ronda de prohibiciones de viaje es como castigar a Sud\u00e1frica por su avanzada secuenciaci\u00f3n gen\u00f3mica y por su capacidad para detectar variantes m\u00e1s r\u00e1pido. Una ciencia excelente deber\u00eda ser aplaudida, no castigada\u201d<\/em>, subray\u00f3 el Ejecutivo sudafricano este s\u00e1bado a trav\u00e9s de un comunicado de su Ministerio de Relaciones Internacionales y Cooperaci\u00f3n.<\/p>\n<p>&nbsp;<\/p>\n<p>&nbsp;<\/p>\n<p>(Publicada el 27\/11\/2021 \/EFE)<\/p>\n","protected":false},"excerpt":{"rendered":"<p>MADRID, ESPA\u00d1A.\u00a0 \u2014 Aumenta el n\u00famero de pa\u00edses que intentan blindarse frente a \u00d3micron, la&#8230;<\/p>\n","protected":false},"author":1,"featured_media":128413,"comment_status":"open","ping_status":"open","sticky":false,"template":"","format":"standard","meta":{"_monsterinsights_skip_tracking":false,"_monsterinsights_sitenote_active":false,"_monsterinsights_sitenote_note":"","_monsterinsights_sitenote_category":0,"footnotes":""},"categories":[2216],"tags":[],"class_list":["post"],"yoast_head":" \n<title>Sonora en Equipo. La variante \u00d3micron ha llevado a muchos pa\u00edses a suspender los vuelos con \u00c1frica austral Ciencia y Tecnolog\u00eda<\/title>\n<meta name=\"description\" content=\"MADRID, ESPA\u00d1A.\u00a0 \u2014 Aumenta el n\u00famero de pa\u00edses que intentan blindarse frente a \u00d3micron, la nueva variante de coronavirus, con la prohibici\u00f3n de vuelos En Sonora en Equipo publicamos toda la informaci\u00f3n de Sonora, M\u00e9xico y el Mundo de manera oportuna y busca que la libertad de expresi\u00f3n sea real. Visita nuestro medio informativo publicado desde Hermosillo, Sonora. %\" \/>\n<meta name=\"robots\" content=\"index, follow, max-snippet:-1, max-image-preview:large, max-video-preview:-1\" \/>\n<link rel=\"canonical\" href=\"https:\/\/www.sonoraenequipo.com.mx\/la-variante-omicron-ha-llevado-a-muchos-paises-a-suspender-los-vuelos-con-africa-austral\/\" \/>\n<meta property=\"og:locale\" content=\"es_ES\" \/>\n<meta property=\"og:type\" content=\"article\" \/>\n<meta property=\"og:title\" content=\"Sonora en Equipo. La variante \u00d3micron ha llevado a muchos pa\u00edses a suspender los vuelos con \u00c1frica austral Ciencia y Tecnolog\u00eda\" \/>\n<meta property=\"og:description\" content=\"MADRID, ESPA\u00d1A.\u00a0 \u2014 Aumenta el n\u00famero de pa\u00edses que intentan blindarse frente a \u00d3micron, la nueva variante de coronavirus, con la prohibici\u00f3n de vuelos En Sonora en Equipo publicamos toda la informaci\u00f3n de Sonora, M\u00e9xico y el Mundo de manera oportuna y busca que la libertad de expresi\u00f3n sea real. Visita nuestro medio informativo publicado desde Hermosillo, Sonora. %\" \/>\n<meta property=\"og:url\" content=\"https:\/\/www.sonoraenequipo.com.mx\/la-variante-omicron-ha-llevado-a-muchos-paises-a-suspender-los-vuelos-con-africa-austral\/\" \/>\n<meta property=\"og:site_name\" content=\"Sonora en Equipo.\" \/>\n<meta property=\"article:publisher\" content=\"https:\/\/www.facebook.com\/SonoraEE\/\" \/>\n<meta property=\"article:author\" content=\"https:\/\/www.facebook.com\/SonoraEE\" \/>\n<meta property=\"article:published_time\" content=\"2021-11-27T16:15:56+00:00\" \/>\n<meta property=\"article:modified_time\" content=\"2021-11-27T20:33:33+00:00\" \/>\n<meta property=\"og:image\" content=\"https:\/\/www.sonoraenequipo.com.mx\/storage\/2021\/11\/variante-de-covid-genera-temor-en-el-mundo_opt.jpg\" \/>\n\t<meta property=\"og:image:width\" content=\"700\" \/>\n\t<meta property=\"og:image:height\" content=\"400\" \/>\n\t<meta property=\"og:image:type\" content=\"image\/jpeg\" \/>\n<meta name=\"author\" content=\"enequipo\" \/>\n<meta name=\"twitter:card\" content=\"summary_large_image\" \/>\n<meta name=\"twitter:creator\" content=\"@sonoraenequipo\" \/>\n<meta name=\"twitter:site\" content=\"@sonoraenequipo\" \/>\n<meta name=\"twitter:label1\" content=\"Escrito por\" \/>\n\t<meta name=\"twitter:data1\" content=\"enequipo\" \/>\n\t<meta name=\"twitter:label2\" content=\"Tiempo de lectura\" \/>\n\t<meta name=\"twitter:data2\" content=\"5 minutos\" \/>\n<script type=\"application\/ld+json\" class=\"yoast-schema-graph\">{\"@context\":\"https:\/\/schema.org\",\"@graph\":[{\"@type\":\"Article\",\"@id\":\"https:\/\/www.sonoraenequipo.com.mx\/la-variante-omicron-ha-llevado-a-muchos-paises-a-suspender-los-vuelos-con-africa-austral\/#article\",\"isPartOf\":{\"@id\":\"https:\/\/www.sonoraenequipo.com.mx\/la-variante-omicron-ha-llevado-a-muchos-paises-a-suspender-los-vuelos-con-africa-austral\/\"},\"author\":{\"name\":\"enequipo\",\"@id\":\"https:\/\/www.sonoraenequipo.com.mx\/#\/schema\/person\/50102df0fb23a8fa9e8effad8fa81386\"},\"headline\":\"La variante \u00d3micron ha llevado a muchos pa\u00edses a suspender los vuelos con \u00c1frica austral\",\"datePublished\":\"2021-11-27T16:15:56+00:00\",\"dateModified\":\"2021-11-27T20:33:33+00:00\",\"mainEntityOfPage\":{\"@id\":\"https:\/\/www.sonoraenequipo.com.mx\/la-variante-omicron-ha-llevado-a-muchos-paises-a-suspender-los-vuelos-con-africa-austral\/\"},\"wordCount\":938,\"commentCount\":0,\"publisher\":{\"@id\":\"https:\/\/www.sonoraenequipo.com.mx\/#organization\"},\"image\":{\"@id\":\"https:\/\/www.sonoraenequipo.com.mx\/la-variante-omicron-ha-llevado-a-muchos-paises-a-suspender-los-vuelos-con-africa-austral\/#primaryimage\"},\"thumbnailUrl\":\"https:\/\/www.sonoraenequipo.com.mx\/storage\/2021\/11\/variante-de-covid-genera-temor-en-el-mundo_opt.jpg\",\"articleSection\":[\"Ciencia y Tecnolog\u00eda\"],\"inLanguage\":\"es\",\"potentialAction\":[{\"@type\":\"CommentAction\",\"name\":\"Comment\",\"target\":[\"https:\/\/www.sonoraenequipo.com.mx\/la-variante-omicron-ha-llevado-a-muchos-paises-a-suspender-los-vuelos-con-africa-austral\/#respond\"]}]},{\"@type\":\"WebPage\",\"@id\":\"https:\/\/www.sonoraenequipo.com.mx\/la-variante-omicron-ha-llevado-a-muchos-paises-a-suspender-los-vuelos-con-africa-austral\/\",\"url\":\"https:\/\/www.sonoraenequipo.com.mx\/la-variante-omicron-ha-llevado-a-muchos-paises-a-suspender-los-vuelos-con-africa-austral\/\",\"name\":\"Sonora en Equipo. La variante \u00d3micron ha llevado a muchos pa\u00edses a suspender los vuelos con \u00c1frica austral Ciencia y Tecnolog\u00eda\",\"isPartOf\":{\"@id\":\"https:\/\/www.sonoraenequipo.com.mx\/#website\"},\"primaryImageOfPage\":{\"@id\":\"https:\/\/www.sonoraenequipo.com.mx\/la-variante-omicron-ha-llevado-a-muchos-paises-a-suspender-los-vuelos-con-africa-austral\/#primaryimage\"},\"image\":{\"@id\":\"https:\/\/www.sonoraenequipo.com.mx\/la-variante-omicron-ha-llevado-a-muchos-paises-a-suspender-los-vuelos-con-africa-austral\/#primaryimage\"},\"thumbnailUrl\":\"https:\/\/www.sonoraenequipo.com.mx\/storage\/2021\/11\/variante-de-covid-genera-temor-en-el-mundo_opt.jpg\",\"datePublished\":\"2021-11-27T16:15:56+00:00\",\"dateModified\":\"2021-11-27T20:33:33+00:00\",\"description\":\"MADRID, ESPA\u00d1A.\u00a0 \u2014 Aumenta el n\u00famero de pa\u00edses que intentan blindarse frente a \u00d3micron, la nueva variante de coronavirus, con la prohibici\u00f3n de vuelos En Sonora en Equipo publicamos toda la informaci\u00f3n de Sonora, M\u00e9xico y el Mundo de manera oportuna y busca que la libertad de expresi\u00f3n sea real. Visita nuestro medio informativo publicado desde Hermosillo, Sonora. %\",\"breadcrumb\":{\"@id\":\"https:\/\/www.sonoraenequipo.com.mx\/la-variante-omicron-ha-llevado-a-muchos-paises-a-suspender-los-vuelos-con-africa-austral\/#breadcrumb\"},\"inLanguage\":\"es\",\"potentialAction\":[{\"@type\":\"ReadAction\",\"target\":[\"https:\/\/www.sonoraenequipo.com.mx\/la-variante-omicron-ha-llevado-a-muchos-paises-a-suspender-los-vuelos-con-africa-austral\/\"]}]},{\"@type\":\"ImageObject\",\"inLanguage\":\"es\",\"@id\":\"https:\/\/www.sonoraenequipo.com.mx\/la-variante-omicron-ha-llevado-a-muchos-paises-a-suspender-los-vuelos-con-africa-austral\/#primaryimage\",\"url\":\"https:\/\/www.sonoraenequipo.com.mx\/storage\/2021\/11\/variante-de-covid-genera-temor-en-el-mundo_opt.jpg\",\"contentUrl\":\"https:\/\/www.sonoraenequipo.com.mx\/storage\/2021\/11\/variante-de-covid-genera-temor-en-el-mundo_opt.jpg\",\"width\":700,\"height\":400},{\"@type\":\"BreadcrumbList\",\"@id\":\"https:\/\/www.sonoraenequipo.com.mx\/la-variante-omicron-ha-llevado-a-muchos-paises-a-suspender-los-vuelos-con-africa-austral\/#breadcrumb\",\"itemListElement\":[{\"@type\":\"ListItem\",\"position\":1,\"name\":\"Portada\",\"item\":\"https:\/\/www.sonoraenequipo.com.mx\/\"},{\"@type\":\"ListItem\",\"position\":2,\"name\":\"La variante \u00d3micron ha llevado a muchos pa\u00edses a suspender los vuelos con \u00c1frica austral\"}]},{\"@type\":\"WebSite\",\"@id\":\"https:\/\/www.sonoraenequipo.com.mx\/#website\",\"url\":\"https:\/\/www.sonoraenequipo.com.mx\/\",\"name\":\"Sonora en Equipo.\",\"description\":\"Diario en l\u00ednea con Noticias desde Hermosillo, Sonora\",\"publisher\":{\"@id\":\"https:\/\/www.sonoraenequipo.com.mx\/#organization\"},\"potentialAction\":[{\"@type\":\"SearchAction\",\"target\":{\"@type\":\"EntryPoint\",\"urlTemplate\":\"https:\/\/www.sonoraenequipo.com.mx\/?s={search_term_string}\"},\"query-input\":{\"@type\":\"PropertyValueSpecification\",\"valueRequired\":true,\"valueName\":\"search_term_string\"}}],\"inLanguage\":\"es\"},{\"@type\":\"Organization\",\"@id\":\"https:\/\/www.sonoraenequipo.com.mx\/#organization\",\"name\":\"Sonoraenequipo.com.mx\",\"url\":\"https:\/\/www.sonoraenequipo.com.mx\/\",\"logo\":{\"@type\":\"ImageObject\",\"inLanguage\":\"es\",\"@id\":\"https:\/\/www.sonoraenequipo.com.mx\/#\/schema\/logo\/image\/\",\"url\":\"https:\/\/www.sonoraenequipo.com.mx\/storage\/2019\/01\/sonoraenequipo_opt.png\",\"contentUrl\":\"https:\/\/www.sonoraenequipo.com.mx\/storage\/2019\/01\/sonoraenequipo_opt.png\",\"width\":375,\"height\":125,\"caption\":\"Sonoraenequipo.com.mx\"},\"image\":{\"@id\":\"https:\/\/www.sonoraenequipo.com.mx\/#\/schema\/logo\/image\/\"},\"sameAs\":[\"https:\/\/www.facebook.com\/SonoraEE\/\",\"https:\/\/x.com\/sonoraenequipo\",\"https:\/\/www.youtube.com\/channel\/UC338nW-lPEYmJQs4ZABQ1SQ\"]},{\"@type\":\"Person\",\"@id\":\"https:\/\/www.sonoraenequipo.com.mx\/#\/schema\/person\/50102df0fb23a8fa9e8effad8fa81386\",\"name\":\"enequipo\",\"image\":{\"@type\":\"ImageObject\",\"inLanguage\":\"es\",\"@id\":\"https:\/\/www.sonoraenequipo.com.mx\/#\/schema\/person\/image\/\",\"url\":\"https:\/\/secure.gravatar.com\/avatar\/049821681b589dabc0bc20695993ccebb09f5b5d4d790cd9251b97faac7c652b?s=96&d=blank&r=g\",\"contentUrl\":\"https:\/\/secure.gravatar.com\/avatar\/049821681b589dabc0bc20695993ccebb09f5b5d4d790cd9251b97faac7c652b?s=96&d=blank&r=g\",\"caption\":\"enequipo\"},\"sameAs\":[\"https:\/\/www.facebook.com\/SonoraEE\"]}]}<\/script>\n ","yoast_head_json":{"title":"Sonora en Equipo. La variante \u00d3micron ha llevado a muchos pa\u00edses a suspender los vuelos con \u00c1frica austral Ciencia y Tecnolog\u00eda","description":"MADRID, ESPA\u00d1A.\u00a0 \u2014 Aumenta el n\u00famero de pa\u00edses que intentan blindarse frente a \u00d3micron, la nueva variante de coronavirus, con la prohibici\u00f3n de vuelos En Sonora en Equipo publicamos toda la informaci\u00f3n de Sonora, M\u00e9xico y el Mundo de manera oportuna y busca que la libertad de expresi\u00f3n sea real. Visita nuestro medio informativo publicado desde Hermosillo, Sonora. %","robots":{"index":"index","follow":"follow","max-snippet":"max-snippet:-1","max-image-preview":"max-image-preview:large","max-video-preview":"max-video-preview:-1"},"canonical":"https:\/\/www.sonoraenequipo.com.mx\/la-variante-omicron-ha-llevado-a-muchos-paises-a-suspender-los-vuelos-con-africa-austral\/","og_locale":"es_ES","og_type":"article","og_title":"Sonora en Equipo. La variante \u00d3micron ha llevado a muchos pa\u00edses a suspender los vuelos con \u00c1frica austral Ciencia y Tecnolog\u00eda","og_description":"MADRID, ESPA\u00d1A.\u00a0 \u2014 Aumenta el n\u00famero de pa\u00edses que intentan blindarse frente a \u00d3micron, la nueva variante de coronavirus, con la prohibici\u00f3n de vuelos En Sonora en Equipo publicamos toda la informaci\u00f3n de Sonora, M\u00e9xico y el Mundo de manera oportuna y busca que la libertad de expresi\u00f3n sea real. Visita nuestro medio informativo publicado desde Hermosillo, Sonora. %","og_url":"https:\/\/www.sonoraenequipo.com.mx\/la-variante-omicron-ha-llevado-a-muchos-paises-a-suspender-los-vuelos-con-africa-austral\/","og_site_name":"Sonora en Equipo.","article_publisher":"https:\/\/www.facebook.com\/SonoraEE\/","article_author":"https:\/\/www.facebook.com\/SonoraEE","article_published_time":"2021-11-27T16:15:56+00:00","article_modified_time":"2021-11-27T20:33:33+00:00","og_image":[{"width":700,"height":400,"url":"https:\/\/www.sonoraenequipo.com.mx\/storage\/2021\/11\/variante-de-covid-genera-temor-en-el-mundo_opt.jpg","type":"image\/jpeg"}],"author":"enequipo","twitter_card":"summary_large_image","twitter_creator":"@sonoraenequipo","twitter_site":"@sonoraenequipo","twitter_misc":{"Escrito por":"enequipo","Tiempo de lectura":"5 minutos"},"schema":{"@context":"https:\/\/schema.org","@graph":[{"@type":"Article","@id":"https:\/\/www.sonoraenequipo.com.mx\/la-variante-omicron-ha-llevado-a-muchos-paises-a-suspender-los-vuelos-con-africa-austral\/#article","isPartOf":{"@id":"https:\/\/www.sonoraenequipo.com.mx\/la-variante-omicron-ha-llevado-a-muchos-paises-a-suspender-los-vuelos-con-africa-austral\/"},"author":{"name":"enequipo","@id":"https:\/\/www.sonoraenequipo.com.mx\/#\/schema\/person\/50102df0fb23a8fa9e8effad8fa81386"},"headline":"La variante \u00d3micron ha llevado a muchos pa\u00edses a suspender los vuelos con \u00c1frica austral","datePublished":"2021-11-27T16:15:56+00:00","dateModified":"2021-11-27T20:33:33+00:00","mainEntityOfPage":{"@id":"https:\/\/www.sonoraenequipo.com.mx\/la-variante-omicron-ha-llevado-a-muchos-paises-a-suspender-los-vuelos-con-africa-austral\/"},"wordCount":938,"commentCount":0,"publisher":{"@id":"https:\/\/www.sonoraenequipo.com.mx\/#organization"},"image":{"@id":"https:\/\/www.sonoraenequipo.com.mx\/la-variante-omicron-ha-llevado-a-muchos-paises-a-suspender-los-vuelos-con-africa-austral\/#primaryimage"},"thumbnailUrl":"https:\/\/www.sonoraenequipo.com.mx\/storage\/2021\/11\/variante-de-covid-genera-temor-en-el-mundo_opt.jpg","articleSection":["Ciencia y Tecnolog\u00eda"],"inLanguage":"es","potentialAction":[{"@type":"CommentAction","name":"Comment","target":["https:\/\/www.sonoraenequipo.com.mx\/la-variante-omicron-ha-llevado-a-muchos-paises-a-suspender-los-vuelos-con-africa-austral\/#respond"]}]},{"@type":"WebPage","@id":"https:\/\/www.sonoraenequipo.com.mx\/la-variante-omicron-ha-llevado-a-muchos-paises-a-suspender-los-vuelos-con-africa-austral\/","url":"https:\/\/www.sonoraenequipo.com.mx\/la-variante-omicron-ha-llevado-a-muchos-paises-a-suspender-los-vuelos-con-africa-austral\/","name":"Sonora en Equipo. La variante \u00d3micron ha llevado a muchos pa\u00edses a suspender los vuelos con \u00c1frica austral Ciencia y Tecnolog\u00eda","isPartOf":{"@id":"https:\/\/www.sonoraenequipo.com.mx\/#website"},"primaryImageOfPage":{"@id":"https:\/\/www.sonoraenequipo.com.mx\/la-variante-omicron-ha-llevado-a-muchos-paises-a-suspender-los-vuelos-con-africa-austral\/#primaryimage"},"image":{"@id":"https:\/\/www.sonoraenequipo.com.mx\/la-variante-omicron-ha-llevado-a-muchos-paises-a-suspender-los-vuelos-con-africa-austral\/#primaryimage"},"thumbnailUrl":"https:\/\/www.sonoraenequipo.com.mx\/storage\/2021\/11\/variante-de-covid-genera-temor-en-el-mundo_opt.jpg","datePublished":"2021-11-27T16:15:56+00:00","dateModified":"2021-11-27T20:33:33+00:00","description":"MADRID, ESPA\u00d1A.\u00a0 \u2014 Aumenta el n\u00famero de pa\u00edses que intentan blindarse frente a \u00d3micron, la nueva variante de coronavirus, con la prohibici\u00f3n de vuelos En Sonora en Equipo publicamos toda la informaci\u00f3n de Sonora, M\u00e9xico y el Mundo de manera oportuna y busca que la libertad de expresi\u00f3n sea real. Visita nuestro medio informativo publicado desde Hermosillo, Sonora. %","breadcrumb":{"@id":"https:\/\/www.sonoraenequipo.com.mx\/la-variante-omicron-ha-llevado-a-muchos-paises-a-suspender-los-vuelos-con-africa-austral\/#breadcrumb"},"inLanguage":"es","potentialAction":[{"@type":"ReadAction","target":["https:\/\/www.sonoraenequipo.com.mx\/la-variante-omicron-ha-llevado-a-muchos-paises-a-suspender-los-vuelos-con-africa-austral\/"]}]},{"@type":"ImageObject","inLanguage":"es","@id":"https:\/\/www.sonoraenequipo.com.mx\/la-variante-omicron-ha-llevado-a-muchos-paises-a-suspender-los-vuelos-con-africa-austral\/#primaryimage","url":"https:\/\/www.sonoraenequipo.com.mx\/storage\/2021\/11\/variante-de-covid-genera-temor-en-el-mundo_opt.jpg","contentUrl":"https:\/\/www.sonoraenequipo.com.mx\/storage\/2021\/11\/variante-de-covid-genera-temor-en-el-mundo_opt.jpg","width":700,"height":400},{"@type":"BreadcrumbList","@id":"https:\/\/www.sonoraenequipo.com.mx\/la-variante-omicron-ha-llevado-a-muchos-paises-a-suspender-los-vuelos-con-africa-austral\/#breadcrumb","itemListElement":[{"@type":"ListItem","position":1,"name":"Portada","item":"https:\/\/www.sonoraenequipo.com.mx\/"},{"@type":"ListItem","position":2,"name":"La variante \u00d3micron ha llevado a muchos pa\u00edses a suspender los vuelos con \u00c1frica austral"}]},{"@type":"WebSite","@id":"https:\/\/www.sonoraenequipo.com.mx\/#website","url":"https:\/\/www.sonoraenequipo.com.mx\/","name":"Sonora en Equipo.","description":"Diario en l\u00ednea con Noticias desde Hermosillo, Sonora","publisher":{"@id":"https:\/\/www.sonoraenequipo.com.mx\/#organization"},"potentialAction":[{"@type":"SearchAction","target":{"@type":"EntryPoint","urlTemplate":"https:\/\/www.sonoraenequipo.com.mx\/?s={search_term_string}"},"query-input":{"@type":"PropertyValueSpecification","valueRequired":true,"valueName":"search_term_string"}}],"inLanguage":"es"},{"@type":"Organization","@id":"https:\/\/www.sonoraenequipo.com.mx\/#organization","name":"Sonoraenequipo.com.mx","url":"https:\/\/www.sonoraenequipo.com.mx\/","logo":{"@type":"ImageObject","inLanguage":"es","@id":"https:\/\/www.sonoraenequipo.com.mx\/#\/schema\/logo\/image\/","url":"https:\/\/www.sonoraenequipo.com.mx\/storage\/2019\/01\/sonoraenequipo_opt.png","contentUrl":"https:\/\/www.sonoraenequipo.com.mx\/storage\/2019\/01\/sonoraenequipo_opt.png","width":375,"height":125,"caption":"Sonoraenequipo.com.mx"},"image":{"@id":"https:\/\/www.sonoraenequipo.com.mx\/#\/schema\/logo\/image\/"},"sameAs":["https:\/\/www.facebook.com\/SonoraEE\/","https:\/\/x.com\/sonoraenequipo","https:\/\/www.youtube.com\/channel\/UC338nW-lPEYmJQs4ZABQ1SQ"]},{"@type":"Person","@id":"https:\/\/www.sonoraenequipo.com.mx\/#\/schema\/person\/50102df0fb23a8fa9e8effad8fa81386","name":"enequipo","image":{"@type":"ImageObject","inLanguage":"es","@id":"https:\/\/www.sonoraenequipo.com.mx\/#\/schema\/person\/image\/","url":"https:\/\/secure.gravatar.com\/avatar\/049821681b589dabc0bc20695993ccebb09f5b5d4d790cd9251b97faac7c652b?s=96&d=blank&r=g","contentUrl":"https:\/\/secure.gravatar.com\/avatar\/049821681b589dabc0bc20695993ccebb09f5b5d4d790cd9251b97faac7c652b?s=96&d=blank&r=g","caption":"enequipo"},"sameAs":["https:\/\/www.facebook.com\/SonoraEE"]}]}},"jetpack_featured_media_url":"https:\/\/www.sonoraenequipo.com.mx\/storage\/2021\/11\/variante-de-covid-genera-temor-en-el-mundo_opt.jpg","_links":{"self":[{"href":"https:\/\/www.sonoraenequipo.com.mx\/api\/wp\/v2\/posts\/128426","targetHints":{"allow":["GET"]}}],"collection":[{"href":"https:\/\/www.sonoraenequipo.com.mx\/api\/wp\/v2\/posts"}],"about":[{"href":"https:\/\/www.sonoraenequipo.com.mx\/api\/wp\/v2\/types\/post"}],"author":[{"embeddable":true,"href":"https:\/\/www.sonoraenequipo.com.mx\/api\/wp\/v2\/users\/1"}],"replies":[{"embeddable":true,"href":"https:\/\/www.sonoraenequipo.com.mx\/api\/wp\/v2\/comments?post=128426"}],"version-history":[{"count":2,"href":"https:\/\/www.sonoraenequipo.com.mx\/api\/wp\/v2\/posts\/128426\/revisions"}],"predecessor-version":[{"id":128428,"href":"https:\/\/www.sonoraenequipo.com.mx\/api\/wp\/v2\/posts\/128426\/revisions\/128428"}],"wp:featuredmedia":[{"embeddable":true,"href":"https:\/\/www.sonoraenequipo.com.mx\/api\/wp\/v2\/media\/128413"}],"wp:attachment":[{"href":"https:\/\/www.sonoraenequipo.com.mx\/api\/wp\/v2\/media?parent=128426"}],"wp:term":[{"taxonomy":"category","embeddable":true,"href":"https:\/\/www.sonoraenequipo.com.mx\/api\/wp\/v2\/categories?post=128426"},{"taxonomy":"post_tag","embeddable":true,"href":"https:\/\/www.sonoraenequipo.com.mx\/api\/wp\/v2\/tags?post=128426"}],"curies":[{"name":"wp","href":"https:\/\/api.w.org\/{rel}","templated":true}]}}